{"id":44868,"date":"2025-06-19T10:23:31","date_gmt":"2025-06-19T10:23:31","guid":{"rendered":"https:\/\/www.evropskakuca.me\/?p=44868"},"modified":"2025-12-11T10:26:15","modified_gmt":"2025-12-11T10:26:15","slug":"otvorena-evropska-kuca-u-baru","status":"publish","type":"post","link":"https:\/\/www.evropskakuca.me\/me\/otvorena-evropska-kuca-u-baru\/","title":{"rendered":"Ambasador Satler sve\u010dano otvorio Evropsku ku\u0107u u Baru"},"content":{"rendered":"\n<p class=\"has-text-align-center\"><strong><em>Novi institucionalni okvir za dijalog sa gra\u0111anima i promociju evropskih vrijednosti<\/em><\/strong><\/p>\n\n\n\n<p class=\"has-text-align-left\">Prisustvo Evropske unije na jugu Crne Gore danas je&nbsp;<strong>oja\u010dano kroz uspostavljanje novog zvani\u010dnog prostora za komunikaciju sa gra\u0111anima<\/strong>, sve\u010danim otvaranjem&nbsp;<strong>Evropske ku\u0107e u Baru<\/strong>. Delegacija Evropske unije u Crnoj Gori, u partnerstvu sa Op\u0161tinom Bar, otvorila je ovu savremenu platformu koja \u0107e slu\u017eiti kao&nbsp;<strong>institucionalni okvir za dijalog, informisanje i gra\u0111anski anga\u017eman<\/strong>.<\/p>\n\n\n\n<p>Na sve\u010danosti otvaranja govorili&nbsp;su&nbsp;<strong>Johan Satler<\/strong>, ambasador Evropske unije u Crnoj Gori,&nbsp;<strong>Maida Gor\u010devi\u0107<\/strong>, ministarka evropskih poslova i&nbsp;<strong>Du\u0161an Rai\u010devi\u0107<\/strong>, predsjednik Op\u0161tine Bar. U svojim obra\u0107anjima istakli su zna\u010daj ja\u010danja institucionalne prisutnosti EU na lokalnom nivou i va\u017enost direktnog dijaloga sa gra\u0111anima u procesu evropske integracije.<\/p>\n\n\n\n<p><strong>Johan Satler, <\/strong>ambasador EU u Crnoj Gori, izjavio je: \u201eEvropska ku\u0107a u Baru nije samo nova adresa \u2013 to je prostor gdje Evropa postaje stvarna, opipljiva i prisutna u \u017eivotima gra\u0111ana ovog grada i \u010ditavog primorja. \u017delimo da evropske vrijednosti, prilike i podr\u0161ka ne budu ne\u0161to daleko, ve\u0107 dio svakodnevnog \u017eivota lokalnih zajednica. Ovo je mjesto susreta, dijaloga i promjena \u2013 va\u017ena ta\u010dka ve\u0107 opipljive evropske budu\u0107nosti, upravo ovdje u Baru.\u201c<\/p>\n\n\n\n<figure class=\"wp-block-image size-large\"><img fetchpriority=\"high\" decoding=\"async\" width=\"1024\" height=\"576\" src=\"https:\/\/www.evropskakuca.me\/wp-content\/uploads\/2025\/06\/bar-5-1024x576.jpg\" alt=\"\" class=\"wp-image-44871\" srcset=\"https:\/\/www.evropskakuca.me\/wp-content\/uploads\/2025\/06\/bar-5-1024x576.jpg 1024w, https:\/\/www.evropskakuca.me\/wp-content\/uploads\/2025\/06\/bar-5-300x169.jpg 300w, https:\/\/www.evropskakuca.me\/wp-content\/uploads\/2025\/06\/bar-5-768x432.jpg 768w, https:\/\/www.evropskakuca.me\/wp-content\/uploads\/2025\/06\/bar-5.jpg 1280w\" sizes=\"(max-width: 1024px) 100vw, 1024px\" \/><\/figure>\n\n\n\n<p><strong>Maida Gor\u010devi\u0107<\/strong>, ministarka evropskih poslova, dodala je: \u201eOtvaranje Evropske ku\u0107e u Baru dolazi u trenutku kada Crna Gora pokazuje punu posve\u0107enost evropskoj integraciji. Ova Vlada je, u kratkom vremenu, vratila evropsku agendu u sredi\u0161te politi\u010dkog djelovanja. To prepoznaju i na\u0161i evropski partneri, koji sa vi\u0161e povjerenja i spremnosti ula\u017eu u institucije, reforme i projekte \u0161irom zemlje. A to vide i gra\u0111ani Crne Gore \u2013 povjerenje u Evropsku uniju \u2013 jedno od najvi\u0161ih u regionu \u2013 pokazuje da smo kao dru\u0161tvo \u010dvrsto opredijeljeni za evropski put. To je dokaz da evropski put nije samo spoljnopoliti\u010dki cilj, ve\u0107 duboka unutra\u0161nja potreba na\u0161eg dru\u0161tva.\u201c<\/p>\n\n\n\n<figure class=\"wp-block-image size-large\"><img decoding=\"async\" width=\"1024\" height=\"576\" src=\"https:\/\/www.evropskakuca.me\/wp-content\/uploads\/2025\/06\/bar-4-1024x576.jpg\" alt=\"\" class=\"wp-image-44873\" srcset=\"https:\/\/www.evropskakuca.me\/wp-content\/uploads\/2025\/06\/bar-4-1024x576.jpg 1024w, https:\/\/www.evropskakuca.me\/wp-content\/uploads\/2025\/06\/bar-4-300x169.jpg 300w, https:\/\/www.evropskakuca.me\/wp-content\/uploads\/2025\/06\/bar-4-768x432.jpg 768w, https:\/\/www.evropskakuca.me\/wp-content\/uploads\/2025\/06\/bar-4.jpg 1280w\" sizes=\"(max-width: 1024px) 100vw, 1024px\" \/><\/figure>\n\n\n\n<p><strong>Du\u0161an Rai\u010devi\u0107<\/strong>, predsjednik Op\u0161tine Bar, istakao je da je Evropska ku\u0107a u Baru potvrda povjerenja koje Evropska unija ukazuje ovom gradu i lokalnoj upravi te da je u isto vrijeme, to i priznanje za posve\u0107enost koju Bar pokazuje u usvajanju i implementaciji evropskih standarda i najboljih praksi. Rai\u010devi\u0107 je kazao da Op\u0161tina Bar ve\u0107 godinama uspje\u0161no sara\u0111uje sa Evropskom unijom kroz 12 evropskih projekata u razli\u010ditim oblastima koje se odnose na odr\u017eivi razvoj, socijalnu inkluziju, o\u010duvanje bogate kulturne i prirodne ba\u0161tine, zelene politike, urbanu mobilnost koji su implementirani ili su u toku, a iznose preko dva miliona eura. \u201eEvropska ku\u0107a je simbol solidarnosti, jednakosti i po\u0161tovanja razli\u010ditosti. Upravo ove vrijednosti koje Evropa ba\u0161tini, su i one koje mi ovdje u Baru ve\u0107 vjekovima \u017eivimo i \u010duvamo. Siguran sam da \u0107e Evropska ku\u0107a biti prostor susreta, razmjene ideja, dijaloga i razvoja. Neka bude most izme\u0111u gra\u0111ana Bara i evropskih institucija, izme\u0111u lokalnog i globalnog, izme\u0111u dana\u0161njih izazova i sjutra\u0161njih rje\u0161enja.\u201c zaklju\u010dio je predsjednik Op\u0161tine Bar.<\/p>\n\n\n\n<figure class=\"wp-block-image size-large\"><img decoding=\"async\" width=\"1024\" height=\"576\" src=\"https:\/\/www.evropskakuca.me\/wp-content\/uploads\/2025\/06\/bar-3-1024x576.jpg\" alt=\"\" class=\"wp-image-44875\" srcset=\"https:\/\/www.evropskakuca.me\/wp-content\/uploads\/2025\/06\/bar-3-1024x576.jpg 1024w, https:\/\/www.evropskakuca.me\/wp-content\/uploads\/2025\/06\/bar-3-300x169.jpg 300w, https:\/\/www.evropskakuca.me\/wp-content\/uploads\/2025\/06\/bar-3-768x432.jpg 768w, https:\/\/www.evropskakuca.me\/wp-content\/uploads\/2025\/06\/bar-3.jpg 1280w\" sizes=\"(max-width: 1024px) 100vw, 1024px\" \/><\/figure>\n\n\n\n<p>Smje\u0161tena u zgradi Radio Bara, na Bulevaru 24. novembra, Evropska ku\u0107a u Baru je zami\u0161ljena kao&nbsp;<strong>otvoren<\/strong><strong> <\/strong><strong>prostor<\/strong>&nbsp;u kojem \u0107e se gra\u0111anima pribli\u017eavati informacije o Evropskoj uniji, njenim politikama, programima i vrijednostima \u2013 kroz edukativne aktivnosti, javne debate, izlo\u017ebe i kulturne sadr\u017eaje. Program otvaranja uklju\u010dio je predstavljanje aktivnosti koje \u0107e se ve\u0107 od sjutra sprovoditi u Evropskoj ku\u0107i.<\/p>\n\n\n\n<p>Otvaranje je&nbsp;<strong>okupilo<\/strong><strong> <\/strong><strong>visoke<\/strong><strong> <\/strong><strong>predstavnike<\/strong><strong> <\/strong><strong>vlasti<\/strong><strong> <\/strong><strong>na<\/strong><strong> <\/strong><strong>dr<\/strong><strong>\u017e<\/strong><strong>avnom<\/strong><strong> <\/strong><strong>i<\/strong><strong> <\/strong><strong>lokalnom<\/strong><strong> <\/strong><strong>nivou<\/strong><strong>, \u010d<\/strong><strong>lanove<\/strong><strong> <\/strong><strong>diplomatskog<\/strong><strong> <\/strong><strong>kora<\/strong><strong>, <\/strong><strong>medije<\/strong><strong>, <\/strong><strong>predstavnike<\/strong><strong> <\/strong><strong>civilnog<\/strong><strong> <\/strong><strong>dru<\/strong><strong>\u0161<\/strong><strong>tva<\/strong><strong> <\/strong><strong>i<\/strong><strong> <\/strong><strong>brojne<\/strong><strong> <\/strong><strong>gra<\/strong><strong>\u0111<\/strong><strong>ane<\/strong>, \u0161to je dodatno potvrdilo va\u017enost ovog doga\u0111aja za ja\u010danje institucionalnog dijaloga i evropske integracije Crne Gore.<\/p>\n\n\n\n<figure class=\"wp-block-gallery has-nested-images columns-default is-cropped wp-block-gallery-1 is-layout-flex wp-block-gallery-is-layout-flex\">\n<figure class=\"wp-block-image size-large\"><img loading=\"lazy\" decoding=\"async\" width=\"1024\" height=\"576\" data-id=\"44877\" src=\"https:\/\/www.evropskakuca.me\/wp-content\/uploads\/2025\/06\/bar-6-1024x576.jpg\" alt=\"\" class=\"wp-image-44877\" srcset=\"https:\/\/www.evropskakuca.me\/wp-content\/uploads\/2025\/06\/bar-6-1024x576.jpg 1024w, https:\/\/www.evropskakuca.me\/wp-content\/uploads\/2025\/06\/bar-6-300x169.jpg 300w, https:\/\/www.evropskakuca.me\/wp-content\/uploads\/2025\/06\/bar-6-768x432.jpg 768w, https:\/\/www.evropskakuca.me\/wp-content\/uploads\/2025\/06\/bar-6.jpg 1280w\" sizes=\"(max-width: 1024px) 100vw, 1024px\" \/><\/figure>\n\n\n\n<figure class=\"wp-block-image size-large\"><img loading=\"lazy\" decoding=\"async\" width=\"1024\" height=\"576\" data-id=\"44879\" src=\"https:\/\/www.evropskakuca.me\/wp-content\/uploads\/2025\/06\/bar-2-1-1024x576.jpg\" alt=\"\" class=\"wp-image-44879\" srcset=\"https:\/\/www.evropskakuca.me\/wp-content\/uploads\/2025\/06\/bar-2-1-1024x576.jpg 1024w, https:\/\/www.evropskakuca.me\/wp-content\/uploads\/2025\/06\/bar-2-1-300x169.jpg 300w, https:\/\/www.evropskakuca.me\/wp-content\/uploads\/2025\/06\/bar-2-1-768x432.jpg 768w, https:\/\/www.evropskakuca.me\/wp-content\/uploads\/2025\/06\/bar-2-1.jpg 1280w\" sizes=\"(max-width: 1024px) 100vw, 1024px\" \/><\/figure>\n<\/figure>\n\n\n\n<p>U zemlji koja te\u017ei \u010dlanstvu u Evropskoj uniji, prisustvo EU u lokalnim zajednicama ima&nbsp;<strong>poseban<\/strong><strong> <\/strong><strong>zna<\/strong><strong>\u010d<\/strong><strong>aj<\/strong>. Evropska integracija nije isklju\u010divo proces koji se odvija na dr\u017eavnom nivou \u2013 ona po\u010diva na aktivnom u\u010de\u0161\u0107u gra\u0111ana u svim dijelovima zemlje.&nbsp;<strong>Evropske ku\u0107e, poput ove u Baru, predstavljaju most izme\u0111u lokalnih sredina i evropskih institucija, omogu\u0107avaju\u0107i gra\u0111anima da se direktno informi\u0161u, uklju\u010de i doprinesu zajedni\u010dkoj evropskoj budu\u0107nosti.<\/strong><\/p>\n\n\n\n<p class=\"has-text-align-left\">Povodom otvaranja Evropske ku\u0107e, Delegacija Evropske unije organizovala je koncert&nbsp;na otvorenom&nbsp;<strong>za gra\u0111ane Bara i brojne posjetioce.<\/strong><br><\/p>\n","protected":false},"excerpt":{"rendered":"<p>Novi institucionalni okvir za dijalog sa gra\u0111anima i promociju evropskih vrijednosti Prisustvo Evropske unije na jugu Crne Gore danas je&nbsp;oja\u010dano kroz uspostavljanje novog zvani\u010dnog prostora za komunikaciju sa gra\u0111anima, sve\u010danim otvaranjem&nbsp;Evropske ku\u0107e u Baru. Delegacija Evropske unije u Crnoj Gori, u partnerstvu sa Op\u0161tinom Bar, otvorila je ovu savremenu platformu koja \u0107e slu\u017eiti kao&nbsp;institucionalni okvir [&hellip;]<\/p>\n","protected":false},"author":3,"featured_media":44869,"comment_status":"closed","ping_status":"closed","sticky":false,"template":"","format":"standard","meta":{"_acf_changed":false,"footnotes":""},"categories":[1197,283,524],"tags":[],"class_list":["post-44868","post","type-post","status-publish","format-standard","has-post-thumbnail","hentry","category-bar-me","category-novosti-me","category-vesti"],"acf":[],"yoast_head":"<!-- This site is optimized with the Yoast SEO plugin v27.3 - https:\/\/yoast.com\/product\/yoast-seo-wordpress\/ -->\n<title>Ambasador Satler sve\u010dano otvorio Evropsku ku\u0107u u Baru - Europe House<\/title>\n<meta name=\"robots\" content=\"index, follow, max-snippet:-1, max-image-preview:large, max-video-preview:-1\" \/>\n<link rel=\"canonical\" href=\"https:\/\/www.evropskakuca.me\/me\/otvorena-evropska-kuca-u-baru\/\" \/>\n<meta property=\"og:locale\" content=\"en_US\" \/>\n<meta property=\"og:type\" content=\"article\" \/>\n<meta property=\"og:title\" content=\"Ambasador Satler sve\u010dano otvorio Evropsku ku\u0107u u Baru - Europe House\" \/>\n<meta property=\"og:description\" content=\"Novi institucionalni okvir za dijalog sa gra\u0111anima i promociju evropskih vrijednosti Prisustvo Evropske unije na jugu Crne Gore danas je&nbsp;oja\u010dano kroz uspostavljanje novog zvani\u010dnog prostora za komunikaciju sa gra\u0111anima, sve\u010danim otvaranjem&nbsp;Evropske ku\u0107e u Baru. Delegacija Evropske unije u Crnoj Gori, u partnerstvu sa Op\u0161tinom Bar, otvorila je ovu savremenu platformu koja \u0107e slu\u017eiti kao&nbsp;institucionalni okvir [&hellip;]\" \/>\n<meta property=\"og:url\" content=\"https:\/\/www.evropskakuca.me\/me\/otvorena-evropska-kuca-u-baru\/\" \/>\n<meta property=\"og:site_name\" content=\"Europe House\" \/>\n<meta property=\"article:publisher\" content=\"https:\/\/www.facebook.com\/evropska.kuca\" \/>\n<meta property=\"article:published_time\" content=\"2025-06-19T10:23:31+00:00\" \/>\n<meta property=\"article:modified_time\" content=\"2025-12-11T10:26:15+00:00\" \/>\n<meta property=\"og:image\" content=\"https:\/\/www.evropskakuca.me\/wp-content\/uploads\/2025\/06\/bar-2-e1750328682622.jpg\" \/>\n\t<meta property=\"og:image:width\" content=\"1280\" \/>\n\t<meta property=\"og:image:height\" content=\"478\" \/>\n\t<meta property=\"og:image:type\" content=\"image\/jpeg\" \/>\n<meta name=\"author\" content=\"Aleksandar Vukovic\" \/>\n<meta name=\"twitter:card\" content=\"summary_large_image\" \/>\n<meta name=\"twitter:creator\" content=\"@evropska_kuca\" \/>\n<meta name=\"twitter:site\" content=\"@evropska_kuca\" \/>\n<meta name=\"twitter:label1\" content=\"Written by\" \/>\n\t<meta name=\"twitter:data1\" content=\"Aleksandar Vukovic\" \/>\n\t<meta name=\"twitter:label2\" content=\"Est. reading time\" \/>\n\t<meta name=\"twitter:data2\" content=\"4 minutes\" \/>\n<script type=\"application\/ld+json\" class=\"yoast-schema-graph\">{\"@context\":\"https:\\\/\\\/schema.org\",\"@graph\":[{\"@type\":\"Article\",\"@id\":\"https:\\\/\\\/www.evropskakuca.me\\\/me\\\/otvorena-evropska-kuca-u-baru\\\/#article\",\"isPartOf\":{\"@id\":\"https:\\\/\\\/www.evropskakuca.me\\\/me\\\/otvorena-evropska-kuca-u-baru\\\/\"},\"author\":{\"name\":\"Aleksandar Vukovic\",\"@id\":\"https:\\\/\\\/www.evropskakuca.me\\\/me\\\/#\\\/schema\\\/person\\\/7e16527119c7b67f457996b970f2bd6e\"},\"headline\":\"Ambasador Satler sve\u010dano otvorio Evropsku ku\u0107u u Baru\",\"datePublished\":\"2025-06-19T10:23:31+00:00\",\"dateModified\":\"2025-12-11T10:26:15+00:00\",\"mainEntityOfPage\":{\"@id\":\"https:\\\/\\\/www.evropskakuca.me\\\/me\\\/otvorena-evropska-kuca-u-baru\\\/\"},\"wordCount\":743,\"publisher\":{\"@id\":\"https:\\\/\\\/www.evropskakuca.me\\\/me\\\/#organization\"},\"image\":{\"@id\":\"https:\\\/\\\/www.evropskakuca.me\\\/me\\\/otvorena-evropska-kuca-u-baru\\\/#primaryimage\"},\"thumbnailUrl\":\"https:\\\/\\\/www.evropskakuca.me\\\/wp-content\\\/uploads\\\/2025\\\/06\\\/bar-2-e1750328682622.jpg\",\"articleSection\":[\"Bar ME\",\"Novosti\",\"Vesti\"],\"inLanguage\":\"me-ME\"},{\"@type\":\"WebPage\",\"@id\":\"https:\\\/\\\/www.evropskakuca.me\\\/me\\\/otvorena-evropska-kuca-u-baru\\\/\",\"url\":\"https:\\\/\\\/www.evropskakuca.me\\\/me\\\/otvorena-evropska-kuca-u-baru\\\/\",\"name\":\"Ambasador Satler sve\u010dano otvorio Evropsku ku\u0107u u Baru - Europe House\",\"isPartOf\":{\"@id\":\"https:\\\/\\\/www.evropskakuca.me\\\/me\\\/#website\"},\"primaryImageOfPage\":{\"@id\":\"https:\\\/\\\/www.evropskakuca.me\\\/me\\\/otvorena-evropska-kuca-u-baru\\\/#primaryimage\"},\"image\":{\"@id\":\"https:\\\/\\\/www.evropskakuca.me\\\/me\\\/otvorena-evropska-kuca-u-baru\\\/#primaryimage\"},\"thumbnailUrl\":\"https:\\\/\\\/www.evropskakuca.me\\\/wp-content\\\/uploads\\\/2025\\\/06\\\/bar-2-e1750328682622.jpg\",\"datePublished\":\"2025-06-19T10:23:31+00:00\",\"dateModified\":\"2025-12-11T10:26:15+00:00\",\"breadcrumb\":{\"@id\":\"https:\\\/\\\/www.evropskakuca.me\\\/me\\\/otvorena-evropska-kuca-u-baru\\\/#breadcrumb\"},\"inLanguage\":\"me-ME\",\"potentialAction\":[{\"@type\":\"ReadAction\",\"target\":[\"https:\\\/\\\/www.evropskakuca.me\\\/me\\\/otvorena-evropska-kuca-u-baru\\\/\"]}]},{\"@type\":\"ImageObject\",\"inLanguage\":\"me-ME\",\"@id\":\"https:\\\/\\\/www.evropskakuca.me\\\/me\\\/otvorena-evropska-kuca-u-baru\\\/#primaryimage\",\"url\":\"https:\\\/\\\/www.evropskakuca.me\\\/wp-content\\\/uploads\\\/2025\\\/06\\\/bar-2-e1750328682622.jpg\",\"contentUrl\":\"https:\\\/\\\/www.evropskakuca.me\\\/wp-content\\\/uploads\\\/2025\\\/06\\\/bar-2-e1750328682622.jpg\",\"width\":1280,\"height\":478},{\"@type\":\"BreadcrumbList\",\"@id\":\"https:\\\/\\\/www.evropskakuca.me\\\/me\\\/otvorena-evropska-kuca-u-baru\\\/#breadcrumb\",\"itemListElement\":[{\"@type\":\"ListItem\",\"position\":1,\"name\":\"Home\",\"item\":\"https:\\\/\\\/www.evropskakuca.me\\\/me\\\/\"},{\"@type\":\"ListItem\",\"position\":2,\"name\":\"Ambasador Satler sve\u010dano otvorio Evropsku ku\u0107u u Baru\"}]},{\"@type\":\"WebSite\",\"@id\":\"https:\\\/\\\/www.evropskakuca.me\\\/me\\\/#website\",\"url\":\"https:\\\/\\\/www.evropskakuca.me\\\/me\\\/\",\"name\":\"Evropean house\",\"description\":\"\",\"publisher\":{\"@id\":\"https:\\\/\\\/www.evropskakuca.me\\\/me\\\/#organization\"},\"potentialAction\":[{\"@type\":\"SearchAction\",\"target\":{\"@type\":\"EntryPoint\",\"urlTemplate\":\"https:\\\/\\\/www.evropskakuca.me\\\/me\\\/?s={search_term_string}\"},\"query-input\":{\"@type\":\"PropertyValueSpecification\",\"valueRequired\":true,\"valueName\":\"search_term_string\"}}],\"inLanguage\":\"me-ME\"},{\"@type\":\"Organization\",\"@id\":\"https:\\\/\\\/www.evropskakuca.me\\\/me\\\/#organization\",\"name\":\"Evropean house\",\"url\":\"https:\\\/\\\/www.evropskakuca.me\\\/me\\\/\",\"logo\":{\"@type\":\"ImageObject\",\"inLanguage\":\"me-ME\",\"@id\":\"https:\\\/\\\/www.evropskakuca.me\\\/me\\\/#\\\/schema\\\/logo\\\/image\\\/\",\"url\":\"https:\\\/\\\/www.evropskakuca.me\\\/wp-content\\\/uploads\\\/2025\\\/01\\\/evropska-kuca-logo-1.png\",\"contentUrl\":\"https:\\\/\\\/www.evropskakuca.me\\\/wp-content\\\/uploads\\\/2025\\\/01\\\/evropska-kuca-logo-1.png\",\"width\":425,\"height\":312,\"caption\":\"Evropean house\"},\"image\":{\"@id\":\"https:\\\/\\\/www.evropskakuca.me\\\/me\\\/#\\\/schema\\\/logo\\\/image\\\/\"},\"sameAs\":[\"https:\\\/\\\/www.facebook.com\\\/evropska.kuca\",\"https:\\\/\\\/x.com\\\/evropska_kuca\",\"https:\\\/\\\/www.instagram.com\\\/evropska_kuca\"]},{\"@type\":\"Person\",\"@id\":\"https:\\\/\\\/www.evropskakuca.me\\\/me\\\/#\\\/schema\\\/person\\\/7e16527119c7b67f457996b970f2bd6e\",\"name\":\"Aleksandar Vukovic\",\"image\":{\"@type\":\"ImageObject\",\"inLanguage\":\"me-ME\",\"@id\":\"https:\\\/\\\/secure.gravatar.com\\\/avatar\\\/a1834e0104b0242a886079bde835ba36d80c70f9987a11f3ba33eb9e8d74cc15?s=96&d=mm&r=g\",\"url\":\"https:\\\/\\\/secure.gravatar.com\\\/avatar\\\/a1834e0104b0242a886079bde835ba36d80c70f9987a11f3ba33eb9e8d74cc15?s=96&d=mm&r=g\",\"contentUrl\":\"https:\\\/\\\/secure.gravatar.com\\\/avatar\\\/a1834e0104b0242a886079bde835ba36d80c70f9987a11f3ba33eb9e8d74cc15?s=96&d=mm&r=g\",\"caption\":\"Aleksandar Vukovic\"},\"url\":\"https:\\\/\\\/www.evropskakuca.me\\\/me\\\/author\\\/aleksandar\\\/\"}]}<\/script>\n<!-- \/ Yoast SEO plugin. -->","yoast_head_json":{"title":"Ambasador Satler sve\u010dano otvorio Evropsku ku\u0107u u Baru - Europe House","robots":{"index":"index","follow":"follow","max-snippet":"max-snippet:-1","max-image-preview":"max-image-preview:large","max-video-preview":"max-video-preview:-1"},"canonical":"https:\/\/www.evropskakuca.me\/me\/otvorena-evropska-kuca-u-baru\/","og_locale":"en_US","og_type":"article","og_title":"Ambasador Satler sve\u010dano otvorio Evropsku ku\u0107u u Baru - Europe House","og_description":"Novi institucionalni okvir za dijalog sa gra\u0111anima i promociju evropskih vrijednosti Prisustvo Evropske unije na jugu Crne Gore danas je&nbsp;oja\u010dano kroz uspostavljanje novog zvani\u010dnog prostora za komunikaciju sa gra\u0111anima, sve\u010danim otvaranjem&nbsp;Evropske ku\u0107e u Baru. Delegacija Evropske unije u Crnoj Gori, u partnerstvu sa Op\u0161tinom Bar, otvorila je ovu savremenu platformu koja \u0107e slu\u017eiti kao&nbsp;institucionalni okvir [&hellip;]","og_url":"https:\/\/www.evropskakuca.me\/me\/otvorena-evropska-kuca-u-baru\/","og_site_name":"Europe House","article_publisher":"https:\/\/www.facebook.com\/evropska.kuca","article_published_time":"2025-06-19T10:23:31+00:00","article_modified_time":"2025-12-11T10:26:15+00:00","og_image":[{"width":1280,"height":478,"url":"https:\/\/www.evropskakuca.me\/wp-content\/uploads\/2025\/06\/bar-2-e1750328682622.jpg","type":"image\/jpeg"}],"author":"Aleksandar Vukovic","twitter_card":"summary_large_image","twitter_creator":"@evropska_kuca","twitter_site":"@evropska_kuca","twitter_misc":{"Written by":"Aleksandar Vukovic","Est. reading time":"4 minutes"},"schema":{"@context":"https:\/\/schema.org","@graph":[{"@type":"Article","@id":"https:\/\/www.evropskakuca.me\/me\/otvorena-evropska-kuca-u-baru\/#article","isPartOf":{"@id":"https:\/\/www.evropskakuca.me\/me\/otvorena-evropska-kuca-u-baru\/"},"author":{"name":"Aleksandar Vukovic","@id":"https:\/\/www.evropskakuca.me\/me\/#\/schema\/person\/7e16527119c7b67f457996b970f2bd6e"},"headline":"Ambasador Satler sve\u010dano otvorio Evropsku ku\u0107u u Baru","datePublished":"2025-06-19T10:23:31+00:00","dateModified":"2025-12-11T10:26:15+00:00","mainEntityOfPage":{"@id":"https:\/\/www.evropskakuca.me\/me\/otvorena-evropska-kuca-u-baru\/"},"wordCount":743,"publisher":{"@id":"https:\/\/www.evropskakuca.me\/me\/#organization"},"image":{"@id":"https:\/\/www.evropskakuca.me\/me\/otvorena-evropska-kuca-u-baru\/#primaryimage"},"thumbnailUrl":"https:\/\/www.evropskakuca.me\/wp-content\/uploads\/2025\/06\/bar-2-e1750328682622.jpg","articleSection":["Bar ME","Novosti","Vesti"],"inLanguage":"me-ME"},{"@type":"WebPage","@id":"https:\/\/www.evropskakuca.me\/me\/otvorena-evropska-kuca-u-baru\/","url":"https:\/\/www.evropskakuca.me\/me\/otvorena-evropska-kuca-u-baru\/","name":"Ambasador Satler sve\u010dano otvorio Evropsku ku\u0107u u Baru - Europe House","isPartOf":{"@id":"https:\/\/www.evropskakuca.me\/me\/#website"},"primaryImageOfPage":{"@id":"https:\/\/www.evropskakuca.me\/me\/otvorena-evropska-kuca-u-baru\/#primaryimage"},"image":{"@id":"https:\/\/www.evropskakuca.me\/me\/otvorena-evropska-kuca-u-baru\/#primaryimage"},"thumbnailUrl":"https:\/\/www.evropskakuca.me\/wp-content\/uploads\/2025\/06\/bar-2-e1750328682622.jpg","datePublished":"2025-06-19T10:23:31+00:00","dateModified":"2025-12-11T10:26:15+00:00","breadcrumb":{"@id":"https:\/\/www.evropskakuca.me\/me\/otvorena-evropska-kuca-u-baru\/#breadcrumb"},"inLanguage":"me-ME","potentialAction":[{"@type":"ReadAction","target":["https:\/\/www.evropskakuca.me\/me\/otvorena-evropska-kuca-u-baru\/"]}]},{"@type":"ImageObject","inLanguage":"me-ME","@id":"https:\/\/www.evropskakuca.me\/me\/otvorena-evropska-kuca-u-baru\/#primaryimage","url":"https:\/\/www.evropskakuca.me\/wp-content\/uploads\/2025\/06\/bar-2-e1750328682622.jpg","contentUrl":"https:\/\/www.evropskakuca.me\/wp-content\/uploads\/2025\/06\/bar-2-e1750328682622.jpg","width":1280,"height":478},{"@type":"BreadcrumbList","@id":"https:\/\/www.evropskakuca.me\/me\/otvorena-evropska-kuca-u-baru\/#breadcrumb","itemListElement":[{"@type":"ListItem","position":1,"name":"Home","item":"https:\/\/www.evropskakuca.me\/me\/"},{"@type":"ListItem","position":2,"name":"Ambasador Satler sve\u010dano otvorio Evropsku ku\u0107u u Baru"}]},{"@type":"WebSite","@id":"https:\/\/www.evropskakuca.me\/me\/#website","url":"https:\/\/www.evropskakuca.me\/me\/","name":"Evropean house","description":"","publisher":{"@id":"https:\/\/www.evropskakuca.me\/me\/#organization"},"potentialAction":[{"@type":"SearchAction","target":{"@type":"EntryPoint","urlTemplate":"https:\/\/www.evropskakuca.me\/me\/?s={search_term_string}"},"query-input":{"@type":"PropertyValueSpecification","valueRequired":true,"valueName":"search_term_string"}}],"inLanguage":"me-ME"},{"@type":"Organization","@id":"https:\/\/www.evropskakuca.me\/me\/#organization","name":"Evropean house","url":"https:\/\/www.evropskakuca.me\/me\/","logo":{"@type":"ImageObject","inLanguage":"me-ME","@id":"https:\/\/www.evropskakuca.me\/me\/#\/schema\/logo\/image\/","url":"https:\/\/www.evropskakuca.me\/wp-content\/uploads\/2025\/01\/evropska-kuca-logo-1.png","contentUrl":"https:\/\/www.evropskakuca.me\/wp-content\/uploads\/2025\/01\/evropska-kuca-logo-1.png","width":425,"height":312,"caption":"Evropean house"},"image":{"@id":"https:\/\/www.evropskakuca.me\/me\/#\/schema\/logo\/image\/"},"sameAs":["https:\/\/www.facebook.com\/evropska.kuca","https:\/\/x.com\/evropska_kuca","https:\/\/www.instagram.com\/evropska_kuca"]},{"@type":"Person","@id":"https:\/\/www.evropskakuca.me\/me\/#\/schema\/person\/7e16527119c7b67f457996b970f2bd6e","name":"Aleksandar Vukovic","image":{"@type":"ImageObject","inLanguage":"me-ME","@id":"https:\/\/secure.gravatar.com\/avatar\/a1834e0104b0242a886079bde835ba36d80c70f9987a11f3ba33eb9e8d74cc15?s=96&d=mm&r=g","url":"https:\/\/secure.gravatar.com\/avatar\/a1834e0104b0242a886079bde835ba36d80c70f9987a11f3ba33eb9e8d74cc15?s=96&d=mm&r=g","contentUrl":"https:\/\/secure.gravatar.com\/avatar\/a1834e0104b0242a886079bde835ba36d80c70f9987a11f3ba33eb9e8d74cc15?s=96&d=mm&r=g","caption":"Aleksandar Vukovic"},"url":"https:\/\/www.evropskakuca.me\/me\/author\/aleksandar\/"}]}},"_links":{"self":[{"href":"https:\/\/www.evropskakuca.me\/me\/wp-json\/wp\/v2\/posts\/44868","targetHints":{"allow":["GET"]}}],"collection":[{"href":"https:\/\/www.evropskakuca.me\/me\/wp-json\/wp\/v2\/posts"}],"about":[{"href":"https:\/\/www.evropskakuca.me\/me\/wp-json\/wp\/v2\/types\/post"}],"author":[{"embeddable":true,"href":"https:\/\/www.evropskakuca.me\/me\/wp-json\/wp\/v2\/users\/3"}],"replies":[{"embeddable":true,"href":"https:\/\/www.evropskakuca.me\/me\/wp-json\/wp\/v2\/comments?post=44868"}],"version-history":[{"count":6,"href":"https:\/\/www.evropskakuca.me\/me\/wp-json\/wp\/v2\/posts\/44868\/revisions"}],"predecessor-version":[{"id":44892,"href":"https:\/\/www.evropskakuca.me\/me\/wp-json\/wp\/v2\/posts\/44868\/revisions\/44892"}],"wp:featuredmedia":[{"embeddable":true,"href":"https:\/\/www.evropskakuca.me\/me\/wp-json\/wp\/v2\/media\/44869"}],"wp:attachment":[{"href":"https:\/\/www.evropskakuca.me\/me\/wp-json\/wp\/v2\/media?parent=44868"}],"wp:term":[{"taxonomy":"category","embeddable":true,"href":"https:\/\/www.evropskakuca.me\/me\/wp-json\/wp\/v2\/categories?post=44868"},{"taxonomy":"post_tag","embeddable":true,"href":"https:\/\/www.evropskakuca.me\/me\/wp-json\/wp\/v2\/tags?post=44868"}],"curies":[{"name":"wp","href":"https:\/\/api.w.org\/{rel}","templated":true}]}}