{"id":44774,"date":"2025-06-06T14:55:47","date_gmt":"2025-06-06T14:55:47","guid":{"rendered":"https:\/\/www.evropskakuca.me\/?p=44774"},"modified":"2025-06-06T14:58:42","modified_gmt":"2025-06-06T14:58:42","slug":"pokrenuta-platforma-cuvaj-me","status":"publish","type":"post","link":"https:\/\/www.evropskakuca.me\/me\/pokrenuta-platforma-cuvaj-me\/","title":{"rendered":"Pokrenuta nova digitalna platforma \u010cuvaj.me"},"content":{"rendered":"\n<p>Gra\u0111ani Crne Gore od danas \u0107e ekolo\u0161ke probleme i slu\u010dajeve nelegalne eksploatacije prirodnih resursa mo\u0107i da prijavljuju putem nove digitalne plaforme <a href=\"https:\/\/www.cuvaj.me\/\">\u010cuvaj.me<\/a>, koja je jedan od prvih rezultata nacionalne ekolo\u0161ke kampanje \u201e\u010cuvaj da te \u010duva\u201c.<\/p>\n\n\n\n<p>Platforma, koju je razvila koalicija nevladinih organizacija\u201c<strong>Ozelenimo Crnu Goru<\/strong>\u201d, u partnerstvu sa <strong>Ministarstvom ekologije, odr\u017eivog razvoja i razvoja sjevera<\/strong> i <strong>Agencijom za za\u0161titu \u017eivotne sredine<\/strong>, uz podr\u0161ku <strong>Delegacije Evropske unije (EU) u Crnoj Gori<\/strong>, predstavljena je danas u Podgorici.<\/p>\n\n\n\n<p>Gra\u0111ani \u0107e putem platforme mo\u0107i da prijavljuju ekolo\u0161ke probleme, ali i da prate tok svojih prijava, budu informisani o tome koje institucije i inspektori postupaju po njima, kao i o ishodu \u2013 uklju\u010duju\u0107i da li su odgovorne osobe procesuirane i na koji na\u010din.<\/p>\n\n\n\n<p>Ambasador EU u Crnoj Gori, <strong>Johan Satler<\/strong> kazao je na konferenciji za novinare da je platforma jednostavna za kori\u0161\u0107enje, da gra\u0111ani mogu anonimno prijaviti probleme koje uo\u010davaju u \u017eivotnoj sredini i, \u0161to je najva\u017enije, mogu pratiti \u0161ta se de\u0161ava sa njihovom prijavom.<\/p>\n\n\n\n<figure class=\"wp-block-image size-large\"><img fetchpriority=\"high\" decoding=\"async\" width=\"1024\" height=\"682\" src=\"https:\/\/www.evropskakuca.me\/wp-content\/uploads\/2025\/06\/viber_image_2025-06-06_16-43-35-096-1024x682.jpg\" alt=\"\" class=\"wp-image-44777\" srcset=\"https:\/\/www.evropskakuca.me\/wp-content\/uploads\/2025\/06\/viber_image_2025-06-06_16-43-35-096-1024x682.jpg 1024w, https:\/\/www.evropskakuca.me\/wp-content\/uploads\/2025\/06\/viber_image_2025-06-06_16-43-35-096-300x200.jpg 300w, https:\/\/www.evropskakuca.me\/wp-content\/uploads\/2025\/06\/viber_image_2025-06-06_16-43-35-096-768x512.jpg 768w, https:\/\/www.evropskakuca.me\/wp-content\/uploads\/2025\/06\/viber_image_2025-06-06_16-43-35-096.jpg 1280w\" sizes=\"(max-width: 1024px) 100vw, 1024px\" \/><\/figure>\n\n\n\n<p>\u201cKada god primijetite neki problem u \u017eivotnoj sredini, neki vid zaga\u0111anja, prijavite ga!\u201d, pozvao je Satler.<\/p>\n\n\n\n<p>On je kazao da su policija i organi za sprovo\u0111enje zakona klju\u010dni za ovaj tip akcije, ali je pozvao i gra\u0111ane i aktiviste da se pridru\u017ee kako bi stvorili \u0161iroku koaliciju koja bi mogla da stvara promjene.<\/p>\n\n\n\n<p>Potpredsjednik Vlade <strong>Aleksa Be\u010di\u0107<\/strong> kazao je da je platforma veliki iskorak i osnova za ja\u010danje povjerenja i partnerstva sa gra\u0111anima, kao i ja\u010danja transparentnosti koja je veoma va\u017ena u borbi protiv ekolo\u0161kog kriminala.<\/p>\n\n\n\n<p>On je istakao da se, na ovaj na\u010din, gra\u0111anima pru\u017ea mogu\u0107nost da budu aktivni sudionici procesa i da na taj na\u010din \u0161iri duh onoga \u0161to je istinski patriotizam.<\/p>\n\n\n\n<p>\u201cJer, ovo je mjera patriotizma \u2013 da kao gra\u0111anin prepoznate, kad ne\u0161to vidite procesuirate, imate vjeru u institucije i dobijete povratnu informaciju. I da se u tom procesu jasno i transparentno prati korak svakog pojedinca i svake institucije, jer ovo nije borba jednog \u010dovjeka, ve\u0107 timski izazov i zadatak\u201d, poru\u010dio je Be\u010di\u0107.<\/p>\n\n\n\n<figure class=\"wp-block-image size-large\"><img decoding=\"async\" width=\"1024\" height=\"682\" src=\"https:\/\/www.evropskakuca.me\/wp-content\/uploads\/2025\/06\/viber_image_2025-06-06_16-43-35-135-1024x682.jpg\" alt=\"\" class=\"wp-image-44779\" srcset=\"https:\/\/www.evropskakuca.me\/wp-content\/uploads\/2025\/06\/viber_image_2025-06-06_16-43-35-135-1024x682.jpg 1024w, https:\/\/www.evropskakuca.me\/wp-content\/uploads\/2025\/06\/viber_image_2025-06-06_16-43-35-135-300x200.jpg 300w, https:\/\/www.evropskakuca.me\/wp-content\/uploads\/2025\/06\/viber_image_2025-06-06_16-43-35-135-768x512.jpg 768w, https:\/\/www.evropskakuca.me\/wp-content\/uploads\/2025\/06\/viber_image_2025-06-06_16-43-35-135.jpg 1280w\" sizes=\"(max-width: 1024px) 100vw, 1024px\" \/><\/figure>\n\n\n\n<p>On je kazao da od odnosa prema prirodnim bogatstvima, koja predstavljaju blago Crne Gore, zavisi dugoro\u010dno i budu\u0107nost dr\u017eave, ali i \u017eivot budu\u0107ih generacija.<\/p>\n\n\n\n<p>\u201cOvo je na\u0161 poziv gra\u0111anima da nam pomognu da zajedno \u010duvamo i odbranimo na\u0161e rijeke, jezera, \u0161ume i obale, na\u0161 ekosistem\u201d, rekao je Be\u010di\u0107.<\/p>\n\n\n\n<p>Direktor Agencije za za\u0161titu \u017eivotne sredine <strong>Milan Gazdi\u0107<\/strong> kazao je da \u0107e platforma omogu\u0107iti bolju koordinaciju izme\u0111u svih institucija i da \u0107e na efikasniji na\u010din mo\u0107i da prate sve ono \u0161to su u Agenciji i do sada radili, ali na dosta te\u017ei na\u010din.<\/p>\n\n\n\n<p>On je zatra\u017eio od Ministarstva finansija da podr\u017ei ovu akciju, ali i da podr\u017ei ja\u010danje kadrovskih kapaciteta institucija koje su uklju\u010dene u borbu protiv ekolo\u0161kog kriminala, prvenstveno inspekcija \u2013 ekolo\u0161ke, rudarske.<\/p>\n\n\n\n<p>\u201cU ekolo\u0161koj inspekciji imamo \u0161est inspektora, a samo jednog rudarskog inspektor za cijelu Crnu Goru. Imamo mnogo organizovanog kriminala i divljih kamenoloma. Ne mo\u017eemo sa tim kapacitetima uspjeti da pokrijemo cijelu zemlju i tu mora postojati razumijevanje Ministarstva finansija\u201d, rekao je Gazdi\u0107.<\/p>\n\n\n\n<p><\/p>\n","protected":false},"excerpt":{"rendered":"<p>Gra\u0111ani Crne Gore od danas \u0107e ekolo\u0161ke probleme i slu\u010dajeve nelegalne eksploatacije prirodnih resursa mo\u0107i da prijavljuju putem nove digitalne plaforme \u010cuvaj.me, koja je jedan od prvih rezultata nacionalne ekolo\u0161ke kampanje \u201e\u010cuvaj da te \u010duva\u201c. Platforma, koju je razvila koalicija nevladinih organizacija\u201cOzelenimo Crnu Goru\u201d, u partnerstvu sa Ministarstvom ekologije, odr\u017eivog razvoja i razvoja sjevera i [&hellip;]<\/p>\n","protected":false},"author":3,"featured_media":44775,"comment_status":"closed","ping_status":"closed","sticky":false,"template":"","format":"standard","meta":{"_acf_changed":false,"footnotes":""},"categories":[283,2,524],"tags":[],"class_list":["post-44774","post","type-post","status-publish","format-standard","has-post-thumbnail","hentry","category-novosti-me","category-uncategorized-me","category-vesti"],"acf":[],"yoast_head":"<!-- This site is optimized with the Yoast SEO plugin v27.3 - https:\/\/yoast.com\/product\/yoast-seo-wordpress\/ -->\n<title>Pokrenuta nova digitalna platforma \u010cuvaj.me - Europe House<\/title>\n<meta name=\"robots\" content=\"index, follow, max-snippet:-1, max-image-preview:large, max-video-preview:-1\" \/>\n<link rel=\"canonical\" href=\"https:\/\/www.evropskakuca.me\/me\/pokrenuta-platforma-cuvaj-me\/\" \/>\n<meta property=\"og:locale\" content=\"en_US\" \/>\n<meta property=\"og:type\" content=\"article\" \/>\n<meta property=\"og:title\" content=\"Pokrenuta nova digitalna platforma \u010cuvaj.me - Europe House\" \/>\n<meta property=\"og:description\" content=\"Gra\u0111ani Crne Gore od danas \u0107e ekolo\u0161ke probleme i slu\u010dajeve nelegalne eksploatacije prirodnih resursa mo\u0107i da prijavljuju putem nove digitalne plaforme \u010cuvaj.me, koja je jedan od prvih rezultata nacionalne ekolo\u0161ke kampanje \u201e\u010cuvaj da te \u010duva\u201c. Platforma, koju je razvila koalicija nevladinih organizacija\u201cOzelenimo Crnu Goru\u201d, u partnerstvu sa Ministarstvom ekologije, odr\u017eivog razvoja i razvoja sjevera i [&hellip;]\" \/>\n<meta property=\"og:url\" content=\"https:\/\/www.evropskakuca.me\/me\/pokrenuta-platforma-cuvaj-me\/\" \/>\n<meta property=\"og:site_name\" content=\"Europe House\" \/>\n<meta property=\"article:publisher\" content=\"https:\/\/www.facebook.com\/evropska.kuca\" \/>\n<meta property=\"article:published_time\" content=\"2025-06-06T14:55:47+00:00\" \/>\n<meta property=\"article:modified_time\" content=\"2025-06-06T14:58:42+00:00\" \/>\n<meta property=\"og:image\" content=\"https:\/\/www.evropskakuca.me\/wp-content\/uploads\/2025\/06\/viber_image_2025-06-06_16-44-02-548.jpg\" \/>\n\t<meta property=\"og:image:width\" content=\"1280\" \/>\n\t<meta property=\"og:image:height\" content=\"853\" \/>\n\t<meta property=\"og:image:type\" content=\"image\/jpeg\" \/>\n<meta name=\"author\" content=\"Aleksandar Vukovic\" \/>\n<meta name=\"twitter:card\" content=\"summary_large_image\" \/>\n<meta name=\"twitter:creator\" content=\"@evropska_kuca\" \/>\n<meta name=\"twitter:site\" content=\"@evropska_kuca\" \/>\n<meta name=\"twitter:label1\" content=\"Written by\" \/>\n\t<meta name=\"twitter:data1\" content=\"Aleksandar Vukovic\" \/>\n\t<meta name=\"twitter:label2\" content=\"Est. reading time\" \/>\n\t<meta name=\"twitter:data2\" content=\"3 minutes\" \/>\n<script type=\"application\/ld+json\" class=\"yoast-schema-graph\">{\"@context\":\"https:\\\/\\\/schema.org\",\"@graph\":[{\"@type\":\"Article\",\"@id\":\"https:\\\/\\\/www.evropskakuca.me\\\/me\\\/pokrenuta-platforma-cuvaj-me\\\/#article\",\"isPartOf\":{\"@id\":\"https:\\\/\\\/www.evropskakuca.me\\\/me\\\/pokrenuta-platforma-cuvaj-me\\\/\"},\"author\":{\"name\":\"Aleksandar Vukovic\",\"@id\":\"https:\\\/\\\/www.evropskakuca.me\\\/me\\\/#\\\/schema\\\/person\\\/7e16527119c7b67f457996b970f2bd6e\"},\"headline\":\"Pokrenuta nova digitalna platforma \u010cuvaj.me\",\"datePublished\":\"2025-06-06T14:55:47+00:00\",\"dateModified\":\"2025-06-06T14:58:42+00:00\",\"mainEntityOfPage\":{\"@id\":\"https:\\\/\\\/www.evropskakuca.me\\\/me\\\/pokrenuta-platforma-cuvaj-me\\\/\"},\"wordCount\":556,\"publisher\":{\"@id\":\"https:\\\/\\\/www.evropskakuca.me\\\/me\\\/#organization\"},\"image\":{\"@id\":\"https:\\\/\\\/www.evropskakuca.me\\\/me\\\/pokrenuta-platforma-cuvaj-me\\\/#primaryimage\"},\"thumbnailUrl\":\"https:\\\/\\\/www.evropskakuca.me\\\/wp-content\\\/uploads\\\/2025\\\/06\\\/viber_image_2025-06-06_16-44-02-548.jpg\",\"articleSection\":[\"Novosti\",\"Uncategorized @me\",\"Vesti\"],\"inLanguage\":\"me-ME\"},{\"@type\":\"WebPage\",\"@id\":\"https:\\\/\\\/www.evropskakuca.me\\\/me\\\/pokrenuta-platforma-cuvaj-me\\\/\",\"url\":\"https:\\\/\\\/www.evropskakuca.me\\\/me\\\/pokrenuta-platforma-cuvaj-me\\\/\",\"name\":\"Pokrenuta nova digitalna platforma \u010cuvaj.me - Europe House\",\"isPartOf\":{\"@id\":\"https:\\\/\\\/www.evropskakuca.me\\\/me\\\/#website\"},\"primaryImageOfPage\":{\"@id\":\"https:\\\/\\\/www.evropskakuca.me\\\/me\\\/pokrenuta-platforma-cuvaj-me\\\/#primaryimage\"},\"image\":{\"@id\":\"https:\\\/\\\/www.evropskakuca.me\\\/me\\\/pokrenuta-platforma-cuvaj-me\\\/#primaryimage\"},\"thumbnailUrl\":\"https:\\\/\\\/www.evropskakuca.me\\\/wp-content\\\/uploads\\\/2025\\\/06\\\/viber_image_2025-06-06_16-44-02-548.jpg\",\"datePublished\":\"2025-06-06T14:55:47+00:00\",\"dateModified\":\"2025-06-06T14:58:42+00:00\",\"breadcrumb\":{\"@id\":\"https:\\\/\\\/www.evropskakuca.me\\\/me\\\/pokrenuta-platforma-cuvaj-me\\\/#breadcrumb\"},\"inLanguage\":\"me-ME\",\"potentialAction\":[{\"@type\":\"ReadAction\",\"target\":[\"https:\\\/\\\/www.evropskakuca.me\\\/me\\\/pokrenuta-platforma-cuvaj-me\\\/\"]}]},{\"@type\":\"ImageObject\",\"inLanguage\":\"me-ME\",\"@id\":\"https:\\\/\\\/www.evropskakuca.me\\\/me\\\/pokrenuta-platforma-cuvaj-me\\\/#primaryimage\",\"url\":\"https:\\\/\\\/www.evropskakuca.me\\\/wp-content\\\/uploads\\\/2025\\\/06\\\/viber_image_2025-06-06_16-44-02-548.jpg\",\"contentUrl\":\"https:\\\/\\\/www.evropskakuca.me\\\/wp-content\\\/uploads\\\/2025\\\/06\\\/viber_image_2025-06-06_16-44-02-548.jpg\",\"width\":1280,\"height\":853},{\"@type\":\"BreadcrumbList\",\"@id\":\"https:\\\/\\\/www.evropskakuca.me\\\/me\\\/pokrenuta-platforma-cuvaj-me\\\/#breadcrumb\",\"itemListElement\":[{\"@type\":\"ListItem\",\"position\":1,\"name\":\"Home\",\"item\":\"https:\\\/\\\/www.evropskakuca.me\\\/me\\\/\"},{\"@type\":\"ListItem\",\"position\":2,\"name\":\"Pokrenuta nova digitalna platforma \u010cuvaj.me\"}]},{\"@type\":\"WebSite\",\"@id\":\"https:\\\/\\\/www.evropskakuca.me\\\/me\\\/#website\",\"url\":\"https:\\\/\\\/www.evropskakuca.me\\\/me\\\/\",\"name\":\"Evropean house\",\"description\":\"\",\"publisher\":{\"@id\":\"https:\\\/\\\/www.evropskakuca.me\\\/me\\\/#organization\"},\"potentialAction\":[{\"@type\":\"SearchAction\",\"target\":{\"@type\":\"EntryPoint\",\"urlTemplate\":\"https:\\\/\\\/www.evropskakuca.me\\\/me\\\/?s={search_term_string}\"},\"query-input\":{\"@type\":\"PropertyValueSpecification\",\"valueRequired\":true,\"valueName\":\"search_term_string\"}}],\"inLanguage\":\"me-ME\"},{\"@type\":\"Organization\",\"@id\":\"https:\\\/\\\/www.evropskakuca.me\\\/me\\\/#organization\",\"name\":\"Evropean house\",\"url\":\"https:\\\/\\\/www.evropskakuca.me\\\/me\\\/\",\"logo\":{\"@type\":\"ImageObject\",\"inLanguage\":\"me-ME\",\"@id\":\"https:\\\/\\\/www.evropskakuca.me\\\/me\\\/#\\\/schema\\\/logo\\\/image\\\/\",\"url\":\"https:\\\/\\\/www.evropskakuca.me\\\/wp-content\\\/uploads\\\/2025\\\/01\\\/evropska-kuca-logo-1.png\",\"contentUrl\":\"https:\\\/\\\/www.evropskakuca.me\\\/wp-content\\\/uploads\\\/2025\\\/01\\\/evropska-kuca-logo-1.png\",\"width\":425,\"height\":312,\"caption\":\"Evropean house\"},\"image\":{\"@id\":\"https:\\\/\\\/www.evropskakuca.me\\\/me\\\/#\\\/schema\\\/logo\\\/image\\\/\"},\"sameAs\":[\"https:\\\/\\\/www.facebook.com\\\/evropska.kuca\",\"https:\\\/\\\/x.com\\\/evropska_kuca\",\"https:\\\/\\\/www.instagram.com\\\/evropska_kuca\"]},{\"@type\":\"Person\",\"@id\":\"https:\\\/\\\/www.evropskakuca.me\\\/me\\\/#\\\/schema\\\/person\\\/7e16527119c7b67f457996b970f2bd6e\",\"name\":\"Aleksandar Vukovic\",\"image\":{\"@type\":\"ImageObject\",\"inLanguage\":\"me-ME\",\"@id\":\"https:\\\/\\\/secure.gravatar.com\\\/avatar\\\/a1834e0104b0242a886079bde835ba36d80c70f9987a11f3ba33eb9e8d74cc15?s=96&d=mm&r=g\",\"url\":\"https:\\\/\\\/secure.gravatar.com\\\/avatar\\\/a1834e0104b0242a886079bde835ba36d80c70f9987a11f3ba33eb9e8d74cc15?s=96&d=mm&r=g\",\"contentUrl\":\"https:\\\/\\\/secure.gravatar.com\\\/avatar\\\/a1834e0104b0242a886079bde835ba36d80c70f9987a11f3ba33eb9e8d74cc15?s=96&d=mm&r=g\",\"caption\":\"Aleksandar Vukovic\"},\"url\":\"https:\\\/\\\/www.evropskakuca.me\\\/me\\\/author\\\/aleksandar\\\/\"}]}<\/script>\n<!-- \/ Yoast SEO plugin. -->","yoast_head_json":{"title":"Pokrenuta nova digitalna platforma \u010cuvaj.me - Europe House","robots":{"index":"index","follow":"follow","max-snippet":"max-snippet:-1","max-image-preview":"max-image-preview:large","max-video-preview":"max-video-preview:-1"},"canonical":"https:\/\/www.evropskakuca.me\/me\/pokrenuta-platforma-cuvaj-me\/","og_locale":"en_US","og_type":"article","og_title":"Pokrenuta nova digitalna platforma \u010cuvaj.me - Europe House","og_description":"Gra\u0111ani Crne Gore od danas \u0107e ekolo\u0161ke probleme i slu\u010dajeve nelegalne eksploatacije prirodnih resursa mo\u0107i da prijavljuju putem nove digitalne plaforme \u010cuvaj.me, koja je jedan od prvih rezultata nacionalne ekolo\u0161ke kampanje \u201e\u010cuvaj da te \u010duva\u201c. Platforma, koju je razvila koalicija nevladinih organizacija\u201cOzelenimo Crnu Goru\u201d, u partnerstvu sa Ministarstvom ekologije, odr\u017eivog razvoja i razvoja sjevera i [&hellip;]","og_url":"https:\/\/www.evropskakuca.me\/me\/pokrenuta-platforma-cuvaj-me\/","og_site_name":"Europe House","article_publisher":"https:\/\/www.facebook.com\/evropska.kuca","article_published_time":"2025-06-06T14:55:47+00:00","article_modified_time":"2025-06-06T14:58:42+00:00","og_image":[{"width":1280,"height":853,"url":"https:\/\/www.evropskakuca.me\/wp-content\/uploads\/2025\/06\/viber_image_2025-06-06_16-44-02-548.jpg","type":"image\/jpeg"}],"author":"Aleksandar Vukovic","twitter_card":"summary_large_image","twitter_creator":"@evropska_kuca","twitter_site":"@evropska_kuca","twitter_misc":{"Written by":"Aleksandar Vukovic","Est. reading time":"3 minutes"},"schema":{"@context":"https:\/\/schema.org","@graph":[{"@type":"Article","@id":"https:\/\/www.evropskakuca.me\/me\/pokrenuta-platforma-cuvaj-me\/#article","isPartOf":{"@id":"https:\/\/www.evropskakuca.me\/me\/pokrenuta-platforma-cuvaj-me\/"},"author":{"name":"Aleksandar Vukovic","@id":"https:\/\/www.evropskakuca.me\/me\/#\/schema\/person\/7e16527119c7b67f457996b970f2bd6e"},"headline":"Pokrenuta nova digitalna platforma \u010cuvaj.me","datePublished":"2025-06-06T14:55:47+00:00","dateModified":"2025-06-06T14:58:42+00:00","mainEntityOfPage":{"@id":"https:\/\/www.evropskakuca.me\/me\/pokrenuta-platforma-cuvaj-me\/"},"wordCount":556,"publisher":{"@id":"https:\/\/www.evropskakuca.me\/me\/#organization"},"image":{"@id":"https:\/\/www.evropskakuca.me\/me\/pokrenuta-platforma-cuvaj-me\/#primaryimage"},"thumbnailUrl":"https:\/\/www.evropskakuca.me\/wp-content\/uploads\/2025\/06\/viber_image_2025-06-06_16-44-02-548.jpg","articleSection":["Novosti","Uncategorized @me","Vesti"],"inLanguage":"me-ME"},{"@type":"WebPage","@id":"https:\/\/www.evropskakuca.me\/me\/pokrenuta-platforma-cuvaj-me\/","url":"https:\/\/www.evropskakuca.me\/me\/pokrenuta-platforma-cuvaj-me\/","name":"Pokrenuta nova digitalna platforma \u010cuvaj.me - Europe House","isPartOf":{"@id":"https:\/\/www.evropskakuca.me\/me\/#website"},"primaryImageOfPage":{"@id":"https:\/\/www.evropskakuca.me\/me\/pokrenuta-platforma-cuvaj-me\/#primaryimage"},"image":{"@id":"https:\/\/www.evropskakuca.me\/me\/pokrenuta-platforma-cuvaj-me\/#primaryimage"},"thumbnailUrl":"https:\/\/www.evropskakuca.me\/wp-content\/uploads\/2025\/06\/viber_image_2025-06-06_16-44-02-548.jpg","datePublished":"2025-06-06T14:55:47+00:00","dateModified":"2025-06-06T14:58:42+00:00","breadcrumb":{"@id":"https:\/\/www.evropskakuca.me\/me\/pokrenuta-platforma-cuvaj-me\/#breadcrumb"},"inLanguage":"me-ME","potentialAction":[{"@type":"ReadAction","target":["https:\/\/www.evropskakuca.me\/me\/pokrenuta-platforma-cuvaj-me\/"]}]},{"@type":"ImageObject","inLanguage":"me-ME","@id":"https:\/\/www.evropskakuca.me\/me\/pokrenuta-platforma-cuvaj-me\/#primaryimage","url":"https:\/\/www.evropskakuca.me\/wp-content\/uploads\/2025\/06\/viber_image_2025-06-06_16-44-02-548.jpg","contentUrl":"https:\/\/www.evropskakuca.me\/wp-content\/uploads\/2025\/06\/viber_image_2025-06-06_16-44-02-548.jpg","width":1280,"height":853},{"@type":"BreadcrumbList","@id":"https:\/\/www.evropskakuca.me\/me\/pokrenuta-platforma-cuvaj-me\/#breadcrumb","itemListElement":[{"@type":"ListItem","position":1,"name":"Home","item":"https:\/\/www.evropskakuca.me\/me\/"},{"@type":"ListItem","position":2,"name":"Pokrenuta nova digitalna platforma \u010cuvaj.me"}]},{"@type":"WebSite","@id":"https:\/\/www.evropskakuca.me\/me\/#website","url":"https:\/\/www.evropskakuca.me\/me\/","name":"Evropean house","description":"","publisher":{"@id":"https:\/\/www.evropskakuca.me\/me\/#organization"},"potentialAction":[{"@type":"SearchAction","target":{"@type":"EntryPoint","urlTemplate":"https:\/\/www.evropskakuca.me\/me\/?s={search_term_string}"},"query-input":{"@type":"PropertyValueSpecification","valueRequired":true,"valueName":"search_term_string"}}],"inLanguage":"me-ME"},{"@type":"Organization","@id":"https:\/\/www.evropskakuca.me\/me\/#organization","name":"Evropean house","url":"https:\/\/www.evropskakuca.me\/me\/","logo":{"@type":"ImageObject","inLanguage":"me-ME","@id":"https:\/\/www.evropskakuca.me\/me\/#\/schema\/logo\/image\/","url":"https:\/\/www.evropskakuca.me\/wp-content\/uploads\/2025\/01\/evropska-kuca-logo-1.png","contentUrl":"https:\/\/www.evropskakuca.me\/wp-content\/uploads\/2025\/01\/evropska-kuca-logo-1.png","width":425,"height":312,"caption":"Evropean house"},"image":{"@id":"https:\/\/www.evropskakuca.me\/me\/#\/schema\/logo\/image\/"},"sameAs":["https:\/\/www.facebook.com\/evropska.kuca","https:\/\/x.com\/evropska_kuca","https:\/\/www.instagram.com\/evropska_kuca"]},{"@type":"Person","@id":"https:\/\/www.evropskakuca.me\/me\/#\/schema\/person\/7e16527119c7b67f457996b970f2bd6e","name":"Aleksandar Vukovic","image":{"@type":"ImageObject","inLanguage":"me-ME","@id":"https:\/\/secure.gravatar.com\/avatar\/a1834e0104b0242a886079bde835ba36d80c70f9987a11f3ba33eb9e8d74cc15?s=96&d=mm&r=g","url":"https:\/\/secure.gravatar.com\/avatar\/a1834e0104b0242a886079bde835ba36d80c70f9987a11f3ba33eb9e8d74cc15?s=96&d=mm&r=g","contentUrl":"https:\/\/secure.gravatar.com\/avatar\/a1834e0104b0242a886079bde835ba36d80c70f9987a11f3ba33eb9e8d74cc15?s=96&d=mm&r=g","caption":"Aleksandar Vukovic"},"url":"https:\/\/www.evropskakuca.me\/me\/author\/aleksandar\/"}]}},"_links":{"self":[{"href":"https:\/\/www.evropskakuca.me\/me\/wp-json\/wp\/v2\/posts\/44774","targetHints":{"allow":["GET"]}}],"collection":[{"href":"https:\/\/www.evropskakuca.me\/me\/wp-json\/wp\/v2\/posts"}],"about":[{"href":"https:\/\/www.evropskakuca.me\/me\/wp-json\/wp\/v2\/types\/post"}],"author":[{"embeddable":true,"href":"https:\/\/www.evropskakuca.me\/me\/wp-json\/wp\/v2\/users\/3"}],"replies":[{"embeddable":true,"href":"https:\/\/www.evropskakuca.me\/me\/wp-json\/wp\/v2\/comments?post=44774"}],"version-history":[{"count":3,"href":"https:\/\/www.evropskakuca.me\/me\/wp-json\/wp\/v2\/posts\/44774\/revisions"}],"predecessor-version":[{"id":44783,"href":"https:\/\/www.evropskakuca.me\/me\/wp-json\/wp\/v2\/posts\/44774\/revisions\/44783"}],"wp:featuredmedia":[{"embeddable":true,"href":"https:\/\/www.evropskakuca.me\/me\/wp-json\/wp\/v2\/media\/44775"}],"wp:attachment":[{"href":"https:\/\/www.evropskakuca.me\/me\/wp-json\/wp\/v2\/media?parent=44774"}],"wp:term":[{"taxonomy":"category","embeddable":true,"href":"https:\/\/www.evropskakuca.me\/me\/wp-json\/wp\/v2\/categories?post=44774"},{"taxonomy":"post_tag","embeddable":true,"href":"https:\/\/www.evropskakuca.me\/me\/wp-json\/wp\/v2\/tags?post=44774"}],"curies":[{"name":"wp","href":"https:\/\/api.w.org\/{rel}","templated":true}]}}