{"id":44612,"date":"2025-06-03T08:46:33","date_gmt":"2025-06-03T08:46:33","guid":{"rendered":"https:\/\/www.evropskakuca.me\/?p=44612"},"modified":"2025-06-03T10:49:53","modified_gmt":"2025-06-03T10:49:53","slug":"comic-book-super-stella-launched","status":"publish","type":"post","link":"https:\/\/www.evropskakuca.me\/me\/comic-book-super-stella-launched\/","title":{"rendered":"Stigla je Super Zvjezdana 2!"},"content":{"rendered":"\n<p class=\"has-text-align-center\">Super Zvjezdana stvarno postoji!<\/p>\n\n\n\n<p>Ona je vi\u0161e od junakinje iz stripa \u2013 ona je simbol nade i ljubavi.<\/p>\n\n\n\n<p>Strip <em>Super Zvjezdana 2<\/em> prati na\u0161u superjunakinju na magi\u010dnom putovanju kroz Evropsku uniju. Tokom svog putovanja ona nas upoznaje sa vrijednostima poput jedinstva, solidarnosti, kulturne raznolikosti i ekolo\u0161ke svijesti.<\/p>\n\n\n\n<figure class=\"wp-block-image size-large\"><img fetchpriority=\"high\" decoding=\"async\" width=\"1024\" height=\"683\" src=\"https:\/\/www.evropskakuca.me\/wp-content\/uploads\/2025\/06\/FRO_3541-1024x683.jpg\" alt=\"\" class=\"wp-image-44613\" srcset=\"https:\/\/www.evropskakuca.me\/wp-content\/uploads\/2025\/06\/FRO_3541-1024x683.jpg 1024w, https:\/\/www.evropskakuca.me\/wp-content\/uploads\/2025\/06\/FRO_3541-300x200.jpg 300w, https:\/\/www.evropskakuca.me\/wp-content\/uploads\/2025\/06\/FRO_3541-768x512.jpg 768w, https:\/\/www.evropskakuca.me\/wp-content\/uploads\/2025\/06\/FRO_3541-1536x1024.jpg 1536w, https:\/\/www.evropskakuca.me\/wp-content\/uploads\/2025\/06\/FRO_3541-2048x1365.jpg 2048w\" sizes=\"(max-width: 1024px) 100vw, 1024px\" \/><\/figure>\n\n\n\n<p>Kreiran od strane Delegacije Evropske unije u Crnoj Gori kroz projekat Evropska ku\u0107a, u saradnji sa ambasadama dr\u017eava \u010dlanica EU, ovaj prelijepo ilustrovani strip ima za cilj da pove\u017ee mlade \u010ditaoce sa duhom Evrope.<\/p>\n\n\n\n<p>Strip je predstavljen na doga\u0111aju kojim je obilje\u017een tre\u0107i ro\u0111endan Evropske ku\u0107e.<\/p>\n\n\n\n<figure class=\"wp-block-gallery has-nested-images columns-default is-cropped wp-block-gallery-1 is-layout-flex wp-block-gallery-is-layout-flex\">\n<figure class=\"wp-block-image size-large\"><img decoding=\"async\" width=\"1024\" height=\"683\" data-id=\"44617\" src=\"https:\/\/www.evropskakuca.me\/wp-content\/uploads\/2025\/06\/FRO_2729-1024x683.jpg\" alt=\"\" class=\"wp-image-44617\" srcset=\"https:\/\/www.evropskakuca.me\/wp-content\/uploads\/2025\/06\/FRO_2729-1024x683.jpg 1024w, https:\/\/www.evropskakuca.me\/wp-content\/uploads\/2025\/06\/FRO_2729-300x200.jpg 300w, https:\/\/www.evropskakuca.me\/wp-content\/uploads\/2025\/06\/FRO_2729-768x512.jpg 768w, https:\/\/www.evropskakuca.me\/wp-content\/uploads\/2025\/06\/FRO_2729-1536x1024.jpg 1536w, https:\/\/www.evropskakuca.me\/wp-content\/uploads\/2025\/06\/FRO_2729-2048x1365.jpg 2048w\" sizes=\"(max-width: 1024px) 100vw, 1024px\" \/><\/figure>\n\n\n\n<figure class=\"wp-block-image size-large\"><img decoding=\"async\" width=\"1024\" height=\"683\" data-id=\"44619\" src=\"https:\/\/www.evropskakuca.me\/wp-content\/uploads\/2025\/06\/FRO_2525-1024x683.jpg\" alt=\"\" class=\"wp-image-44619\" srcset=\"https:\/\/www.evropskakuca.me\/wp-content\/uploads\/2025\/06\/FRO_2525-1024x683.jpg 1024w, https:\/\/www.evropskakuca.me\/wp-content\/uploads\/2025\/06\/FRO_2525-300x200.jpg 300w, https:\/\/www.evropskakuca.me\/wp-content\/uploads\/2025\/06\/FRO_2525-768x512.jpg 768w, https:\/\/www.evropskakuca.me\/wp-content\/uploads\/2025\/06\/FRO_2525-1536x1024.jpg 1536w, https:\/\/www.evropskakuca.me\/wp-content\/uploads\/2025\/06\/FRO_2525-2048x1365.jpg 2048w\" sizes=\"(max-width: 1024px) 100vw, 1024px\" \/><\/figure>\n\n\n\n<figure class=\"wp-block-image size-large\"><img loading=\"lazy\" decoding=\"async\" width=\"1024\" height=\"683\" data-id=\"44615\" src=\"https:\/\/www.evropskakuca.me\/wp-content\/uploads\/2025\/06\/FRO_2681-1024x683.jpg\" alt=\"\" class=\"wp-image-44615\" srcset=\"https:\/\/www.evropskakuca.me\/wp-content\/uploads\/2025\/06\/FRO_2681-1024x683.jpg 1024w, https:\/\/www.evropskakuca.me\/wp-content\/uploads\/2025\/06\/FRO_2681-300x200.jpg 300w, https:\/\/www.evropskakuca.me\/wp-content\/uploads\/2025\/06\/FRO_2681-768x512.jpg 768w, https:\/\/www.evropskakuca.me\/wp-content\/uploads\/2025\/06\/FRO_2681-1536x1024.jpg 1536w, https:\/\/www.evropskakuca.me\/wp-content\/uploads\/2025\/06\/FRO_2681-2048x1365.jpg 2048w\" sizes=\"(max-width: 1024px) 100vw, 1024px\" \/><\/figure>\n<\/figure>\n\n\n\n<p>Tokom doga\u0111aja, djeca su bila me\u0111u prvima koji su dobili primjerak stripa i upoznali ilustratora Iliju Nik\u010devi\u0107a, koji je kroz svoje crte\u017ee o\u017eivio nove avanture Super Zvjezdane.<\/p>\n\n\n\n<p>\u201eAvantura Super Zvjezdane, Tare i Sove je divna i magi\u010dna. Moj zadatak da je prika\u017eem kroz crte\u017ee bio je tako\u0111e, prava avantura. Privilegija je biti dio njenog Super Tima\u201d, naglasio je Ilija.<\/p>\n\n\n\n<figure class=\"wp-block-image size-large\"><img loading=\"lazy\" decoding=\"async\" width=\"1024\" height=\"683\" src=\"https:\/\/www.evropskakuca.me\/wp-content\/uploads\/2025\/06\/FRO_3123-1024x683.jpg\" alt=\"\" class=\"wp-image-44621\" srcset=\"https:\/\/www.evropskakuca.me\/wp-content\/uploads\/2025\/06\/FRO_3123-1024x683.jpg 1024w, https:\/\/www.evropskakuca.me\/wp-content\/uploads\/2025\/06\/FRO_3123-300x200.jpg 300w, https:\/\/www.evropskakuca.me\/wp-content\/uploads\/2025\/06\/FRO_3123-768x512.jpg 768w, https:\/\/www.evropskakuca.me\/wp-content\/uploads\/2025\/06\/FRO_3123-1536x1024.jpg 1536w, https:\/\/www.evropskakuca.me\/wp-content\/uploads\/2025\/06\/FRO_3123-2048x1365.jpg 2048w\" sizes=\"(max-width: 1024px) 100vw, 1024px\" \/><\/figure>\n\n\n\n<p>Strip Super Zvjezdana osmi\u0161ljen je kako bi pribli\u017eio Evropsku uniju djeci, prikazuju\u0107i zanimljive i edukativne \u010dinjenice o svakoj dr\u017eavi \u010dlanici kroz zabavnu i anga\u017eovanu pri\u010du. On prikazuje fascinantne elemente evropske kulture, istorije, nauke, geografije i umjetnosti, \u010dine\u0107i u\u010denje istovremeno zabavnim i inspirativnim za mlade \u010ditaoce.<\/p>\n\n\n\n<figure class=\"wp-block-gallery has-nested-images columns-default is-cropped wp-block-gallery-2 is-layout-flex wp-block-gallery-is-layout-flex\">\n<figure class=\"wp-block-image size-large\"><img loading=\"lazy\" decoding=\"async\" width=\"1024\" height=\"683\" data-id=\"44625\" src=\"https:\/\/www.evropskakuca.me\/wp-content\/uploads\/2025\/06\/FRO_2973-1024x683.jpg\" alt=\"\" class=\"wp-image-44625\" srcset=\"https:\/\/www.evropskakuca.me\/wp-content\/uploads\/2025\/06\/FRO_2973-1024x683.jpg 1024w, https:\/\/www.evropskakuca.me\/wp-content\/uploads\/2025\/06\/FRO_2973-300x200.jpg 300w, https:\/\/www.evropskakuca.me\/wp-content\/uploads\/2025\/06\/FRO_2973-768x512.jpg 768w, https:\/\/www.evropskakuca.me\/wp-content\/uploads\/2025\/06\/FRO_2973-1536x1024.jpg 1536w, https:\/\/www.evropskakuca.me\/wp-content\/uploads\/2025\/06\/FRO_2973-2048x1365.jpg 2048w\" sizes=\"(max-width: 1024px) 100vw, 1024px\" \/><\/figure>\n\n\n\n<figure class=\"wp-block-image size-large\"><img loading=\"lazy\" decoding=\"async\" width=\"1024\" height=\"683\" data-id=\"44623\" src=\"https:\/\/www.evropskakuca.me\/wp-content\/uploads\/2025\/06\/FRO_3291-1024x683.jpg\" alt=\"\" class=\"wp-image-44623\" srcset=\"https:\/\/www.evropskakuca.me\/wp-content\/uploads\/2025\/06\/FRO_3291-1024x683.jpg 1024w, https:\/\/www.evropskakuca.me\/wp-content\/uploads\/2025\/06\/FRO_3291-300x200.jpg 300w, https:\/\/www.evropskakuca.me\/wp-content\/uploads\/2025\/06\/FRO_3291-768x512.jpg 768w, https:\/\/www.evropskakuca.me\/wp-content\/uploads\/2025\/06\/FRO_3291-1536x1024.jpg 1536w, https:\/\/www.evropskakuca.me\/wp-content\/uploads\/2025\/06\/FRO_3291-2048x1365.jpg 2048w\" sizes=\"(max-width: 1024px) 100vw, 1024px\" \/><\/figure>\n<\/figure>\n\n\n\n<p>Prvi dio stripa uvodi nas u borbu za o\u010duvanje \u017eivotne sredine. Tada se Super Zvjezdana borila protiv su\u0161e, zaga\u0111enja i kr\u010denja \u0161uma. Pogledajte strip <a href=\"https:\/\/www.evropskakuca.me\/wp-content\/uploads\/2023\/05\/Super-Zvjezdana-final.pdf\">Super Zvjezdana 1<\/a>.<\/p>\n\n\n\n<p>Nastavak stripa prati na\u0161u neustra\u0161ivu junakinju, Super Zvjezdanu, tokom njene zvjezdane avanture kroz EU. U pratnji Tare, radoznale djevoj\u010dice, i Sove, mudrog i ponekad komi\u010dno samouvjerenog saputnika, ona putuje od zemlje do zemlje, susre\u0107u\u0107i se sa umjetnicima, filozofima, pronalaza\u010dima, nau\u010dnicima \u2013 pa \u010dak i sa Djeda Mrazom u finskoj Laponiji!<\/p>\n\n\n\n<p>Kroz ovo putovanje u\u010dimo da je EU \u017eivopisni mozaik zajednica naroda, jezika i pri\u010da.<br>Svi smo razli\u010diti, a ipak ujedinjeni \u2013 i zajedno \u010dinimo Tim Evropu!<\/p>\n\n\n\n<p>Pogledajte na\u0161 strip <a href=\"https:\/\/www.evropskakuca.me\/wp-content\/uploads\/2025\/05\/prelom-super-ZVJEZDANA-web.pdf\">Super Zvjezdana 2<\/a> online.<\/p>\n","protected":false},"excerpt":{"rendered":"<p>Super Zvjezdana stvarno postoji! Ona je vi\u0161e od junakinje iz stripa \u2013 ona je simbol nade i ljubavi. Strip Super Zvjezdana 2 prati na\u0161u superjunakinju na magi\u010dnom putovanju kroz Evropsku uniju. Tokom svog putovanja ona nas upoznaje sa vrijednostima poput jedinstva, solidarnosti, kulturne raznolikosti i ekolo\u0161ke svijesti. Kreiran od strane Delegacije Evropske unije u Crnoj [&hellip;]<\/p>\n","protected":false},"author":3,"featured_media":44524,"comment_status":"closed","ping_status":"closed","sticky":false,"template":"","format":"standard","meta":{"_acf_changed":false,"footnotes":""},"categories":[283,524],"tags":[],"class_list":["post-44612","post","type-post","status-publish","format-standard","has-post-thumbnail","hentry","category-novosti-me","category-vesti"],"acf":[],"yoast_head":"<!-- This site is optimized with the Yoast SEO plugin v27.3 - https:\/\/yoast.com\/product\/yoast-seo-wordpress\/ -->\n<title>Stigla je Super Zvjezdana 2! - Europe House<\/title>\n<meta name=\"robots\" content=\"index, follow, max-snippet:-1, max-image-preview:large, max-video-preview:-1\" \/>\n<link rel=\"canonical\" href=\"https:\/\/www.evropskakuca.me\/me\/comic-book-super-stella-launched\/\" \/>\n<meta property=\"og:locale\" content=\"en_US\" \/>\n<meta property=\"og:type\" content=\"article\" \/>\n<meta property=\"og:title\" content=\"Stigla je Super Zvjezdana 2! - Europe House\" \/>\n<meta property=\"og:description\" content=\"Super Zvjezdana stvarno postoji! Ona je vi\u0161e od junakinje iz stripa \u2013 ona je simbol nade i ljubavi. Strip Super Zvjezdana 2 prati na\u0161u superjunakinju na magi\u010dnom putovanju kroz Evropsku uniju. Tokom svog putovanja ona nas upoznaje sa vrijednostima poput jedinstva, solidarnosti, kulturne raznolikosti i ekolo\u0161ke svijesti. Kreiran od strane Delegacije Evropske unije u Crnoj [&hellip;]\" \/>\n<meta property=\"og:url\" content=\"https:\/\/www.evropskakuca.me\/me\/comic-book-super-stella-launched\/\" \/>\n<meta property=\"og:site_name\" content=\"Europe House\" \/>\n<meta property=\"article:publisher\" content=\"https:\/\/www.facebook.com\/evropska.kuca\" \/>\n<meta property=\"article:published_time\" content=\"2025-06-03T08:46:33+00:00\" \/>\n<meta property=\"article:modified_time\" content=\"2025-06-03T10:49:53+00:00\" \/>\n<meta property=\"og:image\" content=\"https:\/\/www.evropskakuca.me\/wp-content\/uploads\/2025\/05\/FRO_2543-scaled.jpg\" \/>\n\t<meta property=\"og:image:width\" content=\"2560\" \/>\n\t<meta property=\"og:image:height\" content=\"1707\" \/>\n\t<meta property=\"og:image:type\" content=\"image\/jpeg\" \/>\n<meta name=\"author\" content=\"Aleksandar Vukovic\" \/>\n<meta name=\"twitter:card\" content=\"summary_large_image\" \/>\n<meta name=\"twitter:creator\" content=\"@evropska_kuca\" \/>\n<meta name=\"twitter:site\" content=\"@evropska_kuca\" \/>\n<meta name=\"twitter:label1\" content=\"Written by\" \/>\n\t<meta name=\"twitter:data1\" content=\"Aleksandar Vukovic\" \/>\n\t<meta name=\"twitter:label2\" content=\"Est. reading time\" \/>\n\t<meta name=\"twitter:data2\" content=\"3 minutes\" \/>\n<script type=\"application\/ld+json\" class=\"yoast-schema-graph\">{\"@context\":\"https:\\\/\\\/schema.org\",\"@graph\":[{\"@type\":\"Article\",\"@id\":\"https:\\\/\\\/www.evropskakuca.me\\\/me\\\/comic-book-super-stella-launched\\\/#article\",\"isPartOf\":{\"@id\":\"https:\\\/\\\/www.evropskakuca.me\\\/me\\\/comic-book-super-stella-launched\\\/\"},\"author\":{\"name\":\"Aleksandar Vukovic\",\"@id\":\"https:\\\/\\\/www.evropskakuca.me\\\/me\\\/#\\\/schema\\\/person\\\/7e16527119c7b67f457996b970f2bd6e\"},\"headline\":\"Stigla je Super Zvjezdana 2!\",\"datePublished\":\"2025-06-03T08:46:33+00:00\",\"dateModified\":\"2025-06-03T10:49:53+00:00\",\"mainEntityOfPage\":{\"@id\":\"https:\\\/\\\/www.evropskakuca.me\\\/me\\\/comic-book-super-stella-launched\\\/\"},\"wordCount\":350,\"publisher\":{\"@id\":\"https:\\\/\\\/www.evropskakuca.me\\\/me\\\/#organization\"},\"image\":{\"@id\":\"https:\\\/\\\/www.evropskakuca.me\\\/me\\\/comic-book-super-stella-launched\\\/#primaryimage\"},\"thumbnailUrl\":\"https:\\\/\\\/www.evropskakuca.me\\\/wp-content\\\/uploads\\\/2025\\\/05\\\/FRO_2543-scaled.jpg\",\"articleSection\":[\"Novosti\",\"Vesti\"],\"inLanguage\":\"me-ME\"},{\"@type\":\"WebPage\",\"@id\":\"https:\\\/\\\/www.evropskakuca.me\\\/me\\\/comic-book-super-stella-launched\\\/\",\"url\":\"https:\\\/\\\/www.evropskakuca.me\\\/me\\\/comic-book-super-stella-launched\\\/\",\"name\":\"Stigla je Super Zvjezdana 2! - Europe House\",\"isPartOf\":{\"@id\":\"https:\\\/\\\/www.evropskakuca.me\\\/me\\\/#website\"},\"primaryImageOfPage\":{\"@id\":\"https:\\\/\\\/www.evropskakuca.me\\\/me\\\/comic-book-super-stella-launched\\\/#primaryimage\"},\"image\":{\"@id\":\"https:\\\/\\\/www.evropskakuca.me\\\/me\\\/comic-book-super-stella-launched\\\/#primaryimage\"},\"thumbnailUrl\":\"https:\\\/\\\/www.evropskakuca.me\\\/wp-content\\\/uploads\\\/2025\\\/05\\\/FRO_2543-scaled.jpg\",\"datePublished\":\"2025-06-03T08:46:33+00:00\",\"dateModified\":\"2025-06-03T10:49:53+00:00\",\"breadcrumb\":{\"@id\":\"https:\\\/\\\/www.evropskakuca.me\\\/me\\\/comic-book-super-stella-launched\\\/#breadcrumb\"},\"inLanguage\":\"me-ME\",\"potentialAction\":[{\"@type\":\"ReadAction\",\"target\":[\"https:\\\/\\\/www.evropskakuca.me\\\/me\\\/comic-book-super-stella-launched\\\/\"]}]},{\"@type\":\"ImageObject\",\"inLanguage\":\"me-ME\",\"@id\":\"https:\\\/\\\/www.evropskakuca.me\\\/me\\\/comic-book-super-stella-launched\\\/#primaryimage\",\"url\":\"https:\\\/\\\/www.evropskakuca.me\\\/wp-content\\\/uploads\\\/2025\\\/05\\\/FRO_2543-scaled.jpg\",\"contentUrl\":\"https:\\\/\\\/www.evropskakuca.me\\\/wp-content\\\/uploads\\\/2025\\\/05\\\/FRO_2543-scaled.jpg\",\"width\":2560,\"height\":1707},{\"@type\":\"BreadcrumbList\",\"@id\":\"https:\\\/\\\/www.evropskakuca.me\\\/me\\\/comic-book-super-stella-launched\\\/#breadcrumb\",\"itemListElement\":[{\"@type\":\"ListItem\",\"position\":1,\"name\":\"Home\",\"item\":\"https:\\\/\\\/www.evropskakuca.me\\\/me\\\/\"},{\"@type\":\"ListItem\",\"position\":2,\"name\":\"Stigla je Super Zvjezdana 2!\"}]},{\"@type\":\"WebSite\",\"@id\":\"https:\\\/\\\/www.evropskakuca.me\\\/me\\\/#website\",\"url\":\"https:\\\/\\\/www.evropskakuca.me\\\/me\\\/\",\"name\":\"Evropean house\",\"description\":\"\",\"publisher\":{\"@id\":\"https:\\\/\\\/www.evropskakuca.me\\\/me\\\/#organization\"},\"potentialAction\":[{\"@type\":\"SearchAction\",\"target\":{\"@type\":\"EntryPoint\",\"urlTemplate\":\"https:\\\/\\\/www.evropskakuca.me\\\/me\\\/?s={search_term_string}\"},\"query-input\":{\"@type\":\"PropertyValueSpecification\",\"valueRequired\":true,\"valueName\":\"search_term_string\"}}],\"inLanguage\":\"me-ME\"},{\"@type\":\"Organization\",\"@id\":\"https:\\\/\\\/www.evropskakuca.me\\\/me\\\/#organization\",\"name\":\"Evropean house\",\"url\":\"https:\\\/\\\/www.evropskakuca.me\\\/me\\\/\",\"logo\":{\"@type\":\"ImageObject\",\"inLanguage\":\"me-ME\",\"@id\":\"https:\\\/\\\/www.evropskakuca.me\\\/me\\\/#\\\/schema\\\/logo\\\/image\\\/\",\"url\":\"https:\\\/\\\/www.evropskakuca.me\\\/wp-content\\\/uploads\\\/2025\\\/01\\\/evropska-kuca-logo-1.png\",\"contentUrl\":\"https:\\\/\\\/www.evropskakuca.me\\\/wp-content\\\/uploads\\\/2025\\\/01\\\/evropska-kuca-logo-1.png\",\"width\":425,\"height\":312,\"caption\":\"Evropean house\"},\"image\":{\"@id\":\"https:\\\/\\\/www.evropskakuca.me\\\/me\\\/#\\\/schema\\\/logo\\\/image\\\/\"},\"sameAs\":[\"https:\\\/\\\/www.facebook.com\\\/evropska.kuca\",\"https:\\\/\\\/x.com\\\/evropska_kuca\",\"https:\\\/\\\/www.instagram.com\\\/evropska_kuca\"]},{\"@type\":\"Person\",\"@id\":\"https:\\\/\\\/www.evropskakuca.me\\\/me\\\/#\\\/schema\\\/person\\\/7e16527119c7b67f457996b970f2bd6e\",\"name\":\"Aleksandar Vukovic\",\"image\":{\"@type\":\"ImageObject\",\"inLanguage\":\"me-ME\",\"@id\":\"https:\\\/\\\/secure.gravatar.com\\\/avatar\\\/a1834e0104b0242a886079bde835ba36d80c70f9987a11f3ba33eb9e8d74cc15?s=96&d=mm&r=g\",\"url\":\"https:\\\/\\\/secure.gravatar.com\\\/avatar\\\/a1834e0104b0242a886079bde835ba36d80c70f9987a11f3ba33eb9e8d74cc15?s=96&d=mm&r=g\",\"contentUrl\":\"https:\\\/\\\/secure.gravatar.com\\\/avatar\\\/a1834e0104b0242a886079bde835ba36d80c70f9987a11f3ba33eb9e8d74cc15?s=96&d=mm&r=g\",\"caption\":\"Aleksandar Vukovic\"},\"url\":\"https:\\\/\\\/www.evropskakuca.me\\\/me\\\/author\\\/aleksandar\\\/\"}]}<\/script>\n<!-- \/ Yoast SEO plugin. -->","yoast_head_json":{"title":"Stigla je Super Zvjezdana 2! - Europe House","robots":{"index":"index","follow":"follow","max-snippet":"max-snippet:-1","max-image-preview":"max-image-preview:large","max-video-preview":"max-video-preview:-1"},"canonical":"https:\/\/www.evropskakuca.me\/me\/comic-book-super-stella-launched\/","og_locale":"en_US","og_type":"article","og_title":"Stigla je Super Zvjezdana 2! - Europe House","og_description":"Super Zvjezdana stvarno postoji! Ona je vi\u0161e od junakinje iz stripa \u2013 ona je simbol nade i ljubavi. Strip Super Zvjezdana 2 prati na\u0161u superjunakinju na magi\u010dnom putovanju kroz Evropsku uniju. Tokom svog putovanja ona nas upoznaje sa vrijednostima poput jedinstva, solidarnosti, kulturne raznolikosti i ekolo\u0161ke svijesti. Kreiran od strane Delegacije Evropske unije u Crnoj [&hellip;]","og_url":"https:\/\/www.evropskakuca.me\/me\/comic-book-super-stella-launched\/","og_site_name":"Europe House","article_publisher":"https:\/\/www.facebook.com\/evropska.kuca","article_published_time":"2025-06-03T08:46:33+00:00","article_modified_time":"2025-06-03T10:49:53+00:00","og_image":[{"width":2560,"height":1707,"url":"https:\/\/www.evropskakuca.me\/wp-content\/uploads\/2025\/05\/FRO_2543-scaled.jpg","type":"image\/jpeg"}],"author":"Aleksandar Vukovic","twitter_card":"summary_large_image","twitter_creator":"@evropska_kuca","twitter_site":"@evropska_kuca","twitter_misc":{"Written by":"Aleksandar Vukovic","Est. reading time":"3 minutes"},"schema":{"@context":"https:\/\/schema.org","@graph":[{"@type":"Article","@id":"https:\/\/www.evropskakuca.me\/me\/comic-book-super-stella-launched\/#article","isPartOf":{"@id":"https:\/\/www.evropskakuca.me\/me\/comic-book-super-stella-launched\/"},"author":{"name":"Aleksandar Vukovic","@id":"https:\/\/www.evropskakuca.me\/me\/#\/schema\/person\/7e16527119c7b67f457996b970f2bd6e"},"headline":"Stigla je Super Zvjezdana 2!","datePublished":"2025-06-03T08:46:33+00:00","dateModified":"2025-06-03T10:49:53+00:00","mainEntityOfPage":{"@id":"https:\/\/www.evropskakuca.me\/me\/comic-book-super-stella-launched\/"},"wordCount":350,"publisher":{"@id":"https:\/\/www.evropskakuca.me\/me\/#organization"},"image":{"@id":"https:\/\/www.evropskakuca.me\/me\/comic-book-super-stella-launched\/#primaryimage"},"thumbnailUrl":"https:\/\/www.evropskakuca.me\/wp-content\/uploads\/2025\/05\/FRO_2543-scaled.jpg","articleSection":["Novosti","Vesti"],"inLanguage":"me-ME"},{"@type":"WebPage","@id":"https:\/\/www.evropskakuca.me\/me\/comic-book-super-stella-launched\/","url":"https:\/\/www.evropskakuca.me\/me\/comic-book-super-stella-launched\/","name":"Stigla je Super Zvjezdana 2! - Europe House","isPartOf":{"@id":"https:\/\/www.evropskakuca.me\/me\/#website"},"primaryImageOfPage":{"@id":"https:\/\/www.evropskakuca.me\/me\/comic-book-super-stella-launched\/#primaryimage"},"image":{"@id":"https:\/\/www.evropskakuca.me\/me\/comic-book-super-stella-launched\/#primaryimage"},"thumbnailUrl":"https:\/\/www.evropskakuca.me\/wp-content\/uploads\/2025\/05\/FRO_2543-scaled.jpg","datePublished":"2025-06-03T08:46:33+00:00","dateModified":"2025-06-03T10:49:53+00:00","breadcrumb":{"@id":"https:\/\/www.evropskakuca.me\/me\/comic-book-super-stella-launched\/#breadcrumb"},"inLanguage":"me-ME","potentialAction":[{"@type":"ReadAction","target":["https:\/\/www.evropskakuca.me\/me\/comic-book-super-stella-launched\/"]}]},{"@type":"ImageObject","inLanguage":"me-ME","@id":"https:\/\/www.evropskakuca.me\/me\/comic-book-super-stella-launched\/#primaryimage","url":"https:\/\/www.evropskakuca.me\/wp-content\/uploads\/2025\/05\/FRO_2543-scaled.jpg","contentUrl":"https:\/\/www.evropskakuca.me\/wp-content\/uploads\/2025\/05\/FRO_2543-scaled.jpg","width":2560,"height":1707},{"@type":"BreadcrumbList","@id":"https:\/\/www.evropskakuca.me\/me\/comic-book-super-stella-launched\/#breadcrumb","itemListElement":[{"@type":"ListItem","position":1,"name":"Home","item":"https:\/\/www.evropskakuca.me\/me\/"},{"@type":"ListItem","position":2,"name":"Stigla je Super Zvjezdana 2!"}]},{"@type":"WebSite","@id":"https:\/\/www.evropskakuca.me\/me\/#website","url":"https:\/\/www.evropskakuca.me\/me\/","name":"Evropean house","description":"","publisher":{"@id":"https:\/\/www.evropskakuca.me\/me\/#organization"},"potentialAction":[{"@type":"SearchAction","target":{"@type":"EntryPoint","urlTemplate":"https:\/\/www.evropskakuca.me\/me\/?s={search_term_string}"},"query-input":{"@type":"PropertyValueSpecification","valueRequired":true,"valueName":"search_term_string"}}],"inLanguage":"me-ME"},{"@type":"Organization","@id":"https:\/\/www.evropskakuca.me\/me\/#organization","name":"Evropean house","url":"https:\/\/www.evropskakuca.me\/me\/","logo":{"@type":"ImageObject","inLanguage":"me-ME","@id":"https:\/\/www.evropskakuca.me\/me\/#\/schema\/logo\/image\/","url":"https:\/\/www.evropskakuca.me\/wp-content\/uploads\/2025\/01\/evropska-kuca-logo-1.png","contentUrl":"https:\/\/www.evropskakuca.me\/wp-content\/uploads\/2025\/01\/evropska-kuca-logo-1.png","width":425,"height":312,"caption":"Evropean house"},"image":{"@id":"https:\/\/www.evropskakuca.me\/me\/#\/schema\/logo\/image\/"},"sameAs":["https:\/\/www.facebook.com\/evropska.kuca","https:\/\/x.com\/evropska_kuca","https:\/\/www.instagram.com\/evropska_kuca"]},{"@type":"Person","@id":"https:\/\/www.evropskakuca.me\/me\/#\/schema\/person\/7e16527119c7b67f457996b970f2bd6e","name":"Aleksandar Vukovic","image":{"@type":"ImageObject","inLanguage":"me-ME","@id":"https:\/\/secure.gravatar.com\/avatar\/a1834e0104b0242a886079bde835ba36d80c70f9987a11f3ba33eb9e8d74cc15?s=96&d=mm&r=g","url":"https:\/\/secure.gravatar.com\/avatar\/a1834e0104b0242a886079bde835ba36d80c70f9987a11f3ba33eb9e8d74cc15?s=96&d=mm&r=g","contentUrl":"https:\/\/secure.gravatar.com\/avatar\/a1834e0104b0242a886079bde835ba36d80c70f9987a11f3ba33eb9e8d74cc15?s=96&d=mm&r=g","caption":"Aleksandar Vukovic"},"url":"https:\/\/www.evropskakuca.me\/me\/author\/aleksandar\/"}]}},"_links":{"self":[{"href":"https:\/\/www.evropskakuca.me\/me\/wp-json\/wp\/v2\/posts\/44612","targetHints":{"allow":["GET"]}}],"collection":[{"href":"https:\/\/www.evropskakuca.me\/me\/wp-json\/wp\/v2\/posts"}],"about":[{"href":"https:\/\/www.evropskakuca.me\/me\/wp-json\/wp\/v2\/types\/post"}],"author":[{"embeddable":true,"href":"https:\/\/www.evropskakuca.me\/me\/wp-json\/wp\/v2\/users\/3"}],"replies":[{"embeddable":true,"href":"https:\/\/www.evropskakuca.me\/me\/wp-json\/wp\/v2\/comments?post=44612"}],"version-history":[{"count":3,"href":"https:\/\/www.evropskakuca.me\/me\/wp-json\/wp\/v2\/posts\/44612\/revisions"}],"predecessor-version":[{"id":44634,"href":"https:\/\/www.evropskakuca.me\/me\/wp-json\/wp\/v2\/posts\/44612\/revisions\/44634"}],"wp:featuredmedia":[{"embeddable":true,"href":"https:\/\/www.evropskakuca.me\/me\/wp-json\/wp\/v2\/media\/44524"}],"wp:attachment":[{"href":"https:\/\/www.evropskakuca.me\/me\/wp-json\/wp\/v2\/media?parent=44612"}],"wp:term":[{"taxonomy":"category","embeddable":true,"href":"https:\/\/www.evropskakuca.me\/me\/wp-json\/wp\/v2\/categories?post=44612"},{"taxonomy":"post_tag","embeddable":true,"href":"https:\/\/www.evropskakuca.me\/me\/wp-json\/wp\/v2\/tags?post=44612"}],"curies":[{"name":"wp","href":"https:\/\/api.w.org\/{rel}","templated":true}]}}