{"id":4441,"date":"2017-12-07T15:59:39","date_gmt":"2017-12-07T15:59:39","guid":{"rendered":"http:\/\/www.evropskakuca.me\/me\/?p=4441"},"modified":"2017-12-07T15:59:39","modified_gmt":"2017-12-07T15:59:39","slug":"je-li-pristup-informacijama-u-crnoj-gori-slobodan","status":"publish","type":"post","link":"https:\/\/www.evropskakuca.me\/me\/je-li-pristup-informacijama-u-crnoj-gori-slobodan\/","title":{"rendered":"Je li pristup informacijama u Crnoj Gori slobodan?"},"content":{"rendered":"<p>PODGORICA, 7. decembar 2017. &#8211; \u00a0Pravo na slobodan pristup informacijama omogu\u0107ava gra\u0111anima nadzor nad zakonito\u0161\u0107u rada organa vlasti, kao i nad tro\u0161enjem novca iz bud\u017eeta, \u0161to sprje\u010dava lo\u0161e upravljanje povjerenim sredstvima i su\u017eava mogu\u0107nost zloupotrebe i korupcije. Na panel diskusiji koja je organizovana u EU Info centru u okviru Nedelje borbe protiv korupcije generalna ocjena u\u010desnika bila je da institut slobodnog pristupa informacijama u Crnoj Gori jo\u0161 ne funkcioni\u0161e na zadovoljavaju\u0107em nivou.<\/p>\n<p><img fetchpriority=\"high\" decoding=\"async\" class=\"alignleft wp-image-4481 size-large\" src=\"http:\/\/www.evropskakuca.me\/wp-content\/uploads\/2017\/12\/171207_anti_corruption-10-1024x683.jpg\" alt=\"\" width=\"1024\" height=\"683\" \/><\/p>\n<p>Kao najve\u0107e probleme u\u010desnici su naveli \u0107utanje administracije, slabo proaktivno objavljivanje informacija, neznanje i pogre\u0161na primjena zakona, ali i nepo\u0161tovanje odluka Agencije za za\u0161titu li\u010dnih podataka i slobodan pristup informacijama i Upravnog suda.<\/p>\n<p>Podaci Agencije pokazuju da broj \u017ealbi koje ovo tijelo dobija drasti\u010dno raste. Prema rije\u010dima \u0161efice odsjeka agencije za slobodan pristup informacijama, Biljane Bo\u017ei\u0107, 2013. godine \u00a0primljene su 752 \u017ealbe, a 2016. \u010dak njih 2687, da bi tokom ove godine njihov broj prema\u0161io 4,5 hiljada. \u201eU prva tri kvartala koja su za nama usvojeno je 840 \u017ealbi, od kojih su 642 predmeta bila \u0107utanja administracije\u201c, kazala je Bo\u017ei\u0107.<\/p>\n<p><img decoding=\"async\" class=\"alignleft wp-image-4483 \" src=\"http:\/\/www.evropskakuca.me\/wp-content\/uploads\/2017\/12\/171207_anti_corruption-11.jpg\" alt=\"\" width=\"334\" height=\"230\" \/>Sa velikim brojem tu\u017ebi suo\u010dava se i Upravni sud. \u201eNemamo statisti\u010dke podatke, ali po mojoj slobodnoj procjeni kao sudije tog suda izuzetno je veliki broj sporova, a najve\u0107i broj njih ti\u010de se \u0107utanja prvostepenih i drugostepenih organa\u201c, kazala je sutkinja Upravnog suda Ana Perovi\u0107 Vojinovi\u0107, koja je napomenula i da taj sud ima 13000 premeta kojim se bavi 90 ljudi. \u201eMoj osje\u0107aj je da se jo\u0161 do kraja ne zna \u0161ta zna\u010di postupak slobodnog pristupa informacijama i koliko je on bitan. Moj li\u010dni utisak je zapravo da organi vlasti jo\u0161 nose taj relikt iz pro\u0161lih vremena da \u201emogu sve i kad oni ho\u0107e\u201c, kazala je Perovi\u0107 Vojinovi\u0107.<\/p>\n<p><img decoding=\"async\" class=\"alignright wp-image-4489 \" src=\"http:\/\/www.evropskakuca.me\/wp-content\/uploads\/2017\/12\/171207_anti_corruption-14.jpg\" alt=\"\" width=\"336\" height=\"225\" \/>U Ministarstvu javne uprave ka\u017eu da su svjesni nedostataka u funkcionisanju ovog instituta. Samostalna savjetnica u tom ministarstvu, Marija Tomovi\u0107, kazala je da \u0107e neki od problema u primjeni zakona, poput nedovoljne proaktivnosti dr\u017eavnih organa u objavljivanju informacija i obu\u010denosti i informisanosti slu\u017ebenika biti tretirani planiranom reformom javne uprave.<\/p>\n<p>Kad je u pitanju proaktivan pristup dr\u017eavnih organa, podaci MANS-a pokazuju da su tokom ove godine institucije objavile tek 40 odsto informacija koje bi trebalo da budu javne.<\/p>\n<p>Ova organizacija je ina\u010de za 12 godina koliko postoji Zakon o slobodnom pristupu informacijama podnijela 110 000 zahtjeva, a samo u ovoj godini preko 7000.<\/p>\n<p><img loading=\"lazy\" decoding=\"async\" class=\"alignleft wp-image-4445 \" src=\"http:\/\/www.evropskakuca.me\/wp-content\/uploads\/2017\/12\/171207_anti_corruption-16.jpg\" alt=\"\" width=\"331\" height=\"223\" \/>\u201eZa\u0161to toliko podnosimo zahtjeva? Odgovor je jednostavan. Zakon o slobodnom pristupu informacijama, kao antikorupcijski zakon nama predstavlja mehanizam pomo\u0107u kojeg dolazimo do dokumentacije koja nam na direktan ili indirektan na\u010din ukazuje na neregularnosti. U praksi se \u010desto de\u0161ava da upravo dokumentacija dobijena posredstvom tog zakona predstavlja dokazni materijala koji mi prila\u017eemo uz krivi\u010dne prijave koje mahom podnosimo protiv javnih funkcionera\u201c, pojasnio je koordinator Pravnog programa MANS-a, Vuk Jankovi\u0107.<\/p>\n<p>Panelu je prisustvovao i konsultant u kancelariji Povjerenika za informacije Slovenije Jan Merc, koji je predstavio izkustva te zemlje u ovoj oblasti, a poseban panel posve\u0107en je primjeni zakona o slobodnom pristupu informacijama u radu novinara i nevladinih organizacija. U\u010desnici panela bili su Mila Radulovi\u0107, urednica u dnevnom listu Vijesti, Marko Ve\u0161ovi\u0107, novinar dnevnog lista Dan, Milica Kova\u010devi\u0107, predsjednica Centra za demokratsku tranziciju, Mira Popovi\u0107, saradnica na programima Centra za gra\u0111ansko obrazovanje i Dejan Milovac, direktor Istra\u017eiva\u010dkog centra MANS-a.<\/p>\n<p><img loading=\"lazy\" decoding=\"async\" class=\"alignleft wp-image-4459 size-large\" src=\"http:\/\/www.evropskakuca.me\/wp-content\/uploads\/2017\/12\/171207_anti_corruption-23-1024x683.jpg\" alt=\"\" width=\"1024\" height=\"683\" \/><\/p>\n<p>Iskustva novinara i civilnih aktivista ve\u0107inom pokazuju da zbog sporosti sistema, ali i nerijetkog ignorisanja zahtjeva za dobijanje informacija ovaj institut ne koriste kao pouzdan alat u svom radu. Ipak, iz MANS-a su poru\u010dili da ipak ne treba odustajati, ve\u0107 uporno\u0161\u0107u uspostavljati institucionalnu praksu koja makar ne du\u017ee staze mora dati rezultate.<\/p>\n<p><img loading=\"lazy\" decoding=\"async\" class=\"alignleft wp-image-4479 size-medium\" src=\"http:\/\/www.evropskakuca.me\/wp-content\/uploads\/2017\/12\/171207_anti_corruption-9-300x200.jpg\" alt=\"\" width=\"300\" height=\"200\" \/><\/p>\n<p>Od ovog zakon o\u010dekuje se da bude ogledalo transparentnosti dru\u0161tva, pravne dr\u017eava i mjerilo demokratije u kojoj je dr\u017eavna uprava slu\u017eba svojih gra\u0111ana.<\/p>\n<p>Nedelju borbe protiv korupcije oganizuju Delegacija Evropske unije u Crnoj Gori i NVO MANS, uz podr\u0161ku EU info centra.<\/p>\n","protected":false},"excerpt":{"rendered":"<p>Gra\u0111ani imaju pravo da znaju<\/p>\n","protected":false},"author":1,"featured_media":33174,"comment_status":"open","ping_status":"open","sticky":false,"template":"","format":"standard","meta":{"_acf_changed":false,"footnotes":""},"categories":[],"tags":[],"class_list":["post-4441","post","type-post","status-publish","format-standard","has-post-thumbnail","hentry"],"acf":[],"yoast_head":"<!-- This site is optimized with the Yoast SEO plugin v27.3 - https:\/\/yoast.com\/product\/yoast-seo-wordpress\/ -->\n<title>Je li pristup informacijama u Crnoj Gori slobodan? - Europe House<\/title>\n<meta name=\"robots\" content=\"index, follow, max-snippet:-1, max-image-preview:large, max-video-preview:-1\" \/>\n<link rel=\"canonical\" href=\"https:\/\/www.evropskakuca.me\/me\/je-li-pristup-informacijama-u-crnoj-gori-slobodan\/\" \/>\n<meta property=\"og:locale\" content=\"en_US\" \/>\n<meta property=\"og:type\" content=\"article\" \/>\n<meta property=\"og:title\" content=\"Je li pristup informacijama u Crnoj Gori slobodan? - Europe House\" \/>\n<meta property=\"og:description\" content=\"Gra\u0111ani imaju pravo da znaju\" \/>\n<meta property=\"og:url\" content=\"https:\/\/www.evropskakuca.me\/me\/je-li-pristup-informacijama-u-crnoj-gori-slobodan\/\" \/>\n<meta property=\"og:site_name\" content=\"Europe House\" \/>\n<meta property=\"article:publisher\" content=\"https:\/\/www.facebook.com\/evropska.kuca\" \/>\n<meta property=\"article:published_time\" content=\"2017-12-07T15:59:39+00:00\" \/>\n<meta property=\"og:image\" content=\"https:\/\/www.evropskakuca.me\/wp-content\/uploads\/2017\/12\/171207_anti_corruption-13.jpg\" \/>\n\t<meta property=\"og:image:width\" content=\"2028\" \/>\n\t<meta property=\"og:image:height\" content=\"1352\" \/>\n\t<meta property=\"og:image:type\" content=\"image\/jpeg\" \/>\n<meta name=\"author\" content=\"mkajic\" \/>\n<meta name=\"twitter:card\" content=\"summary_large_image\" \/>\n<meta name=\"twitter:creator\" content=\"@evropska_kuca\" \/>\n<meta name=\"twitter:site\" content=\"@evropska_kuca\" \/>\n<meta name=\"twitter:label1\" content=\"Written by\" \/>\n\t<meta name=\"twitter:data1\" content=\"mkajic\" \/>\n\t<meta name=\"twitter:label2\" content=\"Est. reading time\" \/>\n\t<meta name=\"twitter:data2\" content=\"3 minutes\" \/>\n<script type=\"application\/ld+json\" class=\"yoast-schema-graph\">{\"@context\":\"https:\\\/\\\/schema.org\",\"@graph\":[{\"@type\":\"Article\",\"@id\":\"https:\\\/\\\/www.evropskakuca.me\\\/me\\\/je-li-pristup-informacijama-u-crnoj-gori-slobodan\\\/#article\",\"isPartOf\":{\"@id\":\"https:\\\/\\\/www.evropskakuca.me\\\/me\\\/je-li-pristup-informacijama-u-crnoj-gori-slobodan\\\/\"},\"author\":{\"name\":\"mkajic\",\"@id\":\"https:\\\/\\\/www.evropskakuca.me\\\/me\\\/#\\\/schema\\\/person\\\/a1d0dcdaefe4a1cd1d60d200ea137ba4\"},\"headline\":\"Je li pristup informacijama u Crnoj Gori slobodan?\",\"datePublished\":\"2017-12-07T15:59:39+00:00\",\"mainEntityOfPage\":{\"@id\":\"https:\\\/\\\/www.evropskakuca.me\\\/me\\\/je-li-pristup-informacijama-u-crnoj-gori-slobodan\\\/\"},\"wordCount\":677,\"commentCount\":0,\"publisher\":{\"@id\":\"https:\\\/\\\/www.evropskakuca.me\\\/me\\\/#organization\"},\"image\":{\"@id\":\"https:\\\/\\\/www.evropskakuca.me\\\/me\\\/je-li-pristup-informacijama-u-crnoj-gori-slobodan\\\/#primaryimage\"},\"thumbnailUrl\":\"https:\\\/\\\/www.evropskakuca.me\\\/wp-content\\\/uploads\\\/2017\\\/12\\\/171207_anti_corruption-13.jpg\",\"inLanguage\":\"me-ME\",\"potentialAction\":[{\"@type\":\"CommentAction\",\"name\":\"Comment\",\"target\":[\"https:\\\/\\\/www.evropskakuca.me\\\/me\\\/je-li-pristup-informacijama-u-crnoj-gori-slobodan\\\/#respond\"]}]},{\"@type\":\"WebPage\",\"@id\":\"https:\\\/\\\/www.evropskakuca.me\\\/me\\\/je-li-pristup-informacijama-u-crnoj-gori-slobodan\\\/\",\"url\":\"https:\\\/\\\/www.evropskakuca.me\\\/me\\\/je-li-pristup-informacijama-u-crnoj-gori-slobodan\\\/\",\"name\":\"Je li pristup informacijama u Crnoj Gori slobodan? - Europe House\",\"isPartOf\":{\"@id\":\"https:\\\/\\\/www.evropskakuca.me\\\/me\\\/#website\"},\"primaryImageOfPage\":{\"@id\":\"https:\\\/\\\/www.evropskakuca.me\\\/me\\\/je-li-pristup-informacijama-u-crnoj-gori-slobodan\\\/#primaryimage\"},\"image\":{\"@id\":\"https:\\\/\\\/www.evropskakuca.me\\\/me\\\/je-li-pristup-informacijama-u-crnoj-gori-slobodan\\\/#primaryimage\"},\"thumbnailUrl\":\"https:\\\/\\\/www.evropskakuca.me\\\/wp-content\\\/uploads\\\/2017\\\/12\\\/171207_anti_corruption-13.jpg\",\"datePublished\":\"2017-12-07T15:59:39+00:00\",\"breadcrumb\":{\"@id\":\"https:\\\/\\\/www.evropskakuca.me\\\/me\\\/je-li-pristup-informacijama-u-crnoj-gori-slobodan\\\/#breadcrumb\"},\"inLanguage\":\"me-ME\",\"potentialAction\":[{\"@type\":\"ReadAction\",\"target\":[\"https:\\\/\\\/www.evropskakuca.me\\\/me\\\/je-li-pristup-informacijama-u-crnoj-gori-slobodan\\\/\"]}]},{\"@type\":\"ImageObject\",\"inLanguage\":\"me-ME\",\"@id\":\"https:\\\/\\\/www.evropskakuca.me\\\/me\\\/je-li-pristup-informacijama-u-crnoj-gori-slobodan\\\/#primaryimage\",\"url\":\"https:\\\/\\\/www.evropskakuca.me\\\/wp-content\\\/uploads\\\/2017\\\/12\\\/171207_anti_corruption-13.jpg\",\"contentUrl\":\"https:\\\/\\\/www.evropskakuca.me\\\/wp-content\\\/uploads\\\/2017\\\/12\\\/171207_anti_corruption-13.jpg\",\"width\":2028,\"height\":1352},{\"@type\":\"BreadcrumbList\",\"@id\":\"https:\\\/\\\/www.evropskakuca.me\\\/me\\\/je-li-pristup-informacijama-u-crnoj-gori-slobodan\\\/#breadcrumb\",\"itemListElement\":[{\"@type\":\"ListItem\",\"position\":1,\"name\":\"Home\",\"item\":\"https:\\\/\\\/www.evropskakuca.me\\\/me\\\/\"},{\"@type\":\"ListItem\",\"position\":2,\"name\":\"Je li pristup informacijama u Crnoj Gori slobodan?\"}]},{\"@type\":\"WebSite\",\"@id\":\"https:\\\/\\\/www.evropskakuca.me\\\/me\\\/#website\",\"url\":\"https:\\\/\\\/www.evropskakuca.me\\\/me\\\/\",\"name\":\"Evropean house\",\"description\":\"\",\"publisher\":{\"@id\":\"https:\\\/\\\/www.evropskakuca.me\\\/me\\\/#organization\"},\"potentialAction\":[{\"@type\":\"SearchAction\",\"target\":{\"@type\":\"EntryPoint\",\"urlTemplate\":\"https:\\\/\\\/www.evropskakuca.me\\\/me\\\/?s={search_term_string}\"},\"query-input\":{\"@type\":\"PropertyValueSpecification\",\"valueRequired\":true,\"valueName\":\"search_term_string\"}}],\"inLanguage\":\"me-ME\"},{\"@type\":\"Organization\",\"@id\":\"https:\\\/\\\/www.evropskakuca.me\\\/me\\\/#organization\",\"name\":\"Evropean house\",\"url\":\"https:\\\/\\\/www.evropskakuca.me\\\/me\\\/\",\"logo\":{\"@type\":\"ImageObject\",\"inLanguage\":\"me-ME\",\"@id\":\"https:\\\/\\\/www.evropskakuca.me\\\/me\\\/#\\\/schema\\\/logo\\\/image\\\/\",\"url\":\"https:\\\/\\\/www.evropskakuca.me\\\/wp-content\\\/uploads\\\/2025\\\/01\\\/evropska-kuca-logo-1.png\",\"contentUrl\":\"https:\\\/\\\/www.evropskakuca.me\\\/wp-content\\\/uploads\\\/2025\\\/01\\\/evropska-kuca-logo-1.png\",\"width\":425,\"height\":312,\"caption\":\"Evropean house\"},\"image\":{\"@id\":\"https:\\\/\\\/www.evropskakuca.me\\\/me\\\/#\\\/schema\\\/logo\\\/image\\\/\"},\"sameAs\":[\"https:\\\/\\\/www.facebook.com\\\/evropska.kuca\",\"https:\\\/\\\/x.com\\\/evropska_kuca\",\"https:\\\/\\\/www.instagram.com\\\/evropska_kuca\"]},{\"@type\":\"Person\",\"@id\":\"https:\\\/\\\/www.evropskakuca.me\\\/me\\\/#\\\/schema\\\/person\\\/a1d0dcdaefe4a1cd1d60d200ea137ba4\",\"name\":\"mkajic\",\"image\":{\"@type\":\"ImageObject\",\"inLanguage\":\"me-ME\",\"@id\":\"https:\\\/\\\/secure.gravatar.com\\\/avatar\\\/731fa035cefab7316e6bafd1f25a93fb731a07de14e2d9923f8db4422628eabc?s=96&d=mm&r=g\",\"url\":\"https:\\\/\\\/secure.gravatar.com\\\/avatar\\\/731fa035cefab7316e6bafd1f25a93fb731a07de14e2d9923f8db4422628eabc?s=96&d=mm&r=g\",\"contentUrl\":\"https:\\\/\\\/secure.gravatar.com\\\/avatar\\\/731fa035cefab7316e6bafd1f25a93fb731a07de14e2d9923f8db4422628eabc?s=96&d=mm&r=g\",\"caption\":\"mkajic\"},\"sameAs\":[\"https:\\\/\\\/evropskakuca.me\"],\"url\":\"https:\\\/\\\/www.evropskakuca.me\\\/me\\\/author\\\/mkajic\\\/\"}]}<\/script>\n<!-- \/ Yoast SEO plugin. -->","yoast_head_json":{"title":"Je li pristup informacijama u Crnoj Gori slobodan? - Europe House","robots":{"index":"index","follow":"follow","max-snippet":"max-snippet:-1","max-image-preview":"max-image-preview:large","max-video-preview":"max-video-preview:-1"},"canonical":"https:\/\/www.evropskakuca.me\/me\/je-li-pristup-informacijama-u-crnoj-gori-slobodan\/","og_locale":"en_US","og_type":"article","og_title":"Je li pristup informacijama u Crnoj Gori slobodan? - Europe House","og_description":"Gra\u0111ani imaju pravo da znaju","og_url":"https:\/\/www.evropskakuca.me\/me\/je-li-pristup-informacijama-u-crnoj-gori-slobodan\/","og_site_name":"Europe House","article_publisher":"https:\/\/www.facebook.com\/evropska.kuca","article_published_time":"2017-12-07T15:59:39+00:00","og_image":[{"width":2028,"height":1352,"url":"https:\/\/www.evropskakuca.me\/wp-content\/uploads\/2017\/12\/171207_anti_corruption-13.jpg","type":"image\/jpeg"}],"author":"mkajic","twitter_card":"summary_large_image","twitter_creator":"@evropska_kuca","twitter_site":"@evropska_kuca","twitter_misc":{"Written by":"mkajic","Est. reading time":"3 minutes"},"schema":{"@context":"https:\/\/schema.org","@graph":[{"@type":"Article","@id":"https:\/\/www.evropskakuca.me\/me\/je-li-pristup-informacijama-u-crnoj-gori-slobodan\/#article","isPartOf":{"@id":"https:\/\/www.evropskakuca.me\/me\/je-li-pristup-informacijama-u-crnoj-gori-slobodan\/"},"author":{"name":"mkajic","@id":"https:\/\/www.evropskakuca.me\/me\/#\/schema\/person\/a1d0dcdaefe4a1cd1d60d200ea137ba4"},"headline":"Je li pristup informacijama u Crnoj Gori slobodan?","datePublished":"2017-12-07T15:59:39+00:00","mainEntityOfPage":{"@id":"https:\/\/www.evropskakuca.me\/me\/je-li-pristup-informacijama-u-crnoj-gori-slobodan\/"},"wordCount":677,"commentCount":0,"publisher":{"@id":"https:\/\/www.evropskakuca.me\/me\/#organization"},"image":{"@id":"https:\/\/www.evropskakuca.me\/me\/je-li-pristup-informacijama-u-crnoj-gori-slobodan\/#primaryimage"},"thumbnailUrl":"https:\/\/www.evropskakuca.me\/wp-content\/uploads\/2017\/12\/171207_anti_corruption-13.jpg","inLanguage":"me-ME","potentialAction":[{"@type":"CommentAction","name":"Comment","target":["https:\/\/www.evropskakuca.me\/me\/je-li-pristup-informacijama-u-crnoj-gori-slobodan\/#respond"]}]},{"@type":"WebPage","@id":"https:\/\/www.evropskakuca.me\/me\/je-li-pristup-informacijama-u-crnoj-gori-slobodan\/","url":"https:\/\/www.evropskakuca.me\/me\/je-li-pristup-informacijama-u-crnoj-gori-slobodan\/","name":"Je li pristup informacijama u Crnoj Gori slobodan? - Europe House","isPartOf":{"@id":"https:\/\/www.evropskakuca.me\/me\/#website"},"primaryImageOfPage":{"@id":"https:\/\/www.evropskakuca.me\/me\/je-li-pristup-informacijama-u-crnoj-gori-slobodan\/#primaryimage"},"image":{"@id":"https:\/\/www.evropskakuca.me\/me\/je-li-pristup-informacijama-u-crnoj-gori-slobodan\/#primaryimage"},"thumbnailUrl":"https:\/\/www.evropskakuca.me\/wp-content\/uploads\/2017\/12\/171207_anti_corruption-13.jpg","datePublished":"2017-12-07T15:59:39+00:00","breadcrumb":{"@id":"https:\/\/www.evropskakuca.me\/me\/je-li-pristup-informacijama-u-crnoj-gori-slobodan\/#breadcrumb"},"inLanguage":"me-ME","potentialAction":[{"@type":"ReadAction","target":["https:\/\/www.evropskakuca.me\/me\/je-li-pristup-informacijama-u-crnoj-gori-slobodan\/"]}]},{"@type":"ImageObject","inLanguage":"me-ME","@id":"https:\/\/www.evropskakuca.me\/me\/je-li-pristup-informacijama-u-crnoj-gori-slobodan\/#primaryimage","url":"https:\/\/www.evropskakuca.me\/wp-content\/uploads\/2017\/12\/171207_anti_corruption-13.jpg","contentUrl":"https:\/\/www.evropskakuca.me\/wp-content\/uploads\/2017\/12\/171207_anti_corruption-13.jpg","width":2028,"height":1352},{"@type":"BreadcrumbList","@id":"https:\/\/www.evropskakuca.me\/me\/je-li-pristup-informacijama-u-crnoj-gori-slobodan\/#breadcrumb","itemListElement":[{"@type":"ListItem","position":1,"name":"Home","item":"https:\/\/www.evropskakuca.me\/me\/"},{"@type":"ListItem","position":2,"name":"Je li pristup informacijama u Crnoj Gori slobodan?"}]},{"@type":"WebSite","@id":"https:\/\/www.evropskakuca.me\/me\/#website","url":"https:\/\/www.evropskakuca.me\/me\/","name":"Evropean house","description":"","publisher":{"@id":"https:\/\/www.evropskakuca.me\/me\/#organization"},"potentialAction":[{"@type":"SearchAction","target":{"@type":"EntryPoint","urlTemplate":"https:\/\/www.evropskakuca.me\/me\/?s={search_term_string}"},"query-input":{"@type":"PropertyValueSpecification","valueRequired":true,"valueName":"search_term_string"}}],"inLanguage":"me-ME"},{"@type":"Organization","@id":"https:\/\/www.evropskakuca.me\/me\/#organization","name":"Evropean house","url":"https:\/\/www.evropskakuca.me\/me\/","logo":{"@type":"ImageObject","inLanguage":"me-ME","@id":"https:\/\/www.evropskakuca.me\/me\/#\/schema\/logo\/image\/","url":"https:\/\/www.evropskakuca.me\/wp-content\/uploads\/2025\/01\/evropska-kuca-logo-1.png","contentUrl":"https:\/\/www.evropskakuca.me\/wp-content\/uploads\/2025\/01\/evropska-kuca-logo-1.png","width":425,"height":312,"caption":"Evropean house"},"image":{"@id":"https:\/\/www.evropskakuca.me\/me\/#\/schema\/logo\/image\/"},"sameAs":["https:\/\/www.facebook.com\/evropska.kuca","https:\/\/x.com\/evropska_kuca","https:\/\/www.instagram.com\/evropska_kuca"]},{"@type":"Person","@id":"https:\/\/www.evropskakuca.me\/me\/#\/schema\/person\/a1d0dcdaefe4a1cd1d60d200ea137ba4","name":"mkajic","image":{"@type":"ImageObject","inLanguage":"me-ME","@id":"https:\/\/secure.gravatar.com\/avatar\/731fa035cefab7316e6bafd1f25a93fb731a07de14e2d9923f8db4422628eabc?s=96&d=mm&r=g","url":"https:\/\/secure.gravatar.com\/avatar\/731fa035cefab7316e6bafd1f25a93fb731a07de14e2d9923f8db4422628eabc?s=96&d=mm&r=g","contentUrl":"https:\/\/secure.gravatar.com\/avatar\/731fa035cefab7316e6bafd1f25a93fb731a07de14e2d9923f8db4422628eabc?s=96&d=mm&r=g","caption":"mkajic"},"sameAs":["https:\/\/evropskakuca.me"],"url":"https:\/\/www.evropskakuca.me\/me\/author\/mkajic\/"}]}},"_links":{"self":[{"href":"https:\/\/www.evropskakuca.me\/me\/wp-json\/wp\/v2\/posts\/4441","targetHints":{"allow":["GET"]}}],"collection":[{"href":"https:\/\/www.evropskakuca.me\/me\/wp-json\/wp\/v2\/posts"}],"about":[{"href":"https:\/\/www.evropskakuca.me\/me\/wp-json\/wp\/v2\/types\/post"}],"author":[{"embeddable":true,"href":"https:\/\/www.evropskakuca.me\/me\/wp-json\/wp\/v2\/users\/1"}],"replies":[{"embeddable":true,"href":"https:\/\/www.evropskakuca.me\/me\/wp-json\/wp\/v2\/comments?post=4441"}],"version-history":[{"count":0,"href":"https:\/\/www.evropskakuca.me\/me\/wp-json\/wp\/v2\/posts\/4441\/revisions"}],"wp:featuredmedia":[{"embeddable":true,"href":"https:\/\/www.evropskakuca.me\/me\/wp-json\/wp\/v2\/media\/33174"}],"wp:attachment":[{"href":"https:\/\/www.evropskakuca.me\/me\/wp-json\/wp\/v2\/media?parent=4441"}],"wp:term":[{"taxonomy":"category","embeddable":true,"href":"https:\/\/www.evropskakuca.me\/me\/wp-json\/wp\/v2\/categories?post=4441"},{"taxonomy":"post_tag","embeddable":true,"href":"https:\/\/www.evropskakuca.me\/me\/wp-json\/wp\/v2\/tags?post=4441"}],"curies":[{"name":"wp","href":"https:\/\/api.w.org\/{rel}","templated":true}]}}