{"id":44409,"date":"2025-05-16T13:56:42","date_gmt":"2025-05-16T13:56:42","guid":{"rendered":"https:\/\/www.evropskakuca.me\/?p=44409"},"modified":"2025-05-20T15:28:21","modified_gmt":"2025-05-20T15:28:21","slug":"idahobit-2025-u-podgorici-moc-zajednica-u-fokusu-borbe-za-lgbtiq-prava","status":"publish","type":"post","link":"https:\/\/www.evropskakuca.me\/me\/idahobit-2025-u-podgorici-moc-zajednica-u-fokusu-borbe-za-lgbtiq-prava\/","title":{"rendered":"\u201eMo\u0107 zajednica&#8221; u fokusu borbe za LGBTIQ+ prava"},"content":{"rendered":"\n<p>Tre\u0107u godinu zaredom, povodom <strong>Me\u0111unarodnog dana borbe protiv homofobije, transfobije i bifobije <\/strong>(IDAHOBIT), Evropska ku\u0107a i Mre\u017ea mladih evropskih ambasadora (YEA) organizovali su u Evropskoj ku\u0107i panel diskusiju pod nazivom\u00a0\u201eMo\u0107 zajednica&#8221;\u00a0\u2013 temu ovogodi\u0161njeg globalnog obilje\u017eavanja. Ovaj doga\u0111aj okupio je aktivistkinje, predstavnike institucija i zajednice u otvoreni dijalog o izazovima i snazi LGBTIQ+ zajednica u Crnoj Gori. Panel je ukazao na va\u017enost me\u0111usobne solidarnosti, preno\u0161enja kolektivne mudrosti i emocionalne otpornosti u borbi za ljudska prava.<\/p>\n\n\n\n<p>Panelistkinje su bile <strong>Marica Vlahovi\u0107<\/strong>, \u0161efica Kancelarije za LGBTIQ+ lica Glavnog grada,\u00a0<strong>Katica Maksan<\/strong>, projektna koordinatorka u CEDEM-u i LGBTIQ+ aktivistkinja i\u00a0<strong>Hana Konatar<\/strong>, queer aktivistkinja i umjetnica. Diskusijom je moderirao\u00a0<strong>Vojin \u0106etkovi\u0107<\/strong>, aktivista i mladi evropski ambasador.<\/p>\n\n\n\n<figure class=\"wp-block-image size-large\"><img decoding=\"async\" src=\"https:\/\/www.evropskakuca.me\/wp-content\/uploads\/2025\/05\/photo-1-3-1024x682.jpeg\" alt=\"\" class=\"wp-image-44410\"\/><\/figure>\n\n\n\n<p>Panelistkinje su iznijele li\u010dna iskustva o po\u010decima aktivizma, suo\u010davanju sa strahovima, ali i o snazi koju su prona\u0161le u zajedni\u0161tvu.<\/p>\n\n\n\n<blockquote class=\"wp-block-quote is-layout-flow wp-block-quote-is-layout-flow\">\n<p>\u201eZajednica je za mene ono \u0161to sami stvaramo. Po\u010detak je bio te\u017eak, bez sigurnih prostora i sa vrlo malo institucionalne podr\u0161ke&#8221;, istakla je Katica Maksan, prisje\u0107aju\u0107i se svojih po\u010detaka u LGBT pokretu u Crnoj Gori.<\/p>\n<\/blockquote>\n\n\n\n<p>Marica Vlahovi\u0107 je dodala: \u201ePonosna sam na umre\u017eavanje tokom pandemije, mnogo mladih je postalo aktivno, prepoznali su da postoje prostori koji su sigurni i prijateljski nastrojeni.&#8221;<\/p>\n\n\n\n<p>Hana Konatar je iskreno govorila o cijeni anga\u017emana: \u201eMeni je aktivizam uzeo ogroman dio nade. Uzeo mi je vjeru da je promjena mogu\u0107a, ali istovremeno me natjerao da nastavim.&#8221;<\/p>\n\n\n\n<p>Tokom diskusije otvorena su pitanja: Kako izgraditi povjerenje izme\u0111u zajednice i institucija? Da li strategije za ljudska prava uop\u0161te uklju\u010duju stvarne \u010dlanove zajednice? Ko su nevidljivi unutar same zajednice i kako ih uklju\u010diti?<\/p>\n\n\n\n<figure class=\"wp-block-image size-large\"><img fetchpriority=\"high\" decoding=\"async\" width=\"1024\" height=\"683\" src=\"https:\/\/www.evropskakuca.me\/wp-content\/uploads\/2025\/05\/photo-2-3-1024x683.jpeg\" alt=\"\" class=\"wp-image-44412\" srcset=\"https:\/\/www.evropskakuca.me\/wp-content\/uploads\/2025\/05\/photo-2-3-1024x683.jpeg 1024w, https:\/\/www.evropskakuca.me\/wp-content\/uploads\/2025\/05\/photo-2-3-300x200.jpeg 300w, https:\/\/www.evropskakuca.me\/wp-content\/uploads\/2025\/05\/photo-2-3-768x512.jpeg 768w, https:\/\/www.evropskakuca.me\/wp-content\/uploads\/2025\/05\/photo-2-3.jpeg 1500w\" sizes=\"(max-width: 1024px) 100vw, 1024px\" \/><\/figure>\n\n\n\n<p>Panelistkinje su ukazale na razliku izme\u0111u stvarne i performativne solidarnosti. Tako\u0111e su naglasile va\u017enost intersekcionalnog pristupa koji uklju\u010duje klasne, nacionalne i rodne razlike, kao i \u010dinjenicu da \u017eene \u010dine ve\u0107inu aktivizma ali ostaju nevidljive \u2014 i u LGBTIQ+ i u feministi\u010dkom pokretu. One su se saglasile da vidljivost ne zna\u010di autovanje ve\u0107 prije svega prisustvo tema koje su va\u017ene za zajednicu. U\u010desnici su poru\u010dili da zakoni, koliko god va\u017eni, ne zna\u010de mnogo ako zajednica ostaje isklju\u010dena iz njihovog oblikovanja i implementacije. Potrebno je graditi povjerenje i osna\u017eiti \u010dlanove zajednice da budu aktivni akteri promjena.<\/p>\n\n\n\n<p>Doga\u0111aj je zaklju\u010den pozivom na ja\u010danje zajednice iznutra: kroz edukaciju, me\u0111usobnu podr\u0161ku i stvaranje prostora za autenti\u010dan \u017eivot bez kompromisa.<\/p>\n","protected":false},"excerpt":{"rendered":"<p>Tre\u0107u godinu zaredom, povodom Me\u0111unarodnog dana borbe protiv homofobije, transfobije i bifobije (IDAHOBIT), Evropska ku\u0107a i Mre\u017ea mladih evropskih ambasadora (YEA) organizovali su u Evropskoj ku\u0107i panel diskusiju pod nazivom\u00a0\u201eMo\u0107 zajednica&#8221;\u00a0\u2013 temu ovogodi\u0161njeg globalnog obilje\u017eavanja. Ovaj doga\u0111aj okupio je aktivistkinje, predstavnike institucija i zajednice u otvoreni dijalog o izazovima i snazi LGBTIQ+ zajednica u Crnoj [&hellip;]<\/p>\n","protected":false},"author":3,"featured_media":44410,"comment_status":"closed","ping_status":"closed","sticky":false,"template":"","format":"standard","meta":{"_acf_changed":false,"footnotes":""},"categories":[283,2,524],"tags":[],"class_list":["post-44409","post","type-post","status-publish","format-standard","has-post-thumbnail","hentry","category-novosti-me","category-uncategorized-me","category-vesti"],"acf":[],"yoast_head":"<!-- This site is optimized with the Yoast SEO plugin v27.3 - https:\/\/yoast.com\/product\/yoast-seo-wordpress\/ -->\n<title>\u201eMo\u0107 zajednica&quot; u fokusu borbe za LGBTIQ+ prava - Europe House<\/title>\n<meta name=\"robots\" content=\"index, follow, max-snippet:-1, max-image-preview:large, max-video-preview:-1\" \/>\n<link rel=\"canonical\" href=\"https:\/\/www.evropskakuca.me\/me\/idahobit-2025-u-podgorici-moc-zajednica-u-fokusu-borbe-za-lgbtiq-prava\/\" \/>\n<meta property=\"og:locale\" content=\"en_US\" \/>\n<meta property=\"og:type\" content=\"article\" \/>\n<meta property=\"og:title\" content=\"\u201eMo\u0107 zajednica&quot; u fokusu borbe za LGBTIQ+ prava - Europe House\" \/>\n<meta property=\"og:description\" content=\"Tre\u0107u godinu zaredom, povodom Me\u0111unarodnog dana borbe protiv homofobije, transfobije i bifobije (IDAHOBIT), Evropska ku\u0107a i Mre\u017ea mladih evropskih ambasadora (YEA) organizovali su u Evropskoj ku\u0107i panel diskusiju pod nazivom\u00a0\u201eMo\u0107 zajednica&#8221;\u00a0\u2013 temu ovogodi\u0161njeg globalnog obilje\u017eavanja. Ovaj doga\u0111aj okupio je aktivistkinje, predstavnike institucija i zajednice u otvoreni dijalog o izazovima i snazi LGBTIQ+ zajednica u Crnoj [&hellip;]\" \/>\n<meta property=\"og:url\" content=\"https:\/\/www.evropskakuca.me\/me\/idahobit-2025-u-podgorici-moc-zajednica-u-fokusu-borbe-za-lgbtiq-prava\/\" \/>\n<meta property=\"og:site_name\" content=\"Europe House\" \/>\n<meta property=\"article:publisher\" content=\"https:\/\/www.facebook.com\/evropska.kuca\" \/>\n<meta property=\"article:published_time\" content=\"2025-05-16T13:56:42+00:00\" \/>\n<meta property=\"article:modified_time\" content=\"2025-05-20T15:28:21+00:00\" \/>\n<meta property=\"og:image\" content=\"https:\/\/www.evropskakuca.me\/wp-content\/uploads\/2025\/05\/photo-1-3-e1747403867362.jpeg\" \/>\n\t<meta property=\"og:image:width\" content=\"1475\" \/>\n\t<meta property=\"og:image:height\" content=\"560\" \/>\n\t<meta property=\"og:image:type\" content=\"image\/jpeg\" \/>\n<meta name=\"author\" content=\"Aleksandar Vukovic\" \/>\n<meta name=\"twitter:card\" content=\"summary_large_image\" \/>\n<meta name=\"twitter:creator\" content=\"@evropska_kuca\" \/>\n<meta name=\"twitter:site\" content=\"@evropska_kuca\" \/>\n<meta name=\"twitter:label1\" content=\"Written by\" \/>\n\t<meta name=\"twitter:data1\" content=\"Aleksandar Vukovic\" \/>\n\t<meta name=\"twitter:label2\" content=\"Est. reading time\" \/>\n\t<meta name=\"twitter:data2\" content=\"3 minutes\" \/>\n<script type=\"application\/ld+json\" class=\"yoast-schema-graph\">{\"@context\":\"https:\\\/\\\/schema.org\",\"@graph\":[{\"@type\":\"Article\",\"@id\":\"https:\\\/\\\/www.evropskakuca.me\\\/me\\\/idahobit-2025-u-podgorici-moc-zajednica-u-fokusu-borbe-za-lgbtiq-prava\\\/#article\",\"isPartOf\":{\"@id\":\"https:\\\/\\\/www.evropskakuca.me\\\/me\\\/idahobit-2025-u-podgorici-moc-zajednica-u-fokusu-borbe-za-lgbtiq-prava\\\/\"},\"author\":{\"name\":\"Aleksandar Vukovic\",\"@id\":\"https:\\\/\\\/www.evropskakuca.me\\\/me\\\/#\\\/schema\\\/person\\\/7e16527119c7b67f457996b970f2bd6e\"},\"headline\":\"\u201eMo\u0107 zajednica&#8221; u fokusu borbe za LGBTIQ+ prava\",\"datePublished\":\"2025-05-16T13:56:42+00:00\",\"dateModified\":\"2025-05-20T15:28:21+00:00\",\"mainEntityOfPage\":{\"@id\":\"https:\\\/\\\/www.evropskakuca.me\\\/me\\\/idahobit-2025-u-podgorici-moc-zajednica-u-fokusu-borbe-za-lgbtiq-prava\\\/\"},\"wordCount\":426,\"publisher\":{\"@id\":\"https:\\\/\\\/www.evropskakuca.me\\\/me\\\/#organization\"},\"image\":{\"@id\":\"https:\\\/\\\/www.evropskakuca.me\\\/me\\\/idahobit-2025-u-podgorici-moc-zajednica-u-fokusu-borbe-za-lgbtiq-prava\\\/#primaryimage\"},\"thumbnailUrl\":\"https:\\\/\\\/www.evropskakuca.me\\\/wp-content\\\/uploads\\\/2025\\\/05\\\/photo-1-3-e1747403867362.jpeg\",\"articleSection\":[\"Novosti\",\"Uncategorized @me\",\"Vesti\"],\"inLanguage\":\"me-ME\"},{\"@type\":\"WebPage\",\"@id\":\"https:\\\/\\\/www.evropskakuca.me\\\/me\\\/idahobit-2025-u-podgorici-moc-zajednica-u-fokusu-borbe-za-lgbtiq-prava\\\/\",\"url\":\"https:\\\/\\\/www.evropskakuca.me\\\/me\\\/idahobit-2025-u-podgorici-moc-zajednica-u-fokusu-borbe-za-lgbtiq-prava\\\/\",\"name\":\"\u201eMo\u0107 zajednica\\\" u fokusu borbe za LGBTIQ+ prava - Europe House\",\"isPartOf\":{\"@id\":\"https:\\\/\\\/www.evropskakuca.me\\\/me\\\/#website\"},\"primaryImageOfPage\":{\"@id\":\"https:\\\/\\\/www.evropskakuca.me\\\/me\\\/idahobit-2025-u-podgorici-moc-zajednica-u-fokusu-borbe-za-lgbtiq-prava\\\/#primaryimage\"},\"image\":{\"@id\":\"https:\\\/\\\/www.evropskakuca.me\\\/me\\\/idahobit-2025-u-podgorici-moc-zajednica-u-fokusu-borbe-za-lgbtiq-prava\\\/#primaryimage\"},\"thumbnailUrl\":\"https:\\\/\\\/www.evropskakuca.me\\\/wp-content\\\/uploads\\\/2025\\\/05\\\/photo-1-3-e1747403867362.jpeg\",\"datePublished\":\"2025-05-16T13:56:42+00:00\",\"dateModified\":\"2025-05-20T15:28:21+00:00\",\"breadcrumb\":{\"@id\":\"https:\\\/\\\/www.evropskakuca.me\\\/me\\\/idahobit-2025-u-podgorici-moc-zajednica-u-fokusu-borbe-za-lgbtiq-prava\\\/#breadcrumb\"},\"inLanguage\":\"me-ME\",\"potentialAction\":[{\"@type\":\"ReadAction\",\"target\":[\"https:\\\/\\\/www.evropskakuca.me\\\/me\\\/idahobit-2025-u-podgorici-moc-zajednica-u-fokusu-borbe-za-lgbtiq-prava\\\/\"]}]},{\"@type\":\"ImageObject\",\"inLanguage\":\"me-ME\",\"@id\":\"https:\\\/\\\/www.evropskakuca.me\\\/me\\\/idahobit-2025-u-podgorici-moc-zajednica-u-fokusu-borbe-za-lgbtiq-prava\\\/#primaryimage\",\"url\":\"https:\\\/\\\/www.evropskakuca.me\\\/wp-content\\\/uploads\\\/2025\\\/05\\\/photo-1-3-e1747403867362.jpeg\",\"contentUrl\":\"https:\\\/\\\/www.evropskakuca.me\\\/wp-content\\\/uploads\\\/2025\\\/05\\\/photo-1-3-e1747403867362.jpeg\",\"width\":1475,\"height\":560},{\"@type\":\"BreadcrumbList\",\"@id\":\"https:\\\/\\\/www.evropskakuca.me\\\/me\\\/idahobit-2025-u-podgorici-moc-zajednica-u-fokusu-borbe-za-lgbtiq-prava\\\/#breadcrumb\",\"itemListElement\":[{\"@type\":\"ListItem\",\"position\":1,\"name\":\"Home\",\"item\":\"https:\\\/\\\/www.evropskakuca.me\\\/me\\\/\"},{\"@type\":\"ListItem\",\"position\":2,\"name\":\"\u201eMo\u0107 zajednica&#8221; u fokusu borbe za LGBTIQ+ prava\"}]},{\"@type\":\"WebSite\",\"@id\":\"https:\\\/\\\/www.evropskakuca.me\\\/me\\\/#website\",\"url\":\"https:\\\/\\\/www.evropskakuca.me\\\/me\\\/\",\"name\":\"Evropean house\",\"description\":\"\",\"publisher\":{\"@id\":\"https:\\\/\\\/www.evropskakuca.me\\\/me\\\/#organization\"},\"potentialAction\":[{\"@type\":\"SearchAction\",\"target\":{\"@type\":\"EntryPoint\",\"urlTemplate\":\"https:\\\/\\\/www.evropskakuca.me\\\/me\\\/?s={search_term_string}\"},\"query-input\":{\"@type\":\"PropertyValueSpecification\",\"valueRequired\":true,\"valueName\":\"search_term_string\"}}],\"inLanguage\":\"me-ME\"},{\"@type\":\"Organization\",\"@id\":\"https:\\\/\\\/www.evropskakuca.me\\\/me\\\/#organization\",\"name\":\"Evropean house\",\"url\":\"https:\\\/\\\/www.evropskakuca.me\\\/me\\\/\",\"logo\":{\"@type\":\"ImageObject\",\"inLanguage\":\"me-ME\",\"@id\":\"https:\\\/\\\/www.evropskakuca.me\\\/me\\\/#\\\/schema\\\/logo\\\/image\\\/\",\"url\":\"https:\\\/\\\/www.evropskakuca.me\\\/wp-content\\\/uploads\\\/2025\\\/01\\\/evropska-kuca-logo-1.png\",\"contentUrl\":\"https:\\\/\\\/www.evropskakuca.me\\\/wp-content\\\/uploads\\\/2025\\\/01\\\/evropska-kuca-logo-1.png\",\"width\":425,\"height\":312,\"caption\":\"Evropean house\"},\"image\":{\"@id\":\"https:\\\/\\\/www.evropskakuca.me\\\/me\\\/#\\\/schema\\\/logo\\\/image\\\/\"},\"sameAs\":[\"https:\\\/\\\/www.facebook.com\\\/evropska.kuca\",\"https:\\\/\\\/x.com\\\/evropska_kuca\",\"https:\\\/\\\/www.instagram.com\\\/evropska_kuca\"]},{\"@type\":\"Person\",\"@id\":\"https:\\\/\\\/www.evropskakuca.me\\\/me\\\/#\\\/schema\\\/person\\\/7e16527119c7b67f457996b970f2bd6e\",\"name\":\"Aleksandar Vukovic\",\"image\":{\"@type\":\"ImageObject\",\"inLanguage\":\"me-ME\",\"@id\":\"https:\\\/\\\/secure.gravatar.com\\\/avatar\\\/a1834e0104b0242a886079bde835ba36d80c70f9987a11f3ba33eb9e8d74cc15?s=96&d=mm&r=g\",\"url\":\"https:\\\/\\\/secure.gravatar.com\\\/avatar\\\/a1834e0104b0242a886079bde835ba36d80c70f9987a11f3ba33eb9e8d74cc15?s=96&d=mm&r=g\",\"contentUrl\":\"https:\\\/\\\/secure.gravatar.com\\\/avatar\\\/a1834e0104b0242a886079bde835ba36d80c70f9987a11f3ba33eb9e8d74cc15?s=96&d=mm&r=g\",\"caption\":\"Aleksandar Vukovic\"},\"url\":\"https:\\\/\\\/www.evropskakuca.me\\\/me\\\/author\\\/aleksandar\\\/\"}]}<\/script>\n<!-- \/ Yoast SEO plugin. -->","yoast_head_json":{"title":"\u201eMo\u0107 zajednica\" u fokusu borbe za LGBTIQ+ prava - Europe House","robots":{"index":"index","follow":"follow","max-snippet":"max-snippet:-1","max-image-preview":"max-image-preview:large","max-video-preview":"max-video-preview:-1"},"canonical":"https:\/\/www.evropskakuca.me\/me\/idahobit-2025-u-podgorici-moc-zajednica-u-fokusu-borbe-za-lgbtiq-prava\/","og_locale":"en_US","og_type":"article","og_title":"\u201eMo\u0107 zajednica\" u fokusu borbe za LGBTIQ+ prava - Europe House","og_description":"Tre\u0107u godinu zaredom, povodom Me\u0111unarodnog dana borbe protiv homofobije, transfobije i bifobije (IDAHOBIT), Evropska ku\u0107a i Mre\u017ea mladih evropskih ambasadora (YEA) organizovali su u Evropskoj ku\u0107i panel diskusiju pod nazivom\u00a0\u201eMo\u0107 zajednica&#8221;\u00a0\u2013 temu ovogodi\u0161njeg globalnog obilje\u017eavanja. Ovaj doga\u0111aj okupio je aktivistkinje, predstavnike institucija i zajednice u otvoreni dijalog o izazovima i snazi LGBTIQ+ zajednica u Crnoj [&hellip;]","og_url":"https:\/\/www.evropskakuca.me\/me\/idahobit-2025-u-podgorici-moc-zajednica-u-fokusu-borbe-za-lgbtiq-prava\/","og_site_name":"Europe House","article_publisher":"https:\/\/www.facebook.com\/evropska.kuca","article_published_time":"2025-05-16T13:56:42+00:00","article_modified_time":"2025-05-20T15:28:21+00:00","og_image":[{"width":1475,"height":560,"url":"https:\/\/www.evropskakuca.me\/wp-content\/uploads\/2025\/05\/photo-1-3-e1747403867362.jpeg","type":"image\/jpeg"}],"author":"Aleksandar Vukovic","twitter_card":"summary_large_image","twitter_creator":"@evropska_kuca","twitter_site":"@evropska_kuca","twitter_misc":{"Written by":"Aleksandar Vukovic","Est. reading time":"3 minutes"},"schema":{"@context":"https:\/\/schema.org","@graph":[{"@type":"Article","@id":"https:\/\/www.evropskakuca.me\/me\/idahobit-2025-u-podgorici-moc-zajednica-u-fokusu-borbe-za-lgbtiq-prava\/#article","isPartOf":{"@id":"https:\/\/www.evropskakuca.me\/me\/idahobit-2025-u-podgorici-moc-zajednica-u-fokusu-borbe-za-lgbtiq-prava\/"},"author":{"name":"Aleksandar Vukovic","@id":"https:\/\/www.evropskakuca.me\/me\/#\/schema\/person\/7e16527119c7b67f457996b970f2bd6e"},"headline":"\u201eMo\u0107 zajednica&#8221; u fokusu borbe za LGBTIQ+ prava","datePublished":"2025-05-16T13:56:42+00:00","dateModified":"2025-05-20T15:28:21+00:00","mainEntityOfPage":{"@id":"https:\/\/www.evropskakuca.me\/me\/idahobit-2025-u-podgorici-moc-zajednica-u-fokusu-borbe-za-lgbtiq-prava\/"},"wordCount":426,"publisher":{"@id":"https:\/\/www.evropskakuca.me\/me\/#organization"},"image":{"@id":"https:\/\/www.evropskakuca.me\/me\/idahobit-2025-u-podgorici-moc-zajednica-u-fokusu-borbe-za-lgbtiq-prava\/#primaryimage"},"thumbnailUrl":"https:\/\/www.evropskakuca.me\/wp-content\/uploads\/2025\/05\/photo-1-3-e1747403867362.jpeg","articleSection":["Novosti","Uncategorized @me","Vesti"],"inLanguage":"me-ME"},{"@type":"WebPage","@id":"https:\/\/www.evropskakuca.me\/me\/idahobit-2025-u-podgorici-moc-zajednica-u-fokusu-borbe-za-lgbtiq-prava\/","url":"https:\/\/www.evropskakuca.me\/me\/idahobit-2025-u-podgorici-moc-zajednica-u-fokusu-borbe-za-lgbtiq-prava\/","name":"\u201eMo\u0107 zajednica\" u fokusu borbe za LGBTIQ+ prava - Europe House","isPartOf":{"@id":"https:\/\/www.evropskakuca.me\/me\/#website"},"primaryImageOfPage":{"@id":"https:\/\/www.evropskakuca.me\/me\/idahobit-2025-u-podgorici-moc-zajednica-u-fokusu-borbe-za-lgbtiq-prava\/#primaryimage"},"image":{"@id":"https:\/\/www.evropskakuca.me\/me\/idahobit-2025-u-podgorici-moc-zajednica-u-fokusu-borbe-za-lgbtiq-prava\/#primaryimage"},"thumbnailUrl":"https:\/\/www.evropskakuca.me\/wp-content\/uploads\/2025\/05\/photo-1-3-e1747403867362.jpeg","datePublished":"2025-05-16T13:56:42+00:00","dateModified":"2025-05-20T15:28:21+00:00","breadcrumb":{"@id":"https:\/\/www.evropskakuca.me\/me\/idahobit-2025-u-podgorici-moc-zajednica-u-fokusu-borbe-za-lgbtiq-prava\/#breadcrumb"},"inLanguage":"me-ME","potentialAction":[{"@type":"ReadAction","target":["https:\/\/www.evropskakuca.me\/me\/idahobit-2025-u-podgorici-moc-zajednica-u-fokusu-borbe-za-lgbtiq-prava\/"]}]},{"@type":"ImageObject","inLanguage":"me-ME","@id":"https:\/\/www.evropskakuca.me\/me\/idahobit-2025-u-podgorici-moc-zajednica-u-fokusu-borbe-za-lgbtiq-prava\/#primaryimage","url":"https:\/\/www.evropskakuca.me\/wp-content\/uploads\/2025\/05\/photo-1-3-e1747403867362.jpeg","contentUrl":"https:\/\/www.evropskakuca.me\/wp-content\/uploads\/2025\/05\/photo-1-3-e1747403867362.jpeg","width":1475,"height":560},{"@type":"BreadcrumbList","@id":"https:\/\/www.evropskakuca.me\/me\/idahobit-2025-u-podgorici-moc-zajednica-u-fokusu-borbe-za-lgbtiq-prava\/#breadcrumb","itemListElement":[{"@type":"ListItem","position":1,"name":"Home","item":"https:\/\/www.evropskakuca.me\/me\/"},{"@type":"ListItem","position":2,"name":"\u201eMo\u0107 zajednica&#8221; u fokusu borbe za LGBTIQ+ prava"}]},{"@type":"WebSite","@id":"https:\/\/www.evropskakuca.me\/me\/#website","url":"https:\/\/www.evropskakuca.me\/me\/","name":"Evropean house","description":"","publisher":{"@id":"https:\/\/www.evropskakuca.me\/me\/#organization"},"potentialAction":[{"@type":"SearchAction","target":{"@type":"EntryPoint","urlTemplate":"https:\/\/www.evropskakuca.me\/me\/?s={search_term_string}"},"query-input":{"@type":"PropertyValueSpecification","valueRequired":true,"valueName":"search_term_string"}}],"inLanguage":"me-ME"},{"@type":"Organization","@id":"https:\/\/www.evropskakuca.me\/me\/#organization","name":"Evropean house","url":"https:\/\/www.evropskakuca.me\/me\/","logo":{"@type":"ImageObject","inLanguage":"me-ME","@id":"https:\/\/www.evropskakuca.me\/me\/#\/schema\/logo\/image\/","url":"https:\/\/www.evropskakuca.me\/wp-content\/uploads\/2025\/01\/evropska-kuca-logo-1.png","contentUrl":"https:\/\/www.evropskakuca.me\/wp-content\/uploads\/2025\/01\/evropska-kuca-logo-1.png","width":425,"height":312,"caption":"Evropean house"},"image":{"@id":"https:\/\/www.evropskakuca.me\/me\/#\/schema\/logo\/image\/"},"sameAs":["https:\/\/www.facebook.com\/evropska.kuca","https:\/\/x.com\/evropska_kuca","https:\/\/www.instagram.com\/evropska_kuca"]},{"@type":"Person","@id":"https:\/\/www.evropskakuca.me\/me\/#\/schema\/person\/7e16527119c7b67f457996b970f2bd6e","name":"Aleksandar Vukovic","image":{"@type":"ImageObject","inLanguage":"me-ME","@id":"https:\/\/secure.gravatar.com\/avatar\/a1834e0104b0242a886079bde835ba36d80c70f9987a11f3ba33eb9e8d74cc15?s=96&d=mm&r=g","url":"https:\/\/secure.gravatar.com\/avatar\/a1834e0104b0242a886079bde835ba36d80c70f9987a11f3ba33eb9e8d74cc15?s=96&d=mm&r=g","contentUrl":"https:\/\/secure.gravatar.com\/avatar\/a1834e0104b0242a886079bde835ba36d80c70f9987a11f3ba33eb9e8d74cc15?s=96&d=mm&r=g","caption":"Aleksandar Vukovic"},"url":"https:\/\/www.evropskakuca.me\/me\/author\/aleksandar\/"}]}},"_links":{"self":[{"href":"https:\/\/www.evropskakuca.me\/me\/wp-json\/wp\/v2\/posts\/44409","targetHints":{"allow":["GET"]}}],"collection":[{"href":"https:\/\/www.evropskakuca.me\/me\/wp-json\/wp\/v2\/posts"}],"about":[{"href":"https:\/\/www.evropskakuca.me\/me\/wp-json\/wp\/v2\/types\/post"}],"author":[{"embeddable":true,"href":"https:\/\/www.evropskakuca.me\/me\/wp-json\/wp\/v2\/users\/3"}],"replies":[{"embeddable":true,"href":"https:\/\/www.evropskakuca.me\/me\/wp-json\/wp\/v2\/comments?post=44409"}],"version-history":[{"count":4,"href":"https:\/\/www.evropskakuca.me\/me\/wp-json\/wp\/v2\/posts\/44409\/revisions"}],"predecessor-version":[{"id":44469,"href":"https:\/\/www.evropskakuca.me\/me\/wp-json\/wp\/v2\/posts\/44409\/revisions\/44469"}],"wp:featuredmedia":[{"embeddable":true,"href":"https:\/\/www.evropskakuca.me\/me\/wp-json\/wp\/v2\/media\/44410"}],"wp:attachment":[{"href":"https:\/\/www.evropskakuca.me\/me\/wp-json\/wp\/v2\/media?parent=44409"}],"wp:term":[{"taxonomy":"category","embeddable":true,"href":"https:\/\/www.evropskakuca.me\/me\/wp-json\/wp\/v2\/categories?post=44409"},{"taxonomy":"post_tag","embeddable":true,"href":"https:\/\/www.evropskakuca.me\/me\/wp-json\/wp\/v2\/tags?post=44409"}],"curies":[{"name":"wp","href":"https:\/\/api.w.org\/{rel}","templated":true}]}}