{"id":44320,"date":"2025-05-12T09:37:48","date_gmt":"2025-05-12T09:37:48","guid":{"rendered":"https:\/\/www.evropskakuca.me\/?p=44320"},"modified":"2025-06-02T09:09:47","modified_gmt":"2025-06-02T09:09:47","slug":"dan-evrope-izlaganje-ambasadora-evropske-unije-u-crnoj-gori-johana-satlera","status":"publish","type":"post","link":"https:\/\/www.evropskakuca.me\/me\/dan-evrope-izlaganje-ambasadora-evropske-unije-u-crnoj-gori-johana-satlera\/","title":{"rendered":"IZLAGANJE\u00a0AMBASADORA\u00a0SATLERA POVODOM DANA EVROPE"},"content":{"rendered":"\n<p>Uva\u017eeni\u00a0gra\u0111ani,\u00a0po\u0161tovani\u00a0zvani\u010dnici,\u00a0dragi\u00a0gosti,<br><br>Hvala vam \u0161to ste ve\u010deras tu sa nama na ovaj poseban dan. Dan Evrope nije samo obilje\u017eavanje \u0160umanove deklaracije donesene prije 75 godina \u2014 on je \u017eivo podsje\u0107anje \u0161ta sve mo\u017ee da se postigne kada baziramo na\u0161a dru\u0161tva na solidarnosti, vrijednostima i viziji, a ne strahu, ratu i podjelama.<br><br>Ve\u010deras obilje\u017eavamo Dan Evrope na simboli\u010dan na\u010din: uz klasi\u010dnu muziku \u2014 univerzalnu, mo\u0107nu i duboko evropsku. Po\u010dastovani smo \u0161to prisustvujemo premijeri crnogorske simfonije \u201e<strong><em>Evropa<\/em><\/strong>\u201c, koju su komponovali <strong>Sr\u0111an Bulatovi\u0107 <\/strong>i <strong>Darko Nik\u010devi\u0107<\/strong>. Molim aplauz za kompozitore, ali i za u\u010denike muzi\u010dke \u0161kole \u201eVasa Pavi\u0107\u201c koji su tu sa nama u prvom redu.<br>Prije toga, \u010duli smo sjajnu interpretaciju \u201e<strong><em>Ode radosti<\/em><\/strong>\u201c, dijela \u010duvene Betovenove Devete simfonije\u2014 melodije toliko univerzalne i simboli\u010dne da prati sve one koji tra\u017ee slobodu, ljudska prava i jedinstvo, od pada Berlinskog zida do dana\u0161njih protesta \u0161irom Evrope i dalje.<\/p>\n\n\n\n<figure class=\"wp-block-image size-large\"><img fetchpriority=\"high\" decoding=\"async\" width=\"1024\" height=\"683\" src=\"https:\/\/www.evropskakuca.me\/wp-content\/uploads\/2025\/05\/Photo-1-1-1-1024x683.jpeg\" alt=\"\" class=\"wp-image-44321\" srcset=\"https:\/\/www.evropskakuca.me\/wp-content\/uploads\/2025\/05\/Photo-1-1-1-1024x683.jpeg 1024w, https:\/\/www.evropskakuca.me\/wp-content\/uploads\/2025\/05\/Photo-1-1-1-300x200.jpeg 300w, https:\/\/www.evropskakuca.me\/wp-content\/uploads\/2025\/05\/Photo-1-1-1-768x512.jpeg 768w, https:\/\/www.evropskakuca.me\/wp-content\/uploads\/2025\/05\/Photo-1-1-1-1536x1024.jpeg 1536w, https:\/\/www.evropskakuca.me\/wp-content\/uploads\/2025\/05\/Photo-1-1-1-2048x1366.jpeg 2048w\" sizes=\"(max-width: 1024px) 100vw, 1024px\" \/><\/figure>\n\n\n\n<p>To je dokaz onoga za \u0161ta se Evropska unija zala\u017ee \u2014 posebno u polarizovanom svijetu, u kojem sve vi\u0161e glasova promovi\u0161e zakon ja\u010dega. U takvom svijetu mi smo pouzdan partner. Nijesmo savr\u0161eni, ali imamo principe. I nikada ne\u0107emo okrenuti le\u0111a svojim temeljnim vrijednostima i svojim partnerima. Nastavi\u0107emo da podr\u017eavamo vladavinu prava, da branimo ljudska prava i da stojimo uz Ukrajinu.<br><br>Ve\u010deras ne slavimo samo Evropu dana\u0161njice, ve\u0107 i Evropu budu\u0107nosti \u2014 i mjesto Crne Gore u toj budu\u0107nosti.<br>\u010culi ste to vi\u0161e puta od najvi\u0161ih zvani\u010dnika EU: na\u0161a vrata su otvorena. Vi ste predvodnici procesa. Mo\u017eete biti uspje\u0161na pri\u010da. Imate priliku. Ali nikada nismo krili svoja o\u010dekivanja. Posao mora biti ura\u0111en. I prilika mo\u017ee pro\u0107i.<br><br>Po\u010detkom godine izgubljeno je dragocjeno vrijeme zbog politi\u010dke nestabilnosti. Siguran sam da sada svi u potpunosti shvataju koliko su ove dvije godine klju\u010dne. Ovo je prilika koja se ukazuje jednom u generaciji i vi mo\u017eete biti zapam\u0107eni kao generacija koja je uvela Crnu Goru u Evropsku uniju.<\/p>\n\n\n\n<figure class=\"wp-block-image size-large\"><img decoding=\"async\" width=\"1024\" height=\"683\" src=\"https:\/\/www.evropskakuca.me\/wp-content\/uploads\/2025\/05\/photo-3-1-1-1024x683.jpeg\" alt=\"\" class=\"wp-image-44323\" srcset=\"https:\/\/www.evropskakuca.me\/wp-content\/uploads\/2025\/05\/photo-3-1-1-1024x683.jpeg 1024w, https:\/\/www.evropskakuca.me\/wp-content\/uploads\/2025\/05\/photo-3-1-1-300x200.jpeg 300w, https:\/\/www.evropskakuca.me\/wp-content\/uploads\/2025\/05\/photo-3-1-1-768x512.jpeg 768w, https:\/\/www.evropskakuca.me\/wp-content\/uploads\/2025\/05\/photo-3-1-1-1536x1024.jpeg 1536w, https:\/\/www.evropskakuca.me\/wp-content\/uploads\/2025\/05\/photo-3-1-1-2048x1366.jpeg 2048w\" sizes=\"(max-width: 1024px) 100vw, 1024px\" \/><\/figure>\n\n\n\n<p>I ovo ne dolazi samo od mene \u2014 dolazi od gra\u0111ana Crne Gore, koji u ogromnoj ve\u0107ini podr\u017eavaju evropske integracije. Ne mo\u017eete biti polovi\u010dno posve\u0107eni ne\u010demu. Ili jeste, ili niste. Ili, kako bi Njego\u0161 rekao: \u201e\u0160to se mr\u010di\u0161 kad kovati ne\u0107e\u0161?\u201c<br>Dobra vijest je da smo, zajedno, uspjeli da prevazi\u0111emo ovaj politi\u010dki zastoj \u2014 i ni\u0161ta nije izgubljeno. Crna Gora to mo\u017ee i nadoknadi\u0107e izgubljeno. Vjerujem da \u0107ete ponovo posti\u0107i tempo koji je izazivao po\u0161tovanje \u0161irom Evrope. A EU \u0107e biti uz vas na svakom koraku: uz ekspertsku i politi\u010dku podr\u0161ku, finansijsku pomo\u0107 i na\u0161 novi Plan rasta za Crnu Goru.<\/p>\n\n\n\n<figure class=\"wp-block-image size-large\"><img decoding=\"async\" width=\"1024\" height=\"683\" src=\"https:\/\/www.evropskakuca.me\/wp-content\/uploads\/2025\/05\/photo-2-1-1024x683.jpeg\" alt=\"\" class=\"wp-image-44325\" srcset=\"https:\/\/www.evropskakuca.me\/wp-content\/uploads\/2025\/05\/photo-2-1-1024x683.jpeg 1024w, https:\/\/www.evropskakuca.me\/wp-content\/uploads\/2025\/05\/photo-2-1-300x200.jpeg 300w, https:\/\/www.evropskakuca.me\/wp-content\/uploads\/2025\/05\/photo-2-1-768x512.jpeg 768w, https:\/\/www.evropskakuca.me\/wp-content\/uploads\/2025\/05\/photo-2-1-1536x1024.jpeg 1536w, https:\/\/www.evropskakuca.me\/wp-content\/uploads\/2025\/05\/photo-2-1-2048x1366.jpeg 2048w\" sizes=\"(max-width: 1024px) 100vw, 1024px\" \/><\/figure>\n\n\n\n<p>\u017delimo da poka\u017eemo da promjena nije samo mogu\u0107a \u2014 ve\u0107 i da je mogu\u0107a brzo. Ubrzo \u0107ete to vidjeti kroz na\u0161u novu ekolo\u0161ku kampanju, koliko se brzo mogu mijenjati svijest i navike. \u017delimo da pomognemo da odr\u017eite obe\u0107anje o ekolo\u0161koj dr\u017eavi iz va\u0161eg ustava i da sa\u010duvate va\u0161u prelijepu zemlju za budu\u0107e generacije. &nbsp;\u017delimo da rastemo zajedno, sve dok Crna Gora ne zauzme svoje zaslu\u017eeno mjesto u evropskoj porodici.<br><br>Dragi&nbsp;prijatelji,<br><br>svi\u0111alo nam se to ili ne, \u017eivimo u \u201ezanimljivim vremenima\u201c \u2014 kako ka\u017ee stara kletva. Najbolje \u0161to mo\u017eemo da u\u010dinimo jeste da se dr\u017eimo svojih principa, da vrijedno radimo i da planiramo najbolje. Zato vas ve\u010deras, na Dan Evrope, pozivam da planirate EU \u2014 da planirate za onaj \u201edan u hiljadu boja\u201c, kako bi rekao <strong>Perper<\/strong>, na \u010diji koncert sjutra ve\u010de na glavnom trgu u Podgorici vas pozivam.<br><br>Ove godine, po prvi put, Dan Evrope slavi cijela Crna Gora, od Pljevalja do Ulcinja, i od Herceg Novog do Ro\u017eaja, i to \u0161alje jasnu poruku da smo svi zajedno u ovome i da dijelimo viziju evropske Crne Gore.<br>A sada \u2014 neka ova simfonija, va\u0161a simfonija, odjekne daleko izvan ovih zidova, kao simbol evropskog duha Crne Gore i njene sna\u017ene posve\u0107enosti zajedni\u010dkoj budu\u0107nosti u srcu Evrope.<br>Sre\u0107an&nbsp;Dan&nbsp;Evrope.<\/p>\n","protected":false},"excerpt":{"rendered":"<p>Uva\u017eeni\u00a0gra\u0111ani,\u00a0po\u0161tovani\u00a0zvani\u010dnici,\u00a0dragi\u00a0gosti, Hvala vam \u0161to ste ve\u010deras tu sa nama na ovaj poseban dan. Dan Evrope nije samo obilje\u017eavanje \u0160umanove deklaracije donesene prije 75 godina \u2014 on je \u017eivo podsje\u0107anje \u0161ta sve mo\u017ee da se postigne kada baziramo na\u0161a dru\u0161tva na solidarnosti, vrijednostima i viziji, a ne strahu, ratu i podjelama. Ve\u010deras obilje\u017eavamo Dan Evrope na [&hellip;]<\/p>\n","protected":false},"author":3,"featured_media":44315,"comment_status":"closed","ping_status":"closed","sticky":false,"template":"","format":"standard","meta":{"_acf_changed":false,"footnotes":""},"categories":[283,2,524],"tags":[],"class_list":["post-44320","post","type-post","status-publish","format-standard","has-post-thumbnail","hentry","category-novosti-me","category-uncategorized-me","category-vesti"],"acf":[],"yoast_head":"<!-- This site is optimized with the Yoast SEO plugin v27.3 - https:\/\/yoast.com\/product\/yoast-seo-wordpress\/ -->\n<title>IZLAGANJE\u00a0AMBASADORA\u00a0SATLERA POVODOM DANA EVROPE - Europe House<\/title>\n<meta name=\"robots\" content=\"index, follow, max-snippet:-1, max-image-preview:large, max-video-preview:-1\" \/>\n<link rel=\"canonical\" href=\"https:\/\/www.evropskakuca.me\/me\/dan-evrope-izlaganje-ambasadora-evropske-unije-u-crnoj-gori-johana-satlera\/\" \/>\n<meta property=\"og:locale\" content=\"en_US\" \/>\n<meta property=\"og:type\" content=\"article\" \/>\n<meta property=\"og:title\" content=\"IZLAGANJE\u00a0AMBASADORA\u00a0SATLERA POVODOM DANA EVROPE - Europe House\" \/>\n<meta property=\"og:description\" content=\"Uva\u017eeni\u00a0gra\u0111ani,\u00a0po\u0161tovani\u00a0zvani\u010dnici,\u00a0dragi\u00a0gosti, Hvala vam \u0161to ste ve\u010deras tu sa nama na ovaj poseban dan. Dan Evrope nije samo obilje\u017eavanje \u0160umanove deklaracije donesene prije 75 godina \u2014 on je \u017eivo podsje\u0107anje \u0161ta sve mo\u017ee da se postigne kada baziramo na\u0161a dru\u0161tva na solidarnosti, vrijednostima i viziji, a ne strahu, ratu i podjelama. Ve\u010deras obilje\u017eavamo Dan Evrope na [&hellip;]\" \/>\n<meta property=\"og:url\" content=\"https:\/\/www.evropskakuca.me\/me\/dan-evrope-izlaganje-ambasadora-evropske-unije-u-crnoj-gori-johana-satlera\/\" \/>\n<meta property=\"og:site_name\" content=\"Europe House\" \/>\n<meta property=\"article:publisher\" content=\"https:\/\/www.facebook.com\/evropska.kuca\" \/>\n<meta property=\"article:published_time\" content=\"2025-05-12T09:37:48+00:00\" \/>\n<meta property=\"article:modified_time\" content=\"2025-06-02T09:09:47+00:00\" \/>\n<meta property=\"og:image\" content=\"https:\/\/www.evropskakuca.me\/wp-content\/uploads\/2025\/05\/photo.jpeg\" \/>\n\t<meta property=\"og:image:width\" content=\"1600\" \/>\n\t<meta property=\"og:image:height\" content=\"1066\" \/>\n\t<meta property=\"og:image:type\" content=\"image\/jpeg\" \/>\n<meta name=\"author\" content=\"Aleksandar Vukovic\" \/>\n<meta name=\"twitter:card\" content=\"summary_large_image\" \/>\n<meta name=\"twitter:creator\" content=\"@evropska_kuca\" \/>\n<meta name=\"twitter:site\" content=\"@evropska_kuca\" \/>\n<meta name=\"twitter:label1\" content=\"Written by\" \/>\n\t<meta name=\"twitter:data1\" content=\"Aleksandar Vukovic\" \/>\n\t<meta name=\"twitter:label2\" content=\"Est. reading time\" \/>\n\t<meta name=\"twitter:data2\" content=\"4 minutes\" \/>\n<script type=\"application\/ld+json\" class=\"yoast-schema-graph\">{\"@context\":\"https:\\\/\\\/schema.org\",\"@graph\":[{\"@type\":\"Article\",\"@id\":\"https:\\\/\\\/www.evropskakuca.me\\\/me\\\/dan-evrope-izlaganje-ambasadora-evropske-unije-u-crnoj-gori-johana-satlera\\\/#article\",\"isPartOf\":{\"@id\":\"https:\\\/\\\/www.evropskakuca.me\\\/me\\\/dan-evrope-izlaganje-ambasadora-evropske-unije-u-crnoj-gori-johana-satlera\\\/\"},\"author\":{\"name\":\"Aleksandar Vukovic\",\"@id\":\"https:\\\/\\\/www.evropskakuca.me\\\/me\\\/#\\\/schema\\\/person\\\/7e16527119c7b67f457996b970f2bd6e\"},\"headline\":\"IZLAGANJE\u00a0AMBASADORA\u00a0SATLERA POVODOM DANA EVROPE\",\"datePublished\":\"2025-05-12T09:37:48+00:00\",\"dateModified\":\"2025-06-02T09:09:47+00:00\",\"mainEntityOfPage\":{\"@id\":\"https:\\\/\\\/www.evropskakuca.me\\\/me\\\/dan-evrope-izlaganje-ambasadora-evropske-unije-u-crnoj-gori-johana-satlera\\\/\"},\"wordCount\":717,\"publisher\":{\"@id\":\"https:\\\/\\\/www.evropskakuca.me\\\/me\\\/#organization\"},\"image\":{\"@id\":\"https:\\\/\\\/www.evropskakuca.me\\\/me\\\/dan-evrope-izlaganje-ambasadora-evropske-unije-u-crnoj-gori-johana-satlera\\\/#primaryimage\"},\"thumbnailUrl\":\"https:\\\/\\\/www.evropskakuca.me\\\/wp-content\\\/uploads\\\/2025\\\/05\\\/photo.jpeg\",\"articleSection\":[\"Novosti\",\"Uncategorized @me\",\"Vesti\"],\"inLanguage\":\"me-ME\"},{\"@type\":\"WebPage\",\"@id\":\"https:\\\/\\\/www.evropskakuca.me\\\/me\\\/dan-evrope-izlaganje-ambasadora-evropske-unije-u-crnoj-gori-johana-satlera\\\/\",\"url\":\"https:\\\/\\\/www.evropskakuca.me\\\/me\\\/dan-evrope-izlaganje-ambasadora-evropske-unije-u-crnoj-gori-johana-satlera\\\/\",\"name\":\"IZLAGANJE\u00a0AMBASADORA\u00a0SATLERA POVODOM DANA EVROPE - Europe House\",\"isPartOf\":{\"@id\":\"https:\\\/\\\/www.evropskakuca.me\\\/me\\\/#website\"},\"primaryImageOfPage\":{\"@id\":\"https:\\\/\\\/www.evropskakuca.me\\\/me\\\/dan-evrope-izlaganje-ambasadora-evropske-unije-u-crnoj-gori-johana-satlera\\\/#primaryimage\"},\"image\":{\"@id\":\"https:\\\/\\\/www.evropskakuca.me\\\/me\\\/dan-evrope-izlaganje-ambasadora-evropske-unije-u-crnoj-gori-johana-satlera\\\/#primaryimage\"},\"thumbnailUrl\":\"https:\\\/\\\/www.evropskakuca.me\\\/wp-content\\\/uploads\\\/2025\\\/05\\\/photo.jpeg\",\"datePublished\":\"2025-05-12T09:37:48+00:00\",\"dateModified\":\"2025-06-02T09:09:47+00:00\",\"breadcrumb\":{\"@id\":\"https:\\\/\\\/www.evropskakuca.me\\\/me\\\/dan-evrope-izlaganje-ambasadora-evropske-unije-u-crnoj-gori-johana-satlera\\\/#breadcrumb\"},\"inLanguage\":\"me-ME\",\"potentialAction\":[{\"@type\":\"ReadAction\",\"target\":[\"https:\\\/\\\/www.evropskakuca.me\\\/me\\\/dan-evrope-izlaganje-ambasadora-evropske-unije-u-crnoj-gori-johana-satlera\\\/\"]}]},{\"@type\":\"ImageObject\",\"inLanguage\":\"me-ME\",\"@id\":\"https:\\\/\\\/www.evropskakuca.me\\\/me\\\/dan-evrope-izlaganje-ambasadora-evropske-unije-u-crnoj-gori-johana-satlera\\\/#primaryimage\",\"url\":\"https:\\\/\\\/www.evropskakuca.me\\\/wp-content\\\/uploads\\\/2025\\\/05\\\/photo.jpeg\",\"contentUrl\":\"https:\\\/\\\/www.evropskakuca.me\\\/wp-content\\\/uploads\\\/2025\\\/05\\\/photo.jpeg\",\"width\":1600,\"height\":1066},{\"@type\":\"BreadcrumbList\",\"@id\":\"https:\\\/\\\/www.evropskakuca.me\\\/me\\\/dan-evrope-izlaganje-ambasadora-evropske-unije-u-crnoj-gori-johana-satlera\\\/#breadcrumb\",\"itemListElement\":[{\"@type\":\"ListItem\",\"position\":1,\"name\":\"Home\",\"item\":\"https:\\\/\\\/www.evropskakuca.me\\\/me\\\/\"},{\"@type\":\"ListItem\",\"position\":2,\"name\":\"IZLAGANJE\u00a0AMBASADORA\u00a0SATLERA POVODOM DANA EVROPE\"}]},{\"@type\":\"WebSite\",\"@id\":\"https:\\\/\\\/www.evropskakuca.me\\\/me\\\/#website\",\"url\":\"https:\\\/\\\/www.evropskakuca.me\\\/me\\\/\",\"name\":\"Evropean house\",\"description\":\"\",\"publisher\":{\"@id\":\"https:\\\/\\\/www.evropskakuca.me\\\/me\\\/#organization\"},\"potentialAction\":[{\"@type\":\"SearchAction\",\"target\":{\"@type\":\"EntryPoint\",\"urlTemplate\":\"https:\\\/\\\/www.evropskakuca.me\\\/me\\\/?s={search_term_string}\"},\"query-input\":{\"@type\":\"PropertyValueSpecification\",\"valueRequired\":true,\"valueName\":\"search_term_string\"}}],\"inLanguage\":\"me-ME\"},{\"@type\":\"Organization\",\"@id\":\"https:\\\/\\\/www.evropskakuca.me\\\/me\\\/#organization\",\"name\":\"Evropean house\",\"url\":\"https:\\\/\\\/www.evropskakuca.me\\\/me\\\/\",\"logo\":{\"@type\":\"ImageObject\",\"inLanguage\":\"me-ME\",\"@id\":\"https:\\\/\\\/www.evropskakuca.me\\\/me\\\/#\\\/schema\\\/logo\\\/image\\\/\",\"url\":\"https:\\\/\\\/www.evropskakuca.me\\\/wp-content\\\/uploads\\\/2025\\\/01\\\/evropska-kuca-logo-1.png\",\"contentUrl\":\"https:\\\/\\\/www.evropskakuca.me\\\/wp-content\\\/uploads\\\/2025\\\/01\\\/evropska-kuca-logo-1.png\",\"width\":425,\"height\":312,\"caption\":\"Evropean house\"},\"image\":{\"@id\":\"https:\\\/\\\/www.evropskakuca.me\\\/me\\\/#\\\/schema\\\/logo\\\/image\\\/\"},\"sameAs\":[\"https:\\\/\\\/www.facebook.com\\\/evropska.kuca\",\"https:\\\/\\\/x.com\\\/evropska_kuca\",\"https:\\\/\\\/www.instagram.com\\\/evropska_kuca\"]},{\"@type\":\"Person\",\"@id\":\"https:\\\/\\\/www.evropskakuca.me\\\/me\\\/#\\\/schema\\\/person\\\/7e16527119c7b67f457996b970f2bd6e\",\"name\":\"Aleksandar Vukovic\",\"image\":{\"@type\":\"ImageObject\",\"inLanguage\":\"me-ME\",\"@id\":\"https:\\\/\\\/secure.gravatar.com\\\/avatar\\\/a1834e0104b0242a886079bde835ba36d80c70f9987a11f3ba33eb9e8d74cc15?s=96&d=mm&r=g\",\"url\":\"https:\\\/\\\/secure.gravatar.com\\\/avatar\\\/a1834e0104b0242a886079bde835ba36d80c70f9987a11f3ba33eb9e8d74cc15?s=96&d=mm&r=g\",\"contentUrl\":\"https:\\\/\\\/secure.gravatar.com\\\/avatar\\\/a1834e0104b0242a886079bde835ba36d80c70f9987a11f3ba33eb9e8d74cc15?s=96&d=mm&r=g\",\"caption\":\"Aleksandar Vukovic\"},\"url\":\"https:\\\/\\\/www.evropskakuca.me\\\/me\\\/author\\\/aleksandar\\\/\"}]}<\/script>\n<!-- \/ Yoast SEO plugin. -->","yoast_head_json":{"title":"IZLAGANJE\u00a0AMBASADORA\u00a0SATLERA POVODOM DANA EVROPE - Europe House","robots":{"index":"index","follow":"follow","max-snippet":"max-snippet:-1","max-image-preview":"max-image-preview:large","max-video-preview":"max-video-preview:-1"},"canonical":"https:\/\/www.evropskakuca.me\/me\/dan-evrope-izlaganje-ambasadora-evropske-unije-u-crnoj-gori-johana-satlera\/","og_locale":"en_US","og_type":"article","og_title":"IZLAGANJE\u00a0AMBASADORA\u00a0SATLERA POVODOM DANA EVROPE - Europe House","og_description":"Uva\u017eeni\u00a0gra\u0111ani,\u00a0po\u0161tovani\u00a0zvani\u010dnici,\u00a0dragi\u00a0gosti, Hvala vam \u0161to ste ve\u010deras tu sa nama na ovaj poseban dan. Dan Evrope nije samo obilje\u017eavanje \u0160umanove deklaracije donesene prije 75 godina \u2014 on je \u017eivo podsje\u0107anje \u0161ta sve mo\u017ee da se postigne kada baziramo na\u0161a dru\u0161tva na solidarnosti, vrijednostima i viziji, a ne strahu, ratu i podjelama. Ve\u010deras obilje\u017eavamo Dan Evrope na [&hellip;]","og_url":"https:\/\/www.evropskakuca.me\/me\/dan-evrope-izlaganje-ambasadora-evropske-unije-u-crnoj-gori-johana-satlera\/","og_site_name":"Europe House","article_publisher":"https:\/\/www.facebook.com\/evropska.kuca","article_published_time":"2025-05-12T09:37:48+00:00","article_modified_time":"2025-06-02T09:09:47+00:00","og_image":[{"width":1600,"height":1066,"url":"https:\/\/www.evropskakuca.me\/wp-content\/uploads\/2025\/05\/photo.jpeg","type":"image\/jpeg"}],"author":"Aleksandar Vukovic","twitter_card":"summary_large_image","twitter_creator":"@evropska_kuca","twitter_site":"@evropska_kuca","twitter_misc":{"Written by":"Aleksandar Vukovic","Est. reading time":"4 minutes"},"schema":{"@context":"https:\/\/schema.org","@graph":[{"@type":"Article","@id":"https:\/\/www.evropskakuca.me\/me\/dan-evrope-izlaganje-ambasadora-evropske-unije-u-crnoj-gori-johana-satlera\/#article","isPartOf":{"@id":"https:\/\/www.evropskakuca.me\/me\/dan-evrope-izlaganje-ambasadora-evropske-unije-u-crnoj-gori-johana-satlera\/"},"author":{"name":"Aleksandar Vukovic","@id":"https:\/\/www.evropskakuca.me\/me\/#\/schema\/person\/7e16527119c7b67f457996b970f2bd6e"},"headline":"IZLAGANJE\u00a0AMBASADORA\u00a0SATLERA POVODOM DANA EVROPE","datePublished":"2025-05-12T09:37:48+00:00","dateModified":"2025-06-02T09:09:47+00:00","mainEntityOfPage":{"@id":"https:\/\/www.evropskakuca.me\/me\/dan-evrope-izlaganje-ambasadora-evropske-unije-u-crnoj-gori-johana-satlera\/"},"wordCount":717,"publisher":{"@id":"https:\/\/www.evropskakuca.me\/me\/#organization"},"image":{"@id":"https:\/\/www.evropskakuca.me\/me\/dan-evrope-izlaganje-ambasadora-evropske-unije-u-crnoj-gori-johana-satlera\/#primaryimage"},"thumbnailUrl":"https:\/\/www.evropskakuca.me\/wp-content\/uploads\/2025\/05\/photo.jpeg","articleSection":["Novosti","Uncategorized @me","Vesti"],"inLanguage":"me-ME"},{"@type":"WebPage","@id":"https:\/\/www.evropskakuca.me\/me\/dan-evrope-izlaganje-ambasadora-evropske-unije-u-crnoj-gori-johana-satlera\/","url":"https:\/\/www.evropskakuca.me\/me\/dan-evrope-izlaganje-ambasadora-evropske-unije-u-crnoj-gori-johana-satlera\/","name":"IZLAGANJE\u00a0AMBASADORA\u00a0SATLERA POVODOM DANA EVROPE - Europe House","isPartOf":{"@id":"https:\/\/www.evropskakuca.me\/me\/#website"},"primaryImageOfPage":{"@id":"https:\/\/www.evropskakuca.me\/me\/dan-evrope-izlaganje-ambasadora-evropske-unije-u-crnoj-gori-johana-satlera\/#primaryimage"},"image":{"@id":"https:\/\/www.evropskakuca.me\/me\/dan-evrope-izlaganje-ambasadora-evropske-unije-u-crnoj-gori-johana-satlera\/#primaryimage"},"thumbnailUrl":"https:\/\/www.evropskakuca.me\/wp-content\/uploads\/2025\/05\/photo.jpeg","datePublished":"2025-05-12T09:37:48+00:00","dateModified":"2025-06-02T09:09:47+00:00","breadcrumb":{"@id":"https:\/\/www.evropskakuca.me\/me\/dan-evrope-izlaganje-ambasadora-evropske-unije-u-crnoj-gori-johana-satlera\/#breadcrumb"},"inLanguage":"me-ME","potentialAction":[{"@type":"ReadAction","target":["https:\/\/www.evropskakuca.me\/me\/dan-evrope-izlaganje-ambasadora-evropske-unije-u-crnoj-gori-johana-satlera\/"]}]},{"@type":"ImageObject","inLanguage":"me-ME","@id":"https:\/\/www.evropskakuca.me\/me\/dan-evrope-izlaganje-ambasadora-evropske-unije-u-crnoj-gori-johana-satlera\/#primaryimage","url":"https:\/\/www.evropskakuca.me\/wp-content\/uploads\/2025\/05\/photo.jpeg","contentUrl":"https:\/\/www.evropskakuca.me\/wp-content\/uploads\/2025\/05\/photo.jpeg","width":1600,"height":1066},{"@type":"BreadcrumbList","@id":"https:\/\/www.evropskakuca.me\/me\/dan-evrope-izlaganje-ambasadora-evropske-unije-u-crnoj-gori-johana-satlera\/#breadcrumb","itemListElement":[{"@type":"ListItem","position":1,"name":"Home","item":"https:\/\/www.evropskakuca.me\/me\/"},{"@type":"ListItem","position":2,"name":"IZLAGANJE\u00a0AMBASADORA\u00a0SATLERA POVODOM DANA EVROPE"}]},{"@type":"WebSite","@id":"https:\/\/www.evropskakuca.me\/me\/#website","url":"https:\/\/www.evropskakuca.me\/me\/","name":"Evropean house","description":"","publisher":{"@id":"https:\/\/www.evropskakuca.me\/me\/#organization"},"potentialAction":[{"@type":"SearchAction","target":{"@type":"EntryPoint","urlTemplate":"https:\/\/www.evropskakuca.me\/me\/?s={search_term_string}"},"query-input":{"@type":"PropertyValueSpecification","valueRequired":true,"valueName":"search_term_string"}}],"inLanguage":"me-ME"},{"@type":"Organization","@id":"https:\/\/www.evropskakuca.me\/me\/#organization","name":"Evropean house","url":"https:\/\/www.evropskakuca.me\/me\/","logo":{"@type":"ImageObject","inLanguage":"me-ME","@id":"https:\/\/www.evropskakuca.me\/me\/#\/schema\/logo\/image\/","url":"https:\/\/www.evropskakuca.me\/wp-content\/uploads\/2025\/01\/evropska-kuca-logo-1.png","contentUrl":"https:\/\/www.evropskakuca.me\/wp-content\/uploads\/2025\/01\/evropska-kuca-logo-1.png","width":425,"height":312,"caption":"Evropean house"},"image":{"@id":"https:\/\/www.evropskakuca.me\/me\/#\/schema\/logo\/image\/"},"sameAs":["https:\/\/www.facebook.com\/evropska.kuca","https:\/\/x.com\/evropska_kuca","https:\/\/www.instagram.com\/evropska_kuca"]},{"@type":"Person","@id":"https:\/\/www.evropskakuca.me\/me\/#\/schema\/person\/7e16527119c7b67f457996b970f2bd6e","name":"Aleksandar Vukovic","image":{"@type":"ImageObject","inLanguage":"me-ME","@id":"https:\/\/secure.gravatar.com\/avatar\/a1834e0104b0242a886079bde835ba36d80c70f9987a11f3ba33eb9e8d74cc15?s=96&d=mm&r=g","url":"https:\/\/secure.gravatar.com\/avatar\/a1834e0104b0242a886079bde835ba36d80c70f9987a11f3ba33eb9e8d74cc15?s=96&d=mm&r=g","contentUrl":"https:\/\/secure.gravatar.com\/avatar\/a1834e0104b0242a886079bde835ba36d80c70f9987a11f3ba33eb9e8d74cc15?s=96&d=mm&r=g","caption":"Aleksandar Vukovic"},"url":"https:\/\/www.evropskakuca.me\/me\/author\/aleksandar\/"}]}},"_links":{"self":[{"href":"https:\/\/www.evropskakuca.me\/me\/wp-json\/wp\/v2\/posts\/44320","targetHints":{"allow":["GET"]}}],"collection":[{"href":"https:\/\/www.evropskakuca.me\/me\/wp-json\/wp\/v2\/posts"}],"about":[{"href":"https:\/\/www.evropskakuca.me\/me\/wp-json\/wp\/v2\/types\/post"}],"author":[{"embeddable":true,"href":"https:\/\/www.evropskakuca.me\/me\/wp-json\/wp\/v2\/users\/3"}],"replies":[{"embeddable":true,"href":"https:\/\/www.evropskakuca.me\/me\/wp-json\/wp\/v2\/comments?post=44320"}],"version-history":[{"count":4,"href":"https:\/\/www.evropskakuca.me\/me\/wp-json\/wp\/v2\/posts\/44320\/revisions"}],"predecessor-version":[{"id":44610,"href":"https:\/\/www.evropskakuca.me\/me\/wp-json\/wp\/v2\/posts\/44320\/revisions\/44610"}],"wp:featuredmedia":[{"embeddable":true,"href":"https:\/\/www.evropskakuca.me\/me\/wp-json\/wp\/v2\/media\/44315"}],"wp:attachment":[{"href":"https:\/\/www.evropskakuca.me\/me\/wp-json\/wp\/v2\/media?parent=44320"}],"wp:term":[{"taxonomy":"category","embeddable":true,"href":"https:\/\/www.evropskakuca.me\/me\/wp-json\/wp\/v2\/categories?post=44320"},{"taxonomy":"post_tag","embeddable":true,"href":"https:\/\/www.evropskakuca.me\/me\/wp-json\/wp\/v2\/tags?post=44320"}],"curies":[{"name":"wp","href":"https:\/\/api.w.org\/{rel}","templated":true}]}}