{"id":44286,"date":"2025-05-06T10:27:45","date_gmt":"2025-05-06T10:27:45","guid":{"rendered":"https:\/\/www.evropskakuca.me\/photo-contest-ready-steady-our-europe\/"},"modified":"2025-05-06T10:30:44","modified_gmt":"2025-05-06T10:30:44","slug":"photo-contest-ready-steady-our-europe","status":"publish","type":"post","link":"https:\/\/www.evropskakuca.me\/me\/photo-contest-ready-steady-our-europe\/","title":{"rendered":"Foto konkurs &#8211; Priprema. Pozor. Na\u0161a Evropa!"},"content":{"rendered":"\n<p><strong><em>Regionalni foto-konkurs za mlade u okviru inicijative WeBalkans \u201ePriprema. Pozor. Na\u0161a Evropa!\u201c je zvani\u010dno pokrenut. Ova dinami\u010dna inicijativa \u010de trajati do septembra 2025. godine i poziva mlade iz svih krajeva Zapadnog Balkana da ispri\u010daju svoje pri\u010de kroz objektiv sporta i fotografije.<\/em><\/strong><\/p>\n\n\n\n<p>Konkurs, koji je dio inicijative&nbsp;<em>WeBalkans<\/em>&nbsp;koju finansira Evropska komisija, nagla\u0161ava ulogu sporta u prevazila\u017eenju granica i ja\u010danju me\u0111usobne povezanosti. Kako je istaknuto na otvaranju, konkurs je otvoren za mlade uzrasta od 18 do 29 godina i ohrabruje ih da dokumentuju trenutke koji odra\u017eavaju inkluziju, po\u0161tovanje i jedinstvo &#8211; vrijednosti koje su u srcu sporta, ali i temeljne evropske vrijednosti. Bilo da je rije\u010d o pra\u0161njavom seoskom igrali\u0161tu ili \u017eivopisnoj uli\u010dnoj utakmici, cilj konkursa je da prika\u017ee kako sport povezuje ljude.&nbsp;<\/p>\n\n\n\n<figure class=\"wp-block-image size-large\"><img fetchpriority=\"high\" decoding=\"async\" width=\"1024\" height=\"683\" src=\"https:\/\/www.evropskakuca.me\/wp-content\/uploads\/2025\/05\/Photo-12-scaled-1-1024x683.jpg\" alt=\"\" class=\"wp-image-44278\" srcset=\"https:\/\/www.evropskakuca.me\/wp-content\/uploads\/2025\/05\/Photo-12-scaled-1-1024x683.jpg 1024w, https:\/\/www.evropskakuca.me\/wp-content\/uploads\/2025\/05\/Photo-12-scaled-1-300x200.jpg 300w, https:\/\/www.evropskakuca.me\/wp-content\/uploads\/2025\/05\/Photo-12-scaled-1-768x512.jpg 768w, https:\/\/www.evropskakuca.me\/wp-content\/uploads\/2025\/05\/Photo-12-scaled-1-1536x1024.jpg 1536w, https:\/\/www.evropskakuca.me\/wp-content\/uploads\/2025\/05\/Photo-12-scaled-1-2048x1366.jpg 2048w\" sizes=\"(max-width: 1024px) 100vw, 1024px\" \/><\/figure>\n\n\n\n<p><em>\u201eDrago mi je \u0161to je Pri\u0161tina doma\u0107in otvaranja ovog regionalnog takmi\u010denja,, jer na Kosovu ima toliko talenta i kreativnosti, i uvjeren sam da \u0107e brojna nadahnjuju\u0107a fotografska ostvarenja sti\u0107i upravo odavde. Sport je jedinstven na\u010din da ispri\u010damo pri\u010du o tome ko smo i koje nas to prave vrijednosti povezuju&nbsp;&#8211; kako unutar Zapadnog Balkana, tako i sa Evropskom unijom\u201c, rekao je ambasador Aivo Orav, \u0161ef Kancelarije EU na Kosovu i specijalni predstavnik EU.<\/em><\/p>\n\n\n\n<p>Konkurs podr\u017eavaju i istaknute sportistkinje poput Arinete Mule &#8211; planinarke, trka\u010dice i osvaja\u010dice Everesta, te Valbone Bytyqi, profesionalne ko\u0161arka\u0161ice. Njihovo prisustvo podsjetilo je okupljene da svaki sport ima svoja pravila i \u0161ampione, ali da se njegova prava snaga ogleda u timskom duhu, fer igri i vjeri da nijedan cilj nije nedosti\u017ean.<\/p>\n\n\n\n<figure class=\"wp-block-image size-large\"><img decoding=\"async\" width=\"1024\" height=\"683\" src=\"https:\/\/www.evropskakuca.me\/wp-content\/uploads\/2025\/05\/Photo-38-scaled-1-1024x683.jpg\" alt=\"\" class=\"wp-image-44280\" srcset=\"https:\/\/www.evropskakuca.me\/wp-content\/uploads\/2025\/05\/Photo-38-scaled-1-1024x683.jpg 1024w, https:\/\/www.evropskakuca.me\/wp-content\/uploads\/2025\/05\/Photo-38-scaled-1-300x200.jpg 300w, https:\/\/www.evropskakuca.me\/wp-content\/uploads\/2025\/05\/Photo-38-scaled-1-768x512.jpg 768w, https:\/\/www.evropskakuca.me\/wp-content\/uploads\/2025\/05\/Photo-38-scaled-1-1536x1024.jpg 1536w, https:\/\/www.evropskakuca.me\/wp-content\/uploads\/2025\/05\/Photo-38-scaled-1-2048x1366.jpg 2048w\" sizes=\"(max-width: 1024px) 100vw, 1024px\" \/><\/figure>\n\n\n\n<p>Otvaranju je prisustvovalo vi\u0161e od 50 mladih, predstavnika EU, influensera i medija sa Kosova i iz \u0161ire regije Zapadnog Balkana. Tim&nbsp;<strong>WeBalkans<\/strong>&nbsp;iskoristio je ovu priliku da predstavi prethodne uspje\u0161ne kampanje i svoje komunikacione napore usmjerene na uklju\u010divanje mladih i ja\u010danje regionalne saradnje.<\/p>\n\n\n\n<p>Cilj konkursa je da prikupi vi\u0161e od 100 fotografskih radova mladih sa Zapadnog Balkana. Regionalni \u017eiri sastavljen od \u0161est stru\u010dnjaka odabra\u0107e&nbsp;18 pobjedni\u010dkih fotografija&nbsp;koje \u0107e biti predstavljene na putuju\u0107oj izlo\u017ebi u \u0161est gradova regiona. Svaka izlo\u017eba bi\u0107e pra\u0107ena lokalnim doga\u0111ajima sa sportistima, Mladim evropskim ambasadorima (YEA) i novinarima, stvaraju\u0107i prostor za dijalog u zajednici i slavljenje sporta.<\/p>\n\n\n\n<figure class=\"wp-block-image size-large\"><img decoding=\"async\" width=\"1024\" height=\"683\" src=\"https:\/\/www.evropskakuca.me\/wp-content\/uploads\/2025\/05\/Photo-36-scaled-1-1024x683.jpg\" alt=\"\" class=\"wp-image-44282\" srcset=\"https:\/\/www.evropskakuca.me\/wp-content\/uploads\/2025\/05\/Photo-36-scaled-1-1024x683.jpg 1024w, https:\/\/www.evropskakuca.me\/wp-content\/uploads\/2025\/05\/Photo-36-scaled-1-300x200.jpg 300w, https:\/\/www.evropskakuca.me\/wp-content\/uploads\/2025\/05\/Photo-36-scaled-1-768x512.jpg 768w, https:\/\/www.evropskakuca.me\/wp-content\/uploads\/2025\/05\/Photo-36-scaled-1-1536x1024.jpg 1536w, https:\/\/www.evropskakuca.me\/wp-content\/uploads\/2025\/05\/Photo-36-scaled-1-2048x1366.jpg 2048w\" sizes=\"(max-width: 1024px) 100vw, 1024px\" \/><\/figure>\n\n\n\n<p>Foto-putovanje zavr\u0161i\u0107e se online glasanjem na web stranici&nbsp;<strong>webalkans.eu<\/strong>&nbsp;i dru\u0161tvenim mre\u017eama, gdje \u0107e publika izabrati tri najbolje fotografije. Njihovi autori bi\u0107e nagra\u0111eni putovanjem u jednu od prijestonica Evropske unije kao simboli\u010dan korak na njihovom putu ka Evropi.<\/p>\n\n\n\n<p><em>\u201eOva kampanja nije samo stvar vizuelne prezentacije. Ona je osmi\u0161ljena da povezuje, inspiri\u0161e i podstakne. Kroz ovaj konkurs \u017eelimo da poka\u017eemo da zajedno igramo, rastemo i zajedno oblikujemo Evropu budu\u0107nosti<\/em>\u201c, izjavila je Sibora Sejdini, Mladi evropski ambasador iz inicijative WeBalkans.<\/p>\n\n\n\n<p>Za vi\u0161e detalja i informacija, molimo vas da se obratite Seleni Tasi\u0107 na&nbsp;<a href=\"mailto:selena.tasic@weglobal.org\" target=\"_blank\" rel=\"noreferrer noopener\">selena.tasic@weglobal.org<\/a>&nbsp;ili Raluci Costache na&nbsp;<a href=\"mailto:raluca.costache@weglobal.org\">raluca.costache@weglobal.org<\/a>.&nbsp;&nbsp;<\/p>\n","protected":false},"excerpt":{"rendered":"<p>Regionalni foto-konkurs za mlade u okviru inicijative WeBalkans \u201ePriprema. Pozor. Na\u0161a Evropa!\u201c je zvani\u010dno pokrenut. Ova dinami\u010dna inicijativa \u010de trajati do septembra 2025. godine i poziva mlade iz svih krajeva Zapadnog Balkana da ispri\u010daju svoje pri\u010de kroz objektiv sporta i fotografije. Konkurs, koji je dio inicijative&nbsp;WeBalkans&nbsp;koju finansira Evropska komisija, nagla\u0161ava ulogu sporta u prevazila\u017eenju granica [&hellip;]<\/p>\n","protected":false},"author":3,"featured_media":44277,"comment_status":"closed","ping_status":"closed","sticky":false,"template":"","format":"standard","meta":{"_acf_changed":false,"footnotes":""},"categories":[283,524],"tags":[],"class_list":["post-44286","post","type-post","status-publish","format-standard","has-post-thumbnail","hentry","category-novosti-me","category-vesti"],"acf":[],"yoast_head":"<!-- This site is optimized with the Yoast SEO plugin v27.3 - https:\/\/yoast.com\/product\/yoast-seo-wordpress\/ -->\n<title>Foto konkurs - Priprema. Pozor. Na\u0161a Evropa! - Europe House<\/title>\n<meta name=\"robots\" content=\"index, follow, max-snippet:-1, max-image-preview:large, max-video-preview:-1\" \/>\n<link rel=\"canonical\" href=\"https:\/\/www.evropskakuca.me\/me\/photo-contest-ready-steady-our-europe\/\" \/>\n<meta property=\"og:locale\" content=\"en_US\" \/>\n<meta property=\"og:type\" content=\"article\" \/>\n<meta property=\"og:title\" content=\"Foto konkurs - Priprema. Pozor. Na\u0161a Evropa! - Europe House\" \/>\n<meta property=\"og:description\" content=\"Regionalni foto-konkurs za mlade u okviru inicijative WeBalkans \u201ePriprema. Pozor. Na\u0161a Evropa!\u201c je zvani\u010dno pokrenut. Ova dinami\u010dna inicijativa \u010de trajati do septembra 2025. godine i poziva mlade iz svih krajeva Zapadnog Balkana da ispri\u010daju svoje pri\u010de kroz objektiv sporta i fotografije. Konkurs, koji je dio inicijative&nbsp;WeBalkans&nbsp;koju finansira Evropska komisija, nagla\u0161ava ulogu sporta u prevazila\u017eenju granica [&hellip;]\" \/>\n<meta property=\"og:url\" content=\"https:\/\/www.evropskakuca.me\/me\/photo-contest-ready-steady-our-europe\/\" \/>\n<meta property=\"og:site_name\" content=\"Europe House\" \/>\n<meta property=\"article:publisher\" content=\"https:\/\/www.facebook.com\/evropska.kuca\" \/>\n<meta property=\"article:published_time\" content=\"2025-05-06T10:27:45+00:00\" \/>\n<meta property=\"article:modified_time\" content=\"2025-05-06T10:30:44+00:00\" \/>\n<meta property=\"og:image\" content=\"https:\/\/www.evropskakuca.me\/wp-content\/uploads\/2025\/05\/v1-1024x683-1.png\" \/>\n\t<meta property=\"og:image:width\" content=\"1024\" \/>\n\t<meta property=\"og:image:height\" content=\"683\" \/>\n\t<meta property=\"og:image:type\" content=\"image\/png\" \/>\n<meta name=\"author\" content=\"Aleksandar Vukovic\" \/>\n<meta name=\"twitter:card\" content=\"summary_large_image\" \/>\n<meta name=\"twitter:creator\" content=\"@evropska_kuca\" \/>\n<meta name=\"twitter:site\" content=\"@evropska_kuca\" \/>\n<meta name=\"twitter:label1\" content=\"Written by\" \/>\n\t<meta name=\"twitter:data1\" content=\"Aleksandar Vukovic\" \/>\n\t<meta name=\"twitter:label2\" content=\"Est. reading time\" \/>\n\t<meta name=\"twitter:data2\" content=\"3 minutes\" \/>\n<script type=\"application\/ld+json\" class=\"yoast-schema-graph\">{\"@context\":\"https:\\\/\\\/schema.org\",\"@graph\":[{\"@type\":\"Article\",\"@id\":\"https:\\\/\\\/www.evropskakuca.me\\\/me\\\/photo-contest-ready-steady-our-europe\\\/#article\",\"isPartOf\":{\"@id\":\"https:\\\/\\\/www.evropskakuca.me\\\/me\\\/photo-contest-ready-steady-our-europe\\\/\"},\"author\":{\"name\":\"Aleksandar Vukovic\",\"@id\":\"https:\\\/\\\/www.evropskakuca.me\\\/me\\\/#\\\/schema\\\/person\\\/7e16527119c7b67f457996b970f2bd6e\"},\"headline\":\"Foto konkurs &#8211; Priprema. Pozor. Na\u0161a Evropa!\",\"datePublished\":\"2025-05-06T10:27:45+00:00\",\"dateModified\":\"2025-05-06T10:30:44+00:00\",\"mainEntityOfPage\":{\"@id\":\"https:\\\/\\\/www.evropskakuca.me\\\/me\\\/photo-contest-ready-steady-our-europe\\\/\"},\"wordCount\":524,\"publisher\":{\"@id\":\"https:\\\/\\\/www.evropskakuca.me\\\/me\\\/#organization\"},\"image\":{\"@id\":\"https:\\\/\\\/www.evropskakuca.me\\\/me\\\/photo-contest-ready-steady-our-europe\\\/#primaryimage\"},\"thumbnailUrl\":\"https:\\\/\\\/www.evropskakuca.me\\\/wp-content\\\/uploads\\\/2025\\\/05\\\/v1-1024x683-1.png\",\"articleSection\":[\"Novosti\",\"Vesti\"],\"inLanguage\":\"me-ME\"},{\"@type\":\"WebPage\",\"@id\":\"https:\\\/\\\/www.evropskakuca.me\\\/me\\\/photo-contest-ready-steady-our-europe\\\/\",\"url\":\"https:\\\/\\\/www.evropskakuca.me\\\/me\\\/photo-contest-ready-steady-our-europe\\\/\",\"name\":\"Foto konkurs - Priprema. Pozor. Na\u0161a Evropa! - Europe House\",\"isPartOf\":{\"@id\":\"https:\\\/\\\/www.evropskakuca.me\\\/me\\\/#website\"},\"primaryImageOfPage\":{\"@id\":\"https:\\\/\\\/www.evropskakuca.me\\\/me\\\/photo-contest-ready-steady-our-europe\\\/#primaryimage\"},\"image\":{\"@id\":\"https:\\\/\\\/www.evropskakuca.me\\\/me\\\/photo-contest-ready-steady-our-europe\\\/#primaryimage\"},\"thumbnailUrl\":\"https:\\\/\\\/www.evropskakuca.me\\\/wp-content\\\/uploads\\\/2025\\\/05\\\/v1-1024x683-1.png\",\"datePublished\":\"2025-05-06T10:27:45+00:00\",\"dateModified\":\"2025-05-06T10:30:44+00:00\",\"breadcrumb\":{\"@id\":\"https:\\\/\\\/www.evropskakuca.me\\\/me\\\/photo-contest-ready-steady-our-europe\\\/#breadcrumb\"},\"inLanguage\":\"me-ME\",\"potentialAction\":[{\"@type\":\"ReadAction\",\"target\":[\"https:\\\/\\\/www.evropskakuca.me\\\/me\\\/photo-contest-ready-steady-our-europe\\\/\"]}]},{\"@type\":\"ImageObject\",\"inLanguage\":\"me-ME\",\"@id\":\"https:\\\/\\\/www.evropskakuca.me\\\/me\\\/photo-contest-ready-steady-our-europe\\\/#primaryimage\",\"url\":\"https:\\\/\\\/www.evropskakuca.me\\\/wp-content\\\/uploads\\\/2025\\\/05\\\/v1-1024x683-1.png\",\"contentUrl\":\"https:\\\/\\\/www.evropskakuca.me\\\/wp-content\\\/uploads\\\/2025\\\/05\\\/v1-1024x683-1.png\",\"width\":1024,\"height\":683},{\"@type\":\"BreadcrumbList\",\"@id\":\"https:\\\/\\\/www.evropskakuca.me\\\/me\\\/photo-contest-ready-steady-our-europe\\\/#breadcrumb\",\"itemListElement\":[{\"@type\":\"ListItem\",\"position\":1,\"name\":\"Home\",\"item\":\"https:\\\/\\\/www.evropskakuca.me\\\/me\\\/\"},{\"@type\":\"ListItem\",\"position\":2,\"name\":\"Foto konkurs &#8211; Priprema. Pozor. Na\u0161a Evropa!\"}]},{\"@type\":\"WebSite\",\"@id\":\"https:\\\/\\\/www.evropskakuca.me\\\/me\\\/#website\",\"url\":\"https:\\\/\\\/www.evropskakuca.me\\\/me\\\/\",\"name\":\"Evropean house\",\"description\":\"\",\"publisher\":{\"@id\":\"https:\\\/\\\/www.evropskakuca.me\\\/me\\\/#organization\"},\"potentialAction\":[{\"@type\":\"SearchAction\",\"target\":{\"@type\":\"EntryPoint\",\"urlTemplate\":\"https:\\\/\\\/www.evropskakuca.me\\\/me\\\/?s={search_term_string}\"},\"query-input\":{\"@type\":\"PropertyValueSpecification\",\"valueRequired\":true,\"valueName\":\"search_term_string\"}}],\"inLanguage\":\"me-ME\"},{\"@type\":\"Organization\",\"@id\":\"https:\\\/\\\/www.evropskakuca.me\\\/me\\\/#organization\",\"name\":\"Evropean house\",\"url\":\"https:\\\/\\\/www.evropskakuca.me\\\/me\\\/\",\"logo\":{\"@type\":\"ImageObject\",\"inLanguage\":\"me-ME\",\"@id\":\"https:\\\/\\\/www.evropskakuca.me\\\/me\\\/#\\\/schema\\\/logo\\\/image\\\/\",\"url\":\"https:\\\/\\\/www.evropskakuca.me\\\/wp-content\\\/uploads\\\/2025\\\/01\\\/evropska-kuca-logo-1.png\",\"contentUrl\":\"https:\\\/\\\/www.evropskakuca.me\\\/wp-content\\\/uploads\\\/2025\\\/01\\\/evropska-kuca-logo-1.png\",\"width\":425,\"height\":312,\"caption\":\"Evropean house\"},\"image\":{\"@id\":\"https:\\\/\\\/www.evropskakuca.me\\\/me\\\/#\\\/schema\\\/logo\\\/image\\\/\"},\"sameAs\":[\"https:\\\/\\\/www.facebook.com\\\/evropska.kuca\",\"https:\\\/\\\/x.com\\\/evropska_kuca\",\"https:\\\/\\\/www.instagram.com\\\/evropska_kuca\"]},{\"@type\":\"Person\",\"@id\":\"https:\\\/\\\/www.evropskakuca.me\\\/me\\\/#\\\/schema\\\/person\\\/7e16527119c7b67f457996b970f2bd6e\",\"name\":\"Aleksandar Vukovic\",\"image\":{\"@type\":\"ImageObject\",\"inLanguage\":\"me-ME\",\"@id\":\"https:\\\/\\\/secure.gravatar.com\\\/avatar\\\/a1834e0104b0242a886079bde835ba36d80c70f9987a11f3ba33eb9e8d74cc15?s=96&d=mm&r=g\",\"url\":\"https:\\\/\\\/secure.gravatar.com\\\/avatar\\\/a1834e0104b0242a886079bde835ba36d80c70f9987a11f3ba33eb9e8d74cc15?s=96&d=mm&r=g\",\"contentUrl\":\"https:\\\/\\\/secure.gravatar.com\\\/avatar\\\/a1834e0104b0242a886079bde835ba36d80c70f9987a11f3ba33eb9e8d74cc15?s=96&d=mm&r=g\",\"caption\":\"Aleksandar Vukovic\"},\"url\":\"https:\\\/\\\/www.evropskakuca.me\\\/me\\\/author\\\/aleksandar\\\/\"}]}<\/script>\n<!-- \/ Yoast SEO plugin. -->","yoast_head_json":{"title":"Foto konkurs - Priprema. Pozor. Na\u0161a Evropa! - Europe House","robots":{"index":"index","follow":"follow","max-snippet":"max-snippet:-1","max-image-preview":"max-image-preview:large","max-video-preview":"max-video-preview:-1"},"canonical":"https:\/\/www.evropskakuca.me\/me\/photo-contest-ready-steady-our-europe\/","og_locale":"en_US","og_type":"article","og_title":"Foto konkurs - Priprema. Pozor. Na\u0161a Evropa! - Europe House","og_description":"Regionalni foto-konkurs za mlade u okviru inicijative WeBalkans \u201ePriprema. Pozor. Na\u0161a Evropa!\u201c je zvani\u010dno pokrenut. Ova dinami\u010dna inicijativa \u010de trajati do septembra 2025. godine i poziva mlade iz svih krajeva Zapadnog Balkana da ispri\u010daju svoje pri\u010de kroz objektiv sporta i fotografije. Konkurs, koji je dio inicijative&nbsp;WeBalkans&nbsp;koju finansira Evropska komisija, nagla\u0161ava ulogu sporta u prevazila\u017eenju granica [&hellip;]","og_url":"https:\/\/www.evropskakuca.me\/me\/photo-contest-ready-steady-our-europe\/","og_site_name":"Europe House","article_publisher":"https:\/\/www.facebook.com\/evropska.kuca","article_published_time":"2025-05-06T10:27:45+00:00","article_modified_time":"2025-05-06T10:30:44+00:00","og_image":[{"width":1024,"height":683,"url":"https:\/\/www.evropskakuca.me\/wp-content\/uploads\/2025\/05\/v1-1024x683-1.png","type":"image\/png"}],"author":"Aleksandar Vukovic","twitter_card":"summary_large_image","twitter_creator":"@evropska_kuca","twitter_site":"@evropska_kuca","twitter_misc":{"Written by":"Aleksandar Vukovic","Est. reading time":"3 minutes"},"schema":{"@context":"https:\/\/schema.org","@graph":[{"@type":"Article","@id":"https:\/\/www.evropskakuca.me\/me\/photo-contest-ready-steady-our-europe\/#article","isPartOf":{"@id":"https:\/\/www.evropskakuca.me\/me\/photo-contest-ready-steady-our-europe\/"},"author":{"name":"Aleksandar Vukovic","@id":"https:\/\/www.evropskakuca.me\/me\/#\/schema\/person\/7e16527119c7b67f457996b970f2bd6e"},"headline":"Foto konkurs &#8211; Priprema. Pozor. Na\u0161a Evropa!","datePublished":"2025-05-06T10:27:45+00:00","dateModified":"2025-05-06T10:30:44+00:00","mainEntityOfPage":{"@id":"https:\/\/www.evropskakuca.me\/me\/photo-contest-ready-steady-our-europe\/"},"wordCount":524,"publisher":{"@id":"https:\/\/www.evropskakuca.me\/me\/#organization"},"image":{"@id":"https:\/\/www.evropskakuca.me\/me\/photo-contest-ready-steady-our-europe\/#primaryimage"},"thumbnailUrl":"https:\/\/www.evropskakuca.me\/wp-content\/uploads\/2025\/05\/v1-1024x683-1.png","articleSection":["Novosti","Vesti"],"inLanguage":"me-ME"},{"@type":"WebPage","@id":"https:\/\/www.evropskakuca.me\/me\/photo-contest-ready-steady-our-europe\/","url":"https:\/\/www.evropskakuca.me\/me\/photo-contest-ready-steady-our-europe\/","name":"Foto konkurs - Priprema. Pozor. Na\u0161a Evropa! - Europe House","isPartOf":{"@id":"https:\/\/www.evropskakuca.me\/me\/#website"},"primaryImageOfPage":{"@id":"https:\/\/www.evropskakuca.me\/me\/photo-contest-ready-steady-our-europe\/#primaryimage"},"image":{"@id":"https:\/\/www.evropskakuca.me\/me\/photo-contest-ready-steady-our-europe\/#primaryimage"},"thumbnailUrl":"https:\/\/www.evropskakuca.me\/wp-content\/uploads\/2025\/05\/v1-1024x683-1.png","datePublished":"2025-05-06T10:27:45+00:00","dateModified":"2025-05-06T10:30:44+00:00","breadcrumb":{"@id":"https:\/\/www.evropskakuca.me\/me\/photo-contest-ready-steady-our-europe\/#breadcrumb"},"inLanguage":"me-ME","potentialAction":[{"@type":"ReadAction","target":["https:\/\/www.evropskakuca.me\/me\/photo-contest-ready-steady-our-europe\/"]}]},{"@type":"ImageObject","inLanguage":"me-ME","@id":"https:\/\/www.evropskakuca.me\/me\/photo-contest-ready-steady-our-europe\/#primaryimage","url":"https:\/\/www.evropskakuca.me\/wp-content\/uploads\/2025\/05\/v1-1024x683-1.png","contentUrl":"https:\/\/www.evropskakuca.me\/wp-content\/uploads\/2025\/05\/v1-1024x683-1.png","width":1024,"height":683},{"@type":"BreadcrumbList","@id":"https:\/\/www.evropskakuca.me\/me\/photo-contest-ready-steady-our-europe\/#breadcrumb","itemListElement":[{"@type":"ListItem","position":1,"name":"Home","item":"https:\/\/www.evropskakuca.me\/me\/"},{"@type":"ListItem","position":2,"name":"Foto konkurs &#8211; Priprema. Pozor. Na\u0161a Evropa!"}]},{"@type":"WebSite","@id":"https:\/\/www.evropskakuca.me\/me\/#website","url":"https:\/\/www.evropskakuca.me\/me\/","name":"Evropean house","description":"","publisher":{"@id":"https:\/\/www.evropskakuca.me\/me\/#organization"},"potentialAction":[{"@type":"SearchAction","target":{"@type":"EntryPoint","urlTemplate":"https:\/\/www.evropskakuca.me\/me\/?s={search_term_string}"},"query-input":{"@type":"PropertyValueSpecification","valueRequired":true,"valueName":"search_term_string"}}],"inLanguage":"me-ME"},{"@type":"Organization","@id":"https:\/\/www.evropskakuca.me\/me\/#organization","name":"Evropean house","url":"https:\/\/www.evropskakuca.me\/me\/","logo":{"@type":"ImageObject","inLanguage":"me-ME","@id":"https:\/\/www.evropskakuca.me\/me\/#\/schema\/logo\/image\/","url":"https:\/\/www.evropskakuca.me\/wp-content\/uploads\/2025\/01\/evropska-kuca-logo-1.png","contentUrl":"https:\/\/www.evropskakuca.me\/wp-content\/uploads\/2025\/01\/evropska-kuca-logo-1.png","width":425,"height":312,"caption":"Evropean house"},"image":{"@id":"https:\/\/www.evropskakuca.me\/me\/#\/schema\/logo\/image\/"},"sameAs":["https:\/\/www.facebook.com\/evropska.kuca","https:\/\/x.com\/evropska_kuca","https:\/\/www.instagram.com\/evropska_kuca"]},{"@type":"Person","@id":"https:\/\/www.evropskakuca.me\/me\/#\/schema\/person\/7e16527119c7b67f457996b970f2bd6e","name":"Aleksandar Vukovic","image":{"@type":"ImageObject","inLanguage":"me-ME","@id":"https:\/\/secure.gravatar.com\/avatar\/a1834e0104b0242a886079bde835ba36d80c70f9987a11f3ba33eb9e8d74cc15?s=96&d=mm&r=g","url":"https:\/\/secure.gravatar.com\/avatar\/a1834e0104b0242a886079bde835ba36d80c70f9987a11f3ba33eb9e8d74cc15?s=96&d=mm&r=g","contentUrl":"https:\/\/secure.gravatar.com\/avatar\/a1834e0104b0242a886079bde835ba36d80c70f9987a11f3ba33eb9e8d74cc15?s=96&d=mm&r=g","caption":"Aleksandar Vukovic"},"url":"https:\/\/www.evropskakuca.me\/me\/author\/aleksandar\/"}]}},"_links":{"self":[{"href":"https:\/\/www.evropskakuca.me\/me\/wp-json\/wp\/v2\/posts\/44286","targetHints":{"allow":["GET"]}}],"collection":[{"href":"https:\/\/www.evropskakuca.me\/me\/wp-json\/wp\/v2\/posts"}],"about":[{"href":"https:\/\/www.evropskakuca.me\/me\/wp-json\/wp\/v2\/types\/post"}],"author":[{"embeddable":true,"href":"https:\/\/www.evropskakuca.me\/me\/wp-json\/wp\/v2\/users\/3"}],"replies":[{"embeddable":true,"href":"https:\/\/www.evropskakuca.me\/me\/wp-json\/wp\/v2\/comments?post=44286"}],"version-history":[{"count":1,"href":"https:\/\/www.evropskakuca.me\/me\/wp-json\/wp\/v2\/posts\/44286\/revisions"}],"predecessor-version":[{"id":44288,"href":"https:\/\/www.evropskakuca.me\/me\/wp-json\/wp\/v2\/posts\/44286\/revisions\/44288"}],"wp:featuredmedia":[{"embeddable":true,"href":"https:\/\/www.evropskakuca.me\/me\/wp-json\/wp\/v2\/media\/44277"}],"wp:attachment":[{"href":"https:\/\/www.evropskakuca.me\/me\/wp-json\/wp\/v2\/media?parent=44286"}],"wp:term":[{"taxonomy":"category","embeddable":true,"href":"https:\/\/www.evropskakuca.me\/me\/wp-json\/wp\/v2\/categories?post=44286"},{"taxonomy":"post_tag","embeddable":true,"href":"https:\/\/www.evropskakuca.me\/me\/wp-json\/wp\/v2\/tags?post=44286"}],"curies":[{"name":"wp","href":"https:\/\/api.w.org\/{rel}","templated":true}]}}