{"id":44156,"date":"2025-04-25T10:50:34","date_gmt":"2025-04-25T10:50:34","guid":{"rendered":"https:\/\/www.evropskakuca.me\/?p=44156"},"modified":"2025-04-25T10:54:39","modified_gmt":"2025-04-25T10:54:39","slug":"djevojcice-stvaraju-buducnost-medunarodni-dan-djevojcica-u-ict","status":"publish","type":"post","link":"https:\/\/www.evropskakuca.me\/me\/djevojcice-stvaraju-buducnost-medunarodni-dan-djevojcica-u-ict\/","title":{"rendered":"Djevoj\u010dice stvaraju budu\u0107nost \u2013 Me\u0111unarodni dan djevoj\u010dica u ICT"},"content":{"rendered":"\n<p class=\"has-text-align-center\"><em>Za sna\u017eniji glas i prisustvo \u017eena u ICT sektoru \u2013 za otpornije i ravnopravnije dru\u0161tvo budu\u0107nosti<\/em><\/p>\n\n\n\n<p class=\"has-text-align-left\"><br>Podgorica je grad mladosti, ideja i povezivanja \u2013 otvorena, inkluzivna i digitalno orijentisana zajednica koja ula\u017ee u znanje, obrazovanje i inovacije. Ovo je poruka sa doga\u0111aja \u201eOsna\u017eivanje \u017eena u ICT-u: Prevazila\u017eenje digitalnog jaza\u201c kojim je u Evropskoj ku\u0107i obilje\u017een Me\u0111unarodni dan djevoj\u010dica u ICT.<\/p>\n\n\n\n<p class=\"has-text-align-left\">\u201c<em>Djevoj\u010dicama i mladim \u017eenama moramo obezbijediti znanje, prostor i sigurnost da oblikuju digitalnu budu\u0107nost \u2013 ne kao posmatra\u010dice, ve\u0107 kao nositeljke promjena<\/em>\u201d poru\u010dila je dr\u017eavna sekretarka <strong>Biljana Papovi\u0107<\/strong>.<\/p>\n\n\n\n<figure class=\"wp-block-gallery has-nested-images columns-default is-cropped wp-block-gallery-1 is-layout-flex wp-block-gallery-is-layout-flex\">\n<figure class=\"wp-block-image size-large\"><img fetchpriority=\"high\" decoding=\"async\" width=\"1024\" height=\"576\" data-id=\"44159\" src=\"https:\/\/www.evropskakuca.me\/wp-content\/uploads\/2025\/04\/Evropska-kuca-link-1-240425-77-1024x576.jpg\" alt=\"\" class=\"wp-image-44159\" srcset=\"https:\/\/www.evropskakuca.me\/wp-content\/uploads\/2025\/04\/Evropska-kuca-link-1-240425-77-1024x576.jpg 1024w, https:\/\/www.evropskakuca.me\/wp-content\/uploads\/2025\/04\/Evropska-kuca-link-1-240425-77-300x169.jpg 300w, https:\/\/www.evropskakuca.me\/wp-content\/uploads\/2025\/04\/Evropska-kuca-link-1-240425-77-768x432.jpg 768w, https:\/\/www.evropskakuca.me\/wp-content\/uploads\/2025\/04\/Evropska-kuca-link-1-240425-77-1536x864.jpg 1536w, https:\/\/www.evropskakuca.me\/wp-content\/uploads\/2025\/04\/Evropska-kuca-link-1-240425-77-2048x1153.jpg 2048w\" sizes=\"(max-width: 1024px) 100vw, 1024px\" \/><\/figure>\n\n\n\n<figure class=\"wp-block-image size-large\"><img decoding=\"async\" width=\"1024\" height=\"576\" data-id=\"44161\" src=\"https:\/\/www.evropskakuca.me\/wp-content\/uploads\/2025\/04\/Evropska-kuca-link-2-240425-12-1024x576.jpg\" alt=\"\" class=\"wp-image-44161\" srcset=\"https:\/\/www.evropskakuca.me\/wp-content\/uploads\/2025\/04\/Evropska-kuca-link-2-240425-12-1024x576.jpg 1024w, https:\/\/www.evropskakuca.me\/wp-content\/uploads\/2025\/04\/Evropska-kuca-link-2-240425-12-300x169.jpg 300w, https:\/\/www.evropskakuca.me\/wp-content\/uploads\/2025\/04\/Evropska-kuca-link-2-240425-12-768x432.jpg 768w, https:\/\/www.evropskakuca.me\/wp-content\/uploads\/2025\/04\/Evropska-kuca-link-2-240425-12-1536x864.jpg 1536w, https:\/\/www.evropskakuca.me\/wp-content\/uploads\/2025\/04\/Evropska-kuca-link-2-240425-12-2048x1153.jpg 2048w\" sizes=\"(max-width: 1024px) 100vw, 1024px\" \/><\/figure>\n<\/figure>\n\n\n\n<p class=\"has-text-align-left\"><br>Tokom dva panela koja su organizovana u okviru doga\u0111aja, u\u010desnice su govorile o \u017eenama liderkama u ICT, sajber bezbjednosti i AI, kao i inkluzivnom digitalnom ekosistemu.<\/p>\n\n\n\n<p class=\"has-text-align-left\">Zamjenica gradona\u010delnika Podgorice, <strong>Na\u0111a Ljiljani\u0107<\/strong> naglasila je va\u017enost digitalne pismenosti, inovacija i sajber bezbjednosti kao klju\u010dnih vrijednosti savremenog dru\u0161tva.<\/p>\n\n\n\n<figure class=\"wp-block-image size-large\"><img decoding=\"async\" width=\"1024\" height=\"576\" src=\"https:\/\/www.evropskakuca.me\/wp-content\/uploads\/2025\/04\/Evropska-kuca-link-1-240425-24-1024x576.jpg\" alt=\"\" class=\"wp-image-44163\" srcset=\"https:\/\/www.evropskakuca.me\/wp-content\/uploads\/2025\/04\/Evropska-kuca-link-1-240425-24-1024x576.jpg 1024w, https:\/\/www.evropskakuca.me\/wp-content\/uploads\/2025\/04\/Evropska-kuca-link-1-240425-24-300x169.jpg 300w, https:\/\/www.evropskakuca.me\/wp-content\/uploads\/2025\/04\/Evropska-kuca-link-1-240425-24-768x432.jpg 768w, https:\/\/www.evropskakuca.me\/wp-content\/uploads\/2025\/04\/Evropska-kuca-link-1-240425-24-1536x864.jpg 1536w, https:\/\/www.evropskakuca.me\/wp-content\/uploads\/2025\/04\/Evropska-kuca-link-1-240425-24-2048x1153.jpg 2048w\" sizes=\"(max-width: 1024px) 100vw, 1024px\" \/><\/figure>\n\n\n\n<p class=\"has-text-align-left\">\u201eNe gradimo samo digitalna rje\u0161enja \u2013 gradimo pravedno dru\u0161tvo. Dru\u0161tvo u kojem se talenti ne prepoznaju po polu, ve\u0107 po viziji, znanju i hrabrosti\u201c, kazala je Ljiljani\u0107.<br>Predsjednica Women4Cyber Montenegro dr <strong>Andreja Mihailovi\u0107<\/strong> izrazila je nadu da \u0107e ovaj doga\u0111aj probuditi energiju i kreativni impuls u djevoj\u010dicama.<\/p>\n\n\n\n<figure class=\"wp-block-image size-large\"><img loading=\"lazy\" decoding=\"async\" width=\"1024\" height=\"576\" src=\"https:\/\/www.evropskakuca.me\/wp-content\/uploads\/2025\/04\/Evropska-kuca-link-1-240425-80-1024x576.jpg\" alt=\"\" class=\"wp-image-44165\" srcset=\"https:\/\/www.evropskakuca.me\/wp-content\/uploads\/2025\/04\/Evropska-kuca-link-1-240425-80-1024x576.jpg 1024w, https:\/\/www.evropskakuca.me\/wp-content\/uploads\/2025\/04\/Evropska-kuca-link-1-240425-80-300x169.jpg 300w, https:\/\/www.evropskakuca.me\/wp-content\/uploads\/2025\/04\/Evropska-kuca-link-1-240425-80-768x432.jpg 768w, https:\/\/www.evropskakuca.me\/wp-content\/uploads\/2025\/04\/Evropska-kuca-link-1-240425-80-1536x864.jpg 1536w, https:\/\/www.evropskakuca.me\/wp-content\/uploads\/2025\/04\/Evropska-kuca-link-1-240425-80-2048x1153.jpg 2048w\" sizes=\"(max-width: 1024px) 100vw, 1024px\" \/><\/figure>\n\n\n\n<p class=\"has-text-align-left\">Doga\u0111aj je organizovan uz podr\u0161ku Evropske unije, Evropske ku\u0107e, Women4Cyber Montenegro i mre\u017ee Young European Ambassadors.<br><strong>Me\u0111unarodni dan devoj\u010dica u ICT sektoru<\/strong> ustanovljen je na nivou Ujedinjenih nacija i obele\u017eava se svakog \u010detvrtog \u010detvrtka u aprilu. Prvi put je obele\u017een u Nema\u010dkoj 2001. godine, a u toj manifestaciji je u\u010destvovalo vi\u0161e od milion devoj\u010dica.<br>Cilj obilje\u017eavanja ovog dana je osna\u017eivanje devoj\u010dica prilikom odabira budu\u0107ih profesija. Djevoj\u010dice ne treba da podlije\u017eu stereotipima, ve\u0107 da se rukovode li\u010dnim interesovanjima i talentima.<\/p>\n\n\n\n<p><\/p>\n","protected":false},"excerpt":{"rendered":"<p>Za sna\u017eniji glas i prisustvo \u017eena u ICT sektoru \u2013 za otpornije i ravnopravnije dru\u0161tvo budu\u0107nosti Podgorica je grad mladosti, ideja i povezivanja \u2013 otvorena, inkluzivna i digitalno orijentisana zajednica koja ula\u017ee u znanje, obrazovanje i inovacije. Ovo je poruka sa doga\u0111aja \u201eOsna\u017eivanje \u017eena u ICT-u: Prevazila\u017eenje digitalnog jaza\u201c kojim je u Evropskoj ku\u0107i obilje\u017een [&hellip;]<\/p>\n","protected":false},"author":3,"featured_media":44157,"comment_status":"closed","ping_status":"closed","sticky":false,"template":"","format":"standard","meta":{"_acf_changed":false,"footnotes":""},"categories":[283,1,524],"tags":[],"class_list":["post-44156","post","type-post","status-publish","format-standard","has-post-thumbnail","hentry","category-novosti-me","category-uncategorized","category-vesti"],"acf":[],"yoast_head":"<!-- This site is optimized with the Yoast SEO plugin v27.3 - https:\/\/yoast.com\/product\/yoast-seo-wordpress\/ -->\n<title>Djevoj\u010dice stvaraju budu\u0107nost \u2013 Me\u0111unarodni dan djevoj\u010dica u ICT - Europe House<\/title>\n<meta name=\"robots\" content=\"index, follow, max-snippet:-1, max-image-preview:large, max-video-preview:-1\" \/>\n<link rel=\"canonical\" href=\"https:\/\/www.evropskakuca.me\/me\/djevojcice-stvaraju-buducnost-medunarodni-dan-djevojcica-u-ict\/\" \/>\n<meta property=\"og:locale\" content=\"en_US\" \/>\n<meta property=\"og:type\" content=\"article\" \/>\n<meta property=\"og:title\" content=\"Djevoj\u010dice stvaraju budu\u0107nost \u2013 Me\u0111unarodni dan djevoj\u010dica u ICT - Europe House\" \/>\n<meta property=\"og:description\" content=\"Za sna\u017eniji glas i prisustvo \u017eena u ICT sektoru \u2013 za otpornije i ravnopravnije dru\u0161tvo budu\u0107nosti Podgorica je grad mladosti, ideja i povezivanja \u2013 otvorena, inkluzivna i digitalno orijentisana zajednica koja ula\u017ee u znanje, obrazovanje i inovacije. Ovo je poruka sa doga\u0111aja \u201eOsna\u017eivanje \u017eena u ICT-u: Prevazila\u017eenje digitalnog jaza\u201c kojim je u Evropskoj ku\u0107i obilje\u017een [&hellip;]\" \/>\n<meta property=\"og:url\" content=\"https:\/\/www.evropskakuca.me\/me\/djevojcice-stvaraju-buducnost-medunarodni-dan-djevojcica-u-ict\/\" \/>\n<meta property=\"og:site_name\" content=\"Europe House\" \/>\n<meta property=\"article:publisher\" content=\"https:\/\/www.facebook.com\/evropska.kuca\" \/>\n<meta property=\"article:published_time\" content=\"2025-04-25T10:50:34+00:00\" \/>\n<meta property=\"article:modified_time\" content=\"2025-04-25T10:54:39+00:00\" \/>\n<meta property=\"og:image\" content=\"https:\/\/www.evropskakuca.me\/wp-content\/uploads\/2025\/04\/naslovna-scaled.jpg\" \/>\n\t<meta property=\"og:image:width\" content=\"2560\" \/>\n\t<meta property=\"og:image:height\" content=\"1441\" \/>\n\t<meta property=\"og:image:type\" content=\"image\/jpeg\" \/>\n<meta name=\"author\" content=\"Aleksandar Vukovic\" \/>\n<meta name=\"twitter:card\" content=\"summary_large_image\" \/>\n<meta name=\"twitter:creator\" content=\"@evropska_kuca\" \/>\n<meta name=\"twitter:site\" content=\"@evropska_kuca\" \/>\n<meta name=\"twitter:label1\" content=\"Written by\" \/>\n\t<meta name=\"twitter:data1\" content=\"Aleksandar Vukovic\" \/>\n\t<meta name=\"twitter:label2\" content=\"Est. reading time\" \/>\n\t<meta name=\"twitter:data2\" content=\"3 minutes\" \/>\n<script type=\"application\/ld+json\" class=\"yoast-schema-graph\">{\"@context\":\"https:\\\/\\\/schema.org\",\"@graph\":[{\"@type\":\"Article\",\"@id\":\"https:\\\/\\\/www.evropskakuca.me\\\/me\\\/djevojcice-stvaraju-buducnost-medunarodni-dan-djevojcica-u-ict\\\/#article\",\"isPartOf\":{\"@id\":\"https:\\\/\\\/www.evropskakuca.me\\\/me\\\/djevojcice-stvaraju-buducnost-medunarodni-dan-djevojcica-u-ict\\\/\"},\"author\":{\"name\":\"Aleksandar Vukovic\",\"@id\":\"https:\\\/\\\/www.evropskakuca.me\\\/me\\\/#\\\/schema\\\/person\\\/7e16527119c7b67f457996b970f2bd6e\"},\"headline\":\"Djevoj\u010dice stvaraju budu\u0107nost \u2013 Me\u0111unarodni dan djevoj\u010dica u ICT\",\"datePublished\":\"2025-04-25T10:50:34+00:00\",\"dateModified\":\"2025-04-25T10:54:39+00:00\",\"mainEntityOfPage\":{\"@id\":\"https:\\\/\\\/www.evropskakuca.me\\\/me\\\/djevojcice-stvaraju-buducnost-medunarodni-dan-djevojcica-u-ict\\\/\"},\"wordCount\":315,\"publisher\":{\"@id\":\"https:\\\/\\\/www.evropskakuca.me\\\/me\\\/#organization\"},\"image\":{\"@id\":\"https:\\\/\\\/www.evropskakuca.me\\\/me\\\/djevojcice-stvaraju-buducnost-medunarodni-dan-djevojcica-u-ict\\\/#primaryimage\"},\"thumbnailUrl\":\"https:\\\/\\\/www.evropskakuca.me\\\/wp-content\\\/uploads\\\/2025\\\/04\\\/naslovna-scaled.jpg\",\"articleSection\":{\"0\":\"Novosti\",\"2\":\"Vesti\"},\"inLanguage\":\"me-ME\"},{\"@type\":\"WebPage\",\"@id\":\"https:\\\/\\\/www.evropskakuca.me\\\/me\\\/djevojcice-stvaraju-buducnost-medunarodni-dan-djevojcica-u-ict\\\/\",\"url\":\"https:\\\/\\\/www.evropskakuca.me\\\/me\\\/djevojcice-stvaraju-buducnost-medunarodni-dan-djevojcica-u-ict\\\/\",\"name\":\"Djevoj\u010dice stvaraju budu\u0107nost \u2013 Me\u0111unarodni dan djevoj\u010dica u ICT - Europe House\",\"isPartOf\":{\"@id\":\"https:\\\/\\\/www.evropskakuca.me\\\/me\\\/#website\"},\"primaryImageOfPage\":{\"@id\":\"https:\\\/\\\/www.evropskakuca.me\\\/me\\\/djevojcice-stvaraju-buducnost-medunarodni-dan-djevojcica-u-ict\\\/#primaryimage\"},\"image\":{\"@id\":\"https:\\\/\\\/www.evropskakuca.me\\\/me\\\/djevojcice-stvaraju-buducnost-medunarodni-dan-djevojcica-u-ict\\\/#primaryimage\"},\"thumbnailUrl\":\"https:\\\/\\\/www.evropskakuca.me\\\/wp-content\\\/uploads\\\/2025\\\/04\\\/naslovna-scaled.jpg\",\"datePublished\":\"2025-04-25T10:50:34+00:00\",\"dateModified\":\"2025-04-25T10:54:39+00:00\",\"breadcrumb\":{\"@id\":\"https:\\\/\\\/www.evropskakuca.me\\\/me\\\/djevojcice-stvaraju-buducnost-medunarodni-dan-djevojcica-u-ict\\\/#breadcrumb\"},\"inLanguage\":\"me-ME\",\"potentialAction\":[{\"@type\":\"ReadAction\",\"target\":[\"https:\\\/\\\/www.evropskakuca.me\\\/me\\\/djevojcice-stvaraju-buducnost-medunarodni-dan-djevojcica-u-ict\\\/\"]}]},{\"@type\":\"ImageObject\",\"inLanguage\":\"me-ME\",\"@id\":\"https:\\\/\\\/www.evropskakuca.me\\\/me\\\/djevojcice-stvaraju-buducnost-medunarodni-dan-djevojcica-u-ict\\\/#primaryimage\",\"url\":\"https:\\\/\\\/www.evropskakuca.me\\\/wp-content\\\/uploads\\\/2025\\\/04\\\/naslovna-scaled.jpg\",\"contentUrl\":\"https:\\\/\\\/www.evropskakuca.me\\\/wp-content\\\/uploads\\\/2025\\\/04\\\/naslovna-scaled.jpg\",\"width\":2560,\"height\":1441},{\"@type\":\"BreadcrumbList\",\"@id\":\"https:\\\/\\\/www.evropskakuca.me\\\/me\\\/djevojcice-stvaraju-buducnost-medunarodni-dan-djevojcica-u-ict\\\/#breadcrumb\",\"itemListElement\":[{\"@type\":\"ListItem\",\"position\":1,\"name\":\"Home\",\"item\":\"https:\\\/\\\/www.evropskakuca.me\\\/me\\\/\"},{\"@type\":\"ListItem\",\"position\":2,\"name\":\"Djevoj\u010dice stvaraju budu\u0107nost \u2013 Me\u0111unarodni dan djevoj\u010dica u ICT\"}]},{\"@type\":\"WebSite\",\"@id\":\"https:\\\/\\\/www.evropskakuca.me\\\/me\\\/#website\",\"url\":\"https:\\\/\\\/www.evropskakuca.me\\\/me\\\/\",\"name\":\"Evropean house\",\"description\":\"\",\"publisher\":{\"@id\":\"https:\\\/\\\/www.evropskakuca.me\\\/me\\\/#organization\"},\"potentialAction\":[{\"@type\":\"SearchAction\",\"target\":{\"@type\":\"EntryPoint\",\"urlTemplate\":\"https:\\\/\\\/www.evropskakuca.me\\\/me\\\/?s={search_term_string}\"},\"query-input\":{\"@type\":\"PropertyValueSpecification\",\"valueRequired\":true,\"valueName\":\"search_term_string\"}}],\"inLanguage\":\"me-ME\"},{\"@type\":\"Organization\",\"@id\":\"https:\\\/\\\/www.evropskakuca.me\\\/me\\\/#organization\",\"name\":\"Evropean house\",\"url\":\"https:\\\/\\\/www.evropskakuca.me\\\/me\\\/\",\"logo\":{\"@type\":\"ImageObject\",\"inLanguage\":\"me-ME\",\"@id\":\"https:\\\/\\\/www.evropskakuca.me\\\/me\\\/#\\\/schema\\\/logo\\\/image\\\/\",\"url\":\"https:\\\/\\\/www.evropskakuca.me\\\/wp-content\\\/uploads\\\/2025\\\/01\\\/evropska-kuca-logo-1.png\",\"contentUrl\":\"https:\\\/\\\/www.evropskakuca.me\\\/wp-content\\\/uploads\\\/2025\\\/01\\\/evropska-kuca-logo-1.png\",\"width\":425,\"height\":312,\"caption\":\"Evropean house\"},\"image\":{\"@id\":\"https:\\\/\\\/www.evropskakuca.me\\\/me\\\/#\\\/schema\\\/logo\\\/image\\\/\"},\"sameAs\":[\"https:\\\/\\\/www.facebook.com\\\/evropska.kuca\",\"https:\\\/\\\/x.com\\\/evropska_kuca\",\"https:\\\/\\\/www.instagram.com\\\/evropska_kuca\"]},{\"@type\":\"Person\",\"@id\":\"https:\\\/\\\/www.evropskakuca.me\\\/me\\\/#\\\/schema\\\/person\\\/7e16527119c7b67f457996b970f2bd6e\",\"name\":\"Aleksandar Vukovic\",\"image\":{\"@type\":\"ImageObject\",\"inLanguage\":\"me-ME\",\"@id\":\"https:\\\/\\\/secure.gravatar.com\\\/avatar\\\/a1834e0104b0242a886079bde835ba36d80c70f9987a11f3ba33eb9e8d74cc15?s=96&d=mm&r=g\",\"url\":\"https:\\\/\\\/secure.gravatar.com\\\/avatar\\\/a1834e0104b0242a886079bde835ba36d80c70f9987a11f3ba33eb9e8d74cc15?s=96&d=mm&r=g\",\"contentUrl\":\"https:\\\/\\\/secure.gravatar.com\\\/avatar\\\/a1834e0104b0242a886079bde835ba36d80c70f9987a11f3ba33eb9e8d74cc15?s=96&d=mm&r=g\",\"caption\":\"Aleksandar Vukovic\"},\"url\":\"https:\\\/\\\/www.evropskakuca.me\\\/me\\\/author\\\/aleksandar\\\/\"}]}<\/script>\n<!-- \/ Yoast SEO plugin. -->","yoast_head_json":{"title":"Djevoj\u010dice stvaraju budu\u0107nost \u2013 Me\u0111unarodni dan djevoj\u010dica u ICT - Europe House","robots":{"index":"index","follow":"follow","max-snippet":"max-snippet:-1","max-image-preview":"max-image-preview:large","max-video-preview":"max-video-preview:-1"},"canonical":"https:\/\/www.evropskakuca.me\/me\/djevojcice-stvaraju-buducnost-medunarodni-dan-djevojcica-u-ict\/","og_locale":"en_US","og_type":"article","og_title":"Djevoj\u010dice stvaraju budu\u0107nost \u2013 Me\u0111unarodni dan djevoj\u010dica u ICT - Europe House","og_description":"Za sna\u017eniji glas i prisustvo \u017eena u ICT sektoru \u2013 za otpornije i ravnopravnije dru\u0161tvo budu\u0107nosti Podgorica je grad mladosti, ideja i povezivanja \u2013 otvorena, inkluzivna i digitalno orijentisana zajednica koja ula\u017ee u znanje, obrazovanje i inovacije. Ovo je poruka sa doga\u0111aja \u201eOsna\u017eivanje \u017eena u ICT-u: Prevazila\u017eenje digitalnog jaza\u201c kojim je u Evropskoj ku\u0107i obilje\u017een [&hellip;]","og_url":"https:\/\/www.evropskakuca.me\/me\/djevojcice-stvaraju-buducnost-medunarodni-dan-djevojcica-u-ict\/","og_site_name":"Europe House","article_publisher":"https:\/\/www.facebook.com\/evropska.kuca","article_published_time":"2025-04-25T10:50:34+00:00","article_modified_time":"2025-04-25T10:54:39+00:00","og_image":[{"width":2560,"height":1441,"url":"https:\/\/www.evropskakuca.me\/wp-content\/uploads\/2025\/04\/naslovna-scaled.jpg","type":"image\/jpeg"}],"author":"Aleksandar Vukovic","twitter_card":"summary_large_image","twitter_creator":"@evropska_kuca","twitter_site":"@evropska_kuca","twitter_misc":{"Written by":"Aleksandar Vukovic","Est. reading time":"3 minutes"},"schema":{"@context":"https:\/\/schema.org","@graph":[{"@type":"Article","@id":"https:\/\/www.evropskakuca.me\/me\/djevojcice-stvaraju-buducnost-medunarodni-dan-djevojcica-u-ict\/#article","isPartOf":{"@id":"https:\/\/www.evropskakuca.me\/me\/djevojcice-stvaraju-buducnost-medunarodni-dan-djevojcica-u-ict\/"},"author":{"name":"Aleksandar Vukovic","@id":"https:\/\/www.evropskakuca.me\/me\/#\/schema\/person\/7e16527119c7b67f457996b970f2bd6e"},"headline":"Djevoj\u010dice stvaraju budu\u0107nost \u2013 Me\u0111unarodni dan djevoj\u010dica u ICT","datePublished":"2025-04-25T10:50:34+00:00","dateModified":"2025-04-25T10:54:39+00:00","mainEntityOfPage":{"@id":"https:\/\/www.evropskakuca.me\/me\/djevojcice-stvaraju-buducnost-medunarodni-dan-djevojcica-u-ict\/"},"wordCount":315,"publisher":{"@id":"https:\/\/www.evropskakuca.me\/me\/#organization"},"image":{"@id":"https:\/\/www.evropskakuca.me\/me\/djevojcice-stvaraju-buducnost-medunarodni-dan-djevojcica-u-ict\/#primaryimage"},"thumbnailUrl":"https:\/\/www.evropskakuca.me\/wp-content\/uploads\/2025\/04\/naslovna-scaled.jpg","articleSection":{"0":"Novosti","2":"Vesti"},"inLanguage":"me-ME"},{"@type":"WebPage","@id":"https:\/\/www.evropskakuca.me\/me\/djevojcice-stvaraju-buducnost-medunarodni-dan-djevojcica-u-ict\/","url":"https:\/\/www.evropskakuca.me\/me\/djevojcice-stvaraju-buducnost-medunarodni-dan-djevojcica-u-ict\/","name":"Djevoj\u010dice stvaraju budu\u0107nost \u2013 Me\u0111unarodni dan djevoj\u010dica u ICT - Europe House","isPartOf":{"@id":"https:\/\/www.evropskakuca.me\/me\/#website"},"primaryImageOfPage":{"@id":"https:\/\/www.evropskakuca.me\/me\/djevojcice-stvaraju-buducnost-medunarodni-dan-djevojcica-u-ict\/#primaryimage"},"image":{"@id":"https:\/\/www.evropskakuca.me\/me\/djevojcice-stvaraju-buducnost-medunarodni-dan-djevojcica-u-ict\/#primaryimage"},"thumbnailUrl":"https:\/\/www.evropskakuca.me\/wp-content\/uploads\/2025\/04\/naslovna-scaled.jpg","datePublished":"2025-04-25T10:50:34+00:00","dateModified":"2025-04-25T10:54:39+00:00","breadcrumb":{"@id":"https:\/\/www.evropskakuca.me\/me\/djevojcice-stvaraju-buducnost-medunarodni-dan-djevojcica-u-ict\/#breadcrumb"},"inLanguage":"me-ME","potentialAction":[{"@type":"ReadAction","target":["https:\/\/www.evropskakuca.me\/me\/djevojcice-stvaraju-buducnost-medunarodni-dan-djevojcica-u-ict\/"]}]},{"@type":"ImageObject","inLanguage":"me-ME","@id":"https:\/\/www.evropskakuca.me\/me\/djevojcice-stvaraju-buducnost-medunarodni-dan-djevojcica-u-ict\/#primaryimage","url":"https:\/\/www.evropskakuca.me\/wp-content\/uploads\/2025\/04\/naslovna-scaled.jpg","contentUrl":"https:\/\/www.evropskakuca.me\/wp-content\/uploads\/2025\/04\/naslovna-scaled.jpg","width":2560,"height":1441},{"@type":"BreadcrumbList","@id":"https:\/\/www.evropskakuca.me\/me\/djevojcice-stvaraju-buducnost-medunarodni-dan-djevojcica-u-ict\/#breadcrumb","itemListElement":[{"@type":"ListItem","position":1,"name":"Home","item":"https:\/\/www.evropskakuca.me\/me\/"},{"@type":"ListItem","position":2,"name":"Djevoj\u010dice stvaraju budu\u0107nost \u2013 Me\u0111unarodni dan djevoj\u010dica u ICT"}]},{"@type":"WebSite","@id":"https:\/\/www.evropskakuca.me\/me\/#website","url":"https:\/\/www.evropskakuca.me\/me\/","name":"Evropean house","description":"","publisher":{"@id":"https:\/\/www.evropskakuca.me\/me\/#organization"},"potentialAction":[{"@type":"SearchAction","target":{"@type":"EntryPoint","urlTemplate":"https:\/\/www.evropskakuca.me\/me\/?s={search_term_string}"},"query-input":{"@type":"PropertyValueSpecification","valueRequired":true,"valueName":"search_term_string"}}],"inLanguage":"me-ME"},{"@type":"Organization","@id":"https:\/\/www.evropskakuca.me\/me\/#organization","name":"Evropean house","url":"https:\/\/www.evropskakuca.me\/me\/","logo":{"@type":"ImageObject","inLanguage":"me-ME","@id":"https:\/\/www.evropskakuca.me\/me\/#\/schema\/logo\/image\/","url":"https:\/\/www.evropskakuca.me\/wp-content\/uploads\/2025\/01\/evropska-kuca-logo-1.png","contentUrl":"https:\/\/www.evropskakuca.me\/wp-content\/uploads\/2025\/01\/evropska-kuca-logo-1.png","width":425,"height":312,"caption":"Evropean house"},"image":{"@id":"https:\/\/www.evropskakuca.me\/me\/#\/schema\/logo\/image\/"},"sameAs":["https:\/\/www.facebook.com\/evropska.kuca","https:\/\/x.com\/evropska_kuca","https:\/\/www.instagram.com\/evropska_kuca"]},{"@type":"Person","@id":"https:\/\/www.evropskakuca.me\/me\/#\/schema\/person\/7e16527119c7b67f457996b970f2bd6e","name":"Aleksandar Vukovic","image":{"@type":"ImageObject","inLanguage":"me-ME","@id":"https:\/\/secure.gravatar.com\/avatar\/a1834e0104b0242a886079bde835ba36d80c70f9987a11f3ba33eb9e8d74cc15?s=96&d=mm&r=g","url":"https:\/\/secure.gravatar.com\/avatar\/a1834e0104b0242a886079bde835ba36d80c70f9987a11f3ba33eb9e8d74cc15?s=96&d=mm&r=g","contentUrl":"https:\/\/secure.gravatar.com\/avatar\/a1834e0104b0242a886079bde835ba36d80c70f9987a11f3ba33eb9e8d74cc15?s=96&d=mm&r=g","caption":"Aleksandar Vukovic"},"url":"https:\/\/www.evropskakuca.me\/me\/author\/aleksandar\/"}]}},"_links":{"self":[{"href":"https:\/\/www.evropskakuca.me\/me\/wp-json\/wp\/v2\/posts\/44156","targetHints":{"allow":["GET"]}}],"collection":[{"href":"https:\/\/www.evropskakuca.me\/me\/wp-json\/wp\/v2\/posts"}],"about":[{"href":"https:\/\/www.evropskakuca.me\/me\/wp-json\/wp\/v2\/types\/post"}],"author":[{"embeddable":true,"href":"https:\/\/www.evropskakuca.me\/me\/wp-json\/wp\/v2\/users\/3"}],"replies":[{"embeddable":true,"href":"https:\/\/www.evropskakuca.me\/me\/wp-json\/wp\/v2\/comments?post=44156"}],"version-history":[{"count":1,"href":"https:\/\/www.evropskakuca.me\/me\/wp-json\/wp\/v2\/posts\/44156\/revisions"}],"predecessor-version":[{"id":44167,"href":"https:\/\/www.evropskakuca.me\/me\/wp-json\/wp\/v2\/posts\/44156\/revisions\/44167"}],"wp:featuredmedia":[{"embeddable":true,"href":"https:\/\/www.evropskakuca.me\/me\/wp-json\/wp\/v2\/media\/44157"}],"wp:attachment":[{"href":"https:\/\/www.evropskakuca.me\/me\/wp-json\/wp\/v2\/media?parent=44156"}],"wp:term":[{"taxonomy":"category","embeddable":true,"href":"https:\/\/www.evropskakuca.me\/me\/wp-json\/wp\/v2\/categories?post=44156"},{"taxonomy":"post_tag","embeddable":true,"href":"https:\/\/www.evropskakuca.me\/me\/wp-json\/wp\/v2\/tags?post=44156"}],"curies":[{"name":"wp","href":"https:\/\/api.w.org\/{rel}","templated":true}]}}