{"id":44120,"date":"2025-04-07T09:08:50","date_gmt":"2025-04-07T09:08:50","guid":{"rendered":"https:\/\/www.evropskakuca.me\/?p=44120"},"modified":"2025-04-07T09:11:41","modified_gmt":"2025-04-07T09:11:41","slug":"arlem-nagrada-za-mlade-lokalne-preduzetnike-sa-mediterana","status":"publish","type":"post","link":"https:\/\/www.evropskakuca.me\/me\/arlem-nagrada-za-mlade-lokalne-preduzetnike-sa-mediterana\/","title":{"rendered":"ARLEM nagrada za mlade lokalne preduzetnike sa Mediterana"},"content":{"rendered":"\n<p>Sedmo izdanje ARLEM nagrade za mlade lokalne preduzetnike sa Mediterana otvoreno je za prijave do <strong>15. maja 2025.<\/strong> godine i namijenjeno je mladim lokalnim preduzetnicima iz zemalja koje su u nadle\u017enosti ovog programa.<\/p>\n\n\n\n<figure class=\"wp-block-image size-large\"><img fetchpriority=\"high\" decoding=\"async\" width=\"1024\" height=\"683\" src=\"https:\/\/www.evropskakuca.me\/wp-content\/uploads\/2022\/02\/FRO_5227-1024x683.jpg\" alt=\"\" class=\"wp-image-42769\" srcset=\"https:\/\/www.evropskakuca.me\/wp-content\/uploads\/2022\/02\/FRO_5227-1024x683.jpg 1024w, https:\/\/www.evropskakuca.me\/wp-content\/uploads\/2022\/02\/FRO_5227-300x200.jpg 300w, https:\/\/www.evropskakuca.me\/wp-content\/uploads\/2022\/02\/FRO_5227-768x512.jpg 768w, https:\/\/www.evropskakuca.me\/wp-content\/uploads\/2022\/02\/FRO_5227-1536x1024.jpg 1536w, https:\/\/www.evropskakuca.me\/wp-content\/uploads\/2022\/02\/FRO_5227-2048x1365.jpg 2048w\" sizes=\"(max-width: 1024px) 100vw, 1024px\" \/><\/figure>\n\n\n\n<p>ARLEM je stalna zajedni\u010dka skup\u0161tina koja okuplja izabrane predstavnike gradova, regiona i drugih lokalnih vlasti sa tri obale Mediterana, s ciljem o\u010duvanja politi\u010dkog dijaloga i podsticanja regionalne integracije. U saradnji sa bliskim partnerima i podr\u017eavaocima, uklju\u010duju\u0107i i Uniju za Mediteran, ARLEM svake godine nagra\u0111uje jednog mladog preduzetnika iz jedne od svojih partnerskih zemalja sa Mediterana, kao i lokalnu ili regionalnu vlast koja mu je pru\u017eila podr\u0161ku. Cilj je predstaviti uspje\u0161an primjer omladinskog preduzetni\u0161tva, koji pokazuje kako mladi aktivno preuzimaju budu\u0107nost u svoje ruke i demonstrira pozitivan uticaj lokalnih i regionalnih vlasti na preduzetni\u010dki ekosistem.<\/p>\n\n\n\n<p>Za vi\u0161e informacija, posjetite zvani\u010dnu <a href=\"https:\/\/cor.europa.eu\/en\/plenaries-events\/awards\/arlem-award#toc-arlem-award-2025\">web stranicu posve\u0107enu ARLEM nagradi<\/a>.<\/p>\n","protected":false},"excerpt":{"rendered":"<p>Sedmo izdanje ARLEM nagrade za mlade lokalne preduzetnike sa Mediterana otvoreno je za prijave do 15. maja 2025. godine i namijenjeno je mladim lokalnim preduzetnicima iz zemalja koje su u nadle\u017enosti ovog programa. ARLEM je stalna zajedni\u010dka skup\u0161tina koja okuplja izabrane predstavnike gradova, regiona i drugih lokalnih vlasti sa tri obale Mediterana, s ciljem o\u010duvanja [&hellip;]<\/p>\n","protected":false},"author":3,"featured_media":42968,"comment_status":"closed","ping_status":"closed","sticky":false,"template":"","format":"standard","meta":{"_acf_changed":false,"footnotes":""},"categories":[283,524],"tags":[],"class_list":["post-44120","post","type-post","status-publish","format-standard","has-post-thumbnail","hentry","category-novosti-me","category-vesti"],"acf":[],"yoast_head":"<!-- This site is optimized with the Yoast SEO plugin v27.3 - https:\/\/yoast.com\/product\/yoast-seo-wordpress\/ -->\n<title>ARLEM nagrada za mlade lokalne preduzetnike sa Mediterana - Europe House<\/title>\n<meta name=\"robots\" content=\"index, follow, max-snippet:-1, max-image-preview:large, max-video-preview:-1\" \/>\n<link rel=\"canonical\" href=\"https:\/\/www.evropskakuca.me\/me\/arlem-nagrada-za-mlade-lokalne-preduzetnike-sa-mediterana\/\" \/>\n<meta property=\"og:locale\" content=\"en_US\" \/>\n<meta property=\"og:type\" content=\"article\" \/>\n<meta property=\"og:title\" content=\"ARLEM nagrada za mlade lokalne preduzetnike sa Mediterana - Europe House\" \/>\n<meta property=\"og:description\" content=\"Sedmo izdanje ARLEM nagrade za mlade lokalne preduzetnike sa Mediterana otvoreno je za prijave do 15. maja 2025. godine i namijenjeno je mladim lokalnim preduzetnicima iz zemalja koje su u nadle\u017enosti ovog programa. ARLEM je stalna zajedni\u010dka skup\u0161tina koja okuplja izabrane predstavnike gradova, regiona i drugih lokalnih vlasti sa tri obale Mediterana, s ciljem o\u010duvanja [&hellip;]\" \/>\n<meta property=\"og:url\" content=\"https:\/\/www.evropskakuca.me\/me\/arlem-nagrada-za-mlade-lokalne-preduzetnike-sa-mediterana\/\" \/>\n<meta property=\"og:site_name\" content=\"Europe House\" \/>\n<meta property=\"article:publisher\" content=\"https:\/\/www.facebook.com\/evropska.kuca\" \/>\n<meta property=\"article:published_time\" content=\"2025-04-07T09:08:50+00:00\" \/>\n<meta property=\"article:modified_time\" content=\"2025-04-07T09:11:41+00:00\" \/>\n<meta property=\"og:image\" content=\"https:\/\/www.evropskakuca.me\/wp-content\/uploads\/2024\/03\/FRO_5227-scaled.jpg\" \/>\n\t<meta property=\"og:image:width\" content=\"2560\" \/>\n\t<meta property=\"og:image:height\" content=\"1707\" \/>\n\t<meta property=\"og:image:type\" content=\"image\/jpeg\" \/>\n<meta name=\"author\" content=\"Aleksandar Vukovic\" \/>\n<meta name=\"twitter:card\" content=\"summary_large_image\" \/>\n<meta name=\"twitter:creator\" content=\"@evropska_kuca\" \/>\n<meta name=\"twitter:site\" content=\"@evropska_kuca\" \/>\n<meta name=\"twitter:label1\" content=\"Written by\" \/>\n\t<meta name=\"twitter:data1\" content=\"Aleksandar Vukovic\" \/>\n\t<meta name=\"twitter:label2\" content=\"Est. reading time\" \/>\n\t<meta name=\"twitter:data2\" content=\"2 minutes\" \/>\n<script type=\"application\/ld+json\" class=\"yoast-schema-graph\">{\"@context\":\"https:\\\/\\\/schema.org\",\"@graph\":[{\"@type\":\"Article\",\"@id\":\"https:\\\/\\\/www.evropskakuca.me\\\/me\\\/arlem-nagrada-za-mlade-lokalne-preduzetnike-sa-mediterana\\\/#article\",\"isPartOf\":{\"@id\":\"https:\\\/\\\/www.evropskakuca.me\\\/me\\\/arlem-nagrada-za-mlade-lokalne-preduzetnike-sa-mediterana\\\/\"},\"author\":{\"name\":\"Aleksandar Vukovic\",\"@id\":\"https:\\\/\\\/www.evropskakuca.me\\\/me\\\/#\\\/schema\\\/person\\\/7e16527119c7b67f457996b970f2bd6e\"},\"headline\":\"ARLEM nagrada za mlade lokalne preduzetnike sa Mediterana\",\"datePublished\":\"2025-04-07T09:08:50+00:00\",\"dateModified\":\"2025-04-07T09:11:41+00:00\",\"mainEntityOfPage\":{\"@id\":\"https:\\\/\\\/www.evropskakuca.me\\\/me\\\/arlem-nagrada-za-mlade-lokalne-preduzetnike-sa-mediterana\\\/\"},\"wordCount\":161,\"publisher\":{\"@id\":\"https:\\\/\\\/www.evropskakuca.me\\\/me\\\/#organization\"},\"image\":{\"@id\":\"https:\\\/\\\/www.evropskakuca.me\\\/me\\\/arlem-nagrada-za-mlade-lokalne-preduzetnike-sa-mediterana\\\/#primaryimage\"},\"thumbnailUrl\":\"https:\\\/\\\/www.evropskakuca.me\\\/wp-content\\\/uploads\\\/2024\\\/03\\\/FRO_5227-scaled.jpg\",\"articleSection\":[\"Novosti\",\"Vesti\"],\"inLanguage\":\"me-ME\"},{\"@type\":\"WebPage\",\"@id\":\"https:\\\/\\\/www.evropskakuca.me\\\/me\\\/arlem-nagrada-za-mlade-lokalne-preduzetnike-sa-mediterana\\\/\",\"url\":\"https:\\\/\\\/www.evropskakuca.me\\\/me\\\/arlem-nagrada-za-mlade-lokalne-preduzetnike-sa-mediterana\\\/\",\"name\":\"ARLEM nagrada za mlade lokalne preduzetnike sa Mediterana - Europe House\",\"isPartOf\":{\"@id\":\"https:\\\/\\\/www.evropskakuca.me\\\/me\\\/#website\"},\"primaryImageOfPage\":{\"@id\":\"https:\\\/\\\/www.evropskakuca.me\\\/me\\\/arlem-nagrada-za-mlade-lokalne-preduzetnike-sa-mediterana\\\/#primaryimage\"},\"image\":{\"@id\":\"https:\\\/\\\/www.evropskakuca.me\\\/me\\\/arlem-nagrada-za-mlade-lokalne-preduzetnike-sa-mediterana\\\/#primaryimage\"},\"thumbnailUrl\":\"https:\\\/\\\/www.evropskakuca.me\\\/wp-content\\\/uploads\\\/2024\\\/03\\\/FRO_5227-scaled.jpg\",\"datePublished\":\"2025-04-07T09:08:50+00:00\",\"dateModified\":\"2025-04-07T09:11:41+00:00\",\"breadcrumb\":{\"@id\":\"https:\\\/\\\/www.evropskakuca.me\\\/me\\\/arlem-nagrada-za-mlade-lokalne-preduzetnike-sa-mediterana\\\/#breadcrumb\"},\"inLanguage\":\"me-ME\",\"potentialAction\":[{\"@type\":\"ReadAction\",\"target\":[\"https:\\\/\\\/www.evropskakuca.me\\\/me\\\/arlem-nagrada-za-mlade-lokalne-preduzetnike-sa-mediterana\\\/\"]}]},{\"@type\":\"ImageObject\",\"inLanguage\":\"me-ME\",\"@id\":\"https:\\\/\\\/www.evropskakuca.me\\\/me\\\/arlem-nagrada-za-mlade-lokalne-preduzetnike-sa-mediterana\\\/#primaryimage\",\"url\":\"https:\\\/\\\/www.evropskakuca.me\\\/wp-content\\\/uploads\\\/2024\\\/03\\\/FRO_5227-scaled.jpg\",\"contentUrl\":\"https:\\\/\\\/www.evropskakuca.me\\\/wp-content\\\/uploads\\\/2024\\\/03\\\/FRO_5227-scaled.jpg\",\"width\":2560,\"height\":1707},{\"@type\":\"BreadcrumbList\",\"@id\":\"https:\\\/\\\/www.evropskakuca.me\\\/me\\\/arlem-nagrada-za-mlade-lokalne-preduzetnike-sa-mediterana\\\/#breadcrumb\",\"itemListElement\":[{\"@type\":\"ListItem\",\"position\":1,\"name\":\"Home\",\"item\":\"https:\\\/\\\/www.evropskakuca.me\\\/me\\\/\"},{\"@type\":\"ListItem\",\"position\":2,\"name\":\"ARLEM nagrada za mlade lokalne preduzetnike sa Mediterana\"}]},{\"@type\":\"WebSite\",\"@id\":\"https:\\\/\\\/www.evropskakuca.me\\\/me\\\/#website\",\"url\":\"https:\\\/\\\/www.evropskakuca.me\\\/me\\\/\",\"name\":\"Evropean house\",\"description\":\"\",\"publisher\":{\"@id\":\"https:\\\/\\\/www.evropskakuca.me\\\/me\\\/#organization\"},\"potentialAction\":[{\"@type\":\"SearchAction\",\"target\":{\"@type\":\"EntryPoint\",\"urlTemplate\":\"https:\\\/\\\/www.evropskakuca.me\\\/me\\\/?s={search_term_string}\"},\"query-input\":{\"@type\":\"PropertyValueSpecification\",\"valueRequired\":true,\"valueName\":\"search_term_string\"}}],\"inLanguage\":\"me-ME\"},{\"@type\":\"Organization\",\"@id\":\"https:\\\/\\\/www.evropskakuca.me\\\/me\\\/#organization\",\"name\":\"Evropean house\",\"url\":\"https:\\\/\\\/www.evropskakuca.me\\\/me\\\/\",\"logo\":{\"@type\":\"ImageObject\",\"inLanguage\":\"me-ME\",\"@id\":\"https:\\\/\\\/www.evropskakuca.me\\\/me\\\/#\\\/schema\\\/logo\\\/image\\\/\",\"url\":\"https:\\\/\\\/www.evropskakuca.me\\\/wp-content\\\/uploads\\\/2025\\\/01\\\/evropska-kuca-logo-1.png\",\"contentUrl\":\"https:\\\/\\\/www.evropskakuca.me\\\/wp-content\\\/uploads\\\/2025\\\/01\\\/evropska-kuca-logo-1.png\",\"width\":425,\"height\":312,\"caption\":\"Evropean house\"},\"image\":{\"@id\":\"https:\\\/\\\/www.evropskakuca.me\\\/me\\\/#\\\/schema\\\/logo\\\/image\\\/\"},\"sameAs\":[\"https:\\\/\\\/www.facebook.com\\\/evropska.kuca\",\"https:\\\/\\\/x.com\\\/evropska_kuca\",\"https:\\\/\\\/www.instagram.com\\\/evropska_kuca\"]},{\"@type\":\"Person\",\"@id\":\"https:\\\/\\\/www.evropskakuca.me\\\/me\\\/#\\\/schema\\\/person\\\/7e16527119c7b67f457996b970f2bd6e\",\"name\":\"Aleksandar Vukovic\",\"image\":{\"@type\":\"ImageObject\",\"inLanguage\":\"me-ME\",\"@id\":\"https:\\\/\\\/secure.gravatar.com\\\/avatar\\\/a1834e0104b0242a886079bde835ba36d80c70f9987a11f3ba33eb9e8d74cc15?s=96&d=mm&r=g\",\"url\":\"https:\\\/\\\/secure.gravatar.com\\\/avatar\\\/a1834e0104b0242a886079bde835ba36d80c70f9987a11f3ba33eb9e8d74cc15?s=96&d=mm&r=g\",\"contentUrl\":\"https:\\\/\\\/secure.gravatar.com\\\/avatar\\\/a1834e0104b0242a886079bde835ba36d80c70f9987a11f3ba33eb9e8d74cc15?s=96&d=mm&r=g\",\"caption\":\"Aleksandar Vukovic\"},\"url\":\"https:\\\/\\\/www.evropskakuca.me\\\/me\\\/author\\\/aleksandar\\\/\"}]}<\/script>\n<!-- \/ Yoast SEO plugin. -->","yoast_head_json":{"title":"ARLEM nagrada za mlade lokalne preduzetnike sa Mediterana - Europe House","robots":{"index":"index","follow":"follow","max-snippet":"max-snippet:-1","max-image-preview":"max-image-preview:large","max-video-preview":"max-video-preview:-1"},"canonical":"https:\/\/www.evropskakuca.me\/me\/arlem-nagrada-za-mlade-lokalne-preduzetnike-sa-mediterana\/","og_locale":"en_US","og_type":"article","og_title":"ARLEM nagrada za mlade lokalne preduzetnike sa Mediterana - Europe House","og_description":"Sedmo izdanje ARLEM nagrade za mlade lokalne preduzetnike sa Mediterana otvoreno je za prijave do 15. maja 2025. godine i namijenjeno je mladim lokalnim preduzetnicima iz zemalja koje su u nadle\u017enosti ovog programa. ARLEM je stalna zajedni\u010dka skup\u0161tina koja okuplja izabrane predstavnike gradova, regiona i drugih lokalnih vlasti sa tri obale Mediterana, s ciljem o\u010duvanja [&hellip;]","og_url":"https:\/\/www.evropskakuca.me\/me\/arlem-nagrada-za-mlade-lokalne-preduzetnike-sa-mediterana\/","og_site_name":"Europe House","article_publisher":"https:\/\/www.facebook.com\/evropska.kuca","article_published_time":"2025-04-07T09:08:50+00:00","article_modified_time":"2025-04-07T09:11:41+00:00","og_image":[{"width":2560,"height":1707,"url":"https:\/\/www.evropskakuca.me\/wp-content\/uploads\/2024\/03\/FRO_5227-scaled.jpg","type":"image\/jpeg"}],"author":"Aleksandar Vukovic","twitter_card":"summary_large_image","twitter_creator":"@evropska_kuca","twitter_site":"@evropska_kuca","twitter_misc":{"Written by":"Aleksandar Vukovic","Est. reading time":"2 minutes"},"schema":{"@context":"https:\/\/schema.org","@graph":[{"@type":"Article","@id":"https:\/\/www.evropskakuca.me\/me\/arlem-nagrada-za-mlade-lokalne-preduzetnike-sa-mediterana\/#article","isPartOf":{"@id":"https:\/\/www.evropskakuca.me\/me\/arlem-nagrada-za-mlade-lokalne-preduzetnike-sa-mediterana\/"},"author":{"name":"Aleksandar Vukovic","@id":"https:\/\/www.evropskakuca.me\/me\/#\/schema\/person\/7e16527119c7b67f457996b970f2bd6e"},"headline":"ARLEM nagrada za mlade lokalne preduzetnike sa Mediterana","datePublished":"2025-04-07T09:08:50+00:00","dateModified":"2025-04-07T09:11:41+00:00","mainEntityOfPage":{"@id":"https:\/\/www.evropskakuca.me\/me\/arlem-nagrada-za-mlade-lokalne-preduzetnike-sa-mediterana\/"},"wordCount":161,"publisher":{"@id":"https:\/\/www.evropskakuca.me\/me\/#organization"},"image":{"@id":"https:\/\/www.evropskakuca.me\/me\/arlem-nagrada-za-mlade-lokalne-preduzetnike-sa-mediterana\/#primaryimage"},"thumbnailUrl":"https:\/\/www.evropskakuca.me\/wp-content\/uploads\/2024\/03\/FRO_5227-scaled.jpg","articleSection":["Novosti","Vesti"],"inLanguage":"me-ME"},{"@type":"WebPage","@id":"https:\/\/www.evropskakuca.me\/me\/arlem-nagrada-za-mlade-lokalne-preduzetnike-sa-mediterana\/","url":"https:\/\/www.evropskakuca.me\/me\/arlem-nagrada-za-mlade-lokalne-preduzetnike-sa-mediterana\/","name":"ARLEM nagrada za mlade lokalne preduzetnike sa Mediterana - Europe House","isPartOf":{"@id":"https:\/\/www.evropskakuca.me\/me\/#website"},"primaryImageOfPage":{"@id":"https:\/\/www.evropskakuca.me\/me\/arlem-nagrada-za-mlade-lokalne-preduzetnike-sa-mediterana\/#primaryimage"},"image":{"@id":"https:\/\/www.evropskakuca.me\/me\/arlem-nagrada-za-mlade-lokalne-preduzetnike-sa-mediterana\/#primaryimage"},"thumbnailUrl":"https:\/\/www.evropskakuca.me\/wp-content\/uploads\/2024\/03\/FRO_5227-scaled.jpg","datePublished":"2025-04-07T09:08:50+00:00","dateModified":"2025-04-07T09:11:41+00:00","breadcrumb":{"@id":"https:\/\/www.evropskakuca.me\/me\/arlem-nagrada-za-mlade-lokalne-preduzetnike-sa-mediterana\/#breadcrumb"},"inLanguage":"me-ME","potentialAction":[{"@type":"ReadAction","target":["https:\/\/www.evropskakuca.me\/me\/arlem-nagrada-za-mlade-lokalne-preduzetnike-sa-mediterana\/"]}]},{"@type":"ImageObject","inLanguage":"me-ME","@id":"https:\/\/www.evropskakuca.me\/me\/arlem-nagrada-za-mlade-lokalne-preduzetnike-sa-mediterana\/#primaryimage","url":"https:\/\/www.evropskakuca.me\/wp-content\/uploads\/2024\/03\/FRO_5227-scaled.jpg","contentUrl":"https:\/\/www.evropskakuca.me\/wp-content\/uploads\/2024\/03\/FRO_5227-scaled.jpg","width":2560,"height":1707},{"@type":"BreadcrumbList","@id":"https:\/\/www.evropskakuca.me\/me\/arlem-nagrada-za-mlade-lokalne-preduzetnike-sa-mediterana\/#breadcrumb","itemListElement":[{"@type":"ListItem","position":1,"name":"Home","item":"https:\/\/www.evropskakuca.me\/me\/"},{"@type":"ListItem","position":2,"name":"ARLEM nagrada za mlade lokalne preduzetnike sa Mediterana"}]},{"@type":"WebSite","@id":"https:\/\/www.evropskakuca.me\/me\/#website","url":"https:\/\/www.evropskakuca.me\/me\/","name":"Evropean house","description":"","publisher":{"@id":"https:\/\/www.evropskakuca.me\/me\/#organization"},"potentialAction":[{"@type":"SearchAction","target":{"@type":"EntryPoint","urlTemplate":"https:\/\/www.evropskakuca.me\/me\/?s={search_term_string}"},"query-input":{"@type":"PropertyValueSpecification","valueRequired":true,"valueName":"search_term_string"}}],"inLanguage":"me-ME"},{"@type":"Organization","@id":"https:\/\/www.evropskakuca.me\/me\/#organization","name":"Evropean house","url":"https:\/\/www.evropskakuca.me\/me\/","logo":{"@type":"ImageObject","inLanguage":"me-ME","@id":"https:\/\/www.evropskakuca.me\/me\/#\/schema\/logo\/image\/","url":"https:\/\/www.evropskakuca.me\/wp-content\/uploads\/2025\/01\/evropska-kuca-logo-1.png","contentUrl":"https:\/\/www.evropskakuca.me\/wp-content\/uploads\/2025\/01\/evropska-kuca-logo-1.png","width":425,"height":312,"caption":"Evropean house"},"image":{"@id":"https:\/\/www.evropskakuca.me\/me\/#\/schema\/logo\/image\/"},"sameAs":["https:\/\/www.facebook.com\/evropska.kuca","https:\/\/x.com\/evropska_kuca","https:\/\/www.instagram.com\/evropska_kuca"]},{"@type":"Person","@id":"https:\/\/www.evropskakuca.me\/me\/#\/schema\/person\/7e16527119c7b67f457996b970f2bd6e","name":"Aleksandar Vukovic","image":{"@type":"ImageObject","inLanguage":"me-ME","@id":"https:\/\/secure.gravatar.com\/avatar\/a1834e0104b0242a886079bde835ba36d80c70f9987a11f3ba33eb9e8d74cc15?s=96&d=mm&r=g","url":"https:\/\/secure.gravatar.com\/avatar\/a1834e0104b0242a886079bde835ba36d80c70f9987a11f3ba33eb9e8d74cc15?s=96&d=mm&r=g","contentUrl":"https:\/\/secure.gravatar.com\/avatar\/a1834e0104b0242a886079bde835ba36d80c70f9987a11f3ba33eb9e8d74cc15?s=96&d=mm&r=g","caption":"Aleksandar Vukovic"},"url":"https:\/\/www.evropskakuca.me\/me\/author\/aleksandar\/"}]}},"_links":{"self":[{"href":"https:\/\/www.evropskakuca.me\/me\/wp-json\/wp\/v2\/posts\/44120","targetHints":{"allow":["GET"]}}],"collection":[{"href":"https:\/\/www.evropskakuca.me\/me\/wp-json\/wp\/v2\/posts"}],"about":[{"href":"https:\/\/www.evropskakuca.me\/me\/wp-json\/wp\/v2\/types\/post"}],"author":[{"embeddable":true,"href":"https:\/\/www.evropskakuca.me\/me\/wp-json\/wp\/v2\/users\/3"}],"replies":[{"embeddable":true,"href":"https:\/\/www.evropskakuca.me\/me\/wp-json\/wp\/v2\/comments?post=44120"}],"version-history":[{"count":1,"href":"https:\/\/www.evropskakuca.me\/me\/wp-json\/wp\/v2\/posts\/44120\/revisions"}],"predecessor-version":[{"id":44121,"href":"https:\/\/www.evropskakuca.me\/me\/wp-json\/wp\/v2\/posts\/44120\/revisions\/44121"}],"wp:featuredmedia":[{"embeddable":true,"href":"https:\/\/www.evropskakuca.me\/me\/wp-json\/wp\/v2\/media\/42968"}],"wp:attachment":[{"href":"https:\/\/www.evropskakuca.me\/me\/wp-json\/wp\/v2\/media?parent=44120"}],"wp:term":[{"taxonomy":"category","embeddable":true,"href":"https:\/\/www.evropskakuca.me\/me\/wp-json\/wp\/v2\/categories?post=44120"},{"taxonomy":"post_tag","embeddable":true,"href":"https:\/\/www.evropskakuca.me\/me\/wp-json\/wp\/v2\/tags?post=44120"}],"curies":[{"name":"wp","href":"https:\/\/api.w.org\/{rel}","templated":true}]}}