{"id":44054,"date":"2025-04-01T11:36:57","date_gmt":"2025-04-01T11:36:57","guid":{"rendered":"https:\/\/www.evropskakuca.me\/?p=44054"},"modified":"2025-04-01T11:36:59","modified_gmt":"2025-04-01T11:36:59","slug":"re-medijatori-most-izmedu-zajednice-i-institucija-2","status":"publish","type":"post","link":"https:\/\/www.evropskakuca.me\/me\/re-medijatori-most-izmedu-zajednice-i-institucija-2\/","title":{"rendered":"RE Medijatori &#8211; most izme\u0111u zajednice i institucija"},"content":{"rendered":"\n<p class=\"has-text-align-center\">Evropska ku\u0107a i HELP obilje\u017eavaju Me\u0111unarodni dan Roma kroz kampanju &#8220;Lokalni heroji&#8221;<\/p>\n\n\n\n<p>&#8221;<em>Lokalni heroj je neko ko je tu da pomogne, makar taj poziv dolazio i tokom no\u0107i, neko ko inspiri\u0161e i daje sve od sebe za lokalnu zajednicu pa i \u0161ire<\/em>&#8221;, ovako <strong>Ibrahim Tatari<\/strong> iz Podgorice obja\u0161njava koja je uloga RE medijatora u zajednici.<br>Ibrahim je jedan od 21 medijatora koji svakodnevno rade na pobolj\u0161anju \u017eivota RE zajednice i omogu\u0107avanju pristupa osnovnim pravima.<\/p>\n\n\n\n<figure class=\"wp-block-image aligncenter size-large\"><img fetchpriority=\"high\" decoding=\"async\" width=\"819\" height=\"1024\" src=\"https:\/\/www.evropskakuca.me\/wp-content\/uploads\/2025\/04\/Evropska-kuca-Roma-Day-2025-carousel-Ibrahim_01-819x1024.png\" alt=\"\" class=\"wp-image-44017\" srcset=\"https:\/\/www.evropskakuca.me\/wp-content\/uploads\/2025\/04\/Evropska-kuca-Roma-Day-2025-carousel-Ibrahim_01-819x1024.png 819w, https:\/\/www.evropskakuca.me\/wp-content\/uploads\/2025\/04\/Evropska-kuca-Roma-Day-2025-carousel-Ibrahim_01-240x300.png 240w, https:\/\/www.evropskakuca.me\/wp-content\/uploads\/2025\/04\/Evropska-kuca-Roma-Day-2025-carousel-Ibrahim_01-768x960.png 768w, https:\/\/www.evropskakuca.me\/wp-content\/uploads\/2025\/04\/Evropska-kuca-Roma-Day-2025-carousel-Ibrahim_01.png 1080w\" sizes=\"(max-width: 819px) 100vw, 819px\" \/><\/figure>\n\n\n\n<p>&#8221;D<em>vije godine uz podr\u0161ku Help-a i Evropske unije i ve\u0107 tre\u0107u godinu uz podr\u0161ku Ministarstva ljudskih i manjinskih prava ovi izuzetni mladi ljudi svakodnevno poma\u017eu na\u0161im sugra\u0111anima iz RE zajednice da ostvaruju osnovna prava, kao \u0161to su pravo na socijalnu i zdravstvenu za\u0161titu, podr\u0161ka u tra\u017eenju zaposlenja<\/em>&#8221;, kazala je <strong>Dijana An\u0111eli\u0107<\/strong> direktorica Help-a Crna Gora.<\/p>\n\n\n\n<p>No, njihov rad, kako ona isti\u010de, predstavlja mnogo vi\u0161e.<br>&#8221;<em>Oni su zaista tu da pru\u017ee podr\u0161ku za sve ono za \u0161ta im se obrate pripadnici romske zajednice. Mo\u017eemo re\u0107i da su postali nezamjenjiva ruka podr\u0161ke i zajednici, ali i lokalnim institucijama<\/em>&#8221;, dodaje Dijana.<br>S druge strane, i predstavnici institucija podr\u017eavaju njihov rad.<\/p>\n\n\n\n<figure class=\"wp-block-image size-large\"><img decoding=\"async\" width=\"1024\" height=\"576\" src=\"https:\/\/www.evropskakuca.me\/wp-content\/uploads\/2025\/04\/Evropska-kuca-Roma-Day-2025-1920x1080-3-1024x576.png\" alt=\"\" class=\"wp-image-44019\" srcset=\"https:\/\/www.evropskakuca.me\/wp-content\/uploads\/2025\/04\/Evropska-kuca-Roma-Day-2025-1920x1080-3-1024x576.png 1024w, https:\/\/www.evropskakuca.me\/wp-content\/uploads\/2025\/04\/Evropska-kuca-Roma-Day-2025-1920x1080-3-300x169.png 300w, https:\/\/www.evropskakuca.me\/wp-content\/uploads\/2025\/04\/Evropska-kuca-Roma-Day-2025-1920x1080-3-768x432.png 768w, https:\/\/www.evropskakuca.me\/wp-content\/uploads\/2025\/04\/Evropska-kuca-Roma-Day-2025-1920x1080-3-1536x864.png 1536w, https:\/\/www.evropskakuca.me\/wp-content\/uploads\/2025\/04\/Evropska-kuca-Roma-Day-2025-1920x1080-3.png 1920w\" sizes=\"(max-width: 1024px) 100vw, 1024px\" \/><\/figure>\n\n\n\n<p>&#8221;P<em>onosan sam na medijatore i njihov rad kroz koji ohrabruju romsku populaciju u Crnoj Gori<\/em>&#8221;, naglasio je <strong>Sokolj Beganaj<\/strong>, na\u010delnik Odjeljenja za unapre\u0111enje i za\u0161titu prava Roma i Egip\u0107ana u Ministarstvu za ljudska i manjinska prava.<br>RE medijatori pobolj\u0161avaju svakodnevni \u017eivot RE zajednice, doprinose\u0107i njenoj boljoj socijalnoj inkluziji i ostvarivanju osnovnih prava.<br>&#8220;<em>\u017deljela sam da budem most izme\u0111u institucija i moje zajednice. Znala sam koliko je te\u0161ko kada ljudi ne znaju svoja prava, kada se osje\u0107aju nevidljivo i neshva\u0107eno<\/em>&#8220;, istakla je<strong> Minira Delija<\/strong>, RE medijatorka za zdravstvenu za\u0161titu iz Nik\u0161i\u0107a.<\/p>\n\n\n\n<figure class=\"wp-block-image aligncenter size-large\"><img decoding=\"async\" width=\"819\" height=\"1024\" src=\"https:\/\/www.evropskakuca.me\/wp-content\/uploads\/2025\/04\/Evropska-kuca-Roma-Day-2025-carousel-Minira_01-819x1024.png\" alt=\"\" class=\"wp-image-44021\" srcset=\"https:\/\/www.evropskakuca.me\/wp-content\/uploads\/2025\/04\/Evropska-kuca-Roma-Day-2025-carousel-Minira_01-819x1024.png 819w, https:\/\/www.evropskakuca.me\/wp-content\/uploads\/2025\/04\/Evropska-kuca-Roma-Day-2025-carousel-Minira_01-240x300.png 240w, https:\/\/www.evropskakuca.me\/wp-content\/uploads\/2025\/04\/Evropska-kuca-Roma-Day-2025-carousel-Minira_01-768x960.png 768w, https:\/\/www.evropskakuca.me\/wp-content\/uploads\/2025\/04\/Evropska-kuca-Roma-Day-2025-carousel-Minira_01.png 1080w\" sizes=\"(max-width: 819px) 100vw, 819px\" \/><\/figure>\n\n\n\n<p>Medijatori su se obu\u010davali kroz program HELP-a, finansiran od strane Evropske unije.<br>&#8220;<em>Trudim se da svakodnevno dajem svoj maksimum, poma\u017eu\u0107i ljudima da razumiju svoja prava i posreduju\u0107i u rje\u0161avanju njihovih problema<\/em>&#8221;, naglasio je<strong> Suad Bejtovi\u0107<\/strong>, RE medijator iz Ulcinja.<\/p>\n\n\n\n<p>&#8220;<em>Biti glas onih koji \u010desto nisu dovoljno \u010dujni i podr\u0161ka onima koji se suo\u010davaju s preprekama \u2013 to je put ka tome da zajednica postane bolje i pravednije mjesto za sve<\/em>&#8220;, naglasio je Bejtovi\u0107.<\/p>\n\n\n\n<figure class=\"wp-block-image aligncenter size-large\"><img loading=\"lazy\" decoding=\"async\" width=\"819\" height=\"1024\" src=\"https:\/\/www.evropskakuca.me\/wp-content\/uploads\/2025\/04\/Evropska-kuca-Roma-Day-2025-carousel-Suad_01-819x1024.png\" alt=\"\" class=\"wp-image-44023\" srcset=\"https:\/\/www.evropskakuca.me\/wp-content\/uploads\/2025\/04\/Evropska-kuca-Roma-Day-2025-carousel-Suad_01-819x1024.png 819w, https:\/\/www.evropskakuca.me\/wp-content\/uploads\/2025\/04\/Evropska-kuca-Roma-Day-2025-carousel-Suad_01-240x300.png 240w, https:\/\/www.evropskakuca.me\/wp-content\/uploads\/2025\/04\/Evropska-kuca-Roma-Day-2025-carousel-Suad_01-768x960.png 768w, https:\/\/www.evropskakuca.me\/wp-content\/uploads\/2025\/04\/Evropska-kuca-Roma-Day-2025-carousel-Suad_01.png 1080w\" sizes=\"(max-width: 819px) 100vw, 819px\" \/><\/figure>\n\n\n\n<p>Osim pripadnika romske i egip\u0107anske zajednice, RE medijatori su, poput <strong>Milice Vujadinovi\u0107<\/strong>, i pojedinci iz ve\u0107inske populacije koji su stekli veliko povjerenje zajednice.<\/p>\n\n\n\n<figure class=\"wp-block-image aligncenter size-large\"><img loading=\"lazy\" decoding=\"async\" width=\"819\" height=\"1024\" src=\"https:\/\/www.evropskakuca.me\/wp-content\/uploads\/2025\/04\/Evropska-kuca-Roma-Day-2025-carousel-Milica_01-819x1024.png\" alt=\"\" class=\"wp-image-44027\" srcset=\"https:\/\/www.evropskakuca.me\/wp-content\/uploads\/2025\/04\/Evropska-kuca-Roma-Day-2025-carousel-Milica_01-819x1024.png 819w, https:\/\/www.evropskakuca.me\/wp-content\/uploads\/2025\/04\/Evropska-kuca-Roma-Day-2025-carousel-Milica_01-240x300.png 240w, https:\/\/www.evropskakuca.me\/wp-content\/uploads\/2025\/04\/Evropska-kuca-Roma-Day-2025-carousel-Milica_01-768x960.png 768w, https:\/\/www.evropskakuca.me\/wp-content\/uploads\/2025\/04\/Evropska-kuca-Roma-Day-2025-carousel-Milica_01.png 1080w\" sizes=\"(max-width: 819px) 100vw, 819px\" \/><\/figure>\n\n\n\n<p><strong>Sebastijan Baftijari<\/strong>, RE medijator za socijalnu inkluziju, istakao je koliko dijalog igra klju\u010dnu ulogu u unapre\u0111enju polo\u017eaja RE zajednice.<\/p>\n\n\n\n<figure class=\"wp-block-image aligncenter size-large\"><img loading=\"lazy\" decoding=\"async\" width=\"819\" height=\"1024\" src=\"https:\/\/www.evropskakuca.me\/wp-content\/uploads\/2025\/04\/Evropska-kuca-Roma-Day-2025-carousel-Sebastijan_01-819x1024.png\" alt=\"\" class=\"wp-image-44025\" srcset=\"https:\/\/www.evropskakuca.me\/wp-content\/uploads\/2025\/04\/Evropska-kuca-Roma-Day-2025-carousel-Sebastijan_01-819x1024.png 819w, https:\/\/www.evropskakuca.me\/wp-content\/uploads\/2025\/04\/Evropska-kuca-Roma-Day-2025-carousel-Sebastijan_01-240x300.png 240w, https:\/\/www.evropskakuca.me\/wp-content\/uploads\/2025\/04\/Evropska-kuca-Roma-Day-2025-carousel-Sebastijan_01-768x960.png 768w, https:\/\/www.evropskakuca.me\/wp-content\/uploads\/2025\/04\/Evropska-kuca-Roma-Day-2025-carousel-Sebastijan_01.png 1080w\" sizes=\"(max-width: 819px) 100vw, 819px\" \/><\/figure>\n\n\n\n<p>&#8220;<em>Kada dan zavr\u0161i\u0161 sa osje\u0107ajem da si nekome pomogao, ne\u0161to promijenio ili pokrenuo, tada shvati\u0161 pravu svrhu svog anga\u017emana<\/em>&#8220;, zaklju\u010duje Baftijari.<br>Evropska ku\u0107a, u saradnji sa organizacijom <strong>HELP<\/strong>, obilje\u017eava Me\u0111unarodni dan Roma kroz kampanju &#8220;<strong>Lokalni heroji<\/strong>&#8220;, posve\u0107enu RE medijatorima koji su postali most izme\u0111u romske zajednice i institucija u oblastima socijalne za\u0161tite, zdravstva i zapo\u0161ljavanja.<\/p>\n","protected":false},"excerpt":{"rendered":"<p>Evropska ku\u0107a i HELP obilje\u017eavaju Me\u0111unarodni dan Roma kroz kampanju &#8220;Lokalni heroji&#8221; &#8221;Lokalni heroj je neko ko je tu da pomogne, makar taj poziv dolazio i tokom no\u0107i, neko ko inspiri\u0161e i daje sve od sebe za lokalnu zajednicu pa i \u0161ire&#8221;, ovako Ibrahim Tatari iz Podgorice obja\u0161njava koja je uloga RE medijatora u zajednici.Ibrahim [&hellip;]<\/p>\n","protected":false},"author":3,"featured_media":44013,"comment_status":"closed","ping_status":"closed","sticky":false,"template":"","format":"standard","meta":{"_acf_changed":false,"footnotes":""},"categories":[283],"tags":[],"class_list":["post-44054","post","type-post","status-publish","format-standard","has-post-thumbnail","hentry","category-novosti-me"],"acf":[],"yoast_head":"<!-- This site is optimized with the Yoast SEO plugin v27.3 - https:\/\/yoast.com\/product\/yoast-seo-wordpress\/ -->\n<title>RE Medijatori - most izme\u0111u zajednice i institucija - Europe House<\/title>\n<meta name=\"robots\" content=\"index, follow, max-snippet:-1, max-image-preview:large, max-video-preview:-1\" \/>\n<link rel=\"canonical\" href=\"https:\/\/www.evropskakuca.me\/me\/re-medijatori-most-izmedu-zajednice-i-institucija-2\/\" \/>\n<meta property=\"og:locale\" content=\"en_US\" \/>\n<meta property=\"og:type\" content=\"article\" \/>\n<meta property=\"og:title\" content=\"RE Medijatori - most izme\u0111u zajednice i institucija - Europe House\" \/>\n<meta property=\"og:description\" content=\"Evropska ku\u0107a i HELP obilje\u017eavaju Me\u0111unarodni dan Roma kroz kampanju &#8220;Lokalni heroji&#8221; &#8221;Lokalni heroj je neko ko je tu da pomogne, makar taj poziv dolazio i tokom no\u0107i, neko ko inspiri\u0161e i daje sve od sebe za lokalnu zajednicu pa i \u0161ire&#8221;, ovako Ibrahim Tatari iz Podgorice obja\u0161njava koja je uloga RE medijatora u zajednici.Ibrahim [&hellip;]\" \/>\n<meta property=\"og:url\" content=\"https:\/\/www.evropskakuca.me\/me\/re-medijatori-most-izmedu-zajednice-i-institucija-2\/\" \/>\n<meta property=\"og:site_name\" content=\"Europe House\" \/>\n<meta property=\"article:publisher\" content=\"https:\/\/www.facebook.com\/evropska.kuca\" \/>\n<meta property=\"article:published_time\" content=\"2025-04-01T11:36:57+00:00\" \/>\n<meta property=\"article:modified_time\" content=\"2025-04-01T11:36:59+00:00\" \/>\n<meta property=\"og:image\" content=\"https:\/\/www.evropskakuca.me\/wp-content\/uploads\/2025\/04\/Evropska-kuca-Roma-Day-2025-1920x1080-1-e1743505199252.png\" \/>\n\t<meta property=\"og:image:width\" content=\"1920\" \/>\n\t<meta property=\"og:image:height\" content=\"614\" \/>\n\t<meta property=\"og:image:type\" content=\"image\/png\" \/>\n<meta name=\"author\" content=\"Aleksandar Vukovic\" \/>\n<meta name=\"twitter:card\" content=\"summary_large_image\" \/>\n<meta name=\"twitter:creator\" content=\"@evropska_kuca\" \/>\n<meta name=\"twitter:site\" content=\"@evropska_kuca\" \/>\n<meta name=\"twitter:label1\" content=\"Written by\" \/>\n\t<meta name=\"twitter:data1\" content=\"Aleksandar Vukovic\" \/>\n\t<meta name=\"twitter:label2\" content=\"Est. reading time\" \/>\n\t<meta name=\"twitter:data2\" content=\"4 minutes\" \/>\n<script type=\"application\/ld+json\" class=\"yoast-schema-graph\">{\"@context\":\"https:\\\/\\\/schema.org\",\"@graph\":[{\"@type\":\"Article\",\"@id\":\"https:\\\/\\\/www.evropskakuca.me\\\/me\\\/re-medijatori-most-izmedu-zajednice-i-institucija-2\\\/#article\",\"isPartOf\":{\"@id\":\"https:\\\/\\\/www.evropskakuca.me\\\/me\\\/re-medijatori-most-izmedu-zajednice-i-institucija-2\\\/\"},\"author\":{\"name\":\"Aleksandar Vukovic\",\"@id\":\"https:\\\/\\\/www.evropskakuca.me\\\/me\\\/#\\\/schema\\\/person\\\/7e16527119c7b67f457996b970f2bd6e\"},\"headline\":\"RE Medijatori &#8211; most izme\u0111u zajednice i institucija\",\"datePublished\":\"2025-04-01T11:36:57+00:00\",\"dateModified\":\"2025-04-01T11:36:59+00:00\",\"mainEntityOfPage\":{\"@id\":\"https:\\\/\\\/www.evropskakuca.me\\\/me\\\/re-medijatori-most-izmedu-zajednice-i-institucija-2\\\/\"},\"wordCount\":511,\"publisher\":{\"@id\":\"https:\\\/\\\/www.evropskakuca.me\\\/me\\\/#organization\"},\"image\":{\"@id\":\"https:\\\/\\\/www.evropskakuca.me\\\/me\\\/re-medijatori-most-izmedu-zajednice-i-institucija-2\\\/#primaryimage\"},\"thumbnailUrl\":\"https:\\\/\\\/www.evropskakuca.me\\\/wp-content\\\/uploads\\\/2025\\\/04\\\/Evropska-kuca-Roma-Day-2025-1920x1080-1-e1743505199252.png\",\"articleSection\":[\"Novosti\"],\"inLanguage\":\"me-ME\"},{\"@type\":\"WebPage\",\"@id\":\"https:\\\/\\\/www.evropskakuca.me\\\/me\\\/re-medijatori-most-izmedu-zajednice-i-institucija-2\\\/\",\"url\":\"https:\\\/\\\/www.evropskakuca.me\\\/me\\\/re-medijatori-most-izmedu-zajednice-i-institucija-2\\\/\",\"name\":\"RE Medijatori - most izme\u0111u zajednice i institucija - Europe House\",\"isPartOf\":{\"@id\":\"https:\\\/\\\/www.evropskakuca.me\\\/me\\\/#website\"},\"primaryImageOfPage\":{\"@id\":\"https:\\\/\\\/www.evropskakuca.me\\\/me\\\/re-medijatori-most-izmedu-zajednice-i-institucija-2\\\/#primaryimage\"},\"image\":{\"@id\":\"https:\\\/\\\/www.evropskakuca.me\\\/me\\\/re-medijatori-most-izmedu-zajednice-i-institucija-2\\\/#primaryimage\"},\"thumbnailUrl\":\"https:\\\/\\\/www.evropskakuca.me\\\/wp-content\\\/uploads\\\/2025\\\/04\\\/Evropska-kuca-Roma-Day-2025-1920x1080-1-e1743505199252.png\",\"datePublished\":\"2025-04-01T11:36:57+00:00\",\"dateModified\":\"2025-04-01T11:36:59+00:00\",\"breadcrumb\":{\"@id\":\"https:\\\/\\\/www.evropskakuca.me\\\/me\\\/re-medijatori-most-izmedu-zajednice-i-institucija-2\\\/#breadcrumb\"},\"inLanguage\":\"me-ME\",\"potentialAction\":[{\"@type\":\"ReadAction\",\"target\":[\"https:\\\/\\\/www.evropskakuca.me\\\/me\\\/re-medijatori-most-izmedu-zajednice-i-institucija-2\\\/\"]}]},{\"@type\":\"ImageObject\",\"inLanguage\":\"me-ME\",\"@id\":\"https:\\\/\\\/www.evropskakuca.me\\\/me\\\/re-medijatori-most-izmedu-zajednice-i-institucija-2\\\/#primaryimage\",\"url\":\"https:\\\/\\\/www.evropskakuca.me\\\/wp-content\\\/uploads\\\/2025\\\/04\\\/Evropska-kuca-Roma-Day-2025-1920x1080-1-e1743505199252.png\",\"contentUrl\":\"https:\\\/\\\/www.evropskakuca.me\\\/wp-content\\\/uploads\\\/2025\\\/04\\\/Evropska-kuca-Roma-Day-2025-1920x1080-1-e1743505199252.png\",\"width\":1920,\"height\":614},{\"@type\":\"BreadcrumbList\",\"@id\":\"https:\\\/\\\/www.evropskakuca.me\\\/me\\\/re-medijatori-most-izmedu-zajednice-i-institucija-2\\\/#breadcrumb\",\"itemListElement\":[{\"@type\":\"ListItem\",\"position\":1,\"name\":\"Home\",\"item\":\"https:\\\/\\\/www.evropskakuca.me\\\/me\\\/\"},{\"@type\":\"ListItem\",\"position\":2,\"name\":\"RE Medijatori &#8211; most izme\u0111u zajednice i institucija\"}]},{\"@type\":\"WebSite\",\"@id\":\"https:\\\/\\\/www.evropskakuca.me\\\/me\\\/#website\",\"url\":\"https:\\\/\\\/www.evropskakuca.me\\\/me\\\/\",\"name\":\"Evropean house\",\"description\":\"\",\"publisher\":{\"@id\":\"https:\\\/\\\/www.evropskakuca.me\\\/me\\\/#organization\"},\"potentialAction\":[{\"@type\":\"SearchAction\",\"target\":{\"@type\":\"EntryPoint\",\"urlTemplate\":\"https:\\\/\\\/www.evropskakuca.me\\\/me\\\/?s={search_term_string}\"},\"query-input\":{\"@type\":\"PropertyValueSpecification\",\"valueRequired\":true,\"valueName\":\"search_term_string\"}}],\"inLanguage\":\"me-ME\"},{\"@type\":\"Organization\",\"@id\":\"https:\\\/\\\/www.evropskakuca.me\\\/me\\\/#organization\",\"name\":\"Evropean house\",\"url\":\"https:\\\/\\\/www.evropskakuca.me\\\/me\\\/\",\"logo\":{\"@type\":\"ImageObject\",\"inLanguage\":\"me-ME\",\"@id\":\"https:\\\/\\\/www.evropskakuca.me\\\/me\\\/#\\\/schema\\\/logo\\\/image\\\/\",\"url\":\"https:\\\/\\\/www.evropskakuca.me\\\/wp-content\\\/uploads\\\/2025\\\/01\\\/evropska-kuca-logo-1.png\",\"contentUrl\":\"https:\\\/\\\/www.evropskakuca.me\\\/wp-content\\\/uploads\\\/2025\\\/01\\\/evropska-kuca-logo-1.png\",\"width\":425,\"height\":312,\"caption\":\"Evropean house\"},\"image\":{\"@id\":\"https:\\\/\\\/www.evropskakuca.me\\\/me\\\/#\\\/schema\\\/logo\\\/image\\\/\"},\"sameAs\":[\"https:\\\/\\\/www.facebook.com\\\/evropska.kuca\",\"https:\\\/\\\/x.com\\\/evropska_kuca\",\"https:\\\/\\\/www.instagram.com\\\/evropska_kuca\"]},{\"@type\":\"Person\",\"@id\":\"https:\\\/\\\/www.evropskakuca.me\\\/me\\\/#\\\/schema\\\/person\\\/7e16527119c7b67f457996b970f2bd6e\",\"name\":\"Aleksandar Vukovic\",\"image\":{\"@type\":\"ImageObject\",\"inLanguage\":\"me-ME\",\"@id\":\"https:\\\/\\\/secure.gravatar.com\\\/avatar\\\/a1834e0104b0242a886079bde835ba36d80c70f9987a11f3ba33eb9e8d74cc15?s=96&d=mm&r=g\",\"url\":\"https:\\\/\\\/secure.gravatar.com\\\/avatar\\\/a1834e0104b0242a886079bde835ba36d80c70f9987a11f3ba33eb9e8d74cc15?s=96&d=mm&r=g\",\"contentUrl\":\"https:\\\/\\\/secure.gravatar.com\\\/avatar\\\/a1834e0104b0242a886079bde835ba36d80c70f9987a11f3ba33eb9e8d74cc15?s=96&d=mm&r=g\",\"caption\":\"Aleksandar Vukovic\"},\"url\":\"https:\\\/\\\/www.evropskakuca.me\\\/me\\\/author\\\/aleksandar\\\/\"}]}<\/script>\n<!-- \/ Yoast SEO plugin. -->","yoast_head_json":{"title":"RE Medijatori - most izme\u0111u zajednice i institucija - Europe House","robots":{"index":"index","follow":"follow","max-snippet":"max-snippet:-1","max-image-preview":"max-image-preview:large","max-video-preview":"max-video-preview:-1"},"canonical":"https:\/\/www.evropskakuca.me\/me\/re-medijatori-most-izmedu-zajednice-i-institucija-2\/","og_locale":"en_US","og_type":"article","og_title":"RE Medijatori - most izme\u0111u zajednice i institucija - Europe House","og_description":"Evropska ku\u0107a i HELP obilje\u017eavaju Me\u0111unarodni dan Roma kroz kampanju &#8220;Lokalni heroji&#8221; &#8221;Lokalni heroj je neko ko je tu da pomogne, makar taj poziv dolazio i tokom no\u0107i, neko ko inspiri\u0161e i daje sve od sebe za lokalnu zajednicu pa i \u0161ire&#8221;, ovako Ibrahim Tatari iz Podgorice obja\u0161njava koja je uloga RE medijatora u zajednici.Ibrahim [&hellip;]","og_url":"https:\/\/www.evropskakuca.me\/me\/re-medijatori-most-izmedu-zajednice-i-institucija-2\/","og_site_name":"Europe House","article_publisher":"https:\/\/www.facebook.com\/evropska.kuca","article_published_time":"2025-04-01T11:36:57+00:00","article_modified_time":"2025-04-01T11:36:59+00:00","og_image":[{"width":1920,"height":614,"url":"https:\/\/www.evropskakuca.me\/wp-content\/uploads\/2025\/04\/Evropska-kuca-Roma-Day-2025-1920x1080-1-e1743505199252.png","type":"image\/png"}],"author":"Aleksandar Vukovic","twitter_card":"summary_large_image","twitter_creator":"@evropska_kuca","twitter_site":"@evropska_kuca","twitter_misc":{"Written by":"Aleksandar Vukovic","Est. reading time":"4 minutes"},"schema":{"@context":"https:\/\/schema.org","@graph":[{"@type":"Article","@id":"https:\/\/www.evropskakuca.me\/me\/re-medijatori-most-izmedu-zajednice-i-institucija-2\/#article","isPartOf":{"@id":"https:\/\/www.evropskakuca.me\/me\/re-medijatori-most-izmedu-zajednice-i-institucija-2\/"},"author":{"name":"Aleksandar Vukovic","@id":"https:\/\/www.evropskakuca.me\/me\/#\/schema\/person\/7e16527119c7b67f457996b970f2bd6e"},"headline":"RE Medijatori &#8211; most izme\u0111u zajednice i institucija","datePublished":"2025-04-01T11:36:57+00:00","dateModified":"2025-04-01T11:36:59+00:00","mainEntityOfPage":{"@id":"https:\/\/www.evropskakuca.me\/me\/re-medijatori-most-izmedu-zajednice-i-institucija-2\/"},"wordCount":511,"publisher":{"@id":"https:\/\/www.evropskakuca.me\/me\/#organization"},"image":{"@id":"https:\/\/www.evropskakuca.me\/me\/re-medijatori-most-izmedu-zajednice-i-institucija-2\/#primaryimage"},"thumbnailUrl":"https:\/\/www.evropskakuca.me\/wp-content\/uploads\/2025\/04\/Evropska-kuca-Roma-Day-2025-1920x1080-1-e1743505199252.png","articleSection":["Novosti"],"inLanguage":"me-ME"},{"@type":"WebPage","@id":"https:\/\/www.evropskakuca.me\/me\/re-medijatori-most-izmedu-zajednice-i-institucija-2\/","url":"https:\/\/www.evropskakuca.me\/me\/re-medijatori-most-izmedu-zajednice-i-institucija-2\/","name":"RE Medijatori - most izme\u0111u zajednice i institucija - Europe House","isPartOf":{"@id":"https:\/\/www.evropskakuca.me\/me\/#website"},"primaryImageOfPage":{"@id":"https:\/\/www.evropskakuca.me\/me\/re-medijatori-most-izmedu-zajednice-i-institucija-2\/#primaryimage"},"image":{"@id":"https:\/\/www.evropskakuca.me\/me\/re-medijatori-most-izmedu-zajednice-i-institucija-2\/#primaryimage"},"thumbnailUrl":"https:\/\/www.evropskakuca.me\/wp-content\/uploads\/2025\/04\/Evropska-kuca-Roma-Day-2025-1920x1080-1-e1743505199252.png","datePublished":"2025-04-01T11:36:57+00:00","dateModified":"2025-04-01T11:36:59+00:00","breadcrumb":{"@id":"https:\/\/www.evropskakuca.me\/me\/re-medijatori-most-izmedu-zajednice-i-institucija-2\/#breadcrumb"},"inLanguage":"me-ME","potentialAction":[{"@type":"ReadAction","target":["https:\/\/www.evropskakuca.me\/me\/re-medijatori-most-izmedu-zajednice-i-institucija-2\/"]}]},{"@type":"ImageObject","inLanguage":"me-ME","@id":"https:\/\/www.evropskakuca.me\/me\/re-medijatori-most-izmedu-zajednice-i-institucija-2\/#primaryimage","url":"https:\/\/www.evropskakuca.me\/wp-content\/uploads\/2025\/04\/Evropska-kuca-Roma-Day-2025-1920x1080-1-e1743505199252.png","contentUrl":"https:\/\/www.evropskakuca.me\/wp-content\/uploads\/2025\/04\/Evropska-kuca-Roma-Day-2025-1920x1080-1-e1743505199252.png","width":1920,"height":614},{"@type":"BreadcrumbList","@id":"https:\/\/www.evropskakuca.me\/me\/re-medijatori-most-izmedu-zajednice-i-institucija-2\/#breadcrumb","itemListElement":[{"@type":"ListItem","position":1,"name":"Home","item":"https:\/\/www.evropskakuca.me\/me\/"},{"@type":"ListItem","position":2,"name":"RE Medijatori &#8211; most izme\u0111u zajednice i institucija"}]},{"@type":"WebSite","@id":"https:\/\/www.evropskakuca.me\/me\/#website","url":"https:\/\/www.evropskakuca.me\/me\/","name":"Evropean house","description":"","publisher":{"@id":"https:\/\/www.evropskakuca.me\/me\/#organization"},"potentialAction":[{"@type":"SearchAction","target":{"@type":"EntryPoint","urlTemplate":"https:\/\/www.evropskakuca.me\/me\/?s={search_term_string}"},"query-input":{"@type":"PropertyValueSpecification","valueRequired":true,"valueName":"search_term_string"}}],"inLanguage":"me-ME"},{"@type":"Organization","@id":"https:\/\/www.evropskakuca.me\/me\/#organization","name":"Evropean house","url":"https:\/\/www.evropskakuca.me\/me\/","logo":{"@type":"ImageObject","inLanguage":"me-ME","@id":"https:\/\/www.evropskakuca.me\/me\/#\/schema\/logo\/image\/","url":"https:\/\/www.evropskakuca.me\/wp-content\/uploads\/2025\/01\/evropska-kuca-logo-1.png","contentUrl":"https:\/\/www.evropskakuca.me\/wp-content\/uploads\/2025\/01\/evropska-kuca-logo-1.png","width":425,"height":312,"caption":"Evropean house"},"image":{"@id":"https:\/\/www.evropskakuca.me\/me\/#\/schema\/logo\/image\/"},"sameAs":["https:\/\/www.facebook.com\/evropska.kuca","https:\/\/x.com\/evropska_kuca","https:\/\/www.instagram.com\/evropska_kuca"]},{"@type":"Person","@id":"https:\/\/www.evropskakuca.me\/me\/#\/schema\/person\/7e16527119c7b67f457996b970f2bd6e","name":"Aleksandar Vukovic","image":{"@type":"ImageObject","inLanguage":"me-ME","@id":"https:\/\/secure.gravatar.com\/avatar\/a1834e0104b0242a886079bde835ba36d80c70f9987a11f3ba33eb9e8d74cc15?s=96&d=mm&r=g","url":"https:\/\/secure.gravatar.com\/avatar\/a1834e0104b0242a886079bde835ba36d80c70f9987a11f3ba33eb9e8d74cc15?s=96&d=mm&r=g","contentUrl":"https:\/\/secure.gravatar.com\/avatar\/a1834e0104b0242a886079bde835ba36d80c70f9987a11f3ba33eb9e8d74cc15?s=96&d=mm&r=g","caption":"Aleksandar Vukovic"},"url":"https:\/\/www.evropskakuca.me\/me\/author\/aleksandar\/"}]}},"_links":{"self":[{"href":"https:\/\/www.evropskakuca.me\/me\/wp-json\/wp\/v2\/posts\/44054","targetHints":{"allow":["GET"]}}],"collection":[{"href":"https:\/\/www.evropskakuca.me\/me\/wp-json\/wp\/v2\/posts"}],"about":[{"href":"https:\/\/www.evropskakuca.me\/me\/wp-json\/wp\/v2\/types\/post"}],"author":[{"embeddable":true,"href":"https:\/\/www.evropskakuca.me\/me\/wp-json\/wp\/v2\/users\/3"}],"replies":[{"embeddable":true,"href":"https:\/\/www.evropskakuca.me\/me\/wp-json\/wp\/v2\/comments?post=44054"}],"version-history":[{"count":1,"href":"https:\/\/www.evropskakuca.me\/me\/wp-json\/wp\/v2\/posts\/44054\/revisions"}],"predecessor-version":[{"id":44056,"href":"https:\/\/www.evropskakuca.me\/me\/wp-json\/wp\/v2\/posts\/44054\/revisions\/44056"}],"wp:featuredmedia":[{"embeddable":true,"href":"https:\/\/www.evropskakuca.me\/me\/wp-json\/wp\/v2\/media\/44013"}],"wp:attachment":[{"href":"https:\/\/www.evropskakuca.me\/me\/wp-json\/wp\/v2\/media?parent=44054"}],"wp:term":[{"taxonomy":"category","embeddable":true,"href":"https:\/\/www.evropskakuca.me\/me\/wp-json\/wp\/v2\/categories?post=44054"},{"taxonomy":"post_tag","embeddable":true,"href":"https:\/\/www.evropskakuca.me\/me\/wp-json\/wp\/v2\/tags?post=44054"}],"curies":[{"name":"wp","href":"https:\/\/api.w.org\/{rel}","templated":true}]}}