{"id":4351,"date":"2017-12-04T12:50:13","date_gmt":"2017-12-04T12:50:13","guid":{"rendered":"http:\/\/www.evropskakuca.me\/me\/?p=4351"},"modified":"2017-12-04T12:50:13","modified_gmt":"2017-12-04T12:50:13","slug":"nedjelja-borbe-protiv-korupcije","status":"publish","type":"post","link":"https:\/\/www.evropskakuca.me\/me\/nedjelja-borbe-protiv-korupcije\/","title":{"rendered":"Nedjelja borbe protiv korupcije"},"content":{"rendered":"<p>Podgorica, 4, decembar 2017. \u2013 U susret Danu borbe protiv korupcije 9. Decembru, Delegacija Evropske unije u Crnoj Gori i NVO Mre\u017ea za afirmaciju nevladinog sektora, uz podr\u0161ku EU info centra, organizuju Nedjelju borbe protiv korupcije. Tokom prve nedjelje decembra predstavnici medija, civilnog sektora, diplomatskog kora i stranih eksperata govori\u0107e o najboljim metodama u borbi protiv korupcije.<\/p>\n<p><img fetchpriority=\"high\" decoding=\"async\" class=\"aligncenter wp-image-4364 \" src=\"http:\/\/www.evropskakuca.me\/wp-content\/uploads\/2017\/12\/24831195_1218715998229197_2732222894986173046_o-Copy-002.jpg\" alt=\"\" width=\"448\" height=\"318\" \/><\/p>\n<p>\u201cDoga\u0111aji koji se de\u0161avaju tokom Nedelje borbe protiv korupcije stvori\u0107e priliku za razmjenu mi\u0161ljenja i iskustava, okupiti razli\u010dite zainteresovane strane, s ciljem da se prona\u0111u na\u010dini kako da se unaprijedi borba protiv korupcije\u201d, rekao je ambasador Evropske unije u Crnoj Gori Aivo Orav tokom ceremonije otvaranja.<\/p>\n<p><img decoding=\"async\" class=\"alignleft wp-image-4354 \" src=\"http:\/\/www.evropskakuca.me\/wp-content\/uploads\/2017\/12\/IMG_9745.jpg\" alt=\"\" width=\"348\" height=\"232\" \/><\/p>\n<p>O istra\u017eiva\u010dkom novinarstvu, civilnom sektoru i primjeni Zakona o slobodnom pristupu informacijama narednih \u010detiri dana u EU info centru govori\u0107e eksperti iz 11 zemalja.<\/p>\n<p>&#8220;Ima\u0107emo tu\u017eioce, policajce, inspektore, istra\u017eiva\u010de koji \u0107e govoriti o tome kako u njihovim zemljama, u mnogo kompleksnijim okru\u017eenjima, uspijevaju da otkriju, procesuiraju i kazne mnogo komplikovanije slu\u010dajeve korupcije nego \u0161to je to slu\u010daj u Crnoj Gori,&#8221; objasnila je Vanja \u0106alovi\u0107 Markovi\u0107 direktorica NVO MANS.<\/p>\n<p>Ambasador Orav je podsjetio da je u Izvje\u0161tajima Evropske komisije evidentirano prisustvo korupcije u svim dr\u017eavama kandidatima.<\/p>\n<p>\u201cU interesu svih nas je borba protiv korupcije, jer svi mi osje\u0107amo posljedice slu\u010dajeva korupcije u zemlji. Korupcija podriva demokratiju, vladavinu prava i povjerenje u javne institucije,\u201d rekao je Orav.<\/p>\n<p>\u0106alovi\u0107 Markovi\u0107 je kazala da korupcija podriva vladavinu prava jer onemogu\u0107ava jednakost gra\u0111ana pred zakonom.\u00a0<img decoding=\"async\" class=\"alignright wp-image-4356 \" src=\"http:\/\/www.evropskakuca.me\/wp-content\/uploads\/2017\/12\/IMG_9767.jpg\" alt=\"\" width=\"277\" height=\"184\" \/><\/p>\n<p>&#8220;Kada gra\u0111anin mora da plati da bi kupio pravdu onda on ne mo\u017ee podr\u017eavati demokratske procese u takvoj zemlji. Korupcija onemogu\u0107ava gra\u0111anima da budu slobodni, da biraju slobodno i time podriva same temelje demokratije,&#8221; rekla je \u0106alovi\u0107 Markovi\u0107.<\/p>\n<p>\u0106alovi\u0107 Markovi\u0107 je podsjetila da korupcija uti\u010de i na ekonomski razvoj dr\u017eave.<\/p>\n<p><img loading=\"lazy\" decoding=\"async\" class=\"alignleft wp-image-4360 \" src=\"http:\/\/www.evropskakuca.me\/wp-content\/uploads\/2017\/12\/IMG_9800-1.jpg\" alt=\"\" width=\"279\" height=\"186\" \/>&#8220;Korupcija ubija ekonomski razvoj tako \u0161to onemogu\u0107ava pravilnu raspodjelu dr\u017eavnih resursa. Tako \u0161to se ti dr\u017eavni resursi preusmjeravaju pojedincima i kompanijama koji su bliski korumpiranim politi\u010darima. Ona tjera preduzetnike u sivu ekonomiju, ona smanjuje pla\u0107anje poreza, ona dovodi do toga da se preduze\u0107a uni\u0161tavaju, njihova imovina plja\u010dka, a zaposleni ostaju bez posla,&#8221; naglasila je \u0106alovi\u0107 Markovi\u0107.\u00a0<img loading=\"lazy\" decoding=\"async\" class=\"alignright wp-image-4362 \" src=\"http:\/\/www.evropskakuca.me\/wp-content\/uploads\/2017\/12\/IMG_9797.jpg\" alt=\"\" width=\"240\" height=\"160\" \/><\/p>\n<p>Orav je podsjetio da mediji i civilni sektor imaju veliku ulogu u EU integracijama Crne Gore, posebno u oblasti vladavine prava. Ambasador EU je naglasio da im zato treba\u00a0osigurati bezbjedno okru\u017eenje za rad \u2013 \u201cbez zastra\u0161ivanja i bilo kakvog pritiska\u201d zaklju\u010dio je Orav.<\/p>\n<p>U okviru Nedelje borbe protiv korupcije u EU Info centru je postavljena izlo\u017eba karikatura na temu \u201cBorba protiv korupcije\u201d autora Gorana \u0160\u0107eki\u0107a i Du\u0161ana Ga\u0111anskog.<\/p>\n<p>Agendu Nedelje borbe protiv korupcije mo\u017eete preuzeti\u00a0<a href=\"http:\/\/www.delmne.ec.europa.eu\/upload\/Agenda%20AC%20week%20MNE.pdf\"><strong>ovdje<\/strong><\/a>.<\/p>\n","protected":false},"excerpt":{"rendered":"<p>Nedelja borbe protiv korupcije od 4. do 8. decembra u EUIC.<\/p>\n","protected":false},"author":1,"featured_media":33280,"comment_status":"open","ping_status":"open","sticky":false,"template":"","format":"standard","meta":{"_acf_changed":false,"footnotes":""},"categories":[],"tags":[],"class_list":["post-4351","post","type-post","status-publish","format-standard","has-post-thumbnail","hentry"],"acf":[],"yoast_head":"<!-- This site is optimized with the Yoast SEO plugin v27.3 - https:\/\/yoast.com\/product\/yoast-seo-wordpress\/ -->\n<title>Nedjelja borbe protiv korupcije - Europe House<\/title>\n<meta name=\"robots\" content=\"index, follow, max-snippet:-1, max-image-preview:large, max-video-preview:-1\" \/>\n<link rel=\"canonical\" href=\"https:\/\/www.evropskakuca.me\/me\/nedjelja-borbe-protiv-korupcije\/\" \/>\n<meta property=\"og:locale\" content=\"en_US\" \/>\n<meta property=\"og:type\" content=\"article\" \/>\n<meta property=\"og:title\" content=\"Nedjelja borbe protiv korupcije - Europe House\" \/>\n<meta property=\"og:description\" content=\"Nedelja borbe protiv korupcije od 4. do 8. decembra u EUIC.\" \/>\n<meta property=\"og:url\" content=\"https:\/\/www.evropskakuca.me\/me\/nedjelja-borbe-protiv-korupcije\/\" \/>\n<meta property=\"og:site_name\" content=\"Europe House\" \/>\n<meta property=\"article:publisher\" content=\"https:\/\/www.facebook.com\/evropska.kuca\" \/>\n<meta property=\"article:published_time\" content=\"2017-12-04T12:50:13+00:00\" \/>\n<meta property=\"og:image\" content=\"https:\/\/www.evropskakuca.me\/wp-content\/uploads\/2017\/12\/IMG_9783.jpg\" \/>\n\t<meta property=\"og:image:width\" content=\"1000\" \/>\n\t<meta property=\"og:image:height\" content=\"667\" \/>\n\t<meta property=\"og:image:type\" content=\"image\/jpeg\" \/>\n<meta name=\"author\" content=\"mkajic\" \/>\n<meta name=\"twitter:card\" content=\"summary_large_image\" \/>\n<meta name=\"twitter:creator\" content=\"@evropska_kuca\" \/>\n<meta name=\"twitter:site\" content=\"@evropska_kuca\" \/>\n<meta name=\"twitter:label1\" content=\"Written by\" \/>\n\t<meta name=\"twitter:data1\" content=\"mkajic\" \/>\n\t<meta name=\"twitter:label2\" content=\"Est. reading time\" \/>\n\t<meta name=\"twitter:data2\" content=\"2 minutes\" \/>\n<script type=\"application\/ld+json\" class=\"yoast-schema-graph\">{\"@context\":\"https:\\\/\\\/schema.org\",\"@graph\":[{\"@type\":\"Article\",\"@id\":\"https:\\\/\\\/www.evropskakuca.me\\\/me\\\/nedjelja-borbe-protiv-korupcije\\\/#article\",\"isPartOf\":{\"@id\":\"https:\\\/\\\/www.evropskakuca.me\\\/me\\\/nedjelja-borbe-protiv-korupcije\\\/\"},\"author\":{\"name\":\"mkajic\",\"@id\":\"https:\\\/\\\/www.evropskakuca.me\\\/me\\\/#\\\/schema\\\/person\\\/a1d0dcdaefe4a1cd1d60d200ea137ba4\"},\"headline\":\"Nedjelja borbe protiv korupcije\",\"datePublished\":\"2017-12-04T12:50:13+00:00\",\"mainEntityOfPage\":{\"@id\":\"https:\\\/\\\/www.evropskakuca.me\\\/me\\\/nedjelja-borbe-protiv-korupcije\\\/\"},\"wordCount\":463,\"commentCount\":0,\"publisher\":{\"@id\":\"https:\\\/\\\/www.evropskakuca.me\\\/me\\\/#organization\"},\"image\":{\"@id\":\"https:\\\/\\\/www.evropskakuca.me\\\/me\\\/nedjelja-borbe-protiv-korupcije\\\/#primaryimage\"},\"thumbnailUrl\":\"https:\\\/\\\/www.evropskakuca.me\\\/wp-content\\\/uploads\\\/2017\\\/12\\\/IMG_9783.jpg\",\"inLanguage\":\"me-ME\",\"potentialAction\":[{\"@type\":\"CommentAction\",\"name\":\"Comment\",\"target\":[\"https:\\\/\\\/www.evropskakuca.me\\\/me\\\/nedjelja-borbe-protiv-korupcije\\\/#respond\"]}]},{\"@type\":\"WebPage\",\"@id\":\"https:\\\/\\\/www.evropskakuca.me\\\/me\\\/nedjelja-borbe-protiv-korupcije\\\/\",\"url\":\"https:\\\/\\\/www.evropskakuca.me\\\/me\\\/nedjelja-borbe-protiv-korupcije\\\/\",\"name\":\"Nedjelja borbe protiv korupcije - Europe House\",\"isPartOf\":{\"@id\":\"https:\\\/\\\/www.evropskakuca.me\\\/me\\\/#website\"},\"primaryImageOfPage\":{\"@id\":\"https:\\\/\\\/www.evropskakuca.me\\\/me\\\/nedjelja-borbe-protiv-korupcije\\\/#primaryimage\"},\"image\":{\"@id\":\"https:\\\/\\\/www.evropskakuca.me\\\/me\\\/nedjelja-borbe-protiv-korupcije\\\/#primaryimage\"},\"thumbnailUrl\":\"https:\\\/\\\/www.evropskakuca.me\\\/wp-content\\\/uploads\\\/2017\\\/12\\\/IMG_9783.jpg\",\"datePublished\":\"2017-12-04T12:50:13+00:00\",\"breadcrumb\":{\"@id\":\"https:\\\/\\\/www.evropskakuca.me\\\/me\\\/nedjelja-borbe-protiv-korupcije\\\/#breadcrumb\"},\"inLanguage\":\"me-ME\",\"potentialAction\":[{\"@type\":\"ReadAction\",\"target\":[\"https:\\\/\\\/www.evropskakuca.me\\\/me\\\/nedjelja-borbe-protiv-korupcije\\\/\"]}]},{\"@type\":\"ImageObject\",\"inLanguage\":\"me-ME\",\"@id\":\"https:\\\/\\\/www.evropskakuca.me\\\/me\\\/nedjelja-borbe-protiv-korupcije\\\/#primaryimage\",\"url\":\"https:\\\/\\\/www.evropskakuca.me\\\/wp-content\\\/uploads\\\/2017\\\/12\\\/IMG_9783.jpg\",\"contentUrl\":\"https:\\\/\\\/www.evropskakuca.me\\\/wp-content\\\/uploads\\\/2017\\\/12\\\/IMG_9783.jpg\",\"width\":1000,\"height\":667},{\"@type\":\"BreadcrumbList\",\"@id\":\"https:\\\/\\\/www.evropskakuca.me\\\/me\\\/nedjelja-borbe-protiv-korupcije\\\/#breadcrumb\",\"itemListElement\":[{\"@type\":\"ListItem\",\"position\":1,\"name\":\"Home\",\"item\":\"https:\\\/\\\/www.evropskakuca.me\\\/me\\\/\"},{\"@type\":\"ListItem\",\"position\":2,\"name\":\"Nedjelja borbe protiv korupcije\"}]},{\"@type\":\"WebSite\",\"@id\":\"https:\\\/\\\/www.evropskakuca.me\\\/me\\\/#website\",\"url\":\"https:\\\/\\\/www.evropskakuca.me\\\/me\\\/\",\"name\":\"Evropean house\",\"description\":\"\",\"publisher\":{\"@id\":\"https:\\\/\\\/www.evropskakuca.me\\\/me\\\/#organization\"},\"potentialAction\":[{\"@type\":\"SearchAction\",\"target\":{\"@type\":\"EntryPoint\",\"urlTemplate\":\"https:\\\/\\\/www.evropskakuca.me\\\/me\\\/?s={search_term_string}\"},\"query-input\":{\"@type\":\"PropertyValueSpecification\",\"valueRequired\":true,\"valueName\":\"search_term_string\"}}],\"inLanguage\":\"me-ME\"},{\"@type\":\"Organization\",\"@id\":\"https:\\\/\\\/www.evropskakuca.me\\\/me\\\/#organization\",\"name\":\"Evropean house\",\"url\":\"https:\\\/\\\/www.evropskakuca.me\\\/me\\\/\",\"logo\":{\"@type\":\"ImageObject\",\"inLanguage\":\"me-ME\",\"@id\":\"https:\\\/\\\/www.evropskakuca.me\\\/me\\\/#\\\/schema\\\/logo\\\/image\\\/\",\"url\":\"https:\\\/\\\/www.evropskakuca.me\\\/wp-content\\\/uploads\\\/2025\\\/01\\\/evropska-kuca-logo-1.png\",\"contentUrl\":\"https:\\\/\\\/www.evropskakuca.me\\\/wp-content\\\/uploads\\\/2025\\\/01\\\/evropska-kuca-logo-1.png\",\"width\":425,\"height\":312,\"caption\":\"Evropean house\"},\"image\":{\"@id\":\"https:\\\/\\\/www.evropskakuca.me\\\/me\\\/#\\\/schema\\\/logo\\\/image\\\/\"},\"sameAs\":[\"https:\\\/\\\/www.facebook.com\\\/evropska.kuca\",\"https:\\\/\\\/x.com\\\/evropska_kuca\",\"https:\\\/\\\/www.instagram.com\\\/evropska_kuca\"]},{\"@type\":\"Person\",\"@id\":\"https:\\\/\\\/www.evropskakuca.me\\\/me\\\/#\\\/schema\\\/person\\\/a1d0dcdaefe4a1cd1d60d200ea137ba4\",\"name\":\"mkajic\",\"image\":{\"@type\":\"ImageObject\",\"inLanguage\":\"me-ME\",\"@id\":\"https:\\\/\\\/secure.gravatar.com\\\/avatar\\\/731fa035cefab7316e6bafd1f25a93fb731a07de14e2d9923f8db4422628eabc?s=96&d=mm&r=g\",\"url\":\"https:\\\/\\\/secure.gravatar.com\\\/avatar\\\/731fa035cefab7316e6bafd1f25a93fb731a07de14e2d9923f8db4422628eabc?s=96&d=mm&r=g\",\"contentUrl\":\"https:\\\/\\\/secure.gravatar.com\\\/avatar\\\/731fa035cefab7316e6bafd1f25a93fb731a07de14e2d9923f8db4422628eabc?s=96&d=mm&r=g\",\"caption\":\"mkajic\"},\"sameAs\":[\"https:\\\/\\\/evropskakuca.me\"],\"url\":\"https:\\\/\\\/www.evropskakuca.me\\\/me\\\/author\\\/mkajic\\\/\"}]}<\/script>\n<!-- \/ Yoast SEO plugin. -->","yoast_head_json":{"title":"Nedjelja borbe protiv korupcije - Europe House","robots":{"index":"index","follow":"follow","max-snippet":"max-snippet:-1","max-image-preview":"max-image-preview:large","max-video-preview":"max-video-preview:-1"},"canonical":"https:\/\/www.evropskakuca.me\/me\/nedjelja-borbe-protiv-korupcije\/","og_locale":"en_US","og_type":"article","og_title":"Nedjelja borbe protiv korupcije - Europe House","og_description":"Nedelja borbe protiv korupcije od 4. do 8. decembra u EUIC.","og_url":"https:\/\/www.evropskakuca.me\/me\/nedjelja-borbe-protiv-korupcije\/","og_site_name":"Europe House","article_publisher":"https:\/\/www.facebook.com\/evropska.kuca","article_published_time":"2017-12-04T12:50:13+00:00","og_image":[{"width":1000,"height":667,"url":"https:\/\/www.evropskakuca.me\/wp-content\/uploads\/2017\/12\/IMG_9783.jpg","type":"image\/jpeg"}],"author":"mkajic","twitter_card":"summary_large_image","twitter_creator":"@evropska_kuca","twitter_site":"@evropska_kuca","twitter_misc":{"Written by":"mkajic","Est. reading time":"2 minutes"},"schema":{"@context":"https:\/\/schema.org","@graph":[{"@type":"Article","@id":"https:\/\/www.evropskakuca.me\/me\/nedjelja-borbe-protiv-korupcije\/#article","isPartOf":{"@id":"https:\/\/www.evropskakuca.me\/me\/nedjelja-borbe-protiv-korupcije\/"},"author":{"name":"mkajic","@id":"https:\/\/www.evropskakuca.me\/me\/#\/schema\/person\/a1d0dcdaefe4a1cd1d60d200ea137ba4"},"headline":"Nedjelja borbe protiv korupcije","datePublished":"2017-12-04T12:50:13+00:00","mainEntityOfPage":{"@id":"https:\/\/www.evropskakuca.me\/me\/nedjelja-borbe-protiv-korupcije\/"},"wordCount":463,"commentCount":0,"publisher":{"@id":"https:\/\/www.evropskakuca.me\/me\/#organization"},"image":{"@id":"https:\/\/www.evropskakuca.me\/me\/nedjelja-borbe-protiv-korupcije\/#primaryimage"},"thumbnailUrl":"https:\/\/www.evropskakuca.me\/wp-content\/uploads\/2017\/12\/IMG_9783.jpg","inLanguage":"me-ME","potentialAction":[{"@type":"CommentAction","name":"Comment","target":["https:\/\/www.evropskakuca.me\/me\/nedjelja-borbe-protiv-korupcije\/#respond"]}]},{"@type":"WebPage","@id":"https:\/\/www.evropskakuca.me\/me\/nedjelja-borbe-protiv-korupcije\/","url":"https:\/\/www.evropskakuca.me\/me\/nedjelja-borbe-protiv-korupcije\/","name":"Nedjelja borbe protiv korupcije - Europe House","isPartOf":{"@id":"https:\/\/www.evropskakuca.me\/me\/#website"},"primaryImageOfPage":{"@id":"https:\/\/www.evropskakuca.me\/me\/nedjelja-borbe-protiv-korupcije\/#primaryimage"},"image":{"@id":"https:\/\/www.evropskakuca.me\/me\/nedjelja-borbe-protiv-korupcije\/#primaryimage"},"thumbnailUrl":"https:\/\/www.evropskakuca.me\/wp-content\/uploads\/2017\/12\/IMG_9783.jpg","datePublished":"2017-12-04T12:50:13+00:00","breadcrumb":{"@id":"https:\/\/www.evropskakuca.me\/me\/nedjelja-borbe-protiv-korupcije\/#breadcrumb"},"inLanguage":"me-ME","potentialAction":[{"@type":"ReadAction","target":["https:\/\/www.evropskakuca.me\/me\/nedjelja-borbe-protiv-korupcije\/"]}]},{"@type":"ImageObject","inLanguage":"me-ME","@id":"https:\/\/www.evropskakuca.me\/me\/nedjelja-borbe-protiv-korupcije\/#primaryimage","url":"https:\/\/www.evropskakuca.me\/wp-content\/uploads\/2017\/12\/IMG_9783.jpg","contentUrl":"https:\/\/www.evropskakuca.me\/wp-content\/uploads\/2017\/12\/IMG_9783.jpg","width":1000,"height":667},{"@type":"BreadcrumbList","@id":"https:\/\/www.evropskakuca.me\/me\/nedjelja-borbe-protiv-korupcije\/#breadcrumb","itemListElement":[{"@type":"ListItem","position":1,"name":"Home","item":"https:\/\/www.evropskakuca.me\/me\/"},{"@type":"ListItem","position":2,"name":"Nedjelja borbe protiv korupcije"}]},{"@type":"WebSite","@id":"https:\/\/www.evropskakuca.me\/me\/#website","url":"https:\/\/www.evropskakuca.me\/me\/","name":"Evropean house","description":"","publisher":{"@id":"https:\/\/www.evropskakuca.me\/me\/#organization"},"potentialAction":[{"@type":"SearchAction","target":{"@type":"EntryPoint","urlTemplate":"https:\/\/www.evropskakuca.me\/me\/?s={search_term_string}"},"query-input":{"@type":"PropertyValueSpecification","valueRequired":true,"valueName":"search_term_string"}}],"inLanguage":"me-ME"},{"@type":"Organization","@id":"https:\/\/www.evropskakuca.me\/me\/#organization","name":"Evropean house","url":"https:\/\/www.evropskakuca.me\/me\/","logo":{"@type":"ImageObject","inLanguage":"me-ME","@id":"https:\/\/www.evropskakuca.me\/me\/#\/schema\/logo\/image\/","url":"https:\/\/www.evropskakuca.me\/wp-content\/uploads\/2025\/01\/evropska-kuca-logo-1.png","contentUrl":"https:\/\/www.evropskakuca.me\/wp-content\/uploads\/2025\/01\/evropska-kuca-logo-1.png","width":425,"height":312,"caption":"Evropean house"},"image":{"@id":"https:\/\/www.evropskakuca.me\/me\/#\/schema\/logo\/image\/"},"sameAs":["https:\/\/www.facebook.com\/evropska.kuca","https:\/\/x.com\/evropska_kuca","https:\/\/www.instagram.com\/evropska_kuca"]},{"@type":"Person","@id":"https:\/\/www.evropskakuca.me\/me\/#\/schema\/person\/a1d0dcdaefe4a1cd1d60d200ea137ba4","name":"mkajic","image":{"@type":"ImageObject","inLanguage":"me-ME","@id":"https:\/\/secure.gravatar.com\/avatar\/731fa035cefab7316e6bafd1f25a93fb731a07de14e2d9923f8db4422628eabc?s=96&d=mm&r=g","url":"https:\/\/secure.gravatar.com\/avatar\/731fa035cefab7316e6bafd1f25a93fb731a07de14e2d9923f8db4422628eabc?s=96&d=mm&r=g","contentUrl":"https:\/\/secure.gravatar.com\/avatar\/731fa035cefab7316e6bafd1f25a93fb731a07de14e2d9923f8db4422628eabc?s=96&d=mm&r=g","caption":"mkajic"},"sameAs":["https:\/\/evropskakuca.me"],"url":"https:\/\/www.evropskakuca.me\/me\/author\/mkajic\/"}]}},"_links":{"self":[{"href":"https:\/\/www.evropskakuca.me\/me\/wp-json\/wp\/v2\/posts\/4351","targetHints":{"allow":["GET"]}}],"collection":[{"href":"https:\/\/www.evropskakuca.me\/me\/wp-json\/wp\/v2\/posts"}],"about":[{"href":"https:\/\/www.evropskakuca.me\/me\/wp-json\/wp\/v2\/types\/post"}],"author":[{"embeddable":true,"href":"https:\/\/www.evropskakuca.me\/me\/wp-json\/wp\/v2\/users\/1"}],"replies":[{"embeddable":true,"href":"https:\/\/www.evropskakuca.me\/me\/wp-json\/wp\/v2\/comments?post=4351"}],"version-history":[{"count":0,"href":"https:\/\/www.evropskakuca.me\/me\/wp-json\/wp\/v2\/posts\/4351\/revisions"}],"wp:featuredmedia":[{"embeddable":true,"href":"https:\/\/www.evropskakuca.me\/me\/wp-json\/wp\/v2\/media\/33280"}],"wp:attachment":[{"href":"https:\/\/www.evropskakuca.me\/me\/wp-json\/wp\/v2\/media?parent=4351"}],"wp:term":[{"taxonomy":"category","embeddable":true,"href":"https:\/\/www.evropskakuca.me\/me\/wp-json\/wp\/v2\/categories?post=4351"},{"taxonomy":"post_tag","embeddable":true,"href":"https:\/\/www.evropskakuca.me\/me\/wp-json\/wp\/v2\/tags?post=4351"}],"curies":[{"name":"wp","href":"https:\/\/api.w.org\/{rel}","templated":true}]}}