{"id":43480,"date":"2025-03-10T10:53:39","date_gmt":"2025-03-10T10:53:39","guid":{"rendered":"https:\/\/www.evropskakuca.me\/meet-the-eco-heroines-women-shaping-a-sustainable-future\/"},"modified":"2025-03-10T10:58:16","modified_gmt":"2025-03-10T10:58:16","slug":"meet-the-eco-heroines-women-shaping-a-sustainable-future","status":"publish","type":"post","link":"https:\/\/www.evropskakuca.me\/me\/meet-the-eco-heroines-women-shaping-a-sustainable-future\/","title":{"rendered":"Upoznajte \u201ceko heroine\u201d koje stvaraju odr\u017eivu budu\u0107nost"},"content":{"rendered":"\n<p>Evropskoj ku\u0107i danas je, povodom <strong>Me\u0111unarodnog dana \u017een<\/strong>a, predstavljena kampanja &#8220;Eko heroine&#8221;, posve\u0107ena crnogorskim preduzetnicama i aktivistkinjama koje svojim ekolo\u0161kim biznisima i projektima oblikuju odr\u017eivu budu\u0107nost.<\/p>\n\n\n\n<p>Pet izuzetnih \u017eena \u2013 Mia Pejovi\u0107 (Atelje &#8220;Propuh&#8221;), Jelena Rak\u010devi\u0107 (NVO Zeleni talas) Milena \u0110ukanovi\u0107 (Mi\u0111u Accessoires), Nada Tadi\u0107 (Duga Toys) i Milena \u017divkovi\u0107 (Mentalna ekologija) \u2013 podijelile su svoja iskustva sa Seldom Jahjagi\u0107 iz Mladih evropskih ambasadora.&nbsp;<\/p>\n\n\n\n<figure class=\"wp-block-gallery has-nested-images columns-default is-cropped wp-block-gallery-1 is-layout-flex wp-block-gallery-is-layout-flex\">\n<figure class=\"wp-block-image size-large\"><img fetchpriority=\"high\" decoding=\"async\" width=\"1024\" height=\"683\" data-id=\"43458\" src=\"https:\/\/www.evropskakuca.me\/wp-content\/uploads\/2025\/03\/FRO_0599-1024x683.jpg\" alt=\"\" class=\"wp-image-43458\" srcset=\"https:\/\/www.evropskakuca.me\/wp-content\/uploads\/2025\/03\/FRO_0599-1024x683.jpg 1024w, https:\/\/www.evropskakuca.me\/wp-content\/uploads\/2025\/03\/FRO_0599-300x200.jpg 300w, https:\/\/www.evropskakuca.me\/wp-content\/uploads\/2025\/03\/FRO_0599-768x512.jpg 768w, https:\/\/www.evropskakuca.me\/wp-content\/uploads\/2025\/03\/FRO_0599-1536x1024.jpg 1536w, https:\/\/www.evropskakuca.me\/wp-content\/uploads\/2025\/03\/FRO_0599-2048x1365.jpg 2048w\" sizes=\"(max-width: 1024px) 100vw, 1024px\" \/><\/figure>\n\n\n\n<figure class=\"wp-block-image size-large\"><img decoding=\"async\" width=\"1024\" height=\"683\" data-id=\"43452\" src=\"https:\/\/www.evropskakuca.me\/wp-content\/uploads\/2025\/03\/FRO_0211-1024x683.jpg\" alt=\"\" class=\"wp-image-43452\" srcset=\"https:\/\/www.evropskakuca.me\/wp-content\/uploads\/2025\/03\/FRO_0211-1024x683.jpg 1024w, https:\/\/www.evropskakuca.me\/wp-content\/uploads\/2025\/03\/FRO_0211-300x200.jpg 300w, https:\/\/www.evropskakuca.me\/wp-content\/uploads\/2025\/03\/FRO_0211-768x512.jpg 768w, https:\/\/www.evropskakuca.me\/wp-content\/uploads\/2025\/03\/FRO_0211-1536x1024.jpg 1536w, https:\/\/www.evropskakuca.me\/wp-content\/uploads\/2025\/03\/FRO_0211-2048x1365.jpg 2048w\" sizes=\"(max-width: 1024px) 100vw, 1024px\" \/><\/figure>\n\n\n\n<figure class=\"wp-block-image size-large\"><img decoding=\"async\" width=\"1024\" height=\"683\" data-id=\"43460\" src=\"https:\/\/www.evropskakuca.me\/wp-content\/uploads\/2025\/03\/FRO_0399-1024x683.jpg\" alt=\"\" class=\"wp-image-43460\" srcset=\"https:\/\/www.evropskakuca.me\/wp-content\/uploads\/2025\/03\/FRO_0399-1024x683.jpg 1024w, https:\/\/www.evropskakuca.me\/wp-content\/uploads\/2025\/03\/FRO_0399-300x200.jpg 300w, https:\/\/www.evropskakuca.me\/wp-content\/uploads\/2025\/03\/FRO_0399-768x512.jpg 768w, https:\/\/www.evropskakuca.me\/wp-content\/uploads\/2025\/03\/FRO_0399-1536x1024.jpg 1536w, https:\/\/www.evropskakuca.me\/wp-content\/uploads\/2025\/03\/FRO_0399-2048x1365.jpg 2048w\" sizes=\"(max-width: 1024px) 100vw, 1024px\" \/><\/figure>\n<\/figure>\n\n\n\n<p>Kroz inspirativan razgovor, govorile su o tome kako su svoje zelene ideje preto\u010dile u odr\u017eive inicijative, ali i sa kakvim izazovima se suo\u010davaju na tom putu u crnogorskom dru\u0161tvu.<\/p>\n\n\n\n<p><strong>Mia Pejovi\u0107<\/strong> predstavila je &#8220;ekografiku&#8221; \u2013 umjetni\u010dki spoj zanatstva i ekologije, kroz izradu organskog papira i prirodnih boja koji slave kulturnu ba\u0161tinu i biodiverzitet Crne Gore. &#8220;Priroda ne proizvodi vi\u0161ak \u2013 to je princip koji slijedim u svom radu&#8221;, istakla je Mia.<\/p>\n\n\n\n<figure class=\"wp-block-gallery has-nested-images columns-default is-cropped wp-block-gallery-2 is-layout-flex wp-block-gallery-is-layout-flex\">\n<figure class=\"wp-block-image size-large\"><img loading=\"lazy\" decoding=\"async\" width=\"1024\" height=\"683\" data-id=\"43464\" src=\"https:\/\/www.evropskakuca.me\/wp-content\/uploads\/2025\/03\/FRO_0221-2-1024x683.jpg\" alt=\"\" class=\"wp-image-43464\" srcset=\"https:\/\/www.evropskakuca.me\/wp-content\/uploads\/2025\/03\/FRO_0221-2-1024x683.jpg 1024w, https:\/\/www.evropskakuca.me\/wp-content\/uploads\/2025\/03\/FRO_0221-2-300x200.jpg 300w, https:\/\/www.evropskakuca.me\/wp-content\/uploads\/2025\/03\/FRO_0221-2-768x512.jpg 768w, https:\/\/www.evropskakuca.me\/wp-content\/uploads\/2025\/03\/FRO_0221-2-1536x1024.jpg 1536w, https:\/\/www.evropskakuca.me\/wp-content\/uploads\/2025\/03\/FRO_0221-2-2048x1365.jpg 2048w\" sizes=\"(max-width: 1024px) 100vw, 1024px\" \/><\/figure>\n\n\n\n<figure class=\"wp-block-image size-large\"><img loading=\"lazy\" decoding=\"async\" width=\"1024\" height=\"683\" data-id=\"43466\" src=\"https:\/\/www.evropskakuca.me\/wp-content\/uploads\/2025\/03\/FRO_0302-1024x683.jpg\" alt=\"\" class=\"wp-image-43466\" srcset=\"https:\/\/www.evropskakuca.me\/wp-content\/uploads\/2025\/03\/FRO_0302-1024x683.jpg 1024w, https:\/\/www.evropskakuca.me\/wp-content\/uploads\/2025\/03\/FRO_0302-300x200.jpg 300w, https:\/\/www.evropskakuca.me\/wp-content\/uploads\/2025\/03\/FRO_0302-768x512.jpg 768w, https:\/\/www.evropskakuca.me\/wp-content\/uploads\/2025\/03\/FRO_0302-1536x1024.jpg 1536w, https:\/\/www.evropskakuca.me\/wp-content\/uploads\/2025\/03\/FRO_0302-2048x1365.jpg 2048w\" sizes=\"(max-width: 1024px) 100vw, 1024px\" \/><\/figure>\n<\/figure>\n\n\n\n<p><strong>Jelena Rak\u010devi\u0107<\/strong> iz NVO Zeleni talas naglasila je da recikla\u017ea nije samo potreba, ve\u0107 i na\u010din \u017eivota. Pohvalila je saradnju sa EU kroz projekte poput &#8220;Zeleni ambasadori&#8221; i &#8220;Digitalni vodi\u010d za kreiranje zelenih inicijativa&#8221;, koji doprinose podizanju svijesti o odr\u017eivosti.<\/p>\n\n\n\n<figure class=\"wp-block-image size-large\"><img loading=\"lazy\" decoding=\"async\" width=\"1024\" height=\"683\" src=\"https:\/\/www.evropskakuca.me\/wp-content\/uploads\/2025\/03\/FRO_0351-1024x683.jpg\" alt=\"\" class=\"wp-image-43468\" srcset=\"https:\/\/www.evropskakuca.me\/wp-content\/uploads\/2025\/03\/FRO_0351-1024x683.jpg 1024w, https:\/\/www.evropskakuca.me\/wp-content\/uploads\/2025\/03\/FRO_0351-300x200.jpg 300w, https:\/\/www.evropskakuca.me\/wp-content\/uploads\/2025\/03\/FRO_0351-768x512.jpg 768w, https:\/\/www.evropskakuca.me\/wp-content\/uploads\/2025\/03\/FRO_0351-1536x1024.jpg 1536w, https:\/\/www.evropskakuca.me\/wp-content\/uploads\/2025\/03\/FRO_0351-2048x1365.jpg 2048w\" sizes=\"(max-width: 1024px) 100vw, 1024px\" \/><\/figure>\n\n\n\n<p><strong>Milena \u0110ukanovi\u0107 <\/strong>spojila je nauku, dizajn i ekologiju kroz 3D \u0161tampu nakita, koriste\u0107i reciklirane materijale kako bi promovisala kulturnu i prirodnu ba\u0161tinu zemlje.<\/p>\n\n\n\n<figure class=\"wp-block-image size-large\"><img loading=\"lazy\" decoding=\"async\" width=\"1024\" height=\"683\" src=\"https:\/\/www.evropskakuca.me\/wp-content\/uploads\/2025\/03\/FRO_0481-1024x683.jpg\" alt=\"\" class=\"wp-image-43470\" srcset=\"https:\/\/www.evropskakuca.me\/wp-content\/uploads\/2025\/03\/FRO_0481-1024x683.jpg 1024w, https:\/\/www.evropskakuca.me\/wp-content\/uploads\/2025\/03\/FRO_0481-300x200.jpg 300w, https:\/\/www.evropskakuca.me\/wp-content\/uploads\/2025\/03\/FRO_0481-768x512.jpg 768w, https:\/\/www.evropskakuca.me\/wp-content\/uploads\/2025\/03\/FRO_0481-1536x1024.jpg 1536w, https:\/\/www.evropskakuca.me\/wp-content\/uploads\/2025\/03\/FRO_0481-2048x1365.jpg 2048w\" sizes=\"(max-width: 1024px) 100vw, 1024px\" \/><\/figure>\n\n\n\n<p><strong>Nada Tadi\u0107<\/strong> is a passionate mountaineer and founder of Duga Toys. Her contribution to environmental preservation is her creation of handmade toys crafted from natural materials.<\/p>\n\n\n\n<figure class=\"wp-block-gallery has-nested-images columns-default is-cropped wp-block-gallery-3 is-layout-flex wp-block-gallery-is-layout-flex\">\n<figure class=\"wp-block-image size-large\"><img loading=\"lazy\" decoding=\"async\" width=\"1024\" height=\"683\" data-id=\"43474\" src=\"https:\/\/www.evropskakuca.me\/wp-content\/uploads\/2025\/03\/FRO_0289-1024x683.jpg\" alt=\"\" class=\"wp-image-43474\" srcset=\"https:\/\/www.evropskakuca.me\/wp-content\/uploads\/2025\/03\/FRO_0289-1024x683.jpg 1024w, https:\/\/www.evropskakuca.me\/wp-content\/uploads\/2025\/03\/FRO_0289-300x200.jpg 300w, https:\/\/www.evropskakuca.me\/wp-content\/uploads\/2025\/03\/FRO_0289-768x512.jpg 768w, https:\/\/www.evropskakuca.me\/wp-content\/uploads\/2025\/03\/FRO_0289-1536x1024.jpg 1536w, https:\/\/www.evropskakuca.me\/wp-content\/uploads\/2025\/03\/FRO_0289-2048x1365.jpg 2048w\" sizes=\"(max-width: 1024px) 100vw, 1024px\" \/><\/figure>\n\n\n\n<figure class=\"wp-block-image size-large\"><img loading=\"lazy\" decoding=\"async\" width=\"1024\" height=\"683\" data-id=\"43472\" src=\"https:\/\/www.evropskakuca.me\/wp-content\/uploads\/2025\/03\/FRO_0547-1024x683.jpg\" alt=\"\" class=\"wp-image-43472\" srcset=\"https:\/\/www.evropskakuca.me\/wp-content\/uploads\/2025\/03\/FRO_0547-1024x683.jpg 1024w, https:\/\/www.evropskakuca.me\/wp-content\/uploads\/2025\/03\/FRO_0547-300x200.jpg 300w, https:\/\/www.evropskakuca.me\/wp-content\/uploads\/2025\/03\/FRO_0547-768x512.jpg 768w, https:\/\/www.evropskakuca.me\/wp-content\/uploads\/2025\/03\/FRO_0547-1536x1024.jpg 1536w, https:\/\/www.evropskakuca.me\/wp-content\/uploads\/2025\/03\/FRO_0547-2048x1365.jpg 2048w\" sizes=\"(max-width: 1024px) 100vw, 1024px\" \/><\/figure>\n<\/figure>\n\n\n\n<p><strong>Milena \u017divkovi\u0107 <\/strong>kroz &#8220;Mentalnu ekologiju&#8221; spaja umjetnost i odr\u017eivost, smatraju\u0107i da je umjetnost igra koja reciklira nesavr\u0161enu sliku sveta. &#8220;Svi smo pozvani da u\u010destvujemo&#8221;, poru\u010dila je Milena.<\/p>\n\n\n\n<figure class=\"wp-block-image size-large\"><img loading=\"lazy\" decoding=\"async\" width=\"1024\" height=\"683\" src=\"https:\/\/www.evropskakuca.me\/wp-content\/uploads\/2025\/03\/FRO_0605-1024x683.jpg\" alt=\"\" class=\"wp-image-43476\" srcset=\"https:\/\/www.evropskakuca.me\/wp-content\/uploads\/2025\/03\/FRO_0605-1024x683.jpg 1024w, https:\/\/www.evropskakuca.me\/wp-content\/uploads\/2025\/03\/FRO_0605-300x200.jpg 300w, https:\/\/www.evropskakuca.me\/wp-content\/uploads\/2025\/03\/FRO_0605-768x512.jpg 768w, https:\/\/www.evropskakuca.me\/wp-content\/uploads\/2025\/03\/FRO_0605-1536x1024.jpg 1536w, https:\/\/www.evropskakuca.me\/wp-content\/uploads\/2025\/03\/FRO_0605-2048x1365.jpg 2048w\" sizes=\"(max-width: 1024px) 100vw, 1024px\" \/><\/figure>\n\n\n\n<p>Eko heroine su jedinstvene u svojoj misiji \u2013 kroz zelene inicijative promovi\u0161u za\u0161titu \u017eivotne sredine, prirodu, kulturu i istoriju Crne Gore, ali i ukazuju na potrebu za kontinuiranim anga\u017emanom na individualnom i sistemskom nivou.<\/p>\n\n\n\n<p>Njihove inspirativne pri\u010de bi\u0107e predstavljene kroz video zapise na dru\u0161tvenim mre\u017eama Evropske ku\u0107e.&nbsp;<\/p>\n\n\n\n<p>Za\u0161tita \u017eivotne sredine ostaje prioritet Evropske ku\u0107e i ova kampanja u \u010dijem fokusu su \u017eene preduzetnice dio je \u0161ireg nastojanja da se podigne svijest o odr\u017eivosti i zelenim inicijativama.<\/p>\n","protected":false},"excerpt":{"rendered":"<p>Evropskoj ku\u0107i danas je, povodom Me\u0111unarodnog dana \u017eena, predstavljena kampanja &#8220;Eko heroine&#8221;, posve\u0107ena crnogorskim preduzetnicama i aktivistkinjama koje svojim ekolo\u0161kim biznisima i projektima oblikuju odr\u017eivu budu\u0107nost. Pet izuzetnih \u017eena \u2013 Mia Pejovi\u0107 (Atelje &#8220;Propuh&#8221;), Jelena Rak\u010devi\u0107 (NVO Zeleni talas) Milena \u0110ukanovi\u0107 (Mi\u0111u Accessoires), Nada Tadi\u0107 (Duga Toys) i Milena \u017divkovi\u0107 (Mentalna ekologija) \u2013 podijelile su [&hellip;]<\/p>\n","protected":false},"author":3,"featured_media":43451,"comment_status":"closed","ping_status":"closed","sticky":false,"template":"","format":"standard","meta":{"_acf_changed":false,"footnotes":""},"categories":[283,524],"tags":[],"class_list":["post-43480","post","type-post","status-publish","format-standard","has-post-thumbnail","hentry","category-novosti-me","category-vesti"],"acf":[],"yoast_head":"<!-- This site is optimized with the Yoast SEO plugin v27.3 - https:\/\/yoast.com\/product\/yoast-seo-wordpress\/ -->\n<title>Upoznajte \u201ceko heroine\u201d koje stvaraju odr\u017eivu budu\u0107nost - Europe House<\/title>\n<meta name=\"robots\" content=\"index, follow, max-snippet:-1, max-image-preview:large, max-video-preview:-1\" \/>\n<link rel=\"canonical\" href=\"https:\/\/www.evropskakuca.me\/me\/meet-the-eco-heroines-women-shaping-a-sustainable-future\/\" \/>\n<meta property=\"og:locale\" content=\"en_US\" \/>\n<meta property=\"og:type\" content=\"article\" \/>\n<meta property=\"og:title\" content=\"Upoznajte \u201ceko heroine\u201d koje stvaraju odr\u017eivu budu\u0107nost - Europe House\" \/>\n<meta property=\"og:description\" content=\"Evropskoj ku\u0107i danas je, povodom Me\u0111unarodnog dana \u017eena, predstavljena kampanja &#8220;Eko heroine&#8221;, posve\u0107ena crnogorskim preduzetnicama i aktivistkinjama koje svojim ekolo\u0161kim biznisima i projektima oblikuju odr\u017eivu budu\u0107nost. Pet izuzetnih \u017eena \u2013 Mia Pejovi\u0107 (Atelje &#8220;Propuh&#8221;), Jelena Rak\u010devi\u0107 (NVO Zeleni talas) Milena \u0110ukanovi\u0107 (Mi\u0111u Accessoires), Nada Tadi\u0107 (Duga Toys) i Milena \u017divkovi\u0107 (Mentalna ekologija) \u2013 podijelile su [&hellip;]\" \/>\n<meta property=\"og:url\" content=\"https:\/\/www.evropskakuca.me\/me\/meet-the-eco-heroines-women-shaping-a-sustainable-future\/\" \/>\n<meta property=\"og:site_name\" content=\"Europe House\" \/>\n<meta property=\"article:publisher\" content=\"https:\/\/www.facebook.com\/evropska.kuca\" \/>\n<meta property=\"article:published_time\" content=\"2025-03-10T10:53:39+00:00\" \/>\n<meta property=\"article:modified_time\" content=\"2025-03-10T10:58:16+00:00\" \/>\n<meta property=\"og:image\" content=\"https:\/\/www.evropskakuca.me\/wp-content\/uploads\/2025\/03\/kopija-scaled.jpg\" \/>\n\t<meta property=\"og:image:width\" content=\"2560\" \/>\n\t<meta property=\"og:image:height\" content=\"1195\" \/>\n\t<meta property=\"og:image:type\" content=\"image\/jpeg\" \/>\n<meta name=\"author\" content=\"Aleksandar Vukovic\" \/>\n<meta name=\"twitter:card\" content=\"summary_large_image\" \/>\n<meta name=\"twitter:creator\" content=\"@evropska_kuca\" \/>\n<meta name=\"twitter:site\" content=\"@evropska_kuca\" \/>\n<meta name=\"twitter:label1\" content=\"Written by\" \/>\n\t<meta name=\"twitter:data1\" content=\"Aleksandar Vukovic\" \/>\n\t<meta name=\"twitter:label2\" content=\"Est. reading time\" \/>\n\t<meta name=\"twitter:data2\" content=\"4 minutes\" \/>\n<script type=\"application\/ld+json\" class=\"yoast-schema-graph\">{\"@context\":\"https:\\\/\\\/schema.org\",\"@graph\":[{\"@type\":\"Article\",\"@id\":\"https:\\\/\\\/www.evropskakuca.me\\\/me\\\/meet-the-eco-heroines-women-shaping-a-sustainable-future\\\/#article\",\"isPartOf\":{\"@id\":\"https:\\\/\\\/www.evropskakuca.me\\\/me\\\/meet-the-eco-heroines-women-shaping-a-sustainable-future\\\/\"},\"author\":{\"name\":\"Aleksandar Vukovic\",\"@id\":\"https:\\\/\\\/www.evropskakuca.me\\\/me\\\/#\\\/schema\\\/person\\\/7e16527119c7b67f457996b970f2bd6e\"},\"headline\":\"Upoznajte \u201ceko heroine\u201d koje stvaraju odr\u017eivu budu\u0107nost\",\"datePublished\":\"2025-03-10T10:53:39+00:00\",\"dateModified\":\"2025-03-10T10:58:16+00:00\",\"mainEntityOfPage\":{\"@id\":\"https:\\\/\\\/www.evropskakuca.me\\\/me\\\/meet-the-eco-heroines-women-shaping-a-sustainable-future\\\/\"},\"wordCount\":370,\"publisher\":{\"@id\":\"https:\\\/\\\/www.evropskakuca.me\\\/me\\\/#organization\"},\"image\":{\"@id\":\"https:\\\/\\\/www.evropskakuca.me\\\/me\\\/meet-the-eco-heroines-women-shaping-a-sustainable-future\\\/#primaryimage\"},\"thumbnailUrl\":\"https:\\\/\\\/www.evropskakuca.me\\\/wp-content\\\/uploads\\\/2025\\\/03\\\/kopija-scaled.jpg\",\"articleSection\":[\"Novosti\",\"Vesti\"],\"inLanguage\":\"me-ME\"},{\"@type\":\"WebPage\",\"@id\":\"https:\\\/\\\/www.evropskakuca.me\\\/me\\\/meet-the-eco-heroines-women-shaping-a-sustainable-future\\\/\",\"url\":\"https:\\\/\\\/www.evropskakuca.me\\\/me\\\/meet-the-eco-heroines-women-shaping-a-sustainable-future\\\/\",\"name\":\"Upoznajte \u201ceko heroine\u201d koje stvaraju odr\u017eivu budu\u0107nost - Europe House\",\"isPartOf\":{\"@id\":\"https:\\\/\\\/www.evropskakuca.me\\\/me\\\/#website\"},\"primaryImageOfPage\":{\"@id\":\"https:\\\/\\\/www.evropskakuca.me\\\/me\\\/meet-the-eco-heroines-women-shaping-a-sustainable-future\\\/#primaryimage\"},\"image\":{\"@id\":\"https:\\\/\\\/www.evropskakuca.me\\\/me\\\/meet-the-eco-heroines-women-shaping-a-sustainable-future\\\/#primaryimage\"},\"thumbnailUrl\":\"https:\\\/\\\/www.evropskakuca.me\\\/wp-content\\\/uploads\\\/2025\\\/03\\\/kopija-scaled.jpg\",\"datePublished\":\"2025-03-10T10:53:39+00:00\",\"dateModified\":\"2025-03-10T10:58:16+00:00\",\"breadcrumb\":{\"@id\":\"https:\\\/\\\/www.evropskakuca.me\\\/me\\\/meet-the-eco-heroines-women-shaping-a-sustainable-future\\\/#breadcrumb\"},\"inLanguage\":\"me-ME\",\"potentialAction\":[{\"@type\":\"ReadAction\",\"target\":[\"https:\\\/\\\/www.evropskakuca.me\\\/me\\\/meet-the-eco-heroines-women-shaping-a-sustainable-future\\\/\"]}]},{\"@type\":\"ImageObject\",\"inLanguage\":\"me-ME\",\"@id\":\"https:\\\/\\\/www.evropskakuca.me\\\/me\\\/meet-the-eco-heroines-women-shaping-a-sustainable-future\\\/#primaryimage\",\"url\":\"https:\\\/\\\/www.evropskakuca.me\\\/wp-content\\\/uploads\\\/2025\\\/03\\\/kopija-scaled.jpg\",\"contentUrl\":\"https:\\\/\\\/www.evropskakuca.me\\\/wp-content\\\/uploads\\\/2025\\\/03\\\/kopija-scaled.jpg\",\"width\":2560,\"height\":1195},{\"@type\":\"BreadcrumbList\",\"@id\":\"https:\\\/\\\/www.evropskakuca.me\\\/me\\\/meet-the-eco-heroines-women-shaping-a-sustainable-future\\\/#breadcrumb\",\"itemListElement\":[{\"@type\":\"ListItem\",\"position\":1,\"name\":\"Home\",\"item\":\"https:\\\/\\\/www.evropskakuca.me\\\/me\\\/\"},{\"@type\":\"ListItem\",\"position\":2,\"name\":\"Upoznajte \u201ceko heroine\u201d koje stvaraju odr\u017eivu budu\u0107nost\"}]},{\"@type\":\"WebSite\",\"@id\":\"https:\\\/\\\/www.evropskakuca.me\\\/me\\\/#website\",\"url\":\"https:\\\/\\\/www.evropskakuca.me\\\/me\\\/\",\"name\":\"Evropean house\",\"description\":\"\",\"publisher\":{\"@id\":\"https:\\\/\\\/www.evropskakuca.me\\\/me\\\/#organization\"},\"potentialAction\":[{\"@type\":\"SearchAction\",\"target\":{\"@type\":\"EntryPoint\",\"urlTemplate\":\"https:\\\/\\\/www.evropskakuca.me\\\/me\\\/?s={search_term_string}\"},\"query-input\":{\"@type\":\"PropertyValueSpecification\",\"valueRequired\":true,\"valueName\":\"search_term_string\"}}],\"inLanguage\":\"me-ME\"},{\"@type\":\"Organization\",\"@id\":\"https:\\\/\\\/www.evropskakuca.me\\\/me\\\/#organization\",\"name\":\"Evropean house\",\"url\":\"https:\\\/\\\/www.evropskakuca.me\\\/me\\\/\",\"logo\":{\"@type\":\"ImageObject\",\"inLanguage\":\"me-ME\",\"@id\":\"https:\\\/\\\/www.evropskakuca.me\\\/me\\\/#\\\/schema\\\/logo\\\/image\\\/\",\"url\":\"https:\\\/\\\/www.evropskakuca.me\\\/wp-content\\\/uploads\\\/2025\\\/01\\\/evropska-kuca-logo-1.png\",\"contentUrl\":\"https:\\\/\\\/www.evropskakuca.me\\\/wp-content\\\/uploads\\\/2025\\\/01\\\/evropska-kuca-logo-1.png\",\"width\":425,\"height\":312,\"caption\":\"Evropean house\"},\"image\":{\"@id\":\"https:\\\/\\\/www.evropskakuca.me\\\/me\\\/#\\\/schema\\\/logo\\\/image\\\/\"},\"sameAs\":[\"https:\\\/\\\/www.facebook.com\\\/evropska.kuca\",\"https:\\\/\\\/x.com\\\/evropska_kuca\",\"https:\\\/\\\/www.instagram.com\\\/evropska_kuca\"]},{\"@type\":\"Person\",\"@id\":\"https:\\\/\\\/www.evropskakuca.me\\\/me\\\/#\\\/schema\\\/person\\\/7e16527119c7b67f457996b970f2bd6e\",\"name\":\"Aleksandar Vukovic\",\"image\":{\"@type\":\"ImageObject\",\"inLanguage\":\"me-ME\",\"@id\":\"https:\\\/\\\/secure.gravatar.com\\\/avatar\\\/a1834e0104b0242a886079bde835ba36d80c70f9987a11f3ba33eb9e8d74cc15?s=96&d=mm&r=g\",\"url\":\"https:\\\/\\\/secure.gravatar.com\\\/avatar\\\/a1834e0104b0242a886079bde835ba36d80c70f9987a11f3ba33eb9e8d74cc15?s=96&d=mm&r=g\",\"contentUrl\":\"https:\\\/\\\/secure.gravatar.com\\\/avatar\\\/a1834e0104b0242a886079bde835ba36d80c70f9987a11f3ba33eb9e8d74cc15?s=96&d=mm&r=g\",\"caption\":\"Aleksandar Vukovic\"},\"url\":\"https:\\\/\\\/www.evropskakuca.me\\\/me\\\/author\\\/aleksandar\\\/\"}]}<\/script>\n<!-- \/ Yoast SEO plugin. -->","yoast_head_json":{"title":"Upoznajte \u201ceko heroine\u201d koje stvaraju odr\u017eivu budu\u0107nost - Europe House","robots":{"index":"index","follow":"follow","max-snippet":"max-snippet:-1","max-image-preview":"max-image-preview:large","max-video-preview":"max-video-preview:-1"},"canonical":"https:\/\/www.evropskakuca.me\/me\/meet-the-eco-heroines-women-shaping-a-sustainable-future\/","og_locale":"en_US","og_type":"article","og_title":"Upoznajte \u201ceko heroine\u201d koje stvaraju odr\u017eivu budu\u0107nost - Europe House","og_description":"Evropskoj ku\u0107i danas je, povodom Me\u0111unarodnog dana \u017eena, predstavljena kampanja &#8220;Eko heroine&#8221;, posve\u0107ena crnogorskim preduzetnicama i aktivistkinjama koje svojim ekolo\u0161kim biznisima i projektima oblikuju odr\u017eivu budu\u0107nost. Pet izuzetnih \u017eena \u2013 Mia Pejovi\u0107 (Atelje &#8220;Propuh&#8221;), Jelena Rak\u010devi\u0107 (NVO Zeleni talas) Milena \u0110ukanovi\u0107 (Mi\u0111u Accessoires), Nada Tadi\u0107 (Duga Toys) i Milena \u017divkovi\u0107 (Mentalna ekologija) \u2013 podijelile su [&hellip;]","og_url":"https:\/\/www.evropskakuca.me\/me\/meet-the-eco-heroines-women-shaping-a-sustainable-future\/","og_site_name":"Europe House","article_publisher":"https:\/\/www.facebook.com\/evropska.kuca","article_published_time":"2025-03-10T10:53:39+00:00","article_modified_time":"2025-03-10T10:58:16+00:00","og_image":[{"width":2560,"height":1195,"url":"https:\/\/www.evropskakuca.me\/wp-content\/uploads\/2025\/03\/kopija-scaled.jpg","type":"image\/jpeg"}],"author":"Aleksandar Vukovic","twitter_card":"summary_large_image","twitter_creator":"@evropska_kuca","twitter_site":"@evropska_kuca","twitter_misc":{"Written by":"Aleksandar Vukovic","Est. reading time":"4 minutes"},"schema":{"@context":"https:\/\/schema.org","@graph":[{"@type":"Article","@id":"https:\/\/www.evropskakuca.me\/me\/meet-the-eco-heroines-women-shaping-a-sustainable-future\/#article","isPartOf":{"@id":"https:\/\/www.evropskakuca.me\/me\/meet-the-eco-heroines-women-shaping-a-sustainable-future\/"},"author":{"name":"Aleksandar Vukovic","@id":"https:\/\/www.evropskakuca.me\/me\/#\/schema\/person\/7e16527119c7b67f457996b970f2bd6e"},"headline":"Upoznajte \u201ceko heroine\u201d koje stvaraju odr\u017eivu budu\u0107nost","datePublished":"2025-03-10T10:53:39+00:00","dateModified":"2025-03-10T10:58:16+00:00","mainEntityOfPage":{"@id":"https:\/\/www.evropskakuca.me\/me\/meet-the-eco-heroines-women-shaping-a-sustainable-future\/"},"wordCount":370,"publisher":{"@id":"https:\/\/www.evropskakuca.me\/me\/#organization"},"image":{"@id":"https:\/\/www.evropskakuca.me\/me\/meet-the-eco-heroines-women-shaping-a-sustainable-future\/#primaryimage"},"thumbnailUrl":"https:\/\/www.evropskakuca.me\/wp-content\/uploads\/2025\/03\/kopija-scaled.jpg","articleSection":["Novosti","Vesti"],"inLanguage":"me-ME"},{"@type":"WebPage","@id":"https:\/\/www.evropskakuca.me\/me\/meet-the-eco-heroines-women-shaping-a-sustainable-future\/","url":"https:\/\/www.evropskakuca.me\/me\/meet-the-eco-heroines-women-shaping-a-sustainable-future\/","name":"Upoznajte \u201ceko heroine\u201d koje stvaraju odr\u017eivu budu\u0107nost - Europe House","isPartOf":{"@id":"https:\/\/www.evropskakuca.me\/me\/#website"},"primaryImageOfPage":{"@id":"https:\/\/www.evropskakuca.me\/me\/meet-the-eco-heroines-women-shaping-a-sustainable-future\/#primaryimage"},"image":{"@id":"https:\/\/www.evropskakuca.me\/me\/meet-the-eco-heroines-women-shaping-a-sustainable-future\/#primaryimage"},"thumbnailUrl":"https:\/\/www.evropskakuca.me\/wp-content\/uploads\/2025\/03\/kopija-scaled.jpg","datePublished":"2025-03-10T10:53:39+00:00","dateModified":"2025-03-10T10:58:16+00:00","breadcrumb":{"@id":"https:\/\/www.evropskakuca.me\/me\/meet-the-eco-heroines-women-shaping-a-sustainable-future\/#breadcrumb"},"inLanguage":"me-ME","potentialAction":[{"@type":"ReadAction","target":["https:\/\/www.evropskakuca.me\/me\/meet-the-eco-heroines-women-shaping-a-sustainable-future\/"]}]},{"@type":"ImageObject","inLanguage":"me-ME","@id":"https:\/\/www.evropskakuca.me\/me\/meet-the-eco-heroines-women-shaping-a-sustainable-future\/#primaryimage","url":"https:\/\/www.evropskakuca.me\/wp-content\/uploads\/2025\/03\/kopija-scaled.jpg","contentUrl":"https:\/\/www.evropskakuca.me\/wp-content\/uploads\/2025\/03\/kopija-scaled.jpg","width":2560,"height":1195},{"@type":"BreadcrumbList","@id":"https:\/\/www.evropskakuca.me\/me\/meet-the-eco-heroines-women-shaping-a-sustainable-future\/#breadcrumb","itemListElement":[{"@type":"ListItem","position":1,"name":"Home","item":"https:\/\/www.evropskakuca.me\/me\/"},{"@type":"ListItem","position":2,"name":"Upoznajte \u201ceko heroine\u201d koje stvaraju odr\u017eivu budu\u0107nost"}]},{"@type":"WebSite","@id":"https:\/\/www.evropskakuca.me\/me\/#website","url":"https:\/\/www.evropskakuca.me\/me\/","name":"Evropean house","description":"","publisher":{"@id":"https:\/\/www.evropskakuca.me\/me\/#organization"},"potentialAction":[{"@type":"SearchAction","target":{"@type":"EntryPoint","urlTemplate":"https:\/\/www.evropskakuca.me\/me\/?s={search_term_string}"},"query-input":{"@type":"PropertyValueSpecification","valueRequired":true,"valueName":"search_term_string"}}],"inLanguage":"me-ME"},{"@type":"Organization","@id":"https:\/\/www.evropskakuca.me\/me\/#organization","name":"Evropean house","url":"https:\/\/www.evropskakuca.me\/me\/","logo":{"@type":"ImageObject","inLanguage":"me-ME","@id":"https:\/\/www.evropskakuca.me\/me\/#\/schema\/logo\/image\/","url":"https:\/\/www.evropskakuca.me\/wp-content\/uploads\/2025\/01\/evropska-kuca-logo-1.png","contentUrl":"https:\/\/www.evropskakuca.me\/wp-content\/uploads\/2025\/01\/evropska-kuca-logo-1.png","width":425,"height":312,"caption":"Evropean house"},"image":{"@id":"https:\/\/www.evropskakuca.me\/me\/#\/schema\/logo\/image\/"},"sameAs":["https:\/\/www.facebook.com\/evropska.kuca","https:\/\/x.com\/evropska_kuca","https:\/\/www.instagram.com\/evropska_kuca"]},{"@type":"Person","@id":"https:\/\/www.evropskakuca.me\/me\/#\/schema\/person\/7e16527119c7b67f457996b970f2bd6e","name":"Aleksandar Vukovic","image":{"@type":"ImageObject","inLanguage":"me-ME","@id":"https:\/\/secure.gravatar.com\/avatar\/a1834e0104b0242a886079bde835ba36d80c70f9987a11f3ba33eb9e8d74cc15?s=96&d=mm&r=g","url":"https:\/\/secure.gravatar.com\/avatar\/a1834e0104b0242a886079bde835ba36d80c70f9987a11f3ba33eb9e8d74cc15?s=96&d=mm&r=g","contentUrl":"https:\/\/secure.gravatar.com\/avatar\/a1834e0104b0242a886079bde835ba36d80c70f9987a11f3ba33eb9e8d74cc15?s=96&d=mm&r=g","caption":"Aleksandar Vukovic"},"url":"https:\/\/www.evropskakuca.me\/me\/author\/aleksandar\/"}]}},"_links":{"self":[{"href":"https:\/\/www.evropskakuca.me\/me\/wp-json\/wp\/v2\/posts\/43480","targetHints":{"allow":["GET"]}}],"collection":[{"href":"https:\/\/www.evropskakuca.me\/me\/wp-json\/wp\/v2\/posts"}],"about":[{"href":"https:\/\/www.evropskakuca.me\/me\/wp-json\/wp\/v2\/types\/post"}],"author":[{"embeddable":true,"href":"https:\/\/www.evropskakuca.me\/me\/wp-json\/wp\/v2\/users\/3"}],"replies":[{"embeddable":true,"href":"https:\/\/www.evropskakuca.me\/me\/wp-json\/wp\/v2\/comments?post=43480"}],"version-history":[{"count":1,"href":"https:\/\/www.evropskakuca.me\/me\/wp-json\/wp\/v2\/posts\/43480\/revisions"}],"predecessor-version":[{"id":43482,"href":"https:\/\/www.evropskakuca.me\/me\/wp-json\/wp\/v2\/posts\/43480\/revisions\/43482"}],"wp:featuredmedia":[{"embeddable":true,"href":"https:\/\/www.evropskakuca.me\/me\/wp-json\/wp\/v2\/media\/43451"}],"wp:attachment":[{"href":"https:\/\/www.evropskakuca.me\/me\/wp-json\/wp\/v2\/media?parent=43480"}],"wp:term":[{"taxonomy":"category","embeddable":true,"href":"https:\/\/www.evropskakuca.me\/me\/wp-json\/wp\/v2\/categories?post=43480"},{"taxonomy":"post_tag","embeddable":true,"href":"https:\/\/www.evropskakuca.me\/me\/wp-json\/wp\/v2\/tags?post=43480"}],"curies":[{"name":"wp","href":"https:\/\/api.w.org\/{rel}","templated":true}]}}