{"id":43339,"date":"2025-03-03T13:36:13","date_gmt":"2025-03-03T13:36:13","guid":{"rendered":"https:\/\/www.evropskakuca.me\/europe-house-job-opportunities\/"},"modified":"2025-03-03T13:55:58","modified_gmt":"2025-03-03T13:55:58","slug":"europe-house-job-opportunities","status":"publish","type":"post","link":"https:\/\/www.evropskakuca.me\/me\/europe-house-job-opportunities\/","title":{"rendered":"Prijavite se: Evropska ku\u0107a tra\u017ei eksperta za dru\u0161tvene mre\u017ee"},"content":{"rendered":"\n<p><strong>Non-key field 6: Social Media Officer (Rad na odre\u0111eno vrijeme: zamjenska pozicija u trajanju od 15. marta do  15. jula 2025)<\/strong><\/p>\n\n\n\n<p>Potrebno je da kandidati po\u0161alju CV i motivaciono pismo na <a href=\"mailto:info@evropskakuca.me\">info@evropskakuca.me<\/a> do 10. marta 2025. <\/p>\n\n\n\n<p>Samo short-listed kandidati \u0107e biti pozvani na intervju.<\/p>\n\n\n\n<figure class=\"wp-block-image size-large\"><img fetchpriority=\"high\" decoding=\"async\" width=\"1024\" height=\"684\" src=\"https:\/\/www.evropskakuca.me\/wp-content\/uploads\/2025\/03\/pexels-buro-millennial-636760-1438072-1024x684.jpg\" alt=\"\" class=\"wp-image-43335\" srcset=\"https:\/\/www.evropskakuca.me\/wp-content\/uploads\/2025\/03\/pexels-buro-millennial-636760-1438072-1024x684.jpg 1024w, https:\/\/www.evropskakuca.me\/wp-content\/uploads\/2025\/03\/pexels-buro-millennial-636760-1438072-300x200.jpg 300w, https:\/\/www.evropskakuca.me\/wp-content\/uploads\/2025\/03\/pexels-buro-millennial-636760-1438072-768x513.jpg 768w, https:\/\/www.evropskakuca.me\/wp-content\/uploads\/2025\/03\/pexels-buro-millennial-636760-1438072-1536x1025.jpg 1536w, https:\/\/www.evropskakuca.me\/wp-content\/uploads\/2025\/03\/pexels-buro-millennial-636760-1438072-2048x1367.jpg 2048w\" sizes=\"(max-width: 1024px) 100vw, 1024px\" \/><\/figure>\n\n\n\n<p>The expert will be responsible for communication through social media in close interaction with the Delegation. S\/he will be in charge of defining and implementing a strategy for social media, well integrated in the wider communication Strategy. S\/he will be in charge of all social media accounts and of the daily content update, posts, discussions, moderation and management of social media channels. S\/he will monitor activities and discussions and debates on social media and will report on it and propose way to adapt communication on social media. S\/he will assist the local Europe Houses in opening and developing their own social media channels and coordinate with them messages\/narratives\/campaigns\/competitions etc.<\/p>\n\n\n\n<p>S\/he will also assist the Delegation in drafting content on social media accounts, including for the Head of Delegation.<\/p>\n\n\n\n<p>In cooperation with other non-key experts, s\/he will promote partner networks and involve them in events and campaigns.<\/p>\n\n\n\n<p>S\/he will produce \/ adapt \/ disseminate innovative audio-visual and multimedia material, reels, pictures, infographics, games, applications for social media and internet.<\/p>\n\n\n\n<p>S\/he must be able to work under time pressure and within short deadlines.&nbsp;&nbsp;&nbsp;&nbsp;&nbsp;&nbsp;<\/p>\n\n\n\n<p>As necessary, s\/he will be expected to perform duties during out of office hours.&nbsp;<\/p>\n\n\n\n<p><strong><em>Qualifications and skills<\/em><\/strong><\/p>\n\n\n\n<ul class=\"wp-block-list\">\n<li>Bachelor\u2019s degree &#8211; where a university degree has been awarded on completion of three or more years of study in a university or equivalent institution or alternatively minimum 3 years of general professional experience in communication, marketing, advertising, journalism, civil society, business or similar in addition to the years of experience required under \u201cgeneral professional experience\u201d;<\/li>\n\n\n\n<li>Excellent knowledge of English and the local language;<\/li>\n<\/ul>\n\n\n\n<p><strong><em>General professional experience<\/em><\/strong><\/p>\n\n\n\n<ul class=\"wp-block-list\">\n<li>Minimum 3 years of work in communication\/marketing\/advertising\/journalism\/civil society\/business or similar fields;<\/li>\n<\/ul>\n\n\n\n<p><strong><em>Specific professional experience<\/em><\/strong><\/p>\n\n\n\n<ul class=\"wp-block-list\">\n<li>Minimum 3 years of experience in managing social media accounts;<\/li>\n\n\n\n<li>Experience in producing, editing and \/ or distributing written, audio-visual and electronic information material on social media;<\/li>\n\n\n\n<li>Previous experience in managing social media in an international context\/environment would be an asset.<\/li>\n<\/ul>\n\n\n\n<p><\/p>\n","protected":false},"excerpt":{"rendered":"<p>Non-key field 6: Social Media Officer (Rad na odre\u0111eno vrijeme: zamjenska pozicija u trajanju od 15. marta do 15. jula 2025) Potrebno je da kandidati po\u0161alju CV i motivaciono pismo na info@evropskakuca.me do 10. marta 2025. Samo short-listed kandidati \u0107e biti pozvani na intervju. The expert will be responsible for communication through social media in [&hellip;]<\/p>\n","protected":false},"author":3,"featured_media":43074,"comment_status":"closed","ping_status":"closed","sticky":false,"template":"","format":"standard","meta":{"_acf_changed":false,"footnotes":""},"categories":[283,524],"tags":[],"class_list":["post-43339","post","type-post","status-publish","format-standard","has-post-thumbnail","hentry","category-novosti-me","category-vesti"],"acf":[],"yoast_head":"<!-- This site is optimized with the Yoast SEO plugin v27.3 - https:\/\/yoast.com\/product\/yoast-seo-wordpress\/ -->\n<title>Prijavite se: Evropska ku\u0107a tra\u017ei eksperta za dru\u0161tvene mre\u017ee - Europe House<\/title>\n<meta name=\"robots\" content=\"index, follow, max-snippet:-1, max-image-preview:large, max-video-preview:-1\" \/>\n<link rel=\"canonical\" href=\"https:\/\/www.evropskakuca.me\/me\/europe-house-job-opportunities\/\" \/>\n<meta property=\"og:locale\" content=\"en_US\" \/>\n<meta property=\"og:type\" content=\"article\" \/>\n<meta property=\"og:title\" content=\"Prijavite se: Evropska ku\u0107a tra\u017ei eksperta za dru\u0161tvene mre\u017ee - Europe House\" \/>\n<meta property=\"og:description\" content=\"Non-key field 6: Social Media Officer (Rad na odre\u0111eno vrijeme: zamjenska pozicija u trajanju od 15. marta do 15. jula 2025) Potrebno je da kandidati po\u0161alju CV i motivaciono pismo na info@evropskakuca.me do 10. marta 2025. Samo short-listed kandidati \u0107e biti pozvani na intervju. The expert will be responsible for communication through social media in [&hellip;]\" \/>\n<meta property=\"og:url\" content=\"https:\/\/www.evropskakuca.me\/me\/europe-house-job-opportunities\/\" \/>\n<meta property=\"og:site_name\" content=\"Europe House\" \/>\n<meta property=\"article:publisher\" content=\"https:\/\/www.facebook.com\/evropska.kuca\" \/>\n<meta property=\"article:published_time\" content=\"2025-03-03T13:36:13+00:00\" \/>\n<meta property=\"article:modified_time\" content=\"2025-03-03T13:55:58+00:00\" \/>\n<meta property=\"og:image\" content=\"https:\/\/www.evropskakuca.me\/wp-content\/uploads\/2025\/02\/FRO_5227-scaled.jpg\" \/>\n\t<meta property=\"og:image:width\" content=\"2560\" \/>\n\t<meta property=\"og:image:height\" content=\"1707\" \/>\n\t<meta property=\"og:image:type\" content=\"image\/jpeg\" \/>\n<meta name=\"author\" content=\"Aleksandar Vukovic\" \/>\n<meta name=\"twitter:card\" content=\"summary_large_image\" \/>\n<meta name=\"twitter:creator\" content=\"@evropska_kuca\" \/>\n<meta name=\"twitter:site\" content=\"@evropska_kuca\" \/>\n<meta name=\"twitter:label1\" content=\"Written by\" \/>\n\t<meta name=\"twitter:data1\" content=\"Aleksandar Vukovic\" \/>\n\t<meta name=\"twitter:label2\" content=\"Est. reading time\" \/>\n\t<meta name=\"twitter:data2\" content=\"2 minutes\" \/>\n<script type=\"application\/ld+json\" class=\"yoast-schema-graph\">{\"@context\":\"https:\\\/\\\/schema.org\",\"@graph\":[{\"@type\":\"Article\",\"@id\":\"https:\\\/\\\/www.evropskakuca.me\\\/me\\\/europe-house-job-opportunities\\\/#article\",\"isPartOf\":{\"@id\":\"https:\\\/\\\/www.evropskakuca.me\\\/me\\\/europe-house-job-opportunities\\\/\"},\"author\":{\"name\":\"Aleksandar Vukovic\",\"@id\":\"https:\\\/\\\/www.evropskakuca.me\\\/me\\\/#\\\/schema\\\/person\\\/7e16527119c7b67f457996b970f2bd6e\"},\"headline\":\"Prijavite se: Evropska ku\u0107a tra\u017ei eksperta za dru\u0161tvene mre\u017ee\",\"datePublished\":\"2025-03-03T13:36:13+00:00\",\"dateModified\":\"2025-03-03T13:55:58+00:00\",\"mainEntityOfPage\":{\"@id\":\"https:\\\/\\\/www.evropskakuca.me\\\/me\\\/europe-house-job-opportunities\\\/\"},\"wordCount\":395,\"publisher\":{\"@id\":\"https:\\\/\\\/www.evropskakuca.me\\\/me\\\/#organization\"},\"image\":{\"@id\":\"https:\\\/\\\/www.evropskakuca.me\\\/me\\\/europe-house-job-opportunities\\\/#primaryimage\"},\"thumbnailUrl\":\"https:\\\/\\\/www.evropskakuca.me\\\/wp-content\\\/uploads\\\/2025\\\/02\\\/FRO_5227-scaled.jpg\",\"articleSection\":[\"Novosti\",\"Vesti\"],\"inLanguage\":\"me-ME\"},{\"@type\":\"WebPage\",\"@id\":\"https:\\\/\\\/www.evropskakuca.me\\\/me\\\/europe-house-job-opportunities\\\/\",\"url\":\"https:\\\/\\\/www.evropskakuca.me\\\/me\\\/europe-house-job-opportunities\\\/\",\"name\":\"Prijavite se: Evropska ku\u0107a tra\u017ei eksperta za dru\u0161tvene mre\u017ee - Europe House\",\"isPartOf\":{\"@id\":\"https:\\\/\\\/www.evropskakuca.me\\\/me\\\/#website\"},\"primaryImageOfPage\":{\"@id\":\"https:\\\/\\\/www.evropskakuca.me\\\/me\\\/europe-house-job-opportunities\\\/#primaryimage\"},\"image\":{\"@id\":\"https:\\\/\\\/www.evropskakuca.me\\\/me\\\/europe-house-job-opportunities\\\/#primaryimage\"},\"thumbnailUrl\":\"https:\\\/\\\/www.evropskakuca.me\\\/wp-content\\\/uploads\\\/2025\\\/02\\\/FRO_5227-scaled.jpg\",\"datePublished\":\"2025-03-03T13:36:13+00:00\",\"dateModified\":\"2025-03-03T13:55:58+00:00\",\"breadcrumb\":{\"@id\":\"https:\\\/\\\/www.evropskakuca.me\\\/me\\\/europe-house-job-opportunities\\\/#breadcrumb\"},\"inLanguage\":\"me-ME\",\"potentialAction\":[{\"@type\":\"ReadAction\",\"target\":[\"https:\\\/\\\/www.evropskakuca.me\\\/me\\\/europe-house-job-opportunities\\\/\"]}]},{\"@type\":\"ImageObject\",\"inLanguage\":\"me-ME\",\"@id\":\"https:\\\/\\\/www.evropskakuca.me\\\/me\\\/europe-house-job-opportunities\\\/#primaryimage\",\"url\":\"https:\\\/\\\/www.evropskakuca.me\\\/wp-content\\\/uploads\\\/2025\\\/02\\\/FRO_5227-scaled.jpg\",\"contentUrl\":\"https:\\\/\\\/www.evropskakuca.me\\\/wp-content\\\/uploads\\\/2025\\\/02\\\/FRO_5227-scaled.jpg\",\"width\":2560,\"height\":1707},{\"@type\":\"BreadcrumbList\",\"@id\":\"https:\\\/\\\/www.evropskakuca.me\\\/me\\\/europe-house-job-opportunities\\\/#breadcrumb\",\"itemListElement\":[{\"@type\":\"ListItem\",\"position\":1,\"name\":\"Home\",\"item\":\"https:\\\/\\\/www.evropskakuca.me\\\/me\\\/\"},{\"@type\":\"ListItem\",\"position\":2,\"name\":\"Prijavite se: Evropska ku\u0107a tra\u017ei eksperta za dru\u0161tvene mre\u017ee\"}]},{\"@type\":\"WebSite\",\"@id\":\"https:\\\/\\\/www.evropskakuca.me\\\/me\\\/#website\",\"url\":\"https:\\\/\\\/www.evropskakuca.me\\\/me\\\/\",\"name\":\"Evropean house\",\"description\":\"\",\"publisher\":{\"@id\":\"https:\\\/\\\/www.evropskakuca.me\\\/me\\\/#organization\"},\"potentialAction\":[{\"@type\":\"SearchAction\",\"target\":{\"@type\":\"EntryPoint\",\"urlTemplate\":\"https:\\\/\\\/www.evropskakuca.me\\\/me\\\/?s={search_term_string}\"},\"query-input\":{\"@type\":\"PropertyValueSpecification\",\"valueRequired\":true,\"valueName\":\"search_term_string\"}}],\"inLanguage\":\"me-ME\"},{\"@type\":\"Organization\",\"@id\":\"https:\\\/\\\/www.evropskakuca.me\\\/me\\\/#organization\",\"name\":\"Evropean house\",\"url\":\"https:\\\/\\\/www.evropskakuca.me\\\/me\\\/\",\"logo\":{\"@type\":\"ImageObject\",\"inLanguage\":\"me-ME\",\"@id\":\"https:\\\/\\\/www.evropskakuca.me\\\/me\\\/#\\\/schema\\\/logo\\\/image\\\/\",\"url\":\"https:\\\/\\\/www.evropskakuca.me\\\/wp-content\\\/uploads\\\/2025\\\/01\\\/evropska-kuca-logo-1.png\",\"contentUrl\":\"https:\\\/\\\/www.evropskakuca.me\\\/wp-content\\\/uploads\\\/2025\\\/01\\\/evropska-kuca-logo-1.png\",\"width\":425,\"height\":312,\"caption\":\"Evropean house\"},\"image\":{\"@id\":\"https:\\\/\\\/www.evropskakuca.me\\\/me\\\/#\\\/schema\\\/logo\\\/image\\\/\"},\"sameAs\":[\"https:\\\/\\\/www.facebook.com\\\/evropska.kuca\",\"https:\\\/\\\/x.com\\\/evropska_kuca\",\"https:\\\/\\\/www.instagram.com\\\/evropska_kuca\"]},{\"@type\":\"Person\",\"@id\":\"https:\\\/\\\/www.evropskakuca.me\\\/me\\\/#\\\/schema\\\/person\\\/7e16527119c7b67f457996b970f2bd6e\",\"name\":\"Aleksandar Vukovic\",\"image\":{\"@type\":\"ImageObject\",\"inLanguage\":\"me-ME\",\"@id\":\"https:\\\/\\\/secure.gravatar.com\\\/avatar\\\/a1834e0104b0242a886079bde835ba36d80c70f9987a11f3ba33eb9e8d74cc15?s=96&d=mm&r=g\",\"url\":\"https:\\\/\\\/secure.gravatar.com\\\/avatar\\\/a1834e0104b0242a886079bde835ba36d80c70f9987a11f3ba33eb9e8d74cc15?s=96&d=mm&r=g\",\"contentUrl\":\"https:\\\/\\\/secure.gravatar.com\\\/avatar\\\/a1834e0104b0242a886079bde835ba36d80c70f9987a11f3ba33eb9e8d74cc15?s=96&d=mm&r=g\",\"caption\":\"Aleksandar Vukovic\"},\"url\":\"https:\\\/\\\/www.evropskakuca.me\\\/me\\\/author\\\/aleksandar\\\/\"}]}<\/script>\n<!-- \/ Yoast SEO plugin. -->","yoast_head_json":{"title":"Prijavite se: Evropska ku\u0107a tra\u017ei eksperta za dru\u0161tvene mre\u017ee - Europe House","robots":{"index":"index","follow":"follow","max-snippet":"max-snippet:-1","max-image-preview":"max-image-preview:large","max-video-preview":"max-video-preview:-1"},"canonical":"https:\/\/www.evropskakuca.me\/me\/europe-house-job-opportunities\/","og_locale":"en_US","og_type":"article","og_title":"Prijavite se: Evropska ku\u0107a tra\u017ei eksperta za dru\u0161tvene mre\u017ee - Europe House","og_description":"Non-key field 6: Social Media Officer (Rad na odre\u0111eno vrijeme: zamjenska pozicija u trajanju od 15. marta do 15. jula 2025) Potrebno je da kandidati po\u0161alju CV i motivaciono pismo na info@evropskakuca.me do 10. marta 2025. Samo short-listed kandidati \u0107e biti pozvani na intervju. The expert will be responsible for communication through social media in [&hellip;]","og_url":"https:\/\/www.evropskakuca.me\/me\/europe-house-job-opportunities\/","og_site_name":"Europe House","article_publisher":"https:\/\/www.facebook.com\/evropska.kuca","article_published_time":"2025-03-03T13:36:13+00:00","article_modified_time":"2025-03-03T13:55:58+00:00","og_image":[{"width":2560,"height":1707,"url":"https:\/\/www.evropskakuca.me\/wp-content\/uploads\/2025\/02\/FRO_5227-scaled.jpg","type":"image\/jpeg"}],"author":"Aleksandar Vukovic","twitter_card":"summary_large_image","twitter_creator":"@evropska_kuca","twitter_site":"@evropska_kuca","twitter_misc":{"Written by":"Aleksandar Vukovic","Est. reading time":"2 minutes"},"schema":{"@context":"https:\/\/schema.org","@graph":[{"@type":"Article","@id":"https:\/\/www.evropskakuca.me\/me\/europe-house-job-opportunities\/#article","isPartOf":{"@id":"https:\/\/www.evropskakuca.me\/me\/europe-house-job-opportunities\/"},"author":{"name":"Aleksandar Vukovic","@id":"https:\/\/www.evropskakuca.me\/me\/#\/schema\/person\/7e16527119c7b67f457996b970f2bd6e"},"headline":"Prijavite se: Evropska ku\u0107a tra\u017ei eksperta za dru\u0161tvene mre\u017ee","datePublished":"2025-03-03T13:36:13+00:00","dateModified":"2025-03-03T13:55:58+00:00","mainEntityOfPage":{"@id":"https:\/\/www.evropskakuca.me\/me\/europe-house-job-opportunities\/"},"wordCount":395,"publisher":{"@id":"https:\/\/www.evropskakuca.me\/me\/#organization"},"image":{"@id":"https:\/\/www.evropskakuca.me\/me\/europe-house-job-opportunities\/#primaryimage"},"thumbnailUrl":"https:\/\/www.evropskakuca.me\/wp-content\/uploads\/2025\/02\/FRO_5227-scaled.jpg","articleSection":["Novosti","Vesti"],"inLanguage":"me-ME"},{"@type":"WebPage","@id":"https:\/\/www.evropskakuca.me\/me\/europe-house-job-opportunities\/","url":"https:\/\/www.evropskakuca.me\/me\/europe-house-job-opportunities\/","name":"Prijavite se: Evropska ku\u0107a tra\u017ei eksperta za dru\u0161tvene mre\u017ee - Europe House","isPartOf":{"@id":"https:\/\/www.evropskakuca.me\/me\/#website"},"primaryImageOfPage":{"@id":"https:\/\/www.evropskakuca.me\/me\/europe-house-job-opportunities\/#primaryimage"},"image":{"@id":"https:\/\/www.evropskakuca.me\/me\/europe-house-job-opportunities\/#primaryimage"},"thumbnailUrl":"https:\/\/www.evropskakuca.me\/wp-content\/uploads\/2025\/02\/FRO_5227-scaled.jpg","datePublished":"2025-03-03T13:36:13+00:00","dateModified":"2025-03-03T13:55:58+00:00","breadcrumb":{"@id":"https:\/\/www.evropskakuca.me\/me\/europe-house-job-opportunities\/#breadcrumb"},"inLanguage":"me-ME","potentialAction":[{"@type":"ReadAction","target":["https:\/\/www.evropskakuca.me\/me\/europe-house-job-opportunities\/"]}]},{"@type":"ImageObject","inLanguage":"me-ME","@id":"https:\/\/www.evropskakuca.me\/me\/europe-house-job-opportunities\/#primaryimage","url":"https:\/\/www.evropskakuca.me\/wp-content\/uploads\/2025\/02\/FRO_5227-scaled.jpg","contentUrl":"https:\/\/www.evropskakuca.me\/wp-content\/uploads\/2025\/02\/FRO_5227-scaled.jpg","width":2560,"height":1707},{"@type":"BreadcrumbList","@id":"https:\/\/www.evropskakuca.me\/me\/europe-house-job-opportunities\/#breadcrumb","itemListElement":[{"@type":"ListItem","position":1,"name":"Home","item":"https:\/\/www.evropskakuca.me\/me\/"},{"@type":"ListItem","position":2,"name":"Prijavite se: Evropska ku\u0107a tra\u017ei eksperta za dru\u0161tvene mre\u017ee"}]},{"@type":"WebSite","@id":"https:\/\/www.evropskakuca.me\/me\/#website","url":"https:\/\/www.evropskakuca.me\/me\/","name":"Evropean house","description":"","publisher":{"@id":"https:\/\/www.evropskakuca.me\/me\/#organization"},"potentialAction":[{"@type":"SearchAction","target":{"@type":"EntryPoint","urlTemplate":"https:\/\/www.evropskakuca.me\/me\/?s={search_term_string}"},"query-input":{"@type":"PropertyValueSpecification","valueRequired":true,"valueName":"search_term_string"}}],"inLanguage":"me-ME"},{"@type":"Organization","@id":"https:\/\/www.evropskakuca.me\/me\/#organization","name":"Evropean house","url":"https:\/\/www.evropskakuca.me\/me\/","logo":{"@type":"ImageObject","inLanguage":"me-ME","@id":"https:\/\/www.evropskakuca.me\/me\/#\/schema\/logo\/image\/","url":"https:\/\/www.evropskakuca.me\/wp-content\/uploads\/2025\/01\/evropska-kuca-logo-1.png","contentUrl":"https:\/\/www.evropskakuca.me\/wp-content\/uploads\/2025\/01\/evropska-kuca-logo-1.png","width":425,"height":312,"caption":"Evropean house"},"image":{"@id":"https:\/\/www.evropskakuca.me\/me\/#\/schema\/logo\/image\/"},"sameAs":["https:\/\/www.facebook.com\/evropska.kuca","https:\/\/x.com\/evropska_kuca","https:\/\/www.instagram.com\/evropska_kuca"]},{"@type":"Person","@id":"https:\/\/www.evropskakuca.me\/me\/#\/schema\/person\/7e16527119c7b67f457996b970f2bd6e","name":"Aleksandar Vukovic","image":{"@type":"ImageObject","inLanguage":"me-ME","@id":"https:\/\/secure.gravatar.com\/avatar\/a1834e0104b0242a886079bde835ba36d80c70f9987a11f3ba33eb9e8d74cc15?s=96&d=mm&r=g","url":"https:\/\/secure.gravatar.com\/avatar\/a1834e0104b0242a886079bde835ba36d80c70f9987a11f3ba33eb9e8d74cc15?s=96&d=mm&r=g","contentUrl":"https:\/\/secure.gravatar.com\/avatar\/a1834e0104b0242a886079bde835ba36d80c70f9987a11f3ba33eb9e8d74cc15?s=96&d=mm&r=g","caption":"Aleksandar Vukovic"},"url":"https:\/\/www.evropskakuca.me\/me\/author\/aleksandar\/"}]}},"_links":{"self":[{"href":"https:\/\/www.evropskakuca.me\/me\/wp-json\/wp\/v2\/posts\/43339","targetHints":{"allow":["GET"]}}],"collection":[{"href":"https:\/\/www.evropskakuca.me\/me\/wp-json\/wp\/v2\/posts"}],"about":[{"href":"https:\/\/www.evropskakuca.me\/me\/wp-json\/wp\/v2\/types\/post"}],"author":[{"embeddable":true,"href":"https:\/\/www.evropskakuca.me\/me\/wp-json\/wp\/v2\/users\/3"}],"replies":[{"embeddable":true,"href":"https:\/\/www.evropskakuca.me\/me\/wp-json\/wp\/v2\/comments?post=43339"}],"version-history":[{"count":2,"href":"https:\/\/www.evropskakuca.me\/me\/wp-json\/wp\/v2\/posts\/43339\/revisions"}],"predecessor-version":[{"id":43343,"href":"https:\/\/www.evropskakuca.me\/me\/wp-json\/wp\/v2\/posts\/43339\/revisions\/43343"}],"wp:featuredmedia":[{"embeddable":true,"href":"https:\/\/www.evropskakuca.me\/me\/wp-json\/wp\/v2\/media\/43074"}],"wp:attachment":[{"href":"https:\/\/www.evropskakuca.me\/me\/wp-json\/wp\/v2\/media?parent=43339"}],"wp:term":[{"taxonomy":"category","embeddable":true,"href":"https:\/\/www.evropskakuca.me\/me\/wp-json\/wp\/v2\/categories?post=43339"},{"taxonomy":"post_tag","embeddable":true,"href":"https:\/\/www.evropskakuca.me\/me\/wp-json\/wp\/v2\/tags?post=43339"}],"curies":[{"name":"wp","href":"https:\/\/api.w.org\/{rel}","templated":true}]}}