{"id":43290,"date":"2025-02-25T11:11:13","date_gmt":"2025-02-25T11:11:13","guid":{"rendered":"https:\/\/www.evropskakuca.me\/exhibition-lost-childhood-opens-in-cetinje\/"},"modified":"2025-02-25T11:17:09","modified_gmt":"2025-02-25T11:17:09","slug":"exhibition-lost-childhood-opens-in-cetinje","status":"publish","type":"post","link":"https:\/\/www.evropskakuca.me\/me\/exhibition-lost-childhood-opens-in-cetinje\/","title":{"rendered":"Izlo\u017eba &#8220;Izgubljeno djetinjstvo&#8221; otvorena na Cetinju"},"content":{"rendered":"\n<p><\/p>\n\n\n\n<p class=\"has-text-align-center\"><strong>Obilje\u017eavanje tre\u0107e godi\u0161njice ruske invazije na Ukrajinu<\/strong><\/p>\n\n\n\n<p>Delegacija Evropske unije u Crnoj Gori, Ambasada Ukrajine i Fakultet za crnogorski jezik i knji\u017eevnost otvorili su danas u prostorijama FCJK na Cetinju izlo\u017ebu fotografija&nbsp;<em>Izgubljeno djetinjstvo<\/em>, obilje\u017eavaju\u0107i tri godine od po\u010detka ruske invazije na Ukrajinu. Izlo\u017eba predstavlja emotivna svjedo\u010danstva o sudbini ukrajinske djece iz razli\u010ditih sredina koja su izgubila \u017eivote usljed ruske agresije.<\/p>\n\n\n\n<p>Izlo\u017ebu su otvorili ambasador EU u Crnoj Gori&nbsp;<strong>Johan Satler<\/strong>, ambasador Ukrajine&nbsp;<strong>Oleh Gerasimenko<\/strong>&nbsp;i dekan FCJK&nbsp;<strong>Aleksandar Radoman<\/strong>.<\/p>\n\n\n\n<figure class=\"wp-block-image size-large\"><img fetchpriority=\"high\" decoding=\"async\" width=\"1024\" height=\"682\" src=\"https:\/\/www.evropskakuca.me\/wp-content\/uploads\/2025\/02\/image00004-1024x682.jpeg\" alt=\"\" class=\"wp-image-43280\" srcset=\"https:\/\/www.evropskakuca.me\/wp-content\/uploads\/2025\/02\/image00004-1024x682.jpeg 1024w, https:\/\/www.evropskakuca.me\/wp-content\/uploads\/2025\/02\/image00004-300x200.jpeg 300w, https:\/\/www.evropskakuca.me\/wp-content\/uploads\/2025\/02\/image00004-768x512.jpeg 768w, https:\/\/www.evropskakuca.me\/wp-content\/uploads\/2025\/02\/image00004.jpeg 1280w\" sizes=\"(max-width: 1024px) 100vw, 1024px\" \/><\/figure>\n\n\n\n<p>Ambasador Satler je tom prilikom izjavio: \u201e<em>Ovo sna\u017eno svjedo\u010danstvo o izgubljenom djetinjstvu ukrajinske djece poziva nas da ne skre\u0107emo pogled, ve\u0107 da odamo po\u010dast tim mladim \u017eivotima i oja\u010damo na\u0161u posve\u0107enost pravdi, miru i odgovornosti. Ovdje na Cetinju, u srcu crnogorske istorije i kulture, ova izlo\u017eba potvr\u0111uje na\u0161e zajedni\u010dke vrijednosti slobode, dostojanstva i evropske budu\u0107nosti<\/em>.\u201d Tako\u0111e je podsjetio na istrajnu podr\u0161ku i solidarnost koje su gra\u0111ani Cetinja dosljedno pokazivali prema Ukrajini.<\/p>\n\n\n\n<p>Ambasador Ukrajine Oleh Gerasimenko istakao je da izlo\u017eba svjedo\u010di o izuzetnoj hrabrosti i patnji ukrajinske djece, koja su pretrpjela nezamisliv bol i gubitak zbog ruske agresije. \u201e<em>Svaka fotografija je nijemi svjedok tragedije kroz koju su pro\u0161la na\u0161a djeca, ali i simbol njihove otpornosti i nade. Ove slike nas podsje\u0107aju da se na\u0161a borba ne vodi samo zbog teritorije ili politi\u010dkih prioriteta, ve\u0107 prije svega zbog \u017eivota, djetinjstva i prava svakog djeteta na mirnu i sre\u0107nu budu\u0107nost,<\/em>\u201d rekao je ambasador Gerasimenko.<\/p>\n\n\n\n<figure class=\"wp-block-image size-large\"><img decoding=\"async\" width=\"1024\" height=\"682\" src=\"https:\/\/www.evropskakuca.me\/wp-content\/uploads\/2025\/02\/image00002-1024x682.jpeg\" alt=\"\" class=\"wp-image-43282\" srcset=\"https:\/\/www.evropskakuca.me\/wp-content\/uploads\/2025\/02\/image00002-1024x682.jpeg 1024w, https:\/\/www.evropskakuca.me\/wp-content\/uploads\/2025\/02\/image00002-300x200.jpeg 300w, https:\/\/www.evropskakuca.me\/wp-content\/uploads\/2025\/02\/image00002-768x512.jpeg 768w, https:\/\/www.evropskakuca.me\/wp-content\/uploads\/2025\/02\/image00002.jpeg 1280w\" sizes=\"(max-width: 1024px) 100vw, 1024px\" \/><\/figure>\n\n\n\n<p>Dekan FCJK, Aleksandar Radoman, podsjetio je da se zastava Ukrajine kao simbol otpora imperijalizmu i agresiji vijorila nad Fakultetom u protekle tri godine. \u201e<em>Svaki nevino izgubljeni \u017eivot o\u017eiljak je na licu cijelog kontinenta. FCJK sna\u017eno stoji uz ukrajinski narod koji danas u srcu Evrope brani vrijednosti demokratije, slobode i nezavisnosti, koji se suprotstavlja antiliberalnim i osvaja\u010dkim ideologijama \u0161to \u017eele da uni\u0161te evropski na\u010din \u017eivota i razmi\u0161ljanja. U dana\u0161njem kontekstu, kao nikada ranije, va\u017eno je re\u0107i da Ukrajina ne smije biti ostavljena sama i da svi zajedno moramo stati uz hrabri ukrajinski narod koji \u0161titi svoj opstanak,<\/em>\u201d naglasio je.<\/p>\n\n\n\n<figure class=\"wp-block-gallery has-nested-images columns-default is-cropped wp-block-gallery-1 is-layout-flex wp-block-gallery-is-layout-flex\">\n<figure class=\"wp-block-image size-large\"><img decoding=\"async\" width=\"1024\" height=\"682\" data-id=\"43284\" src=\"https:\/\/www.evropskakuca.me\/wp-content\/uploads\/2025\/02\/image00006-1024x682.jpeg\" alt=\"\" class=\"wp-image-43284\" srcset=\"https:\/\/www.evropskakuca.me\/wp-content\/uploads\/2025\/02\/image00006-1024x682.jpeg 1024w, https:\/\/www.evropskakuca.me\/wp-content\/uploads\/2025\/02\/image00006-300x200.jpeg 300w, https:\/\/www.evropskakuca.me\/wp-content\/uploads\/2025\/02\/image00006-768x512.jpeg 768w, https:\/\/www.evropskakuca.me\/wp-content\/uploads\/2025\/02\/image00006.jpeg 1280w\" sizes=\"(max-width: 1024px) 100vw, 1024px\" \/><\/figure>\n\n\n\n<figure class=\"wp-block-image size-large\"><img loading=\"lazy\" decoding=\"async\" width=\"1024\" height=\"670\" data-id=\"43286\" src=\"https:\/\/www.evropskakuca.me\/wp-content\/uploads\/2025\/02\/image00024-1024x670.jpeg\" alt=\"\" class=\"wp-image-43286\" srcset=\"https:\/\/www.evropskakuca.me\/wp-content\/uploads\/2025\/02\/image00024-1024x670.jpeg 1024w, https:\/\/www.evropskakuca.me\/wp-content\/uploads\/2025\/02\/image00024-300x196.jpeg 300w, https:\/\/www.evropskakuca.me\/wp-content\/uploads\/2025\/02\/image00024-768x502.jpeg 768w, https:\/\/www.evropskakuca.me\/wp-content\/uploads\/2025\/02\/image00024.jpeg 1280w\" sizes=\"(max-width: 1024px) 100vw, 1024px\" \/><\/figure>\n<\/figure>\n\n\n\n<p>Tokom svoje prve zvani\u010dne posjete Prijestonici Cetinje, ambasador Satler sastao se sa gradona\u010delnikom Nikolom \u0110ura\u0161kovi\u0107em sa kojim je razgovarao o prilikama za razvoj grada. Tako\u0111e ga je ugostila ministarka kulture Tamara Vujovi\u0107, sa kojom je posjetio klju\u010dne kulturne institucije i znamenitosti. Pored toga, ambasador Satler je obi\u0161ao projekte finansirane iz fondova EU i razgovarao sa predstavnicima ekolo\u0161kih institucija i organizacija civilnog dru\u0161tva.<\/p>\n","protected":false},"excerpt":{"rendered":"<p>Obilje\u017eavanje tre\u0107e godi\u0161njice ruske invazije na Ukrajinu Delegacija Evropske unije u Crnoj Gori, Ambasada Ukrajine i Fakultet za crnogorski jezik i knji\u017eevnost otvorili su danas u prostorijama FCJK na Cetinju izlo\u017ebu fotografija&nbsp;Izgubljeno djetinjstvo, obilje\u017eavaju\u0107i tri godine od po\u010detka ruske invazije na Ukrajinu. Izlo\u017eba predstavlja emotivna svjedo\u010danstva o sudbini ukrajinske djece iz razli\u010ditih sredina koja su [&hellip;]<\/p>\n","protected":false},"author":3,"featured_media":43281,"comment_status":"closed","ping_status":"closed","sticky":false,"template":"","format":"standard","meta":{"_acf_changed":false,"footnotes":""},"categories":[283,524],"tags":[],"class_list":["post-43290","post","type-post","status-publish","format-standard","has-post-thumbnail","hentry","category-novosti-me","category-vesti"],"acf":[],"yoast_head":"<!-- This site is optimized with the Yoast SEO plugin v27.3 - https:\/\/yoast.com\/product\/yoast-seo-wordpress\/ -->\n<title>Izlo\u017eba &quot;Izgubljeno djetinjstvo&quot; otvorena na Cetinju - Europe House<\/title>\n<meta name=\"robots\" content=\"index, follow, max-snippet:-1, max-image-preview:large, max-video-preview:-1\" \/>\n<link rel=\"canonical\" href=\"https:\/\/www.evropskakuca.me\/me\/exhibition-lost-childhood-opens-in-cetinje\/\" \/>\n<meta property=\"og:locale\" content=\"en_US\" \/>\n<meta property=\"og:type\" content=\"article\" \/>\n<meta property=\"og:title\" content=\"Izlo\u017eba &quot;Izgubljeno djetinjstvo&quot; otvorena na Cetinju - Europe House\" \/>\n<meta property=\"og:description\" content=\"Obilje\u017eavanje tre\u0107e godi\u0161njice ruske invazije na Ukrajinu Delegacija Evropske unije u Crnoj Gori, Ambasada Ukrajine i Fakultet za crnogorski jezik i knji\u017eevnost otvorili su danas u prostorijama FCJK na Cetinju izlo\u017ebu fotografija&nbsp;Izgubljeno djetinjstvo, obilje\u017eavaju\u0107i tri godine od po\u010detka ruske invazije na Ukrajinu. Izlo\u017eba predstavlja emotivna svjedo\u010danstva o sudbini ukrajinske djece iz razli\u010ditih sredina koja su [&hellip;]\" \/>\n<meta property=\"og:url\" content=\"https:\/\/www.evropskakuca.me\/me\/exhibition-lost-childhood-opens-in-cetinje\/\" \/>\n<meta property=\"og:site_name\" content=\"Europe House\" \/>\n<meta property=\"article:publisher\" content=\"https:\/\/www.facebook.com\/evropska.kuca\" \/>\n<meta property=\"article:published_time\" content=\"2025-02-25T11:11:13+00:00\" \/>\n<meta property=\"article:modified_time\" content=\"2025-02-25T11:17:09+00:00\" \/>\n<meta property=\"og:image\" content=\"https:\/\/www.evropskakuca.me\/wp-content\/uploads\/2025\/02\/image00004.jpeg\" \/>\n\t<meta property=\"og:image:width\" content=\"1280\" \/>\n\t<meta property=\"og:image:height\" content=\"853\" \/>\n\t<meta property=\"og:image:type\" content=\"image\/jpeg\" \/>\n<meta name=\"author\" content=\"Aleksandar Vukovic\" \/>\n<meta name=\"twitter:card\" content=\"summary_large_image\" \/>\n<meta name=\"twitter:creator\" content=\"@evropska_kuca\" \/>\n<meta name=\"twitter:site\" content=\"@evropska_kuca\" \/>\n<meta name=\"twitter:label1\" content=\"Written by\" \/>\n\t<meta name=\"twitter:data1\" content=\"Aleksandar Vukovic\" \/>\n\t<meta name=\"twitter:label2\" content=\"Est. reading time\" \/>\n\t<meta name=\"twitter:data2\" content=\"3 minutes\" \/>\n<script type=\"application\/ld+json\" class=\"yoast-schema-graph\">{\"@context\":\"https:\\\/\\\/schema.org\",\"@graph\":[{\"@type\":\"Article\",\"@id\":\"https:\\\/\\\/www.evropskakuca.me\\\/me\\\/exhibition-lost-childhood-opens-in-cetinje\\\/#article\",\"isPartOf\":{\"@id\":\"https:\\\/\\\/www.evropskakuca.me\\\/me\\\/exhibition-lost-childhood-opens-in-cetinje\\\/\"},\"author\":{\"name\":\"Aleksandar Vukovic\",\"@id\":\"https:\\\/\\\/www.evropskakuca.me\\\/me\\\/#\\\/schema\\\/person\\\/7e16527119c7b67f457996b970f2bd6e\"},\"headline\":\"Izlo\u017eba &#8220;Izgubljeno djetinjstvo&#8221; otvorena na Cetinju\",\"datePublished\":\"2025-02-25T11:11:13+00:00\",\"dateModified\":\"2025-02-25T11:17:09+00:00\",\"mainEntityOfPage\":{\"@id\":\"https:\\\/\\\/www.evropskakuca.me\\\/me\\\/exhibition-lost-childhood-opens-in-cetinje\\\/\"},\"wordCount\":457,\"publisher\":{\"@id\":\"https:\\\/\\\/www.evropskakuca.me\\\/me\\\/#organization\"},\"image\":{\"@id\":\"https:\\\/\\\/www.evropskakuca.me\\\/me\\\/exhibition-lost-childhood-opens-in-cetinje\\\/#primaryimage\"},\"thumbnailUrl\":\"https:\\\/\\\/www.evropskakuca.me\\\/wp-content\\\/uploads\\\/2025\\\/02\\\/image00004.jpeg\",\"articleSection\":[\"Novosti\",\"Vesti\"],\"inLanguage\":\"me-ME\"},{\"@type\":\"WebPage\",\"@id\":\"https:\\\/\\\/www.evropskakuca.me\\\/me\\\/exhibition-lost-childhood-opens-in-cetinje\\\/\",\"url\":\"https:\\\/\\\/www.evropskakuca.me\\\/me\\\/exhibition-lost-childhood-opens-in-cetinje\\\/\",\"name\":\"Izlo\u017eba \\\"Izgubljeno djetinjstvo\\\" otvorena na Cetinju - Europe House\",\"isPartOf\":{\"@id\":\"https:\\\/\\\/www.evropskakuca.me\\\/me\\\/#website\"},\"primaryImageOfPage\":{\"@id\":\"https:\\\/\\\/www.evropskakuca.me\\\/me\\\/exhibition-lost-childhood-opens-in-cetinje\\\/#primaryimage\"},\"image\":{\"@id\":\"https:\\\/\\\/www.evropskakuca.me\\\/me\\\/exhibition-lost-childhood-opens-in-cetinje\\\/#primaryimage\"},\"thumbnailUrl\":\"https:\\\/\\\/www.evropskakuca.me\\\/wp-content\\\/uploads\\\/2025\\\/02\\\/image00004.jpeg\",\"datePublished\":\"2025-02-25T11:11:13+00:00\",\"dateModified\":\"2025-02-25T11:17:09+00:00\",\"breadcrumb\":{\"@id\":\"https:\\\/\\\/www.evropskakuca.me\\\/me\\\/exhibition-lost-childhood-opens-in-cetinje\\\/#breadcrumb\"},\"inLanguage\":\"me-ME\",\"potentialAction\":[{\"@type\":\"ReadAction\",\"target\":[\"https:\\\/\\\/www.evropskakuca.me\\\/me\\\/exhibition-lost-childhood-opens-in-cetinje\\\/\"]}]},{\"@type\":\"ImageObject\",\"inLanguage\":\"me-ME\",\"@id\":\"https:\\\/\\\/www.evropskakuca.me\\\/me\\\/exhibition-lost-childhood-opens-in-cetinje\\\/#primaryimage\",\"url\":\"https:\\\/\\\/www.evropskakuca.me\\\/wp-content\\\/uploads\\\/2025\\\/02\\\/image00004.jpeg\",\"contentUrl\":\"https:\\\/\\\/www.evropskakuca.me\\\/wp-content\\\/uploads\\\/2025\\\/02\\\/image00004.jpeg\",\"width\":1280,\"height\":853},{\"@type\":\"BreadcrumbList\",\"@id\":\"https:\\\/\\\/www.evropskakuca.me\\\/me\\\/exhibition-lost-childhood-opens-in-cetinje\\\/#breadcrumb\",\"itemListElement\":[{\"@type\":\"ListItem\",\"position\":1,\"name\":\"Home\",\"item\":\"https:\\\/\\\/www.evropskakuca.me\\\/me\\\/\"},{\"@type\":\"ListItem\",\"position\":2,\"name\":\"Izlo\u017eba &#8220;Izgubljeno djetinjstvo&#8221; otvorena na Cetinju\"}]},{\"@type\":\"WebSite\",\"@id\":\"https:\\\/\\\/www.evropskakuca.me\\\/me\\\/#website\",\"url\":\"https:\\\/\\\/www.evropskakuca.me\\\/me\\\/\",\"name\":\"Evropean house\",\"description\":\"\",\"publisher\":{\"@id\":\"https:\\\/\\\/www.evropskakuca.me\\\/me\\\/#organization\"},\"potentialAction\":[{\"@type\":\"SearchAction\",\"target\":{\"@type\":\"EntryPoint\",\"urlTemplate\":\"https:\\\/\\\/www.evropskakuca.me\\\/me\\\/?s={search_term_string}\"},\"query-input\":{\"@type\":\"PropertyValueSpecification\",\"valueRequired\":true,\"valueName\":\"search_term_string\"}}],\"inLanguage\":\"me-ME\"},{\"@type\":\"Organization\",\"@id\":\"https:\\\/\\\/www.evropskakuca.me\\\/me\\\/#organization\",\"name\":\"Evropean house\",\"url\":\"https:\\\/\\\/www.evropskakuca.me\\\/me\\\/\",\"logo\":{\"@type\":\"ImageObject\",\"inLanguage\":\"me-ME\",\"@id\":\"https:\\\/\\\/www.evropskakuca.me\\\/me\\\/#\\\/schema\\\/logo\\\/image\\\/\",\"url\":\"https:\\\/\\\/www.evropskakuca.me\\\/wp-content\\\/uploads\\\/2025\\\/01\\\/evropska-kuca-logo-1.png\",\"contentUrl\":\"https:\\\/\\\/www.evropskakuca.me\\\/wp-content\\\/uploads\\\/2025\\\/01\\\/evropska-kuca-logo-1.png\",\"width\":425,\"height\":312,\"caption\":\"Evropean house\"},\"image\":{\"@id\":\"https:\\\/\\\/www.evropskakuca.me\\\/me\\\/#\\\/schema\\\/logo\\\/image\\\/\"},\"sameAs\":[\"https:\\\/\\\/www.facebook.com\\\/evropska.kuca\",\"https:\\\/\\\/x.com\\\/evropska_kuca\",\"https:\\\/\\\/www.instagram.com\\\/evropska_kuca\"]},{\"@type\":\"Person\",\"@id\":\"https:\\\/\\\/www.evropskakuca.me\\\/me\\\/#\\\/schema\\\/person\\\/7e16527119c7b67f457996b970f2bd6e\",\"name\":\"Aleksandar Vukovic\",\"image\":{\"@type\":\"ImageObject\",\"inLanguage\":\"me-ME\",\"@id\":\"https:\\\/\\\/secure.gravatar.com\\\/avatar\\\/a1834e0104b0242a886079bde835ba36d80c70f9987a11f3ba33eb9e8d74cc15?s=96&d=mm&r=g\",\"url\":\"https:\\\/\\\/secure.gravatar.com\\\/avatar\\\/a1834e0104b0242a886079bde835ba36d80c70f9987a11f3ba33eb9e8d74cc15?s=96&d=mm&r=g\",\"contentUrl\":\"https:\\\/\\\/secure.gravatar.com\\\/avatar\\\/a1834e0104b0242a886079bde835ba36d80c70f9987a11f3ba33eb9e8d74cc15?s=96&d=mm&r=g\",\"caption\":\"Aleksandar Vukovic\"},\"url\":\"https:\\\/\\\/www.evropskakuca.me\\\/me\\\/author\\\/aleksandar\\\/\"}]}<\/script>\n<!-- \/ Yoast SEO plugin. -->","yoast_head_json":{"title":"Izlo\u017eba \"Izgubljeno djetinjstvo\" otvorena na Cetinju - Europe House","robots":{"index":"index","follow":"follow","max-snippet":"max-snippet:-1","max-image-preview":"max-image-preview:large","max-video-preview":"max-video-preview:-1"},"canonical":"https:\/\/www.evropskakuca.me\/me\/exhibition-lost-childhood-opens-in-cetinje\/","og_locale":"en_US","og_type":"article","og_title":"Izlo\u017eba \"Izgubljeno djetinjstvo\" otvorena na Cetinju - Europe House","og_description":"Obilje\u017eavanje tre\u0107e godi\u0161njice ruske invazije na Ukrajinu Delegacija Evropske unije u Crnoj Gori, Ambasada Ukrajine i Fakultet za crnogorski jezik i knji\u017eevnost otvorili su danas u prostorijama FCJK na Cetinju izlo\u017ebu fotografija&nbsp;Izgubljeno djetinjstvo, obilje\u017eavaju\u0107i tri godine od po\u010detka ruske invazije na Ukrajinu. Izlo\u017eba predstavlja emotivna svjedo\u010danstva o sudbini ukrajinske djece iz razli\u010ditih sredina koja su [&hellip;]","og_url":"https:\/\/www.evropskakuca.me\/me\/exhibition-lost-childhood-opens-in-cetinje\/","og_site_name":"Europe House","article_publisher":"https:\/\/www.facebook.com\/evropska.kuca","article_published_time":"2025-02-25T11:11:13+00:00","article_modified_time":"2025-02-25T11:17:09+00:00","og_image":[{"width":1280,"height":853,"url":"https:\/\/www.evropskakuca.me\/wp-content\/uploads\/2025\/02\/image00004.jpeg","type":"image\/jpeg"}],"author":"Aleksandar Vukovic","twitter_card":"summary_large_image","twitter_creator":"@evropska_kuca","twitter_site":"@evropska_kuca","twitter_misc":{"Written by":"Aleksandar Vukovic","Est. reading time":"3 minutes"},"schema":{"@context":"https:\/\/schema.org","@graph":[{"@type":"Article","@id":"https:\/\/www.evropskakuca.me\/me\/exhibition-lost-childhood-opens-in-cetinje\/#article","isPartOf":{"@id":"https:\/\/www.evropskakuca.me\/me\/exhibition-lost-childhood-opens-in-cetinje\/"},"author":{"name":"Aleksandar Vukovic","@id":"https:\/\/www.evropskakuca.me\/me\/#\/schema\/person\/7e16527119c7b67f457996b970f2bd6e"},"headline":"Izlo\u017eba &#8220;Izgubljeno djetinjstvo&#8221; otvorena na Cetinju","datePublished":"2025-02-25T11:11:13+00:00","dateModified":"2025-02-25T11:17:09+00:00","mainEntityOfPage":{"@id":"https:\/\/www.evropskakuca.me\/me\/exhibition-lost-childhood-opens-in-cetinje\/"},"wordCount":457,"publisher":{"@id":"https:\/\/www.evropskakuca.me\/me\/#organization"},"image":{"@id":"https:\/\/www.evropskakuca.me\/me\/exhibition-lost-childhood-opens-in-cetinje\/#primaryimage"},"thumbnailUrl":"https:\/\/www.evropskakuca.me\/wp-content\/uploads\/2025\/02\/image00004.jpeg","articleSection":["Novosti","Vesti"],"inLanguage":"me-ME"},{"@type":"WebPage","@id":"https:\/\/www.evropskakuca.me\/me\/exhibition-lost-childhood-opens-in-cetinje\/","url":"https:\/\/www.evropskakuca.me\/me\/exhibition-lost-childhood-opens-in-cetinje\/","name":"Izlo\u017eba \"Izgubljeno djetinjstvo\" otvorena na Cetinju - Europe House","isPartOf":{"@id":"https:\/\/www.evropskakuca.me\/me\/#website"},"primaryImageOfPage":{"@id":"https:\/\/www.evropskakuca.me\/me\/exhibition-lost-childhood-opens-in-cetinje\/#primaryimage"},"image":{"@id":"https:\/\/www.evropskakuca.me\/me\/exhibition-lost-childhood-opens-in-cetinje\/#primaryimage"},"thumbnailUrl":"https:\/\/www.evropskakuca.me\/wp-content\/uploads\/2025\/02\/image00004.jpeg","datePublished":"2025-02-25T11:11:13+00:00","dateModified":"2025-02-25T11:17:09+00:00","breadcrumb":{"@id":"https:\/\/www.evropskakuca.me\/me\/exhibition-lost-childhood-opens-in-cetinje\/#breadcrumb"},"inLanguage":"me-ME","potentialAction":[{"@type":"ReadAction","target":["https:\/\/www.evropskakuca.me\/me\/exhibition-lost-childhood-opens-in-cetinje\/"]}]},{"@type":"ImageObject","inLanguage":"me-ME","@id":"https:\/\/www.evropskakuca.me\/me\/exhibition-lost-childhood-opens-in-cetinje\/#primaryimage","url":"https:\/\/www.evropskakuca.me\/wp-content\/uploads\/2025\/02\/image00004.jpeg","contentUrl":"https:\/\/www.evropskakuca.me\/wp-content\/uploads\/2025\/02\/image00004.jpeg","width":1280,"height":853},{"@type":"BreadcrumbList","@id":"https:\/\/www.evropskakuca.me\/me\/exhibition-lost-childhood-opens-in-cetinje\/#breadcrumb","itemListElement":[{"@type":"ListItem","position":1,"name":"Home","item":"https:\/\/www.evropskakuca.me\/me\/"},{"@type":"ListItem","position":2,"name":"Izlo\u017eba &#8220;Izgubljeno djetinjstvo&#8221; otvorena na Cetinju"}]},{"@type":"WebSite","@id":"https:\/\/www.evropskakuca.me\/me\/#website","url":"https:\/\/www.evropskakuca.me\/me\/","name":"Evropean house","description":"","publisher":{"@id":"https:\/\/www.evropskakuca.me\/me\/#organization"},"potentialAction":[{"@type":"SearchAction","target":{"@type":"EntryPoint","urlTemplate":"https:\/\/www.evropskakuca.me\/me\/?s={search_term_string}"},"query-input":{"@type":"PropertyValueSpecification","valueRequired":true,"valueName":"search_term_string"}}],"inLanguage":"me-ME"},{"@type":"Organization","@id":"https:\/\/www.evropskakuca.me\/me\/#organization","name":"Evropean house","url":"https:\/\/www.evropskakuca.me\/me\/","logo":{"@type":"ImageObject","inLanguage":"me-ME","@id":"https:\/\/www.evropskakuca.me\/me\/#\/schema\/logo\/image\/","url":"https:\/\/www.evropskakuca.me\/wp-content\/uploads\/2025\/01\/evropska-kuca-logo-1.png","contentUrl":"https:\/\/www.evropskakuca.me\/wp-content\/uploads\/2025\/01\/evropska-kuca-logo-1.png","width":425,"height":312,"caption":"Evropean house"},"image":{"@id":"https:\/\/www.evropskakuca.me\/me\/#\/schema\/logo\/image\/"},"sameAs":["https:\/\/www.facebook.com\/evropska.kuca","https:\/\/x.com\/evropska_kuca","https:\/\/www.instagram.com\/evropska_kuca"]},{"@type":"Person","@id":"https:\/\/www.evropskakuca.me\/me\/#\/schema\/person\/7e16527119c7b67f457996b970f2bd6e","name":"Aleksandar Vukovic","image":{"@type":"ImageObject","inLanguage":"me-ME","@id":"https:\/\/secure.gravatar.com\/avatar\/a1834e0104b0242a886079bde835ba36d80c70f9987a11f3ba33eb9e8d74cc15?s=96&d=mm&r=g","url":"https:\/\/secure.gravatar.com\/avatar\/a1834e0104b0242a886079bde835ba36d80c70f9987a11f3ba33eb9e8d74cc15?s=96&d=mm&r=g","contentUrl":"https:\/\/secure.gravatar.com\/avatar\/a1834e0104b0242a886079bde835ba36d80c70f9987a11f3ba33eb9e8d74cc15?s=96&d=mm&r=g","caption":"Aleksandar Vukovic"},"url":"https:\/\/www.evropskakuca.me\/me\/author\/aleksandar\/"}]}},"_links":{"self":[{"href":"https:\/\/www.evropskakuca.me\/me\/wp-json\/wp\/v2\/posts\/43290","targetHints":{"allow":["GET"]}}],"collection":[{"href":"https:\/\/www.evropskakuca.me\/me\/wp-json\/wp\/v2\/posts"}],"about":[{"href":"https:\/\/www.evropskakuca.me\/me\/wp-json\/wp\/v2\/types\/post"}],"author":[{"embeddable":true,"href":"https:\/\/www.evropskakuca.me\/me\/wp-json\/wp\/v2\/users\/3"}],"replies":[{"embeddable":true,"href":"https:\/\/www.evropskakuca.me\/me\/wp-json\/wp\/v2\/comments?post=43290"}],"version-history":[{"count":1,"href":"https:\/\/www.evropskakuca.me\/me\/wp-json\/wp\/v2\/posts\/43290\/revisions"}],"predecessor-version":[{"id":43292,"href":"https:\/\/www.evropskakuca.me\/me\/wp-json\/wp\/v2\/posts\/43290\/revisions\/43292"}],"wp:featuredmedia":[{"embeddable":true,"href":"https:\/\/www.evropskakuca.me\/me\/wp-json\/wp\/v2\/media\/43281"}],"wp:attachment":[{"href":"https:\/\/www.evropskakuca.me\/me\/wp-json\/wp\/v2\/media?parent=43290"}],"wp:term":[{"taxonomy":"category","embeddable":true,"href":"https:\/\/www.evropskakuca.me\/me\/wp-json\/wp\/v2\/categories?post=43290"},{"taxonomy":"post_tag","embeddable":true,"href":"https:\/\/www.evropskakuca.me\/me\/wp-json\/wp\/v2\/tags?post=43290"}],"curies":[{"name":"wp","href":"https:\/\/api.w.org\/{rel}","templated":true}]}}