{"id":4323,"date":"2017-12-01T13:18:36","date_gmt":"2017-12-01T13:18:36","guid":{"rendered":"http:\/\/www.evropskakuca.me\/me\/?p=4323"},"modified":"2017-12-01T13:18:36","modified_gmt":"2017-12-01T13:18:36","slug":"pravo-na-zdravlje-imaju-svi","status":"publish","type":"post","link":"https:\/\/www.evropskakuca.me\/me\/pravo-na-zdravlje-imaju-svi\/","title":{"rendered":"Pravo na zdravlje imaju svi"},"content":{"rendered":"<p>PODGORICA, 1. decembar 2017. &#8211; Pravo na zdravlje je univerzalno pravo i neotu\u0111ivo i njegovo po\u0161tovanje je preduslov da bi se ostvario najvi\u0161i standard zdravlja i \u017eivota za osobe koje \u017eive sa HIV-om, poru\u010deno je sa konferencije koja je uprili\u010dena u EU info centru povodom Svjetskog dana borbe protiv side.<\/p>\n<p><img fetchpriority=\"high\" decoding=\"async\" class=\"alignleft wp-image-4331 size-medium\" src=\"http:\/\/www.evropskakuca.me\/wp-content\/uploads\/2017\/12\/171201_health_up-3-300x200.jpg\" alt=\"\" width=\"300\" height=\"200\" \/><\/p>\n<p>\u201ePravo na zdravlje\u201c upravo je slogan pod kojim se \u0161irom svijeta obilje\u017eava dan borbe protiv side. Kako su saop\u0161tili iz Dru\u0161tva za borbu protiv side Crne Gore (CAZAS), u okviru lokalne kampanje ve\u0107 su distribuirali hiljade primjeraka edukativnog materijala i kondoma, organizovali predavanja i tribine za 800 mladih ljudi, a 1. decembra uve\u010de bi\u0107e odr\u017ean i humanitarni koncert na kojem \u0107e nastupiti Tijana Dap\u010devi\u0107, koja se i sama aktivno uklju\u010dila u kampanju.<\/p>\n<p>\u201eSvakog 1. decembra za sve ljude koji su izgubili bitku sa ovom bole\u0161\u0107u imam obi\u010daj da odem da zapalim svije\u0107u u nekoj od obli\u017enjih crkava. Ja ina\u010de imam dva druga koja su oti\u0161la na onaj svijet jer su bili bolesni od AIDS-a &#8211; Vojkan i Bo\u017ea\u201c, kazala je Dap\u010devi\u0107 na konferenciji.<\/p>\n<p><img decoding=\"async\" class=\"alignright wp-image-4338 size-medium\" src=\"http:\/\/www.evropskakuca.me\/wp-content\/uploads\/2017\/12\/171201_health_up-1-e1512134130696-276x300.jpg\" alt=\"\" width=\"276\" height=\"300\" \/>Prema njenim rije\u010dima, neznanje je ono \u0161to pokosi ljude koji obole od AIDS-a. \u201eSvi imamo pravo na zdravlje i svi imamo pravo na edukaciju koja je u\u017easno bitna kod ove bolesti. Svi smo svjedoci da svugdje u regionu, ne samo ovdje nego i u zemlji iz koje dolazim i gdje sam ro\u0111ena, ljudi \u017eive u srednjem veku. HIV kao takav je bauk\u201c, kazala je Dap\u010devi\u0107, nagla\u0161avaju\u0107i da je preventiva klju\u010dna. \u00a0\u201eSvi znamo da je preventiva ono \u0161to je najbitnije u cijeloj pri\u010di. Ta gumica mo\u017ee da spasi \u017eivot. Puno puta je spasila \u017eivot\u201c, rekla je ona.<\/p>\n<p>U Crnoj Gori, HIV infekcija je prisutna, ali, prema rije\u010dima dr Alma Dre\u0161evi\u0107, direktorice za zdravstvenu za\u0161titu u Ministarstvu zdravlja, ona je pod kontrolom. Kako je dodala, Crna Gora je dr\u017eava sa jednom od najni\u017eih stopa prevalencije u regionu i iznosi oko 0,03 odsto.<\/p>\n<p>Prema podacima Instituta za javno zdravlje, tokom 2016. godine, u Crnoj Gori registrovana su 34 nova slu\u010daja infekcije, a preliminarni podaci pokazuju da je tokom ove godine regostrovano njih jo\u0161 20. Ukupan broj oboljelih u Crnoj Gori od ove bolesti je 180.<\/p>\n<p>Prema dostupnim informacijama UNAIDS-a, u 2016. godini u svijetu je bilo 36,7 miliona osoba koji \u017eive sa HIV-om.<\/p>\n<p><img decoding=\"async\" class=\"alignleft wp-image-4327 size-medium\" src=\"http:\/\/www.evropskakuca.me\/wp-content\/uploads\/2017\/12\/171201_health_up-9-300x200.jpg\" alt=\"\" width=\"300\" height=\"200\" \/>Iz Ministarstva zdravlja su upozorili da infektivni potencijal i prisutni socijalni faktori koji mogu uticati da se ova infekcija otme kontroli obavezuju na oprez i tra\u017ee od crnogorskog zdravstva i dru\u0161tva jo\u0161 ve\u0107e napore i anga\u017eman.<\/p>\n<p>Nakon konferencije odr\u017eana je panel diskusija na temu koliko je Crna Gora efikasna u kontroli HIV\/AIDS-a u kojoj su osim predstavnica CAZAS-a i Ministarstva zdravlja, u\u010destvovali i dr Aleksandra MARJANOVI\u0106 iz Savjetovali\u0161ta za dobrovoljno i besplatno savjetovanje i testiranje na HIV, dr Alma \u010cI\u010cI\u0106 iz Instituta za javno zdravlje i Biljana ZEKOVI\u0106 iz organizacije SoS Telefon.<\/p>\n<p><img loading=\"lazy\" decoding=\"async\" class=\"alignleft wp-image-4340 size-large\" src=\"http:\/\/www.evropskakuca.me\/wp-content\/uploads\/2017\/12\/171201_health_up-10-2-1024x683.jpg\" alt=\"\" width=\"1024\" height=\"683\" \/>Panel diskusija organizovana je u okviru projekta \u201eHealthUP\u201c \u010diji je cilj ja\u010danje partnerskog dijaloga i saradnje izme\u0111u vladinog i nevladinog sektora u oblasti zdravstva, a koji finansira Evropska unija.<\/p>\n","protected":false},"excerpt":{"rendered":"<p>U EUIC-u obilje\u017een Svjetski dan borbe protiv side<\/p>\n","protected":false},"author":1,"featured_media":33092,"comment_status":"open","ping_status":"open","sticky":false,"template":"","format":"standard","meta":{"_acf_changed":false,"footnotes":""},"categories":[],"tags":[],"class_list":["post-4323","post","type-post","status-publish","format-standard","has-post-thumbnail","hentry"],"acf":[],"yoast_head":"<!-- This site is optimized with the Yoast SEO plugin v27.3 - https:\/\/yoast.com\/product\/yoast-seo-wordpress\/ -->\n<title>Pravo na zdravlje imaju svi - Europe House<\/title>\n<meta name=\"robots\" content=\"index, follow, max-snippet:-1, max-image-preview:large, max-video-preview:-1\" \/>\n<link rel=\"canonical\" href=\"https:\/\/www.evropskakuca.me\/me\/pravo-na-zdravlje-imaju-svi\/\" \/>\n<meta property=\"og:locale\" content=\"en_US\" \/>\n<meta property=\"og:type\" content=\"article\" \/>\n<meta property=\"og:title\" content=\"Pravo na zdravlje imaju svi - Europe House\" \/>\n<meta property=\"og:description\" content=\"U EUIC-u obilje\u017een Svjetski dan borbe protiv side\" \/>\n<meta property=\"og:url\" content=\"https:\/\/www.evropskakuca.me\/me\/pravo-na-zdravlje-imaju-svi\/\" \/>\n<meta property=\"og:site_name\" content=\"Europe House\" \/>\n<meta property=\"article:publisher\" content=\"https:\/\/www.facebook.com\/evropska.kuca\" \/>\n<meta property=\"article:published_time\" content=\"2017-12-01T13:18:36+00:00\" \/>\n<meta property=\"og:image\" content=\"https:\/\/www.evropskakuca.me\/wp-content\/uploads\/2017\/12\/171201_health_up-2-1024x683.jpg\" \/>\n\t<meta property=\"og:image:width\" content=\"1024\" \/>\n\t<meta property=\"og:image:height\" content=\"683\" \/>\n\t<meta property=\"og:image:type\" content=\"image\/jpeg\" \/>\n<meta name=\"author\" content=\"mkajic\" \/>\n<meta name=\"twitter:card\" content=\"summary_large_image\" \/>\n<meta name=\"twitter:creator\" content=\"@evropska_kuca\" \/>\n<meta name=\"twitter:site\" content=\"@evropska_kuca\" \/>\n<meta name=\"twitter:label1\" content=\"Written by\" \/>\n\t<meta name=\"twitter:data1\" content=\"mkajic\" \/>\n\t<meta name=\"twitter:label2\" content=\"Est. reading time\" \/>\n\t<meta name=\"twitter:data2\" content=\"3 minutes\" \/>\n<script type=\"application\/ld+json\" class=\"yoast-schema-graph\">{\"@context\":\"https:\\\/\\\/schema.org\",\"@graph\":[{\"@type\":\"Article\",\"@id\":\"https:\\\/\\\/www.evropskakuca.me\\\/me\\\/pravo-na-zdravlje-imaju-svi\\\/#article\",\"isPartOf\":{\"@id\":\"https:\\\/\\\/www.evropskakuca.me\\\/me\\\/pravo-na-zdravlje-imaju-svi\\\/\"},\"author\":{\"name\":\"mkajic\",\"@id\":\"https:\\\/\\\/www.evropskakuca.me\\\/me\\\/#\\\/schema\\\/person\\\/a1d0dcdaefe4a1cd1d60d200ea137ba4\"},\"headline\":\"Pravo na zdravlje imaju svi\",\"datePublished\":\"2017-12-01T13:18:36+00:00\",\"mainEntityOfPage\":{\"@id\":\"https:\\\/\\\/www.evropskakuca.me\\\/me\\\/pravo-na-zdravlje-imaju-svi\\\/\"},\"wordCount\":534,\"commentCount\":0,\"publisher\":{\"@id\":\"https:\\\/\\\/www.evropskakuca.me\\\/me\\\/#organization\"},\"image\":{\"@id\":\"https:\\\/\\\/www.evropskakuca.me\\\/me\\\/pravo-na-zdravlje-imaju-svi\\\/#primaryimage\"},\"thumbnailUrl\":\"https:\\\/\\\/www.evropskakuca.me\\\/wp-content\\\/uploads\\\/2017\\\/12\\\/171201_health_up-2.jpg\",\"inLanguage\":\"me-ME\",\"potentialAction\":[{\"@type\":\"CommentAction\",\"name\":\"Comment\",\"target\":[\"https:\\\/\\\/www.evropskakuca.me\\\/me\\\/pravo-na-zdravlje-imaju-svi\\\/#respond\"]}]},{\"@type\":\"WebPage\",\"@id\":\"https:\\\/\\\/www.evropskakuca.me\\\/me\\\/pravo-na-zdravlje-imaju-svi\\\/\",\"url\":\"https:\\\/\\\/www.evropskakuca.me\\\/me\\\/pravo-na-zdravlje-imaju-svi\\\/\",\"name\":\"Pravo na zdravlje imaju svi - Europe House\",\"isPartOf\":{\"@id\":\"https:\\\/\\\/www.evropskakuca.me\\\/me\\\/#website\"},\"primaryImageOfPage\":{\"@id\":\"https:\\\/\\\/www.evropskakuca.me\\\/me\\\/pravo-na-zdravlje-imaju-svi\\\/#primaryimage\"},\"image\":{\"@id\":\"https:\\\/\\\/www.evropskakuca.me\\\/me\\\/pravo-na-zdravlje-imaju-svi\\\/#primaryimage\"},\"thumbnailUrl\":\"https:\\\/\\\/www.evropskakuca.me\\\/wp-content\\\/uploads\\\/2017\\\/12\\\/171201_health_up-2.jpg\",\"datePublished\":\"2017-12-01T13:18:36+00:00\",\"breadcrumb\":{\"@id\":\"https:\\\/\\\/www.evropskakuca.me\\\/me\\\/pravo-na-zdravlje-imaju-svi\\\/#breadcrumb\"},\"inLanguage\":\"me-ME\",\"potentialAction\":[{\"@type\":\"ReadAction\",\"target\":[\"https:\\\/\\\/www.evropskakuca.me\\\/me\\\/pravo-na-zdravlje-imaju-svi\\\/\"]}]},{\"@type\":\"ImageObject\",\"inLanguage\":\"me-ME\",\"@id\":\"https:\\\/\\\/www.evropskakuca.me\\\/me\\\/pravo-na-zdravlje-imaju-svi\\\/#primaryimage\",\"url\":\"https:\\\/\\\/www.evropskakuca.me\\\/wp-content\\\/uploads\\\/2017\\\/12\\\/171201_health_up-2.jpg\",\"contentUrl\":\"https:\\\/\\\/www.evropskakuca.me\\\/wp-content\\\/uploads\\\/2017\\\/12\\\/171201_health_up-2.jpg\",\"width\":2028,\"height\":1352},{\"@type\":\"BreadcrumbList\",\"@id\":\"https:\\\/\\\/www.evropskakuca.me\\\/me\\\/pravo-na-zdravlje-imaju-svi\\\/#breadcrumb\",\"itemListElement\":[{\"@type\":\"ListItem\",\"position\":1,\"name\":\"Home\",\"item\":\"https:\\\/\\\/www.evropskakuca.me\\\/me\\\/\"},{\"@type\":\"ListItem\",\"position\":2,\"name\":\"Pravo na zdravlje imaju svi\"}]},{\"@type\":\"WebSite\",\"@id\":\"https:\\\/\\\/www.evropskakuca.me\\\/me\\\/#website\",\"url\":\"https:\\\/\\\/www.evropskakuca.me\\\/me\\\/\",\"name\":\"Evropean house\",\"description\":\"\",\"publisher\":{\"@id\":\"https:\\\/\\\/www.evropskakuca.me\\\/me\\\/#organization\"},\"potentialAction\":[{\"@type\":\"SearchAction\",\"target\":{\"@type\":\"EntryPoint\",\"urlTemplate\":\"https:\\\/\\\/www.evropskakuca.me\\\/me\\\/?s={search_term_string}\"},\"query-input\":{\"@type\":\"PropertyValueSpecification\",\"valueRequired\":true,\"valueName\":\"search_term_string\"}}],\"inLanguage\":\"me-ME\"},{\"@type\":\"Organization\",\"@id\":\"https:\\\/\\\/www.evropskakuca.me\\\/me\\\/#organization\",\"name\":\"Evropean house\",\"url\":\"https:\\\/\\\/www.evropskakuca.me\\\/me\\\/\",\"logo\":{\"@type\":\"ImageObject\",\"inLanguage\":\"me-ME\",\"@id\":\"https:\\\/\\\/www.evropskakuca.me\\\/me\\\/#\\\/schema\\\/logo\\\/image\\\/\",\"url\":\"https:\\\/\\\/www.evropskakuca.me\\\/wp-content\\\/uploads\\\/2025\\\/01\\\/evropska-kuca-logo-1.png\",\"contentUrl\":\"https:\\\/\\\/www.evropskakuca.me\\\/wp-content\\\/uploads\\\/2025\\\/01\\\/evropska-kuca-logo-1.png\",\"width\":425,\"height\":312,\"caption\":\"Evropean house\"},\"image\":{\"@id\":\"https:\\\/\\\/www.evropskakuca.me\\\/me\\\/#\\\/schema\\\/logo\\\/image\\\/\"},\"sameAs\":[\"https:\\\/\\\/www.facebook.com\\\/evropska.kuca\",\"https:\\\/\\\/x.com\\\/evropska_kuca\",\"https:\\\/\\\/www.instagram.com\\\/evropska_kuca\"]},{\"@type\":\"Person\",\"@id\":\"https:\\\/\\\/www.evropskakuca.me\\\/me\\\/#\\\/schema\\\/person\\\/a1d0dcdaefe4a1cd1d60d200ea137ba4\",\"name\":\"mkajic\",\"image\":{\"@type\":\"ImageObject\",\"inLanguage\":\"me-ME\",\"@id\":\"https:\\\/\\\/secure.gravatar.com\\\/avatar\\\/731fa035cefab7316e6bafd1f25a93fb731a07de14e2d9923f8db4422628eabc?s=96&d=mm&r=g\",\"url\":\"https:\\\/\\\/secure.gravatar.com\\\/avatar\\\/731fa035cefab7316e6bafd1f25a93fb731a07de14e2d9923f8db4422628eabc?s=96&d=mm&r=g\",\"contentUrl\":\"https:\\\/\\\/secure.gravatar.com\\\/avatar\\\/731fa035cefab7316e6bafd1f25a93fb731a07de14e2d9923f8db4422628eabc?s=96&d=mm&r=g\",\"caption\":\"mkajic\"},\"sameAs\":[\"https:\\\/\\\/evropskakuca.me\"],\"url\":\"https:\\\/\\\/www.evropskakuca.me\\\/me\\\/author\\\/mkajic\\\/\"}]}<\/script>\n<!-- \/ Yoast SEO plugin. -->","yoast_head_json":{"title":"Pravo na zdravlje imaju svi - Europe House","robots":{"index":"index","follow":"follow","max-snippet":"max-snippet:-1","max-image-preview":"max-image-preview:large","max-video-preview":"max-video-preview:-1"},"canonical":"https:\/\/www.evropskakuca.me\/me\/pravo-na-zdravlje-imaju-svi\/","og_locale":"en_US","og_type":"article","og_title":"Pravo na zdravlje imaju svi - Europe House","og_description":"U EUIC-u obilje\u017een Svjetski dan borbe protiv side","og_url":"https:\/\/www.evropskakuca.me\/me\/pravo-na-zdravlje-imaju-svi\/","og_site_name":"Europe House","article_publisher":"https:\/\/www.facebook.com\/evropska.kuca","article_published_time":"2017-12-01T13:18:36+00:00","og_image":[{"width":1024,"height":683,"url":"https:\/\/www.evropskakuca.me\/wp-content\/uploads\/2017\/12\/171201_health_up-2-1024x683.jpg","type":"image\/jpeg"}],"author":"mkajic","twitter_card":"summary_large_image","twitter_creator":"@evropska_kuca","twitter_site":"@evropska_kuca","twitter_misc":{"Written by":"mkajic","Est. reading time":"3 minutes"},"schema":{"@context":"https:\/\/schema.org","@graph":[{"@type":"Article","@id":"https:\/\/www.evropskakuca.me\/me\/pravo-na-zdravlje-imaju-svi\/#article","isPartOf":{"@id":"https:\/\/www.evropskakuca.me\/me\/pravo-na-zdravlje-imaju-svi\/"},"author":{"name":"mkajic","@id":"https:\/\/www.evropskakuca.me\/me\/#\/schema\/person\/a1d0dcdaefe4a1cd1d60d200ea137ba4"},"headline":"Pravo na zdravlje imaju svi","datePublished":"2017-12-01T13:18:36+00:00","mainEntityOfPage":{"@id":"https:\/\/www.evropskakuca.me\/me\/pravo-na-zdravlje-imaju-svi\/"},"wordCount":534,"commentCount":0,"publisher":{"@id":"https:\/\/www.evropskakuca.me\/me\/#organization"},"image":{"@id":"https:\/\/www.evropskakuca.me\/me\/pravo-na-zdravlje-imaju-svi\/#primaryimage"},"thumbnailUrl":"https:\/\/www.evropskakuca.me\/wp-content\/uploads\/2017\/12\/171201_health_up-2.jpg","inLanguage":"me-ME","potentialAction":[{"@type":"CommentAction","name":"Comment","target":["https:\/\/www.evropskakuca.me\/me\/pravo-na-zdravlje-imaju-svi\/#respond"]}]},{"@type":"WebPage","@id":"https:\/\/www.evropskakuca.me\/me\/pravo-na-zdravlje-imaju-svi\/","url":"https:\/\/www.evropskakuca.me\/me\/pravo-na-zdravlje-imaju-svi\/","name":"Pravo na zdravlje imaju svi - Europe House","isPartOf":{"@id":"https:\/\/www.evropskakuca.me\/me\/#website"},"primaryImageOfPage":{"@id":"https:\/\/www.evropskakuca.me\/me\/pravo-na-zdravlje-imaju-svi\/#primaryimage"},"image":{"@id":"https:\/\/www.evropskakuca.me\/me\/pravo-na-zdravlje-imaju-svi\/#primaryimage"},"thumbnailUrl":"https:\/\/www.evropskakuca.me\/wp-content\/uploads\/2017\/12\/171201_health_up-2.jpg","datePublished":"2017-12-01T13:18:36+00:00","breadcrumb":{"@id":"https:\/\/www.evropskakuca.me\/me\/pravo-na-zdravlje-imaju-svi\/#breadcrumb"},"inLanguage":"me-ME","potentialAction":[{"@type":"ReadAction","target":["https:\/\/www.evropskakuca.me\/me\/pravo-na-zdravlje-imaju-svi\/"]}]},{"@type":"ImageObject","inLanguage":"me-ME","@id":"https:\/\/www.evropskakuca.me\/me\/pravo-na-zdravlje-imaju-svi\/#primaryimage","url":"https:\/\/www.evropskakuca.me\/wp-content\/uploads\/2017\/12\/171201_health_up-2.jpg","contentUrl":"https:\/\/www.evropskakuca.me\/wp-content\/uploads\/2017\/12\/171201_health_up-2.jpg","width":2028,"height":1352},{"@type":"BreadcrumbList","@id":"https:\/\/www.evropskakuca.me\/me\/pravo-na-zdravlje-imaju-svi\/#breadcrumb","itemListElement":[{"@type":"ListItem","position":1,"name":"Home","item":"https:\/\/www.evropskakuca.me\/me\/"},{"@type":"ListItem","position":2,"name":"Pravo na zdravlje imaju svi"}]},{"@type":"WebSite","@id":"https:\/\/www.evropskakuca.me\/me\/#website","url":"https:\/\/www.evropskakuca.me\/me\/","name":"Evropean house","description":"","publisher":{"@id":"https:\/\/www.evropskakuca.me\/me\/#organization"},"potentialAction":[{"@type":"SearchAction","target":{"@type":"EntryPoint","urlTemplate":"https:\/\/www.evropskakuca.me\/me\/?s={search_term_string}"},"query-input":{"@type":"PropertyValueSpecification","valueRequired":true,"valueName":"search_term_string"}}],"inLanguage":"me-ME"},{"@type":"Organization","@id":"https:\/\/www.evropskakuca.me\/me\/#organization","name":"Evropean house","url":"https:\/\/www.evropskakuca.me\/me\/","logo":{"@type":"ImageObject","inLanguage":"me-ME","@id":"https:\/\/www.evropskakuca.me\/me\/#\/schema\/logo\/image\/","url":"https:\/\/www.evropskakuca.me\/wp-content\/uploads\/2025\/01\/evropska-kuca-logo-1.png","contentUrl":"https:\/\/www.evropskakuca.me\/wp-content\/uploads\/2025\/01\/evropska-kuca-logo-1.png","width":425,"height":312,"caption":"Evropean house"},"image":{"@id":"https:\/\/www.evropskakuca.me\/me\/#\/schema\/logo\/image\/"},"sameAs":["https:\/\/www.facebook.com\/evropska.kuca","https:\/\/x.com\/evropska_kuca","https:\/\/www.instagram.com\/evropska_kuca"]},{"@type":"Person","@id":"https:\/\/www.evropskakuca.me\/me\/#\/schema\/person\/a1d0dcdaefe4a1cd1d60d200ea137ba4","name":"mkajic","image":{"@type":"ImageObject","inLanguage":"me-ME","@id":"https:\/\/secure.gravatar.com\/avatar\/731fa035cefab7316e6bafd1f25a93fb731a07de14e2d9923f8db4422628eabc?s=96&d=mm&r=g","url":"https:\/\/secure.gravatar.com\/avatar\/731fa035cefab7316e6bafd1f25a93fb731a07de14e2d9923f8db4422628eabc?s=96&d=mm&r=g","contentUrl":"https:\/\/secure.gravatar.com\/avatar\/731fa035cefab7316e6bafd1f25a93fb731a07de14e2d9923f8db4422628eabc?s=96&d=mm&r=g","caption":"mkajic"},"sameAs":["https:\/\/evropskakuca.me"],"url":"https:\/\/www.evropskakuca.me\/me\/author\/mkajic\/"}]}},"_links":{"self":[{"href":"https:\/\/www.evropskakuca.me\/me\/wp-json\/wp\/v2\/posts\/4323","targetHints":{"allow":["GET"]}}],"collection":[{"href":"https:\/\/www.evropskakuca.me\/me\/wp-json\/wp\/v2\/posts"}],"about":[{"href":"https:\/\/www.evropskakuca.me\/me\/wp-json\/wp\/v2\/types\/post"}],"author":[{"embeddable":true,"href":"https:\/\/www.evropskakuca.me\/me\/wp-json\/wp\/v2\/users\/1"}],"replies":[{"embeddable":true,"href":"https:\/\/www.evropskakuca.me\/me\/wp-json\/wp\/v2\/comments?post=4323"}],"version-history":[{"count":0,"href":"https:\/\/www.evropskakuca.me\/me\/wp-json\/wp\/v2\/posts\/4323\/revisions"}],"wp:featuredmedia":[{"embeddable":true,"href":"https:\/\/www.evropskakuca.me\/me\/wp-json\/wp\/v2\/media\/33092"}],"wp:attachment":[{"href":"https:\/\/www.evropskakuca.me\/me\/wp-json\/wp\/v2\/media?parent=4323"}],"wp:term":[{"taxonomy":"category","embeddable":true,"href":"https:\/\/www.evropskakuca.me\/me\/wp-json\/wp\/v2\/categories?post=4323"},{"taxonomy":"post_tag","embeddable":true,"href":"https:\/\/www.evropskakuca.me\/me\/wp-json\/wp\/v2\/tags?post=4323"}],"curies":[{"name":"wp","href":"https:\/\/api.w.org\/{rel}","templated":true}]}}