{"id":43086,"date":"2025-02-20T11:06:34","date_gmt":"2025-02-20T11:06:34","guid":{"rendered":"https:\/\/www.evropskakuca.me\/?p=43086"},"modified":"2025-02-20T12:03:53","modified_gmt":"2025-02-20T12:03:53","slug":"osnazen-institut-za-ljekove-cg-uz-eu-podrsku","status":"publish","type":"post","link":"https:\/\/www.evropskakuca.me\/me\/osnazen-institut-za-ljekove-cg-uz-eu-podrsku\/","title":{"rendered":"Osna\u017een Institut za ljekove CG uz EU podr\u0161ku"},"content":{"rendered":"\n<p>Twinning Light projekat pod nazivom \u201eJa\u010danje administrativnih kapaciteta Instituta za ljekove i medicinska sredstva Crne Gore u skladu sa zahtjevima procesa pristupanja EU\u201c zvani\u010dno je pokrenut. <\/p>\n\n\n\n<p>Ovaj projekat je jo\u0161 jedan zna\u010dajan korak na evropskom putu Crne Gore, koji ima za cilj pobolj\u0161anje institucionalnih kapaciteta Instituta za ljekove i medicinska sredstva (CInMED) i njegovu pripremu za aktivno u\u010de\u0161\u0107e u evropskim radnim grupama i stru\u010dnim tijelima, kao i za sprovo\u0111enje evropskih procedura odobravanja ljekova i nadzora u proizvodnji i prometu ljekova.<\/p>\n\n\n\n<figure class=\"wp-block-gallery has-nested-images columns-default is-cropped wp-block-gallery-1 is-layout-flex wp-block-gallery-is-layout-flex\">\n<figure class=\"wp-block-image size-large\"><img fetchpriority=\"high\" decoding=\"async\" width=\"1024\" height=\"683\" data-id=\"43091\" src=\"https:\/\/www.evropskakuca.me\/wp-content\/uploads\/2025\/02\/FRO_7931-1024x683.jpg\" alt=\"\" class=\"wp-image-43091\" srcset=\"https:\/\/www.evropskakuca.me\/wp-content\/uploads\/2025\/02\/FRO_7931-1024x683.jpg 1024w, https:\/\/www.evropskakuca.me\/wp-content\/uploads\/2025\/02\/FRO_7931-300x200.jpg 300w, https:\/\/www.evropskakuca.me\/wp-content\/uploads\/2025\/02\/FRO_7931-768x512.jpg 768w, https:\/\/www.evropskakuca.me\/wp-content\/uploads\/2025\/02\/FRO_7931-1536x1024.jpg 1536w, https:\/\/www.evropskakuca.me\/wp-content\/uploads\/2025\/02\/FRO_7931-2048x1365.jpg 2048w\" sizes=\"(max-width: 1024px) 100vw, 1024px\" \/><\/figure>\n\n\n\n<figure class=\"wp-block-image size-large\"><img decoding=\"async\" width=\"1024\" height=\"683\" data-id=\"43089\" src=\"https:\/\/www.evropskakuca.me\/wp-content\/uploads\/2025\/02\/FRO_8033-1024x683.jpg\" alt=\"\" class=\"wp-image-43089\" srcset=\"https:\/\/www.evropskakuca.me\/wp-content\/uploads\/2025\/02\/FRO_8033-1024x683.jpg 1024w, https:\/\/www.evropskakuca.me\/wp-content\/uploads\/2025\/02\/FRO_8033-300x200.jpg 300w, https:\/\/www.evropskakuca.me\/wp-content\/uploads\/2025\/02\/FRO_8033-768x512.jpg 768w, https:\/\/www.evropskakuca.me\/wp-content\/uploads\/2025\/02\/FRO_8033-1536x1024.jpg 1536w, https:\/\/www.evropskakuca.me\/wp-content\/uploads\/2025\/02\/FRO_8033-2048x1365.jpg 2048w\" sizes=\"(max-width: 1024px) 100vw, 1024px\" \/><\/figure>\n<\/figure>\n\n\n\n<p>Projekat koji \u0107e trajati 11 mjeseci pokrenut je kao rezultat saradnje izme\u0111u <strong>Instituta za ljekove i medicinska sredstva Crne Gore<\/strong> i <strong>Agencije za ljekove Malte<\/strong>, a finansiran je iz sredstava Evropske unije u vrijednosti od 250.000 eura. Komponente projekta usmjerene su na dalje osna\u017eivanje stru\u010dnih kapaciteta Instituta kroz implementaciju savremenih evropskih praksi i standarda, \u0161to \u0107e pozitivno uticati na razvoj tr\u017ei\u0161ta ljekova i medicinskih sredstava, a time i unapre\u0111enje zdravstvene za\u0161tite gra\u0111ana Crne Gore.<\/p>\n\n\n\n<p>\u201e<em>Danas pravimo va\u017ean korak na putu Crne Gore ka \u010dlanstvu u EU, pokretanjem Tvining projekta koji \u0107e pomo\u0107i zatvaranju Poglavlja 1 &#8211; Sloboda kretanja robe. Ovo \u0107e ne samo oja\u010dati regulatorni okvir za farmaceutsku industriju, ve\u0107 i donijeti konkretne koristi gra\u0111anima kroz bolji sistem zdravstva. Zahvalan sam predstavnicima institucija sa Malte \u0161to poma\u017eu crnogorskim ministrarstvu i Institutu za ljekove i medicinska sredstva. Mislim da je to pravi duh Tima Evrope &#8211; zajedno mo\u017eemo podr\u017eati Crnu Goru u njenom ambicioznom planu da dostigne evropske standarde i priklju\u010di se Evropskoj uniji<\/em>\u201c, izjavio je ambasador Evropske unije u Crnoj Gori, gospodin Johan Satler.<\/p>\n\n\n\n<figure class=\"wp-block-image size-large\"><img decoding=\"async\" width=\"1024\" height=\"683\" src=\"https:\/\/www.evropskakuca.me\/wp-content\/uploads\/2025\/02\/FRO_8285-1024x683.jpg\" alt=\"\" class=\"wp-image-43093\" srcset=\"https:\/\/www.evropskakuca.me\/wp-content\/uploads\/2025\/02\/FRO_8285-1024x683.jpg 1024w, https:\/\/www.evropskakuca.me\/wp-content\/uploads\/2025\/02\/FRO_8285-300x200.jpg 300w, https:\/\/www.evropskakuca.me\/wp-content\/uploads\/2025\/02\/FRO_8285-768x512.jpg 768w, https:\/\/www.evropskakuca.me\/wp-content\/uploads\/2025\/02\/FRO_8285-1536x1024.jpg 1536w, https:\/\/www.evropskakuca.me\/wp-content\/uploads\/2025\/02\/FRO_8285-2048x1365.jpg 2048w\" sizes=\"(max-width: 1024px) 100vw, 1024px\" \/><\/figure>\n\n\n\n<p>Direktorica Instituta za ljekove i medicinska sredstva, doc. dr <strong>Sne\u017eana Mugo\u0161a<\/strong>, u svom obra\u0107anju istakla je va\u017enost ovog projekta za dalji napredak Crne Gore u procesu evropskih integracija. Ona je naglasila da ovaj projekat nije samo prilika za razmjenu iskustava i savremenih stru\u010dnih standarda, ve\u0107 i za ja\u010danje me\u0111usobnog povjerenja i saradnje me\u0111u institucijama koje se bave regulativom ljekova i medicinskih sredstava.<\/p>\n\n\n\n<p>\u201e<em>Na\u0161 tim je spreman i motivisan da preuzme odgovornosti koje donosi \u010dlanstvo u Evropskoj uniji. Uz dragocjenu saradnju sa na\u0161im malte\u0161kim kolegama, unaprijedi\u0107emo regulatorni okvir i primijeni\u0107emo prakse evropskih regulatora implementacijom najsavremenijih modela poslovanja, tako da \u0107e Institut biti dio evropske porodice prakti\u010dno i prije zvani\u010dnog pristupanja Crne Gore Evropskoj uniji<\/em>\u201c, rekla je dr Mugo\u0161a.<\/p>\n\n\n\n<figure class=\"wp-block-image size-large\"><img loading=\"lazy\" decoding=\"async\" width=\"1024\" height=\"683\" src=\"https:\/\/www.evropskakuca.me\/wp-content\/uploads\/2025\/02\/FRO_8186-1024x683.jpg\" alt=\"\" class=\"wp-image-43095\" srcset=\"https:\/\/www.evropskakuca.me\/wp-content\/uploads\/2025\/02\/FRO_8186-1024x683.jpg 1024w, https:\/\/www.evropskakuca.me\/wp-content\/uploads\/2025\/02\/FRO_8186-300x200.jpg 300w, https:\/\/www.evropskakuca.me\/wp-content\/uploads\/2025\/02\/FRO_8186-768x512.jpg 768w, https:\/\/www.evropskakuca.me\/wp-content\/uploads\/2025\/02\/FRO_8186-1536x1024.jpg 1536w, https:\/\/www.evropskakuca.me\/wp-content\/uploads\/2025\/02\/FRO_8186-2048x1365.jpg 2048w\" sizes=\"(max-width: 1024px) 100vw, 1024px\" \/><\/figure>\n\n\n\n<p>Ministar zdravlja Crne Gore, dr <strong>Vojislav \u0160imun<\/strong>, istakao je zna\u010daj ovog projekta za zdravstveni sistem Crne Gore i njegovu modernizaciju u skladu sa evropskim standardima.<\/p>\n\n\n\n<p>\u201e<em>Institut za ljekove i medicinska sredstva predstavlja stub na\u0161eg zdravstvenog sistema, postavljaju\u0107i primjer izvrsnosti, posve\u0107enosti i napretka. Ministarstvo zdravlja sna\u017eno podsti\u010de sve institucije u na\u0161em zdravstvenom sistemu da kontinuirano rastu, razvijaju se i uskla\u0111uju sa najvi\u0161im me\u0111unarodnim standardima. Kroz dostupna IPA sredstva, modernizujemo zdravstvenu infrastrukturu i ja\u010damo klju\u010dne segmente na\u0161eg sistema kako bismo obezbjedili najbolje mogu\u0107e usluge za na\u0161e gra\u0111ane. Ovaj projekat predstavlja zna\u010dajan korak u daljem unapre\u0111enju Instituta i njegovoj blagovremenoj pripremi za \u010dlanstvo u EU<\/em> \u201c, istakao je dr \u0160imun.<\/p>\n\n\n\n<figure class=\"wp-block-image size-large\"><img loading=\"lazy\" decoding=\"async\" width=\"1024\" height=\"683\" src=\"https:\/\/www.evropskakuca.me\/wp-content\/uploads\/2025\/02\/FRO_8133-1024x683.jpg\" alt=\"\" class=\"wp-image-43097\" srcset=\"https:\/\/www.evropskakuca.me\/wp-content\/uploads\/2025\/02\/FRO_8133-1024x683.jpg 1024w, https:\/\/www.evropskakuca.me\/wp-content\/uploads\/2025\/02\/FRO_8133-300x200.jpg 300w, https:\/\/www.evropskakuca.me\/wp-content\/uploads\/2025\/02\/FRO_8133-768x512.jpg 768w, https:\/\/www.evropskakuca.me\/wp-content\/uploads\/2025\/02\/FRO_8133-1536x1024.jpg 1536w, https:\/\/www.evropskakuca.me\/wp-content\/uploads\/2025\/02\/FRO_8133-2048x1365.jpg 2048w\" sizes=\"(max-width: 1024px) 100vw, 1024px\" \/><\/figure>\n\n\n\n<p>Twinning Light projekat je jo\u0161 jedan zna\u010dajan iskorak crnogorskog Instituta za ljekove i medicinska sredstva ka primjeni najvi\u0161ih standarda poslovanja po uzoru na evropske regulatore, \u0161to \u0107e biti od presudne va\u017enosti za obezbje\u0111ivanje kvalitetnih, bezbjednih i efikasnih ljekova gra\u0111anima Crne Gore.<\/p>\n\n\n\n<p>Saradnja izme\u0111u Crne Gore i Malte nastavi\u0107e se u narednim godinama kroz razli\u010dite zajedni\u010dke inicijative i projekte, usmjerene na ja\u010danje zdravstvenog sistema i administrativnih kapaciteta oba regulatora. Ovo partnerstvo ne samo da doprinosi stru\u010dnom, nau\u010dnom i akademskom razvoju, istra\u017eivanjima i razmjeni iskustava, ve\u0107 stvara mostove prijateljstva utemeljene na evropskim vrijednostima.<\/p>\n","protected":false},"excerpt":{"rendered":"<p>Twinning Light projekat pod nazivom \u201eJa\u010danje administrativnih kapaciteta Instituta za ljekove i medicinska sredstva Crne Gore u skladu sa zahtjevima procesa pristupanja EU\u201c zvani\u010dno je pokrenut. Ovaj projekat je jo\u0161 jedan zna\u010dajan korak na evropskom putu Crne Gore, koji ima za cilj pobolj\u0161anje institucionalnih kapaciteta Instituta za ljekove i medicinska sredstva (CInMED) i njegovu pripremu [&hellip;]<\/p>\n","protected":false},"author":3,"featured_media":43088,"comment_status":"closed","ping_status":"closed","sticky":false,"template":"","format":"standard","meta":{"_acf_changed":false,"footnotes":""},"categories":[283,524],"tags":[],"class_list":["post-43086","post","type-post","status-publish","format-standard","has-post-thumbnail","hentry","category-novosti-me","category-vesti"],"acf":[],"yoast_head":"<!-- This site is optimized with the Yoast SEO plugin v27.3 - https:\/\/yoast.com\/product\/yoast-seo-wordpress\/ -->\n<title>Osna\u017een Institut za ljekove CG uz EU podr\u0161ku - Europe House<\/title>\n<meta name=\"robots\" content=\"index, follow, max-snippet:-1, max-image-preview:large, max-video-preview:-1\" \/>\n<link rel=\"canonical\" href=\"https:\/\/www.evropskakuca.me\/me\/osnazen-institut-za-ljekove-cg-uz-eu-podrsku\/\" \/>\n<meta property=\"og:locale\" content=\"en_US\" \/>\n<meta property=\"og:type\" content=\"article\" \/>\n<meta property=\"og:title\" content=\"Osna\u017een Institut za ljekove CG uz EU podr\u0161ku - Europe House\" \/>\n<meta property=\"og:description\" content=\"Twinning Light projekat pod nazivom \u201eJa\u010danje administrativnih kapaciteta Instituta za ljekove i medicinska sredstva Crne Gore u skladu sa zahtjevima procesa pristupanja EU\u201c zvani\u010dno je pokrenut. Ovaj projekat je jo\u0161 jedan zna\u010dajan korak na evropskom putu Crne Gore, koji ima za cilj pobolj\u0161anje institucionalnih kapaciteta Instituta za ljekove i medicinska sredstva (CInMED) i njegovu pripremu [&hellip;]\" \/>\n<meta property=\"og:url\" content=\"https:\/\/www.evropskakuca.me\/me\/osnazen-institut-za-ljekove-cg-uz-eu-podrsku\/\" \/>\n<meta property=\"og:site_name\" content=\"Europe House\" \/>\n<meta property=\"article:publisher\" content=\"https:\/\/www.facebook.com\/evropska.kuca\" \/>\n<meta property=\"article:published_time\" content=\"2025-02-20T11:06:34+00:00\" \/>\n<meta property=\"article:modified_time\" content=\"2025-02-20T12:03:53+00:00\" \/>\n<meta property=\"og:image\" content=\"https:\/\/www.evropskakuca.me\/wp-content\/uploads\/2025\/02\/FRO_8012-scaled-e1740049718337.jpg\" \/>\n\t<meta property=\"og:image:width\" content=\"2560\" \/>\n\t<meta property=\"og:image:height\" content=\"1297\" \/>\n\t<meta property=\"og:image:type\" content=\"image\/jpeg\" \/>\n<meta name=\"author\" content=\"Aleksandar Vukovic\" \/>\n<meta name=\"twitter:card\" content=\"summary_large_image\" \/>\n<meta name=\"twitter:creator\" content=\"@evropska_kuca\" \/>\n<meta name=\"twitter:site\" content=\"@evropska_kuca\" \/>\n<meta name=\"twitter:label1\" content=\"Written by\" \/>\n\t<meta name=\"twitter:data1\" content=\"Aleksandar Vukovic\" \/>\n\t<meta name=\"twitter:label2\" content=\"Est. reading time\" \/>\n\t<meta name=\"twitter:data2\" content=\"4 minutes\" \/>\n<script type=\"application\/ld+json\" class=\"yoast-schema-graph\">{\"@context\":\"https:\\\/\\\/schema.org\",\"@graph\":[{\"@type\":\"Article\",\"@id\":\"https:\\\/\\\/www.evropskakuca.me\\\/me\\\/osnazen-institut-za-ljekove-cg-uz-eu-podrsku\\\/#article\",\"isPartOf\":{\"@id\":\"https:\\\/\\\/www.evropskakuca.me\\\/me\\\/osnazen-institut-za-ljekove-cg-uz-eu-podrsku\\\/\"},\"author\":{\"name\":\"Aleksandar Vukovic\",\"@id\":\"https:\\\/\\\/www.evropskakuca.me\\\/me\\\/#\\\/schema\\\/person\\\/7e16527119c7b67f457996b970f2bd6e\"},\"headline\":\"Osna\u017een Institut za ljekove CG uz EU podr\u0161ku\",\"datePublished\":\"2025-02-20T11:06:34+00:00\",\"dateModified\":\"2025-02-20T12:03:53+00:00\",\"mainEntityOfPage\":{\"@id\":\"https:\\\/\\\/www.evropskakuca.me\\\/me\\\/osnazen-institut-za-ljekove-cg-uz-eu-podrsku\\\/\"},\"wordCount\":645,\"publisher\":{\"@id\":\"https:\\\/\\\/www.evropskakuca.me\\\/me\\\/#organization\"},\"image\":{\"@id\":\"https:\\\/\\\/www.evropskakuca.me\\\/me\\\/osnazen-institut-za-ljekove-cg-uz-eu-podrsku\\\/#primaryimage\"},\"thumbnailUrl\":\"https:\\\/\\\/www.evropskakuca.me\\\/wp-content\\\/uploads\\\/2025\\\/02\\\/FRO_8012-scaled-e1740049718337.jpg\",\"articleSection\":[\"Novosti\",\"Vesti\"],\"inLanguage\":\"me-ME\"},{\"@type\":\"WebPage\",\"@id\":\"https:\\\/\\\/www.evropskakuca.me\\\/me\\\/osnazen-institut-za-ljekove-cg-uz-eu-podrsku\\\/\",\"url\":\"https:\\\/\\\/www.evropskakuca.me\\\/me\\\/osnazen-institut-za-ljekove-cg-uz-eu-podrsku\\\/\",\"name\":\"Osna\u017een Institut za ljekove CG uz EU podr\u0161ku - Europe House\",\"isPartOf\":{\"@id\":\"https:\\\/\\\/www.evropskakuca.me\\\/me\\\/#website\"},\"primaryImageOfPage\":{\"@id\":\"https:\\\/\\\/www.evropskakuca.me\\\/me\\\/osnazen-institut-za-ljekove-cg-uz-eu-podrsku\\\/#primaryimage\"},\"image\":{\"@id\":\"https:\\\/\\\/www.evropskakuca.me\\\/me\\\/osnazen-institut-za-ljekove-cg-uz-eu-podrsku\\\/#primaryimage\"},\"thumbnailUrl\":\"https:\\\/\\\/www.evropskakuca.me\\\/wp-content\\\/uploads\\\/2025\\\/02\\\/FRO_8012-scaled-e1740049718337.jpg\",\"datePublished\":\"2025-02-20T11:06:34+00:00\",\"dateModified\":\"2025-02-20T12:03:53+00:00\",\"breadcrumb\":{\"@id\":\"https:\\\/\\\/www.evropskakuca.me\\\/me\\\/osnazen-institut-za-ljekove-cg-uz-eu-podrsku\\\/#breadcrumb\"},\"inLanguage\":\"me-ME\",\"potentialAction\":[{\"@type\":\"ReadAction\",\"target\":[\"https:\\\/\\\/www.evropskakuca.me\\\/me\\\/osnazen-institut-za-ljekove-cg-uz-eu-podrsku\\\/\"]}]},{\"@type\":\"ImageObject\",\"inLanguage\":\"me-ME\",\"@id\":\"https:\\\/\\\/www.evropskakuca.me\\\/me\\\/osnazen-institut-za-ljekove-cg-uz-eu-podrsku\\\/#primaryimage\",\"url\":\"https:\\\/\\\/www.evropskakuca.me\\\/wp-content\\\/uploads\\\/2025\\\/02\\\/FRO_8012-scaled-e1740049718337.jpg\",\"contentUrl\":\"https:\\\/\\\/www.evropskakuca.me\\\/wp-content\\\/uploads\\\/2025\\\/02\\\/FRO_8012-scaled-e1740049718337.jpg\",\"width\":2560,\"height\":1297},{\"@type\":\"BreadcrumbList\",\"@id\":\"https:\\\/\\\/www.evropskakuca.me\\\/me\\\/osnazen-institut-za-ljekove-cg-uz-eu-podrsku\\\/#breadcrumb\",\"itemListElement\":[{\"@type\":\"ListItem\",\"position\":1,\"name\":\"Home\",\"item\":\"https:\\\/\\\/www.evropskakuca.me\\\/me\\\/\"},{\"@type\":\"ListItem\",\"position\":2,\"name\":\"Osna\u017een Institut za ljekove CG uz EU podr\u0161ku\"}]},{\"@type\":\"WebSite\",\"@id\":\"https:\\\/\\\/www.evropskakuca.me\\\/me\\\/#website\",\"url\":\"https:\\\/\\\/www.evropskakuca.me\\\/me\\\/\",\"name\":\"Evropean house\",\"description\":\"\",\"publisher\":{\"@id\":\"https:\\\/\\\/www.evropskakuca.me\\\/me\\\/#organization\"},\"potentialAction\":[{\"@type\":\"SearchAction\",\"target\":{\"@type\":\"EntryPoint\",\"urlTemplate\":\"https:\\\/\\\/www.evropskakuca.me\\\/me\\\/?s={search_term_string}\"},\"query-input\":{\"@type\":\"PropertyValueSpecification\",\"valueRequired\":true,\"valueName\":\"search_term_string\"}}],\"inLanguage\":\"me-ME\"},{\"@type\":\"Organization\",\"@id\":\"https:\\\/\\\/www.evropskakuca.me\\\/me\\\/#organization\",\"name\":\"Evropean house\",\"url\":\"https:\\\/\\\/www.evropskakuca.me\\\/me\\\/\",\"logo\":{\"@type\":\"ImageObject\",\"inLanguage\":\"me-ME\",\"@id\":\"https:\\\/\\\/www.evropskakuca.me\\\/me\\\/#\\\/schema\\\/logo\\\/image\\\/\",\"url\":\"https:\\\/\\\/www.evropskakuca.me\\\/wp-content\\\/uploads\\\/2025\\\/01\\\/evropska-kuca-logo-1.png\",\"contentUrl\":\"https:\\\/\\\/www.evropskakuca.me\\\/wp-content\\\/uploads\\\/2025\\\/01\\\/evropska-kuca-logo-1.png\",\"width\":425,\"height\":312,\"caption\":\"Evropean house\"},\"image\":{\"@id\":\"https:\\\/\\\/www.evropskakuca.me\\\/me\\\/#\\\/schema\\\/logo\\\/image\\\/\"},\"sameAs\":[\"https:\\\/\\\/www.facebook.com\\\/evropska.kuca\",\"https:\\\/\\\/x.com\\\/evropska_kuca\",\"https:\\\/\\\/www.instagram.com\\\/evropska_kuca\"]},{\"@type\":\"Person\",\"@id\":\"https:\\\/\\\/www.evropskakuca.me\\\/me\\\/#\\\/schema\\\/person\\\/7e16527119c7b67f457996b970f2bd6e\",\"name\":\"Aleksandar Vukovic\",\"image\":{\"@type\":\"ImageObject\",\"inLanguage\":\"me-ME\",\"@id\":\"https:\\\/\\\/secure.gravatar.com\\\/avatar\\\/a1834e0104b0242a886079bde835ba36d80c70f9987a11f3ba33eb9e8d74cc15?s=96&d=mm&r=g\",\"url\":\"https:\\\/\\\/secure.gravatar.com\\\/avatar\\\/a1834e0104b0242a886079bde835ba36d80c70f9987a11f3ba33eb9e8d74cc15?s=96&d=mm&r=g\",\"contentUrl\":\"https:\\\/\\\/secure.gravatar.com\\\/avatar\\\/a1834e0104b0242a886079bde835ba36d80c70f9987a11f3ba33eb9e8d74cc15?s=96&d=mm&r=g\",\"caption\":\"Aleksandar Vukovic\"},\"url\":\"https:\\\/\\\/www.evropskakuca.me\\\/me\\\/author\\\/aleksandar\\\/\"}]}<\/script>\n<!-- \/ Yoast SEO plugin. -->","yoast_head_json":{"title":"Osna\u017een Institut za ljekove CG uz EU podr\u0161ku - Europe House","robots":{"index":"index","follow":"follow","max-snippet":"max-snippet:-1","max-image-preview":"max-image-preview:large","max-video-preview":"max-video-preview:-1"},"canonical":"https:\/\/www.evropskakuca.me\/me\/osnazen-institut-za-ljekove-cg-uz-eu-podrsku\/","og_locale":"en_US","og_type":"article","og_title":"Osna\u017een Institut za ljekove CG uz EU podr\u0161ku - Europe House","og_description":"Twinning Light projekat pod nazivom \u201eJa\u010danje administrativnih kapaciteta Instituta za ljekove i medicinska sredstva Crne Gore u skladu sa zahtjevima procesa pristupanja EU\u201c zvani\u010dno je pokrenut. Ovaj projekat je jo\u0161 jedan zna\u010dajan korak na evropskom putu Crne Gore, koji ima za cilj pobolj\u0161anje institucionalnih kapaciteta Instituta za ljekove i medicinska sredstva (CInMED) i njegovu pripremu [&hellip;]","og_url":"https:\/\/www.evropskakuca.me\/me\/osnazen-institut-za-ljekove-cg-uz-eu-podrsku\/","og_site_name":"Europe House","article_publisher":"https:\/\/www.facebook.com\/evropska.kuca","article_published_time":"2025-02-20T11:06:34+00:00","article_modified_time":"2025-02-20T12:03:53+00:00","og_image":[{"width":2560,"height":1297,"url":"https:\/\/www.evropskakuca.me\/wp-content\/uploads\/2025\/02\/FRO_8012-scaled-e1740049718337.jpg","type":"image\/jpeg"}],"author":"Aleksandar Vukovic","twitter_card":"summary_large_image","twitter_creator":"@evropska_kuca","twitter_site":"@evropska_kuca","twitter_misc":{"Written by":"Aleksandar Vukovic","Est. reading time":"4 minutes"},"schema":{"@context":"https:\/\/schema.org","@graph":[{"@type":"Article","@id":"https:\/\/www.evropskakuca.me\/me\/osnazen-institut-za-ljekove-cg-uz-eu-podrsku\/#article","isPartOf":{"@id":"https:\/\/www.evropskakuca.me\/me\/osnazen-institut-za-ljekove-cg-uz-eu-podrsku\/"},"author":{"name":"Aleksandar Vukovic","@id":"https:\/\/www.evropskakuca.me\/me\/#\/schema\/person\/7e16527119c7b67f457996b970f2bd6e"},"headline":"Osna\u017een Institut za ljekove CG uz EU podr\u0161ku","datePublished":"2025-02-20T11:06:34+00:00","dateModified":"2025-02-20T12:03:53+00:00","mainEntityOfPage":{"@id":"https:\/\/www.evropskakuca.me\/me\/osnazen-institut-za-ljekove-cg-uz-eu-podrsku\/"},"wordCount":645,"publisher":{"@id":"https:\/\/www.evropskakuca.me\/me\/#organization"},"image":{"@id":"https:\/\/www.evropskakuca.me\/me\/osnazen-institut-za-ljekove-cg-uz-eu-podrsku\/#primaryimage"},"thumbnailUrl":"https:\/\/www.evropskakuca.me\/wp-content\/uploads\/2025\/02\/FRO_8012-scaled-e1740049718337.jpg","articleSection":["Novosti","Vesti"],"inLanguage":"me-ME"},{"@type":"WebPage","@id":"https:\/\/www.evropskakuca.me\/me\/osnazen-institut-za-ljekove-cg-uz-eu-podrsku\/","url":"https:\/\/www.evropskakuca.me\/me\/osnazen-institut-za-ljekove-cg-uz-eu-podrsku\/","name":"Osna\u017een Institut za ljekove CG uz EU podr\u0161ku - Europe House","isPartOf":{"@id":"https:\/\/www.evropskakuca.me\/me\/#website"},"primaryImageOfPage":{"@id":"https:\/\/www.evropskakuca.me\/me\/osnazen-institut-za-ljekove-cg-uz-eu-podrsku\/#primaryimage"},"image":{"@id":"https:\/\/www.evropskakuca.me\/me\/osnazen-institut-za-ljekove-cg-uz-eu-podrsku\/#primaryimage"},"thumbnailUrl":"https:\/\/www.evropskakuca.me\/wp-content\/uploads\/2025\/02\/FRO_8012-scaled-e1740049718337.jpg","datePublished":"2025-02-20T11:06:34+00:00","dateModified":"2025-02-20T12:03:53+00:00","breadcrumb":{"@id":"https:\/\/www.evropskakuca.me\/me\/osnazen-institut-za-ljekove-cg-uz-eu-podrsku\/#breadcrumb"},"inLanguage":"me-ME","potentialAction":[{"@type":"ReadAction","target":["https:\/\/www.evropskakuca.me\/me\/osnazen-institut-za-ljekove-cg-uz-eu-podrsku\/"]}]},{"@type":"ImageObject","inLanguage":"me-ME","@id":"https:\/\/www.evropskakuca.me\/me\/osnazen-institut-za-ljekove-cg-uz-eu-podrsku\/#primaryimage","url":"https:\/\/www.evropskakuca.me\/wp-content\/uploads\/2025\/02\/FRO_8012-scaled-e1740049718337.jpg","contentUrl":"https:\/\/www.evropskakuca.me\/wp-content\/uploads\/2025\/02\/FRO_8012-scaled-e1740049718337.jpg","width":2560,"height":1297},{"@type":"BreadcrumbList","@id":"https:\/\/www.evropskakuca.me\/me\/osnazen-institut-za-ljekove-cg-uz-eu-podrsku\/#breadcrumb","itemListElement":[{"@type":"ListItem","position":1,"name":"Home","item":"https:\/\/www.evropskakuca.me\/me\/"},{"@type":"ListItem","position":2,"name":"Osna\u017een Institut za ljekove CG uz EU podr\u0161ku"}]},{"@type":"WebSite","@id":"https:\/\/www.evropskakuca.me\/me\/#website","url":"https:\/\/www.evropskakuca.me\/me\/","name":"Evropean house","description":"","publisher":{"@id":"https:\/\/www.evropskakuca.me\/me\/#organization"},"potentialAction":[{"@type":"SearchAction","target":{"@type":"EntryPoint","urlTemplate":"https:\/\/www.evropskakuca.me\/me\/?s={search_term_string}"},"query-input":{"@type":"PropertyValueSpecification","valueRequired":true,"valueName":"search_term_string"}}],"inLanguage":"me-ME"},{"@type":"Organization","@id":"https:\/\/www.evropskakuca.me\/me\/#organization","name":"Evropean house","url":"https:\/\/www.evropskakuca.me\/me\/","logo":{"@type":"ImageObject","inLanguage":"me-ME","@id":"https:\/\/www.evropskakuca.me\/me\/#\/schema\/logo\/image\/","url":"https:\/\/www.evropskakuca.me\/wp-content\/uploads\/2025\/01\/evropska-kuca-logo-1.png","contentUrl":"https:\/\/www.evropskakuca.me\/wp-content\/uploads\/2025\/01\/evropska-kuca-logo-1.png","width":425,"height":312,"caption":"Evropean house"},"image":{"@id":"https:\/\/www.evropskakuca.me\/me\/#\/schema\/logo\/image\/"},"sameAs":["https:\/\/www.facebook.com\/evropska.kuca","https:\/\/x.com\/evropska_kuca","https:\/\/www.instagram.com\/evropska_kuca"]},{"@type":"Person","@id":"https:\/\/www.evropskakuca.me\/me\/#\/schema\/person\/7e16527119c7b67f457996b970f2bd6e","name":"Aleksandar Vukovic","image":{"@type":"ImageObject","inLanguage":"me-ME","@id":"https:\/\/secure.gravatar.com\/avatar\/a1834e0104b0242a886079bde835ba36d80c70f9987a11f3ba33eb9e8d74cc15?s=96&d=mm&r=g","url":"https:\/\/secure.gravatar.com\/avatar\/a1834e0104b0242a886079bde835ba36d80c70f9987a11f3ba33eb9e8d74cc15?s=96&d=mm&r=g","contentUrl":"https:\/\/secure.gravatar.com\/avatar\/a1834e0104b0242a886079bde835ba36d80c70f9987a11f3ba33eb9e8d74cc15?s=96&d=mm&r=g","caption":"Aleksandar Vukovic"},"url":"https:\/\/www.evropskakuca.me\/me\/author\/aleksandar\/"}]}},"_links":{"self":[{"href":"https:\/\/www.evropskakuca.me\/me\/wp-json\/wp\/v2\/posts\/43086","targetHints":{"allow":["GET"]}}],"collection":[{"href":"https:\/\/www.evropskakuca.me\/me\/wp-json\/wp\/v2\/posts"}],"about":[{"href":"https:\/\/www.evropskakuca.me\/me\/wp-json\/wp\/v2\/types\/post"}],"author":[{"embeddable":true,"href":"https:\/\/www.evropskakuca.me\/me\/wp-json\/wp\/v2\/users\/3"}],"replies":[{"embeddable":true,"href":"https:\/\/www.evropskakuca.me\/me\/wp-json\/wp\/v2\/comments?post=43086"}],"version-history":[{"count":2,"href":"https:\/\/www.evropskakuca.me\/me\/wp-json\/wp\/v2\/posts\/43086\/revisions"}],"predecessor-version":[{"id":43108,"href":"https:\/\/www.evropskakuca.me\/me\/wp-json\/wp\/v2\/posts\/43086\/revisions\/43108"}],"wp:featuredmedia":[{"embeddable":true,"href":"https:\/\/www.evropskakuca.me\/me\/wp-json\/wp\/v2\/media\/43088"}],"wp:attachment":[{"href":"https:\/\/www.evropskakuca.me\/me\/wp-json\/wp\/v2\/media?parent=43086"}],"wp:term":[{"taxonomy":"category","embeddable":true,"href":"https:\/\/www.evropskakuca.me\/me\/wp-json\/wp\/v2\/categories?post=43086"},{"taxonomy":"post_tag","embeddable":true,"href":"https:\/\/www.evropskakuca.me\/me\/wp-json\/wp\/v2\/tags?post=43086"}],"curies":[{"name":"wp","href":"https:\/\/api.w.org\/{rel}","templated":true}]}}