{"id":42795,"date":"2025-02-03T11:16:18","date_gmt":"2025-02-03T11:16:18","guid":{"rendered":"https:\/\/www.evropskakuca.me\/croatia-helps-montenegro-strengthen-corporate-governance-and-administrative-capacity\/"},"modified":"2025-02-10T09:35:13","modified_gmt":"2025-02-10T09:35:13","slug":"croatia-helps-montenegro-strengthen-corporate-governance-and-administrative-capacity","status":"publish","type":"post","link":"https:\/\/www.evropskakuca.me\/me\/croatia-helps-montenegro-strengthen-corporate-governance-and-administrative-capacity\/","title":{"rendered":"Korporativno upravljanje i administrativni kapaciteti"},"content":{"rendered":"\n<p><em>Kick-off sastanak Twinning Light projekta \u201eJa\u010danje odredbi korporativnog upravljanja i administrativnih kapaciteta Uprave za tr\u017ei\u0161te kapitala Crne Gore<\/em><em>\u201c<\/em><\/p>\n\n\n\n<p>Twinning Light projekat zvani\u010dno je pokrenut 15. januara 2025. godine i bi\u0107e realizovan u periodu od osam mjeseci, uz ukupni bud\u017eet od 150.000,00 eura. Primarni cilj projekta je doprinos konkurentnosti crnogorske ekonomije i pobolj\u0161anju poslovnog okru\u017eenja kroz uvo\u0111enje i primjenu najboljih praksi u standardima korporativnog upravljanja u Crnoj Gori.<\/p>\n\n\n\n<p>Uprava za tr\u017ei\u0161te kapitala Crne Gore je institucija korisnika, dok je Republika Hrvatska partnerska dr\u017eava \u010dlanica. Tokom sprovo\u0111enja projekta, stru\u010dnu podr\u0161ku i ekspertizu pru\u017ea\u0107e Hrvatska agencija za nadzor finansijskih usluga (HANFA).<\/p>\n\n\n\n<p>Tokom Kick-off sastanka, <strong>Andreja Ha\u0161\u010dek<\/strong>, liderka projekta iz dr\u017eave \u010dlanice, odr\u017eala je prezentaciju u kojoj je predstavila ciljeve, obuhvat i o\u010dekivane rezultate projekta.<\/p>\n\n\n\n<p>\u201e\u010cast nam je \u0161to HANFA vodi ovu inicijativu, koja \u0107e doprinijeti modernizaciji korporativnog upravljanja u Crnoj Gori. Na\u0161e iskustvo u regulatornim reformama i nadzoru tr\u017ei\u0161ta podr\u017ea\u0107e crnogorske kolege u razvijanju otpornog i transparentnog tr\u017ei\u0161ta kapitala\u201c, izjavila je Ha\u0161\u010dek.<\/p>\n\n\n\n<p>Na sastanku je nagla\u0161ena klju\u010dna uloga projekta u unapre\u0111enju tr\u017ei\u0161ta kapitala Crne Gore kroz rje\u0161avanje nedostataka u praksi korporativnog upravljanja i stvaranje transparentnijeg i efikasnijeg regulatornog okvira.<\/p>\n\n\n\n<figure class=\"wp-block-image size-large\"><img fetchpriority=\"high\" decoding=\"async\" width=\"1024\" height=\"683\" src=\"https:\/\/www.evropskakuca.me\/wp-content\/uploads\/2025\/02\/viber_image_2025-02-03_11-37-23-502-1024x683.jpg\" alt=\"\" class=\"wp-image-42791\" srcset=\"https:\/\/www.evropskakuca.me\/wp-content\/uploads\/2025\/02\/viber_image_2025-02-03_11-37-23-502-1024x683.jpg 1024w, https:\/\/www.evropskakuca.me\/wp-content\/uploads\/2025\/02\/viber_image_2025-02-03_11-37-23-502-300x200.jpg 300w, https:\/\/www.evropskakuca.me\/wp-content\/uploads\/2025\/02\/viber_image_2025-02-03_11-37-23-502-768x512.jpg 768w, https:\/\/www.evropskakuca.me\/wp-content\/uploads\/2025\/02\/viber_image_2025-02-03_11-37-23-502-1536x1024.jpg 1536w, https:\/\/www.evropskakuca.me\/wp-content\/uploads\/2025\/02\/viber_image_2025-02-03_11-37-23-502.jpg 1600w\" sizes=\"(max-width: 1024px) 100vw, 1024px\" \/><\/figure>\n\n\n\n<p>\u201eOvaj projekat predstavlja zna\u010dajan korak ka uskla\u0111ivanju korporativnog upravljanja Crne Gore sa standardima EU, ja\u010danju konkurentnog, transparentnog i otpornog ekonomskog okru\u017eenja. Sna\u017eno partnerstvo izme\u0111u HANFA-e i crnogorskih vlasti pokazuje mo\u0107 regionalne saradnje u sprovo\u0111enju su\u0161tinskih reformi i podr\u017eava put Crne Gore ka integraciji u EU\u201c, izjavio je <strong>Yngve Engstroem<\/strong>, \u0161ef sektora za saradnju u Delegaciji Evropske Unije u Crnoj Gori.<\/p>\n\n\n\n<p>Jedan od klju\u010dnih aspekata projekta bi\u0107e izrada i implementacija novog kodeksa korporativnog upravljanja, koji \u0107e predstavljati temelj za ja\u010danje povjerenja na tr\u017ei\u0161tu, privla\u010denje investicija i unapre\u0111enje poslovnog okru\u017eenja u Crnoj Gori.<\/p>\n\n\n\n<p>\u201eOvaj projekat predstavlja klju\u010dni korak ka ja\u010danju tr\u017ei\u0161ta kapitala Crne Gore. Kroz zajedni\u010dke napore, uspostavi\u0107emo okvir upravljanja koji podsti\u010de povjerenje investitora i ubrzava na\u0161 put ka evropskim integracijama\u201c, izjavila je <strong>Ilda Pepi\u0107<\/strong>, liderka projekta institucije korisnika.<\/p>\n\n\n\n<blockquote class=\"wp-block-quote is-layout-flow wp-block-quote-is-layout-flow\">\n<h4 class=\"wp-block-heading\">Ova inicijativa predstavlja konkretan korak ka daljoj integraciji Crne Gore u evropski ekonomski i finansijski prostor, stvaraju\u0107i nove prilike za razvoj tr\u017ei\u0161ta.<\/h4>\n<\/blockquote>\n\n\n\n<p>\u201ePrepoznavanje ovog projekta od strane Evropske unije potvr\u0111uje njegovu strate\u0161ku va\u017enost za na\u0161 proces pristupanja EU. Na\u0161a saradnja sa HANFA-om unaprijedi\u0107e regulatorni nadzor i doprinijeti konkurentnijem i transparentnijem finansijskom okru\u017eenju\u201c, izjavio je <strong>\u017deljko Drin\u010di\u0107<\/strong>, predsjednik Uprave za tr\u017ei\u0161te kapitala Crne Gore.<\/p>\n\n\n\n<p>\u201eZa HANFA-u, vo\u0111enje ovog Twinning Light projekta predstavlja va\u017enu prekretnicu. Izuzetno cijenimo ukazano povjerenje i posve\u0107eni smo dijeljenju na\u0161e ekspertize u nadzoru finansijskih tr\u017ei\u0161ta. Ja\u010danje korporativnog upravljanja klju\u010dno je za regionalnu stabilnost i zadovoljstvo nam je \u0161to mo\u017eemo doprinijeti ovom cilju kroz saradnju s na\u0161im crnogorskim partnerima\u201c, izjavio je <strong>Ante \u017digman<\/strong>, predsjednik HANFA-e.<\/p>\n\n\n\n<p><strong>Ambasada Republike Hrvatske u Crnoj Gori<\/strong> u potpunosti podr\u017eava ovaj Twinning Light projekat, jer \u0107e on zna\u010dajno doprinijeti daljem razvoju bilateralnih odnosa izme\u0111u Hrvatske i Crne Gore i pomo\u0107i u stvaranju okru\u017eenja uzajamnog razumijevanja i saradnje. Istovremeno, projekat \u0107e unaprijediti kapacitete lokalne administracije u oblasti nadzora tr\u017ei\u0161ta kapitala i povezanih institucija, sa krajnjim ciljem omogu\u0107avanja Crnoj Gori da ispuni kriterijume postavljene u procesu pristupanja EU. Prepoznaju\u0107i zna\u010daj ovog poduhvata, Ambasada je izrazila zahvalnost svim stru\u010dnjacima uklju\u010denim u njegovu realizaciju i po\u017eeljela im uspjeh u ostvarivanju ciljeva projekta.<\/p>\n\n\n\n<p>Ovaj projekat potvr\u0111uje zna\u010daj regionalne saradnje i posve\u0107enost Evropske unije &nbsp;kada je u pitanju podr\u0161ka reformama finansijskog sektora Crne Gore, otvaranje puta ka transparentnijem, stabilnijem i za investitore privla\u010dnijem tr\u017ei\u0161tu kapitala.<\/p>\n","protected":false},"excerpt":{"rendered":"<p>Kick-off sastanak Twinning Light projekta \u201eJa\u010danje odredbi korporativnog upravljanja i administrativnih kapaciteta Uprave za tr\u017ei\u0161te kapitala Crne Gore\u201c Twinning Light projekat zvani\u010dno je pokrenut 15. januara 2025. godine i bi\u0107e realizovan u periodu od osam mjeseci, uz ukupni bud\u017eet od 150.000,00 eura. Primarni cilj projekta je doprinos konkurentnosti crnogorske ekonomije i pobolj\u0161anju poslovnog okru\u017eenja kroz [&hellip;]<\/p>\n","protected":false},"author":3,"featured_media":42790,"comment_status":"closed","ping_status":"open","sticky":false,"template":"","format":"standard","meta":{"_acf_changed":false,"footnotes":""},"categories":[283,524],"tags":[],"class_list":["post-42795","post","type-post","status-publish","format-standard","has-post-thumbnail","hentry","category-novosti-me","category-vesti"],"acf":[],"yoast_head":"<!-- This site is optimized with the Yoast SEO plugin v27.3 - https:\/\/yoast.com\/product\/yoast-seo-wordpress\/ -->\n<title>Korporativno upravljanje i administrativni kapaciteti - Europe House<\/title>\n<meta name=\"robots\" content=\"index, follow, max-snippet:-1, max-image-preview:large, max-video-preview:-1\" \/>\n<link rel=\"canonical\" href=\"https:\/\/www.evropskakuca.me\/me\/croatia-helps-montenegro-strengthen-corporate-governance-and-administrative-capacity\/\" \/>\n<meta property=\"og:locale\" content=\"en_US\" \/>\n<meta property=\"og:type\" content=\"article\" \/>\n<meta property=\"og:title\" content=\"Korporativno upravljanje i administrativni kapaciteti - Europe House\" \/>\n<meta property=\"og:description\" content=\"Kick-off sastanak Twinning Light projekta \u201eJa\u010danje odredbi korporativnog upravljanja i administrativnih kapaciteta Uprave za tr\u017ei\u0161te kapitala Crne Gore\u201c Twinning Light projekat zvani\u010dno je pokrenut 15. januara 2025. godine i bi\u0107e realizovan u periodu od osam mjeseci, uz ukupni bud\u017eet od 150.000,00 eura. Primarni cilj projekta je doprinos konkurentnosti crnogorske ekonomije i pobolj\u0161anju poslovnog okru\u017eenja kroz [&hellip;]\" \/>\n<meta property=\"og:url\" content=\"https:\/\/www.evropskakuca.me\/me\/croatia-helps-montenegro-strengthen-corporate-governance-and-administrative-capacity\/\" \/>\n<meta property=\"og:site_name\" content=\"Europe House\" \/>\n<meta property=\"article:publisher\" content=\"https:\/\/www.facebook.com\/evropska.kuca\" \/>\n<meta property=\"article:published_time\" content=\"2025-02-03T11:16:18+00:00\" \/>\n<meta property=\"article:modified_time\" content=\"2025-02-10T09:35:13+00:00\" \/>\n<meta property=\"og:image\" content=\"https:\/\/www.evropskakuca.me\/wp-content\/uploads\/2025\/02\/viber_image_2025-02-03_11-37-23-319.jpg\" \/>\n\t<meta property=\"og:image:width\" content=\"1600\" \/>\n\t<meta property=\"og:image:height\" content=\"1067\" \/>\n\t<meta property=\"og:image:type\" content=\"image\/jpeg\" \/>\n<meta name=\"author\" content=\"Aleksandar Vukovic\" \/>\n<meta name=\"twitter:card\" content=\"summary_large_image\" \/>\n<meta name=\"twitter:creator\" content=\"@evropska_kuca\" \/>\n<meta name=\"twitter:site\" content=\"@evropska_kuca\" \/>\n<meta name=\"twitter:label1\" content=\"Written by\" \/>\n\t<meta name=\"twitter:data1\" content=\"Aleksandar Vukovic\" \/>\n\t<meta name=\"twitter:label2\" content=\"Est. reading time\" \/>\n\t<meta name=\"twitter:data2\" content=\"3 minutes\" \/>\n<script type=\"application\/ld+json\" class=\"yoast-schema-graph\">{\"@context\":\"https:\\\/\\\/schema.org\",\"@graph\":[{\"@type\":\"Article\",\"@id\":\"https:\\\/\\\/www.evropskakuca.me\\\/me\\\/croatia-helps-montenegro-strengthen-corporate-governance-and-administrative-capacity\\\/#article\",\"isPartOf\":{\"@id\":\"https:\\\/\\\/www.evropskakuca.me\\\/me\\\/croatia-helps-montenegro-strengthen-corporate-governance-and-administrative-capacity\\\/\"},\"author\":{\"name\":\"Aleksandar Vukovic\",\"@id\":\"https:\\\/\\\/www.evropskakuca.me\\\/me\\\/#\\\/schema\\\/person\\\/7e16527119c7b67f457996b970f2bd6e\"},\"headline\":\"Korporativno upravljanje i administrativni kapaciteti\",\"datePublished\":\"2025-02-03T11:16:18+00:00\",\"dateModified\":\"2025-02-10T09:35:13+00:00\",\"mainEntityOfPage\":{\"@id\":\"https:\\\/\\\/www.evropskakuca.me\\\/me\\\/croatia-helps-montenegro-strengthen-corporate-governance-and-administrative-capacity\\\/\"},\"wordCount\":651,\"publisher\":{\"@id\":\"https:\\\/\\\/www.evropskakuca.me\\\/me\\\/#organization\"},\"image\":{\"@id\":\"https:\\\/\\\/www.evropskakuca.me\\\/me\\\/croatia-helps-montenegro-strengthen-corporate-governance-and-administrative-capacity\\\/#primaryimage\"},\"thumbnailUrl\":\"https:\\\/\\\/www.evropskakuca.me\\\/wp-content\\\/uploads\\\/2025\\\/02\\\/viber_image_2025-02-03_11-37-23-319.jpg\",\"articleSection\":[\"Novosti\",\"Vesti\"],\"inLanguage\":\"me-ME\"},{\"@type\":\"WebPage\",\"@id\":\"https:\\\/\\\/www.evropskakuca.me\\\/me\\\/croatia-helps-montenegro-strengthen-corporate-governance-and-administrative-capacity\\\/\",\"url\":\"https:\\\/\\\/www.evropskakuca.me\\\/me\\\/croatia-helps-montenegro-strengthen-corporate-governance-and-administrative-capacity\\\/\",\"name\":\"Korporativno upravljanje i administrativni kapaciteti - Europe House\",\"isPartOf\":{\"@id\":\"https:\\\/\\\/www.evropskakuca.me\\\/me\\\/#website\"},\"primaryImageOfPage\":{\"@id\":\"https:\\\/\\\/www.evropskakuca.me\\\/me\\\/croatia-helps-montenegro-strengthen-corporate-governance-and-administrative-capacity\\\/#primaryimage\"},\"image\":{\"@id\":\"https:\\\/\\\/www.evropskakuca.me\\\/me\\\/croatia-helps-montenegro-strengthen-corporate-governance-and-administrative-capacity\\\/#primaryimage\"},\"thumbnailUrl\":\"https:\\\/\\\/www.evropskakuca.me\\\/wp-content\\\/uploads\\\/2025\\\/02\\\/viber_image_2025-02-03_11-37-23-319.jpg\",\"datePublished\":\"2025-02-03T11:16:18+00:00\",\"dateModified\":\"2025-02-10T09:35:13+00:00\",\"breadcrumb\":{\"@id\":\"https:\\\/\\\/www.evropskakuca.me\\\/me\\\/croatia-helps-montenegro-strengthen-corporate-governance-and-administrative-capacity\\\/#breadcrumb\"},\"inLanguage\":\"me-ME\",\"potentialAction\":[{\"@type\":\"ReadAction\",\"target\":[\"https:\\\/\\\/www.evropskakuca.me\\\/me\\\/croatia-helps-montenegro-strengthen-corporate-governance-and-administrative-capacity\\\/\"]}]},{\"@type\":\"ImageObject\",\"inLanguage\":\"me-ME\",\"@id\":\"https:\\\/\\\/www.evropskakuca.me\\\/me\\\/croatia-helps-montenegro-strengthen-corporate-governance-and-administrative-capacity\\\/#primaryimage\",\"url\":\"https:\\\/\\\/www.evropskakuca.me\\\/wp-content\\\/uploads\\\/2025\\\/02\\\/viber_image_2025-02-03_11-37-23-319.jpg\",\"contentUrl\":\"https:\\\/\\\/www.evropskakuca.me\\\/wp-content\\\/uploads\\\/2025\\\/02\\\/viber_image_2025-02-03_11-37-23-319.jpg\",\"width\":1600,\"height\":1067},{\"@type\":\"BreadcrumbList\",\"@id\":\"https:\\\/\\\/www.evropskakuca.me\\\/me\\\/croatia-helps-montenegro-strengthen-corporate-governance-and-administrative-capacity\\\/#breadcrumb\",\"itemListElement\":[{\"@type\":\"ListItem\",\"position\":1,\"name\":\"Home\",\"item\":\"https:\\\/\\\/www.evropskakuca.me\\\/me\\\/\"},{\"@type\":\"ListItem\",\"position\":2,\"name\":\"Korporativno upravljanje i administrativni kapaciteti\"}]},{\"@type\":\"WebSite\",\"@id\":\"https:\\\/\\\/www.evropskakuca.me\\\/me\\\/#website\",\"url\":\"https:\\\/\\\/www.evropskakuca.me\\\/me\\\/\",\"name\":\"Evropean house\",\"description\":\"\",\"publisher\":{\"@id\":\"https:\\\/\\\/www.evropskakuca.me\\\/me\\\/#organization\"},\"potentialAction\":[{\"@type\":\"SearchAction\",\"target\":{\"@type\":\"EntryPoint\",\"urlTemplate\":\"https:\\\/\\\/www.evropskakuca.me\\\/me\\\/?s={search_term_string}\"},\"query-input\":{\"@type\":\"PropertyValueSpecification\",\"valueRequired\":true,\"valueName\":\"search_term_string\"}}],\"inLanguage\":\"me-ME\"},{\"@type\":\"Organization\",\"@id\":\"https:\\\/\\\/www.evropskakuca.me\\\/me\\\/#organization\",\"name\":\"Evropean house\",\"url\":\"https:\\\/\\\/www.evropskakuca.me\\\/me\\\/\",\"logo\":{\"@type\":\"ImageObject\",\"inLanguage\":\"me-ME\",\"@id\":\"https:\\\/\\\/www.evropskakuca.me\\\/me\\\/#\\\/schema\\\/logo\\\/image\\\/\",\"url\":\"https:\\\/\\\/www.evropskakuca.me\\\/wp-content\\\/uploads\\\/2025\\\/01\\\/evropska-kuca-logo-1.png\",\"contentUrl\":\"https:\\\/\\\/www.evropskakuca.me\\\/wp-content\\\/uploads\\\/2025\\\/01\\\/evropska-kuca-logo-1.png\",\"width\":425,\"height\":312,\"caption\":\"Evropean house\"},\"image\":{\"@id\":\"https:\\\/\\\/www.evropskakuca.me\\\/me\\\/#\\\/schema\\\/logo\\\/image\\\/\"},\"sameAs\":[\"https:\\\/\\\/www.facebook.com\\\/evropska.kuca\",\"https:\\\/\\\/x.com\\\/evropska_kuca\",\"https:\\\/\\\/www.instagram.com\\\/evropska_kuca\"]},{\"@type\":\"Person\",\"@id\":\"https:\\\/\\\/www.evropskakuca.me\\\/me\\\/#\\\/schema\\\/person\\\/7e16527119c7b67f457996b970f2bd6e\",\"name\":\"Aleksandar Vukovic\",\"image\":{\"@type\":\"ImageObject\",\"inLanguage\":\"me-ME\",\"@id\":\"https:\\\/\\\/secure.gravatar.com\\\/avatar\\\/a1834e0104b0242a886079bde835ba36d80c70f9987a11f3ba33eb9e8d74cc15?s=96&d=mm&r=g\",\"url\":\"https:\\\/\\\/secure.gravatar.com\\\/avatar\\\/a1834e0104b0242a886079bde835ba36d80c70f9987a11f3ba33eb9e8d74cc15?s=96&d=mm&r=g\",\"contentUrl\":\"https:\\\/\\\/secure.gravatar.com\\\/avatar\\\/a1834e0104b0242a886079bde835ba36d80c70f9987a11f3ba33eb9e8d74cc15?s=96&d=mm&r=g\",\"caption\":\"Aleksandar Vukovic\"},\"url\":\"https:\\\/\\\/www.evropskakuca.me\\\/me\\\/author\\\/aleksandar\\\/\"}]}<\/script>\n<!-- \/ Yoast SEO plugin. -->","yoast_head_json":{"title":"Korporativno upravljanje i administrativni kapaciteti - Europe House","robots":{"index":"index","follow":"follow","max-snippet":"max-snippet:-1","max-image-preview":"max-image-preview:large","max-video-preview":"max-video-preview:-1"},"canonical":"https:\/\/www.evropskakuca.me\/me\/croatia-helps-montenegro-strengthen-corporate-governance-and-administrative-capacity\/","og_locale":"en_US","og_type":"article","og_title":"Korporativno upravljanje i administrativni kapaciteti - Europe House","og_description":"Kick-off sastanak Twinning Light projekta \u201eJa\u010danje odredbi korporativnog upravljanja i administrativnih kapaciteta Uprave za tr\u017ei\u0161te kapitala Crne Gore\u201c Twinning Light projekat zvani\u010dno je pokrenut 15. januara 2025. godine i bi\u0107e realizovan u periodu od osam mjeseci, uz ukupni bud\u017eet od 150.000,00 eura. Primarni cilj projekta je doprinos konkurentnosti crnogorske ekonomije i pobolj\u0161anju poslovnog okru\u017eenja kroz [&hellip;]","og_url":"https:\/\/www.evropskakuca.me\/me\/croatia-helps-montenegro-strengthen-corporate-governance-and-administrative-capacity\/","og_site_name":"Europe House","article_publisher":"https:\/\/www.facebook.com\/evropska.kuca","article_published_time":"2025-02-03T11:16:18+00:00","article_modified_time":"2025-02-10T09:35:13+00:00","og_image":[{"width":1600,"height":1067,"url":"https:\/\/www.evropskakuca.me\/wp-content\/uploads\/2025\/02\/viber_image_2025-02-03_11-37-23-319.jpg","type":"image\/jpeg"}],"author":"Aleksandar Vukovic","twitter_card":"summary_large_image","twitter_creator":"@evropska_kuca","twitter_site":"@evropska_kuca","twitter_misc":{"Written by":"Aleksandar Vukovic","Est. reading time":"3 minutes"},"schema":{"@context":"https:\/\/schema.org","@graph":[{"@type":"Article","@id":"https:\/\/www.evropskakuca.me\/me\/croatia-helps-montenegro-strengthen-corporate-governance-and-administrative-capacity\/#article","isPartOf":{"@id":"https:\/\/www.evropskakuca.me\/me\/croatia-helps-montenegro-strengthen-corporate-governance-and-administrative-capacity\/"},"author":{"name":"Aleksandar Vukovic","@id":"https:\/\/www.evropskakuca.me\/me\/#\/schema\/person\/7e16527119c7b67f457996b970f2bd6e"},"headline":"Korporativno upravljanje i administrativni kapaciteti","datePublished":"2025-02-03T11:16:18+00:00","dateModified":"2025-02-10T09:35:13+00:00","mainEntityOfPage":{"@id":"https:\/\/www.evropskakuca.me\/me\/croatia-helps-montenegro-strengthen-corporate-governance-and-administrative-capacity\/"},"wordCount":651,"publisher":{"@id":"https:\/\/www.evropskakuca.me\/me\/#organization"},"image":{"@id":"https:\/\/www.evropskakuca.me\/me\/croatia-helps-montenegro-strengthen-corporate-governance-and-administrative-capacity\/#primaryimage"},"thumbnailUrl":"https:\/\/www.evropskakuca.me\/wp-content\/uploads\/2025\/02\/viber_image_2025-02-03_11-37-23-319.jpg","articleSection":["Novosti","Vesti"],"inLanguage":"me-ME"},{"@type":"WebPage","@id":"https:\/\/www.evropskakuca.me\/me\/croatia-helps-montenegro-strengthen-corporate-governance-and-administrative-capacity\/","url":"https:\/\/www.evropskakuca.me\/me\/croatia-helps-montenegro-strengthen-corporate-governance-and-administrative-capacity\/","name":"Korporativno upravljanje i administrativni kapaciteti - Europe House","isPartOf":{"@id":"https:\/\/www.evropskakuca.me\/me\/#website"},"primaryImageOfPage":{"@id":"https:\/\/www.evropskakuca.me\/me\/croatia-helps-montenegro-strengthen-corporate-governance-and-administrative-capacity\/#primaryimage"},"image":{"@id":"https:\/\/www.evropskakuca.me\/me\/croatia-helps-montenegro-strengthen-corporate-governance-and-administrative-capacity\/#primaryimage"},"thumbnailUrl":"https:\/\/www.evropskakuca.me\/wp-content\/uploads\/2025\/02\/viber_image_2025-02-03_11-37-23-319.jpg","datePublished":"2025-02-03T11:16:18+00:00","dateModified":"2025-02-10T09:35:13+00:00","breadcrumb":{"@id":"https:\/\/www.evropskakuca.me\/me\/croatia-helps-montenegro-strengthen-corporate-governance-and-administrative-capacity\/#breadcrumb"},"inLanguage":"me-ME","potentialAction":[{"@type":"ReadAction","target":["https:\/\/www.evropskakuca.me\/me\/croatia-helps-montenegro-strengthen-corporate-governance-and-administrative-capacity\/"]}]},{"@type":"ImageObject","inLanguage":"me-ME","@id":"https:\/\/www.evropskakuca.me\/me\/croatia-helps-montenegro-strengthen-corporate-governance-and-administrative-capacity\/#primaryimage","url":"https:\/\/www.evropskakuca.me\/wp-content\/uploads\/2025\/02\/viber_image_2025-02-03_11-37-23-319.jpg","contentUrl":"https:\/\/www.evropskakuca.me\/wp-content\/uploads\/2025\/02\/viber_image_2025-02-03_11-37-23-319.jpg","width":1600,"height":1067},{"@type":"BreadcrumbList","@id":"https:\/\/www.evropskakuca.me\/me\/croatia-helps-montenegro-strengthen-corporate-governance-and-administrative-capacity\/#breadcrumb","itemListElement":[{"@type":"ListItem","position":1,"name":"Home","item":"https:\/\/www.evropskakuca.me\/me\/"},{"@type":"ListItem","position":2,"name":"Korporativno upravljanje i administrativni kapaciteti"}]},{"@type":"WebSite","@id":"https:\/\/www.evropskakuca.me\/me\/#website","url":"https:\/\/www.evropskakuca.me\/me\/","name":"Evropean house","description":"","publisher":{"@id":"https:\/\/www.evropskakuca.me\/me\/#organization"},"potentialAction":[{"@type":"SearchAction","target":{"@type":"EntryPoint","urlTemplate":"https:\/\/www.evropskakuca.me\/me\/?s={search_term_string}"},"query-input":{"@type":"PropertyValueSpecification","valueRequired":true,"valueName":"search_term_string"}}],"inLanguage":"me-ME"},{"@type":"Organization","@id":"https:\/\/www.evropskakuca.me\/me\/#organization","name":"Evropean house","url":"https:\/\/www.evropskakuca.me\/me\/","logo":{"@type":"ImageObject","inLanguage":"me-ME","@id":"https:\/\/www.evropskakuca.me\/me\/#\/schema\/logo\/image\/","url":"https:\/\/www.evropskakuca.me\/wp-content\/uploads\/2025\/01\/evropska-kuca-logo-1.png","contentUrl":"https:\/\/www.evropskakuca.me\/wp-content\/uploads\/2025\/01\/evropska-kuca-logo-1.png","width":425,"height":312,"caption":"Evropean house"},"image":{"@id":"https:\/\/www.evropskakuca.me\/me\/#\/schema\/logo\/image\/"},"sameAs":["https:\/\/www.facebook.com\/evropska.kuca","https:\/\/x.com\/evropska_kuca","https:\/\/www.instagram.com\/evropska_kuca"]},{"@type":"Person","@id":"https:\/\/www.evropskakuca.me\/me\/#\/schema\/person\/7e16527119c7b67f457996b970f2bd6e","name":"Aleksandar Vukovic","image":{"@type":"ImageObject","inLanguage":"me-ME","@id":"https:\/\/secure.gravatar.com\/avatar\/a1834e0104b0242a886079bde835ba36d80c70f9987a11f3ba33eb9e8d74cc15?s=96&d=mm&r=g","url":"https:\/\/secure.gravatar.com\/avatar\/a1834e0104b0242a886079bde835ba36d80c70f9987a11f3ba33eb9e8d74cc15?s=96&d=mm&r=g","contentUrl":"https:\/\/secure.gravatar.com\/avatar\/a1834e0104b0242a886079bde835ba36d80c70f9987a11f3ba33eb9e8d74cc15?s=96&d=mm&r=g","caption":"Aleksandar Vukovic"},"url":"https:\/\/www.evropskakuca.me\/me\/author\/aleksandar\/"}]}},"_links":{"self":[{"href":"https:\/\/www.evropskakuca.me\/me\/wp-json\/wp\/v2\/posts\/42795","targetHints":{"allow":["GET"]}}],"collection":[{"href":"https:\/\/www.evropskakuca.me\/me\/wp-json\/wp\/v2\/posts"}],"about":[{"href":"https:\/\/www.evropskakuca.me\/me\/wp-json\/wp\/v2\/types\/post"}],"author":[{"embeddable":true,"href":"https:\/\/www.evropskakuca.me\/me\/wp-json\/wp\/v2\/users\/3"}],"replies":[{"embeddable":true,"href":"https:\/\/www.evropskakuca.me\/me\/wp-json\/wp\/v2\/comments?post=42795"}],"version-history":[{"count":3,"href":"https:\/\/www.evropskakuca.me\/me\/wp-json\/wp\/v2\/posts\/42795\/revisions"}],"predecessor-version":[{"id":42912,"href":"https:\/\/www.evropskakuca.me\/me\/wp-json\/wp\/v2\/posts\/42795\/revisions\/42912"}],"wp:featuredmedia":[{"embeddable":true,"href":"https:\/\/www.evropskakuca.me\/me\/wp-json\/wp\/v2\/media\/42790"}],"wp:attachment":[{"href":"https:\/\/www.evropskakuca.me\/me\/wp-json\/wp\/v2\/media?parent=42795"}],"wp:term":[{"taxonomy":"category","embeddable":true,"href":"https:\/\/www.evropskakuca.me\/me\/wp-json\/wp\/v2\/categories?post=42795"},{"taxonomy":"post_tag","embeddable":true,"href":"https:\/\/www.evropskakuca.me\/me\/wp-json\/wp\/v2\/tags?post=42795"}],"curies":[{"name":"wp","href":"https:\/\/api.w.org\/{rel}","templated":true}]}}