{"id":4243,"date":"2017-11-22T17:00:55","date_gmt":"2017-11-22T17:00:55","guid":{"rendered":"http:\/\/www.evropskakuca.me\/me\/?p=4243"},"modified":"2017-11-22T17:00:55","modified_gmt":"2017-11-22T17:00:55","slug":"srednjoskolci-ucili-o-ucescu-vojske-crne-gore-u-eu-misijama","status":"publish","type":"post","link":"https:\/\/www.evropskakuca.me\/me\/srednjoskolci-ucili-o-ucescu-vojske-crne-gore-u-eu-misijama\/","title":{"rendered":"Srednjo\u0161kolci u\u010dili o u\u010de\u0161\u0107u Vojske Crne Gore u EU misijama"},"content":{"rendered":"<p>PODGORICA, 22. novembar 2017. &#8211; <strong>\u00a0<\/strong>Pripadnici Vojske Crne Gore, na panelu odr\u017eanom u EU info centru, podijelili su svoja iskustva iz u\u010de\u0161\u0107a u misijama EUTM u Republici Mali i operaciji EU NAVFOR Atalanta u vodama Somalije sa podgori\u010dkim sred\u0161njo\u0161kolcima.<\/p>\n<p><img fetchpriority=\"high\" decoding=\"async\" class=\"alignleft wp-image-4245 size-large\" src=\"http:\/\/www.evropskakuca.me\/wp-content\/uploads\/2017\/11\/171122_vojska_cg-1-1024x683.jpg\" alt=\"\" width=\"1024\" height=\"683\" \/><\/p>\n<p>Savjetnik u Direkciji za NATO i EU u Ministarstvu odbrane Nikola Radunovi\u0107 podsjetio je da su prvi crnogorski oficiri upu\u0107eni u mirovnu operaciju EU u Somaliji 2010. godine kada je Crna gora i postala \u010dlanica zajedni\u010dkog sistema odbrane EU &#8211; Zajedni\u010dke odbrambene i bezbjednosne politike (Common Security and Defence Policy \u2013 CSDP). Ovaj mehanizam, definisan u\u00a0 Lisabonu 2009. godine je klju\u010dni dio zajedni\u010dke spoljne i bezbjednosne politike, jednog od osnovnih stubova EU.<\/p>\n<p>Osim u ovoj operaciji, na\u0161i vojnici su od 2014. godine anga\u017eovani i u misiji EU u Maliju, kao vo\u0111e logisti\u010dkih timova koji za cilj imaju da obu\u010davaju pripadnike malijskih snaga. Potred ove dvije, EU ima jo\u0161 \u010detiri vojne misije u Bosni, u sredozemlju i u Somaliji.<\/p>\n<p><img decoding=\"async\" class=\"alignleft wp-image-4249 size-medium\" src=\"http:\/\/www.evropskakuca.me\/wp-content\/uploads\/2017\/11\/171122_vojska_cg-7-300x200.jpg\" alt=\"\" width=\"300\" height=\"200\" \/><\/p>\n<p>Kako je kazao major Milutin Mili\u010di\u0107, u misiji u Maliju Vojska Crne Gore u\u010destvuje sa jednim logisti\u010dkim oficirom, koji je anga\u017eovan na obuci pripadnika oru\u017eanih snaga te zemlje.<\/p>\n<p>Kapetan korvete Zoran Samard\u017ei\u0107 objasnio je da je cilj operacije EU NAVFOR Atalanta prvenstveno da \u0161titi brodova UN-a, koji preko Svjetskog programa hrane distribuiraju neophodnu pomo\u0107 osiroma\u0161enom stanovni\u0161tvu Somalije. U okviru ove misije oficiri i podoficiri Mornarice Vojske Crne Gore anga\u017eovani su na savezni\u010dkim brodovima, prvenstveno gr\u010dkim i italijanskim, ali i u \u0161tabu komande operacije u Nortvudu, u Engleskoj.<\/p>\n<p>On je govore\u0107i o benefitima anga\u017eovanja crnogorske vojske u ovim misijama, naglasio da je time dr\u017eava Crna Gora prepoznata kao pouzdan partner, koji je spreman i sposoban do doprinese EU i NATO vo\u0111enim operacijama.<\/p>\n<p><img decoding=\"async\" class=\"alignright wp-image-4247 size-medium\" src=\"http:\/\/www.evropskakuca.me\/wp-content\/uploads\/2017\/11\/171122_vojska_cg-5-300x200.jpg\" alt=\"\" width=\"300\" height=\"200\" \/>\u201eMornarica je na svom nivou, po ljudskim i materijalnim kapacitetima, uspjela da odoli ovom izazovu da po prvi put po\u0161alje tim na drugi kraj svijeta, u jednu dr\u017eavu koja je slabo obezbije\u0111ena i nesigurna\u201c, naveo je Samard\u017ei\u0107 dodaju\u0107i da su predstavnici Crne Gore svojim profesionalnim nastupom doprinijeli pozitivnom imid\u017eu zemlje u multinacionalnom okru\u017eenju.<\/p>\n<p>Prezentacije predstavnika vojske Crne Gore inspirisale su podgori\u010dke \u0111ake na diskusiju koja je uslijedila, a me\u0111u pitanjima koja su ih interesovala bila je saradnja sa vojnim snagama u regionu, ali i ostatku svijeta, kao i to da li u vojne misije idu i \u017eene?<\/p>\n","protected":false},"excerpt":{"rendered":"<p>Vojnici podijelili iskustvo sa \u0111acima<\/p>\n","protected":false},"author":1,"featured_media":33042,"comment_status":"open","ping_status":"open","sticky":false,"template":"","format":"standard","meta":{"_acf_changed":false,"footnotes":""},"categories":[283],"tags":[],"class_list":["post-4243","post","type-post","status-publish","format-standard","has-post-thumbnail","hentry","category-novosti-me"],"acf":[],"yoast_head":"<!-- This site is optimized with the Yoast SEO plugin v27.3 - https:\/\/yoast.com\/product\/yoast-seo-wordpress\/ -->\n<title>Srednjo\u0161kolci u\u010dili o u\u010de\u0161\u0107u Vojske Crne Gore u EU misijama - Europe House<\/title>\n<meta name=\"robots\" content=\"index, follow, max-snippet:-1, max-image-preview:large, max-video-preview:-1\" \/>\n<link rel=\"canonical\" href=\"https:\/\/www.evropskakuca.me\/me\/srednjoskolci-ucili-o-ucescu-vojske-crne-gore-u-eu-misijama\/\" \/>\n<meta property=\"og:locale\" content=\"en_US\" \/>\n<meta property=\"og:type\" content=\"article\" \/>\n<meta property=\"og:title\" content=\"Srednjo\u0161kolci u\u010dili o u\u010de\u0161\u0107u Vojske Crne Gore u EU misijama - Europe House\" \/>\n<meta property=\"og:description\" content=\"Vojnici podijelili iskustvo sa \u0111acima\" \/>\n<meta property=\"og:url\" content=\"https:\/\/www.evropskakuca.me\/me\/srednjoskolci-ucili-o-ucescu-vojske-crne-gore-u-eu-misijama\/\" \/>\n<meta property=\"og:site_name\" content=\"Europe House\" \/>\n<meta property=\"article:publisher\" content=\"https:\/\/www.facebook.com\/evropska.kuca\" \/>\n<meta property=\"article:published_time\" content=\"2017-11-22T17:00:55+00:00\" \/>\n<meta property=\"og:image\" content=\"https:\/\/www.evropskakuca.me\/wp-content\/uploads\/2017\/11\/171122_vojska_cg-9-1024x683.jpg\" \/>\n\t<meta property=\"og:image:width\" content=\"1024\" \/>\n\t<meta property=\"og:image:height\" content=\"683\" \/>\n\t<meta property=\"og:image:type\" content=\"image\/jpeg\" \/>\n<meta name=\"author\" content=\"mkajic\" \/>\n<meta name=\"twitter:card\" content=\"summary_large_image\" \/>\n<meta name=\"twitter:creator\" content=\"@evropska_kuca\" \/>\n<meta name=\"twitter:site\" content=\"@evropska_kuca\" \/>\n<meta name=\"twitter:label1\" content=\"Written by\" \/>\n\t<meta name=\"twitter:data1\" content=\"mkajic\" \/>\n\t<meta name=\"twitter:label2\" content=\"Est. reading time\" \/>\n\t<meta name=\"twitter:data2\" content=\"2 minutes\" \/>\n<script type=\"application\/ld+json\" class=\"yoast-schema-graph\">{\"@context\":\"https:\\\/\\\/schema.org\",\"@graph\":[{\"@type\":\"Article\",\"@id\":\"https:\\\/\\\/www.evropskakuca.me\\\/me\\\/srednjoskolci-ucili-o-ucescu-vojske-crne-gore-u-eu-misijama\\\/#article\",\"isPartOf\":{\"@id\":\"https:\\\/\\\/www.evropskakuca.me\\\/me\\\/srednjoskolci-ucili-o-ucescu-vojske-crne-gore-u-eu-misijama\\\/\"},\"author\":{\"name\":\"mkajic\",\"@id\":\"https:\\\/\\\/www.evropskakuca.me\\\/me\\\/#\\\/schema\\\/person\\\/a1d0dcdaefe4a1cd1d60d200ea137ba4\"},\"headline\":\"Srednjo\u0161kolci u\u010dili o u\u010de\u0161\u0107u Vojske Crne Gore u EU misijama\",\"datePublished\":\"2017-11-22T17:00:55+00:00\",\"mainEntityOfPage\":{\"@id\":\"https:\\\/\\\/www.evropskakuca.me\\\/me\\\/srednjoskolci-ucili-o-ucescu-vojske-crne-gore-u-eu-misijama\\\/\"},\"wordCount\":423,\"commentCount\":0,\"publisher\":{\"@id\":\"https:\\\/\\\/www.evropskakuca.me\\\/me\\\/#organization\"},\"image\":{\"@id\":\"https:\\\/\\\/www.evropskakuca.me\\\/me\\\/srednjoskolci-ucili-o-ucescu-vojske-crne-gore-u-eu-misijama\\\/#primaryimage\"},\"thumbnailUrl\":\"https:\\\/\\\/www.evropskakuca.me\\\/wp-content\\\/uploads\\\/2017\\\/11\\\/171122_vojska_cg-9.jpg\",\"articleSection\":[\"Novosti\"],\"inLanguage\":\"me-ME\",\"potentialAction\":[{\"@type\":\"CommentAction\",\"name\":\"Comment\",\"target\":[\"https:\\\/\\\/www.evropskakuca.me\\\/me\\\/srednjoskolci-ucili-o-ucescu-vojske-crne-gore-u-eu-misijama\\\/#respond\"]}]},{\"@type\":\"WebPage\",\"@id\":\"https:\\\/\\\/www.evropskakuca.me\\\/me\\\/srednjoskolci-ucili-o-ucescu-vojske-crne-gore-u-eu-misijama\\\/\",\"url\":\"https:\\\/\\\/www.evropskakuca.me\\\/me\\\/srednjoskolci-ucili-o-ucescu-vojske-crne-gore-u-eu-misijama\\\/\",\"name\":\"Srednjo\u0161kolci u\u010dili o u\u010de\u0161\u0107u Vojske Crne Gore u EU misijama - Europe House\",\"isPartOf\":{\"@id\":\"https:\\\/\\\/www.evropskakuca.me\\\/me\\\/#website\"},\"primaryImageOfPage\":{\"@id\":\"https:\\\/\\\/www.evropskakuca.me\\\/me\\\/srednjoskolci-ucili-o-ucescu-vojske-crne-gore-u-eu-misijama\\\/#primaryimage\"},\"image\":{\"@id\":\"https:\\\/\\\/www.evropskakuca.me\\\/me\\\/srednjoskolci-ucili-o-ucescu-vojske-crne-gore-u-eu-misijama\\\/#primaryimage\"},\"thumbnailUrl\":\"https:\\\/\\\/www.evropskakuca.me\\\/wp-content\\\/uploads\\\/2017\\\/11\\\/171122_vojska_cg-9.jpg\",\"datePublished\":\"2017-11-22T17:00:55+00:00\",\"breadcrumb\":{\"@id\":\"https:\\\/\\\/www.evropskakuca.me\\\/me\\\/srednjoskolci-ucili-o-ucescu-vojske-crne-gore-u-eu-misijama\\\/#breadcrumb\"},\"inLanguage\":\"me-ME\",\"potentialAction\":[{\"@type\":\"ReadAction\",\"target\":[\"https:\\\/\\\/www.evropskakuca.me\\\/me\\\/srednjoskolci-ucili-o-ucescu-vojske-crne-gore-u-eu-misijama\\\/\"]}]},{\"@type\":\"ImageObject\",\"inLanguage\":\"me-ME\",\"@id\":\"https:\\\/\\\/www.evropskakuca.me\\\/me\\\/srednjoskolci-ucili-o-ucescu-vojske-crne-gore-u-eu-misijama\\\/#primaryimage\",\"url\":\"https:\\\/\\\/www.evropskakuca.me\\\/wp-content\\\/uploads\\\/2017\\\/11\\\/171122_vojska_cg-9.jpg\",\"contentUrl\":\"https:\\\/\\\/www.evropskakuca.me\\\/wp-content\\\/uploads\\\/2017\\\/11\\\/171122_vojska_cg-9.jpg\",\"width\":2028,\"height\":1352},{\"@type\":\"BreadcrumbList\",\"@id\":\"https:\\\/\\\/www.evropskakuca.me\\\/me\\\/srednjoskolci-ucili-o-ucescu-vojske-crne-gore-u-eu-misijama\\\/#breadcrumb\",\"itemListElement\":[{\"@type\":\"ListItem\",\"position\":1,\"name\":\"Home\",\"item\":\"https:\\\/\\\/www.evropskakuca.me\\\/me\\\/\"},{\"@type\":\"ListItem\",\"position\":2,\"name\":\"Srednjo\u0161kolci u\u010dili o u\u010de\u0161\u0107u Vojske Crne Gore u EU misijama\"}]},{\"@type\":\"WebSite\",\"@id\":\"https:\\\/\\\/www.evropskakuca.me\\\/me\\\/#website\",\"url\":\"https:\\\/\\\/www.evropskakuca.me\\\/me\\\/\",\"name\":\"Evropean house\",\"description\":\"\",\"publisher\":{\"@id\":\"https:\\\/\\\/www.evropskakuca.me\\\/me\\\/#organization\"},\"potentialAction\":[{\"@type\":\"SearchAction\",\"target\":{\"@type\":\"EntryPoint\",\"urlTemplate\":\"https:\\\/\\\/www.evropskakuca.me\\\/me\\\/?s={search_term_string}\"},\"query-input\":{\"@type\":\"PropertyValueSpecification\",\"valueRequired\":true,\"valueName\":\"search_term_string\"}}],\"inLanguage\":\"me-ME\"},{\"@type\":\"Organization\",\"@id\":\"https:\\\/\\\/www.evropskakuca.me\\\/me\\\/#organization\",\"name\":\"Evropean house\",\"url\":\"https:\\\/\\\/www.evropskakuca.me\\\/me\\\/\",\"logo\":{\"@type\":\"ImageObject\",\"inLanguage\":\"me-ME\",\"@id\":\"https:\\\/\\\/www.evropskakuca.me\\\/me\\\/#\\\/schema\\\/logo\\\/image\\\/\",\"url\":\"https:\\\/\\\/www.evropskakuca.me\\\/wp-content\\\/uploads\\\/2025\\\/01\\\/evropska-kuca-logo-1.png\",\"contentUrl\":\"https:\\\/\\\/www.evropskakuca.me\\\/wp-content\\\/uploads\\\/2025\\\/01\\\/evropska-kuca-logo-1.png\",\"width\":425,\"height\":312,\"caption\":\"Evropean house\"},\"image\":{\"@id\":\"https:\\\/\\\/www.evropskakuca.me\\\/me\\\/#\\\/schema\\\/logo\\\/image\\\/\"},\"sameAs\":[\"https:\\\/\\\/www.facebook.com\\\/evropska.kuca\",\"https:\\\/\\\/x.com\\\/evropska_kuca\",\"https:\\\/\\\/www.instagram.com\\\/evropska_kuca\"]},{\"@type\":\"Person\",\"@id\":\"https:\\\/\\\/www.evropskakuca.me\\\/me\\\/#\\\/schema\\\/person\\\/a1d0dcdaefe4a1cd1d60d200ea137ba4\",\"name\":\"mkajic\",\"image\":{\"@type\":\"ImageObject\",\"inLanguage\":\"me-ME\",\"@id\":\"https:\\\/\\\/secure.gravatar.com\\\/avatar\\\/731fa035cefab7316e6bafd1f25a93fb731a07de14e2d9923f8db4422628eabc?s=96&d=mm&r=g\",\"url\":\"https:\\\/\\\/secure.gravatar.com\\\/avatar\\\/731fa035cefab7316e6bafd1f25a93fb731a07de14e2d9923f8db4422628eabc?s=96&d=mm&r=g\",\"contentUrl\":\"https:\\\/\\\/secure.gravatar.com\\\/avatar\\\/731fa035cefab7316e6bafd1f25a93fb731a07de14e2d9923f8db4422628eabc?s=96&d=mm&r=g\",\"caption\":\"mkajic\"},\"sameAs\":[\"https:\\\/\\\/evropskakuca.me\"],\"url\":\"https:\\\/\\\/www.evropskakuca.me\\\/me\\\/author\\\/mkajic\\\/\"}]}<\/script>\n<!-- \/ Yoast SEO plugin. -->","yoast_head_json":{"title":"Srednjo\u0161kolci u\u010dili o u\u010de\u0161\u0107u Vojske Crne Gore u EU misijama - Europe House","robots":{"index":"index","follow":"follow","max-snippet":"max-snippet:-1","max-image-preview":"max-image-preview:large","max-video-preview":"max-video-preview:-1"},"canonical":"https:\/\/www.evropskakuca.me\/me\/srednjoskolci-ucili-o-ucescu-vojske-crne-gore-u-eu-misijama\/","og_locale":"en_US","og_type":"article","og_title":"Srednjo\u0161kolci u\u010dili o u\u010de\u0161\u0107u Vojske Crne Gore u EU misijama - Europe House","og_description":"Vojnici podijelili iskustvo sa \u0111acima","og_url":"https:\/\/www.evropskakuca.me\/me\/srednjoskolci-ucili-o-ucescu-vojske-crne-gore-u-eu-misijama\/","og_site_name":"Europe House","article_publisher":"https:\/\/www.facebook.com\/evropska.kuca","article_published_time":"2017-11-22T17:00:55+00:00","og_image":[{"width":1024,"height":683,"url":"https:\/\/www.evropskakuca.me\/wp-content\/uploads\/2017\/11\/171122_vojska_cg-9-1024x683.jpg","type":"image\/jpeg"}],"author":"mkajic","twitter_card":"summary_large_image","twitter_creator":"@evropska_kuca","twitter_site":"@evropska_kuca","twitter_misc":{"Written by":"mkajic","Est. reading time":"2 minutes"},"schema":{"@context":"https:\/\/schema.org","@graph":[{"@type":"Article","@id":"https:\/\/www.evropskakuca.me\/me\/srednjoskolci-ucili-o-ucescu-vojske-crne-gore-u-eu-misijama\/#article","isPartOf":{"@id":"https:\/\/www.evropskakuca.me\/me\/srednjoskolci-ucili-o-ucescu-vojske-crne-gore-u-eu-misijama\/"},"author":{"name":"mkajic","@id":"https:\/\/www.evropskakuca.me\/me\/#\/schema\/person\/a1d0dcdaefe4a1cd1d60d200ea137ba4"},"headline":"Srednjo\u0161kolci u\u010dili o u\u010de\u0161\u0107u Vojske Crne Gore u EU misijama","datePublished":"2017-11-22T17:00:55+00:00","mainEntityOfPage":{"@id":"https:\/\/www.evropskakuca.me\/me\/srednjoskolci-ucili-o-ucescu-vojske-crne-gore-u-eu-misijama\/"},"wordCount":423,"commentCount":0,"publisher":{"@id":"https:\/\/www.evropskakuca.me\/me\/#organization"},"image":{"@id":"https:\/\/www.evropskakuca.me\/me\/srednjoskolci-ucili-o-ucescu-vojske-crne-gore-u-eu-misijama\/#primaryimage"},"thumbnailUrl":"https:\/\/www.evropskakuca.me\/wp-content\/uploads\/2017\/11\/171122_vojska_cg-9.jpg","articleSection":["Novosti"],"inLanguage":"me-ME","potentialAction":[{"@type":"CommentAction","name":"Comment","target":["https:\/\/www.evropskakuca.me\/me\/srednjoskolci-ucili-o-ucescu-vojske-crne-gore-u-eu-misijama\/#respond"]}]},{"@type":"WebPage","@id":"https:\/\/www.evropskakuca.me\/me\/srednjoskolci-ucili-o-ucescu-vojske-crne-gore-u-eu-misijama\/","url":"https:\/\/www.evropskakuca.me\/me\/srednjoskolci-ucili-o-ucescu-vojske-crne-gore-u-eu-misijama\/","name":"Srednjo\u0161kolci u\u010dili o u\u010de\u0161\u0107u Vojske Crne Gore u EU misijama - Europe House","isPartOf":{"@id":"https:\/\/www.evropskakuca.me\/me\/#website"},"primaryImageOfPage":{"@id":"https:\/\/www.evropskakuca.me\/me\/srednjoskolci-ucili-o-ucescu-vojske-crne-gore-u-eu-misijama\/#primaryimage"},"image":{"@id":"https:\/\/www.evropskakuca.me\/me\/srednjoskolci-ucili-o-ucescu-vojske-crne-gore-u-eu-misijama\/#primaryimage"},"thumbnailUrl":"https:\/\/www.evropskakuca.me\/wp-content\/uploads\/2017\/11\/171122_vojska_cg-9.jpg","datePublished":"2017-11-22T17:00:55+00:00","breadcrumb":{"@id":"https:\/\/www.evropskakuca.me\/me\/srednjoskolci-ucili-o-ucescu-vojske-crne-gore-u-eu-misijama\/#breadcrumb"},"inLanguage":"me-ME","potentialAction":[{"@type":"ReadAction","target":["https:\/\/www.evropskakuca.me\/me\/srednjoskolci-ucili-o-ucescu-vojske-crne-gore-u-eu-misijama\/"]}]},{"@type":"ImageObject","inLanguage":"me-ME","@id":"https:\/\/www.evropskakuca.me\/me\/srednjoskolci-ucili-o-ucescu-vojske-crne-gore-u-eu-misijama\/#primaryimage","url":"https:\/\/www.evropskakuca.me\/wp-content\/uploads\/2017\/11\/171122_vojska_cg-9.jpg","contentUrl":"https:\/\/www.evropskakuca.me\/wp-content\/uploads\/2017\/11\/171122_vojska_cg-9.jpg","width":2028,"height":1352},{"@type":"BreadcrumbList","@id":"https:\/\/www.evropskakuca.me\/me\/srednjoskolci-ucili-o-ucescu-vojske-crne-gore-u-eu-misijama\/#breadcrumb","itemListElement":[{"@type":"ListItem","position":1,"name":"Home","item":"https:\/\/www.evropskakuca.me\/me\/"},{"@type":"ListItem","position":2,"name":"Srednjo\u0161kolci u\u010dili o u\u010de\u0161\u0107u Vojske Crne Gore u EU misijama"}]},{"@type":"WebSite","@id":"https:\/\/www.evropskakuca.me\/me\/#website","url":"https:\/\/www.evropskakuca.me\/me\/","name":"Evropean house","description":"","publisher":{"@id":"https:\/\/www.evropskakuca.me\/me\/#organization"},"potentialAction":[{"@type":"SearchAction","target":{"@type":"EntryPoint","urlTemplate":"https:\/\/www.evropskakuca.me\/me\/?s={search_term_string}"},"query-input":{"@type":"PropertyValueSpecification","valueRequired":true,"valueName":"search_term_string"}}],"inLanguage":"me-ME"},{"@type":"Organization","@id":"https:\/\/www.evropskakuca.me\/me\/#organization","name":"Evropean house","url":"https:\/\/www.evropskakuca.me\/me\/","logo":{"@type":"ImageObject","inLanguage":"me-ME","@id":"https:\/\/www.evropskakuca.me\/me\/#\/schema\/logo\/image\/","url":"https:\/\/www.evropskakuca.me\/wp-content\/uploads\/2025\/01\/evropska-kuca-logo-1.png","contentUrl":"https:\/\/www.evropskakuca.me\/wp-content\/uploads\/2025\/01\/evropska-kuca-logo-1.png","width":425,"height":312,"caption":"Evropean house"},"image":{"@id":"https:\/\/www.evropskakuca.me\/me\/#\/schema\/logo\/image\/"},"sameAs":["https:\/\/www.facebook.com\/evropska.kuca","https:\/\/x.com\/evropska_kuca","https:\/\/www.instagram.com\/evropska_kuca"]},{"@type":"Person","@id":"https:\/\/www.evropskakuca.me\/me\/#\/schema\/person\/a1d0dcdaefe4a1cd1d60d200ea137ba4","name":"mkajic","image":{"@type":"ImageObject","inLanguage":"me-ME","@id":"https:\/\/secure.gravatar.com\/avatar\/731fa035cefab7316e6bafd1f25a93fb731a07de14e2d9923f8db4422628eabc?s=96&d=mm&r=g","url":"https:\/\/secure.gravatar.com\/avatar\/731fa035cefab7316e6bafd1f25a93fb731a07de14e2d9923f8db4422628eabc?s=96&d=mm&r=g","contentUrl":"https:\/\/secure.gravatar.com\/avatar\/731fa035cefab7316e6bafd1f25a93fb731a07de14e2d9923f8db4422628eabc?s=96&d=mm&r=g","caption":"mkajic"},"sameAs":["https:\/\/evropskakuca.me"],"url":"https:\/\/www.evropskakuca.me\/me\/author\/mkajic\/"}]}},"_links":{"self":[{"href":"https:\/\/www.evropskakuca.me\/me\/wp-json\/wp\/v2\/posts\/4243","targetHints":{"allow":["GET"]}}],"collection":[{"href":"https:\/\/www.evropskakuca.me\/me\/wp-json\/wp\/v2\/posts"}],"about":[{"href":"https:\/\/www.evropskakuca.me\/me\/wp-json\/wp\/v2\/types\/post"}],"author":[{"embeddable":true,"href":"https:\/\/www.evropskakuca.me\/me\/wp-json\/wp\/v2\/users\/1"}],"replies":[{"embeddable":true,"href":"https:\/\/www.evropskakuca.me\/me\/wp-json\/wp\/v2\/comments?post=4243"}],"version-history":[{"count":0,"href":"https:\/\/www.evropskakuca.me\/me\/wp-json\/wp\/v2\/posts\/4243\/revisions"}],"wp:featuredmedia":[{"embeddable":true,"href":"https:\/\/www.evropskakuca.me\/me\/wp-json\/wp\/v2\/media\/33042"}],"wp:attachment":[{"href":"https:\/\/www.evropskakuca.me\/me\/wp-json\/wp\/v2\/media?parent=4243"}],"wp:term":[{"taxonomy":"category","embeddable":true,"href":"https:\/\/www.evropskakuca.me\/me\/wp-json\/wp\/v2\/categories?post=4243"},{"taxonomy":"post_tag","embeddable":true,"href":"https:\/\/www.evropskakuca.me\/me\/wp-json\/wp\/v2\/tags?post=4243"}],"curies":[{"name":"wp","href":"https:\/\/api.w.org\/{rel}","templated":true}]}}