{"id":42287,"date":"2024-12-05T12:59:23","date_gmt":"2024-12-05T12:59:23","guid":{"rendered":"https:\/\/evropskakuca.me\/?p=42287"},"modified":"2025-01-20T12:41:01","modified_gmt":"2025-01-20T12:41:01","slug":"elektronske-usluge-kao-kljucni-pokretac-digitalne-transformacije-u-crnoj-gori","status":"publish","type":"post","link":"https:\/\/www.evropskakuca.me\/me\/elektronske-usluge-kao-kljucni-pokretac-digitalne-transformacije-u-crnoj-gori\/","title":{"rendered":"E-usluge klju\u010dni pokreta\u010d digitalne transformacije"},"content":{"rendered":"\n<p>Da digitalizacija nije samo tehnolo\u0161ka inovacija, ve\u0107 pokreta\u010d dru\u0161tvenog i ekonomskog napretka, sredstvo za unapre\u0111enje kvaliteta \u017eivota gra\u0111ana\/ki i temelj modernog dru\u0161tva, pokazuju rezultati projekta&nbsp;<em>\u201eE-usluge i digitalna infrastruktura kao odgovor na COVID-19\u201c<\/em>&nbsp;\u010diji je zavr\u0161etak danas obilje\u017een sve\u010danom izlo\u017ebom u holu Tehni\u010dkog fakulteta Univerziteta Crne Gore.<\/p>\n\n\n\n<p>Projekat, koji je finansirala Evropska unija, a sproveo Program Ujedinjenih nacija za razvoj (UNDP) u saradnji sa Ministarstvom javne uprave Crne Gore, imao je za cilj osna\u017eivanje digitalne transformacije Crne Gore, te postavljanje temelja za dugoro\u010dni razvoj.<\/p>\n\n\n\n<p>Posjetioci su imali priliku da kroz interaktivnu izlo\u017ebu QR kodova saznaju vi\u0161e o razvijenim&nbsp;&nbsp;&nbsp; elektronskim uslugama i rezultatima projekta, me\u0111u kojima su novi portal e-Uprave, portal Otvorenih podataka, napredni e-servisi namijenjeni roditeljima i studentima, digitalizovani servisi iz oblasti kulture, te brojne druge usluge koje karakteri\u0161u inovacije u digitalnom upravljanju.<\/p>\n\n\n\n<figure class=\"wp-block-image size-large\"><img fetchpriority=\"high\" decoding=\"async\" width=\"1024\" height=\"682\" src=\"https:\/\/www.evropskakuca.me\/wp-content\/uploads\/2024\/12\/viber_image_2024-12-05_12-07-11-422-1024x682.jpg\" alt=\"\" class=\"wp-image-42282\" srcset=\"https:\/\/www.evropskakuca.me\/wp-content\/uploads\/2024\/12\/viber_image_2024-12-05_12-07-11-422-1024x682.jpg 1024w, https:\/\/www.evropskakuca.me\/wp-content\/uploads\/2024\/12\/viber_image_2024-12-05_12-07-11-422-300x200.jpg 300w, https:\/\/www.evropskakuca.me\/wp-content\/uploads\/2024\/12\/viber_image_2024-12-05_12-07-11-422-768x512.jpg 768w, https:\/\/www.evropskakuca.me\/wp-content\/uploads\/2024\/12\/viber_image_2024-12-05_12-07-11-422.jpg 1280w\" sizes=\"(max-width: 1024px) 100vw, 1024px\" \/><\/figure>\n\n\n\n<p>Novi portal e-uprave sa preko 45 e-usluga, ja\u010danje institucionalnih kapaciteta kroz obuku nove generacije stru\u010dnjaka u javnoj upravi u oblastima digitalnog upravljanja i sajber bezbjednosti, opremljenost institucija na lokalnom i centralnom nivou tehnologijom i ekspertizom, te primjena vje\u0161ta\u010dke inteligencije u dono\u0161enju odluka i pru\u017eanju usluga &#8211; samo su neke od uspje\u0161no realizovanih aktivnosti u okviru pomenutog projekta, \u010dija je implementacija zapo\u010dela 2021. godine.<\/p>\n\n\n\n<p>Ambasador Evropske unije u Crnoj Gori,&nbsp;<strong>Johan Satler<\/strong>, kazao je da urpkos izazovima i preprekama kao \u0161to je bila pandemija i sajber napad, EU, UNDP i Vlada Crne Gore su uspjeli da uspje\u0161no spovedu projekat i razviju \u010detrdeset novih e-usluga.<\/p>\n\n\n\n<figure class=\"wp-block-image size-large\"><img decoding=\"async\" width=\"1024\" height=\"682\" src=\"https:\/\/www.evropskakuca.me\/wp-content\/uploads\/2024\/12\/viber_image_2024-12-05_12-07-11-492-1024x682.jpg\" alt=\"\" class=\"wp-image-42284\" srcset=\"https:\/\/www.evropskakuca.me\/wp-content\/uploads\/2024\/12\/viber_image_2024-12-05_12-07-11-492-1024x682.jpg 1024w, https:\/\/www.evropskakuca.me\/wp-content\/uploads\/2024\/12\/viber_image_2024-12-05_12-07-11-492-300x200.jpg 300w, https:\/\/www.evropskakuca.me\/wp-content\/uploads\/2024\/12\/viber_image_2024-12-05_12-07-11-492-768x512.jpg 768w, https:\/\/www.evropskakuca.me\/wp-content\/uploads\/2024\/12\/viber_image_2024-12-05_12-07-11-492.jpg 1280w\" sizes=\"(max-width: 1024px) 100vw, 1024px\" \/><\/figure>\n\n\n\n<p>\u201cDanas gotovo svaki roditelj upisuje svoje dijete u vrti\u0107 putem interneta, a studenti vi\u0161e ne \u010dekaju u redovima za jednostavne administrativne poslove. Ove promjene mogu djelovati kao sitnice, ali one predstavljaju primjer dobre uprave i odra\u017eavaju ono \u0161to gra\u0111ani o\u010dekuju od svojih vlada.<br>Ovo nije samo tehnologija \u2013 to je ulaganje u budu\u0107nost Crne Gore, budu\u0107nost definisanu transparentno\u0161\u0107u, inkluzivno\u0161\u0107u i inovacijama, u skladu s onim \u0161to ve\u0107ina zemalja EU ve\u0107 radi.<br>U tom smislu, EU je bila i ostaje pouzdan partner Crne Gore. Kroz instrumente poput IPA, Digitalne Evrope, Investicionog okvira za Zapadni Balkan (WBIF) i novih inicijativa &#8211; Plana rasta i Reformske agende, pru\u017eamo podr\u0161ku uskla\u0111ivanju Crne Gore s EU standardima i nudimo dosad nevi\u0111enu podr\u0161ku reformskim naporima,\u201c kazao je Satler.<\/p>\n\n\n\n<p>Ministar javne uprave,&nbsp;<strong>Marash Dukaj<\/strong>, istakao je da razvoj digitalne transformacije nije mogu\u0107 bez stalne me\u0111uinstitucionalne saradnje, te kontinuiranog, predanog rada i truda, zahvaljuju\u0107i kojima danas mo\u017eemo govoriti o razvijenim i implementiranim prioritetnim elektronskim uslugama.<\/p>\n\n\n\n<p>\u201eUnapre\u0111enje elektronske uprave u Crnoj Gori zahtijeva kontinuitet, ne samo zbog potrebe uskla\u0111ivanja sa zakonskim regulativama i praksom EU, ve\u0107 i stalnog uskla\u0111ivanja sa IT rje\u0161enjima, koja se brzo unapre\u0111uju. Krajnji cilj ovog projekta zacrtan je na po\u010detku &#8211; podizanje svijesti gra\u0111ana i privrede o prednostima kori\u0161\u0107enja digitalnih servisa. Smatram da su zacrtani ciljevi postignuti, ali da na putu stvaranja otvorene i odr\u017eive elektronske uprave u Crnoj Gori, imamo jo\u0161 dosta posla\u201d, kazao je Dukaj.<\/p>\n\n\n\n<p>Stalna predstavnica UNDP u Crnoj Gori,&nbsp;<strong>Ekaterina Panikova<\/strong>, saop\u0161tila je da dostignu\u0107a nisu samo zna\u010dajne prekretnice, ve\u0107 predstavljaju temelje inkluzivnog, efikasnog i sigurnog dru\u0161tva.<\/p>\n\n\n\n<p>\u201cOva transformacija je duboko uskla\u0111ena sa Ciljevima odr\u017eivog razvoja i principima Agende 2030, nagla\u0161avaju\u0107i inkluzivnost, odr\u017eivost i inovacije kao pokreta\u010de napretka. Tako\u0111e, dopunjuje posve\u0107enost Crne Gore EU reformskom programu, posebno u digitalnom sektoru, gdje su modernizacija i reforma upravljanja klju\u010dni stubovi. Zajedno, ovi okviri osna\u017euju digitalizaciju kao temelj ekonomskog rasta, efikasnosti javnih usluga i dru\u0161tvene otpornosti\u201d, dodala je Paniklova.<\/p>\n\n\n\n<p><\/p>\n","protected":false},"excerpt":{"rendered":"<p>Da digitalizacija nije samo tehnolo\u0161ka inovacija, ve\u0107 pokreta\u010d dru\u0161tvenog i ekonomskog napretka, sredstvo za unapre\u0111enje kvaliteta \u017eivota gra\u0111ana\/ki i temelj modernog dru\u0161tva, pokazuju rezultati projekta&nbsp;\u201eE-usluge i digitalna infrastruktura kao odgovor na COVID-19\u201c&nbsp;\u010diji je zavr\u0161etak danas obilje\u017een sve\u010danom izlo\u017ebom u holu Tehni\u010dkog fakulteta Univerziteta Crne Gore. Projekat, koji je finansirala Evropska unija, a sproveo Program Ujedinjenih [&hellip;]<\/p>\n","protected":false},"author":3,"featured_media":42280,"comment_status":"closed","ping_status":"open","sticky":false,"template":"","format":"standard","meta":{"_acf_changed":false,"footnotes":""},"categories":[283],"tags":[],"class_list":["post-42287","post","type-post","status-publish","format-standard","has-post-thumbnail","hentry","category-novosti-me"],"acf":[],"yoast_head":"<!-- This site is optimized with the Yoast SEO plugin v27.3 - https:\/\/yoast.com\/product\/yoast-seo-wordpress\/ -->\n<title>E-usluge klju\u010dni pokreta\u010d digitalne transformacije - Europe House<\/title>\n<meta name=\"robots\" content=\"index, follow, max-snippet:-1, max-image-preview:large, max-video-preview:-1\" \/>\n<link rel=\"canonical\" href=\"https:\/\/www.evropskakuca.me\/me\/elektronske-usluge-kao-kljucni-pokretac-digitalne-transformacije-u-crnoj-gori\/\" \/>\n<meta property=\"og:locale\" content=\"en_US\" \/>\n<meta property=\"og:type\" content=\"article\" \/>\n<meta property=\"og:title\" content=\"E-usluge klju\u010dni pokreta\u010d digitalne transformacije - Europe House\" \/>\n<meta property=\"og:description\" content=\"Da digitalizacija nije samo tehnolo\u0161ka inovacija, ve\u0107 pokreta\u010d dru\u0161tvenog i ekonomskog napretka, sredstvo za unapre\u0111enje kvaliteta \u017eivota gra\u0111ana\/ki i temelj modernog dru\u0161tva, pokazuju rezultati projekta&nbsp;\u201eE-usluge i digitalna infrastruktura kao odgovor na COVID-19\u201c&nbsp;\u010diji je zavr\u0161etak danas obilje\u017een sve\u010danom izlo\u017ebom u holu Tehni\u010dkog fakulteta Univerziteta Crne Gore. Projekat, koji je finansirala Evropska unija, a sproveo Program Ujedinjenih [&hellip;]\" \/>\n<meta property=\"og:url\" content=\"https:\/\/www.evropskakuca.me\/me\/elektronske-usluge-kao-kljucni-pokretac-digitalne-transformacije-u-crnoj-gori\/\" \/>\n<meta property=\"og:site_name\" content=\"Europe House\" \/>\n<meta property=\"article:publisher\" content=\"https:\/\/www.facebook.com\/evropska.kuca\" \/>\n<meta property=\"article:published_time\" content=\"2024-12-05T12:59:23+00:00\" \/>\n<meta property=\"article:modified_time\" content=\"2025-01-20T12:41:01+00:00\" \/>\n<meta property=\"og:image\" content=\"https:\/\/www.evropskakuca.me\/wp-content\/uploads\/2024\/12\/viber_image_2024-12-05_12-07-11-643.jpg\" \/>\n\t<meta property=\"og:image:width\" content=\"1280\" \/>\n\t<meta property=\"og:image:height\" content=\"853\" \/>\n\t<meta property=\"og:image:type\" content=\"image\/jpeg\" \/>\n<meta name=\"author\" content=\"Aleksandar Vukovic\" \/>\n<meta name=\"twitter:card\" content=\"summary_large_image\" \/>\n<meta name=\"twitter:creator\" content=\"@evropska_kuca\" \/>\n<meta name=\"twitter:site\" content=\"@evropska_kuca\" \/>\n<meta name=\"twitter:label1\" content=\"Written by\" \/>\n\t<meta name=\"twitter:data1\" content=\"Aleksandar Vukovic\" \/>\n\t<meta name=\"twitter:label2\" content=\"Est. reading time\" \/>\n\t<meta name=\"twitter:data2\" content=\"3 minutes\" \/>\n<script type=\"application\/ld+json\" class=\"yoast-schema-graph\">{\"@context\":\"https:\\\/\\\/schema.org\",\"@graph\":[{\"@type\":\"Article\",\"@id\":\"https:\\\/\\\/www.evropskakuca.me\\\/me\\\/elektronske-usluge-kao-kljucni-pokretac-digitalne-transformacije-u-crnoj-gori\\\/#article\",\"isPartOf\":{\"@id\":\"https:\\\/\\\/www.evropskakuca.me\\\/me\\\/elektronske-usluge-kao-kljucni-pokretac-digitalne-transformacije-u-crnoj-gori\\\/\"},\"author\":{\"name\":\"Aleksandar Vukovic\",\"@id\":\"https:\\\/\\\/www.evropskakuca.me\\\/me\\\/#\\\/schema\\\/person\\\/7e16527119c7b67f457996b970f2bd6e\"},\"headline\":\"E-usluge klju\u010dni pokreta\u010d digitalne transformacije\",\"datePublished\":\"2024-12-05T12:59:23+00:00\",\"dateModified\":\"2025-01-20T12:41:01+00:00\",\"mainEntityOfPage\":{\"@id\":\"https:\\\/\\\/www.evropskakuca.me\\\/me\\\/elektronske-usluge-kao-kljucni-pokretac-digitalne-transformacije-u-crnoj-gori\\\/\"},\"wordCount\":628,\"publisher\":{\"@id\":\"https:\\\/\\\/www.evropskakuca.me\\\/me\\\/#organization\"},\"image\":{\"@id\":\"https:\\\/\\\/www.evropskakuca.me\\\/me\\\/elektronske-usluge-kao-kljucni-pokretac-digitalne-transformacije-u-crnoj-gori\\\/#primaryimage\"},\"thumbnailUrl\":\"https:\\\/\\\/www.evropskakuca.me\\\/wp-content\\\/uploads\\\/2024\\\/12\\\/viber_image_2024-12-05_12-07-11-643.jpg\",\"articleSection\":[\"Novosti\"],\"inLanguage\":\"me-ME\"},{\"@type\":\"WebPage\",\"@id\":\"https:\\\/\\\/www.evropskakuca.me\\\/me\\\/elektronske-usluge-kao-kljucni-pokretac-digitalne-transformacije-u-crnoj-gori\\\/\",\"url\":\"https:\\\/\\\/www.evropskakuca.me\\\/me\\\/elektronske-usluge-kao-kljucni-pokretac-digitalne-transformacije-u-crnoj-gori\\\/\",\"name\":\"E-usluge klju\u010dni pokreta\u010d digitalne transformacije - Europe House\",\"isPartOf\":{\"@id\":\"https:\\\/\\\/www.evropskakuca.me\\\/me\\\/#website\"},\"primaryImageOfPage\":{\"@id\":\"https:\\\/\\\/www.evropskakuca.me\\\/me\\\/elektronske-usluge-kao-kljucni-pokretac-digitalne-transformacije-u-crnoj-gori\\\/#primaryimage\"},\"image\":{\"@id\":\"https:\\\/\\\/www.evropskakuca.me\\\/me\\\/elektronske-usluge-kao-kljucni-pokretac-digitalne-transformacije-u-crnoj-gori\\\/#primaryimage\"},\"thumbnailUrl\":\"https:\\\/\\\/www.evropskakuca.me\\\/wp-content\\\/uploads\\\/2024\\\/12\\\/viber_image_2024-12-05_12-07-11-643.jpg\",\"datePublished\":\"2024-12-05T12:59:23+00:00\",\"dateModified\":\"2025-01-20T12:41:01+00:00\",\"breadcrumb\":{\"@id\":\"https:\\\/\\\/www.evropskakuca.me\\\/me\\\/elektronske-usluge-kao-kljucni-pokretac-digitalne-transformacije-u-crnoj-gori\\\/#breadcrumb\"},\"inLanguage\":\"me-ME\",\"potentialAction\":[{\"@type\":\"ReadAction\",\"target\":[\"https:\\\/\\\/www.evropskakuca.me\\\/me\\\/elektronske-usluge-kao-kljucni-pokretac-digitalne-transformacije-u-crnoj-gori\\\/\"]}]},{\"@type\":\"ImageObject\",\"inLanguage\":\"me-ME\",\"@id\":\"https:\\\/\\\/www.evropskakuca.me\\\/me\\\/elektronske-usluge-kao-kljucni-pokretac-digitalne-transformacije-u-crnoj-gori\\\/#primaryimage\",\"url\":\"https:\\\/\\\/www.evropskakuca.me\\\/wp-content\\\/uploads\\\/2024\\\/12\\\/viber_image_2024-12-05_12-07-11-643.jpg\",\"contentUrl\":\"https:\\\/\\\/www.evropskakuca.me\\\/wp-content\\\/uploads\\\/2024\\\/12\\\/viber_image_2024-12-05_12-07-11-643.jpg\",\"width\":1280,\"height\":853},{\"@type\":\"BreadcrumbList\",\"@id\":\"https:\\\/\\\/www.evropskakuca.me\\\/me\\\/elektronske-usluge-kao-kljucni-pokretac-digitalne-transformacije-u-crnoj-gori\\\/#breadcrumb\",\"itemListElement\":[{\"@type\":\"ListItem\",\"position\":1,\"name\":\"Home\",\"item\":\"https:\\\/\\\/www.evropskakuca.me\\\/me\\\/\"},{\"@type\":\"ListItem\",\"position\":2,\"name\":\"E-usluge klju\u010dni pokreta\u010d digitalne transformacije\"}]},{\"@type\":\"WebSite\",\"@id\":\"https:\\\/\\\/www.evropskakuca.me\\\/me\\\/#website\",\"url\":\"https:\\\/\\\/www.evropskakuca.me\\\/me\\\/\",\"name\":\"Evropean house\",\"description\":\"\",\"publisher\":{\"@id\":\"https:\\\/\\\/www.evropskakuca.me\\\/me\\\/#organization\"},\"potentialAction\":[{\"@type\":\"SearchAction\",\"target\":{\"@type\":\"EntryPoint\",\"urlTemplate\":\"https:\\\/\\\/www.evropskakuca.me\\\/me\\\/?s={search_term_string}\"},\"query-input\":{\"@type\":\"PropertyValueSpecification\",\"valueRequired\":true,\"valueName\":\"search_term_string\"}}],\"inLanguage\":\"me-ME\"},{\"@type\":\"Organization\",\"@id\":\"https:\\\/\\\/www.evropskakuca.me\\\/me\\\/#organization\",\"name\":\"Evropean house\",\"url\":\"https:\\\/\\\/www.evropskakuca.me\\\/me\\\/\",\"logo\":{\"@type\":\"ImageObject\",\"inLanguage\":\"me-ME\",\"@id\":\"https:\\\/\\\/www.evropskakuca.me\\\/me\\\/#\\\/schema\\\/logo\\\/image\\\/\",\"url\":\"https:\\\/\\\/www.evropskakuca.me\\\/wp-content\\\/uploads\\\/2025\\\/01\\\/evropska-kuca-logo-1.png\",\"contentUrl\":\"https:\\\/\\\/www.evropskakuca.me\\\/wp-content\\\/uploads\\\/2025\\\/01\\\/evropska-kuca-logo-1.png\",\"width\":425,\"height\":312,\"caption\":\"Evropean house\"},\"image\":{\"@id\":\"https:\\\/\\\/www.evropskakuca.me\\\/me\\\/#\\\/schema\\\/logo\\\/image\\\/\"},\"sameAs\":[\"https:\\\/\\\/www.facebook.com\\\/evropska.kuca\",\"https:\\\/\\\/x.com\\\/evropska_kuca\",\"https:\\\/\\\/www.instagram.com\\\/evropska_kuca\"]},{\"@type\":\"Person\",\"@id\":\"https:\\\/\\\/www.evropskakuca.me\\\/me\\\/#\\\/schema\\\/person\\\/7e16527119c7b67f457996b970f2bd6e\",\"name\":\"Aleksandar Vukovic\",\"image\":{\"@type\":\"ImageObject\",\"inLanguage\":\"me-ME\",\"@id\":\"https:\\\/\\\/secure.gravatar.com\\\/avatar\\\/a1834e0104b0242a886079bde835ba36d80c70f9987a11f3ba33eb9e8d74cc15?s=96&d=mm&r=g\",\"url\":\"https:\\\/\\\/secure.gravatar.com\\\/avatar\\\/a1834e0104b0242a886079bde835ba36d80c70f9987a11f3ba33eb9e8d74cc15?s=96&d=mm&r=g\",\"contentUrl\":\"https:\\\/\\\/secure.gravatar.com\\\/avatar\\\/a1834e0104b0242a886079bde835ba36d80c70f9987a11f3ba33eb9e8d74cc15?s=96&d=mm&r=g\",\"caption\":\"Aleksandar Vukovic\"},\"url\":\"https:\\\/\\\/www.evropskakuca.me\\\/me\\\/author\\\/aleksandar\\\/\"}]}<\/script>\n<!-- \/ Yoast SEO plugin. -->","yoast_head_json":{"title":"E-usluge klju\u010dni pokreta\u010d digitalne transformacije - Europe House","robots":{"index":"index","follow":"follow","max-snippet":"max-snippet:-1","max-image-preview":"max-image-preview:large","max-video-preview":"max-video-preview:-1"},"canonical":"https:\/\/www.evropskakuca.me\/me\/elektronske-usluge-kao-kljucni-pokretac-digitalne-transformacije-u-crnoj-gori\/","og_locale":"en_US","og_type":"article","og_title":"E-usluge klju\u010dni pokreta\u010d digitalne transformacije - Europe House","og_description":"Da digitalizacija nije samo tehnolo\u0161ka inovacija, ve\u0107 pokreta\u010d dru\u0161tvenog i ekonomskog napretka, sredstvo za unapre\u0111enje kvaliteta \u017eivota gra\u0111ana\/ki i temelj modernog dru\u0161tva, pokazuju rezultati projekta&nbsp;\u201eE-usluge i digitalna infrastruktura kao odgovor na COVID-19\u201c&nbsp;\u010diji je zavr\u0161etak danas obilje\u017een sve\u010danom izlo\u017ebom u holu Tehni\u010dkog fakulteta Univerziteta Crne Gore. Projekat, koji je finansirala Evropska unija, a sproveo Program Ujedinjenih [&hellip;]","og_url":"https:\/\/www.evropskakuca.me\/me\/elektronske-usluge-kao-kljucni-pokretac-digitalne-transformacije-u-crnoj-gori\/","og_site_name":"Europe House","article_publisher":"https:\/\/www.facebook.com\/evropska.kuca","article_published_time":"2024-12-05T12:59:23+00:00","article_modified_time":"2025-01-20T12:41:01+00:00","og_image":[{"width":1280,"height":853,"url":"https:\/\/www.evropskakuca.me\/wp-content\/uploads\/2024\/12\/viber_image_2024-12-05_12-07-11-643.jpg","type":"image\/jpeg"}],"author":"Aleksandar Vukovic","twitter_card":"summary_large_image","twitter_creator":"@evropska_kuca","twitter_site":"@evropska_kuca","twitter_misc":{"Written by":"Aleksandar Vukovic","Est. reading time":"3 minutes"},"schema":{"@context":"https:\/\/schema.org","@graph":[{"@type":"Article","@id":"https:\/\/www.evropskakuca.me\/me\/elektronske-usluge-kao-kljucni-pokretac-digitalne-transformacije-u-crnoj-gori\/#article","isPartOf":{"@id":"https:\/\/www.evropskakuca.me\/me\/elektronske-usluge-kao-kljucni-pokretac-digitalne-transformacije-u-crnoj-gori\/"},"author":{"name":"Aleksandar Vukovic","@id":"https:\/\/www.evropskakuca.me\/me\/#\/schema\/person\/7e16527119c7b67f457996b970f2bd6e"},"headline":"E-usluge klju\u010dni pokreta\u010d digitalne transformacije","datePublished":"2024-12-05T12:59:23+00:00","dateModified":"2025-01-20T12:41:01+00:00","mainEntityOfPage":{"@id":"https:\/\/www.evropskakuca.me\/me\/elektronske-usluge-kao-kljucni-pokretac-digitalne-transformacije-u-crnoj-gori\/"},"wordCount":628,"publisher":{"@id":"https:\/\/www.evropskakuca.me\/me\/#organization"},"image":{"@id":"https:\/\/www.evropskakuca.me\/me\/elektronske-usluge-kao-kljucni-pokretac-digitalne-transformacije-u-crnoj-gori\/#primaryimage"},"thumbnailUrl":"https:\/\/www.evropskakuca.me\/wp-content\/uploads\/2024\/12\/viber_image_2024-12-05_12-07-11-643.jpg","articleSection":["Novosti"],"inLanguage":"me-ME"},{"@type":"WebPage","@id":"https:\/\/www.evropskakuca.me\/me\/elektronske-usluge-kao-kljucni-pokretac-digitalne-transformacije-u-crnoj-gori\/","url":"https:\/\/www.evropskakuca.me\/me\/elektronske-usluge-kao-kljucni-pokretac-digitalne-transformacije-u-crnoj-gori\/","name":"E-usluge klju\u010dni pokreta\u010d digitalne transformacije - Europe House","isPartOf":{"@id":"https:\/\/www.evropskakuca.me\/me\/#website"},"primaryImageOfPage":{"@id":"https:\/\/www.evropskakuca.me\/me\/elektronske-usluge-kao-kljucni-pokretac-digitalne-transformacije-u-crnoj-gori\/#primaryimage"},"image":{"@id":"https:\/\/www.evropskakuca.me\/me\/elektronske-usluge-kao-kljucni-pokretac-digitalne-transformacije-u-crnoj-gori\/#primaryimage"},"thumbnailUrl":"https:\/\/www.evropskakuca.me\/wp-content\/uploads\/2024\/12\/viber_image_2024-12-05_12-07-11-643.jpg","datePublished":"2024-12-05T12:59:23+00:00","dateModified":"2025-01-20T12:41:01+00:00","breadcrumb":{"@id":"https:\/\/www.evropskakuca.me\/me\/elektronske-usluge-kao-kljucni-pokretac-digitalne-transformacije-u-crnoj-gori\/#breadcrumb"},"inLanguage":"me-ME","potentialAction":[{"@type":"ReadAction","target":["https:\/\/www.evropskakuca.me\/me\/elektronske-usluge-kao-kljucni-pokretac-digitalne-transformacije-u-crnoj-gori\/"]}]},{"@type":"ImageObject","inLanguage":"me-ME","@id":"https:\/\/www.evropskakuca.me\/me\/elektronske-usluge-kao-kljucni-pokretac-digitalne-transformacije-u-crnoj-gori\/#primaryimage","url":"https:\/\/www.evropskakuca.me\/wp-content\/uploads\/2024\/12\/viber_image_2024-12-05_12-07-11-643.jpg","contentUrl":"https:\/\/www.evropskakuca.me\/wp-content\/uploads\/2024\/12\/viber_image_2024-12-05_12-07-11-643.jpg","width":1280,"height":853},{"@type":"BreadcrumbList","@id":"https:\/\/www.evropskakuca.me\/me\/elektronske-usluge-kao-kljucni-pokretac-digitalne-transformacije-u-crnoj-gori\/#breadcrumb","itemListElement":[{"@type":"ListItem","position":1,"name":"Home","item":"https:\/\/www.evropskakuca.me\/me\/"},{"@type":"ListItem","position":2,"name":"E-usluge klju\u010dni pokreta\u010d digitalne transformacije"}]},{"@type":"WebSite","@id":"https:\/\/www.evropskakuca.me\/me\/#website","url":"https:\/\/www.evropskakuca.me\/me\/","name":"Evropean house","description":"","publisher":{"@id":"https:\/\/www.evropskakuca.me\/me\/#organization"},"potentialAction":[{"@type":"SearchAction","target":{"@type":"EntryPoint","urlTemplate":"https:\/\/www.evropskakuca.me\/me\/?s={search_term_string}"},"query-input":{"@type":"PropertyValueSpecification","valueRequired":true,"valueName":"search_term_string"}}],"inLanguage":"me-ME"},{"@type":"Organization","@id":"https:\/\/www.evropskakuca.me\/me\/#organization","name":"Evropean house","url":"https:\/\/www.evropskakuca.me\/me\/","logo":{"@type":"ImageObject","inLanguage":"me-ME","@id":"https:\/\/www.evropskakuca.me\/me\/#\/schema\/logo\/image\/","url":"https:\/\/www.evropskakuca.me\/wp-content\/uploads\/2025\/01\/evropska-kuca-logo-1.png","contentUrl":"https:\/\/www.evropskakuca.me\/wp-content\/uploads\/2025\/01\/evropska-kuca-logo-1.png","width":425,"height":312,"caption":"Evropean house"},"image":{"@id":"https:\/\/www.evropskakuca.me\/me\/#\/schema\/logo\/image\/"},"sameAs":["https:\/\/www.facebook.com\/evropska.kuca","https:\/\/x.com\/evropska_kuca","https:\/\/www.instagram.com\/evropska_kuca"]},{"@type":"Person","@id":"https:\/\/www.evropskakuca.me\/me\/#\/schema\/person\/7e16527119c7b67f457996b970f2bd6e","name":"Aleksandar Vukovic","image":{"@type":"ImageObject","inLanguage":"me-ME","@id":"https:\/\/secure.gravatar.com\/avatar\/a1834e0104b0242a886079bde835ba36d80c70f9987a11f3ba33eb9e8d74cc15?s=96&d=mm&r=g","url":"https:\/\/secure.gravatar.com\/avatar\/a1834e0104b0242a886079bde835ba36d80c70f9987a11f3ba33eb9e8d74cc15?s=96&d=mm&r=g","contentUrl":"https:\/\/secure.gravatar.com\/avatar\/a1834e0104b0242a886079bde835ba36d80c70f9987a11f3ba33eb9e8d74cc15?s=96&d=mm&r=g","caption":"Aleksandar Vukovic"},"url":"https:\/\/www.evropskakuca.me\/me\/author\/aleksandar\/"}]}},"_links":{"self":[{"href":"https:\/\/www.evropskakuca.me\/me\/wp-json\/wp\/v2\/posts\/42287","targetHints":{"allow":["GET"]}}],"collection":[{"href":"https:\/\/www.evropskakuca.me\/me\/wp-json\/wp\/v2\/posts"}],"about":[{"href":"https:\/\/www.evropskakuca.me\/me\/wp-json\/wp\/v2\/types\/post"}],"author":[{"embeddable":true,"href":"https:\/\/www.evropskakuca.me\/me\/wp-json\/wp\/v2\/users\/3"}],"replies":[{"embeddable":true,"href":"https:\/\/www.evropskakuca.me\/me\/wp-json\/wp\/v2\/comments?post=42287"}],"version-history":[{"count":5,"href":"https:\/\/www.evropskakuca.me\/me\/wp-json\/wp\/v2\/posts\/42287\/revisions"}],"predecessor-version":[{"id":42399,"href":"https:\/\/www.evropskakuca.me\/me\/wp-json\/wp\/v2\/posts\/42287\/revisions\/42399"}],"wp:featuredmedia":[{"embeddable":true,"href":"https:\/\/www.evropskakuca.me\/me\/wp-json\/wp\/v2\/media\/42280"}],"wp:attachment":[{"href":"https:\/\/www.evropskakuca.me\/me\/wp-json\/wp\/v2\/media?parent=42287"}],"wp:term":[{"taxonomy":"category","embeddable":true,"href":"https:\/\/www.evropskakuca.me\/me\/wp-json\/wp\/v2\/categories?post=42287"},{"taxonomy":"post_tag","embeddable":true,"href":"https:\/\/www.evropskakuca.me\/me\/wp-json\/wp\/v2\/tags?post=42287"}],"curies":[{"name":"wp","href":"https:\/\/api.w.org\/{rel}","templated":true}]}}