{"id":4173,"date":"2017-11-14T12:44:29","date_gmt":"2017-11-14T12:44:29","guid":{"rendered":"http:\/\/www.evropskakuca.me\/me\/?p=4173"},"modified":"2017-11-14T12:44:29","modified_gmt":"2017-11-14T12:44:29","slug":"kako-protiv-djecjeg-prosjacenja","status":"publish","type":"post","link":"https:\/\/www.evropskakuca.me\/me\/kako-protiv-djecjeg-prosjacenja\/","title":{"rendered":"Kako protiv dje\u010djeg prosja\u010denja?"},"content":{"rendered":"<p>PODGORICA, 14. novembar 2017. &#8211; Centar za demokratiju i ljudska prava (CEDEM) predstavio je u EU info centru rezultate istra\u017eivanja problema dje\u010djeg prosja\u010denja u Crnoj Gori. Nalazi istra\u017eivanja pokazali su da je dje\u010dje prosja\u010denje u najve\u0107em broju slu\u010dajeva inicirano, podr\u017eavano ili tolerisano od strane roditelja te da ono zapravo \u010dini strategiju porodi\u010dnog pre\u017eivljavanja romskih i egip\u0107anskih porodica koje \u017eive u veoma lo\u0161im socio-ekonomskim uslovima.<\/p>\n<p><img fetchpriority=\"high\" decoding=\"async\" class=\"alignleft wp-image-4177 size-medium\" src=\"http:\/\/www.evropskakuca.me\/wp-content\/uploads\/2017\/11\/Cedem-prosjacenje-08-13112017-300x200.jpg\" alt=\"\" width=\"300\" height=\"200\" \/>\u201eAktivan rad sa roditeljima je klju\u010dan. Ukoliko se ne radi sa roditeljima i ako roditelji ne postavljaju prepreke djeci za prosja\u010denje, ve\u0107 naprotiv ih iniciraju da rade takve stvari, i ako se taj dio problema ne rije\u0161i vrlo te\u0161ko se mo\u017ee o\u010dekivati smanjenje dje\u010djeg prosja\u010denja i uop\u0161te za\u0161tita te djece\u201c, kazao je prof. dr Milo\u0161 Be\u0161i\u0107, metodolog i prire\u0111iva\u010d istra\u017eivanja.<\/p>\n<p>Osim nebrige roditelja, kao klju\u010dni uzrok dje\u010djeg prosja\u010denja navodi se i neu\u010de\u0161\u0107e Romske i Egip\u0107anske djece u redovnom \u0161kolovanju, zbog \u010dega se oni okre\u0107u mehanizmima \u2018snala\u017eenja\u2019 na ulici, ali i efekat romske zajednice u \u0161irem smislu, a koji proizvode segregirana romska naselja sa specifi\u010dnim na\u010dinom \u017eivota i, generalno, kulturom koja se u velikoj mjeri zasniva na \u2018snala\u017eenju\u2019 svake vrste.<\/p>\n<p>Istra\u017eivanje sugeri\u0161e da je klju\u010d borbe za suzbijanje prosja\u010denja da se djeca uklju\u010de u sistem obrazovanja, a da bi se to postiglo potrebno je obezbijediti saradnju roditelja koja se, kako su kazali, najefikasije posti\u017ee anga\u017emanom romskog medijatora i koordiniranim radom svih nadle\u017enih institucija. Osim toga, za rje\u0161avanje situacije na terenu kratkoro\u010dno, predla\u017ee se i osnivanje prihvatili\u0161ta za djecu \u017ertve prosja\u010denja, odnosno dnevnog boravka za djecu koja sada dana provode na ulici.<\/p>\n<p><img decoding=\"async\" class=\"alignright wp-image-4183 size-medium\" src=\"http:\/\/www.evropskakuca.me\/wp-content\/uploads\/2017\/11\/Cedem-prosjacenje-02-13112017-300x200.jpg\" alt=\"\" width=\"300\" height=\"200\" \/>Da je prosja\u010denje samo simptom ozbiljijeg problema koji se nastoji rije\u0161iti podr\u0161kom donatorskih organizacija potvr\u0111uju i iz njema\u010dke organizacije HELP.<\/p>\n<p>\u201eDje\u010dje prosja\u010denje nije izolovan problem. To je rezultat socio-ekonomskih karakteristika u kojima Romi i Egip\u0107ani \u017eive. Zbog toga borba protiv prosja\u010denja mora biti usmjerena upravo na pobolj\u0161anje tih socio-ekonomskih uslova i na sveukupnu inkluziju ove zajednice\u201c, kazao je regionalni koordinator Help-a Klaus Mok.<\/p>\n<p>&nbsp;<\/p>\n<p><img decoding=\"async\" class=\"aligncenter wp-image-4181 size-large\" src=\"http:\/\/www.evropskakuca.me\/wp-content\/uploads\/2017\/11\/Cedem-prosjacenje-10-13112017-1024x682.jpg\" alt=\"\" width=\"1024\" height=\"682\" \/>Istra\u017eivanje \u201eDje\u010dje prosja\u010denje u Crnoj Gori &#8211; klju\u010dni nalazi i preporuke\u201c realizovano je u septembru u \u0161est crnogorskih op\u0161tina: Berane, Bijelo Polje, Podgorica, Nik\u0161i\u0107, Bar i Tivat. Ono je dio projekta \u201ePromocija i za\u0161tita ljudskih prava Roma\/kinja, Egip\u0107ana\/ki i ostalih ranjivih grupa\u201c koji sprovodi Help, u saradnji sa CEDEM-om, Romskim obrazovnim fondom i Crvenim krstom Crne Gore, uz podr\u0161ku Evropske unije.<\/p>\n<p>Istra\u017eivanje mo\u017eete preuzeti <a href=\"http:\/\/www.cedem.me\/images\/jDownloads_new\/Djecje_prosjacenje.pdf\"><strong>ovdje<\/strong><\/a>.<\/p>\n","protected":false},"excerpt":{"rendered":"<p>CEDEM predstavio novo istra\u017eivanje<\/p>\n","protected":false},"author":1,"featured_media":33054,"comment_status":"open","ping_status":"open","sticky":false,"template":"","format":"standard","meta":{"_acf_changed":false,"footnotes":""},"categories":[],"tags":[],"class_list":["post-4173","post","type-post","status-publish","format-standard","has-post-thumbnail","hentry"],"acf":[],"yoast_head":"<!-- This site is optimized with the Yoast SEO plugin v27.3 - https:\/\/yoast.com\/product\/yoast-seo-wordpress\/ -->\n<title>Kako protiv dje\u010djeg prosja\u010denja? - Europe House<\/title>\n<meta name=\"robots\" content=\"index, follow, max-snippet:-1, max-image-preview:large, max-video-preview:-1\" \/>\n<link rel=\"canonical\" href=\"https:\/\/www.evropskakuca.me\/me\/kako-protiv-djecjeg-prosjacenja\/\" \/>\n<meta property=\"og:locale\" content=\"en_US\" \/>\n<meta property=\"og:type\" content=\"article\" \/>\n<meta property=\"og:title\" content=\"Kako protiv dje\u010djeg prosja\u010denja? - Europe House\" \/>\n<meta property=\"og:description\" content=\"CEDEM predstavio novo istra\u017eivanje\" \/>\n<meta property=\"og:url\" content=\"https:\/\/www.evropskakuca.me\/me\/kako-protiv-djecjeg-prosjacenja\/\" \/>\n<meta property=\"og:site_name\" content=\"Europe House\" \/>\n<meta property=\"article:publisher\" content=\"https:\/\/www.facebook.com\/evropska.kuca\" \/>\n<meta property=\"article:published_time\" content=\"2017-11-14T12:44:29+00:00\" \/>\n<meta property=\"og:image\" content=\"https:\/\/www.evropskakuca.me\/wp-content\/uploads\/2017\/11\/Cedem-prosjacenje-04-13112017.jpg\" \/>\n\t<meta property=\"og:image:width\" content=\"2024\" \/>\n\t<meta property=\"og:image:height\" content=\"1349\" \/>\n\t<meta property=\"og:image:type\" content=\"image\/jpeg\" \/>\n<meta name=\"author\" content=\"mkajic\" \/>\n<meta name=\"twitter:card\" content=\"summary_large_image\" \/>\n<meta name=\"twitter:creator\" content=\"@evropska_kuca\" \/>\n<meta name=\"twitter:site\" content=\"@evropska_kuca\" \/>\n<meta name=\"twitter:label1\" content=\"Written by\" \/>\n\t<meta name=\"twitter:data1\" content=\"mkajic\" \/>\n\t<meta name=\"twitter:label2\" content=\"Est. reading time\" \/>\n\t<meta name=\"twitter:data2\" content=\"2 minutes\" \/>\n<script type=\"application\/ld+json\" class=\"yoast-schema-graph\">{\"@context\":\"https:\\\/\\\/schema.org\",\"@graph\":[{\"@type\":\"Article\",\"@id\":\"https:\\\/\\\/www.evropskakuca.me\\\/me\\\/kako-protiv-djecjeg-prosjacenja\\\/#article\",\"isPartOf\":{\"@id\":\"https:\\\/\\\/www.evropskakuca.me\\\/me\\\/kako-protiv-djecjeg-prosjacenja\\\/\"},\"author\":{\"name\":\"mkajic\",\"@id\":\"https:\\\/\\\/www.evropskakuca.me\\\/me\\\/#\\\/schema\\\/person\\\/a1d0dcdaefe4a1cd1d60d200ea137ba4\"},\"headline\":\"Kako protiv dje\u010djeg prosja\u010denja?\",\"datePublished\":\"2017-11-14T12:44:29+00:00\",\"mainEntityOfPage\":{\"@id\":\"https:\\\/\\\/www.evropskakuca.me\\\/me\\\/kako-protiv-djecjeg-prosjacenja\\\/\"},\"wordCount\":459,\"commentCount\":0,\"publisher\":{\"@id\":\"https:\\\/\\\/www.evropskakuca.me\\\/me\\\/#organization\"},\"image\":{\"@id\":\"https:\\\/\\\/www.evropskakuca.me\\\/me\\\/kako-protiv-djecjeg-prosjacenja\\\/#primaryimage\"},\"thumbnailUrl\":\"https:\\\/\\\/www.evropskakuca.me\\\/wp-content\\\/uploads\\\/2017\\\/11\\\/Cedem-prosjacenje-04-13112017.jpg\",\"inLanguage\":\"me-ME\",\"potentialAction\":[{\"@type\":\"CommentAction\",\"name\":\"Comment\",\"target\":[\"https:\\\/\\\/www.evropskakuca.me\\\/me\\\/kako-protiv-djecjeg-prosjacenja\\\/#respond\"]}]},{\"@type\":\"WebPage\",\"@id\":\"https:\\\/\\\/www.evropskakuca.me\\\/me\\\/kako-protiv-djecjeg-prosjacenja\\\/\",\"url\":\"https:\\\/\\\/www.evropskakuca.me\\\/me\\\/kako-protiv-djecjeg-prosjacenja\\\/\",\"name\":\"Kako protiv dje\u010djeg prosja\u010denja? - Europe House\",\"isPartOf\":{\"@id\":\"https:\\\/\\\/www.evropskakuca.me\\\/me\\\/#website\"},\"primaryImageOfPage\":{\"@id\":\"https:\\\/\\\/www.evropskakuca.me\\\/me\\\/kako-protiv-djecjeg-prosjacenja\\\/#primaryimage\"},\"image\":{\"@id\":\"https:\\\/\\\/www.evropskakuca.me\\\/me\\\/kako-protiv-djecjeg-prosjacenja\\\/#primaryimage\"},\"thumbnailUrl\":\"https:\\\/\\\/www.evropskakuca.me\\\/wp-content\\\/uploads\\\/2017\\\/11\\\/Cedem-prosjacenje-04-13112017.jpg\",\"datePublished\":\"2017-11-14T12:44:29+00:00\",\"breadcrumb\":{\"@id\":\"https:\\\/\\\/www.evropskakuca.me\\\/me\\\/kako-protiv-djecjeg-prosjacenja\\\/#breadcrumb\"},\"inLanguage\":\"me-ME\",\"potentialAction\":[{\"@type\":\"ReadAction\",\"target\":[\"https:\\\/\\\/www.evropskakuca.me\\\/me\\\/kako-protiv-djecjeg-prosjacenja\\\/\"]}]},{\"@type\":\"ImageObject\",\"inLanguage\":\"me-ME\",\"@id\":\"https:\\\/\\\/www.evropskakuca.me\\\/me\\\/kako-protiv-djecjeg-prosjacenja\\\/#primaryimage\",\"url\":\"https:\\\/\\\/www.evropskakuca.me\\\/wp-content\\\/uploads\\\/2017\\\/11\\\/Cedem-prosjacenje-04-13112017.jpg\",\"contentUrl\":\"https:\\\/\\\/www.evropskakuca.me\\\/wp-content\\\/uploads\\\/2017\\\/11\\\/Cedem-prosjacenje-04-13112017.jpg\",\"width\":2024,\"height\":1349},{\"@type\":\"BreadcrumbList\",\"@id\":\"https:\\\/\\\/www.evropskakuca.me\\\/me\\\/kako-protiv-djecjeg-prosjacenja\\\/#breadcrumb\",\"itemListElement\":[{\"@type\":\"ListItem\",\"position\":1,\"name\":\"Home\",\"item\":\"https:\\\/\\\/www.evropskakuca.me\\\/me\\\/\"},{\"@type\":\"ListItem\",\"position\":2,\"name\":\"Kako protiv dje\u010djeg prosja\u010denja?\"}]},{\"@type\":\"WebSite\",\"@id\":\"https:\\\/\\\/www.evropskakuca.me\\\/me\\\/#website\",\"url\":\"https:\\\/\\\/www.evropskakuca.me\\\/me\\\/\",\"name\":\"Evropean house\",\"description\":\"\",\"publisher\":{\"@id\":\"https:\\\/\\\/www.evropskakuca.me\\\/me\\\/#organization\"},\"potentialAction\":[{\"@type\":\"SearchAction\",\"target\":{\"@type\":\"EntryPoint\",\"urlTemplate\":\"https:\\\/\\\/www.evropskakuca.me\\\/me\\\/?s={search_term_string}\"},\"query-input\":{\"@type\":\"PropertyValueSpecification\",\"valueRequired\":true,\"valueName\":\"search_term_string\"}}],\"inLanguage\":\"me-ME\"},{\"@type\":\"Organization\",\"@id\":\"https:\\\/\\\/www.evropskakuca.me\\\/me\\\/#organization\",\"name\":\"Evropean house\",\"url\":\"https:\\\/\\\/www.evropskakuca.me\\\/me\\\/\",\"logo\":{\"@type\":\"ImageObject\",\"inLanguage\":\"me-ME\",\"@id\":\"https:\\\/\\\/www.evropskakuca.me\\\/me\\\/#\\\/schema\\\/logo\\\/image\\\/\",\"url\":\"https:\\\/\\\/www.evropskakuca.me\\\/wp-content\\\/uploads\\\/2025\\\/01\\\/evropska-kuca-logo-1.png\",\"contentUrl\":\"https:\\\/\\\/www.evropskakuca.me\\\/wp-content\\\/uploads\\\/2025\\\/01\\\/evropska-kuca-logo-1.png\",\"width\":425,\"height\":312,\"caption\":\"Evropean house\"},\"image\":{\"@id\":\"https:\\\/\\\/www.evropskakuca.me\\\/me\\\/#\\\/schema\\\/logo\\\/image\\\/\"},\"sameAs\":[\"https:\\\/\\\/www.facebook.com\\\/evropska.kuca\",\"https:\\\/\\\/x.com\\\/evropska_kuca\",\"https:\\\/\\\/www.instagram.com\\\/evropska_kuca\"]},{\"@type\":\"Person\",\"@id\":\"https:\\\/\\\/www.evropskakuca.me\\\/me\\\/#\\\/schema\\\/person\\\/a1d0dcdaefe4a1cd1d60d200ea137ba4\",\"name\":\"mkajic\",\"image\":{\"@type\":\"ImageObject\",\"inLanguage\":\"me-ME\",\"@id\":\"https:\\\/\\\/secure.gravatar.com\\\/avatar\\\/731fa035cefab7316e6bafd1f25a93fb731a07de14e2d9923f8db4422628eabc?s=96&d=mm&r=g\",\"url\":\"https:\\\/\\\/secure.gravatar.com\\\/avatar\\\/731fa035cefab7316e6bafd1f25a93fb731a07de14e2d9923f8db4422628eabc?s=96&d=mm&r=g\",\"contentUrl\":\"https:\\\/\\\/secure.gravatar.com\\\/avatar\\\/731fa035cefab7316e6bafd1f25a93fb731a07de14e2d9923f8db4422628eabc?s=96&d=mm&r=g\",\"caption\":\"mkajic\"},\"sameAs\":[\"https:\\\/\\\/evropskakuca.me\"],\"url\":\"https:\\\/\\\/www.evropskakuca.me\\\/me\\\/author\\\/mkajic\\\/\"}]}<\/script>\n<!-- \/ Yoast SEO plugin. -->","yoast_head_json":{"title":"Kako protiv dje\u010djeg prosja\u010denja? - Europe House","robots":{"index":"index","follow":"follow","max-snippet":"max-snippet:-1","max-image-preview":"max-image-preview:large","max-video-preview":"max-video-preview:-1"},"canonical":"https:\/\/www.evropskakuca.me\/me\/kako-protiv-djecjeg-prosjacenja\/","og_locale":"en_US","og_type":"article","og_title":"Kako protiv dje\u010djeg prosja\u010denja? - Europe House","og_description":"CEDEM predstavio novo istra\u017eivanje","og_url":"https:\/\/www.evropskakuca.me\/me\/kako-protiv-djecjeg-prosjacenja\/","og_site_name":"Europe House","article_publisher":"https:\/\/www.facebook.com\/evropska.kuca","article_published_time":"2017-11-14T12:44:29+00:00","og_image":[{"width":2024,"height":1349,"url":"https:\/\/www.evropskakuca.me\/wp-content\/uploads\/2017\/11\/Cedem-prosjacenje-04-13112017.jpg","type":"image\/jpeg"}],"author":"mkajic","twitter_card":"summary_large_image","twitter_creator":"@evropska_kuca","twitter_site":"@evropska_kuca","twitter_misc":{"Written by":"mkajic","Est. reading time":"2 minutes"},"schema":{"@context":"https:\/\/schema.org","@graph":[{"@type":"Article","@id":"https:\/\/www.evropskakuca.me\/me\/kako-protiv-djecjeg-prosjacenja\/#article","isPartOf":{"@id":"https:\/\/www.evropskakuca.me\/me\/kako-protiv-djecjeg-prosjacenja\/"},"author":{"name":"mkajic","@id":"https:\/\/www.evropskakuca.me\/me\/#\/schema\/person\/a1d0dcdaefe4a1cd1d60d200ea137ba4"},"headline":"Kako protiv dje\u010djeg prosja\u010denja?","datePublished":"2017-11-14T12:44:29+00:00","mainEntityOfPage":{"@id":"https:\/\/www.evropskakuca.me\/me\/kako-protiv-djecjeg-prosjacenja\/"},"wordCount":459,"commentCount":0,"publisher":{"@id":"https:\/\/www.evropskakuca.me\/me\/#organization"},"image":{"@id":"https:\/\/www.evropskakuca.me\/me\/kako-protiv-djecjeg-prosjacenja\/#primaryimage"},"thumbnailUrl":"https:\/\/www.evropskakuca.me\/wp-content\/uploads\/2017\/11\/Cedem-prosjacenje-04-13112017.jpg","inLanguage":"me-ME","potentialAction":[{"@type":"CommentAction","name":"Comment","target":["https:\/\/www.evropskakuca.me\/me\/kako-protiv-djecjeg-prosjacenja\/#respond"]}]},{"@type":"WebPage","@id":"https:\/\/www.evropskakuca.me\/me\/kako-protiv-djecjeg-prosjacenja\/","url":"https:\/\/www.evropskakuca.me\/me\/kako-protiv-djecjeg-prosjacenja\/","name":"Kako protiv dje\u010djeg prosja\u010denja? - Europe House","isPartOf":{"@id":"https:\/\/www.evropskakuca.me\/me\/#website"},"primaryImageOfPage":{"@id":"https:\/\/www.evropskakuca.me\/me\/kako-protiv-djecjeg-prosjacenja\/#primaryimage"},"image":{"@id":"https:\/\/www.evropskakuca.me\/me\/kako-protiv-djecjeg-prosjacenja\/#primaryimage"},"thumbnailUrl":"https:\/\/www.evropskakuca.me\/wp-content\/uploads\/2017\/11\/Cedem-prosjacenje-04-13112017.jpg","datePublished":"2017-11-14T12:44:29+00:00","breadcrumb":{"@id":"https:\/\/www.evropskakuca.me\/me\/kako-protiv-djecjeg-prosjacenja\/#breadcrumb"},"inLanguage":"me-ME","potentialAction":[{"@type":"ReadAction","target":["https:\/\/www.evropskakuca.me\/me\/kako-protiv-djecjeg-prosjacenja\/"]}]},{"@type":"ImageObject","inLanguage":"me-ME","@id":"https:\/\/www.evropskakuca.me\/me\/kako-protiv-djecjeg-prosjacenja\/#primaryimage","url":"https:\/\/www.evropskakuca.me\/wp-content\/uploads\/2017\/11\/Cedem-prosjacenje-04-13112017.jpg","contentUrl":"https:\/\/www.evropskakuca.me\/wp-content\/uploads\/2017\/11\/Cedem-prosjacenje-04-13112017.jpg","width":2024,"height":1349},{"@type":"BreadcrumbList","@id":"https:\/\/www.evropskakuca.me\/me\/kako-protiv-djecjeg-prosjacenja\/#breadcrumb","itemListElement":[{"@type":"ListItem","position":1,"name":"Home","item":"https:\/\/www.evropskakuca.me\/me\/"},{"@type":"ListItem","position":2,"name":"Kako protiv dje\u010djeg prosja\u010denja?"}]},{"@type":"WebSite","@id":"https:\/\/www.evropskakuca.me\/me\/#website","url":"https:\/\/www.evropskakuca.me\/me\/","name":"Evropean house","description":"","publisher":{"@id":"https:\/\/www.evropskakuca.me\/me\/#organization"},"potentialAction":[{"@type":"SearchAction","target":{"@type":"EntryPoint","urlTemplate":"https:\/\/www.evropskakuca.me\/me\/?s={search_term_string}"},"query-input":{"@type":"PropertyValueSpecification","valueRequired":true,"valueName":"search_term_string"}}],"inLanguage":"me-ME"},{"@type":"Organization","@id":"https:\/\/www.evropskakuca.me\/me\/#organization","name":"Evropean house","url":"https:\/\/www.evropskakuca.me\/me\/","logo":{"@type":"ImageObject","inLanguage":"me-ME","@id":"https:\/\/www.evropskakuca.me\/me\/#\/schema\/logo\/image\/","url":"https:\/\/www.evropskakuca.me\/wp-content\/uploads\/2025\/01\/evropska-kuca-logo-1.png","contentUrl":"https:\/\/www.evropskakuca.me\/wp-content\/uploads\/2025\/01\/evropska-kuca-logo-1.png","width":425,"height":312,"caption":"Evropean house"},"image":{"@id":"https:\/\/www.evropskakuca.me\/me\/#\/schema\/logo\/image\/"},"sameAs":["https:\/\/www.facebook.com\/evropska.kuca","https:\/\/x.com\/evropska_kuca","https:\/\/www.instagram.com\/evropska_kuca"]},{"@type":"Person","@id":"https:\/\/www.evropskakuca.me\/me\/#\/schema\/person\/a1d0dcdaefe4a1cd1d60d200ea137ba4","name":"mkajic","image":{"@type":"ImageObject","inLanguage":"me-ME","@id":"https:\/\/secure.gravatar.com\/avatar\/731fa035cefab7316e6bafd1f25a93fb731a07de14e2d9923f8db4422628eabc?s=96&d=mm&r=g","url":"https:\/\/secure.gravatar.com\/avatar\/731fa035cefab7316e6bafd1f25a93fb731a07de14e2d9923f8db4422628eabc?s=96&d=mm&r=g","contentUrl":"https:\/\/secure.gravatar.com\/avatar\/731fa035cefab7316e6bafd1f25a93fb731a07de14e2d9923f8db4422628eabc?s=96&d=mm&r=g","caption":"mkajic"},"sameAs":["https:\/\/evropskakuca.me"],"url":"https:\/\/www.evropskakuca.me\/me\/author\/mkajic\/"}]}},"_links":{"self":[{"href":"https:\/\/www.evropskakuca.me\/me\/wp-json\/wp\/v2\/posts\/4173","targetHints":{"allow":["GET"]}}],"collection":[{"href":"https:\/\/www.evropskakuca.me\/me\/wp-json\/wp\/v2\/posts"}],"about":[{"href":"https:\/\/www.evropskakuca.me\/me\/wp-json\/wp\/v2\/types\/post"}],"author":[{"embeddable":true,"href":"https:\/\/www.evropskakuca.me\/me\/wp-json\/wp\/v2\/users\/1"}],"replies":[{"embeddable":true,"href":"https:\/\/www.evropskakuca.me\/me\/wp-json\/wp\/v2\/comments?post=4173"}],"version-history":[{"count":0,"href":"https:\/\/www.evropskakuca.me\/me\/wp-json\/wp\/v2\/posts\/4173\/revisions"}],"wp:featuredmedia":[{"embeddable":true,"href":"https:\/\/www.evropskakuca.me\/me\/wp-json\/wp\/v2\/media\/33054"}],"wp:attachment":[{"href":"https:\/\/www.evropskakuca.me\/me\/wp-json\/wp\/v2\/media?parent=4173"}],"wp:term":[{"taxonomy":"category","embeddable":true,"href":"https:\/\/www.evropskakuca.me\/me\/wp-json\/wp\/v2\/categories?post=4173"},{"taxonomy":"post_tag","embeddable":true,"href":"https:\/\/www.evropskakuca.me\/me\/wp-json\/wp\/v2\/tags?post=4173"}],"curies":[{"name":"wp","href":"https:\/\/api.w.org\/{rel}","templated":true}]}}