{"id":4122,"date":"2017-11-06T13:56:22","date_gmt":"2017-11-06T13:56:22","guid":{"rendered":"http:\/\/www.evropskakuca.me\/me\/?p=4122"},"modified":"2017-11-06T13:56:22","modified_gmt":"2017-11-06T13:56:22","slug":"prvi-romski-portal-romalitika-mne","status":"publish","type":"post","link":"https:\/\/www.evropskakuca.me\/me\/prvi-romski-portal-romalitika-mne\/","title":{"rendered":"Prvi romski portal Romalitika MNE"},"content":{"rendered":"<p>Podgorica, 6. novembar 2017. \u2013 Koliko Mladi Romi znaju o svom jeziku, kulturi i istoriji imali su priliku da testiraju, a kasnije i poprave, u okviru \u0161estodnevnog ljetnjeg kampa za u\u010denje o romskom identitetu, koji je organizovala NVO Phiren Amenica, uz pomo\u0107 Evropske unije.<\/p>\n<p>Zainteresovani romski srednjo\u0161kolci i studenti su na kampu mogli da nau\u010de najosnovnije pojmove romskog jezika, ali i o kulturi i istoriji svojih predaka. Kroz online informator, koji je ura\u0111en u toku projekta, sa klju\u010dnim informacijama o jeziku, kulturi i identitetu Roma polaznici, i ne samo oni, mogu da ponove gradivo.<\/p>\n<p><img fetchpriority=\"high\" decoding=\"async\" class=\"alignleft wp-image-4125 \" src=\"http:\/\/www.evropskakuca.me\/wp-content\/uploads\/2017\/11\/171106_romalitika-2.jpg\" alt=\"\" width=\"311\" height=\"207\" \/>\u201eNe samo u Crnoj Gori, ve\u0107 i \u0161ire, Romi nemaju mogu\u0107nost da u\u010de na svom maternjem jeziku. Mi smo mi\u0161ljenja da bismo imali bolje rezultate, kada su u pitanju romska djeca u osnovnim \u0161kolama i generalno u sistemu obrazovanja, ukoliko bi se pru\u017eila mogu\u0107nost da romska djeca u\u010de na maternjem jeziku,\u201c rekao je \u00a0Elvis Beri\u0161a, izvr\u0161ni direktor NVO Phiren Amenica .<\/p>\n<p>Sredstva, od 3206 eura, za relizaciju kampa NVO Phiren Amenica je dobila od organizacije Help koja sprovodi projekat Promocija i za\u0161tita ljudskih prava Roma i Egip\u0107ana i ostalih ranjivih grupa. Kroz ovaj projekat dodijeljno je sedam grantova u cilju unapre\u0111enja \u017eivota Roma.<\/p>\n<p>\u201eBudu\u0107nost Roma i Egip\u0107ana zavisi od njih samih. Ukupno smo dodijelili sedam grantova, a dva implemetira NVO Phiren Amenica. Tematika kojom se ova organizacija bavi \u010dini mi se veoma va\u017enom za napredak \u010ditave romske populacije,\u201c rekao je Klaus Mok regionalni koordinator organizacije HELP.<\/p>\n<p>U komisiji za dodijelu grantova u\u010destvovalo je i ministarstvo rada i socijalnog staranja. Kako su saop\u0161tili iz te institucije dr\u017eava radi na tome da se pove\u0107a kvalitet obrazovanja pripadnika romske i egip\u0107anske populacije, te da romska djeca sa\u010duvaju i u\u010de svoj jezik i da ga kasnije aktivnije koriste.<img decoding=\"async\" class=\"wp-image-4128 alignright\" src=\"http:\/\/www.evropskakuca.me\/wp-content\/uploads\/2017\/11\/171106_romalitika-8.jpg\" alt=\"\" width=\"353\" height=\"235\" \/><\/p>\n<p>\u201eO\u010duvanje romskog jezika, odnosno o\u010duvanje identiteta Roma je, ne samo jedna od temeljnih vrijednosti Crne Gore i na\u0161eg ministarstva, nego su tu vrijednost prepoznali romske nevladine organizacije i Romski nacionalni savjet. Mislim da ovoj temi u budu\u0107nosti treba da damo jo\u0161 vi\u0161e va\u017enosti,\u201c poru\u010dio je Leon \u0110okaj, generalni direktor za unapre\u0111enje i za\u0161titu prava manjinskih naroda i drugih manjinskih nacionalnih zajednica.<\/p>\n<p>O tome tome \u0161ta je aktuleno u romskoj zajednici, koji su problemi i izazovi sa kojima se Romi u Crnoj Gori susre\u0107u,\u00a0 zaiteresovani pripadnici te zajednice mogu pro\u010ditati na prvom romskom portalu Romalitika MNE i to na maternjem jeziku. Izradu portala je pomogla \u00a0Evropska unija sa 3150 eura.<\/p>\n","protected":false},"excerpt":{"rendered":"<p>Cilj projekta je socijalna inkluzija Roma u Crnoj Gori <\/p>\n","protected":false},"author":1,"featured_media":33016,"comment_status":"open","ping_status":"open","sticky":false,"template":"","format":"standard","meta":{"_acf_changed":false,"footnotes":""},"categories":[],"tags":[],"class_list":["post-4122","post","type-post","status-publish","format-standard","has-post-thumbnail","hentry"],"acf":[],"yoast_head":"<!-- This site is optimized with the Yoast SEO plugin v27.3 - https:\/\/yoast.com\/product\/yoast-seo-wordpress\/ -->\n<title>Prvi romski portal Romalitika MNE - Europe House<\/title>\n<meta name=\"robots\" content=\"index, follow, max-snippet:-1, max-image-preview:large, max-video-preview:-1\" \/>\n<link rel=\"canonical\" href=\"https:\/\/www.evropskakuca.me\/me\/prvi-romski-portal-romalitika-mne\/\" \/>\n<meta property=\"og:locale\" content=\"en_US\" \/>\n<meta property=\"og:type\" content=\"article\" \/>\n<meta property=\"og:title\" content=\"Prvi romski portal Romalitika MNE - Europe House\" \/>\n<meta property=\"og:description\" content=\"Cilj projekta je socijalna inkluzija Roma u Crnoj Gori\" \/>\n<meta property=\"og:url\" content=\"https:\/\/www.evropskakuca.me\/me\/prvi-romski-portal-romalitika-mne\/\" \/>\n<meta property=\"og:site_name\" content=\"Europe House\" \/>\n<meta property=\"article:publisher\" content=\"https:\/\/www.facebook.com\/evropska.kuca\" \/>\n<meta property=\"article:published_time\" content=\"2017-11-06T13:56:22+00:00\" \/>\n<meta property=\"og:image\" content=\"https:\/\/www.evropskakuca.me\/wp-content\/uploads\/2017\/11\/171106_romalitika-7.jpg\" \/>\n\t<meta property=\"og:image:width\" content=\"1500\" \/>\n\t<meta property=\"og:image:height\" content=\"1000\" \/>\n\t<meta property=\"og:image:type\" content=\"image\/jpeg\" \/>\n<meta name=\"author\" content=\"mkajic\" \/>\n<meta name=\"twitter:card\" content=\"summary_large_image\" \/>\n<meta name=\"twitter:creator\" content=\"@evropska_kuca\" \/>\n<meta name=\"twitter:site\" content=\"@evropska_kuca\" \/>\n<meta name=\"twitter:label1\" content=\"Written by\" \/>\n\t<meta name=\"twitter:data1\" content=\"mkajic\" \/>\n\t<meta name=\"twitter:label2\" content=\"Est. reading time\" \/>\n\t<meta name=\"twitter:data2\" content=\"2 minutes\" \/>\n<script type=\"application\/ld+json\" class=\"yoast-schema-graph\">{\"@context\":\"https:\\\/\\\/schema.org\",\"@graph\":[{\"@type\":\"Article\",\"@id\":\"https:\\\/\\\/www.evropskakuca.me\\\/me\\\/prvi-romski-portal-romalitika-mne\\\/#article\",\"isPartOf\":{\"@id\":\"https:\\\/\\\/www.evropskakuca.me\\\/me\\\/prvi-romski-portal-romalitika-mne\\\/\"},\"author\":{\"name\":\"mkajic\",\"@id\":\"https:\\\/\\\/www.evropskakuca.me\\\/me\\\/#\\\/schema\\\/person\\\/a1d0dcdaefe4a1cd1d60d200ea137ba4\"},\"headline\":\"Prvi romski portal Romalitika MNE\",\"datePublished\":\"2017-11-06T13:56:22+00:00\",\"mainEntityOfPage\":{\"@id\":\"https:\\\/\\\/www.evropskakuca.me\\\/me\\\/prvi-romski-portal-romalitika-mne\\\/\"},\"wordCount\":433,\"commentCount\":0,\"publisher\":{\"@id\":\"https:\\\/\\\/www.evropskakuca.me\\\/me\\\/#organization\"},\"image\":{\"@id\":\"https:\\\/\\\/www.evropskakuca.me\\\/me\\\/prvi-romski-portal-romalitika-mne\\\/#primaryimage\"},\"thumbnailUrl\":\"https:\\\/\\\/www.evropskakuca.me\\\/wp-content\\\/uploads\\\/2017\\\/11\\\/171106_romalitika-7.jpg\",\"inLanguage\":\"me-ME\",\"potentialAction\":[{\"@type\":\"CommentAction\",\"name\":\"Comment\",\"target\":[\"https:\\\/\\\/www.evropskakuca.me\\\/me\\\/prvi-romski-portal-romalitika-mne\\\/#respond\"]}]},{\"@type\":\"WebPage\",\"@id\":\"https:\\\/\\\/www.evropskakuca.me\\\/me\\\/prvi-romski-portal-romalitika-mne\\\/\",\"url\":\"https:\\\/\\\/www.evropskakuca.me\\\/me\\\/prvi-romski-portal-romalitika-mne\\\/\",\"name\":\"Prvi romski portal Romalitika MNE - Europe House\",\"isPartOf\":{\"@id\":\"https:\\\/\\\/www.evropskakuca.me\\\/me\\\/#website\"},\"primaryImageOfPage\":{\"@id\":\"https:\\\/\\\/www.evropskakuca.me\\\/me\\\/prvi-romski-portal-romalitika-mne\\\/#primaryimage\"},\"image\":{\"@id\":\"https:\\\/\\\/www.evropskakuca.me\\\/me\\\/prvi-romski-portal-romalitika-mne\\\/#primaryimage\"},\"thumbnailUrl\":\"https:\\\/\\\/www.evropskakuca.me\\\/wp-content\\\/uploads\\\/2017\\\/11\\\/171106_romalitika-7.jpg\",\"datePublished\":\"2017-11-06T13:56:22+00:00\",\"breadcrumb\":{\"@id\":\"https:\\\/\\\/www.evropskakuca.me\\\/me\\\/prvi-romski-portal-romalitika-mne\\\/#breadcrumb\"},\"inLanguage\":\"me-ME\",\"potentialAction\":[{\"@type\":\"ReadAction\",\"target\":[\"https:\\\/\\\/www.evropskakuca.me\\\/me\\\/prvi-romski-portal-romalitika-mne\\\/\"]}]},{\"@type\":\"ImageObject\",\"inLanguage\":\"me-ME\",\"@id\":\"https:\\\/\\\/www.evropskakuca.me\\\/me\\\/prvi-romski-portal-romalitika-mne\\\/#primaryimage\",\"url\":\"https:\\\/\\\/www.evropskakuca.me\\\/wp-content\\\/uploads\\\/2017\\\/11\\\/171106_romalitika-7.jpg\",\"contentUrl\":\"https:\\\/\\\/www.evropskakuca.me\\\/wp-content\\\/uploads\\\/2017\\\/11\\\/171106_romalitika-7.jpg\",\"width\":1500,\"height\":1000},{\"@type\":\"BreadcrumbList\",\"@id\":\"https:\\\/\\\/www.evropskakuca.me\\\/me\\\/prvi-romski-portal-romalitika-mne\\\/#breadcrumb\",\"itemListElement\":[{\"@type\":\"ListItem\",\"position\":1,\"name\":\"Home\",\"item\":\"https:\\\/\\\/www.evropskakuca.me\\\/me\\\/\"},{\"@type\":\"ListItem\",\"position\":2,\"name\":\"Prvi romski portal Romalitika MNE\"}]},{\"@type\":\"WebSite\",\"@id\":\"https:\\\/\\\/www.evropskakuca.me\\\/me\\\/#website\",\"url\":\"https:\\\/\\\/www.evropskakuca.me\\\/me\\\/\",\"name\":\"Evropean house\",\"description\":\"\",\"publisher\":{\"@id\":\"https:\\\/\\\/www.evropskakuca.me\\\/me\\\/#organization\"},\"potentialAction\":[{\"@type\":\"SearchAction\",\"target\":{\"@type\":\"EntryPoint\",\"urlTemplate\":\"https:\\\/\\\/www.evropskakuca.me\\\/me\\\/?s={search_term_string}\"},\"query-input\":{\"@type\":\"PropertyValueSpecification\",\"valueRequired\":true,\"valueName\":\"search_term_string\"}}],\"inLanguage\":\"me-ME\"},{\"@type\":\"Organization\",\"@id\":\"https:\\\/\\\/www.evropskakuca.me\\\/me\\\/#organization\",\"name\":\"Evropean house\",\"url\":\"https:\\\/\\\/www.evropskakuca.me\\\/me\\\/\",\"logo\":{\"@type\":\"ImageObject\",\"inLanguage\":\"me-ME\",\"@id\":\"https:\\\/\\\/www.evropskakuca.me\\\/me\\\/#\\\/schema\\\/logo\\\/image\\\/\",\"url\":\"https:\\\/\\\/www.evropskakuca.me\\\/wp-content\\\/uploads\\\/2025\\\/01\\\/evropska-kuca-logo-1.png\",\"contentUrl\":\"https:\\\/\\\/www.evropskakuca.me\\\/wp-content\\\/uploads\\\/2025\\\/01\\\/evropska-kuca-logo-1.png\",\"width\":425,\"height\":312,\"caption\":\"Evropean house\"},\"image\":{\"@id\":\"https:\\\/\\\/www.evropskakuca.me\\\/me\\\/#\\\/schema\\\/logo\\\/image\\\/\"},\"sameAs\":[\"https:\\\/\\\/www.facebook.com\\\/evropska.kuca\",\"https:\\\/\\\/x.com\\\/evropska_kuca\",\"https:\\\/\\\/www.instagram.com\\\/evropska_kuca\"]},{\"@type\":\"Person\",\"@id\":\"https:\\\/\\\/www.evropskakuca.me\\\/me\\\/#\\\/schema\\\/person\\\/a1d0dcdaefe4a1cd1d60d200ea137ba4\",\"name\":\"mkajic\",\"image\":{\"@type\":\"ImageObject\",\"inLanguage\":\"me-ME\",\"@id\":\"https:\\\/\\\/secure.gravatar.com\\\/avatar\\\/731fa035cefab7316e6bafd1f25a93fb731a07de14e2d9923f8db4422628eabc?s=96&d=mm&r=g\",\"url\":\"https:\\\/\\\/secure.gravatar.com\\\/avatar\\\/731fa035cefab7316e6bafd1f25a93fb731a07de14e2d9923f8db4422628eabc?s=96&d=mm&r=g\",\"contentUrl\":\"https:\\\/\\\/secure.gravatar.com\\\/avatar\\\/731fa035cefab7316e6bafd1f25a93fb731a07de14e2d9923f8db4422628eabc?s=96&d=mm&r=g\",\"caption\":\"mkajic\"},\"sameAs\":[\"https:\\\/\\\/evropskakuca.me\"],\"url\":\"https:\\\/\\\/www.evropskakuca.me\\\/me\\\/author\\\/mkajic\\\/\"}]}<\/script>\n<!-- \/ Yoast SEO plugin. -->","yoast_head_json":{"title":"Prvi romski portal Romalitika MNE - Europe House","robots":{"index":"index","follow":"follow","max-snippet":"max-snippet:-1","max-image-preview":"max-image-preview:large","max-video-preview":"max-video-preview:-1"},"canonical":"https:\/\/www.evropskakuca.me\/me\/prvi-romski-portal-romalitika-mne\/","og_locale":"en_US","og_type":"article","og_title":"Prvi romski portal Romalitika MNE - Europe House","og_description":"Cilj projekta je socijalna inkluzija Roma u Crnoj Gori","og_url":"https:\/\/www.evropskakuca.me\/me\/prvi-romski-portal-romalitika-mne\/","og_site_name":"Europe House","article_publisher":"https:\/\/www.facebook.com\/evropska.kuca","article_published_time":"2017-11-06T13:56:22+00:00","og_image":[{"width":1500,"height":1000,"url":"https:\/\/www.evropskakuca.me\/wp-content\/uploads\/2017\/11\/171106_romalitika-7.jpg","type":"image\/jpeg"}],"author":"mkajic","twitter_card":"summary_large_image","twitter_creator":"@evropska_kuca","twitter_site":"@evropska_kuca","twitter_misc":{"Written by":"mkajic","Est. reading time":"2 minutes"},"schema":{"@context":"https:\/\/schema.org","@graph":[{"@type":"Article","@id":"https:\/\/www.evropskakuca.me\/me\/prvi-romski-portal-romalitika-mne\/#article","isPartOf":{"@id":"https:\/\/www.evropskakuca.me\/me\/prvi-romski-portal-romalitika-mne\/"},"author":{"name":"mkajic","@id":"https:\/\/www.evropskakuca.me\/me\/#\/schema\/person\/a1d0dcdaefe4a1cd1d60d200ea137ba4"},"headline":"Prvi romski portal Romalitika MNE","datePublished":"2017-11-06T13:56:22+00:00","mainEntityOfPage":{"@id":"https:\/\/www.evropskakuca.me\/me\/prvi-romski-portal-romalitika-mne\/"},"wordCount":433,"commentCount":0,"publisher":{"@id":"https:\/\/www.evropskakuca.me\/me\/#organization"},"image":{"@id":"https:\/\/www.evropskakuca.me\/me\/prvi-romski-portal-romalitika-mne\/#primaryimage"},"thumbnailUrl":"https:\/\/www.evropskakuca.me\/wp-content\/uploads\/2017\/11\/171106_romalitika-7.jpg","inLanguage":"me-ME","potentialAction":[{"@type":"CommentAction","name":"Comment","target":["https:\/\/www.evropskakuca.me\/me\/prvi-romski-portal-romalitika-mne\/#respond"]}]},{"@type":"WebPage","@id":"https:\/\/www.evropskakuca.me\/me\/prvi-romski-portal-romalitika-mne\/","url":"https:\/\/www.evropskakuca.me\/me\/prvi-romski-portal-romalitika-mne\/","name":"Prvi romski portal Romalitika MNE - Europe House","isPartOf":{"@id":"https:\/\/www.evropskakuca.me\/me\/#website"},"primaryImageOfPage":{"@id":"https:\/\/www.evropskakuca.me\/me\/prvi-romski-portal-romalitika-mne\/#primaryimage"},"image":{"@id":"https:\/\/www.evropskakuca.me\/me\/prvi-romski-portal-romalitika-mne\/#primaryimage"},"thumbnailUrl":"https:\/\/www.evropskakuca.me\/wp-content\/uploads\/2017\/11\/171106_romalitika-7.jpg","datePublished":"2017-11-06T13:56:22+00:00","breadcrumb":{"@id":"https:\/\/www.evropskakuca.me\/me\/prvi-romski-portal-romalitika-mne\/#breadcrumb"},"inLanguage":"me-ME","potentialAction":[{"@type":"ReadAction","target":["https:\/\/www.evropskakuca.me\/me\/prvi-romski-portal-romalitika-mne\/"]}]},{"@type":"ImageObject","inLanguage":"me-ME","@id":"https:\/\/www.evropskakuca.me\/me\/prvi-romski-portal-romalitika-mne\/#primaryimage","url":"https:\/\/www.evropskakuca.me\/wp-content\/uploads\/2017\/11\/171106_romalitika-7.jpg","contentUrl":"https:\/\/www.evropskakuca.me\/wp-content\/uploads\/2017\/11\/171106_romalitika-7.jpg","width":1500,"height":1000},{"@type":"BreadcrumbList","@id":"https:\/\/www.evropskakuca.me\/me\/prvi-romski-portal-romalitika-mne\/#breadcrumb","itemListElement":[{"@type":"ListItem","position":1,"name":"Home","item":"https:\/\/www.evropskakuca.me\/me\/"},{"@type":"ListItem","position":2,"name":"Prvi romski portal Romalitika MNE"}]},{"@type":"WebSite","@id":"https:\/\/www.evropskakuca.me\/me\/#website","url":"https:\/\/www.evropskakuca.me\/me\/","name":"Evropean house","description":"","publisher":{"@id":"https:\/\/www.evropskakuca.me\/me\/#organization"},"potentialAction":[{"@type":"SearchAction","target":{"@type":"EntryPoint","urlTemplate":"https:\/\/www.evropskakuca.me\/me\/?s={search_term_string}"},"query-input":{"@type":"PropertyValueSpecification","valueRequired":true,"valueName":"search_term_string"}}],"inLanguage":"me-ME"},{"@type":"Organization","@id":"https:\/\/www.evropskakuca.me\/me\/#organization","name":"Evropean house","url":"https:\/\/www.evropskakuca.me\/me\/","logo":{"@type":"ImageObject","inLanguage":"me-ME","@id":"https:\/\/www.evropskakuca.me\/me\/#\/schema\/logo\/image\/","url":"https:\/\/www.evropskakuca.me\/wp-content\/uploads\/2025\/01\/evropska-kuca-logo-1.png","contentUrl":"https:\/\/www.evropskakuca.me\/wp-content\/uploads\/2025\/01\/evropska-kuca-logo-1.png","width":425,"height":312,"caption":"Evropean house"},"image":{"@id":"https:\/\/www.evropskakuca.me\/me\/#\/schema\/logo\/image\/"},"sameAs":["https:\/\/www.facebook.com\/evropska.kuca","https:\/\/x.com\/evropska_kuca","https:\/\/www.instagram.com\/evropska_kuca"]},{"@type":"Person","@id":"https:\/\/www.evropskakuca.me\/me\/#\/schema\/person\/a1d0dcdaefe4a1cd1d60d200ea137ba4","name":"mkajic","image":{"@type":"ImageObject","inLanguage":"me-ME","@id":"https:\/\/secure.gravatar.com\/avatar\/731fa035cefab7316e6bafd1f25a93fb731a07de14e2d9923f8db4422628eabc?s=96&d=mm&r=g","url":"https:\/\/secure.gravatar.com\/avatar\/731fa035cefab7316e6bafd1f25a93fb731a07de14e2d9923f8db4422628eabc?s=96&d=mm&r=g","contentUrl":"https:\/\/secure.gravatar.com\/avatar\/731fa035cefab7316e6bafd1f25a93fb731a07de14e2d9923f8db4422628eabc?s=96&d=mm&r=g","caption":"mkajic"},"sameAs":["https:\/\/evropskakuca.me"],"url":"https:\/\/www.evropskakuca.me\/me\/author\/mkajic\/"}]}},"_links":{"self":[{"href":"https:\/\/www.evropskakuca.me\/me\/wp-json\/wp\/v2\/posts\/4122","targetHints":{"allow":["GET"]}}],"collection":[{"href":"https:\/\/www.evropskakuca.me\/me\/wp-json\/wp\/v2\/posts"}],"about":[{"href":"https:\/\/www.evropskakuca.me\/me\/wp-json\/wp\/v2\/types\/post"}],"author":[{"embeddable":true,"href":"https:\/\/www.evropskakuca.me\/me\/wp-json\/wp\/v2\/users\/1"}],"replies":[{"embeddable":true,"href":"https:\/\/www.evropskakuca.me\/me\/wp-json\/wp\/v2\/comments?post=4122"}],"version-history":[{"count":0,"href":"https:\/\/www.evropskakuca.me\/me\/wp-json\/wp\/v2\/posts\/4122\/revisions"}],"wp:featuredmedia":[{"embeddable":true,"href":"https:\/\/www.evropskakuca.me\/me\/wp-json\/wp\/v2\/media\/33016"}],"wp:attachment":[{"href":"https:\/\/www.evropskakuca.me\/me\/wp-json\/wp\/v2\/media?parent=4122"}],"wp:term":[{"taxonomy":"category","embeddable":true,"href":"https:\/\/www.evropskakuca.me\/me\/wp-json\/wp\/v2\/categories?post=4122"},{"taxonomy":"post_tag","embeddable":true,"href":"https:\/\/www.evropskakuca.me\/me\/wp-json\/wp\/v2\/tags?post=4122"}],"curies":[{"name":"wp","href":"https:\/\/api.w.org\/{rel}","templated":true}]}}