{"id":4086,"date":"2017-10-25T10:11:55","date_gmt":"2017-10-25T10:11:55","guid":{"rendered":"http:\/\/www.evropskakuca.me\/me\/?p=4086"},"modified":"2017-10-25T10:11:55","modified_gmt":"2017-10-25T10:11:55","slug":"potragom-za-ljudskim-pravima-sve-berlina","status":"publish","type":"post","link":"https:\/\/www.evropskakuca.me\/me\/potragom-za-ljudskim-pravima-sve-berlina\/","title":{"rendered":"Potragom za ljudskim pravima sve do Berlina"},"content":{"rendered":"<p>U znak obilje\u017eavanja\u00a0Me\u0111unarodnog dana ljudskih prava, Gra\u0111anska alijansa, u saradnji sa institucijom Za\u0161titnika ljudskih prava i sloboda Crne Gore i Delegacijom Evropske unije u Crnoj Gori, organizuje\u00a0Potragu za ljudskim pravima za srednjo\u0161kolce\/ke i njihove nastavnike\/ce, koja \u0107e biti realizovana u\u00a0Podgorici 7. decembra 2017. godine sa po\u010detkom u 10 \u010dasova u prostorijama EU Info centra.<\/p>\n<p>Pravo u\u010de\u0161\u0107a imaju u\u010denici\/ce tre\u0107ih razreda svih srednjih \u0161kola u Crnoj Gori koji se, zajedno sa nastavnicima\/cama, prijave na otvoreni poziv koji je otvoren do 19. novembra 2017. godine. Tim treba da bude sastavljen od tri u\u010denika\/ce tre\u0107eg razreda i jednog\/ne nastavnika\/ce koji \u0107e biti odgovorni\/e za tim tokom Potrage za ljudskim pravima. Podatke o \u010dlanovima\/cama tima (ime i prezime, razred za u\u010denike\/ce, radno mjesto za nastavnika\/cu i naziv obrazovne institucije) uz odobrenje direktora\/ce da \u0107e predstavljati \u0161kolu, svi zainteresovani treba da dostave na mejl <a href=\"mailto:milan@gamn.org\">milan@gamn.org<\/a> najkasnije do 19. novembra do 15 \u010dasova.<\/p>\n<p>U toku Potrage za ljudskim pravima, u\u010desnici\/e \u0107e imati priliku da, od razli\u010ditih institucija i organizacija na neposredan i direktan na\u010din u\u010de o pravima Roma, LGBTIQ osoba, osoba sa invaliditetom, ekolo\u0161kim pravima, pravima mladih, funkcinonisanju Evropske unije i sli\u010dno. Kroz zadatke koji \u0107e biti postavljeni pred njih mo\u0107i \u0107e da poka\u017eu nau\u010deno i na taj na\u010din u\u010destvuju u takmi\u010denju za koje je nagradu obezbijedila Delegacija Evropske unije u Crnoj Gori.<\/p>\n<p>Va\u017eno je ista\u0107i da je glavna nagrada putovanje u Berlin, kao i da \u0107e priliku za putovanje dobiti tri tima. Organizatori ne\u0107e samo ocjenjivati znanje i umje\u0161nost u rje\u0161avanju zadataka, ve\u0107 i timski rad, po\u0161tovanje ljudskih prava i sli\u010dno. U Berlinu \u0107e se u\u010denje o ljudskim pravima nastaviti pa \u0107e nagra\u0111eni\/e imati priliku da posjete znamenita mjesta koja predstavljaju simbol ovog evropskog grada kada su u pitanju ljudska prava. Nakon povratka u Crnu Goru nagra\u0111eni\/e \u0107e imati zadatak da u svojim \u0161kolama organizuju doga\u0111aj na kome \u0107e predstaviti ste\u010deno iskustvo i znanje i na taj na\u010din uklju\u010diti svoje vr\u0161njake u promovisanje vrijednosti zajednice evropskih zemalja.<\/p>\n<p>Pozivamo vas da se prijavite za Potragu za ljudskim pravima, i kroz interaktivno u\u010denje, zabavu i dru\u017eenje sa vr\u0161njacima iz ostalih gradova Crne Gore, stignete do Berlina \u2013 grada koji na svakom koraku odi\u0161e istorijom.<\/p>\n<p>Za sve dodatne informacije budite slobodni da nas kontaktirate putem mejla <a href=\"mailto:milan@gamn.org\">milan@gamn.org<\/a> ili pozivom na broj telefona 020\/513-687.<\/p>\n","protected":false},"excerpt":{"rendered":"<p>Pravo u\u010de\u0161\u0107a imaju u\u010denici\/ce tre\u0107ih razreda svih srednjih \u0161kola u Crnoj Gori koji se, zajedno sa nastavnicima\/cama, prijave na otvoreni poziv <\/p>\n","protected":false},"author":1,"featured_media":33004,"comment_status":"open","ping_status":"open","sticky":false,"template":"","format":"standard","meta":{"_acf_changed":false,"footnotes":""},"categories":[],"tags":[],"class_list":["post-4086","post","type-post","status-publish","format-standard","has-post-thumbnail","hentry"],"acf":[],"yoast_head":"<!-- This site is optimized with the Yoast SEO plugin v27.3 - https:\/\/yoast.com\/product\/yoast-seo-wordpress\/ -->\n<title>Potragom za ljudskim pravima sve do Berlina - Europe House<\/title>\n<meta name=\"robots\" content=\"index, follow, max-snippet:-1, max-image-preview:large, max-video-preview:-1\" \/>\n<link rel=\"canonical\" href=\"https:\/\/www.evropskakuca.me\/me\/potragom-za-ljudskim-pravima-sve-berlina\/\" \/>\n<meta property=\"og:locale\" content=\"en_US\" \/>\n<meta property=\"og:type\" content=\"article\" \/>\n<meta property=\"og:title\" content=\"Potragom za ljudskim pravima sve do Berlina - Europe House\" \/>\n<meta property=\"og:description\" content=\"Pravo u\u010de\u0161\u0107a imaju u\u010denici\/ce tre\u0107ih razreda svih srednjih \u0161kola u Crnoj Gori koji se, zajedno sa nastavnicima\/cama, prijave na otvoreni poziv\" \/>\n<meta property=\"og:url\" content=\"https:\/\/www.evropskakuca.me\/me\/potragom-za-ljudskim-pravima-sve-berlina\/\" \/>\n<meta property=\"og:site_name\" content=\"Europe House\" \/>\n<meta property=\"article:publisher\" content=\"https:\/\/www.facebook.com\/evropska.kuca\" \/>\n<meta property=\"article:published_time\" content=\"2017-10-25T10:11:55+00:00\" \/>\n<meta property=\"og:image\" content=\"https:\/\/www.evropskakuca.me\/wp-content\/uploads\/2017\/10\/ljudska-prava.jpg\" \/>\n\t<meta property=\"og:image:width\" content=\"2028\" \/>\n\t<meta property=\"og:image:height\" content=\"1352\" \/>\n\t<meta property=\"og:image:type\" content=\"image\/jpeg\" \/>\n<meta name=\"author\" content=\"mkajic\" \/>\n<meta name=\"twitter:card\" content=\"summary_large_image\" \/>\n<meta name=\"twitter:creator\" content=\"@evropska_kuca\" \/>\n<meta name=\"twitter:site\" content=\"@evropska_kuca\" \/>\n<meta name=\"twitter:label1\" content=\"Written by\" \/>\n\t<meta name=\"twitter:data1\" content=\"mkajic\" \/>\n\t<meta name=\"twitter:label2\" content=\"Est. reading time\" \/>\n\t<meta name=\"twitter:data2\" content=\"2 minutes\" \/>\n<script type=\"application\/ld+json\" class=\"yoast-schema-graph\">{\"@context\":\"https:\\\/\\\/schema.org\",\"@graph\":[{\"@type\":\"Article\",\"@id\":\"https:\\\/\\\/www.evropskakuca.me\\\/me\\\/potragom-za-ljudskim-pravima-sve-berlina\\\/#article\",\"isPartOf\":{\"@id\":\"https:\\\/\\\/www.evropskakuca.me\\\/me\\\/potragom-za-ljudskim-pravima-sve-berlina\\\/\"},\"author\":{\"name\":\"mkajic\",\"@id\":\"https:\\\/\\\/www.evropskakuca.me\\\/me\\\/#\\\/schema\\\/person\\\/a1d0dcdaefe4a1cd1d60d200ea137ba4\"},\"headline\":\"Potragom za ljudskim pravima sve do Berlina\",\"datePublished\":\"2017-10-25T10:11:55+00:00\",\"mainEntityOfPage\":{\"@id\":\"https:\\\/\\\/www.evropskakuca.me\\\/me\\\/potragom-za-ljudskim-pravima-sve-berlina\\\/\"},\"wordCount\":440,\"commentCount\":0,\"publisher\":{\"@id\":\"https:\\\/\\\/www.evropskakuca.me\\\/me\\\/#organization\"},\"image\":{\"@id\":\"https:\\\/\\\/www.evropskakuca.me\\\/me\\\/potragom-za-ljudskim-pravima-sve-berlina\\\/#primaryimage\"},\"thumbnailUrl\":\"https:\\\/\\\/www.evropskakuca.me\\\/wp-content\\\/uploads\\\/2017\\\/10\\\/ljudska-prava.jpg\",\"inLanguage\":\"me-ME\",\"potentialAction\":[{\"@type\":\"CommentAction\",\"name\":\"Comment\",\"target\":[\"https:\\\/\\\/www.evropskakuca.me\\\/me\\\/potragom-za-ljudskim-pravima-sve-berlina\\\/#respond\"]}]},{\"@type\":\"WebPage\",\"@id\":\"https:\\\/\\\/www.evropskakuca.me\\\/me\\\/potragom-za-ljudskim-pravima-sve-berlina\\\/\",\"url\":\"https:\\\/\\\/www.evropskakuca.me\\\/me\\\/potragom-za-ljudskim-pravima-sve-berlina\\\/\",\"name\":\"Potragom za ljudskim pravima sve do Berlina - Europe House\",\"isPartOf\":{\"@id\":\"https:\\\/\\\/www.evropskakuca.me\\\/me\\\/#website\"},\"primaryImageOfPage\":{\"@id\":\"https:\\\/\\\/www.evropskakuca.me\\\/me\\\/potragom-za-ljudskim-pravima-sve-berlina\\\/#primaryimage\"},\"image\":{\"@id\":\"https:\\\/\\\/www.evropskakuca.me\\\/me\\\/potragom-za-ljudskim-pravima-sve-berlina\\\/#primaryimage\"},\"thumbnailUrl\":\"https:\\\/\\\/www.evropskakuca.me\\\/wp-content\\\/uploads\\\/2017\\\/10\\\/ljudska-prava.jpg\",\"datePublished\":\"2017-10-25T10:11:55+00:00\",\"breadcrumb\":{\"@id\":\"https:\\\/\\\/www.evropskakuca.me\\\/me\\\/potragom-za-ljudskim-pravima-sve-berlina\\\/#breadcrumb\"},\"inLanguage\":\"me-ME\",\"potentialAction\":[{\"@type\":\"ReadAction\",\"target\":[\"https:\\\/\\\/www.evropskakuca.me\\\/me\\\/potragom-za-ljudskim-pravima-sve-berlina\\\/\"]}]},{\"@type\":\"ImageObject\",\"inLanguage\":\"me-ME\",\"@id\":\"https:\\\/\\\/www.evropskakuca.me\\\/me\\\/potragom-za-ljudskim-pravima-sve-berlina\\\/#primaryimage\",\"url\":\"https:\\\/\\\/www.evropskakuca.me\\\/wp-content\\\/uploads\\\/2017\\\/10\\\/ljudska-prava.jpg\",\"contentUrl\":\"https:\\\/\\\/www.evropskakuca.me\\\/wp-content\\\/uploads\\\/2017\\\/10\\\/ljudska-prava.jpg\",\"width\":2028,\"height\":1352},{\"@type\":\"BreadcrumbList\",\"@id\":\"https:\\\/\\\/www.evropskakuca.me\\\/me\\\/potragom-za-ljudskim-pravima-sve-berlina\\\/#breadcrumb\",\"itemListElement\":[{\"@type\":\"ListItem\",\"position\":1,\"name\":\"Home\",\"item\":\"https:\\\/\\\/www.evropskakuca.me\\\/me\\\/\"},{\"@type\":\"ListItem\",\"position\":2,\"name\":\"Potragom za ljudskim pravima sve do Berlina\"}]},{\"@type\":\"WebSite\",\"@id\":\"https:\\\/\\\/www.evropskakuca.me\\\/me\\\/#website\",\"url\":\"https:\\\/\\\/www.evropskakuca.me\\\/me\\\/\",\"name\":\"Evropean house\",\"description\":\"\",\"publisher\":{\"@id\":\"https:\\\/\\\/www.evropskakuca.me\\\/me\\\/#organization\"},\"potentialAction\":[{\"@type\":\"SearchAction\",\"target\":{\"@type\":\"EntryPoint\",\"urlTemplate\":\"https:\\\/\\\/www.evropskakuca.me\\\/me\\\/?s={search_term_string}\"},\"query-input\":{\"@type\":\"PropertyValueSpecification\",\"valueRequired\":true,\"valueName\":\"search_term_string\"}}],\"inLanguage\":\"me-ME\"},{\"@type\":\"Organization\",\"@id\":\"https:\\\/\\\/www.evropskakuca.me\\\/me\\\/#organization\",\"name\":\"Evropean house\",\"url\":\"https:\\\/\\\/www.evropskakuca.me\\\/me\\\/\",\"logo\":{\"@type\":\"ImageObject\",\"inLanguage\":\"me-ME\",\"@id\":\"https:\\\/\\\/www.evropskakuca.me\\\/me\\\/#\\\/schema\\\/logo\\\/image\\\/\",\"url\":\"https:\\\/\\\/www.evropskakuca.me\\\/wp-content\\\/uploads\\\/2025\\\/01\\\/evropska-kuca-logo-1.png\",\"contentUrl\":\"https:\\\/\\\/www.evropskakuca.me\\\/wp-content\\\/uploads\\\/2025\\\/01\\\/evropska-kuca-logo-1.png\",\"width\":425,\"height\":312,\"caption\":\"Evropean house\"},\"image\":{\"@id\":\"https:\\\/\\\/www.evropskakuca.me\\\/me\\\/#\\\/schema\\\/logo\\\/image\\\/\"},\"sameAs\":[\"https:\\\/\\\/www.facebook.com\\\/evropska.kuca\",\"https:\\\/\\\/x.com\\\/evropska_kuca\",\"https:\\\/\\\/www.instagram.com\\\/evropska_kuca\"]},{\"@type\":\"Person\",\"@id\":\"https:\\\/\\\/www.evropskakuca.me\\\/me\\\/#\\\/schema\\\/person\\\/a1d0dcdaefe4a1cd1d60d200ea137ba4\",\"name\":\"mkajic\",\"image\":{\"@type\":\"ImageObject\",\"inLanguage\":\"me-ME\",\"@id\":\"https:\\\/\\\/secure.gravatar.com\\\/avatar\\\/731fa035cefab7316e6bafd1f25a93fb731a07de14e2d9923f8db4422628eabc?s=96&d=mm&r=g\",\"url\":\"https:\\\/\\\/secure.gravatar.com\\\/avatar\\\/731fa035cefab7316e6bafd1f25a93fb731a07de14e2d9923f8db4422628eabc?s=96&d=mm&r=g\",\"contentUrl\":\"https:\\\/\\\/secure.gravatar.com\\\/avatar\\\/731fa035cefab7316e6bafd1f25a93fb731a07de14e2d9923f8db4422628eabc?s=96&d=mm&r=g\",\"caption\":\"mkajic\"},\"sameAs\":[\"https:\\\/\\\/evropskakuca.me\"],\"url\":\"https:\\\/\\\/www.evropskakuca.me\\\/me\\\/author\\\/mkajic\\\/\"}]}<\/script>\n<!-- \/ Yoast SEO plugin. -->","yoast_head_json":{"title":"Potragom za ljudskim pravima sve do Berlina - Europe House","robots":{"index":"index","follow":"follow","max-snippet":"max-snippet:-1","max-image-preview":"max-image-preview:large","max-video-preview":"max-video-preview:-1"},"canonical":"https:\/\/www.evropskakuca.me\/me\/potragom-za-ljudskim-pravima-sve-berlina\/","og_locale":"en_US","og_type":"article","og_title":"Potragom za ljudskim pravima sve do Berlina - Europe House","og_description":"Pravo u\u010de\u0161\u0107a imaju u\u010denici\/ce tre\u0107ih razreda svih srednjih \u0161kola u Crnoj Gori koji se, zajedno sa nastavnicima\/cama, prijave na otvoreni poziv","og_url":"https:\/\/www.evropskakuca.me\/me\/potragom-za-ljudskim-pravima-sve-berlina\/","og_site_name":"Europe House","article_publisher":"https:\/\/www.facebook.com\/evropska.kuca","article_published_time":"2017-10-25T10:11:55+00:00","og_image":[{"width":2028,"height":1352,"url":"https:\/\/www.evropskakuca.me\/wp-content\/uploads\/2017\/10\/ljudska-prava.jpg","type":"image\/jpeg"}],"author":"mkajic","twitter_card":"summary_large_image","twitter_creator":"@evropska_kuca","twitter_site":"@evropska_kuca","twitter_misc":{"Written by":"mkajic","Est. reading time":"2 minutes"},"schema":{"@context":"https:\/\/schema.org","@graph":[{"@type":"Article","@id":"https:\/\/www.evropskakuca.me\/me\/potragom-za-ljudskim-pravima-sve-berlina\/#article","isPartOf":{"@id":"https:\/\/www.evropskakuca.me\/me\/potragom-za-ljudskim-pravima-sve-berlina\/"},"author":{"name":"mkajic","@id":"https:\/\/www.evropskakuca.me\/me\/#\/schema\/person\/a1d0dcdaefe4a1cd1d60d200ea137ba4"},"headline":"Potragom za ljudskim pravima sve do Berlina","datePublished":"2017-10-25T10:11:55+00:00","mainEntityOfPage":{"@id":"https:\/\/www.evropskakuca.me\/me\/potragom-za-ljudskim-pravima-sve-berlina\/"},"wordCount":440,"commentCount":0,"publisher":{"@id":"https:\/\/www.evropskakuca.me\/me\/#organization"},"image":{"@id":"https:\/\/www.evropskakuca.me\/me\/potragom-za-ljudskim-pravima-sve-berlina\/#primaryimage"},"thumbnailUrl":"https:\/\/www.evropskakuca.me\/wp-content\/uploads\/2017\/10\/ljudska-prava.jpg","inLanguage":"me-ME","potentialAction":[{"@type":"CommentAction","name":"Comment","target":["https:\/\/www.evropskakuca.me\/me\/potragom-za-ljudskim-pravima-sve-berlina\/#respond"]}]},{"@type":"WebPage","@id":"https:\/\/www.evropskakuca.me\/me\/potragom-za-ljudskim-pravima-sve-berlina\/","url":"https:\/\/www.evropskakuca.me\/me\/potragom-za-ljudskim-pravima-sve-berlina\/","name":"Potragom za ljudskim pravima sve do Berlina - Europe House","isPartOf":{"@id":"https:\/\/www.evropskakuca.me\/me\/#website"},"primaryImageOfPage":{"@id":"https:\/\/www.evropskakuca.me\/me\/potragom-za-ljudskim-pravima-sve-berlina\/#primaryimage"},"image":{"@id":"https:\/\/www.evropskakuca.me\/me\/potragom-za-ljudskim-pravima-sve-berlina\/#primaryimage"},"thumbnailUrl":"https:\/\/www.evropskakuca.me\/wp-content\/uploads\/2017\/10\/ljudska-prava.jpg","datePublished":"2017-10-25T10:11:55+00:00","breadcrumb":{"@id":"https:\/\/www.evropskakuca.me\/me\/potragom-za-ljudskim-pravima-sve-berlina\/#breadcrumb"},"inLanguage":"me-ME","potentialAction":[{"@type":"ReadAction","target":["https:\/\/www.evropskakuca.me\/me\/potragom-za-ljudskim-pravima-sve-berlina\/"]}]},{"@type":"ImageObject","inLanguage":"me-ME","@id":"https:\/\/www.evropskakuca.me\/me\/potragom-za-ljudskim-pravima-sve-berlina\/#primaryimage","url":"https:\/\/www.evropskakuca.me\/wp-content\/uploads\/2017\/10\/ljudska-prava.jpg","contentUrl":"https:\/\/www.evropskakuca.me\/wp-content\/uploads\/2017\/10\/ljudska-prava.jpg","width":2028,"height":1352},{"@type":"BreadcrumbList","@id":"https:\/\/www.evropskakuca.me\/me\/potragom-za-ljudskim-pravima-sve-berlina\/#breadcrumb","itemListElement":[{"@type":"ListItem","position":1,"name":"Home","item":"https:\/\/www.evropskakuca.me\/me\/"},{"@type":"ListItem","position":2,"name":"Potragom za ljudskim pravima sve do Berlina"}]},{"@type":"WebSite","@id":"https:\/\/www.evropskakuca.me\/me\/#website","url":"https:\/\/www.evropskakuca.me\/me\/","name":"Evropean house","description":"","publisher":{"@id":"https:\/\/www.evropskakuca.me\/me\/#organization"},"potentialAction":[{"@type":"SearchAction","target":{"@type":"EntryPoint","urlTemplate":"https:\/\/www.evropskakuca.me\/me\/?s={search_term_string}"},"query-input":{"@type":"PropertyValueSpecification","valueRequired":true,"valueName":"search_term_string"}}],"inLanguage":"me-ME"},{"@type":"Organization","@id":"https:\/\/www.evropskakuca.me\/me\/#organization","name":"Evropean house","url":"https:\/\/www.evropskakuca.me\/me\/","logo":{"@type":"ImageObject","inLanguage":"me-ME","@id":"https:\/\/www.evropskakuca.me\/me\/#\/schema\/logo\/image\/","url":"https:\/\/www.evropskakuca.me\/wp-content\/uploads\/2025\/01\/evropska-kuca-logo-1.png","contentUrl":"https:\/\/www.evropskakuca.me\/wp-content\/uploads\/2025\/01\/evropska-kuca-logo-1.png","width":425,"height":312,"caption":"Evropean house"},"image":{"@id":"https:\/\/www.evropskakuca.me\/me\/#\/schema\/logo\/image\/"},"sameAs":["https:\/\/www.facebook.com\/evropska.kuca","https:\/\/x.com\/evropska_kuca","https:\/\/www.instagram.com\/evropska_kuca"]},{"@type":"Person","@id":"https:\/\/www.evropskakuca.me\/me\/#\/schema\/person\/a1d0dcdaefe4a1cd1d60d200ea137ba4","name":"mkajic","image":{"@type":"ImageObject","inLanguage":"me-ME","@id":"https:\/\/secure.gravatar.com\/avatar\/731fa035cefab7316e6bafd1f25a93fb731a07de14e2d9923f8db4422628eabc?s=96&d=mm&r=g","url":"https:\/\/secure.gravatar.com\/avatar\/731fa035cefab7316e6bafd1f25a93fb731a07de14e2d9923f8db4422628eabc?s=96&d=mm&r=g","contentUrl":"https:\/\/secure.gravatar.com\/avatar\/731fa035cefab7316e6bafd1f25a93fb731a07de14e2d9923f8db4422628eabc?s=96&d=mm&r=g","caption":"mkajic"},"sameAs":["https:\/\/evropskakuca.me"],"url":"https:\/\/www.evropskakuca.me\/me\/author\/mkajic\/"}]}},"_links":{"self":[{"href":"https:\/\/www.evropskakuca.me\/me\/wp-json\/wp\/v2\/posts\/4086","targetHints":{"allow":["GET"]}}],"collection":[{"href":"https:\/\/www.evropskakuca.me\/me\/wp-json\/wp\/v2\/posts"}],"about":[{"href":"https:\/\/www.evropskakuca.me\/me\/wp-json\/wp\/v2\/types\/post"}],"author":[{"embeddable":true,"href":"https:\/\/www.evropskakuca.me\/me\/wp-json\/wp\/v2\/users\/1"}],"replies":[{"embeddable":true,"href":"https:\/\/www.evropskakuca.me\/me\/wp-json\/wp\/v2\/comments?post=4086"}],"version-history":[{"count":0,"href":"https:\/\/www.evropskakuca.me\/me\/wp-json\/wp\/v2\/posts\/4086\/revisions"}],"wp:featuredmedia":[{"embeddable":true,"href":"https:\/\/www.evropskakuca.me\/me\/wp-json\/wp\/v2\/media\/33004"}],"wp:attachment":[{"href":"https:\/\/www.evropskakuca.me\/me\/wp-json\/wp\/v2\/media?parent=4086"}],"wp:term":[{"taxonomy":"category","embeddable":true,"href":"https:\/\/www.evropskakuca.me\/me\/wp-json\/wp\/v2\/categories?post=4086"},{"taxonomy":"post_tag","embeddable":true,"href":"https:\/\/www.evropskakuca.me\/me\/wp-json\/wp\/v2\/tags?post=4086"}],"curies":[{"name":"wp","href":"https:\/\/api.w.org\/{rel}","templated":true}]}}