{"id":3848,"date":"2017-09-29T09:53:48","date_gmt":"2017-09-29T09:53:48","guid":{"rendered":"http:\/\/www.evropskakuca.me\/me\/?p=3848"},"modified":"2017-09-29T09:53:48","modified_gmt":"2017-09-29T09:53:48","slug":"septembar-u-briselu-2017-za-crnogorske-studente-dake","status":"publish","type":"post","link":"https:\/\/www.evropskakuca.me\/me\/septembar-u-briselu-2017-za-crnogorske-studente-dake\/","title":{"rendered":"Septembar u Briselu 2017 za crnogorske studente i \u0111ake"},"content":{"rendered":"<p>18-22. septembar 2017. &#8211; Studenti i \u0111aci iz Crne Gore su i ove godine pokazali zavidno znanje i vje\u0161tine i osvojili putovanje \u201eSeptembar u Briselu 2017\u201d. Pobjednici \u010detiri konkursa dokazali su se kao odli\u010dni poznavaoci odnosa EU i Crne Gore. Sa Ekonomskog fakulteta, Fakulteta politi\u010dkih nauka i Pravnog fakulteta Univerziteta Crne Gore njih 16 imali su najbolje rezultate na testu znanja o odnosima EU i Crne Gore; u\u010denica Srednje ekonomske \u0161kole \u201eMirko Ve\u0161ovi\u0107\u201d je uradila najbolji video rad na temu \u201eMoje putovanje u EU\u201d; najbolji esej na temu \u201eCrna Gora i Evropska unija 60 godina od danas\u201d napisao je student Pravnog fakulteta; a putovanju su se pridru\u017eili i pobjednici kviza znanja o EU, u organizaciji Centra za gra\u0111ansko obrazovanje. Svi oni zajedno proveli su 5 dana u Briselu \u0161to je organizovala Delegacija EU u Crnoj Gori i EU Info centar, u saradnji sa fakultetima Univerziteta Crne Gore.<\/p>\n<p><img fetchpriority=\"high\" decoding=\"async\" class=\"alignleft wp-image-3851 \" src=\"http:\/\/www.evropskakuca.me\/wp-content\/uploads\/2017\/10\/SEP-in-BRX-2017-005-1024x768.jpg\" alt=\"\" width=\"305\" height=\"229\" \/><\/p>\n<p>Tokom pet dana nagra\u0111eni studenti i srednjo\u0161kolci posjetili su institucije Evropske unije i prisustvovali brojnim predavanjma. Posjetili su Generalni Direktorat za evropsku susjedsku politiku i pregovore o pro\u0161irenju (DG NEAR) gdje su imali priliku da razgovaraju sa Tomasom Haglajtnerom, Kirsi Pekuri, Sabine Zvanepoel, Majom Smrkolj, Roksanom Mertikariu, Davorom Kuncom, Henkom Viserom, Filipom Leneom, Madalinom Ivanicom i Ivanom Mijatovic. Ispred EEAS-a, diplomatske slu\u017ebe Evropske unije, obratio se Klajv Rambolt. Posjeta Evropskom parlamentu bila je prilika da se studenti i \u0111aci upoznaju sa procesom rada i procedurama dono\u0161enja odlu<img decoding=\"async\" class=\"wp-image-3858  alignright\" src=\"http:\/\/www.evropskakuca.me\/wp-content\/uploads\/2017\/09\/SEP-in-BRX-2017-069-768x1024.jpg\" alt=\"\" width=\"180\" height=\"241\" \/>ka.<\/p>\n<p>Stalna misija Crne Gore pri EU bila je jedna od va\u017enih institucija koje su studenti i \u0111aci posjetili, i\u00a0od ljubaznog osoblja misije i ambasadora Bojana \u0160arki\u0107a saznali su o odnosima na\u0161e zemlje i Evropske unije, iz ugla crnogorske strane. Kako rade i razmi\u0161ljaju lobisti, studenti su \u010duli od Aleksandre \u0160tiglmajer iz Evropske inicijative za stabilnost (ESI). A bilo je zanimljivo \u010duti i vi\u0111enje trenutne situacije iz ugla jedne velike NVO, poput Njema\u010dki institut za me\u0111unarodne i sigurnosne poslove (SWP) i njenog direktora, dr Du\u0161ana Relji\u0107a.<\/p>\n<p>I pored brojnih sastanaka, na\u0161lo se vremena i za obilazak ostalih znamenitosti Brisela, poput Atomijuma, Maneken Pisa, ali i da se proba belgijska \u010dokolada, rebarca.<\/p>\n<p>&nbsp;<\/p>\n<p>&nbsp;<\/p>\n<p><em>Sadr\u017eaj ovog \u010dlanka je isklju\u010diva odgovornost EU Info centra i ni na koji na\u010din ne odra\u017eava stavove Evropske unije.<\/em><\/p>\n","protected":false},"excerpt":{"rendered":"<p>Pobjednici \u010detiri konkursa pokazali su se kao odli\u010dni poznavaoci odnosa EU i Crne Gore.<\/p>\n","protected":false},"author":1,"featured_media":32970,"comment_status":"open","ping_status":"open","sticky":false,"template":"","format":"standard","meta":{"_acf_changed":false,"footnotes":""},"categories":[283],"tags":[],"class_list":["post-3848","post","type-post","status-publish","format-standard","has-post-thumbnail","hentry","category-novosti-me"],"acf":[],"yoast_head":"<!-- This site is optimized with the Yoast SEO plugin v27.3 - https:\/\/yoast.com\/product\/yoast-seo-wordpress\/ -->\n<title>Septembar u Briselu 2017 za crnogorske studente i \u0111ake - Europe House<\/title>\n<meta name=\"robots\" content=\"index, follow, max-snippet:-1, max-image-preview:large, max-video-preview:-1\" \/>\n<link rel=\"canonical\" href=\"https:\/\/www.evropskakuca.me\/me\/septembar-u-briselu-2017-za-crnogorske-studente-dake\/\" \/>\n<meta property=\"og:locale\" content=\"en_US\" \/>\n<meta property=\"og:type\" content=\"article\" \/>\n<meta property=\"og:title\" content=\"Septembar u Briselu 2017 za crnogorske studente i \u0111ake - Europe House\" \/>\n<meta property=\"og:description\" content=\"Pobjednici \u010detiri konkursa pokazali su se kao odli\u010dni poznavaoci odnosa EU i Crne Gore.\" \/>\n<meta property=\"og:url\" content=\"https:\/\/www.evropskakuca.me\/me\/septembar-u-briselu-2017-za-crnogorske-studente-dake\/\" \/>\n<meta property=\"og:site_name\" content=\"Europe House\" \/>\n<meta property=\"article:publisher\" content=\"https:\/\/www.facebook.com\/evropska.kuca\" \/>\n<meta property=\"article:published_time\" content=\"2017-09-29T09:53:48+00:00\" \/>\n<meta property=\"og:image\" content=\"https:\/\/www.evropskakuca.me\/wp-content\/uploads\/2017\/10\/SEP-in-BRX-2017-000.jpg\" \/>\n\t<meta property=\"og:image:width\" content=\"2048\" \/>\n\t<meta property=\"og:image:height\" content=\"1536\" \/>\n\t<meta property=\"og:image:type\" content=\"image\/jpeg\" \/>\n<meta name=\"author\" content=\"mkajic\" \/>\n<meta name=\"twitter:card\" content=\"summary_large_image\" \/>\n<meta name=\"twitter:creator\" content=\"@evropska_kuca\" \/>\n<meta name=\"twitter:site\" content=\"@evropska_kuca\" \/>\n<meta name=\"twitter:label1\" content=\"Written by\" \/>\n\t<meta name=\"twitter:data1\" content=\"mkajic\" \/>\n\t<meta name=\"twitter:label2\" content=\"Est. reading time\" \/>\n\t<meta name=\"twitter:data2\" content=\"2 minutes\" \/>\n<script type=\"application\/ld+json\" class=\"yoast-schema-graph\">{\"@context\":\"https:\\\/\\\/schema.org\",\"@graph\":[{\"@type\":\"Article\",\"@id\":\"https:\\\/\\\/www.evropskakuca.me\\\/me\\\/septembar-u-briselu-2017-za-crnogorske-studente-dake\\\/#article\",\"isPartOf\":{\"@id\":\"https:\\\/\\\/www.evropskakuca.me\\\/me\\\/septembar-u-briselu-2017-za-crnogorske-studente-dake\\\/\"},\"author\":{\"name\":\"mkajic\",\"@id\":\"https:\\\/\\\/www.evropskakuca.me\\\/me\\\/#\\\/schema\\\/person\\\/a1d0dcdaefe4a1cd1d60d200ea137ba4\"},\"headline\":\"Septembar u Briselu 2017 za crnogorske studente i \u0111ake\",\"datePublished\":\"2017-09-29T09:53:48+00:00\",\"mainEntityOfPage\":{\"@id\":\"https:\\\/\\\/www.evropskakuca.me\\\/me\\\/septembar-u-briselu-2017-za-crnogorske-studente-dake\\\/\"},\"wordCount\":395,\"commentCount\":0,\"publisher\":{\"@id\":\"https:\\\/\\\/www.evropskakuca.me\\\/me\\\/#organization\"},\"image\":{\"@id\":\"https:\\\/\\\/www.evropskakuca.me\\\/me\\\/septembar-u-briselu-2017-za-crnogorske-studente-dake\\\/#primaryimage\"},\"thumbnailUrl\":\"https:\\\/\\\/www.evropskakuca.me\\\/wp-content\\\/uploads\\\/2017\\\/10\\\/SEP-in-BRX-2017-000.jpg\",\"articleSection\":[\"Novosti\"],\"inLanguage\":\"me-ME\",\"potentialAction\":[{\"@type\":\"CommentAction\",\"name\":\"Comment\",\"target\":[\"https:\\\/\\\/www.evropskakuca.me\\\/me\\\/septembar-u-briselu-2017-za-crnogorske-studente-dake\\\/#respond\"]}]},{\"@type\":\"WebPage\",\"@id\":\"https:\\\/\\\/www.evropskakuca.me\\\/me\\\/septembar-u-briselu-2017-za-crnogorske-studente-dake\\\/\",\"url\":\"https:\\\/\\\/www.evropskakuca.me\\\/me\\\/septembar-u-briselu-2017-za-crnogorske-studente-dake\\\/\",\"name\":\"Septembar u Briselu 2017 za crnogorske studente i \u0111ake - Europe House\",\"isPartOf\":{\"@id\":\"https:\\\/\\\/www.evropskakuca.me\\\/me\\\/#website\"},\"primaryImageOfPage\":{\"@id\":\"https:\\\/\\\/www.evropskakuca.me\\\/me\\\/septembar-u-briselu-2017-za-crnogorske-studente-dake\\\/#primaryimage\"},\"image\":{\"@id\":\"https:\\\/\\\/www.evropskakuca.me\\\/me\\\/septembar-u-briselu-2017-za-crnogorske-studente-dake\\\/#primaryimage\"},\"thumbnailUrl\":\"https:\\\/\\\/www.evropskakuca.me\\\/wp-content\\\/uploads\\\/2017\\\/10\\\/SEP-in-BRX-2017-000.jpg\",\"datePublished\":\"2017-09-29T09:53:48+00:00\",\"breadcrumb\":{\"@id\":\"https:\\\/\\\/www.evropskakuca.me\\\/me\\\/septembar-u-briselu-2017-za-crnogorske-studente-dake\\\/#breadcrumb\"},\"inLanguage\":\"me-ME\",\"potentialAction\":[{\"@type\":\"ReadAction\",\"target\":[\"https:\\\/\\\/www.evropskakuca.me\\\/me\\\/septembar-u-briselu-2017-za-crnogorske-studente-dake\\\/\"]}]},{\"@type\":\"ImageObject\",\"inLanguage\":\"me-ME\",\"@id\":\"https:\\\/\\\/www.evropskakuca.me\\\/me\\\/septembar-u-briselu-2017-za-crnogorske-studente-dake\\\/#primaryimage\",\"url\":\"https:\\\/\\\/www.evropskakuca.me\\\/wp-content\\\/uploads\\\/2017\\\/10\\\/SEP-in-BRX-2017-000.jpg\",\"contentUrl\":\"https:\\\/\\\/www.evropskakuca.me\\\/wp-content\\\/uploads\\\/2017\\\/10\\\/SEP-in-BRX-2017-000.jpg\",\"width\":2048,\"height\":1536},{\"@type\":\"BreadcrumbList\",\"@id\":\"https:\\\/\\\/www.evropskakuca.me\\\/me\\\/septembar-u-briselu-2017-za-crnogorske-studente-dake\\\/#breadcrumb\",\"itemListElement\":[{\"@type\":\"ListItem\",\"position\":1,\"name\":\"Home\",\"item\":\"https:\\\/\\\/www.evropskakuca.me\\\/me\\\/\"},{\"@type\":\"ListItem\",\"position\":2,\"name\":\"Septembar u Briselu 2017 za crnogorske studente i \u0111ake\"}]},{\"@type\":\"WebSite\",\"@id\":\"https:\\\/\\\/www.evropskakuca.me\\\/me\\\/#website\",\"url\":\"https:\\\/\\\/www.evropskakuca.me\\\/me\\\/\",\"name\":\"Evropean house\",\"description\":\"\",\"publisher\":{\"@id\":\"https:\\\/\\\/www.evropskakuca.me\\\/me\\\/#organization\"},\"potentialAction\":[{\"@type\":\"SearchAction\",\"target\":{\"@type\":\"EntryPoint\",\"urlTemplate\":\"https:\\\/\\\/www.evropskakuca.me\\\/me\\\/?s={search_term_string}\"},\"query-input\":{\"@type\":\"PropertyValueSpecification\",\"valueRequired\":true,\"valueName\":\"search_term_string\"}}],\"inLanguage\":\"me-ME\"},{\"@type\":\"Organization\",\"@id\":\"https:\\\/\\\/www.evropskakuca.me\\\/me\\\/#organization\",\"name\":\"Evropean house\",\"url\":\"https:\\\/\\\/www.evropskakuca.me\\\/me\\\/\",\"logo\":{\"@type\":\"ImageObject\",\"inLanguage\":\"me-ME\",\"@id\":\"https:\\\/\\\/www.evropskakuca.me\\\/me\\\/#\\\/schema\\\/logo\\\/image\\\/\",\"url\":\"https:\\\/\\\/www.evropskakuca.me\\\/wp-content\\\/uploads\\\/2025\\\/01\\\/evropska-kuca-logo-1.png\",\"contentUrl\":\"https:\\\/\\\/www.evropskakuca.me\\\/wp-content\\\/uploads\\\/2025\\\/01\\\/evropska-kuca-logo-1.png\",\"width\":425,\"height\":312,\"caption\":\"Evropean house\"},\"image\":{\"@id\":\"https:\\\/\\\/www.evropskakuca.me\\\/me\\\/#\\\/schema\\\/logo\\\/image\\\/\"},\"sameAs\":[\"https:\\\/\\\/www.facebook.com\\\/evropska.kuca\",\"https:\\\/\\\/x.com\\\/evropska_kuca\",\"https:\\\/\\\/www.instagram.com\\\/evropska_kuca\"]},{\"@type\":\"Person\",\"@id\":\"https:\\\/\\\/www.evropskakuca.me\\\/me\\\/#\\\/schema\\\/person\\\/a1d0dcdaefe4a1cd1d60d200ea137ba4\",\"name\":\"mkajic\",\"image\":{\"@type\":\"ImageObject\",\"inLanguage\":\"me-ME\",\"@id\":\"https:\\\/\\\/secure.gravatar.com\\\/avatar\\\/731fa035cefab7316e6bafd1f25a93fb731a07de14e2d9923f8db4422628eabc?s=96&d=mm&r=g\",\"url\":\"https:\\\/\\\/secure.gravatar.com\\\/avatar\\\/731fa035cefab7316e6bafd1f25a93fb731a07de14e2d9923f8db4422628eabc?s=96&d=mm&r=g\",\"contentUrl\":\"https:\\\/\\\/secure.gravatar.com\\\/avatar\\\/731fa035cefab7316e6bafd1f25a93fb731a07de14e2d9923f8db4422628eabc?s=96&d=mm&r=g\",\"caption\":\"mkajic\"},\"sameAs\":[\"https:\\\/\\\/evropskakuca.me\"],\"url\":\"https:\\\/\\\/www.evropskakuca.me\\\/me\\\/author\\\/mkajic\\\/\"}]}<\/script>\n<!-- \/ Yoast SEO plugin. -->","yoast_head_json":{"title":"Septembar u Briselu 2017 za crnogorske studente i \u0111ake - Europe House","robots":{"index":"index","follow":"follow","max-snippet":"max-snippet:-1","max-image-preview":"max-image-preview:large","max-video-preview":"max-video-preview:-1"},"canonical":"https:\/\/www.evropskakuca.me\/me\/septembar-u-briselu-2017-za-crnogorske-studente-dake\/","og_locale":"en_US","og_type":"article","og_title":"Septembar u Briselu 2017 za crnogorske studente i \u0111ake - Europe House","og_description":"Pobjednici \u010detiri konkursa pokazali su se kao odli\u010dni poznavaoci odnosa EU i Crne Gore.","og_url":"https:\/\/www.evropskakuca.me\/me\/septembar-u-briselu-2017-za-crnogorske-studente-dake\/","og_site_name":"Europe House","article_publisher":"https:\/\/www.facebook.com\/evropska.kuca","article_published_time":"2017-09-29T09:53:48+00:00","og_image":[{"width":2048,"height":1536,"url":"https:\/\/www.evropskakuca.me\/wp-content\/uploads\/2017\/10\/SEP-in-BRX-2017-000.jpg","type":"image\/jpeg"}],"author":"mkajic","twitter_card":"summary_large_image","twitter_creator":"@evropska_kuca","twitter_site":"@evropska_kuca","twitter_misc":{"Written by":"mkajic","Est. reading time":"2 minutes"},"schema":{"@context":"https:\/\/schema.org","@graph":[{"@type":"Article","@id":"https:\/\/www.evropskakuca.me\/me\/septembar-u-briselu-2017-za-crnogorske-studente-dake\/#article","isPartOf":{"@id":"https:\/\/www.evropskakuca.me\/me\/septembar-u-briselu-2017-za-crnogorske-studente-dake\/"},"author":{"name":"mkajic","@id":"https:\/\/www.evropskakuca.me\/me\/#\/schema\/person\/a1d0dcdaefe4a1cd1d60d200ea137ba4"},"headline":"Septembar u Briselu 2017 za crnogorske studente i \u0111ake","datePublished":"2017-09-29T09:53:48+00:00","mainEntityOfPage":{"@id":"https:\/\/www.evropskakuca.me\/me\/septembar-u-briselu-2017-za-crnogorske-studente-dake\/"},"wordCount":395,"commentCount":0,"publisher":{"@id":"https:\/\/www.evropskakuca.me\/me\/#organization"},"image":{"@id":"https:\/\/www.evropskakuca.me\/me\/septembar-u-briselu-2017-za-crnogorske-studente-dake\/#primaryimage"},"thumbnailUrl":"https:\/\/www.evropskakuca.me\/wp-content\/uploads\/2017\/10\/SEP-in-BRX-2017-000.jpg","articleSection":["Novosti"],"inLanguage":"me-ME","potentialAction":[{"@type":"CommentAction","name":"Comment","target":["https:\/\/www.evropskakuca.me\/me\/septembar-u-briselu-2017-za-crnogorske-studente-dake\/#respond"]}]},{"@type":"WebPage","@id":"https:\/\/www.evropskakuca.me\/me\/septembar-u-briselu-2017-za-crnogorske-studente-dake\/","url":"https:\/\/www.evropskakuca.me\/me\/septembar-u-briselu-2017-za-crnogorske-studente-dake\/","name":"Septembar u Briselu 2017 za crnogorske studente i \u0111ake - Europe House","isPartOf":{"@id":"https:\/\/www.evropskakuca.me\/me\/#website"},"primaryImageOfPage":{"@id":"https:\/\/www.evropskakuca.me\/me\/septembar-u-briselu-2017-za-crnogorske-studente-dake\/#primaryimage"},"image":{"@id":"https:\/\/www.evropskakuca.me\/me\/septembar-u-briselu-2017-za-crnogorske-studente-dake\/#primaryimage"},"thumbnailUrl":"https:\/\/www.evropskakuca.me\/wp-content\/uploads\/2017\/10\/SEP-in-BRX-2017-000.jpg","datePublished":"2017-09-29T09:53:48+00:00","breadcrumb":{"@id":"https:\/\/www.evropskakuca.me\/me\/septembar-u-briselu-2017-za-crnogorske-studente-dake\/#breadcrumb"},"inLanguage":"me-ME","potentialAction":[{"@type":"ReadAction","target":["https:\/\/www.evropskakuca.me\/me\/septembar-u-briselu-2017-za-crnogorske-studente-dake\/"]}]},{"@type":"ImageObject","inLanguage":"me-ME","@id":"https:\/\/www.evropskakuca.me\/me\/septembar-u-briselu-2017-za-crnogorske-studente-dake\/#primaryimage","url":"https:\/\/www.evropskakuca.me\/wp-content\/uploads\/2017\/10\/SEP-in-BRX-2017-000.jpg","contentUrl":"https:\/\/www.evropskakuca.me\/wp-content\/uploads\/2017\/10\/SEP-in-BRX-2017-000.jpg","width":2048,"height":1536},{"@type":"BreadcrumbList","@id":"https:\/\/www.evropskakuca.me\/me\/septembar-u-briselu-2017-za-crnogorske-studente-dake\/#breadcrumb","itemListElement":[{"@type":"ListItem","position":1,"name":"Home","item":"https:\/\/www.evropskakuca.me\/me\/"},{"@type":"ListItem","position":2,"name":"Septembar u Briselu 2017 za crnogorske studente i \u0111ake"}]},{"@type":"WebSite","@id":"https:\/\/www.evropskakuca.me\/me\/#website","url":"https:\/\/www.evropskakuca.me\/me\/","name":"Evropean house","description":"","publisher":{"@id":"https:\/\/www.evropskakuca.me\/me\/#organization"},"potentialAction":[{"@type":"SearchAction","target":{"@type":"EntryPoint","urlTemplate":"https:\/\/www.evropskakuca.me\/me\/?s={search_term_string}"},"query-input":{"@type":"PropertyValueSpecification","valueRequired":true,"valueName":"search_term_string"}}],"inLanguage":"me-ME"},{"@type":"Organization","@id":"https:\/\/www.evropskakuca.me\/me\/#organization","name":"Evropean house","url":"https:\/\/www.evropskakuca.me\/me\/","logo":{"@type":"ImageObject","inLanguage":"me-ME","@id":"https:\/\/www.evropskakuca.me\/me\/#\/schema\/logo\/image\/","url":"https:\/\/www.evropskakuca.me\/wp-content\/uploads\/2025\/01\/evropska-kuca-logo-1.png","contentUrl":"https:\/\/www.evropskakuca.me\/wp-content\/uploads\/2025\/01\/evropska-kuca-logo-1.png","width":425,"height":312,"caption":"Evropean house"},"image":{"@id":"https:\/\/www.evropskakuca.me\/me\/#\/schema\/logo\/image\/"},"sameAs":["https:\/\/www.facebook.com\/evropska.kuca","https:\/\/x.com\/evropska_kuca","https:\/\/www.instagram.com\/evropska_kuca"]},{"@type":"Person","@id":"https:\/\/www.evropskakuca.me\/me\/#\/schema\/person\/a1d0dcdaefe4a1cd1d60d200ea137ba4","name":"mkajic","image":{"@type":"ImageObject","inLanguage":"me-ME","@id":"https:\/\/secure.gravatar.com\/avatar\/731fa035cefab7316e6bafd1f25a93fb731a07de14e2d9923f8db4422628eabc?s=96&d=mm&r=g","url":"https:\/\/secure.gravatar.com\/avatar\/731fa035cefab7316e6bafd1f25a93fb731a07de14e2d9923f8db4422628eabc?s=96&d=mm&r=g","contentUrl":"https:\/\/secure.gravatar.com\/avatar\/731fa035cefab7316e6bafd1f25a93fb731a07de14e2d9923f8db4422628eabc?s=96&d=mm&r=g","caption":"mkajic"},"sameAs":["https:\/\/evropskakuca.me"],"url":"https:\/\/www.evropskakuca.me\/me\/author\/mkajic\/"}]}},"_links":{"self":[{"href":"https:\/\/www.evropskakuca.me\/me\/wp-json\/wp\/v2\/posts\/3848","targetHints":{"allow":["GET"]}}],"collection":[{"href":"https:\/\/www.evropskakuca.me\/me\/wp-json\/wp\/v2\/posts"}],"about":[{"href":"https:\/\/www.evropskakuca.me\/me\/wp-json\/wp\/v2\/types\/post"}],"author":[{"embeddable":true,"href":"https:\/\/www.evropskakuca.me\/me\/wp-json\/wp\/v2\/users\/1"}],"replies":[{"embeddable":true,"href":"https:\/\/www.evropskakuca.me\/me\/wp-json\/wp\/v2\/comments?post=3848"}],"version-history":[{"count":0,"href":"https:\/\/www.evropskakuca.me\/me\/wp-json\/wp\/v2\/posts\/3848\/revisions"}],"wp:featuredmedia":[{"embeddable":true,"href":"https:\/\/www.evropskakuca.me\/me\/wp-json\/wp\/v2\/media\/32970"}],"wp:attachment":[{"href":"https:\/\/www.evropskakuca.me\/me\/wp-json\/wp\/v2\/media?parent=3848"}],"wp:term":[{"taxonomy":"category","embeddable":true,"href":"https:\/\/www.evropskakuca.me\/me\/wp-json\/wp\/v2\/categories?post=3848"},{"taxonomy":"post_tag","embeddable":true,"href":"https:\/\/www.evropskakuca.me\/me\/wp-json\/wp\/v2\/tags?post=3848"}],"curies":[{"name":"wp","href":"https:\/\/api.w.org\/{rel}","templated":true}]}}