{"id":3779,"date":"2017-09-19T11:06:49","date_gmt":"2017-09-19T11:06:49","guid":{"rendered":"http:\/\/www.evropskakuca.me\/me\/?p=3779"},"modified":"2017-09-19T11:06:49","modified_gmt":"2017-09-19T11:06:49","slug":"iz-brisela-s-ljubavlju","status":"publish","type":"post","link":"https:\/\/www.evropskakuca.me\/me\/iz-brisela-s-ljubavlju\/","title":{"rendered":"Iz Brisela s ljubavlju"},"content":{"rendered":"<p>Brisel, 11-15. septembar 2017. &#8211; Ako ste se na\u0161li u konferencijskoj sali, i dok \u010dekate na prezentaciju \u010dujete predstoje\u0107eg govornika kako se \u017eali \u201eTastatura je francuska sa njema\u010dkim postavkama, a ja \u017eelim da kucam na engleskom\u201c, onda je jedan od vjerovatnih scenarija da ste na sastanku u instituciji EU. Ovo je samo maleni detalj iz atmosfere koju je grupa od 18 crnogorskih novinara i predstavnika civilnog sektora mogla do\u017eivjeti pro\u0161le sedmice tokom studijske posjete Briselu.<\/p>\n<p>Njihov petodnevni studijski program zapo\u010deo je u Generalnom direktoratu za susjedstvo i pregovore o pro\u0161irenju (DG NEAR), gdje su ih do\u010dekali \u0161ef Odeljenja Direktorata za Crnu Goru, Tomas Haglajtner, i Klajv Rambold, zamjenik \u0161efa Odjeljenja za zapadni Balkan Evropske slu\u017ebe za spoljne poslove (EEAS). Ostavljaju\u0107i jezi\u010dke \u0161ale na stranu, njihova poruka bila je vi\u0161e nego jasna: \u201ePro\u0161irenje je dio DNK Evropske unije. Bavili smo se pro\u0161irenjima manje-vi\u0161e otkako postoji EU i to ostaje na\u0161a dugoro\u010dna perspektiva.\u201c<\/p>\n<p>Politi\u010dki stav Unije o nedvosmislenoj posve\u0107enosti evropskoj perspektivi zemalja zapadnog Balkana, kako su istakli, o\u010dituje se i u brojevima. \u201cOpipljivi znak posve\u0107enosti EU pro\u0161irenju je to \u0161to imamo zna\u010dajan finansijski okvir za pro\u0161irenje &#8211; tro\u0161imo oko milijardu eura godi\u0161nje na pripremu zemalja za pristupanje\u201d, dodao je Haglajtner.<\/p>\n<p><img fetchpriority=\"high\" decoding=\"async\" class=\"size-medium wp-image-3757 alignleft\" src=\"http:\/\/www.evropskakuca.me\/wp-content\/uploads\/2017\/09\/IMG_20170912_121641-300x225.jpg\" alt=\"\" width=\"300\" height=\"225\" \/><\/p>\n<p>Po\u0161to su temelji jasno postavljeni, proces pristupanja obja\u0161njen je u vi\u0161e tehni\u010dkih detalja. Na sastancima koji su uslijedili toga i sljede\u0107eg dana, slu\u017ebenici DG NEAR-a, i direktorata za pravosu\u0111e i klimatska pitanja (DG JUST i DG CLIMA) objasnili su detaljnije \u0161ta podrazumijeva novi pristup u pregovorima o pristupanju EU kada je u pitanju vladavina prava, koji su referentni uslovi u vezi sa poglavljima 23 i 24, koje mjere protiv korupcije se sprovode u Crnoj Gori, za\u0161to je va\u017ena primjena politika javnih nabavki i \u0161ta o\u010dekivati \u200b\u200bkada se radi o zahtjevima u oblasti za\u0161tite \u017eivotne sredine.<\/p>\n<p><img decoding=\"async\" class=\"alignleft wp-image-3755 size-large\" src=\"http:\/\/www.evropskakuca.me\/wp-content\/uploads\/2017\/09\/IMG_20170912_151653-1024x768.jpg\" alt=\"\" width=\"1024\" height=\"768\" \/><\/p>\n<p>Kako ne bi dozvolili da se mno\u0161tvo tehni\u010dkih detalja i pravna rigidnost sudari sa novinarskom nestrpljivo\u0161\u0107u, izme\u0111u sastanaka organizovana je posjeta Evropskom parlamentu, tijelu koje predstavlja ne manje od 500 miliona gra\u0111ana. Slo\u017een sistem funkcionisanja zakonodavnog tijela EU, koje okuplja 751 poslanika, i koje radi na \u010dak tri lokacije &#8211; Brisel (Belgija), grad Luksemburg (Luksemburg) i Strazbur (Francuska) &#8211; posjetiocima je na veoma osvje\u017eavaju\u0107i i inspirativan na\u010din pribli\u017eio vodi\u010d Georg Stilijanu.<\/p>\n<p><img decoding=\"async\" class=\"size-thumbnail wp-image-3753 alignleft\" src=\"http:\/\/www.evropskakuca.me\/wp-content\/uploads\/2017\/09\/IMG_20170912_164506-150x150.jpg\" alt=\"\" width=\"150\" height=\"150\" \/>\u010cinilo se da njegova neposredna pitka naracija, bolje nego same iznijete \u010dinjenice, prikazuje te pozitivnu silu koja je pomirila prakti\u010dnu i simboli\u010dku prirodu \u010dinidbenih elemenata evropske zajednice i postavila odnose snaga u uravnote\u017een funkcionalan mehanizam. Ili, jo\u0161 bolje, njegovim rije\u010dima: \u201eMi (EU) ne dajemo svjetlost. Mi je crpimo iz na\u0161ih sastavnih dijelova. Mi nismo sunce; mi smo radije sijalica.\u201c<\/p>\n<p>\u010cetvrtog dana posjete crnogorski novinari bili su najbli\u017ei onome \u0161to bi se moglo nazvati poznatim terenom. Dan su proveli u \u010duvenoj zgradi Berlemon u kojoj se nalazi sjedi\u0161te Evropske komisije. Nisu, dodu\u0161e, razgovarali sa komesarima, ve\u0107 sa svojim kolegom novinarom Augustinom Palokajom, briselskim dopisnikom vi\u0161e regionalnih medija, kao \u0161to su Jutarnji list i Koha Ditore. Tu je \u010dak i humor bio \u201edoma\u0107i\u201c. Interna \u0161ala \u201eMo\u017ee\u0161 zamisliti proces u kojem je Crna Gora najbr\u017ea\u201c, a koja se oslanja na nacionalne stereotipe u regionu koji Crnogorce predstavljaju kao lijen narod, lako je probila led. Budu\u0107i da je Crna Gora jedina zemlja regiona koja nema stalnog medijskog dopisnika u Briselu, Palokaj je do\u010darao crnogorskim novinarima \u0161ta je to \u0161to propu\u0161taju, a \u0161to je manje-vi\u0161e, sve sem zvani\u010dne izjave. Na osnovu svog iskustva iz prve ruke, novinarima je pribli\u017eio radnu rutinu Brisela, uz savjete o tome kako \u010ditati zvani\u010dne izjave, kako tra\u017eiti dodatne informacije i koliko vjerovati manje zvani\u010dnim izvorima.<\/p>\n<p><img loading=\"lazy\" decoding=\"async\" class=\"alignleft wp-image-3759 size-medium\" src=\"http:\/\/www.evropskakuca.me\/wp-content\/uploads\/2017\/09\/IMG-bba995f4c7abe5ffc40b7d2019a13797-V-300x169.jpg\" alt=\"\" width=\"300\" height=\"169\" \/>Ipak, ostatak dana proveden u konferencijskoj sali za medije EK i Odjeljenu za audio-vizuelne usluge, pokazao je da dostupnog materijala za medije tamo ima na pretek. Ova slu\u017eba pru\u017ea besplatne usluge proizvodnje i distribucije AV materijala gotovo o svemu \u0161to se de\u0161ava u Komisiji. Samo pro\u0161le godine, servis Evropa putem satelita (EbS) obezbijedio je prenos skoro 2 300 sati razli\u010ditog programa, od kojeg je polovina emitovana u\u017eivo, \u200b\u200ba sli\u010dnu koli\u010dinu tog materijala iskoristili su emiteri iz EU u svojim programima.<\/p>\n<p><img loading=\"lazy\" decoding=\"async\" class=\"alignright wp-image-3761 \" src=\"http:\/\/www.evropskakuca.me\/wp-content\/uploads\/2017\/09\/IMG_20170914_120024-300x225.jpg\" alt=\"\" width=\"265\" height=\"181\" \/>Pored toga, u Berlemonu su novinarima na raspolaganju dva profesionalno opremljena TV studija i jedan radijski, TV snimatelji, monta\u017ene jedinice i oprema za slanje materijala medijskim ku\u0107ama iz kojih novinari dolaze. Kako je sa\u017eeto kazao jedan od slu\u017ebenika medijskog odjeljenja \u2013 \u201eMo\u017eete da uradite intervju sa predsjednikom Junkerom u svako doba &#8211; samo nam ka\u017eete \u0161ta treba da vam se obezbijedi\u201c. Jo\u0161 jedna sesija zavr\u0161ena je zaklju\u010dkom \u201edobro je znati\u201c.<\/p>\n<p>&nbsp;<\/p>\n<p><img loading=\"lazy\" decoding=\"async\" class=\"alignleft wp-image-3763 size-medium\" src=\"http:\/\/www.evropskakuca.me\/wp-content\/uploads\/2017\/09\/IMG-aae363ec507b9c9614ebcb49a524b7e9-V-300x169.jpg\" alt=\"\" width=\"300\" height=\"169\" \/>Crnogorski novinari nisu bili samo slu\u0161aoci. Njih 18, od kojih 16 novinara i dva predstavnika civilnog sektora, imali su i mnoga pitanja. Za neka od njih, kao \u0161to je dominantno \u201eKada \u0107e Crna Gora kao predvodnik u pridru\u017eivanju sti\u0107i na cilj?\u201c, nije ni bilo za o\u010dekivati da budu tako lako odgovorena, ali neka druga pitanja mogla bi da otvore put za nove pri\u010de u lokalnim medijima. Za razvijanje budu\u0107ih pri\u010da, crnogorski novinari imali su podr\u0161ku trenera novinarstva i iskusnog izvje\u0161ta\u010da o EU pitanjima, Tobija Fogela, koji je bio i moderator programa.<\/p>\n<p>Poruka koju su u vi\u0161e navrata tokom susreta nagla\u0161avali slu\u017ebenici EU, a koja je pru\u017eila novu perspektivu i podsticaj crnogorskim novinarima, bila je ta da su kvalitet njihovih izvje\u0161taja i informacija koje isnose pred gra\u0111ane veoma vrijedni u procesu pristupanja. Prema rije\u010dima jedne od slu\u017ebenica DG NEAR-a: \u201eZaista ra\u010dunamo na vas i na dijalog sa civilnim dru\u0161tvom. Imamo kapaciteta da vam pomognemo, uglavnom kroz programe obuke kao \u0161to je ovaj. Cilj je da se pobolj\u0161aju va\u0161i kapaciteti za razvijanje pri\u010da, da mo\u017eete da istra\u017eite va\u017ene teme, da znate o \u010demu pri\u010date &#8230; jer je va\u017eno da kada otvorite neko pitanje zaista i znate o \u010demu se tu zapravo radi. To je ono \u0161to je va\u017eno\u201c. Tako jednostavno. Ali ne i lako kao \u0161to izgleda \u2013 sude\u0107i prema komentarima koji su uslijedili.<\/p>\n<p><img loading=\"lazy\" decoding=\"async\" class=\"alignright wp-image-3765 size-medium\" src=\"http:\/\/www.evropskakuca.me\/wp-content\/uploads\/2017\/09\/IMG_20170912_204622-300x225.jpg\" alt=\"\" width=\"300\" height=\"225\" \/><\/p>\n<p><img loading=\"lazy\" decoding=\"async\" class=\"alignnone wp-image-3767 size-medium\" src=\"http:\/\/www.evropskakuca.me\/wp-content\/uploads\/2017\/09\/IMG_20170912_205925-300x225.jpg\" alt=\"\" width=\"300\" height=\"225\" \/><\/p>\n<p><img loading=\"lazy\" decoding=\"async\" class=\"aligncenter wp-image-3769 size-medium\" src=\"http:\/\/www.evropskakuca.me\/wp-content\/uploads\/2017\/09\/IMG-b6941d442784efe321b915fdd151c228-V-300x225.jpg\" alt=\"\" width=\"300\" height=\"225\" \/><\/p>\n<p>Kona\u010dno, posjeta se nije sastojala samo od rada i razgovora. Iako se u novinarskim krugovima Briselu naj\u010de\u0161\u0107e dodjeljuje epitet \u201ezvani\u010dni\u201c, ovoga puta grad je imao mnogo vi\u0161e da ponudi onima koji su bili voljni da slobodno vreme provedu ru\u0161e\u0107i taj stereotip. Za neke je to zna\u010dilo u\u017eivanje \u200b\u200bu predivnoj arhitekturi, za neke posjetu Vojnom muzeju ili Centru stripa, a za ve\u0107inu je to zna\u010dilo degustaciju \u010dokolade u nekoj od brojnih \u010dokoladarnica, poneko pivo u odli\u010dnim tradicionalnim pabovima, a zatim nazad na jo\u0161 jednu \u010dokoladu!<\/p>\n<p><em>Obuku i studijsko putovanje je organizovao EU Info centar, uz podr\u0161ku Delegacije Evropske unije u Podgorici.<\/em><\/p>\n<p><em>Sadr\u017eaj ovog \u010dlanka je isklju\u010diva odgovornost EU Info centra i ni na koji na\u010din ne odra\u017eava stavove Evropske unije.<\/em><\/p>\n","protected":false},"excerpt":{"rendered":"<p>Crnogorski novinari u posjeti Briselu<\/p>\n","protected":false},"author":1,"featured_media":32824,"comment_status":"open","ping_status":"open","sticky":false,"template":"","format":"standard","meta":{"_acf_changed":false,"footnotes":""},"categories":[],"tags":[],"class_list":["post-3779","post","type-post","status-publish","format-standard","has-post-thumbnail","hentry"],"acf":[],"yoast_head":"<!-- This site is optimized with the Yoast SEO plugin v27.3 - https:\/\/yoast.com\/product\/yoast-seo-wordpress\/ -->\n<title>Iz Brisela s ljubavlju - Europe House<\/title>\n<meta name=\"robots\" content=\"index, follow, max-snippet:-1, max-image-preview:large, max-video-preview:-1\" \/>\n<link rel=\"canonical\" href=\"https:\/\/www.evropskakuca.me\/me\/iz-brisela-s-ljubavlju\/\" \/>\n<meta property=\"og:locale\" content=\"en_US\" \/>\n<meta property=\"og:type\" content=\"article\" \/>\n<meta property=\"og:title\" content=\"Iz Brisela s ljubavlju - Europe House\" \/>\n<meta property=\"og:description\" content=\"Crnogorski novinari u posjeti Briselu\" \/>\n<meta property=\"og:url\" content=\"https:\/\/www.evropskakuca.me\/me\/iz-brisela-s-ljubavlju\/\" \/>\n<meta property=\"og:site_name\" content=\"Europe House\" \/>\n<meta property=\"article:publisher\" content=\"https:\/\/www.facebook.com\/evropska.kuca\" \/>\n<meta property=\"article:published_time\" content=\"2017-09-19T11:06:49+00:00\" \/>\n<meta property=\"og:image\" content=\"https:\/\/www.evropskakuca.me\/wp-content\/uploads\/2017\/09\/DSC_0292.jpg\" \/>\n\t<meta property=\"og:image:width\" content=\"2560\" \/>\n\t<meta property=\"og:image:height\" content=\"1702\" \/>\n\t<meta property=\"og:image:type\" content=\"image\/jpeg\" \/>\n<meta name=\"author\" content=\"mkajic\" \/>\n<meta name=\"twitter:card\" content=\"summary_large_image\" \/>\n<meta name=\"twitter:creator\" content=\"@evropska_kuca\" \/>\n<meta name=\"twitter:site\" content=\"@evropska_kuca\" \/>\n<meta name=\"twitter:label1\" content=\"Written by\" \/>\n\t<meta name=\"twitter:data1\" content=\"mkajic\" \/>\n\t<meta name=\"twitter:label2\" content=\"Est. reading time\" \/>\n\t<meta name=\"twitter:data2\" content=\"6 minutes\" \/>\n<script type=\"application\/ld+json\" class=\"yoast-schema-graph\">{\"@context\":\"https:\\\/\\\/schema.org\",\"@graph\":[{\"@type\":\"Article\",\"@id\":\"https:\\\/\\\/www.evropskakuca.me\\\/me\\\/iz-brisela-s-ljubavlju\\\/#article\",\"isPartOf\":{\"@id\":\"https:\\\/\\\/www.evropskakuca.me\\\/me\\\/iz-brisela-s-ljubavlju\\\/\"},\"author\":{\"name\":\"mkajic\",\"@id\":\"https:\\\/\\\/www.evropskakuca.me\\\/me\\\/#\\\/schema\\\/person\\\/a1d0dcdaefe4a1cd1d60d200ea137ba4\"},\"headline\":\"Iz Brisela s ljubavlju\",\"datePublished\":\"2017-09-19T11:06:49+00:00\",\"mainEntityOfPage\":{\"@id\":\"https:\\\/\\\/www.evropskakuca.me\\\/me\\\/iz-brisela-s-ljubavlju\\\/\"},\"wordCount\":1193,\"commentCount\":0,\"publisher\":{\"@id\":\"https:\\\/\\\/www.evropskakuca.me\\\/me\\\/#organization\"},\"image\":{\"@id\":\"https:\\\/\\\/www.evropskakuca.me\\\/me\\\/iz-brisela-s-ljubavlju\\\/#primaryimage\"},\"thumbnailUrl\":\"https:\\\/\\\/www.evropskakuca.me\\\/wp-content\\\/uploads\\\/2017\\\/09\\\/DSC_0292.jpg\",\"inLanguage\":\"me-ME\",\"potentialAction\":[{\"@type\":\"CommentAction\",\"name\":\"Comment\",\"target\":[\"https:\\\/\\\/www.evropskakuca.me\\\/me\\\/iz-brisela-s-ljubavlju\\\/#respond\"]}]},{\"@type\":\"WebPage\",\"@id\":\"https:\\\/\\\/www.evropskakuca.me\\\/me\\\/iz-brisela-s-ljubavlju\\\/\",\"url\":\"https:\\\/\\\/www.evropskakuca.me\\\/me\\\/iz-brisela-s-ljubavlju\\\/\",\"name\":\"Iz Brisela s ljubavlju - Europe House\",\"isPartOf\":{\"@id\":\"https:\\\/\\\/www.evropskakuca.me\\\/me\\\/#website\"},\"primaryImageOfPage\":{\"@id\":\"https:\\\/\\\/www.evropskakuca.me\\\/me\\\/iz-brisela-s-ljubavlju\\\/#primaryimage\"},\"image\":{\"@id\":\"https:\\\/\\\/www.evropskakuca.me\\\/me\\\/iz-brisela-s-ljubavlju\\\/#primaryimage\"},\"thumbnailUrl\":\"https:\\\/\\\/www.evropskakuca.me\\\/wp-content\\\/uploads\\\/2017\\\/09\\\/DSC_0292.jpg\",\"datePublished\":\"2017-09-19T11:06:49+00:00\",\"breadcrumb\":{\"@id\":\"https:\\\/\\\/www.evropskakuca.me\\\/me\\\/iz-brisela-s-ljubavlju\\\/#breadcrumb\"},\"inLanguage\":\"me-ME\",\"potentialAction\":[{\"@type\":\"ReadAction\",\"target\":[\"https:\\\/\\\/www.evropskakuca.me\\\/me\\\/iz-brisela-s-ljubavlju\\\/\"]}]},{\"@type\":\"ImageObject\",\"inLanguage\":\"me-ME\",\"@id\":\"https:\\\/\\\/www.evropskakuca.me\\\/me\\\/iz-brisela-s-ljubavlju\\\/#primaryimage\",\"url\":\"https:\\\/\\\/www.evropskakuca.me\\\/wp-content\\\/uploads\\\/2017\\\/09\\\/DSC_0292.jpg\",\"contentUrl\":\"https:\\\/\\\/www.evropskakuca.me\\\/wp-content\\\/uploads\\\/2017\\\/09\\\/DSC_0292.jpg\",\"width\":2560,\"height\":1702},{\"@type\":\"BreadcrumbList\",\"@id\":\"https:\\\/\\\/www.evropskakuca.me\\\/me\\\/iz-brisela-s-ljubavlju\\\/#breadcrumb\",\"itemListElement\":[{\"@type\":\"ListItem\",\"position\":1,\"name\":\"Home\",\"item\":\"https:\\\/\\\/www.evropskakuca.me\\\/me\\\/\"},{\"@type\":\"ListItem\",\"position\":2,\"name\":\"Iz Brisela s ljubavlju\"}]},{\"@type\":\"WebSite\",\"@id\":\"https:\\\/\\\/www.evropskakuca.me\\\/me\\\/#website\",\"url\":\"https:\\\/\\\/www.evropskakuca.me\\\/me\\\/\",\"name\":\"Evropean house\",\"description\":\"\",\"publisher\":{\"@id\":\"https:\\\/\\\/www.evropskakuca.me\\\/me\\\/#organization\"},\"potentialAction\":[{\"@type\":\"SearchAction\",\"target\":{\"@type\":\"EntryPoint\",\"urlTemplate\":\"https:\\\/\\\/www.evropskakuca.me\\\/me\\\/?s={search_term_string}\"},\"query-input\":{\"@type\":\"PropertyValueSpecification\",\"valueRequired\":true,\"valueName\":\"search_term_string\"}}],\"inLanguage\":\"me-ME\"},{\"@type\":\"Organization\",\"@id\":\"https:\\\/\\\/www.evropskakuca.me\\\/me\\\/#organization\",\"name\":\"Evropean house\",\"url\":\"https:\\\/\\\/www.evropskakuca.me\\\/me\\\/\",\"logo\":{\"@type\":\"ImageObject\",\"inLanguage\":\"me-ME\",\"@id\":\"https:\\\/\\\/www.evropskakuca.me\\\/me\\\/#\\\/schema\\\/logo\\\/image\\\/\",\"url\":\"https:\\\/\\\/www.evropskakuca.me\\\/wp-content\\\/uploads\\\/2025\\\/01\\\/evropska-kuca-logo-1.png\",\"contentUrl\":\"https:\\\/\\\/www.evropskakuca.me\\\/wp-content\\\/uploads\\\/2025\\\/01\\\/evropska-kuca-logo-1.png\",\"width\":425,\"height\":312,\"caption\":\"Evropean house\"},\"image\":{\"@id\":\"https:\\\/\\\/www.evropskakuca.me\\\/me\\\/#\\\/schema\\\/logo\\\/image\\\/\"},\"sameAs\":[\"https:\\\/\\\/www.facebook.com\\\/evropska.kuca\",\"https:\\\/\\\/x.com\\\/evropska_kuca\",\"https:\\\/\\\/www.instagram.com\\\/evropska_kuca\"]},{\"@type\":\"Person\",\"@id\":\"https:\\\/\\\/www.evropskakuca.me\\\/me\\\/#\\\/schema\\\/person\\\/a1d0dcdaefe4a1cd1d60d200ea137ba4\",\"name\":\"mkajic\",\"image\":{\"@type\":\"ImageObject\",\"inLanguage\":\"me-ME\",\"@id\":\"https:\\\/\\\/secure.gravatar.com\\\/avatar\\\/731fa035cefab7316e6bafd1f25a93fb731a07de14e2d9923f8db4422628eabc?s=96&d=mm&r=g\",\"url\":\"https:\\\/\\\/secure.gravatar.com\\\/avatar\\\/731fa035cefab7316e6bafd1f25a93fb731a07de14e2d9923f8db4422628eabc?s=96&d=mm&r=g\",\"contentUrl\":\"https:\\\/\\\/secure.gravatar.com\\\/avatar\\\/731fa035cefab7316e6bafd1f25a93fb731a07de14e2d9923f8db4422628eabc?s=96&d=mm&r=g\",\"caption\":\"mkajic\"},\"sameAs\":[\"https:\\\/\\\/evropskakuca.me\"],\"url\":\"https:\\\/\\\/www.evropskakuca.me\\\/me\\\/author\\\/mkajic\\\/\"}]}<\/script>\n<!-- \/ Yoast SEO plugin. -->","yoast_head_json":{"title":"Iz Brisela s ljubavlju - Europe House","robots":{"index":"index","follow":"follow","max-snippet":"max-snippet:-1","max-image-preview":"max-image-preview:large","max-video-preview":"max-video-preview:-1"},"canonical":"https:\/\/www.evropskakuca.me\/me\/iz-brisela-s-ljubavlju\/","og_locale":"en_US","og_type":"article","og_title":"Iz Brisela s ljubavlju - Europe House","og_description":"Crnogorski novinari u posjeti Briselu","og_url":"https:\/\/www.evropskakuca.me\/me\/iz-brisela-s-ljubavlju\/","og_site_name":"Europe House","article_publisher":"https:\/\/www.facebook.com\/evropska.kuca","article_published_time":"2017-09-19T11:06:49+00:00","og_image":[{"width":2560,"height":1702,"url":"https:\/\/www.evropskakuca.me\/wp-content\/uploads\/2017\/09\/DSC_0292.jpg","type":"image\/jpeg"}],"author":"mkajic","twitter_card":"summary_large_image","twitter_creator":"@evropska_kuca","twitter_site":"@evropska_kuca","twitter_misc":{"Written by":"mkajic","Est. reading time":"6 minutes"},"schema":{"@context":"https:\/\/schema.org","@graph":[{"@type":"Article","@id":"https:\/\/www.evropskakuca.me\/me\/iz-brisela-s-ljubavlju\/#article","isPartOf":{"@id":"https:\/\/www.evropskakuca.me\/me\/iz-brisela-s-ljubavlju\/"},"author":{"name":"mkajic","@id":"https:\/\/www.evropskakuca.me\/me\/#\/schema\/person\/a1d0dcdaefe4a1cd1d60d200ea137ba4"},"headline":"Iz Brisela s ljubavlju","datePublished":"2017-09-19T11:06:49+00:00","mainEntityOfPage":{"@id":"https:\/\/www.evropskakuca.me\/me\/iz-brisela-s-ljubavlju\/"},"wordCount":1193,"commentCount":0,"publisher":{"@id":"https:\/\/www.evropskakuca.me\/me\/#organization"},"image":{"@id":"https:\/\/www.evropskakuca.me\/me\/iz-brisela-s-ljubavlju\/#primaryimage"},"thumbnailUrl":"https:\/\/www.evropskakuca.me\/wp-content\/uploads\/2017\/09\/DSC_0292.jpg","inLanguage":"me-ME","potentialAction":[{"@type":"CommentAction","name":"Comment","target":["https:\/\/www.evropskakuca.me\/me\/iz-brisela-s-ljubavlju\/#respond"]}]},{"@type":"WebPage","@id":"https:\/\/www.evropskakuca.me\/me\/iz-brisela-s-ljubavlju\/","url":"https:\/\/www.evropskakuca.me\/me\/iz-brisela-s-ljubavlju\/","name":"Iz Brisela s ljubavlju - Europe House","isPartOf":{"@id":"https:\/\/www.evropskakuca.me\/me\/#website"},"primaryImageOfPage":{"@id":"https:\/\/www.evropskakuca.me\/me\/iz-brisela-s-ljubavlju\/#primaryimage"},"image":{"@id":"https:\/\/www.evropskakuca.me\/me\/iz-brisela-s-ljubavlju\/#primaryimage"},"thumbnailUrl":"https:\/\/www.evropskakuca.me\/wp-content\/uploads\/2017\/09\/DSC_0292.jpg","datePublished":"2017-09-19T11:06:49+00:00","breadcrumb":{"@id":"https:\/\/www.evropskakuca.me\/me\/iz-brisela-s-ljubavlju\/#breadcrumb"},"inLanguage":"me-ME","potentialAction":[{"@type":"ReadAction","target":["https:\/\/www.evropskakuca.me\/me\/iz-brisela-s-ljubavlju\/"]}]},{"@type":"ImageObject","inLanguage":"me-ME","@id":"https:\/\/www.evropskakuca.me\/me\/iz-brisela-s-ljubavlju\/#primaryimage","url":"https:\/\/www.evropskakuca.me\/wp-content\/uploads\/2017\/09\/DSC_0292.jpg","contentUrl":"https:\/\/www.evropskakuca.me\/wp-content\/uploads\/2017\/09\/DSC_0292.jpg","width":2560,"height":1702},{"@type":"BreadcrumbList","@id":"https:\/\/www.evropskakuca.me\/me\/iz-brisela-s-ljubavlju\/#breadcrumb","itemListElement":[{"@type":"ListItem","position":1,"name":"Home","item":"https:\/\/www.evropskakuca.me\/me\/"},{"@type":"ListItem","position":2,"name":"Iz Brisela s ljubavlju"}]},{"@type":"WebSite","@id":"https:\/\/www.evropskakuca.me\/me\/#website","url":"https:\/\/www.evropskakuca.me\/me\/","name":"Evropean house","description":"","publisher":{"@id":"https:\/\/www.evropskakuca.me\/me\/#organization"},"potentialAction":[{"@type":"SearchAction","target":{"@type":"EntryPoint","urlTemplate":"https:\/\/www.evropskakuca.me\/me\/?s={search_term_string}"},"query-input":{"@type":"PropertyValueSpecification","valueRequired":true,"valueName":"search_term_string"}}],"inLanguage":"me-ME"},{"@type":"Organization","@id":"https:\/\/www.evropskakuca.me\/me\/#organization","name":"Evropean house","url":"https:\/\/www.evropskakuca.me\/me\/","logo":{"@type":"ImageObject","inLanguage":"me-ME","@id":"https:\/\/www.evropskakuca.me\/me\/#\/schema\/logo\/image\/","url":"https:\/\/www.evropskakuca.me\/wp-content\/uploads\/2025\/01\/evropska-kuca-logo-1.png","contentUrl":"https:\/\/www.evropskakuca.me\/wp-content\/uploads\/2025\/01\/evropska-kuca-logo-1.png","width":425,"height":312,"caption":"Evropean house"},"image":{"@id":"https:\/\/www.evropskakuca.me\/me\/#\/schema\/logo\/image\/"},"sameAs":["https:\/\/www.facebook.com\/evropska.kuca","https:\/\/x.com\/evropska_kuca","https:\/\/www.instagram.com\/evropska_kuca"]},{"@type":"Person","@id":"https:\/\/www.evropskakuca.me\/me\/#\/schema\/person\/a1d0dcdaefe4a1cd1d60d200ea137ba4","name":"mkajic","image":{"@type":"ImageObject","inLanguage":"me-ME","@id":"https:\/\/secure.gravatar.com\/avatar\/731fa035cefab7316e6bafd1f25a93fb731a07de14e2d9923f8db4422628eabc?s=96&d=mm&r=g","url":"https:\/\/secure.gravatar.com\/avatar\/731fa035cefab7316e6bafd1f25a93fb731a07de14e2d9923f8db4422628eabc?s=96&d=mm&r=g","contentUrl":"https:\/\/secure.gravatar.com\/avatar\/731fa035cefab7316e6bafd1f25a93fb731a07de14e2d9923f8db4422628eabc?s=96&d=mm&r=g","caption":"mkajic"},"sameAs":["https:\/\/evropskakuca.me"],"url":"https:\/\/www.evropskakuca.me\/me\/author\/mkajic\/"}]}},"_links":{"self":[{"href":"https:\/\/www.evropskakuca.me\/me\/wp-json\/wp\/v2\/posts\/3779","targetHints":{"allow":["GET"]}}],"collection":[{"href":"https:\/\/www.evropskakuca.me\/me\/wp-json\/wp\/v2\/posts"}],"about":[{"href":"https:\/\/www.evropskakuca.me\/me\/wp-json\/wp\/v2\/types\/post"}],"author":[{"embeddable":true,"href":"https:\/\/www.evropskakuca.me\/me\/wp-json\/wp\/v2\/users\/1"}],"replies":[{"embeddable":true,"href":"https:\/\/www.evropskakuca.me\/me\/wp-json\/wp\/v2\/comments?post=3779"}],"version-history":[{"count":0,"href":"https:\/\/www.evropskakuca.me\/me\/wp-json\/wp\/v2\/posts\/3779\/revisions"}],"wp:featuredmedia":[{"embeddable":true,"href":"https:\/\/www.evropskakuca.me\/me\/wp-json\/wp\/v2\/media\/32824"}],"wp:attachment":[{"href":"https:\/\/www.evropskakuca.me\/me\/wp-json\/wp\/v2\/media?parent=3779"}],"wp:term":[{"taxonomy":"category","embeddable":true,"href":"https:\/\/www.evropskakuca.me\/me\/wp-json\/wp\/v2\/categories?post=3779"},{"taxonomy":"post_tag","embeddable":true,"href":"https:\/\/www.evropskakuca.me\/me\/wp-json\/wp\/v2\/tags?post=3779"}],"curies":[{"name":"wp","href":"https:\/\/api.w.org\/{rel}","templated":true}]}}