{"id":3715,"date":"2017-07-28T15:15:16","date_gmt":"2017-07-28T15:15:16","guid":{"rendered":"http:\/\/www.evropskakuca.me\/me\/?p=3715"},"modified":"2017-07-28T15:15:16","modified_gmt":"2017-07-28T15:15:16","slug":"ono-sto-sada-nismo-imali-prilike","status":"publish","type":"post","link":"https:\/\/www.evropskakuca.me\/me\/ono-sto-sada-nismo-imali-prilike\/","title":{"rendered":"Ono \u0161to do sada nismo imali \u2013 prilike"},"content":{"rendered":"<p>Sastanci, pripreme, vi\u0161esatni razgovori, prepoznavanje problema u zajednici i na\u010dini na koji da se rije\u0161e &#8211; svakodnevica je desetak Roma koji u\u010destvuju u projektu<strong> \u201c<\/strong>Ja\u010danje javnog aktivizma Roma\u201c koji finansira Evropska unija.<\/p>\n<p>\u201cSam naziv projekta ka\u017ee da je neophodno ja\u010danje javnog aktivizma Roma. Mi do prije pet godina, nismo mogli da okupimo pet mladih ljudi koji su u obazovnom sistemu, koji \u017eele neke pozitivne promjene u zajednici, koji \u017eele da rade na nekim stvarima. Danas na seminarima je do 20, 25 u\u010desnika.\u201d, obja\u0161njava Elvis Beri\u0161a, student Prava na odsjeku za bezbjednost i politiku, i nastavlja:<\/p>\n<p>\u201eJa i kolege smo \u010dlanovi platforme, prva takve vrste, razvijamo smjernice u kom prvacu treba da ide aktivizam Roma radi integracije Roma u dru\u0161tvo u Crnoj Gori\u201c .<\/p>\n<p><img fetchpriority=\"high\" decoding=\"async\" class=\"alignleft  wp-image-3710\" src=\"http:\/\/www.evropskakuca.me\/wp-content\/uploads\/2017\/07\/170303-2-300x200.jpg\" alt=\"\" width=\"392\" height=\"261\" \/><\/p>\n<p>Ovakav rad, treninzi i seminari koje poha\u0111aju ve\u0107 ih \u010dine aktivnim u romskoj zajednici. Elvis i od ranije u\u010destvuje u javnom \u017eivotu Roma. Prepoznaju ga i na fakultetu i u nevlaninom sektoru, a bio je i \u010dlan radne grupe za izradu strategije za socijalnu inkluziju Roma i Egip\u0107ana 2016. \u2013 2020. Me\u0111utim, tada kako i sam ka\u017ee nije imao priliku da se toliko uklju\u010di u izradu samog dokumenta.<\/p>\n<p>\u201eOva inicijativa je temelj svih akcija i projekata koje \u0107emo svi zajedno sprovoditi. To je ono \u0161to do sada nismo imali, a to su prilike. Prilike za ve\u0107e uklju\u010divanje, generalno mladih, a ako pogledamo posebno romsku zajednicu vidje\u0107emo da zaista imamo jako mali broj mladih iz romske zajednice koji su uklju\u010deni u javnom aktivizmu, odnosno u dru\u0161tvenom \u017eivotu.\u201c ka\u017ee Elvis.<\/p>\n<p>Plan je da se dokumentom objedine problemi mladih Roma kao i predlozi kako da se rije\u0161e, a onda i da se stavi na sto donosiocima odluka na nacionalnom i lokalnom nivou.<\/p>\n<p>\u201eMoje mi\u0161ljenje je da se ovim projektom, ne samo dala prilika mladim da u\u010de i slu\u0161aju o nekim temama poput demokratije, ljudskih prava i o odnosima sa javnosti, ve\u0107 smo dobili priliku da ono \u0161to mislimo da je dobro i korisno, za mlade prije svega, a onda i za cjelokupnu zajednicu, da stavimo na paprir u jednom dokumentu koji \u0107emo kasnije realizovati\u201c, dodaje Ser\u0111an Baftijari, student Politi\u010dkih nauka.<\/p>\n<p>Problema je dosta, a poneki datiraju i po dvadeset godina, \u00a0tako da se u dokumnetu na\u0161lo mjesta i za poneku \u017eelju iz djetinjstva.<\/p>\n<p>\u201cIdemo u tom pravcu da bi trebalo da postoji neko mjesto za mlade, pogotovu u Podgorici, a po\u0161to Roma ima najvi\u0161e na Koniku, mo\u017eda tu da se napravi neko mjesto gdje \u0107e mladi da se okupljaju, razmjenjuju ideje, a onda i na\u0111u rje\u0161enje kako te ideje da se realizuju\u201d.<\/p>\n<p>Dvadesetak Roma koji svakodnevno rade na projektu su samo dio mre\u017ee koja se polako \u0161iri cijelom Crnom Gorom. Ono \u0161to na sastancima i kroz aktivnosti u\u010de su jedna strana pri\u010d, a ono kako sve to na njih uti\u010de je druga.<img decoding=\"async\" class=\" wp-image-3712 alignright\" src=\"http:\/\/www.evropskakuca.me\/wp-content\/uploads\/2017\/07\/170303-9-300x200.jpg\" alt=\"\" width=\"354\" height=\"236\" \/><\/p>\n<p>\u201cPoma\u017ee u samopouzdanju, ne samo pripadnicima romske populacije. Dobili smo iskustvo i hrabrost da se prijavimo na neke druge konkurse. Ja \u0107u se potruditi da se prijavin na konkurs za sta\u017eiranje. Zahvaljuju\u0107i radu sa kolegama i na platformi stekla sam samopouzdanje da se prijavim, informisala sam se i nadam se da \u0107u uspjeti\u201d, stidljivo otkriva svoje planove Almedina Ja\u0161araj u\u010denica srednje ekonomske \u0161kole.<\/p>\n<p>I uspjela je. Nedugo nakon ovog razgovora Almedinu smo sreli sa aktivistima jedne nevladine organizacije kako priprema konferenciju za medije u okviru jo\u0161 jednog projekta koji finansnira Evropska unija \u201cInicijativa za otvoreno sudstvo.\u201d<\/p>\n","protected":false},"excerpt":{"rendered":"<p>Ja\u010danje javnog aktivizma Roma<\/p>\n","protected":false},"author":1,"featured_media":32736,"comment_status":"open","ping_status":"open","sticky":false,"template":"","format":"standard","meta":{"_acf_changed":false,"footnotes":""},"categories":[],"tags":[],"class_list":["post-3715","post","type-post","status-publish","format-standard","has-post-thumbnail","hentry"],"acf":[],"yoast_head":"<!-- This site is optimized with the Yoast SEO plugin v27.3 - https:\/\/yoast.com\/product\/yoast-seo-wordpress\/ -->\n<title>Ono \u0161to do sada nismo imali \u2013 prilike - Europe House<\/title>\n<meta name=\"robots\" content=\"index, follow, max-snippet:-1, max-image-preview:large, max-video-preview:-1\" \/>\n<link rel=\"canonical\" href=\"https:\/\/www.evropskakuca.me\/me\/ono-sto-sada-nismo-imali-prilike\/\" \/>\n<meta property=\"og:locale\" content=\"en_US\" \/>\n<meta property=\"og:type\" content=\"article\" \/>\n<meta property=\"og:title\" content=\"Ono \u0161to do sada nismo imali \u2013 prilike - Europe House\" \/>\n<meta property=\"og:description\" content=\"Ja\u010danje javnog aktivizma Roma\" \/>\n<meta property=\"og:url\" content=\"https:\/\/www.evropskakuca.me\/me\/ono-sto-sada-nismo-imali-prilike\/\" \/>\n<meta property=\"og:site_name\" content=\"Europe House\" \/>\n<meta property=\"article:publisher\" content=\"https:\/\/www.facebook.com\/evropska.kuca\" \/>\n<meta property=\"article:published_time\" content=\"2017-07-28T15:15:16+00:00\" \/>\n<meta property=\"og:image\" content=\"https:\/\/www.evropskakuca.me\/wp-content\/uploads\/2017\/07\/170303-11-1024x683.jpg\" \/>\n\t<meta property=\"og:image:width\" content=\"1024\" \/>\n\t<meta property=\"og:image:height\" content=\"683\" \/>\n\t<meta property=\"og:image:type\" content=\"image\/jpeg\" \/>\n<meta name=\"author\" content=\"mkajic\" \/>\n<meta name=\"twitter:card\" content=\"summary_large_image\" \/>\n<meta name=\"twitter:creator\" content=\"@evropska_kuca\" \/>\n<meta name=\"twitter:site\" content=\"@evropska_kuca\" \/>\n<meta name=\"twitter:label1\" content=\"Written by\" \/>\n\t<meta name=\"twitter:data1\" content=\"mkajic\" \/>\n\t<meta name=\"twitter:label2\" content=\"Est. reading time\" \/>\n\t<meta name=\"twitter:data2\" content=\"3 minutes\" \/>\n<script type=\"application\/ld+json\" class=\"yoast-schema-graph\">{\"@context\":\"https:\\\/\\\/schema.org\",\"@graph\":[{\"@type\":\"Article\",\"@id\":\"https:\\\/\\\/www.evropskakuca.me\\\/me\\\/ono-sto-sada-nismo-imali-prilike\\\/#article\",\"isPartOf\":{\"@id\":\"https:\\\/\\\/www.evropskakuca.me\\\/me\\\/ono-sto-sada-nismo-imali-prilike\\\/\"},\"author\":{\"name\":\"mkajic\",\"@id\":\"https:\\\/\\\/www.evropskakuca.me\\\/me\\\/#\\\/schema\\\/person\\\/a1d0dcdaefe4a1cd1d60d200ea137ba4\"},\"headline\":\"Ono \u0161to do sada nismo imali \u2013 prilike\",\"datePublished\":\"2017-07-28T15:15:16+00:00\",\"mainEntityOfPage\":{\"@id\":\"https:\\\/\\\/www.evropskakuca.me\\\/me\\\/ono-sto-sada-nismo-imali-prilike\\\/\"},\"wordCount\":602,\"commentCount\":0,\"publisher\":{\"@id\":\"https:\\\/\\\/www.evropskakuca.me\\\/me\\\/#organization\"},\"image\":{\"@id\":\"https:\\\/\\\/www.evropskakuca.me\\\/me\\\/ono-sto-sada-nismo-imali-prilike\\\/#primaryimage\"},\"thumbnailUrl\":\"https:\\\/\\\/www.evropskakuca.me\\\/wp-content\\\/uploads\\\/2017\\\/07\\\/170303-11.jpg\",\"inLanguage\":\"me-ME\",\"potentialAction\":[{\"@type\":\"CommentAction\",\"name\":\"Comment\",\"target\":[\"https:\\\/\\\/www.evropskakuca.me\\\/me\\\/ono-sto-sada-nismo-imali-prilike\\\/#respond\"]}]},{\"@type\":\"WebPage\",\"@id\":\"https:\\\/\\\/www.evropskakuca.me\\\/me\\\/ono-sto-sada-nismo-imali-prilike\\\/\",\"url\":\"https:\\\/\\\/www.evropskakuca.me\\\/me\\\/ono-sto-sada-nismo-imali-prilike\\\/\",\"name\":\"Ono \u0161to do sada nismo imali \u2013 prilike - Europe House\",\"isPartOf\":{\"@id\":\"https:\\\/\\\/www.evropskakuca.me\\\/me\\\/#website\"},\"primaryImageOfPage\":{\"@id\":\"https:\\\/\\\/www.evropskakuca.me\\\/me\\\/ono-sto-sada-nismo-imali-prilike\\\/#primaryimage\"},\"image\":{\"@id\":\"https:\\\/\\\/www.evropskakuca.me\\\/me\\\/ono-sto-sada-nismo-imali-prilike\\\/#primaryimage\"},\"thumbnailUrl\":\"https:\\\/\\\/www.evropskakuca.me\\\/wp-content\\\/uploads\\\/2017\\\/07\\\/170303-11.jpg\",\"datePublished\":\"2017-07-28T15:15:16+00:00\",\"breadcrumb\":{\"@id\":\"https:\\\/\\\/www.evropskakuca.me\\\/me\\\/ono-sto-sada-nismo-imali-prilike\\\/#breadcrumb\"},\"inLanguage\":\"me-ME\",\"potentialAction\":[{\"@type\":\"ReadAction\",\"target\":[\"https:\\\/\\\/www.evropskakuca.me\\\/me\\\/ono-sto-sada-nismo-imali-prilike\\\/\"]}]},{\"@type\":\"ImageObject\",\"inLanguage\":\"me-ME\",\"@id\":\"https:\\\/\\\/www.evropskakuca.me\\\/me\\\/ono-sto-sada-nismo-imali-prilike\\\/#primaryimage\",\"url\":\"https:\\\/\\\/www.evropskakuca.me\\\/wp-content\\\/uploads\\\/2017\\\/07\\\/170303-11.jpg\",\"contentUrl\":\"https:\\\/\\\/www.evropskakuca.me\\\/wp-content\\\/uploads\\\/2017\\\/07\\\/170303-11.jpg\",\"width\":2028,\"height\":1352},{\"@type\":\"BreadcrumbList\",\"@id\":\"https:\\\/\\\/www.evropskakuca.me\\\/me\\\/ono-sto-sada-nismo-imali-prilike\\\/#breadcrumb\",\"itemListElement\":[{\"@type\":\"ListItem\",\"position\":1,\"name\":\"Home\",\"item\":\"https:\\\/\\\/www.evropskakuca.me\\\/me\\\/\"},{\"@type\":\"ListItem\",\"position\":2,\"name\":\"Ono \u0161to do sada nismo imali \u2013 prilike\"}]},{\"@type\":\"WebSite\",\"@id\":\"https:\\\/\\\/www.evropskakuca.me\\\/me\\\/#website\",\"url\":\"https:\\\/\\\/www.evropskakuca.me\\\/me\\\/\",\"name\":\"Evropean house\",\"description\":\"\",\"publisher\":{\"@id\":\"https:\\\/\\\/www.evropskakuca.me\\\/me\\\/#organization\"},\"potentialAction\":[{\"@type\":\"SearchAction\",\"target\":{\"@type\":\"EntryPoint\",\"urlTemplate\":\"https:\\\/\\\/www.evropskakuca.me\\\/me\\\/?s={search_term_string}\"},\"query-input\":{\"@type\":\"PropertyValueSpecification\",\"valueRequired\":true,\"valueName\":\"search_term_string\"}}],\"inLanguage\":\"me-ME\"},{\"@type\":\"Organization\",\"@id\":\"https:\\\/\\\/www.evropskakuca.me\\\/me\\\/#organization\",\"name\":\"Evropean house\",\"url\":\"https:\\\/\\\/www.evropskakuca.me\\\/me\\\/\",\"logo\":{\"@type\":\"ImageObject\",\"inLanguage\":\"me-ME\",\"@id\":\"https:\\\/\\\/www.evropskakuca.me\\\/me\\\/#\\\/schema\\\/logo\\\/image\\\/\",\"url\":\"https:\\\/\\\/www.evropskakuca.me\\\/wp-content\\\/uploads\\\/2025\\\/01\\\/evropska-kuca-logo-1.png\",\"contentUrl\":\"https:\\\/\\\/www.evropskakuca.me\\\/wp-content\\\/uploads\\\/2025\\\/01\\\/evropska-kuca-logo-1.png\",\"width\":425,\"height\":312,\"caption\":\"Evropean house\"},\"image\":{\"@id\":\"https:\\\/\\\/www.evropskakuca.me\\\/me\\\/#\\\/schema\\\/logo\\\/image\\\/\"},\"sameAs\":[\"https:\\\/\\\/www.facebook.com\\\/evropska.kuca\",\"https:\\\/\\\/x.com\\\/evropska_kuca\",\"https:\\\/\\\/www.instagram.com\\\/evropska_kuca\"]},{\"@type\":\"Person\",\"@id\":\"https:\\\/\\\/www.evropskakuca.me\\\/me\\\/#\\\/schema\\\/person\\\/a1d0dcdaefe4a1cd1d60d200ea137ba4\",\"name\":\"mkajic\",\"image\":{\"@type\":\"ImageObject\",\"inLanguage\":\"me-ME\",\"@id\":\"https:\\\/\\\/secure.gravatar.com\\\/avatar\\\/731fa035cefab7316e6bafd1f25a93fb731a07de14e2d9923f8db4422628eabc?s=96&d=mm&r=g\",\"url\":\"https:\\\/\\\/secure.gravatar.com\\\/avatar\\\/731fa035cefab7316e6bafd1f25a93fb731a07de14e2d9923f8db4422628eabc?s=96&d=mm&r=g\",\"contentUrl\":\"https:\\\/\\\/secure.gravatar.com\\\/avatar\\\/731fa035cefab7316e6bafd1f25a93fb731a07de14e2d9923f8db4422628eabc?s=96&d=mm&r=g\",\"caption\":\"mkajic\"},\"sameAs\":[\"https:\\\/\\\/evropskakuca.me\"],\"url\":\"https:\\\/\\\/www.evropskakuca.me\\\/me\\\/author\\\/mkajic\\\/\"}]}<\/script>\n<!-- \/ Yoast SEO plugin. -->","yoast_head_json":{"title":"Ono \u0161to do sada nismo imali \u2013 prilike - Europe House","robots":{"index":"index","follow":"follow","max-snippet":"max-snippet:-1","max-image-preview":"max-image-preview:large","max-video-preview":"max-video-preview:-1"},"canonical":"https:\/\/www.evropskakuca.me\/me\/ono-sto-sada-nismo-imali-prilike\/","og_locale":"en_US","og_type":"article","og_title":"Ono \u0161to do sada nismo imali \u2013 prilike - Europe House","og_description":"Ja\u010danje javnog aktivizma Roma","og_url":"https:\/\/www.evropskakuca.me\/me\/ono-sto-sada-nismo-imali-prilike\/","og_site_name":"Europe House","article_publisher":"https:\/\/www.facebook.com\/evropska.kuca","article_published_time":"2017-07-28T15:15:16+00:00","og_image":[{"width":1024,"height":683,"url":"https:\/\/www.evropskakuca.me\/wp-content\/uploads\/2017\/07\/170303-11-1024x683.jpg","type":"image\/jpeg"}],"author":"mkajic","twitter_card":"summary_large_image","twitter_creator":"@evropska_kuca","twitter_site":"@evropska_kuca","twitter_misc":{"Written by":"mkajic","Est. reading time":"3 minutes"},"schema":{"@context":"https:\/\/schema.org","@graph":[{"@type":"Article","@id":"https:\/\/www.evropskakuca.me\/me\/ono-sto-sada-nismo-imali-prilike\/#article","isPartOf":{"@id":"https:\/\/www.evropskakuca.me\/me\/ono-sto-sada-nismo-imali-prilike\/"},"author":{"name":"mkajic","@id":"https:\/\/www.evropskakuca.me\/me\/#\/schema\/person\/a1d0dcdaefe4a1cd1d60d200ea137ba4"},"headline":"Ono \u0161to do sada nismo imali \u2013 prilike","datePublished":"2017-07-28T15:15:16+00:00","mainEntityOfPage":{"@id":"https:\/\/www.evropskakuca.me\/me\/ono-sto-sada-nismo-imali-prilike\/"},"wordCount":602,"commentCount":0,"publisher":{"@id":"https:\/\/www.evropskakuca.me\/me\/#organization"},"image":{"@id":"https:\/\/www.evropskakuca.me\/me\/ono-sto-sada-nismo-imali-prilike\/#primaryimage"},"thumbnailUrl":"https:\/\/www.evropskakuca.me\/wp-content\/uploads\/2017\/07\/170303-11.jpg","inLanguage":"me-ME","potentialAction":[{"@type":"CommentAction","name":"Comment","target":["https:\/\/www.evropskakuca.me\/me\/ono-sto-sada-nismo-imali-prilike\/#respond"]}]},{"@type":"WebPage","@id":"https:\/\/www.evropskakuca.me\/me\/ono-sto-sada-nismo-imali-prilike\/","url":"https:\/\/www.evropskakuca.me\/me\/ono-sto-sada-nismo-imali-prilike\/","name":"Ono \u0161to do sada nismo imali \u2013 prilike - Europe House","isPartOf":{"@id":"https:\/\/www.evropskakuca.me\/me\/#website"},"primaryImageOfPage":{"@id":"https:\/\/www.evropskakuca.me\/me\/ono-sto-sada-nismo-imali-prilike\/#primaryimage"},"image":{"@id":"https:\/\/www.evropskakuca.me\/me\/ono-sto-sada-nismo-imali-prilike\/#primaryimage"},"thumbnailUrl":"https:\/\/www.evropskakuca.me\/wp-content\/uploads\/2017\/07\/170303-11.jpg","datePublished":"2017-07-28T15:15:16+00:00","breadcrumb":{"@id":"https:\/\/www.evropskakuca.me\/me\/ono-sto-sada-nismo-imali-prilike\/#breadcrumb"},"inLanguage":"me-ME","potentialAction":[{"@type":"ReadAction","target":["https:\/\/www.evropskakuca.me\/me\/ono-sto-sada-nismo-imali-prilike\/"]}]},{"@type":"ImageObject","inLanguage":"me-ME","@id":"https:\/\/www.evropskakuca.me\/me\/ono-sto-sada-nismo-imali-prilike\/#primaryimage","url":"https:\/\/www.evropskakuca.me\/wp-content\/uploads\/2017\/07\/170303-11.jpg","contentUrl":"https:\/\/www.evropskakuca.me\/wp-content\/uploads\/2017\/07\/170303-11.jpg","width":2028,"height":1352},{"@type":"BreadcrumbList","@id":"https:\/\/www.evropskakuca.me\/me\/ono-sto-sada-nismo-imali-prilike\/#breadcrumb","itemListElement":[{"@type":"ListItem","position":1,"name":"Home","item":"https:\/\/www.evropskakuca.me\/me\/"},{"@type":"ListItem","position":2,"name":"Ono \u0161to do sada nismo imali \u2013 prilike"}]},{"@type":"WebSite","@id":"https:\/\/www.evropskakuca.me\/me\/#website","url":"https:\/\/www.evropskakuca.me\/me\/","name":"Evropean house","description":"","publisher":{"@id":"https:\/\/www.evropskakuca.me\/me\/#organization"},"potentialAction":[{"@type":"SearchAction","target":{"@type":"EntryPoint","urlTemplate":"https:\/\/www.evropskakuca.me\/me\/?s={search_term_string}"},"query-input":{"@type":"PropertyValueSpecification","valueRequired":true,"valueName":"search_term_string"}}],"inLanguage":"me-ME"},{"@type":"Organization","@id":"https:\/\/www.evropskakuca.me\/me\/#organization","name":"Evropean house","url":"https:\/\/www.evropskakuca.me\/me\/","logo":{"@type":"ImageObject","inLanguage":"me-ME","@id":"https:\/\/www.evropskakuca.me\/me\/#\/schema\/logo\/image\/","url":"https:\/\/www.evropskakuca.me\/wp-content\/uploads\/2025\/01\/evropska-kuca-logo-1.png","contentUrl":"https:\/\/www.evropskakuca.me\/wp-content\/uploads\/2025\/01\/evropska-kuca-logo-1.png","width":425,"height":312,"caption":"Evropean house"},"image":{"@id":"https:\/\/www.evropskakuca.me\/me\/#\/schema\/logo\/image\/"},"sameAs":["https:\/\/www.facebook.com\/evropska.kuca","https:\/\/x.com\/evropska_kuca","https:\/\/www.instagram.com\/evropska_kuca"]},{"@type":"Person","@id":"https:\/\/www.evropskakuca.me\/me\/#\/schema\/person\/a1d0dcdaefe4a1cd1d60d200ea137ba4","name":"mkajic","image":{"@type":"ImageObject","inLanguage":"me-ME","@id":"https:\/\/secure.gravatar.com\/avatar\/731fa035cefab7316e6bafd1f25a93fb731a07de14e2d9923f8db4422628eabc?s=96&d=mm&r=g","url":"https:\/\/secure.gravatar.com\/avatar\/731fa035cefab7316e6bafd1f25a93fb731a07de14e2d9923f8db4422628eabc?s=96&d=mm&r=g","contentUrl":"https:\/\/secure.gravatar.com\/avatar\/731fa035cefab7316e6bafd1f25a93fb731a07de14e2d9923f8db4422628eabc?s=96&d=mm&r=g","caption":"mkajic"},"sameAs":["https:\/\/evropskakuca.me"],"url":"https:\/\/www.evropskakuca.me\/me\/author\/mkajic\/"}]}},"_links":{"self":[{"href":"https:\/\/www.evropskakuca.me\/me\/wp-json\/wp\/v2\/posts\/3715","targetHints":{"allow":["GET"]}}],"collection":[{"href":"https:\/\/www.evropskakuca.me\/me\/wp-json\/wp\/v2\/posts"}],"about":[{"href":"https:\/\/www.evropskakuca.me\/me\/wp-json\/wp\/v2\/types\/post"}],"author":[{"embeddable":true,"href":"https:\/\/www.evropskakuca.me\/me\/wp-json\/wp\/v2\/users\/1"}],"replies":[{"embeddable":true,"href":"https:\/\/www.evropskakuca.me\/me\/wp-json\/wp\/v2\/comments?post=3715"}],"version-history":[{"count":0,"href":"https:\/\/www.evropskakuca.me\/me\/wp-json\/wp\/v2\/posts\/3715\/revisions"}],"wp:featuredmedia":[{"embeddable":true,"href":"https:\/\/www.evropskakuca.me\/me\/wp-json\/wp\/v2\/media\/32736"}],"wp:attachment":[{"href":"https:\/\/www.evropskakuca.me\/me\/wp-json\/wp\/v2\/media?parent=3715"}],"wp:term":[{"taxonomy":"category","embeddable":true,"href":"https:\/\/www.evropskakuca.me\/me\/wp-json\/wp\/v2\/categories?post=3715"},{"taxonomy":"post_tag","embeddable":true,"href":"https:\/\/www.evropskakuca.me\/me\/wp-json\/wp\/v2\/tags?post=3715"}],"curies":[{"name":"wp","href":"https:\/\/api.w.org\/{rel}","templated":true}]}}