{"id":3686,"date":"2017-07-20T12:20:00","date_gmt":"2017-07-20T12:20:00","guid":{"rendered":"http:\/\/www.evropskakuca.me\/me\/?p=3686"},"modified":"2017-07-20T12:20:00","modified_gmt":"2017-07-20T12:20:00","slug":"sest-grantova-podrske-za-osobe-s-invaliditetom","status":"publish","type":"post","link":"https:\/\/www.evropskakuca.me\/me\/sest-grantova-podrske-za-osobe-s-invaliditetom\/","title":{"rendered":"\u0160est grantova podr\u0161ke za osobe s invaliditetom"},"content":{"rendered":"<p>PODGORICA, 20. jul 2017. &#8211; \u00a0U EU info centru danas su potpisani ugovori sa dobitnicima grantova u okviru regionalnog SOCIETIES projekta koji u Crnoj Gori sprovode Caritas Crna Gora i Udru\u017eenje paraplegi\u010dara Bar, a finansira Evropska unija.<\/p>\n<p>Iz fonda za grantove namijenjene lokalnim inicijativama, vrijednog 90 hiljada eura, bi\u0107e finansirano \u0161est odabranih projekata, i to \u201eRecikliramo papir i zapo\u0161ljavamo osobe sa invaliditetima\u201c koje sprovodi NVO Nova \u0161ansa u Novom, \u201eRazvojem vje\u0161tina do kvalitetnijeg \u017eivota\u201c Udru\u017eenja roditelja djece i omladine sa smetnjama u razvoju \u201ePravo na \u017eivot\u201c, \u201eServis podr\u0161ke slijepim licima\u201c Organizacije slijepih za Bar i Ulcinj, \u201eTaktilnom \u0161tampom do inkluzije\u201c Saveza slijepih Crne Gore, \u201eInvaliditet nije prepreka\u201c Udru\u017eenja paraplegi\u010dara Bijelog Polja i Mojkovca i \u201eGajimo cvije\u0107e, budimo sre\u0107ni\u201c Dru\u0161tva roditelja djece sa posebnim potrebama iz Bara.<\/p>\n<p>\u201eCilj grant \u0161eme je bio da se podr\u017ee i pove\u0107aju socijalne usluge i inicijative socijalnog preduzetni\u0161tva koje su zasnovane na prepoznatim potrebama u lokalnim zajednicama i da se na taj na\u010din doprinese socijalnoj inkluziji osoba sa invaliditetom i osoba koje imaju problema sa mentalnim zdravljem\u201c, kazao je na sve\u010danosti potpisivanja koordinator projekta SOCIETIES Marko \u0110elovi\u0107.<\/p>\n<p><img fetchpriority=\"high\" decoding=\"async\" class=\"alignleft size-medium wp-image-3689\" src=\"http:\/\/www.evropskakuca.me\/wp-content\/uploads\/2017\/07\/170720_societes-4-300x200.jpg\" alt=\"\" width=\"300\" height=\"200\" \/><\/p>\n<p>Predstavnik Delegacije EU u Crnoj Gori, Migel Magro Gomez, \u010destitao je dobitnicima grantova u ime ambasadora EU u Crnoj Gori Aiva Orava. \u201eZa Delegaciju i za Evropsku Uniju je veoma va\u017eno da lokalne organizacije poput va\u0161ih budu uklju\u010dene u sprovo\u0111enje projekata na terenu. Vi ste upravo osobe koje su\u0161tinski poma\u017eu Evropskoj uniji da se pribli\u017ei ljudima\u201c, kazao je Gomez.<\/p>\n<p>On je podsjetio da EU kroz razli\u010dite projekte podr\u017eava organizacije civilnog dru\u0161tva u Crnoj Gori sa \u010detiri miliona eura godi\u0161nje, i da upravo \u0161eme podfinansiranja u okviru ovih projekata predstavljaju instrumente za rje\u0161avanje stvarnih problema ljudi.<\/p>\n<p>Krovni projekat SOCIETIES, \u010diji je dio realizovana grant \u0161ema, sprovodi se od januara 2016. godine. U njemu u\u010destvuje 15 organizacija iz pet zemalja regiona i dvije partnerske organizacije iz zemalja EU, Italije i Bugarske. Njegova osnovna svrha je pru\u017eanje podr\u0161ke organizacijama civilnog dru\u0161tva za sticanje tehni\u010dkih vje\u0161tina za inkluziju osoba sa invaliditetima i osoba koje imaju problema sa mentalnim zdravljem u dostizanju standarda EU u jugoisto\u010dnoj Evropi.<\/p>\n","protected":false},"excerpt":{"rendered":"<p>Potpisani ugovori o podfinansiranju u okviru projekta SOCIETIES<\/p>\n","protected":false},"author":1,"featured_media":32772,"comment_status":"open","ping_status":"open","sticky":false,"template":"","format":"standard","meta":{"_acf_changed":false,"footnotes":""},"categories":[],"tags":[],"class_list":["post-3686","post","type-post","status-publish","format-standard","has-post-thumbnail","hentry"],"acf":[],"yoast_head":"<!-- This site is optimized with the Yoast SEO plugin v27.3 - https:\/\/yoast.com\/product\/yoast-seo-wordpress\/ -->\n<title>\u0160est grantova podr\u0161ke za osobe s invaliditetom - Europe House<\/title>\n<meta name=\"robots\" content=\"index, follow, max-snippet:-1, max-image-preview:large, max-video-preview:-1\" \/>\n<link rel=\"canonical\" href=\"https:\/\/www.evropskakuca.me\/me\/sest-grantova-podrske-za-osobe-s-invaliditetom\/\" \/>\n<meta property=\"og:locale\" content=\"en_US\" \/>\n<meta property=\"og:type\" content=\"article\" \/>\n<meta property=\"og:title\" content=\"\u0160est grantova podr\u0161ke za osobe s invaliditetom - Europe House\" \/>\n<meta property=\"og:description\" content=\"Potpisani ugovori o podfinansiranju u okviru projekta SOCIETIES\" \/>\n<meta property=\"og:url\" content=\"https:\/\/www.evropskakuca.me\/me\/sest-grantova-podrske-za-osobe-s-invaliditetom\/\" \/>\n<meta property=\"og:site_name\" content=\"Europe House\" \/>\n<meta property=\"article:publisher\" content=\"https:\/\/www.facebook.com\/evropska.kuca\" \/>\n<meta property=\"article:published_time\" content=\"2017-07-20T12:20:00+00:00\" \/>\n<meta property=\"og:image\" content=\"https:\/\/www.evropskakuca.me\/wp-content\/uploads\/2017\/07\/170720_societes-8-crop.jpg\" \/>\n\t<meta property=\"og:image:width\" content=\"1498\" \/>\n\t<meta property=\"og:image:height\" content=\"1040\" \/>\n\t<meta property=\"og:image:type\" content=\"image\/jpeg\" \/>\n<meta name=\"author\" content=\"mkajic\" \/>\n<meta name=\"twitter:card\" content=\"summary_large_image\" \/>\n<meta name=\"twitter:creator\" content=\"@evropska_kuca\" \/>\n<meta name=\"twitter:site\" content=\"@evropska_kuca\" \/>\n<meta name=\"twitter:label1\" content=\"Written by\" \/>\n\t<meta name=\"twitter:data1\" content=\"mkajic\" \/>\n\t<meta name=\"twitter:label2\" content=\"Est. reading time\" \/>\n\t<meta name=\"twitter:data2\" content=\"2 minutes\" \/>\n<script type=\"application\/ld+json\" class=\"yoast-schema-graph\">{\"@context\":\"https:\\\/\\\/schema.org\",\"@graph\":[{\"@type\":\"Article\",\"@id\":\"https:\\\/\\\/www.evropskakuca.me\\\/me\\\/sest-grantova-podrske-za-osobe-s-invaliditetom\\\/#article\",\"isPartOf\":{\"@id\":\"https:\\\/\\\/www.evropskakuca.me\\\/me\\\/sest-grantova-podrske-za-osobe-s-invaliditetom\\\/\"},\"author\":{\"name\":\"mkajic\",\"@id\":\"https:\\\/\\\/www.evropskakuca.me\\\/me\\\/#\\\/schema\\\/person\\\/a1d0dcdaefe4a1cd1d60d200ea137ba4\"},\"headline\":\"\u0160est grantova podr\u0161ke za osobe s invaliditetom\",\"datePublished\":\"2017-07-20T12:20:00+00:00\",\"mainEntityOfPage\":{\"@id\":\"https:\\\/\\\/www.evropskakuca.me\\\/me\\\/sest-grantova-podrske-za-osobe-s-invaliditetom\\\/\"},\"wordCount\":382,\"commentCount\":0,\"publisher\":{\"@id\":\"https:\\\/\\\/www.evropskakuca.me\\\/me\\\/#organization\"},\"image\":{\"@id\":\"https:\\\/\\\/www.evropskakuca.me\\\/me\\\/sest-grantova-podrske-za-osobe-s-invaliditetom\\\/#primaryimage\"},\"thumbnailUrl\":\"https:\\\/\\\/www.evropskakuca.me\\\/wp-content\\\/uploads\\\/2017\\\/07\\\/170720_societes-8-crop.jpg\",\"inLanguage\":\"me-ME\",\"potentialAction\":[{\"@type\":\"CommentAction\",\"name\":\"Comment\",\"target\":[\"https:\\\/\\\/www.evropskakuca.me\\\/me\\\/sest-grantova-podrske-za-osobe-s-invaliditetom\\\/#respond\"]}]},{\"@type\":\"WebPage\",\"@id\":\"https:\\\/\\\/www.evropskakuca.me\\\/me\\\/sest-grantova-podrske-za-osobe-s-invaliditetom\\\/\",\"url\":\"https:\\\/\\\/www.evropskakuca.me\\\/me\\\/sest-grantova-podrske-za-osobe-s-invaliditetom\\\/\",\"name\":\"\u0160est grantova podr\u0161ke za osobe s invaliditetom - Europe House\",\"isPartOf\":{\"@id\":\"https:\\\/\\\/www.evropskakuca.me\\\/me\\\/#website\"},\"primaryImageOfPage\":{\"@id\":\"https:\\\/\\\/www.evropskakuca.me\\\/me\\\/sest-grantova-podrske-za-osobe-s-invaliditetom\\\/#primaryimage\"},\"image\":{\"@id\":\"https:\\\/\\\/www.evropskakuca.me\\\/me\\\/sest-grantova-podrske-za-osobe-s-invaliditetom\\\/#primaryimage\"},\"thumbnailUrl\":\"https:\\\/\\\/www.evropskakuca.me\\\/wp-content\\\/uploads\\\/2017\\\/07\\\/170720_societes-8-crop.jpg\",\"datePublished\":\"2017-07-20T12:20:00+00:00\",\"breadcrumb\":{\"@id\":\"https:\\\/\\\/www.evropskakuca.me\\\/me\\\/sest-grantova-podrske-za-osobe-s-invaliditetom\\\/#breadcrumb\"},\"inLanguage\":\"me-ME\",\"potentialAction\":[{\"@type\":\"ReadAction\",\"target\":[\"https:\\\/\\\/www.evropskakuca.me\\\/me\\\/sest-grantova-podrske-za-osobe-s-invaliditetom\\\/\"]}]},{\"@type\":\"ImageObject\",\"inLanguage\":\"me-ME\",\"@id\":\"https:\\\/\\\/www.evropskakuca.me\\\/me\\\/sest-grantova-podrske-za-osobe-s-invaliditetom\\\/#primaryimage\",\"url\":\"https:\\\/\\\/www.evropskakuca.me\\\/wp-content\\\/uploads\\\/2017\\\/07\\\/170720_societes-8-crop.jpg\",\"contentUrl\":\"https:\\\/\\\/www.evropskakuca.me\\\/wp-content\\\/uploads\\\/2017\\\/07\\\/170720_societes-8-crop.jpg\",\"width\":1498,\"height\":1040},{\"@type\":\"BreadcrumbList\",\"@id\":\"https:\\\/\\\/www.evropskakuca.me\\\/me\\\/sest-grantova-podrske-za-osobe-s-invaliditetom\\\/#breadcrumb\",\"itemListElement\":[{\"@type\":\"ListItem\",\"position\":1,\"name\":\"Home\",\"item\":\"https:\\\/\\\/www.evropskakuca.me\\\/me\\\/\"},{\"@type\":\"ListItem\",\"position\":2,\"name\":\"\u0160est grantova podr\u0161ke za osobe s invaliditetom\"}]},{\"@type\":\"WebSite\",\"@id\":\"https:\\\/\\\/www.evropskakuca.me\\\/me\\\/#website\",\"url\":\"https:\\\/\\\/www.evropskakuca.me\\\/me\\\/\",\"name\":\"Evropean house\",\"description\":\"\",\"publisher\":{\"@id\":\"https:\\\/\\\/www.evropskakuca.me\\\/me\\\/#organization\"},\"potentialAction\":[{\"@type\":\"SearchAction\",\"target\":{\"@type\":\"EntryPoint\",\"urlTemplate\":\"https:\\\/\\\/www.evropskakuca.me\\\/me\\\/?s={search_term_string}\"},\"query-input\":{\"@type\":\"PropertyValueSpecification\",\"valueRequired\":true,\"valueName\":\"search_term_string\"}}],\"inLanguage\":\"me-ME\"},{\"@type\":\"Organization\",\"@id\":\"https:\\\/\\\/www.evropskakuca.me\\\/me\\\/#organization\",\"name\":\"Evropean house\",\"url\":\"https:\\\/\\\/www.evropskakuca.me\\\/me\\\/\",\"logo\":{\"@type\":\"ImageObject\",\"inLanguage\":\"me-ME\",\"@id\":\"https:\\\/\\\/www.evropskakuca.me\\\/me\\\/#\\\/schema\\\/logo\\\/image\\\/\",\"url\":\"https:\\\/\\\/www.evropskakuca.me\\\/wp-content\\\/uploads\\\/2025\\\/01\\\/evropska-kuca-logo-1.png\",\"contentUrl\":\"https:\\\/\\\/www.evropskakuca.me\\\/wp-content\\\/uploads\\\/2025\\\/01\\\/evropska-kuca-logo-1.png\",\"width\":425,\"height\":312,\"caption\":\"Evropean house\"},\"image\":{\"@id\":\"https:\\\/\\\/www.evropskakuca.me\\\/me\\\/#\\\/schema\\\/logo\\\/image\\\/\"},\"sameAs\":[\"https:\\\/\\\/www.facebook.com\\\/evropska.kuca\",\"https:\\\/\\\/x.com\\\/evropska_kuca\",\"https:\\\/\\\/www.instagram.com\\\/evropska_kuca\"]},{\"@type\":\"Person\",\"@id\":\"https:\\\/\\\/www.evropskakuca.me\\\/me\\\/#\\\/schema\\\/person\\\/a1d0dcdaefe4a1cd1d60d200ea137ba4\",\"name\":\"mkajic\",\"image\":{\"@type\":\"ImageObject\",\"inLanguage\":\"me-ME\",\"@id\":\"https:\\\/\\\/secure.gravatar.com\\\/avatar\\\/731fa035cefab7316e6bafd1f25a93fb731a07de14e2d9923f8db4422628eabc?s=96&d=mm&r=g\",\"url\":\"https:\\\/\\\/secure.gravatar.com\\\/avatar\\\/731fa035cefab7316e6bafd1f25a93fb731a07de14e2d9923f8db4422628eabc?s=96&d=mm&r=g\",\"contentUrl\":\"https:\\\/\\\/secure.gravatar.com\\\/avatar\\\/731fa035cefab7316e6bafd1f25a93fb731a07de14e2d9923f8db4422628eabc?s=96&d=mm&r=g\",\"caption\":\"mkajic\"},\"sameAs\":[\"https:\\\/\\\/evropskakuca.me\"],\"url\":\"https:\\\/\\\/www.evropskakuca.me\\\/me\\\/author\\\/mkajic\\\/\"}]}<\/script>\n<!-- \/ Yoast SEO plugin. -->","yoast_head_json":{"title":"\u0160est grantova podr\u0161ke za osobe s invaliditetom - Europe House","robots":{"index":"index","follow":"follow","max-snippet":"max-snippet:-1","max-image-preview":"max-image-preview:large","max-video-preview":"max-video-preview:-1"},"canonical":"https:\/\/www.evropskakuca.me\/me\/sest-grantova-podrske-za-osobe-s-invaliditetom\/","og_locale":"en_US","og_type":"article","og_title":"\u0160est grantova podr\u0161ke za osobe s invaliditetom - Europe House","og_description":"Potpisani ugovori o podfinansiranju u okviru projekta SOCIETIES","og_url":"https:\/\/www.evropskakuca.me\/me\/sest-grantova-podrske-za-osobe-s-invaliditetom\/","og_site_name":"Europe House","article_publisher":"https:\/\/www.facebook.com\/evropska.kuca","article_published_time":"2017-07-20T12:20:00+00:00","og_image":[{"width":1498,"height":1040,"url":"https:\/\/www.evropskakuca.me\/wp-content\/uploads\/2017\/07\/170720_societes-8-crop.jpg","type":"image\/jpeg"}],"author":"mkajic","twitter_card":"summary_large_image","twitter_creator":"@evropska_kuca","twitter_site":"@evropska_kuca","twitter_misc":{"Written by":"mkajic","Est. reading time":"2 minutes"},"schema":{"@context":"https:\/\/schema.org","@graph":[{"@type":"Article","@id":"https:\/\/www.evropskakuca.me\/me\/sest-grantova-podrske-za-osobe-s-invaliditetom\/#article","isPartOf":{"@id":"https:\/\/www.evropskakuca.me\/me\/sest-grantova-podrske-za-osobe-s-invaliditetom\/"},"author":{"name":"mkajic","@id":"https:\/\/www.evropskakuca.me\/me\/#\/schema\/person\/a1d0dcdaefe4a1cd1d60d200ea137ba4"},"headline":"\u0160est grantova podr\u0161ke za osobe s invaliditetom","datePublished":"2017-07-20T12:20:00+00:00","mainEntityOfPage":{"@id":"https:\/\/www.evropskakuca.me\/me\/sest-grantova-podrske-za-osobe-s-invaliditetom\/"},"wordCount":382,"commentCount":0,"publisher":{"@id":"https:\/\/www.evropskakuca.me\/me\/#organization"},"image":{"@id":"https:\/\/www.evropskakuca.me\/me\/sest-grantova-podrske-za-osobe-s-invaliditetom\/#primaryimage"},"thumbnailUrl":"https:\/\/www.evropskakuca.me\/wp-content\/uploads\/2017\/07\/170720_societes-8-crop.jpg","inLanguage":"me-ME","potentialAction":[{"@type":"CommentAction","name":"Comment","target":["https:\/\/www.evropskakuca.me\/me\/sest-grantova-podrske-za-osobe-s-invaliditetom\/#respond"]}]},{"@type":"WebPage","@id":"https:\/\/www.evropskakuca.me\/me\/sest-grantova-podrske-za-osobe-s-invaliditetom\/","url":"https:\/\/www.evropskakuca.me\/me\/sest-grantova-podrske-za-osobe-s-invaliditetom\/","name":"\u0160est grantova podr\u0161ke za osobe s invaliditetom - Europe House","isPartOf":{"@id":"https:\/\/www.evropskakuca.me\/me\/#website"},"primaryImageOfPage":{"@id":"https:\/\/www.evropskakuca.me\/me\/sest-grantova-podrske-za-osobe-s-invaliditetom\/#primaryimage"},"image":{"@id":"https:\/\/www.evropskakuca.me\/me\/sest-grantova-podrske-za-osobe-s-invaliditetom\/#primaryimage"},"thumbnailUrl":"https:\/\/www.evropskakuca.me\/wp-content\/uploads\/2017\/07\/170720_societes-8-crop.jpg","datePublished":"2017-07-20T12:20:00+00:00","breadcrumb":{"@id":"https:\/\/www.evropskakuca.me\/me\/sest-grantova-podrske-za-osobe-s-invaliditetom\/#breadcrumb"},"inLanguage":"me-ME","potentialAction":[{"@type":"ReadAction","target":["https:\/\/www.evropskakuca.me\/me\/sest-grantova-podrske-za-osobe-s-invaliditetom\/"]}]},{"@type":"ImageObject","inLanguage":"me-ME","@id":"https:\/\/www.evropskakuca.me\/me\/sest-grantova-podrske-za-osobe-s-invaliditetom\/#primaryimage","url":"https:\/\/www.evropskakuca.me\/wp-content\/uploads\/2017\/07\/170720_societes-8-crop.jpg","contentUrl":"https:\/\/www.evropskakuca.me\/wp-content\/uploads\/2017\/07\/170720_societes-8-crop.jpg","width":1498,"height":1040},{"@type":"BreadcrumbList","@id":"https:\/\/www.evropskakuca.me\/me\/sest-grantova-podrske-za-osobe-s-invaliditetom\/#breadcrumb","itemListElement":[{"@type":"ListItem","position":1,"name":"Home","item":"https:\/\/www.evropskakuca.me\/me\/"},{"@type":"ListItem","position":2,"name":"\u0160est grantova podr\u0161ke za osobe s invaliditetom"}]},{"@type":"WebSite","@id":"https:\/\/www.evropskakuca.me\/me\/#website","url":"https:\/\/www.evropskakuca.me\/me\/","name":"Evropean house","description":"","publisher":{"@id":"https:\/\/www.evropskakuca.me\/me\/#organization"},"potentialAction":[{"@type":"SearchAction","target":{"@type":"EntryPoint","urlTemplate":"https:\/\/www.evropskakuca.me\/me\/?s={search_term_string}"},"query-input":{"@type":"PropertyValueSpecification","valueRequired":true,"valueName":"search_term_string"}}],"inLanguage":"me-ME"},{"@type":"Organization","@id":"https:\/\/www.evropskakuca.me\/me\/#organization","name":"Evropean house","url":"https:\/\/www.evropskakuca.me\/me\/","logo":{"@type":"ImageObject","inLanguage":"me-ME","@id":"https:\/\/www.evropskakuca.me\/me\/#\/schema\/logo\/image\/","url":"https:\/\/www.evropskakuca.me\/wp-content\/uploads\/2025\/01\/evropska-kuca-logo-1.png","contentUrl":"https:\/\/www.evropskakuca.me\/wp-content\/uploads\/2025\/01\/evropska-kuca-logo-1.png","width":425,"height":312,"caption":"Evropean house"},"image":{"@id":"https:\/\/www.evropskakuca.me\/me\/#\/schema\/logo\/image\/"},"sameAs":["https:\/\/www.facebook.com\/evropska.kuca","https:\/\/x.com\/evropska_kuca","https:\/\/www.instagram.com\/evropska_kuca"]},{"@type":"Person","@id":"https:\/\/www.evropskakuca.me\/me\/#\/schema\/person\/a1d0dcdaefe4a1cd1d60d200ea137ba4","name":"mkajic","image":{"@type":"ImageObject","inLanguage":"me-ME","@id":"https:\/\/secure.gravatar.com\/avatar\/731fa035cefab7316e6bafd1f25a93fb731a07de14e2d9923f8db4422628eabc?s=96&d=mm&r=g","url":"https:\/\/secure.gravatar.com\/avatar\/731fa035cefab7316e6bafd1f25a93fb731a07de14e2d9923f8db4422628eabc?s=96&d=mm&r=g","contentUrl":"https:\/\/secure.gravatar.com\/avatar\/731fa035cefab7316e6bafd1f25a93fb731a07de14e2d9923f8db4422628eabc?s=96&d=mm&r=g","caption":"mkajic"},"sameAs":["https:\/\/evropskakuca.me"],"url":"https:\/\/www.evropskakuca.me\/me\/author\/mkajic\/"}]}},"_links":{"self":[{"href":"https:\/\/www.evropskakuca.me\/me\/wp-json\/wp\/v2\/posts\/3686","targetHints":{"allow":["GET"]}}],"collection":[{"href":"https:\/\/www.evropskakuca.me\/me\/wp-json\/wp\/v2\/posts"}],"about":[{"href":"https:\/\/www.evropskakuca.me\/me\/wp-json\/wp\/v2\/types\/post"}],"author":[{"embeddable":true,"href":"https:\/\/www.evropskakuca.me\/me\/wp-json\/wp\/v2\/users\/1"}],"replies":[{"embeddable":true,"href":"https:\/\/www.evropskakuca.me\/me\/wp-json\/wp\/v2\/comments?post=3686"}],"version-history":[{"count":0,"href":"https:\/\/www.evropskakuca.me\/me\/wp-json\/wp\/v2\/posts\/3686\/revisions"}],"wp:featuredmedia":[{"embeddable":true,"href":"https:\/\/www.evropskakuca.me\/me\/wp-json\/wp\/v2\/media\/32772"}],"wp:attachment":[{"href":"https:\/\/www.evropskakuca.me\/me\/wp-json\/wp\/v2\/media?parent=3686"}],"wp:term":[{"taxonomy":"category","embeddable":true,"href":"https:\/\/www.evropskakuca.me\/me\/wp-json\/wp\/v2\/categories?post=3686"},{"taxonomy":"post_tag","embeddable":true,"href":"https:\/\/www.evropskakuca.me\/me\/wp-json\/wp\/v2\/tags?post=3686"}],"curies":[{"name":"wp","href":"https:\/\/api.w.org\/{rel}","templated":true}]}}