{"id":3667,"date":"2017-07-18T12:54:11","date_gmt":"2017-07-18T12:54:11","guid":{"rendered":"http:\/\/www.evropskakuca.me\/me\/?p=3667"},"modified":"2017-07-18T12:54:11","modified_gmt":"2017-07-18T12:54:11","slug":"zastita-podataka","status":"publish","type":"post","link":"https:\/\/www.evropskakuca.me\/me\/zastita-podataka\/","title":{"rendered":"Za\u0161tita podataka"},"content":{"rendered":"<p>Podgorica, 18. jul 2017. \u2013 Za\u0161tita podataka je od krucijalne va\u017enosti za \u017eivot svakog pojedinca kao i za fuksionisanje demokratije, posebno kada se govori o trasnacionalnim demokratijama, \u00a0saop\u0161teno je tokom panel diskusije o za\u0161titi podataka koju je organizovao EU info centar u saradnji sa Agencijom za za\u0161titu \u010di\u010dnih podataka i slobodan pristup informacijama.<\/p>\n<p>\u010clan Savjeta Agencije za za\u0161titu li\u010dnih podataka i slobodan pristup informacijama, Aleksa Ivanovi\u0107, ocijenio je da je najpoznatija transnacionalna demokratija, mo\u017eda i jedina prava, Evropska unija.<img fetchpriority=\"high\" decoding=\"async\" class=\"alignleft wp-image-3672\" src=\"http:\/\/www.evropskakuca.me\/wp-content\/uploads\/2017\/07\/170718_zastita_podataka-10-300x200.jpg\" alt=\"\" width=\"386\" height=\"257\" \/><\/p>\n<p>\u201eNema slobodnog dru\u0161tva i demokratije ako se ne po\u0161tuje integritet svakog gra\u0111anina.\u201d rekao je Ivanovi\u0107. Agencija, kako je kazao, ne mo\u017ee sama raditi zbog \u010dega je potrebno podizati svijest gra\u0111ana o za\u0161titi svojih podataka.<\/p>\n<p>\u201eTreba razgovarati sa gra\u0111anima i institucijama, \u0161to je prvi korak u za\u0161titi podataka\u201c, dodao je Ivanovi\u0107.<\/p>\n<p>Zakon o za\u0161titi podataka se primjenjuje posljednjih 44 godine u Njema\u010dkoj objasnio je ambasador te dr\u017eave \u0161lanice EU u Crnoj Gori, Hans Gunter Valter Matern. On je naveo je da se prije 20 godina nije tako javno govorilo o aktivnostima tajne slu\u017ebe i o neophodnosti da ta slu\u017eba bude toliko aktivna.<\/p>\n<p>\u201eJavnih kamera u Crnoj Gori mo\u017eda i nema toliko mnogo, ali u drugim zemljama gdje god da po\u0111ete, vas \u0107e vidjeti neka kamera, \u0161to je bilo nezamislivo prije 20 godina\u201c, saop\u0161tio je Matern.<\/p>\n<p>On je ocijenio da je to danas prihvatljivo. \u201eDanas ljudi to i tra\u017ee, jer misle da je njihov \u017eivot zbog toga bezbjedniji\u201c. Matern je saop\u0161tio da, kada je u pitanju za\u0161tita podataka, u Njema\u010dkoj rade na obrazovanju gra\u0111ana, obja\u0161njavaju\u0107i da ljudi treba dodatno da razmisle o tome da li \u017eele da za\u0161tite podatke.<img decoding=\"async\" class=\" wp-image-3670 alignright\" src=\"http:\/\/www.evropskakuca.me\/wp-content\/uploads\/2017\/07\/170718_zastita_podataka-6-300x200.jpg\" alt=\"\" width=\"397\" height=\"265\" \/><\/p>\n<p>\u0160ef Interpola u Crnoj Gori, Dejan \u0110urovi\u0107, saop\u0161tio je da ve\u0107ina izvi\u0111aja u Crnoj Gori ima me\u0111unarodni karakter, pogotovo kada je u pitanju te\u0161ki i organizovani kriminal.<br \/>\nOn je objasnio da crvene Interpolove potjernice sadr\u017ee sve li\u010dne podatke, \u0161to je najja\u010di Interpolov alat u traganju za bjeguncima.<\/p>\n<p>\u201eDa bi mi objavili neku potjernicu na Interpolovom sajtu, mi moramo da zadovoljimo sve definisane uslove, a prije svega u pogledu za\u0161tite li\u010dnih podataka, jer mi tu\u0111e li\u010dne podatke koristimo u odre\u0111ene svrhe\u201c, objasnio jer \u0110urovi\u0107.<\/p>\n<p>On je dodao da se ti podaci u ve\u0107ini slu\u010dajeva prikupljaju bez znanja tog lica, \u0161to zakon dozvoljava, ali i name\u0107e obavezu da se ti podaci koriste krajnje restriktivno i samo u svrhu za koju su ih prikupili.<\/p>\n<p>Milan Radovi\u0107 iz Gra\u0111anske alijanse je poru\u010dio da dr\u017eava treba da poka\u017ee da je za\u0161tita podataka njen prioritet, kao i da \u0107e svi podaci koji se prikupljaju na nedozvoljen na\u010din treba da budu uni\u0161teni.<br \/>\nRadovi\u0107 je ocijenio da problemi u za\u0161titi podataka postoje kao i da treba raditi na unapre\u0111enju te oblasti.<\/p>\n<p>\u201eOvo pitanje treba rije\u0161iti sistemski i pravo na privatnost treba da bude prioritet\u201c, zaklju\u010dio je Radovi\u0107.<\/p>\n","protected":false},"excerpt":{"rendered":"<p>Za\u0161tita podataka je od krucijalne va\u017enosti za \u017eivot svakog pojedinca kao i za fuksionisanje demokratije,<\/p>\n","protected":false},"author":1,"featured_media":32764,"comment_status":"open","ping_status":"open","sticky":false,"template":"","format":"standard","meta":{"_acf_changed":false,"footnotes":""},"categories":[283],"tags":[],"class_list":["post-3667","post","type-post","status-publish","format-standard","has-post-thumbnail","hentry","category-novosti-me"],"acf":[],"yoast_head":"<!-- This site is optimized with the Yoast SEO plugin v27.3 - https:\/\/yoast.com\/product\/yoast-seo-wordpress\/ -->\n<title>Za\u0161tita podataka - Europe House<\/title>\n<meta name=\"robots\" content=\"index, follow, max-snippet:-1, max-image-preview:large, max-video-preview:-1\" \/>\n<link rel=\"canonical\" href=\"https:\/\/www.evropskakuca.me\/me\/zastita-podataka\/\" \/>\n<meta property=\"og:locale\" content=\"en_US\" \/>\n<meta property=\"og:type\" content=\"article\" \/>\n<meta property=\"og:title\" content=\"Za\u0161tita podataka - Europe House\" \/>\n<meta property=\"og:description\" content=\"Za\u0161tita podataka je od krucijalne va\u017enosti za \u017eivot svakog pojedinca kao i za fuksionisanje demokratije,\" \/>\n<meta property=\"og:url\" content=\"https:\/\/www.evropskakuca.me\/me\/zastita-podataka\/\" \/>\n<meta property=\"og:site_name\" content=\"Europe House\" \/>\n<meta property=\"article:publisher\" content=\"https:\/\/www.facebook.com\/evropska.kuca\" \/>\n<meta property=\"article:published_time\" content=\"2017-07-18T12:54:11+00:00\" \/>\n<meta property=\"og:image\" content=\"https:\/\/www.evropskakuca.me\/wp-content\/uploads\/2017\/07\/170718_zastita_podataka-9-Copy-1024x683.jpg\" \/>\n\t<meta property=\"og:image:width\" content=\"1024\" \/>\n\t<meta property=\"og:image:height\" content=\"683\" \/>\n\t<meta property=\"og:image:type\" content=\"image\/jpeg\" \/>\n<meta name=\"author\" content=\"mkajic\" \/>\n<meta name=\"twitter:card\" content=\"summary_large_image\" \/>\n<meta name=\"twitter:creator\" content=\"@evropska_kuca\" \/>\n<meta name=\"twitter:site\" content=\"@evropska_kuca\" \/>\n<meta name=\"twitter:label1\" content=\"Written by\" \/>\n\t<meta name=\"twitter:data1\" content=\"mkajic\" \/>\n\t<meta name=\"twitter:label2\" content=\"Est. reading time\" \/>\n\t<meta name=\"twitter:data2\" content=\"3 minutes\" \/>\n<script type=\"application\/ld+json\" class=\"yoast-schema-graph\">{\"@context\":\"https:\\\/\\\/schema.org\",\"@graph\":[{\"@type\":\"Article\",\"@id\":\"https:\\\/\\\/www.evropskakuca.me\\\/me\\\/zastita-podataka\\\/#article\",\"isPartOf\":{\"@id\":\"https:\\\/\\\/www.evropskakuca.me\\\/me\\\/zastita-podataka\\\/\"},\"author\":{\"name\":\"mkajic\",\"@id\":\"https:\\\/\\\/www.evropskakuca.me\\\/me\\\/#\\\/schema\\\/person\\\/a1d0dcdaefe4a1cd1d60d200ea137ba4\"},\"headline\":\"Za\u0161tita podataka\",\"datePublished\":\"2017-07-18T12:54:11+00:00\",\"mainEntityOfPage\":{\"@id\":\"https:\\\/\\\/www.evropskakuca.me\\\/me\\\/zastita-podataka\\\/\"},\"wordCount\":512,\"commentCount\":0,\"publisher\":{\"@id\":\"https:\\\/\\\/www.evropskakuca.me\\\/me\\\/#organization\"},\"image\":{\"@id\":\"https:\\\/\\\/www.evropskakuca.me\\\/me\\\/zastita-podataka\\\/#primaryimage\"},\"thumbnailUrl\":\"https:\\\/\\\/www.evropskakuca.me\\\/wp-content\\\/uploads\\\/2017\\\/07\\\/170718_zastita_podataka-9-Copy.jpg\",\"articleSection\":[\"Novosti\"],\"inLanguage\":\"me-ME\",\"potentialAction\":[{\"@type\":\"CommentAction\",\"name\":\"Comment\",\"target\":[\"https:\\\/\\\/www.evropskakuca.me\\\/me\\\/zastita-podataka\\\/#respond\"]}]},{\"@type\":\"WebPage\",\"@id\":\"https:\\\/\\\/www.evropskakuca.me\\\/me\\\/zastita-podataka\\\/\",\"url\":\"https:\\\/\\\/www.evropskakuca.me\\\/me\\\/zastita-podataka\\\/\",\"name\":\"Za\u0161tita podataka - Europe House\",\"isPartOf\":{\"@id\":\"https:\\\/\\\/www.evropskakuca.me\\\/me\\\/#website\"},\"primaryImageOfPage\":{\"@id\":\"https:\\\/\\\/www.evropskakuca.me\\\/me\\\/zastita-podataka\\\/#primaryimage\"},\"image\":{\"@id\":\"https:\\\/\\\/www.evropskakuca.me\\\/me\\\/zastita-podataka\\\/#primaryimage\"},\"thumbnailUrl\":\"https:\\\/\\\/www.evropskakuca.me\\\/wp-content\\\/uploads\\\/2017\\\/07\\\/170718_zastita_podataka-9-Copy.jpg\",\"datePublished\":\"2017-07-18T12:54:11+00:00\",\"breadcrumb\":{\"@id\":\"https:\\\/\\\/www.evropskakuca.me\\\/me\\\/zastita-podataka\\\/#breadcrumb\"},\"inLanguage\":\"me-ME\",\"potentialAction\":[{\"@type\":\"ReadAction\",\"target\":[\"https:\\\/\\\/www.evropskakuca.me\\\/me\\\/zastita-podataka\\\/\"]}]},{\"@type\":\"ImageObject\",\"inLanguage\":\"me-ME\",\"@id\":\"https:\\\/\\\/www.evropskakuca.me\\\/me\\\/zastita-podataka\\\/#primaryimage\",\"url\":\"https:\\\/\\\/www.evropskakuca.me\\\/wp-content\\\/uploads\\\/2017\\\/07\\\/170718_zastita_podataka-9-Copy.jpg\",\"contentUrl\":\"https:\\\/\\\/www.evropskakuca.me\\\/wp-content\\\/uploads\\\/2017\\\/07\\\/170718_zastita_podataka-9-Copy.jpg\",\"width\":2028,\"height\":1352},{\"@type\":\"BreadcrumbList\",\"@id\":\"https:\\\/\\\/www.evropskakuca.me\\\/me\\\/zastita-podataka\\\/#breadcrumb\",\"itemListElement\":[{\"@type\":\"ListItem\",\"position\":1,\"name\":\"Home\",\"item\":\"https:\\\/\\\/www.evropskakuca.me\\\/me\\\/\"},{\"@type\":\"ListItem\",\"position\":2,\"name\":\"Za\u0161tita podataka\"}]},{\"@type\":\"WebSite\",\"@id\":\"https:\\\/\\\/www.evropskakuca.me\\\/me\\\/#website\",\"url\":\"https:\\\/\\\/www.evropskakuca.me\\\/me\\\/\",\"name\":\"Evropean house\",\"description\":\"\",\"publisher\":{\"@id\":\"https:\\\/\\\/www.evropskakuca.me\\\/me\\\/#organization\"},\"potentialAction\":[{\"@type\":\"SearchAction\",\"target\":{\"@type\":\"EntryPoint\",\"urlTemplate\":\"https:\\\/\\\/www.evropskakuca.me\\\/me\\\/?s={search_term_string}\"},\"query-input\":{\"@type\":\"PropertyValueSpecification\",\"valueRequired\":true,\"valueName\":\"search_term_string\"}}],\"inLanguage\":\"me-ME\"},{\"@type\":\"Organization\",\"@id\":\"https:\\\/\\\/www.evropskakuca.me\\\/me\\\/#organization\",\"name\":\"Evropean house\",\"url\":\"https:\\\/\\\/www.evropskakuca.me\\\/me\\\/\",\"logo\":{\"@type\":\"ImageObject\",\"inLanguage\":\"me-ME\",\"@id\":\"https:\\\/\\\/www.evropskakuca.me\\\/me\\\/#\\\/schema\\\/logo\\\/image\\\/\",\"url\":\"https:\\\/\\\/www.evropskakuca.me\\\/wp-content\\\/uploads\\\/2025\\\/01\\\/evropska-kuca-logo-1.png\",\"contentUrl\":\"https:\\\/\\\/www.evropskakuca.me\\\/wp-content\\\/uploads\\\/2025\\\/01\\\/evropska-kuca-logo-1.png\",\"width\":425,\"height\":312,\"caption\":\"Evropean house\"},\"image\":{\"@id\":\"https:\\\/\\\/www.evropskakuca.me\\\/me\\\/#\\\/schema\\\/logo\\\/image\\\/\"},\"sameAs\":[\"https:\\\/\\\/www.facebook.com\\\/evropska.kuca\",\"https:\\\/\\\/x.com\\\/evropska_kuca\",\"https:\\\/\\\/www.instagram.com\\\/evropska_kuca\"]},{\"@type\":\"Person\",\"@id\":\"https:\\\/\\\/www.evropskakuca.me\\\/me\\\/#\\\/schema\\\/person\\\/a1d0dcdaefe4a1cd1d60d200ea137ba4\",\"name\":\"mkajic\",\"image\":{\"@type\":\"ImageObject\",\"inLanguage\":\"me-ME\",\"@id\":\"https:\\\/\\\/secure.gravatar.com\\\/avatar\\\/731fa035cefab7316e6bafd1f25a93fb731a07de14e2d9923f8db4422628eabc?s=96&d=mm&r=g\",\"url\":\"https:\\\/\\\/secure.gravatar.com\\\/avatar\\\/731fa035cefab7316e6bafd1f25a93fb731a07de14e2d9923f8db4422628eabc?s=96&d=mm&r=g\",\"contentUrl\":\"https:\\\/\\\/secure.gravatar.com\\\/avatar\\\/731fa035cefab7316e6bafd1f25a93fb731a07de14e2d9923f8db4422628eabc?s=96&d=mm&r=g\",\"caption\":\"mkajic\"},\"sameAs\":[\"https:\\\/\\\/evropskakuca.me\"],\"url\":\"https:\\\/\\\/www.evropskakuca.me\\\/me\\\/author\\\/mkajic\\\/\"}]}<\/script>\n<!-- \/ Yoast SEO plugin. -->","yoast_head_json":{"title":"Za\u0161tita podataka - Europe House","robots":{"index":"index","follow":"follow","max-snippet":"max-snippet:-1","max-image-preview":"max-image-preview:large","max-video-preview":"max-video-preview:-1"},"canonical":"https:\/\/www.evropskakuca.me\/me\/zastita-podataka\/","og_locale":"en_US","og_type":"article","og_title":"Za\u0161tita podataka - Europe House","og_description":"Za\u0161tita podataka je od krucijalne va\u017enosti za \u017eivot svakog pojedinca kao i za fuksionisanje demokratije,","og_url":"https:\/\/www.evropskakuca.me\/me\/zastita-podataka\/","og_site_name":"Europe House","article_publisher":"https:\/\/www.facebook.com\/evropska.kuca","article_published_time":"2017-07-18T12:54:11+00:00","og_image":[{"width":1024,"height":683,"url":"https:\/\/www.evropskakuca.me\/wp-content\/uploads\/2017\/07\/170718_zastita_podataka-9-Copy-1024x683.jpg","type":"image\/jpeg"}],"author":"mkajic","twitter_card":"summary_large_image","twitter_creator":"@evropska_kuca","twitter_site":"@evropska_kuca","twitter_misc":{"Written by":"mkajic","Est. reading time":"3 minutes"},"schema":{"@context":"https:\/\/schema.org","@graph":[{"@type":"Article","@id":"https:\/\/www.evropskakuca.me\/me\/zastita-podataka\/#article","isPartOf":{"@id":"https:\/\/www.evropskakuca.me\/me\/zastita-podataka\/"},"author":{"name":"mkajic","@id":"https:\/\/www.evropskakuca.me\/me\/#\/schema\/person\/a1d0dcdaefe4a1cd1d60d200ea137ba4"},"headline":"Za\u0161tita podataka","datePublished":"2017-07-18T12:54:11+00:00","mainEntityOfPage":{"@id":"https:\/\/www.evropskakuca.me\/me\/zastita-podataka\/"},"wordCount":512,"commentCount":0,"publisher":{"@id":"https:\/\/www.evropskakuca.me\/me\/#organization"},"image":{"@id":"https:\/\/www.evropskakuca.me\/me\/zastita-podataka\/#primaryimage"},"thumbnailUrl":"https:\/\/www.evropskakuca.me\/wp-content\/uploads\/2017\/07\/170718_zastita_podataka-9-Copy.jpg","articleSection":["Novosti"],"inLanguage":"me-ME","potentialAction":[{"@type":"CommentAction","name":"Comment","target":["https:\/\/www.evropskakuca.me\/me\/zastita-podataka\/#respond"]}]},{"@type":"WebPage","@id":"https:\/\/www.evropskakuca.me\/me\/zastita-podataka\/","url":"https:\/\/www.evropskakuca.me\/me\/zastita-podataka\/","name":"Za\u0161tita podataka - Europe House","isPartOf":{"@id":"https:\/\/www.evropskakuca.me\/me\/#website"},"primaryImageOfPage":{"@id":"https:\/\/www.evropskakuca.me\/me\/zastita-podataka\/#primaryimage"},"image":{"@id":"https:\/\/www.evropskakuca.me\/me\/zastita-podataka\/#primaryimage"},"thumbnailUrl":"https:\/\/www.evropskakuca.me\/wp-content\/uploads\/2017\/07\/170718_zastita_podataka-9-Copy.jpg","datePublished":"2017-07-18T12:54:11+00:00","breadcrumb":{"@id":"https:\/\/www.evropskakuca.me\/me\/zastita-podataka\/#breadcrumb"},"inLanguage":"me-ME","potentialAction":[{"@type":"ReadAction","target":["https:\/\/www.evropskakuca.me\/me\/zastita-podataka\/"]}]},{"@type":"ImageObject","inLanguage":"me-ME","@id":"https:\/\/www.evropskakuca.me\/me\/zastita-podataka\/#primaryimage","url":"https:\/\/www.evropskakuca.me\/wp-content\/uploads\/2017\/07\/170718_zastita_podataka-9-Copy.jpg","contentUrl":"https:\/\/www.evropskakuca.me\/wp-content\/uploads\/2017\/07\/170718_zastita_podataka-9-Copy.jpg","width":2028,"height":1352},{"@type":"BreadcrumbList","@id":"https:\/\/www.evropskakuca.me\/me\/zastita-podataka\/#breadcrumb","itemListElement":[{"@type":"ListItem","position":1,"name":"Home","item":"https:\/\/www.evropskakuca.me\/me\/"},{"@type":"ListItem","position":2,"name":"Za\u0161tita podataka"}]},{"@type":"WebSite","@id":"https:\/\/www.evropskakuca.me\/me\/#website","url":"https:\/\/www.evropskakuca.me\/me\/","name":"Evropean house","description":"","publisher":{"@id":"https:\/\/www.evropskakuca.me\/me\/#organization"},"potentialAction":[{"@type":"SearchAction","target":{"@type":"EntryPoint","urlTemplate":"https:\/\/www.evropskakuca.me\/me\/?s={search_term_string}"},"query-input":{"@type":"PropertyValueSpecification","valueRequired":true,"valueName":"search_term_string"}}],"inLanguage":"me-ME"},{"@type":"Organization","@id":"https:\/\/www.evropskakuca.me\/me\/#organization","name":"Evropean house","url":"https:\/\/www.evropskakuca.me\/me\/","logo":{"@type":"ImageObject","inLanguage":"me-ME","@id":"https:\/\/www.evropskakuca.me\/me\/#\/schema\/logo\/image\/","url":"https:\/\/www.evropskakuca.me\/wp-content\/uploads\/2025\/01\/evropska-kuca-logo-1.png","contentUrl":"https:\/\/www.evropskakuca.me\/wp-content\/uploads\/2025\/01\/evropska-kuca-logo-1.png","width":425,"height":312,"caption":"Evropean house"},"image":{"@id":"https:\/\/www.evropskakuca.me\/me\/#\/schema\/logo\/image\/"},"sameAs":["https:\/\/www.facebook.com\/evropska.kuca","https:\/\/x.com\/evropska_kuca","https:\/\/www.instagram.com\/evropska_kuca"]},{"@type":"Person","@id":"https:\/\/www.evropskakuca.me\/me\/#\/schema\/person\/a1d0dcdaefe4a1cd1d60d200ea137ba4","name":"mkajic","image":{"@type":"ImageObject","inLanguage":"me-ME","@id":"https:\/\/secure.gravatar.com\/avatar\/731fa035cefab7316e6bafd1f25a93fb731a07de14e2d9923f8db4422628eabc?s=96&d=mm&r=g","url":"https:\/\/secure.gravatar.com\/avatar\/731fa035cefab7316e6bafd1f25a93fb731a07de14e2d9923f8db4422628eabc?s=96&d=mm&r=g","contentUrl":"https:\/\/secure.gravatar.com\/avatar\/731fa035cefab7316e6bafd1f25a93fb731a07de14e2d9923f8db4422628eabc?s=96&d=mm&r=g","caption":"mkajic"},"sameAs":["https:\/\/evropskakuca.me"],"url":"https:\/\/www.evropskakuca.me\/me\/author\/mkajic\/"}]}},"_links":{"self":[{"href":"https:\/\/www.evropskakuca.me\/me\/wp-json\/wp\/v2\/posts\/3667","targetHints":{"allow":["GET"]}}],"collection":[{"href":"https:\/\/www.evropskakuca.me\/me\/wp-json\/wp\/v2\/posts"}],"about":[{"href":"https:\/\/www.evropskakuca.me\/me\/wp-json\/wp\/v2\/types\/post"}],"author":[{"embeddable":true,"href":"https:\/\/www.evropskakuca.me\/me\/wp-json\/wp\/v2\/users\/1"}],"replies":[{"embeddable":true,"href":"https:\/\/www.evropskakuca.me\/me\/wp-json\/wp\/v2\/comments?post=3667"}],"version-history":[{"count":0,"href":"https:\/\/www.evropskakuca.me\/me\/wp-json\/wp\/v2\/posts\/3667\/revisions"}],"wp:featuredmedia":[{"embeddable":true,"href":"https:\/\/www.evropskakuca.me\/me\/wp-json\/wp\/v2\/media\/32764"}],"wp:attachment":[{"href":"https:\/\/www.evropskakuca.me\/me\/wp-json\/wp\/v2\/media?parent=3667"}],"wp:term":[{"taxonomy":"category","embeddable":true,"href":"https:\/\/www.evropskakuca.me\/me\/wp-json\/wp\/v2\/categories?post=3667"},{"taxonomy":"post_tag","embeddable":true,"href":"https:\/\/www.evropskakuca.me\/me\/wp-json\/wp\/v2\/tags?post=3667"}],"curies":[{"name":"wp","href":"https:\/\/api.w.org\/{rel}","templated":true}]}}