{"id":3637,"date":"2017-07-12T14:12:10","date_gmt":"2017-07-12T14:12:10","guid":{"rendered":"http:\/\/www.evropskakuca.me\/me\/?p=3637"},"modified":"2017-07-12T14:12:10","modified_gmt":"2017-07-12T14:12:10","slug":"kristina-putuje-u-evropu","status":"publish","type":"post","link":"https:\/\/www.evropskakuca.me\/me\/kristina-putuje-u-evropu\/","title":{"rendered":"Kristina putuje u Evropu!"},"content":{"rendered":"<p>Kristina Pavi\u0107evi\u0107, u\u010denica Srednje ekonomske \u0161kole \u201eMirko Ve\u0161ovi\u0107\u201c iz Podgorice, pobjednica je video konkursa EU info centra \u201eMoje putovanje u Evropu\u201c. U svom pobjedni\u010dkom kratkom video zapisu, Kristina je \u201eproputovala\u201c Crnom Gorom i njenim ljepotama, a za nagradu \u0107e otputovati u studijsku posjetu Briselu.<\/p>\n<p>Ka\u017ee da putovanja voli i da se raduje ovom koje je \u010deka u septembru, a jedno i posebno pamti. \u201ePrije nekoliko godina sam putovala u Dansku. Od tada se moj pogled na svijet promijenio. Shvatila sam zna\u010denje rije\u010di sre\u0107a. Do tada sre\u0107u je za mene predstavljala svaka nova lutkica, \u0161minkica, odlazak na ringi\u0161pil i sli\u010dno. Putovanje, nova kultura, novi ljudi, avantura je zamijenila sve to, onog momenta kada je avion sletio na aerodrom u Kopenhagenu. Nikad nisam bila u Briselu i ba\u0161 se radujem svom putovanju u septembru\u201c, ispri\u010dala nam je Kristina.<\/p>\n<p>Njen video po\u010dinje rije\u010dima: \u201ePokaza\u0107u vam ljepotu moje zemlje. Ve\u0107 ste se zaljubili, zar ne?\u201c, a zavr\u0161ava se optimisti\u010dnom vjerom u \u201esjajnu budu\u0107nost moje zemlje\u201c za koju vjeruje da mo\u017ee biti \u201edio ne\u010deg ve\u0107eg\u201c. \u00a0Evo kako Kristina to obja\u0161njava: \u201ePobjednicki video je nastao kao \u017eelja da prika\u017eem djelove na\u0161e zemlje koji su na neki na\u010din zanemareni, a treba da se obrati pa\u017enja na njih. Rije\u010di u mom videu pokazuju da \u017eelimo da \u017eivimo bolje i da napredujemo, ali da bi taj napor bio mnogo lak\u0161i uz pomo\u0107 EU. Ovo je kompleksan svijet u kome treba da se radi i sara\u0111uje da bi se ostvario prosperitet\u201c, ka\u017ee Kristina.<\/p>\n<p>Ona trenutno poha\u0111a srednju ekonomsku \u0161kolu u Podgorici, ali sebe vidi kao budu\u0107u pravnicu. Planira da zavr\u0161i pravo u nekoj od zemalja zapadne ili sjeverne Evrope.<\/p>\n<p>\u201eDefinitivno vidim sebe kao gra\u0111anku EU. Kao nekog ko se mnogo lak\u0161e mo\u017ee realizovati u razli\u010ditim oblastima i ima nebrojeno vi\u0161e prilika u \u017eivotu, jer \u017eivi u prostoru koji mu to mo\u017ee omogu\u0107iti\u201c, ka\u017ee Kristina.<\/p>\n<p>Kristinin video rad je na video konkursu EU info centra za srednjo\u0161kolce koji je trajao od 15. maja do 30. juna, odabran me\u0111u tri najbolja, a prvo mjesto su mu donijeli lajkovi na Facebook-u i pregledi na Youtube-u.<\/p>\n<p><iframe title=\"Kristina Pavi\u0107evi\u0107\" width=\"800\" height=\"450\" src=\"https:\/\/www.youtube.com\/embed\/MHWbaOU4ao0?feature=oembed\" frameborder=\"0\" allow=\"accelerometer; autoplay; clipboard-write; encrypted-media; gyroscope; picture-in-picture; web-share\" referrerpolicy=\"strict-origin-when-cross-origin\" allowfullscreen><\/iframe><\/p>\n<p>Kristina \u0107e se kao pobjednica video takmi\u010denja pridru\u017eiti grupi studenata na putovanju \u201eSeptembar u Briselu 2017\u201c. Me\u0111u njima su studenti Ekonomskog, Pravnog i Fakulteta politi\u010dkih nauka Univerziteta CG, koji su na testiranju pokazali najvi\u0161e znanja o EU, kao i pobjednik takmi\u010denja za najbolji esej na temu \u201eCrna Gora i EU 60 godina od danas\u201d, student Pravnog fakulteta Univerziteta Crne Gore Jak\u0161a Vukovi\u0107.<\/p>\n","protected":false},"excerpt":{"rendered":"<p>Kristina Pavi\u0107evi\u0107, u\u010denica Srednje ekonomske \u0161kole \u201eMirko Ve\u0161ovi\u0107\u201c, pobjednica je video konkursa EU info centra \u201eMoje putovanje u Evropu\u201c. <\/p>\n","protected":false},"author":1,"featured_media":32798,"comment_status":"open","ping_status":"open","sticky":false,"template":"","format":"standard","meta":{"_acf_changed":false,"footnotes":""},"categories":[],"tags":[],"class_list":["post-3637","post","type-post","status-publish","format-standard","has-post-thumbnail","hentry"],"acf":[],"yoast_head":"<!-- This site is optimized with the Yoast SEO plugin v27.3 - https:\/\/yoast.com\/product\/yoast-seo-wordpress\/ -->\n<title>Kristina putuje u Evropu! - Europe House<\/title>\n<meta name=\"robots\" content=\"index, follow, max-snippet:-1, max-image-preview:large, max-video-preview:-1\" \/>\n<link rel=\"canonical\" href=\"https:\/\/www.evropskakuca.me\/me\/kristina-putuje-u-evropu\/\" \/>\n<meta property=\"og:locale\" content=\"en_US\" \/>\n<meta property=\"og:type\" content=\"article\" \/>\n<meta property=\"og:title\" content=\"Kristina putuje u Evropu! - Europe House\" \/>\n<meta property=\"og:description\" content=\"Kristina Pavi\u0107evi\u0107, u\u010denica Srednje ekonomske \u0161kole \u201eMirko Ve\u0161ovi\u0107\u201c, pobjednica je video konkursa EU info centra \u201eMoje putovanje u Evropu\u201c.\" \/>\n<meta property=\"og:url\" content=\"https:\/\/www.evropskakuca.me\/me\/kristina-putuje-u-evropu\/\" \/>\n<meta property=\"og:site_name\" content=\"Europe House\" \/>\n<meta property=\"article:publisher\" content=\"https:\/\/www.facebook.com\/evropska.kuca\" \/>\n<meta property=\"article:published_time\" content=\"2017-07-12T14:12:10+00:00\" \/>\n<meta property=\"og:image\" content=\"https:\/\/www.evropskakuca.me\/wp-content\/uploads\/2017\/07\/kristina.jpg\" \/>\n\t<meta property=\"og:image:width\" content=\"960\" \/>\n\t<meta property=\"og:image:height\" content=\"640\" \/>\n\t<meta property=\"og:image:type\" content=\"image\/jpeg\" \/>\n<meta name=\"author\" content=\"mkajic\" \/>\n<meta name=\"twitter:card\" content=\"summary_large_image\" \/>\n<meta name=\"twitter:creator\" content=\"@evropska_kuca\" \/>\n<meta name=\"twitter:site\" content=\"@evropska_kuca\" \/>\n<meta name=\"twitter:label1\" content=\"Written by\" \/>\n\t<meta name=\"twitter:data1\" content=\"mkajic\" \/>\n\t<meta name=\"twitter:label2\" content=\"Est. reading time\" \/>\n\t<meta name=\"twitter:data2\" content=\"2 minutes\" \/>\n<script type=\"application\/ld+json\" class=\"yoast-schema-graph\">{\"@context\":\"https:\\\/\\\/schema.org\",\"@graph\":[{\"@type\":\"Article\",\"@id\":\"https:\\\/\\\/www.evropskakuca.me\\\/me\\\/kristina-putuje-u-evropu\\\/#article\",\"isPartOf\":{\"@id\":\"https:\\\/\\\/www.evropskakuca.me\\\/me\\\/kristina-putuje-u-evropu\\\/\"},\"author\":{\"name\":\"mkajic\",\"@id\":\"https:\\\/\\\/www.evropskakuca.me\\\/me\\\/#\\\/schema\\\/person\\\/a1d0dcdaefe4a1cd1d60d200ea137ba4\"},\"headline\":\"Kristina putuje u Evropu!\",\"datePublished\":\"2017-07-12T14:12:10+00:00\",\"mainEntityOfPage\":{\"@id\":\"https:\\\/\\\/www.evropskakuca.me\\\/me\\\/kristina-putuje-u-evropu\\\/\"},\"wordCount\":461,\"commentCount\":0,\"publisher\":{\"@id\":\"https:\\\/\\\/www.evropskakuca.me\\\/me\\\/#organization\"},\"image\":{\"@id\":\"https:\\\/\\\/www.evropskakuca.me\\\/me\\\/kristina-putuje-u-evropu\\\/#primaryimage\"},\"thumbnailUrl\":\"https:\\\/\\\/www.evropskakuca.me\\\/wp-content\\\/uploads\\\/2017\\\/07\\\/kristina.jpg\",\"inLanguage\":\"me-ME\",\"potentialAction\":[{\"@type\":\"CommentAction\",\"name\":\"Comment\",\"target\":[\"https:\\\/\\\/www.evropskakuca.me\\\/me\\\/kristina-putuje-u-evropu\\\/#respond\"]}]},{\"@type\":\"WebPage\",\"@id\":\"https:\\\/\\\/www.evropskakuca.me\\\/me\\\/kristina-putuje-u-evropu\\\/\",\"url\":\"https:\\\/\\\/www.evropskakuca.me\\\/me\\\/kristina-putuje-u-evropu\\\/\",\"name\":\"Kristina putuje u Evropu! - Europe House\",\"isPartOf\":{\"@id\":\"https:\\\/\\\/www.evropskakuca.me\\\/me\\\/#website\"},\"primaryImageOfPage\":{\"@id\":\"https:\\\/\\\/www.evropskakuca.me\\\/me\\\/kristina-putuje-u-evropu\\\/#primaryimage\"},\"image\":{\"@id\":\"https:\\\/\\\/www.evropskakuca.me\\\/me\\\/kristina-putuje-u-evropu\\\/#primaryimage\"},\"thumbnailUrl\":\"https:\\\/\\\/www.evropskakuca.me\\\/wp-content\\\/uploads\\\/2017\\\/07\\\/kristina.jpg\",\"datePublished\":\"2017-07-12T14:12:10+00:00\",\"breadcrumb\":{\"@id\":\"https:\\\/\\\/www.evropskakuca.me\\\/me\\\/kristina-putuje-u-evropu\\\/#breadcrumb\"},\"inLanguage\":\"me-ME\",\"potentialAction\":[{\"@type\":\"ReadAction\",\"target\":[\"https:\\\/\\\/www.evropskakuca.me\\\/me\\\/kristina-putuje-u-evropu\\\/\"]}]},{\"@type\":\"ImageObject\",\"inLanguage\":\"me-ME\",\"@id\":\"https:\\\/\\\/www.evropskakuca.me\\\/me\\\/kristina-putuje-u-evropu\\\/#primaryimage\",\"url\":\"https:\\\/\\\/www.evropskakuca.me\\\/wp-content\\\/uploads\\\/2017\\\/07\\\/kristina.jpg\",\"contentUrl\":\"https:\\\/\\\/www.evropskakuca.me\\\/wp-content\\\/uploads\\\/2017\\\/07\\\/kristina.jpg\",\"width\":960,\"height\":640},{\"@type\":\"BreadcrumbList\",\"@id\":\"https:\\\/\\\/www.evropskakuca.me\\\/me\\\/kristina-putuje-u-evropu\\\/#breadcrumb\",\"itemListElement\":[{\"@type\":\"ListItem\",\"position\":1,\"name\":\"Home\",\"item\":\"https:\\\/\\\/www.evropskakuca.me\\\/me\\\/\"},{\"@type\":\"ListItem\",\"position\":2,\"name\":\"Kristina putuje u Evropu!\"}]},{\"@type\":\"WebSite\",\"@id\":\"https:\\\/\\\/www.evropskakuca.me\\\/me\\\/#website\",\"url\":\"https:\\\/\\\/www.evropskakuca.me\\\/me\\\/\",\"name\":\"Evropean house\",\"description\":\"\",\"publisher\":{\"@id\":\"https:\\\/\\\/www.evropskakuca.me\\\/me\\\/#organization\"},\"potentialAction\":[{\"@type\":\"SearchAction\",\"target\":{\"@type\":\"EntryPoint\",\"urlTemplate\":\"https:\\\/\\\/www.evropskakuca.me\\\/me\\\/?s={search_term_string}\"},\"query-input\":{\"@type\":\"PropertyValueSpecification\",\"valueRequired\":true,\"valueName\":\"search_term_string\"}}],\"inLanguage\":\"me-ME\"},{\"@type\":\"Organization\",\"@id\":\"https:\\\/\\\/www.evropskakuca.me\\\/me\\\/#organization\",\"name\":\"Evropean house\",\"url\":\"https:\\\/\\\/www.evropskakuca.me\\\/me\\\/\",\"logo\":{\"@type\":\"ImageObject\",\"inLanguage\":\"me-ME\",\"@id\":\"https:\\\/\\\/www.evropskakuca.me\\\/me\\\/#\\\/schema\\\/logo\\\/image\\\/\",\"url\":\"https:\\\/\\\/www.evropskakuca.me\\\/wp-content\\\/uploads\\\/2025\\\/01\\\/evropska-kuca-logo-1.png\",\"contentUrl\":\"https:\\\/\\\/www.evropskakuca.me\\\/wp-content\\\/uploads\\\/2025\\\/01\\\/evropska-kuca-logo-1.png\",\"width\":425,\"height\":312,\"caption\":\"Evropean house\"},\"image\":{\"@id\":\"https:\\\/\\\/www.evropskakuca.me\\\/me\\\/#\\\/schema\\\/logo\\\/image\\\/\"},\"sameAs\":[\"https:\\\/\\\/www.facebook.com\\\/evropska.kuca\",\"https:\\\/\\\/x.com\\\/evropska_kuca\",\"https:\\\/\\\/www.instagram.com\\\/evropska_kuca\"]},{\"@type\":\"Person\",\"@id\":\"https:\\\/\\\/www.evropskakuca.me\\\/me\\\/#\\\/schema\\\/person\\\/a1d0dcdaefe4a1cd1d60d200ea137ba4\",\"name\":\"mkajic\",\"image\":{\"@type\":\"ImageObject\",\"inLanguage\":\"me-ME\",\"@id\":\"https:\\\/\\\/secure.gravatar.com\\\/avatar\\\/731fa035cefab7316e6bafd1f25a93fb731a07de14e2d9923f8db4422628eabc?s=96&d=mm&r=g\",\"url\":\"https:\\\/\\\/secure.gravatar.com\\\/avatar\\\/731fa035cefab7316e6bafd1f25a93fb731a07de14e2d9923f8db4422628eabc?s=96&d=mm&r=g\",\"contentUrl\":\"https:\\\/\\\/secure.gravatar.com\\\/avatar\\\/731fa035cefab7316e6bafd1f25a93fb731a07de14e2d9923f8db4422628eabc?s=96&d=mm&r=g\",\"caption\":\"mkajic\"},\"sameAs\":[\"https:\\\/\\\/evropskakuca.me\"],\"url\":\"https:\\\/\\\/www.evropskakuca.me\\\/me\\\/author\\\/mkajic\\\/\"}]}<\/script>\n<!-- \/ Yoast SEO plugin. -->","yoast_head_json":{"title":"Kristina putuje u Evropu! - Europe House","robots":{"index":"index","follow":"follow","max-snippet":"max-snippet:-1","max-image-preview":"max-image-preview:large","max-video-preview":"max-video-preview:-1"},"canonical":"https:\/\/www.evropskakuca.me\/me\/kristina-putuje-u-evropu\/","og_locale":"en_US","og_type":"article","og_title":"Kristina putuje u Evropu! - Europe House","og_description":"Kristina Pavi\u0107evi\u0107, u\u010denica Srednje ekonomske \u0161kole \u201eMirko Ve\u0161ovi\u0107\u201c, pobjednica je video konkursa EU info centra \u201eMoje putovanje u Evropu\u201c.","og_url":"https:\/\/www.evropskakuca.me\/me\/kristina-putuje-u-evropu\/","og_site_name":"Europe House","article_publisher":"https:\/\/www.facebook.com\/evropska.kuca","article_published_time":"2017-07-12T14:12:10+00:00","og_image":[{"width":960,"height":640,"url":"https:\/\/www.evropskakuca.me\/wp-content\/uploads\/2017\/07\/kristina.jpg","type":"image\/jpeg"}],"author":"mkajic","twitter_card":"summary_large_image","twitter_creator":"@evropska_kuca","twitter_site":"@evropska_kuca","twitter_misc":{"Written by":"mkajic","Est. reading time":"2 minutes"},"schema":{"@context":"https:\/\/schema.org","@graph":[{"@type":"Article","@id":"https:\/\/www.evropskakuca.me\/me\/kristina-putuje-u-evropu\/#article","isPartOf":{"@id":"https:\/\/www.evropskakuca.me\/me\/kristina-putuje-u-evropu\/"},"author":{"name":"mkajic","@id":"https:\/\/www.evropskakuca.me\/me\/#\/schema\/person\/a1d0dcdaefe4a1cd1d60d200ea137ba4"},"headline":"Kristina putuje u Evropu!","datePublished":"2017-07-12T14:12:10+00:00","mainEntityOfPage":{"@id":"https:\/\/www.evropskakuca.me\/me\/kristina-putuje-u-evropu\/"},"wordCount":461,"commentCount":0,"publisher":{"@id":"https:\/\/www.evropskakuca.me\/me\/#organization"},"image":{"@id":"https:\/\/www.evropskakuca.me\/me\/kristina-putuje-u-evropu\/#primaryimage"},"thumbnailUrl":"https:\/\/www.evropskakuca.me\/wp-content\/uploads\/2017\/07\/kristina.jpg","inLanguage":"me-ME","potentialAction":[{"@type":"CommentAction","name":"Comment","target":["https:\/\/www.evropskakuca.me\/me\/kristina-putuje-u-evropu\/#respond"]}]},{"@type":"WebPage","@id":"https:\/\/www.evropskakuca.me\/me\/kristina-putuje-u-evropu\/","url":"https:\/\/www.evropskakuca.me\/me\/kristina-putuje-u-evropu\/","name":"Kristina putuje u Evropu! - Europe House","isPartOf":{"@id":"https:\/\/www.evropskakuca.me\/me\/#website"},"primaryImageOfPage":{"@id":"https:\/\/www.evropskakuca.me\/me\/kristina-putuje-u-evropu\/#primaryimage"},"image":{"@id":"https:\/\/www.evropskakuca.me\/me\/kristina-putuje-u-evropu\/#primaryimage"},"thumbnailUrl":"https:\/\/www.evropskakuca.me\/wp-content\/uploads\/2017\/07\/kristina.jpg","datePublished":"2017-07-12T14:12:10+00:00","breadcrumb":{"@id":"https:\/\/www.evropskakuca.me\/me\/kristina-putuje-u-evropu\/#breadcrumb"},"inLanguage":"me-ME","potentialAction":[{"@type":"ReadAction","target":["https:\/\/www.evropskakuca.me\/me\/kristina-putuje-u-evropu\/"]}]},{"@type":"ImageObject","inLanguage":"me-ME","@id":"https:\/\/www.evropskakuca.me\/me\/kristina-putuje-u-evropu\/#primaryimage","url":"https:\/\/www.evropskakuca.me\/wp-content\/uploads\/2017\/07\/kristina.jpg","contentUrl":"https:\/\/www.evropskakuca.me\/wp-content\/uploads\/2017\/07\/kristina.jpg","width":960,"height":640},{"@type":"BreadcrumbList","@id":"https:\/\/www.evropskakuca.me\/me\/kristina-putuje-u-evropu\/#breadcrumb","itemListElement":[{"@type":"ListItem","position":1,"name":"Home","item":"https:\/\/www.evropskakuca.me\/me\/"},{"@type":"ListItem","position":2,"name":"Kristina putuje u Evropu!"}]},{"@type":"WebSite","@id":"https:\/\/www.evropskakuca.me\/me\/#website","url":"https:\/\/www.evropskakuca.me\/me\/","name":"Evropean house","description":"","publisher":{"@id":"https:\/\/www.evropskakuca.me\/me\/#organization"},"potentialAction":[{"@type":"SearchAction","target":{"@type":"EntryPoint","urlTemplate":"https:\/\/www.evropskakuca.me\/me\/?s={search_term_string}"},"query-input":{"@type":"PropertyValueSpecification","valueRequired":true,"valueName":"search_term_string"}}],"inLanguage":"me-ME"},{"@type":"Organization","@id":"https:\/\/www.evropskakuca.me\/me\/#organization","name":"Evropean house","url":"https:\/\/www.evropskakuca.me\/me\/","logo":{"@type":"ImageObject","inLanguage":"me-ME","@id":"https:\/\/www.evropskakuca.me\/me\/#\/schema\/logo\/image\/","url":"https:\/\/www.evropskakuca.me\/wp-content\/uploads\/2025\/01\/evropska-kuca-logo-1.png","contentUrl":"https:\/\/www.evropskakuca.me\/wp-content\/uploads\/2025\/01\/evropska-kuca-logo-1.png","width":425,"height":312,"caption":"Evropean house"},"image":{"@id":"https:\/\/www.evropskakuca.me\/me\/#\/schema\/logo\/image\/"},"sameAs":["https:\/\/www.facebook.com\/evropska.kuca","https:\/\/x.com\/evropska_kuca","https:\/\/www.instagram.com\/evropska_kuca"]},{"@type":"Person","@id":"https:\/\/www.evropskakuca.me\/me\/#\/schema\/person\/a1d0dcdaefe4a1cd1d60d200ea137ba4","name":"mkajic","image":{"@type":"ImageObject","inLanguage":"me-ME","@id":"https:\/\/secure.gravatar.com\/avatar\/731fa035cefab7316e6bafd1f25a93fb731a07de14e2d9923f8db4422628eabc?s=96&d=mm&r=g","url":"https:\/\/secure.gravatar.com\/avatar\/731fa035cefab7316e6bafd1f25a93fb731a07de14e2d9923f8db4422628eabc?s=96&d=mm&r=g","contentUrl":"https:\/\/secure.gravatar.com\/avatar\/731fa035cefab7316e6bafd1f25a93fb731a07de14e2d9923f8db4422628eabc?s=96&d=mm&r=g","caption":"mkajic"},"sameAs":["https:\/\/evropskakuca.me"],"url":"https:\/\/www.evropskakuca.me\/me\/author\/mkajic\/"}]}},"_links":{"self":[{"href":"https:\/\/www.evropskakuca.me\/me\/wp-json\/wp\/v2\/posts\/3637","targetHints":{"allow":["GET"]}}],"collection":[{"href":"https:\/\/www.evropskakuca.me\/me\/wp-json\/wp\/v2\/posts"}],"about":[{"href":"https:\/\/www.evropskakuca.me\/me\/wp-json\/wp\/v2\/types\/post"}],"author":[{"embeddable":true,"href":"https:\/\/www.evropskakuca.me\/me\/wp-json\/wp\/v2\/users\/1"}],"replies":[{"embeddable":true,"href":"https:\/\/www.evropskakuca.me\/me\/wp-json\/wp\/v2\/comments?post=3637"}],"version-history":[{"count":0,"href":"https:\/\/www.evropskakuca.me\/me\/wp-json\/wp\/v2\/posts\/3637\/revisions"}],"wp:featuredmedia":[{"embeddable":true,"href":"https:\/\/www.evropskakuca.me\/me\/wp-json\/wp\/v2\/media\/32798"}],"wp:attachment":[{"href":"https:\/\/www.evropskakuca.me\/me\/wp-json\/wp\/v2\/media?parent=3637"}],"wp:term":[{"taxonomy":"category","embeddable":true,"href":"https:\/\/www.evropskakuca.me\/me\/wp-json\/wp\/v2\/categories?post=3637"},{"taxonomy":"post_tag","embeddable":true,"href":"https:\/\/www.evropskakuca.me\/me\/wp-json\/wp\/v2\/tags?post=3637"}],"curies":[{"name":"wp","href":"https:\/\/api.w.org\/{rel}","templated":true}]}}