{"id":3551,"date":"2017-07-04T13:43:23","date_gmt":"2017-07-04T13:43:23","guid":{"rendered":"http:\/\/www.evropskakuca.me\/me\/?p=3551"},"modified":"2017-07-04T13:43:23","modified_gmt":"2017-07-04T13:43:23","slug":"moto-madarskog-predsjednistva-glasi-v4-povezuje","status":"publish","type":"post","link":"https:\/\/www.evropskakuca.me\/me\/moto-madarskog-predsjednistva-glasi-v4-povezuje\/","title":{"rendered":"\u201eV4 povezuje&#8221;"},"content":{"rendered":"<p>Podgorica, 4.jul 2017. \u2013 Do juna naredne godine Ma\u0111arska \u0107e, po peti put, predsjedavati Vi\u0161egradskom grupom. Ma\u0111arska je predsjedavanje grupom preuzela od Poljske na sve\u010danoj primopredaji u EU info centru.<\/p>\n<p>\u201eOvo za nas predstavlja veliku \u0161ansu, ali istovremeno i obavezu prema drugim dr\u017eavama \u010dlanicama i ostalim partnerima. Ma\u0111arsko predsjedni\u0161tvo \u0107e se zalagati za ja\u010danje Vi\u0161egradske \u010detvorke kao faktora stabilnosti u odnosu na eksterne izazove kao \u0161to su migrantska kriza i nestabilno bezbjednosno okru\u017eenje u na\u0161em ju\u017enom i isti\u010dnom susjedstvu\u201d, rekao je Kristijan Po\u0161a ambasador Ma\u0111arske u Crnoj Gori.<\/p>\n<p>Ambasadorka Poljske u Crnoj Gori podsjetila je da je poljsko predsjedavanje vi\u0161egradskom grupom bilo fokusirano na teme od zna\u010daja za Evropsku uniju.<a href=\"http:\/\/www.evropskakuca.me\/wp-content\/uploads\/2017\/07\/170704_visegradska_grupa.jpg\"><img fetchpriority=\"high\" decoding=\"async\" class=\"wp-image-3554 alignright\" src=\"http:\/\/www.evropskakuca.me\/wp-content\/uploads\/2017\/07\/170704_visegradska_grupa-300x200.jpg\" alt=\"170704_visegradska_grupa\" width=\"474\" height=\"317\" \/><\/a><\/p>\n<p>\u201ePoljsko Predsjedni\u0161tvo V4 nastavilo je klju\u010dni dijalog V4 + Zapadni Balkan. Poljska je 29.novembra 2016. bila domac\u0301in godi\u0161njeg sastanaka ministara \u00a0spoljnih poslova V4 i Zapadnog Balkana u Va\u0161avi. Povodom ovog sastanka V4 je usvojio zajedni\u010dku izjavu u kojoj su \u0161efovi diplomatije V4 ponovili svoj kontinuirani interes i podr\u0161ku Zapadnom Balkanu na njihovom putu ka EU.\u201d rekla je Irena Tata\u017einska.<\/p>\n<p>Vi\u0161egradska grupa ima samo jednu zajedni\u010dku instituciju \u2013 Vi\u0161egrdski fond sa sjedi\u0161tem u Bratislavi.<\/p>\n<p>\u201cPreko kojeg finansiramo razli\u010dite projekte, uklju\u010duju\u0107i i region Zapadnog Balkana. Godi\u0161nji bud\u017eet fonda iznosi 8 miliona eura. \u010clanice dr\u017eave V4 u njega dopinose jednakim dijelom. Sredstva MVF se koriste za podr\u0161ku grantova, stipendija, rezidencijalnig programa ili programa mobilnosti. Osim \u010dlanarina fond raspola\u017ee od 2012.godine i doprinosima od strani donatora\u201d, objasnio je ambasador Slova\u010dke u Crnoj Gori Roman Hloben.<\/p>\n<p>Petr \u0160mejkal otpravnik poslova ambasade Republike \u010ce\u0161ke podsjetio je na podr\u0161ku svih \u010dlanova V4 grupe Crnoj Gori na euroatlanskom putu.<\/p>\n<ul>\n<li>Vi\u0161e o V4 na:\u00a0<a href=\"http:\/\/www.visegradgroup.eu\/\">http:\/\/www.visegradgroup.eu\/<\/a><\/li>\n<\/ul>\n","protected":false},"excerpt":{"rendered":"<p>Ma\u0111arska preuzela predsjedavanje vi\u0161egradskom grupom<\/p>\n","protected":false},"author":1,"featured_media":0,"comment_status":"open","ping_status":"open","sticky":false,"template":"","format":"standard","meta":{"_acf_changed":false,"footnotes":""},"categories":[],"tags":[],"class_list":["post-3551","post","type-post","status-publish","format-standard","hentry"],"acf":[],"yoast_head":"<!-- This site is optimized with the Yoast SEO plugin v27.3 - https:\/\/yoast.com\/product\/yoast-seo-wordpress\/ -->\n<title>\u201eV4 povezuje&quot; - Europe House<\/title>\n<meta name=\"robots\" content=\"index, follow, max-snippet:-1, max-image-preview:large, max-video-preview:-1\" \/>\n<link rel=\"canonical\" href=\"https:\/\/www.evropskakuca.me\/me\/moto-madarskog-predsjednistva-glasi-v4-povezuje\/\" \/>\n<meta property=\"og:locale\" content=\"en_US\" \/>\n<meta property=\"og:type\" content=\"article\" \/>\n<meta property=\"og:title\" content=\"\u201eV4 povezuje&quot; - Europe House\" \/>\n<meta property=\"og:description\" content=\"Ma\u0111arska preuzela predsjedavanje vi\u0161egradskom grupom\" \/>\n<meta property=\"og:url\" content=\"https:\/\/www.evropskakuca.me\/me\/moto-madarskog-predsjednistva-glasi-v4-povezuje\/\" \/>\n<meta property=\"og:site_name\" content=\"Europe House\" \/>\n<meta property=\"article:publisher\" content=\"https:\/\/www.facebook.com\/evropska.kuca\" \/>\n<meta property=\"article:published_time\" content=\"2017-07-04T13:43:23+00:00\" \/>\n<meta property=\"og:image\" content=\"http:\/\/www.evropskakuca.me\/wp-content\/uploads\/2017\/07\/170704_visegradska_grupa-300x200.jpg\" \/>\n<meta name=\"author\" content=\"mkajic\" \/>\n<meta name=\"twitter:card\" content=\"summary_large_image\" \/>\n<meta name=\"twitter:creator\" content=\"@evropska_kuca\" \/>\n<meta name=\"twitter:site\" content=\"@evropska_kuca\" \/>\n<meta name=\"twitter:label1\" content=\"Written by\" \/>\n\t<meta name=\"twitter:data1\" content=\"mkajic\" \/>\n\t<meta name=\"twitter:label2\" content=\"Est. reading time\" \/>\n\t<meta name=\"twitter:data2\" content=\"2 minutes\" \/>\n<script type=\"application\/ld+json\" class=\"yoast-schema-graph\">{\"@context\":\"https:\\\/\\\/schema.org\",\"@graph\":[{\"@type\":\"Article\",\"@id\":\"https:\\\/\\\/www.evropskakuca.me\\\/me\\\/moto-madarskog-predsjednistva-glasi-v4-povezuje\\\/#article\",\"isPartOf\":{\"@id\":\"https:\\\/\\\/www.evropskakuca.me\\\/me\\\/moto-madarskog-predsjednistva-glasi-v4-povezuje\\\/\"},\"author\":{\"name\":\"mkajic\",\"@id\":\"https:\\\/\\\/www.evropskakuca.me\\\/me\\\/#\\\/schema\\\/person\\\/a1d0dcdaefe4a1cd1d60d200ea137ba4\"},\"headline\":\"\u201eV4 povezuje&#8221;\",\"datePublished\":\"2017-07-04T13:43:23+00:00\",\"mainEntityOfPage\":{\"@id\":\"https:\\\/\\\/www.evropskakuca.me\\\/me\\\/moto-madarskog-predsjednistva-glasi-v4-povezuje\\\/\"},\"wordCount\":306,\"commentCount\":0,\"publisher\":{\"@id\":\"https:\\\/\\\/www.evropskakuca.me\\\/me\\\/#organization\"},\"image\":{\"@id\":\"https:\\\/\\\/www.evropskakuca.me\\\/me\\\/moto-madarskog-predsjednistva-glasi-v4-povezuje\\\/#primaryimage\"},\"thumbnailUrl\":\"http:\\\/\\\/www.evropskakuca.me\\\/wp-content\\\/uploads\\\/2017\\\/07\\\/170704_visegradska_grupa-300x200.jpg\",\"inLanguage\":\"me-ME\",\"potentialAction\":[{\"@type\":\"CommentAction\",\"name\":\"Comment\",\"target\":[\"https:\\\/\\\/www.evropskakuca.me\\\/me\\\/moto-madarskog-predsjednistva-glasi-v4-povezuje\\\/#respond\"]}]},{\"@type\":\"WebPage\",\"@id\":\"https:\\\/\\\/www.evropskakuca.me\\\/me\\\/moto-madarskog-predsjednistva-glasi-v4-povezuje\\\/\",\"url\":\"https:\\\/\\\/www.evropskakuca.me\\\/me\\\/moto-madarskog-predsjednistva-glasi-v4-povezuje\\\/\",\"name\":\"\u201eV4 povezuje\\\" - Europe House\",\"isPartOf\":{\"@id\":\"https:\\\/\\\/www.evropskakuca.me\\\/me\\\/#website\"},\"primaryImageOfPage\":{\"@id\":\"https:\\\/\\\/www.evropskakuca.me\\\/me\\\/moto-madarskog-predsjednistva-glasi-v4-povezuje\\\/#primaryimage\"},\"image\":{\"@id\":\"https:\\\/\\\/www.evropskakuca.me\\\/me\\\/moto-madarskog-predsjednistva-glasi-v4-povezuje\\\/#primaryimage\"},\"thumbnailUrl\":\"http:\\\/\\\/www.evropskakuca.me\\\/wp-content\\\/uploads\\\/2017\\\/07\\\/170704_visegradska_grupa-300x200.jpg\",\"datePublished\":\"2017-07-04T13:43:23+00:00\",\"breadcrumb\":{\"@id\":\"https:\\\/\\\/www.evropskakuca.me\\\/me\\\/moto-madarskog-predsjednistva-glasi-v4-povezuje\\\/#breadcrumb\"},\"inLanguage\":\"me-ME\",\"potentialAction\":[{\"@type\":\"ReadAction\",\"target\":[\"https:\\\/\\\/www.evropskakuca.me\\\/me\\\/moto-madarskog-predsjednistva-glasi-v4-povezuje\\\/\"]}]},{\"@type\":\"ImageObject\",\"inLanguage\":\"me-ME\",\"@id\":\"https:\\\/\\\/www.evropskakuca.me\\\/me\\\/moto-madarskog-predsjednistva-glasi-v4-povezuje\\\/#primaryimage\",\"url\":\"http:\\\/\\\/www.evropskakuca.me\\\/wp-content\\\/uploads\\\/2017\\\/07\\\/170704_visegradska_grupa-300x200.jpg\",\"contentUrl\":\"http:\\\/\\\/www.evropskakuca.me\\\/wp-content\\\/uploads\\\/2017\\\/07\\\/170704_visegradska_grupa-300x200.jpg\"},{\"@type\":\"BreadcrumbList\",\"@id\":\"https:\\\/\\\/www.evropskakuca.me\\\/me\\\/moto-madarskog-predsjednistva-glasi-v4-povezuje\\\/#breadcrumb\",\"itemListElement\":[{\"@type\":\"ListItem\",\"position\":1,\"name\":\"Home\",\"item\":\"https:\\\/\\\/www.evropskakuca.me\\\/me\\\/\"},{\"@type\":\"ListItem\",\"position\":2,\"name\":\"\u201eV4 povezuje&#8221;\"}]},{\"@type\":\"WebSite\",\"@id\":\"https:\\\/\\\/www.evropskakuca.me\\\/me\\\/#website\",\"url\":\"https:\\\/\\\/www.evropskakuca.me\\\/me\\\/\",\"name\":\"Evropean house\",\"description\":\"\",\"publisher\":{\"@id\":\"https:\\\/\\\/www.evropskakuca.me\\\/me\\\/#organization\"},\"potentialAction\":[{\"@type\":\"SearchAction\",\"target\":{\"@type\":\"EntryPoint\",\"urlTemplate\":\"https:\\\/\\\/www.evropskakuca.me\\\/me\\\/?s={search_term_string}\"},\"query-input\":{\"@type\":\"PropertyValueSpecification\",\"valueRequired\":true,\"valueName\":\"search_term_string\"}}],\"inLanguage\":\"me-ME\"},{\"@type\":\"Organization\",\"@id\":\"https:\\\/\\\/www.evropskakuca.me\\\/me\\\/#organization\",\"name\":\"Evropean house\",\"url\":\"https:\\\/\\\/www.evropskakuca.me\\\/me\\\/\",\"logo\":{\"@type\":\"ImageObject\",\"inLanguage\":\"me-ME\",\"@id\":\"https:\\\/\\\/www.evropskakuca.me\\\/me\\\/#\\\/schema\\\/logo\\\/image\\\/\",\"url\":\"https:\\\/\\\/www.evropskakuca.me\\\/wp-content\\\/uploads\\\/2025\\\/01\\\/evropska-kuca-logo-1.png\",\"contentUrl\":\"https:\\\/\\\/www.evropskakuca.me\\\/wp-content\\\/uploads\\\/2025\\\/01\\\/evropska-kuca-logo-1.png\",\"width\":425,\"height\":312,\"caption\":\"Evropean house\"},\"image\":{\"@id\":\"https:\\\/\\\/www.evropskakuca.me\\\/me\\\/#\\\/schema\\\/logo\\\/image\\\/\"},\"sameAs\":[\"https:\\\/\\\/www.facebook.com\\\/evropska.kuca\",\"https:\\\/\\\/x.com\\\/evropska_kuca\",\"https:\\\/\\\/www.instagram.com\\\/evropska_kuca\"]},{\"@type\":\"Person\",\"@id\":\"https:\\\/\\\/www.evropskakuca.me\\\/me\\\/#\\\/schema\\\/person\\\/a1d0dcdaefe4a1cd1d60d200ea137ba4\",\"name\":\"mkajic\",\"image\":{\"@type\":\"ImageObject\",\"inLanguage\":\"me-ME\",\"@id\":\"https:\\\/\\\/secure.gravatar.com\\\/avatar\\\/731fa035cefab7316e6bafd1f25a93fb731a07de14e2d9923f8db4422628eabc?s=96&d=mm&r=g\",\"url\":\"https:\\\/\\\/secure.gravatar.com\\\/avatar\\\/731fa035cefab7316e6bafd1f25a93fb731a07de14e2d9923f8db4422628eabc?s=96&d=mm&r=g\",\"contentUrl\":\"https:\\\/\\\/secure.gravatar.com\\\/avatar\\\/731fa035cefab7316e6bafd1f25a93fb731a07de14e2d9923f8db4422628eabc?s=96&d=mm&r=g\",\"caption\":\"mkajic\"},\"sameAs\":[\"https:\\\/\\\/evropskakuca.me\"],\"url\":\"https:\\\/\\\/www.evropskakuca.me\\\/me\\\/author\\\/mkajic\\\/\"}]}<\/script>\n<!-- \/ Yoast SEO plugin. -->","yoast_head_json":{"title":"\u201eV4 povezuje\" - Europe House","robots":{"index":"index","follow":"follow","max-snippet":"max-snippet:-1","max-image-preview":"max-image-preview:large","max-video-preview":"max-video-preview:-1"},"canonical":"https:\/\/www.evropskakuca.me\/me\/moto-madarskog-predsjednistva-glasi-v4-povezuje\/","og_locale":"en_US","og_type":"article","og_title":"\u201eV4 povezuje\" - Europe House","og_description":"Ma\u0111arska preuzela predsjedavanje vi\u0161egradskom grupom","og_url":"https:\/\/www.evropskakuca.me\/me\/moto-madarskog-predsjednistva-glasi-v4-povezuje\/","og_site_name":"Europe House","article_publisher":"https:\/\/www.facebook.com\/evropska.kuca","article_published_time":"2017-07-04T13:43:23+00:00","og_image":[{"url":"http:\/\/www.evropskakuca.me\/wp-content\/uploads\/2017\/07\/170704_visegradska_grupa-300x200.jpg","type":"","width":"","height":""}],"author":"mkajic","twitter_card":"summary_large_image","twitter_creator":"@evropska_kuca","twitter_site":"@evropska_kuca","twitter_misc":{"Written by":"mkajic","Est. reading time":"2 minutes"},"schema":{"@context":"https:\/\/schema.org","@graph":[{"@type":"Article","@id":"https:\/\/www.evropskakuca.me\/me\/moto-madarskog-predsjednistva-glasi-v4-povezuje\/#article","isPartOf":{"@id":"https:\/\/www.evropskakuca.me\/me\/moto-madarskog-predsjednistva-glasi-v4-povezuje\/"},"author":{"name":"mkajic","@id":"https:\/\/www.evropskakuca.me\/me\/#\/schema\/person\/a1d0dcdaefe4a1cd1d60d200ea137ba4"},"headline":"\u201eV4 povezuje&#8221;","datePublished":"2017-07-04T13:43:23+00:00","mainEntityOfPage":{"@id":"https:\/\/www.evropskakuca.me\/me\/moto-madarskog-predsjednistva-glasi-v4-povezuje\/"},"wordCount":306,"commentCount":0,"publisher":{"@id":"https:\/\/www.evropskakuca.me\/me\/#organization"},"image":{"@id":"https:\/\/www.evropskakuca.me\/me\/moto-madarskog-predsjednistva-glasi-v4-povezuje\/#primaryimage"},"thumbnailUrl":"http:\/\/www.evropskakuca.me\/wp-content\/uploads\/2017\/07\/170704_visegradska_grupa-300x200.jpg","inLanguage":"me-ME","potentialAction":[{"@type":"CommentAction","name":"Comment","target":["https:\/\/www.evropskakuca.me\/me\/moto-madarskog-predsjednistva-glasi-v4-povezuje\/#respond"]}]},{"@type":"WebPage","@id":"https:\/\/www.evropskakuca.me\/me\/moto-madarskog-predsjednistva-glasi-v4-povezuje\/","url":"https:\/\/www.evropskakuca.me\/me\/moto-madarskog-predsjednistva-glasi-v4-povezuje\/","name":"\u201eV4 povezuje\" - Europe House","isPartOf":{"@id":"https:\/\/www.evropskakuca.me\/me\/#website"},"primaryImageOfPage":{"@id":"https:\/\/www.evropskakuca.me\/me\/moto-madarskog-predsjednistva-glasi-v4-povezuje\/#primaryimage"},"image":{"@id":"https:\/\/www.evropskakuca.me\/me\/moto-madarskog-predsjednistva-glasi-v4-povezuje\/#primaryimage"},"thumbnailUrl":"http:\/\/www.evropskakuca.me\/wp-content\/uploads\/2017\/07\/170704_visegradska_grupa-300x200.jpg","datePublished":"2017-07-04T13:43:23+00:00","breadcrumb":{"@id":"https:\/\/www.evropskakuca.me\/me\/moto-madarskog-predsjednistva-glasi-v4-povezuje\/#breadcrumb"},"inLanguage":"me-ME","potentialAction":[{"@type":"ReadAction","target":["https:\/\/www.evropskakuca.me\/me\/moto-madarskog-predsjednistva-glasi-v4-povezuje\/"]}]},{"@type":"ImageObject","inLanguage":"me-ME","@id":"https:\/\/www.evropskakuca.me\/me\/moto-madarskog-predsjednistva-glasi-v4-povezuje\/#primaryimage","url":"http:\/\/www.evropskakuca.me\/wp-content\/uploads\/2017\/07\/170704_visegradska_grupa-300x200.jpg","contentUrl":"http:\/\/www.evropskakuca.me\/wp-content\/uploads\/2017\/07\/170704_visegradska_grupa-300x200.jpg"},{"@type":"BreadcrumbList","@id":"https:\/\/www.evropskakuca.me\/me\/moto-madarskog-predsjednistva-glasi-v4-povezuje\/#breadcrumb","itemListElement":[{"@type":"ListItem","position":1,"name":"Home","item":"https:\/\/www.evropskakuca.me\/me\/"},{"@type":"ListItem","position":2,"name":"\u201eV4 povezuje&#8221;"}]},{"@type":"WebSite","@id":"https:\/\/www.evropskakuca.me\/me\/#website","url":"https:\/\/www.evropskakuca.me\/me\/","name":"Evropean house","description":"","publisher":{"@id":"https:\/\/www.evropskakuca.me\/me\/#organization"},"potentialAction":[{"@type":"SearchAction","target":{"@type":"EntryPoint","urlTemplate":"https:\/\/www.evropskakuca.me\/me\/?s={search_term_string}"},"query-input":{"@type":"PropertyValueSpecification","valueRequired":true,"valueName":"search_term_string"}}],"inLanguage":"me-ME"},{"@type":"Organization","@id":"https:\/\/www.evropskakuca.me\/me\/#organization","name":"Evropean house","url":"https:\/\/www.evropskakuca.me\/me\/","logo":{"@type":"ImageObject","inLanguage":"me-ME","@id":"https:\/\/www.evropskakuca.me\/me\/#\/schema\/logo\/image\/","url":"https:\/\/www.evropskakuca.me\/wp-content\/uploads\/2025\/01\/evropska-kuca-logo-1.png","contentUrl":"https:\/\/www.evropskakuca.me\/wp-content\/uploads\/2025\/01\/evropska-kuca-logo-1.png","width":425,"height":312,"caption":"Evropean house"},"image":{"@id":"https:\/\/www.evropskakuca.me\/me\/#\/schema\/logo\/image\/"},"sameAs":["https:\/\/www.facebook.com\/evropska.kuca","https:\/\/x.com\/evropska_kuca","https:\/\/www.instagram.com\/evropska_kuca"]},{"@type":"Person","@id":"https:\/\/www.evropskakuca.me\/me\/#\/schema\/person\/a1d0dcdaefe4a1cd1d60d200ea137ba4","name":"mkajic","image":{"@type":"ImageObject","inLanguage":"me-ME","@id":"https:\/\/secure.gravatar.com\/avatar\/731fa035cefab7316e6bafd1f25a93fb731a07de14e2d9923f8db4422628eabc?s=96&d=mm&r=g","url":"https:\/\/secure.gravatar.com\/avatar\/731fa035cefab7316e6bafd1f25a93fb731a07de14e2d9923f8db4422628eabc?s=96&d=mm&r=g","contentUrl":"https:\/\/secure.gravatar.com\/avatar\/731fa035cefab7316e6bafd1f25a93fb731a07de14e2d9923f8db4422628eabc?s=96&d=mm&r=g","caption":"mkajic"},"sameAs":["https:\/\/evropskakuca.me"],"url":"https:\/\/www.evropskakuca.me\/me\/author\/mkajic\/"}]}},"_links":{"self":[{"href":"https:\/\/www.evropskakuca.me\/me\/wp-json\/wp\/v2\/posts\/3551","targetHints":{"allow":["GET"]}}],"collection":[{"href":"https:\/\/www.evropskakuca.me\/me\/wp-json\/wp\/v2\/posts"}],"about":[{"href":"https:\/\/www.evropskakuca.me\/me\/wp-json\/wp\/v2\/types\/post"}],"author":[{"embeddable":true,"href":"https:\/\/www.evropskakuca.me\/me\/wp-json\/wp\/v2\/users\/1"}],"replies":[{"embeddable":true,"href":"https:\/\/www.evropskakuca.me\/me\/wp-json\/wp\/v2\/comments?post=3551"}],"version-history":[{"count":0,"href":"https:\/\/www.evropskakuca.me\/me\/wp-json\/wp\/v2\/posts\/3551\/revisions"}],"wp:attachment":[{"href":"https:\/\/www.evropskakuca.me\/me\/wp-json\/wp\/v2\/media?parent=3551"}],"wp:term":[{"taxonomy":"category","embeddable":true,"href":"https:\/\/www.evropskakuca.me\/me\/wp-json\/wp\/v2\/categories?post=3551"},{"taxonomy":"post_tag","embeddable":true,"href":"https:\/\/www.evropskakuca.me\/me\/wp-json\/wp\/v2\/tags?post=3551"}],"curies":[{"name":"wp","href":"https:\/\/api.w.org\/{rel}","templated":true}]}}