{"id":3539,"date":"2017-07-03T22:12:16","date_gmt":"2017-07-03T22:12:16","guid":{"rendered":"http:\/\/www.evropskakuca.me\/me\/?p=3539"},"modified":"2017-07-03T22:12:16","modified_gmt":"2017-07-03T22:12:16","slug":"poceli-dani-evropskog-filma","status":"publish","type":"post","link":"https:\/\/www.evropskakuca.me\/me\/poceli-dani-evropskog-filma\/","title":{"rendered":"Po\u010deli Dani evropskog filma"},"content":{"rendered":"<p>Podgorica, 3.jul 2017. \u2013 Karavan evropskog filma, koji organizuje Delegacija Evropske unije u Crnoj Gori uz podr\u0161ku ambasada dr\u017eava \u010dlanica i EU info centra, krenuo je u Podgorici projekcijom filma u bioskopu Sinepleks. Uzdahe i po koju suzu podgori\u010dkoj publici izmamila je danska porodi\u010dna drama \u201eTiho srce\u201c.<\/p>\n<p><a href=\"http:\/\/www.evropskakuca.me\/wp-content\/uploads\/2017\/07\/170704_dani_evropskog_filma-15.jpg\"><img fetchpriority=\"high\" decoding=\"async\" class=\"wp-image-3542 alignleft\" src=\"http:\/\/www.evropskakuca.me\/wp-content\/uploads\/2017\/07\/170704_dani_evropskog_filma-15-1024x683.jpg\" alt=\"170704_dani_evropskog_filma 15\" width=\"421\" height=\"280\" \/><\/a><\/p>\n<p>\u201eEvropsku integraciju ne \u010dine samo poglavlja i pregovori. \u010cine je zajedni\u010dke vrijednosti i kultura, i to je ono \u0161to nas ve\u010deras okuplja.\u201drekao je na otvaranju manifestacije Andre Lis, \u0161ef sektora za saradnju u Delegaciji Evropske unije.<\/p>\n<p>Prve, tropske, julske ve\u010deri podgori\u010dka publika \u0107e mo\u0107i da provede u bioskopu, \u010deka ih jo\u0161 10 filmova, a projekcije su zakazane \u00a0za 18 i 20 \u010dasova, dok je ulaz slobodan.<\/p>\n<p>\u201cNakon Podgorice se selimo u jo\u0161 sedam gradova i ne sumnjam da \u0107e i tamo interesovanje biti veliko. Evropska kinematografija je dobro poznata i vrlo popularna u Crnoj Gori, \u0161to nas jako raduje.\u201d, rekao je Lis.<\/p>\n<p>&nbsp;<\/p>\n<p>Filmovi u Podgorici, Mojkovcu, Petnjici, Pljevljima, Bijelom Polju, Nik\u0161i\u0107u, Kotoru i Tivatu prikazuju se zahvaljuju\u0107i ambasadama \u010dlanica Evropske unije.<a href=\"http:\/\/www.evropskakuca.me\/wp-content\/uploads\/2017\/07\/170704_dani_evropskog_filma-22.jpg\"><img decoding=\"async\" class=\" wp-image-3546 alignright\" src=\"http:\/\/www.evropskakuca.me\/wp-content\/uploads\/2017\/07\/170704_dani_evropskog_filma-22-300x200.jpg\" alt=\"170704_dani_evropskog_filma-22\" width=\"441\" height=\"294\" \/><\/a><\/p>\n<p>\u201eHvala ambasadama na\u0161ih dr\u017eava-\u010dlanica koje su omogu\u0107ile prikazivanje filmova iz njihovih zemalja, kao i EU Info centru i na\u0161im partnerima koji su omogu\u0107ili ovu manifestaciju.\u201distakao je Lis.<\/p>\n<p>U programu manifestacije u\u010destvuju ambasade Danske, Francuske, Holandije, Italije, Kipra, Ma\u0111arske, Njema\u010dke, Poljske, Portugalije, Slova\u010dke i \u0160vedske.<\/p>\n<p>Iako je ulaz u bioskop besplatan, karte se preuzimaju u Sinepleksu i rezervi\u0161u na telefon 020 414 424.<\/p>\n<p>Raspored filmova pratite na sajtovima Delegacije Evropske unije<\/p>\n<p><a href=\"http:\/\/www.delmne.ec.europa.eu\">www.delmne.ec.europa.eu<\/a> , EU info centra <a href=\"http:\/\/www.evropskakuca.me\">www.evropskakuca.me<\/a> \u00a0i Sinepleksa <a href=\"http:\/\/www.cineplexx.me\">www.cineplexx.me<\/a> kao i na sajtovima Centara za kulturu op\u0161tina u kojima \u0107e biti organizovana manifestacija.<\/p>\n<p>&nbsp;<\/p>\n<h4>Prate\u0107i tekstovi:<\/h4>\n<p><a href=\"http:\/\/www.evropskakuca.me\/me\/european-film-days-montenegro-2017\/\">Dani evropskog filma u Crnoj Gori 2017<\/a><\/p>\n","protected":false},"excerpt":{"rendered":"<p>Evropsku integraciju ne \u010dine samo poglavlja i pregovori. \u010cine je zajedni\u010dke vrijednosti i kultura<\/p>\n","protected":false},"author":1,"featured_media":32742,"comment_status":"closed","ping_status":"closed","sticky":false,"template":"","format":"standard","meta":{"_acf_changed":false,"footnotes":""},"categories":[],"tags":[],"class_list":["post-3539","post","type-post","status-publish","format-standard","has-post-thumbnail","hentry"],"acf":[],"yoast_head":"<!-- This site is optimized with the Yoast SEO plugin v27.3 - https:\/\/yoast.com\/product\/yoast-seo-wordpress\/ -->\n<title>Po\u010deli Dani evropskog filma - Europe House<\/title>\n<meta name=\"robots\" content=\"index, follow, max-snippet:-1, max-image-preview:large, max-video-preview:-1\" \/>\n<link rel=\"canonical\" href=\"https:\/\/www.evropskakuca.me\/me\/poceli-dani-evropskog-filma\/\" \/>\n<meta property=\"og:locale\" content=\"en_US\" \/>\n<meta property=\"og:type\" content=\"article\" \/>\n<meta property=\"og:title\" content=\"Po\u010deli Dani evropskog filma - Europe House\" \/>\n<meta property=\"og:description\" content=\"Evropsku integraciju ne \u010dine samo poglavlja i pregovori. \u010cine je zajedni\u010dke vrijednosti i kultura\" \/>\n<meta property=\"og:url\" content=\"https:\/\/www.evropskakuca.me\/me\/poceli-dani-evropskog-filma\/\" \/>\n<meta property=\"og:site_name\" content=\"Europe House\" \/>\n<meta property=\"article:publisher\" content=\"https:\/\/www.facebook.com\/evropska.kuca\" \/>\n<meta property=\"article:published_time\" content=\"2017-07-03T22:12:16+00:00\" \/>\n<meta property=\"og:image\" content=\"https:\/\/www.evropskakuca.me\/wp-content\/uploads\/2017\/07\/170704_dani_evropskog_filma-14-1024x683.jpg\" \/>\n\t<meta property=\"og:image:width\" content=\"1024\" \/>\n\t<meta property=\"og:image:height\" content=\"683\" \/>\n\t<meta property=\"og:image:type\" content=\"image\/jpeg\" \/>\n<meta name=\"author\" content=\"mkajic\" \/>\n<meta name=\"twitter:card\" content=\"summary_large_image\" \/>\n<meta name=\"twitter:creator\" content=\"@evropska_kuca\" \/>\n<meta name=\"twitter:site\" content=\"@evropska_kuca\" \/>\n<meta name=\"twitter:label1\" content=\"Written by\" \/>\n\t<meta name=\"twitter:data1\" content=\"mkajic\" \/>\n\t<meta name=\"twitter:label2\" content=\"Est. reading time\" \/>\n\t<meta name=\"twitter:data2\" content=\"1 minute\" \/>\n<script type=\"application\/ld+json\" class=\"yoast-schema-graph\">{\"@context\":\"https:\\\/\\\/schema.org\",\"@graph\":[{\"@type\":\"Article\",\"@id\":\"https:\\\/\\\/www.evropskakuca.me\\\/me\\\/poceli-dani-evropskog-filma\\\/#article\",\"isPartOf\":{\"@id\":\"https:\\\/\\\/www.evropskakuca.me\\\/me\\\/poceli-dani-evropskog-filma\\\/\"},\"author\":{\"name\":\"mkajic\",\"@id\":\"https:\\\/\\\/www.evropskakuca.me\\\/me\\\/#\\\/schema\\\/person\\\/a1d0dcdaefe4a1cd1d60d200ea137ba4\"},\"headline\":\"Po\u010deli Dani evropskog filma\",\"datePublished\":\"2017-07-03T22:12:16+00:00\",\"mainEntityOfPage\":{\"@id\":\"https:\\\/\\\/www.evropskakuca.me\\\/me\\\/poceli-dani-evropskog-filma\\\/\"},\"wordCount\":302,\"publisher\":{\"@id\":\"https:\\\/\\\/www.evropskakuca.me\\\/me\\\/#organization\"},\"image\":{\"@id\":\"https:\\\/\\\/www.evropskakuca.me\\\/me\\\/poceli-dani-evropskog-filma\\\/#primaryimage\"},\"thumbnailUrl\":\"https:\\\/\\\/www.evropskakuca.me\\\/wp-content\\\/uploads\\\/2017\\\/07\\\/170704_dani_evropskog_filma-14.jpg\",\"inLanguage\":\"me-ME\"},{\"@type\":\"WebPage\",\"@id\":\"https:\\\/\\\/www.evropskakuca.me\\\/me\\\/poceli-dani-evropskog-filma\\\/\",\"url\":\"https:\\\/\\\/www.evropskakuca.me\\\/me\\\/poceli-dani-evropskog-filma\\\/\",\"name\":\"Po\u010deli Dani evropskog filma - Europe House\",\"isPartOf\":{\"@id\":\"https:\\\/\\\/www.evropskakuca.me\\\/me\\\/#website\"},\"primaryImageOfPage\":{\"@id\":\"https:\\\/\\\/www.evropskakuca.me\\\/me\\\/poceli-dani-evropskog-filma\\\/#primaryimage\"},\"image\":{\"@id\":\"https:\\\/\\\/www.evropskakuca.me\\\/me\\\/poceli-dani-evropskog-filma\\\/#primaryimage\"},\"thumbnailUrl\":\"https:\\\/\\\/www.evropskakuca.me\\\/wp-content\\\/uploads\\\/2017\\\/07\\\/170704_dani_evropskog_filma-14.jpg\",\"datePublished\":\"2017-07-03T22:12:16+00:00\",\"breadcrumb\":{\"@id\":\"https:\\\/\\\/www.evropskakuca.me\\\/me\\\/poceli-dani-evropskog-filma\\\/#breadcrumb\"},\"inLanguage\":\"me-ME\",\"potentialAction\":[{\"@type\":\"ReadAction\",\"target\":[\"https:\\\/\\\/www.evropskakuca.me\\\/me\\\/poceli-dani-evropskog-filma\\\/\"]}]},{\"@type\":\"ImageObject\",\"inLanguage\":\"me-ME\",\"@id\":\"https:\\\/\\\/www.evropskakuca.me\\\/me\\\/poceli-dani-evropskog-filma\\\/#primaryimage\",\"url\":\"https:\\\/\\\/www.evropskakuca.me\\\/wp-content\\\/uploads\\\/2017\\\/07\\\/170704_dani_evropskog_filma-14.jpg\",\"contentUrl\":\"https:\\\/\\\/www.evropskakuca.me\\\/wp-content\\\/uploads\\\/2017\\\/07\\\/170704_dani_evropskog_filma-14.jpg\",\"width\":2028,\"height\":1352},{\"@type\":\"BreadcrumbList\",\"@id\":\"https:\\\/\\\/www.evropskakuca.me\\\/me\\\/poceli-dani-evropskog-filma\\\/#breadcrumb\",\"itemListElement\":[{\"@type\":\"ListItem\",\"position\":1,\"name\":\"Home\",\"item\":\"https:\\\/\\\/www.evropskakuca.me\\\/me\\\/\"},{\"@type\":\"ListItem\",\"position\":2,\"name\":\"Po\u010deli Dani evropskog filma\"}]},{\"@type\":\"WebSite\",\"@id\":\"https:\\\/\\\/www.evropskakuca.me\\\/me\\\/#website\",\"url\":\"https:\\\/\\\/www.evropskakuca.me\\\/me\\\/\",\"name\":\"Evropean house\",\"description\":\"\",\"publisher\":{\"@id\":\"https:\\\/\\\/www.evropskakuca.me\\\/me\\\/#organization\"},\"potentialAction\":[{\"@type\":\"SearchAction\",\"target\":{\"@type\":\"EntryPoint\",\"urlTemplate\":\"https:\\\/\\\/www.evropskakuca.me\\\/me\\\/?s={search_term_string}\"},\"query-input\":{\"@type\":\"PropertyValueSpecification\",\"valueRequired\":true,\"valueName\":\"search_term_string\"}}],\"inLanguage\":\"me-ME\"},{\"@type\":\"Organization\",\"@id\":\"https:\\\/\\\/www.evropskakuca.me\\\/me\\\/#organization\",\"name\":\"Evropean house\",\"url\":\"https:\\\/\\\/www.evropskakuca.me\\\/me\\\/\",\"logo\":{\"@type\":\"ImageObject\",\"inLanguage\":\"me-ME\",\"@id\":\"https:\\\/\\\/www.evropskakuca.me\\\/me\\\/#\\\/schema\\\/logo\\\/image\\\/\",\"url\":\"https:\\\/\\\/www.evropskakuca.me\\\/wp-content\\\/uploads\\\/2025\\\/01\\\/evropska-kuca-logo-1.png\",\"contentUrl\":\"https:\\\/\\\/www.evropskakuca.me\\\/wp-content\\\/uploads\\\/2025\\\/01\\\/evropska-kuca-logo-1.png\",\"width\":425,\"height\":312,\"caption\":\"Evropean house\"},\"image\":{\"@id\":\"https:\\\/\\\/www.evropskakuca.me\\\/me\\\/#\\\/schema\\\/logo\\\/image\\\/\"},\"sameAs\":[\"https:\\\/\\\/www.facebook.com\\\/evropska.kuca\",\"https:\\\/\\\/x.com\\\/evropska_kuca\",\"https:\\\/\\\/www.instagram.com\\\/evropska_kuca\"]},{\"@type\":\"Person\",\"@id\":\"https:\\\/\\\/www.evropskakuca.me\\\/me\\\/#\\\/schema\\\/person\\\/a1d0dcdaefe4a1cd1d60d200ea137ba4\",\"name\":\"mkajic\",\"image\":{\"@type\":\"ImageObject\",\"inLanguage\":\"me-ME\",\"@id\":\"https:\\\/\\\/secure.gravatar.com\\\/avatar\\\/731fa035cefab7316e6bafd1f25a93fb731a07de14e2d9923f8db4422628eabc?s=96&d=mm&r=g\",\"url\":\"https:\\\/\\\/secure.gravatar.com\\\/avatar\\\/731fa035cefab7316e6bafd1f25a93fb731a07de14e2d9923f8db4422628eabc?s=96&d=mm&r=g\",\"contentUrl\":\"https:\\\/\\\/secure.gravatar.com\\\/avatar\\\/731fa035cefab7316e6bafd1f25a93fb731a07de14e2d9923f8db4422628eabc?s=96&d=mm&r=g\",\"caption\":\"mkajic\"},\"sameAs\":[\"https:\\\/\\\/evropskakuca.me\"],\"url\":\"https:\\\/\\\/www.evropskakuca.me\\\/me\\\/author\\\/mkajic\\\/\"}]}<\/script>\n<!-- \/ Yoast SEO plugin. -->","yoast_head_json":{"title":"Po\u010deli Dani evropskog filma - Europe House","robots":{"index":"index","follow":"follow","max-snippet":"max-snippet:-1","max-image-preview":"max-image-preview:large","max-video-preview":"max-video-preview:-1"},"canonical":"https:\/\/www.evropskakuca.me\/me\/poceli-dani-evropskog-filma\/","og_locale":"en_US","og_type":"article","og_title":"Po\u010deli Dani evropskog filma - Europe House","og_description":"Evropsku integraciju ne \u010dine samo poglavlja i pregovori. \u010cine je zajedni\u010dke vrijednosti i kultura","og_url":"https:\/\/www.evropskakuca.me\/me\/poceli-dani-evropskog-filma\/","og_site_name":"Europe House","article_publisher":"https:\/\/www.facebook.com\/evropska.kuca","article_published_time":"2017-07-03T22:12:16+00:00","og_image":[{"width":1024,"height":683,"url":"https:\/\/www.evropskakuca.me\/wp-content\/uploads\/2017\/07\/170704_dani_evropskog_filma-14-1024x683.jpg","type":"image\/jpeg"}],"author":"mkajic","twitter_card":"summary_large_image","twitter_creator":"@evropska_kuca","twitter_site":"@evropska_kuca","twitter_misc":{"Written by":"mkajic","Est. reading time":"1 minute"},"schema":{"@context":"https:\/\/schema.org","@graph":[{"@type":"Article","@id":"https:\/\/www.evropskakuca.me\/me\/poceli-dani-evropskog-filma\/#article","isPartOf":{"@id":"https:\/\/www.evropskakuca.me\/me\/poceli-dani-evropskog-filma\/"},"author":{"name":"mkajic","@id":"https:\/\/www.evropskakuca.me\/me\/#\/schema\/person\/a1d0dcdaefe4a1cd1d60d200ea137ba4"},"headline":"Po\u010deli Dani evropskog filma","datePublished":"2017-07-03T22:12:16+00:00","mainEntityOfPage":{"@id":"https:\/\/www.evropskakuca.me\/me\/poceli-dani-evropskog-filma\/"},"wordCount":302,"publisher":{"@id":"https:\/\/www.evropskakuca.me\/me\/#organization"},"image":{"@id":"https:\/\/www.evropskakuca.me\/me\/poceli-dani-evropskog-filma\/#primaryimage"},"thumbnailUrl":"https:\/\/www.evropskakuca.me\/wp-content\/uploads\/2017\/07\/170704_dani_evropskog_filma-14.jpg","inLanguage":"me-ME"},{"@type":"WebPage","@id":"https:\/\/www.evropskakuca.me\/me\/poceli-dani-evropskog-filma\/","url":"https:\/\/www.evropskakuca.me\/me\/poceli-dani-evropskog-filma\/","name":"Po\u010deli Dani evropskog filma - Europe House","isPartOf":{"@id":"https:\/\/www.evropskakuca.me\/me\/#website"},"primaryImageOfPage":{"@id":"https:\/\/www.evropskakuca.me\/me\/poceli-dani-evropskog-filma\/#primaryimage"},"image":{"@id":"https:\/\/www.evropskakuca.me\/me\/poceli-dani-evropskog-filma\/#primaryimage"},"thumbnailUrl":"https:\/\/www.evropskakuca.me\/wp-content\/uploads\/2017\/07\/170704_dani_evropskog_filma-14.jpg","datePublished":"2017-07-03T22:12:16+00:00","breadcrumb":{"@id":"https:\/\/www.evropskakuca.me\/me\/poceli-dani-evropskog-filma\/#breadcrumb"},"inLanguage":"me-ME","potentialAction":[{"@type":"ReadAction","target":["https:\/\/www.evropskakuca.me\/me\/poceli-dani-evropskog-filma\/"]}]},{"@type":"ImageObject","inLanguage":"me-ME","@id":"https:\/\/www.evropskakuca.me\/me\/poceli-dani-evropskog-filma\/#primaryimage","url":"https:\/\/www.evropskakuca.me\/wp-content\/uploads\/2017\/07\/170704_dani_evropskog_filma-14.jpg","contentUrl":"https:\/\/www.evropskakuca.me\/wp-content\/uploads\/2017\/07\/170704_dani_evropskog_filma-14.jpg","width":2028,"height":1352},{"@type":"BreadcrumbList","@id":"https:\/\/www.evropskakuca.me\/me\/poceli-dani-evropskog-filma\/#breadcrumb","itemListElement":[{"@type":"ListItem","position":1,"name":"Home","item":"https:\/\/www.evropskakuca.me\/me\/"},{"@type":"ListItem","position":2,"name":"Po\u010deli Dani evropskog filma"}]},{"@type":"WebSite","@id":"https:\/\/www.evropskakuca.me\/me\/#website","url":"https:\/\/www.evropskakuca.me\/me\/","name":"Evropean house","description":"","publisher":{"@id":"https:\/\/www.evropskakuca.me\/me\/#organization"},"potentialAction":[{"@type":"SearchAction","target":{"@type":"EntryPoint","urlTemplate":"https:\/\/www.evropskakuca.me\/me\/?s={search_term_string}"},"query-input":{"@type":"PropertyValueSpecification","valueRequired":true,"valueName":"search_term_string"}}],"inLanguage":"me-ME"},{"@type":"Organization","@id":"https:\/\/www.evropskakuca.me\/me\/#organization","name":"Evropean house","url":"https:\/\/www.evropskakuca.me\/me\/","logo":{"@type":"ImageObject","inLanguage":"me-ME","@id":"https:\/\/www.evropskakuca.me\/me\/#\/schema\/logo\/image\/","url":"https:\/\/www.evropskakuca.me\/wp-content\/uploads\/2025\/01\/evropska-kuca-logo-1.png","contentUrl":"https:\/\/www.evropskakuca.me\/wp-content\/uploads\/2025\/01\/evropska-kuca-logo-1.png","width":425,"height":312,"caption":"Evropean house"},"image":{"@id":"https:\/\/www.evropskakuca.me\/me\/#\/schema\/logo\/image\/"},"sameAs":["https:\/\/www.facebook.com\/evropska.kuca","https:\/\/x.com\/evropska_kuca","https:\/\/www.instagram.com\/evropska_kuca"]},{"@type":"Person","@id":"https:\/\/www.evropskakuca.me\/me\/#\/schema\/person\/a1d0dcdaefe4a1cd1d60d200ea137ba4","name":"mkajic","image":{"@type":"ImageObject","inLanguage":"me-ME","@id":"https:\/\/secure.gravatar.com\/avatar\/731fa035cefab7316e6bafd1f25a93fb731a07de14e2d9923f8db4422628eabc?s=96&d=mm&r=g","url":"https:\/\/secure.gravatar.com\/avatar\/731fa035cefab7316e6bafd1f25a93fb731a07de14e2d9923f8db4422628eabc?s=96&d=mm&r=g","contentUrl":"https:\/\/secure.gravatar.com\/avatar\/731fa035cefab7316e6bafd1f25a93fb731a07de14e2d9923f8db4422628eabc?s=96&d=mm&r=g","caption":"mkajic"},"sameAs":["https:\/\/evropskakuca.me"],"url":"https:\/\/www.evropskakuca.me\/me\/author\/mkajic\/"}]}},"_links":{"self":[{"href":"https:\/\/www.evropskakuca.me\/me\/wp-json\/wp\/v2\/posts\/3539","targetHints":{"allow":["GET"]}}],"collection":[{"href":"https:\/\/www.evropskakuca.me\/me\/wp-json\/wp\/v2\/posts"}],"about":[{"href":"https:\/\/www.evropskakuca.me\/me\/wp-json\/wp\/v2\/types\/post"}],"author":[{"embeddable":true,"href":"https:\/\/www.evropskakuca.me\/me\/wp-json\/wp\/v2\/users\/1"}],"replies":[{"embeddable":true,"href":"https:\/\/www.evropskakuca.me\/me\/wp-json\/wp\/v2\/comments?post=3539"}],"version-history":[{"count":0,"href":"https:\/\/www.evropskakuca.me\/me\/wp-json\/wp\/v2\/posts\/3539\/revisions"}],"wp:featuredmedia":[{"embeddable":true,"href":"https:\/\/www.evropskakuca.me\/me\/wp-json\/wp\/v2\/media\/32742"}],"wp:attachment":[{"href":"https:\/\/www.evropskakuca.me\/me\/wp-json\/wp\/v2\/media?parent=3539"}],"wp:term":[{"taxonomy":"category","embeddable":true,"href":"https:\/\/www.evropskakuca.me\/me\/wp-json\/wp\/v2\/categories?post=3539"},{"taxonomy":"post_tag","embeddable":true,"href":"https:\/\/www.evropskakuca.me\/me\/wp-json\/wp\/v2\/tags?post=3539"}],"curies":[{"name":"wp","href":"https:\/\/api.w.org\/{rel}","templated":true}]}}