{"id":3510,"date":"2017-06-26T14:33:54","date_gmt":"2017-06-26T14:33:54","guid":{"rendered":"http:\/\/www.evropskakuca.me\/me\/?p=3510"},"modified":"2017-06-26T14:33:54","modified_gmt":"2017-06-26T14:33:54","slug":"eu-spremna-da-pomogne-crnoj-gori-da-postigne-svoje-klimatske-ciljeve","status":"publish","type":"post","link":"https:\/\/www.evropskakuca.me\/me\/eu-spremna-da-pomogne-crnoj-gori-da-postigne-svoje-klimatske-ciljeve\/","title":{"rendered":"EU spremna da pomogne Crnoj Gori da postigne svoje klimatske ciljeve"},"content":{"rendered":"<p>PODGORICA, 26. jun 2017. \u2013 Evropska unija ima za cilj da bude primjer u oblasti klimatske i ekolo\u0161ke politike i spremna je da pomogne svojim partnerima, uklju\u010duju\u0107i i Crnoj Gori, da postignu svoje klimatske ciljeve, izjavio je ambasador EU u Crnoj Gori, Aivo Orav na panel diskusiji \u201eCrna Gora i Pari\u0161ki sporazum\u201c, koja je organizovana danas u EU Info centru u okviru Nedjelje klimatske diplomatije.<\/p>\n<p>Ambasador Orav je istakao da EU pozdravlja \u010dinjenicu da Crna Gora planira ratifikaciju Pari\u0161kog sporazuma do kraja ovog mjeseca, dodaju\u0107i, me\u0111utim, da sada Crna Gora treba da iskoristi trenutak i ste\u010deno iskustvo kako bi podr\u017eala primjenu Pari\u0161kog sporazuma kroz konkretne akcije za ispunjavanje svojih klimatskih ciljeva. Kako je kazao Orav, Crna Gora posebno treba da radi na uskla\u0111ivanju sa pravnom tekovinom EU u oblasti klime i energetike na koordiniraniji na\u010din, da dovr\u0161i uspostavljanje potpuno funkcionalnog nacionalnog sistema za izvje\u0161tavanje i verifikaciju monitoringa u skladu sa propisima EU i da razvije jasnu viziju i strategiju za dugoro\u010dnu promjenu ka niskokarbonskoj i klimatski otpornoj ekonomiji i dru\u0161tvu.<\/p>\n<p>\u201eOd vitalnog je zna\u010daja da se postavljeni ciljevi sada prevedu u konkretne, primjenjive politike i mjere koje obuhvataju sve sektore privrede\u201c, rekao je Orav.<\/p>\n<p><a href=\"http:\/\/www.evropskakuca.me\/wp-content\/uploads\/2017\/06\/panel-CG-i-Pariski-sporazum-03-26062017.jpg\"><img fetchpriority=\"high\" decoding=\"async\" class=\"alignleft size-medium wp-image-3514\" src=\"http:\/\/www.evropskakuca.me\/wp-content\/uploads\/2017\/06\/panel-CG-i-Pariski-sporazum-03-26062017-300x200.jpg\" alt=\"panel CG i Pariski sporazum 03, 26062017\" width=\"300\" height=\"200\" \/><\/a>Stalna koordinatorka sistema Ujedinjenih nacija u Crnoj Gori, Fiona Mekkluni rekla je da je nedavna socio-ekonomska studija o uticaju klimatskih promjena na Crnu Goru i ratifikaciji Pari\u0161kog sporazuma pokazala da investicije u Crnoj Gori potrebne da se postigne cilj smanjenja emisije gasova sa efektom staklene ba\u0161te za 30 odsto do 2030. godine iznose \u20ac1,75 milijardu, od kojih se ve\u0107ina o\u010dekuje od privatnih investitora, a manje od 10 odsto iz dr\u017eavnog bud\u017eeta. Ona je dodala da se potrebne investicije odnose uglavnom na industriju \u2013 naro\u010dito Kombinat aluminijuma (KAP), proizvodnju energije iz obnovljivih izvora &#8211; male hidroelektrane i vjetroelektrane i energetsku efikasnost, a \u0161to bi moglo dovesti do stvaranja oko 750 novih zelenih radnih mjesta.<\/p>\n<p>\u201eAkcije koje sada preduzimamo odredi\u0107e kako \u0107e na\u0161 svijet izgledati za 25 ili 50 godina. Stvaranje nove i bolje budu\u0107nosti je mogu\u0107e. Ratifikacijom Pari\u0161kog sporazuma, zajedno sa drugim zemljama, Crna Gora zapo\u010dinje dugoro\u010dnu ekolo\u0161ku misiju mobilizacije ljudi, preduze\u0107a i vlade kako bi izgradila zdravo odr\u017eivo okru\u017eenje i ubla\u017eila klimatske uticaje\u201c, rekla je Mekkluni.<\/p>\n<p><a href=\"http:\/\/www.evropskakuca.me\/wp-content\/uploads\/2017\/06\/panel-CG-i-Pariski-sporazum-11-26062017.jpg\"><img decoding=\"async\" class=\"alignleft size-medium wp-image-3516\" src=\"http:\/\/www.evropskakuca.me\/wp-content\/uploads\/2017\/06\/panel-CG-i-Pariski-sporazum-11-26062017-300x200.jpg\" alt=\"panel CG i Pariski sporazum 11, 26062017\" width=\"300\" height=\"200\" \/><\/a>Direktor Instituta za hidrometeologiju i seizmologiju Crne Gore, Luka Mitrovi\u0107 kazao je da se klimatski uticaji u Crnoj Gori ve\u0107 osje\u0107aju. On je rekao da se posljedice globalnog zagrijavanja osje\u0107aju kroz op\u0161ti rast temperature, smanjenje snije\u017enog pokriva\u010da, du\u017ee trajanje tropskih talasa, manje prolje\u0107nih ki\u0161a, a \u0161to uzrokuje neravnote\u017eu \u017eivotne sredine i ekonomsku i materijalnu \u0161tetu, posebno u poljoprivredi i turizmu.<\/p>\n<p>Ostali u\u010desnici panela bili su: Sr\u0111an Mugo\u0161a, generalni direktor za klimatske promjene u Ministarstvu odr\u017eivog razvoja i turizma, Ivana Mijatovi\u0107 iz Generalnog direktorata Evropske komisije za klimatske akcije i Jelena Marojevi\u0107 Gali\u0107, direktorka NVO Green Home.<\/p>\n<p>Na panel diskusiji prikazan je i film Evropske komisije <a href=\"https:\/\/www.youtube.com\/watch?v=5Tf5Hxa_dKs\">\u201ePari\u0161ki sporazum: svijet se ujedinjuje u borbi protiv klimatskih promjena\u201c<\/a>.<\/p>\n<p><strong>Kontekst:<\/strong><\/p>\n<p>Pari\u0161ki sporazum je prvi univerzalni i pravno obavezuju\u0107i sporazuma o klimatskim promjenama, koji je usvojen u Parizu u decembru 2015. godine. Stupio je na snagu 4. novembra 2016. godine. Do sada ga je ratifikovalo 149 od 195 zemalja. Cilj Sporazuma je da se kroz vi\u0161e decenija svjetska privreda bazirana na fosilnim gorivima transformi\u0161e i da se ohrabre ve\u0107a ulaganja u obnovljive izvore energije s ciljem preusmjeravanja svjetske ekonomije ka modelu koji podrazumijeva nizak nivo ili pak potpuno odsustvo emisije gasova sa efektom staklene ba\u0161te. EU se obavezala da \u0107e smanjiti emisije \u0161tetnih gasova za 20 odsto do 2020. godine, odnosno 40 odsto do 2030.<\/p>\n<p>Iako je jedna od zemalja s niskim emisijama gasova staklene ba\u0161te, Crna Gora se obavezala na smanjenje njihovih emisija za 30% do 2030. godine. To smanjenje bi\u0107e ostvareno kroz energetsku efikasnost, razvoj industrijskih tehnologija, pove\u0107anje udjela obnovljivih izvora energije i modernizaciju energetskog sektora. Potrebni okvir &#8211; Strategija o klimatskim promjenama i Akcioni plan &#8211; postoji, ali ga je potrebno hitno implementirati. U skladu s tim, Crna Gora razvija zakonodavni okvir o klimatskim i energetskim pitanjima uz pomo\u0107 IPA fondova i TAIEX-a. Ovo \u0107e tako\u0111e pru\u017eiti priliku za pristup finansiranju klimatskih pitanja, \u0161to dodatno otklju\u010dava potencijal za ambiciozno smanjenje emisije stakleni\u010dkih gasova.<\/p>\n","protected":false},"excerpt":{"rendered":"<p>U susret crnogorskoj ratifikaciji Pari\u0161kog sporazuma<\/p>\n","protected":false},"author":1,"featured_media":32726,"comment_status":"open","ping_status":"open","sticky":false,"template":"","format":"standard","meta":{"_acf_changed":false,"footnotes":""},"categories":[],"tags":[],"class_list":["post-3510","post","type-post","status-publish","format-standard","has-post-thumbnail","hentry"],"acf":[],"yoast_head":"<!-- This site is optimized with the Yoast SEO plugin v27.3 - https:\/\/yoast.com\/product\/yoast-seo-wordpress\/ -->\n<title>EU spremna da pomogne Crnoj Gori da postigne svoje klimatske ciljeve - Europe House<\/title>\n<meta name=\"robots\" content=\"index, follow, max-snippet:-1, max-image-preview:large, max-video-preview:-1\" \/>\n<link rel=\"canonical\" href=\"https:\/\/www.evropskakuca.me\/me\/eu-spremna-da-pomogne-crnoj-gori-da-postigne-svoje-klimatske-ciljeve\/\" \/>\n<meta property=\"og:locale\" content=\"en_US\" \/>\n<meta property=\"og:type\" content=\"article\" \/>\n<meta property=\"og:title\" content=\"EU spremna da pomogne Crnoj Gori da postigne svoje klimatske ciljeve - Europe House\" \/>\n<meta property=\"og:description\" content=\"U susret crnogorskoj ratifikaciji Pari\u0161kog sporazuma\" \/>\n<meta property=\"og:url\" content=\"https:\/\/www.evropskakuca.me\/me\/eu-spremna-da-pomogne-crnoj-gori-da-postigne-svoje-klimatske-ciljeve\/\" \/>\n<meta property=\"og:site_name\" content=\"Europe House\" \/>\n<meta property=\"article:publisher\" content=\"https:\/\/www.facebook.com\/evropska.kuca\" \/>\n<meta property=\"article:published_time\" content=\"2017-06-26T14:33:54+00:00\" \/>\n<meta property=\"og:image\" content=\"https:\/\/www.evropskakuca.me\/wp-content\/uploads\/2017\/06\/panel-CG-i-Pariski-sporazum-01-26062017.jpg\" \/>\n\t<meta property=\"og:image:width\" content=\"2024\" \/>\n\t<meta property=\"og:image:height\" content=\"1349\" \/>\n\t<meta property=\"og:image:type\" content=\"image\/jpeg\" \/>\n<meta name=\"author\" content=\"mkajic\" \/>\n<meta name=\"twitter:card\" content=\"summary_large_image\" \/>\n<meta name=\"twitter:creator\" content=\"@evropska_kuca\" \/>\n<meta name=\"twitter:site\" content=\"@evropska_kuca\" \/>\n<meta name=\"twitter:label1\" content=\"Written by\" \/>\n\t<meta name=\"twitter:data1\" content=\"mkajic\" \/>\n\t<meta name=\"twitter:label2\" content=\"Est. reading time\" \/>\n\t<meta name=\"twitter:data2\" content=\"4 minutes\" \/>\n<script type=\"application\/ld+json\" class=\"yoast-schema-graph\">{\"@context\":\"https:\\\/\\\/schema.org\",\"@graph\":[{\"@type\":\"Article\",\"@id\":\"https:\\\/\\\/www.evropskakuca.me\\\/me\\\/eu-spremna-da-pomogne-crnoj-gori-da-postigne-svoje-klimatske-ciljeve\\\/#article\",\"isPartOf\":{\"@id\":\"https:\\\/\\\/www.evropskakuca.me\\\/me\\\/eu-spremna-da-pomogne-crnoj-gori-da-postigne-svoje-klimatske-ciljeve\\\/\"},\"author\":{\"name\":\"mkajic\",\"@id\":\"https:\\\/\\\/www.evropskakuca.me\\\/me\\\/#\\\/schema\\\/person\\\/a1d0dcdaefe4a1cd1d60d200ea137ba4\"},\"headline\":\"EU spremna da pomogne Crnoj Gori da postigne svoje klimatske ciljeve\",\"datePublished\":\"2017-06-26T14:33:54+00:00\",\"mainEntityOfPage\":{\"@id\":\"https:\\\/\\\/www.evropskakuca.me\\\/me\\\/eu-spremna-da-pomogne-crnoj-gori-da-postigne-svoje-klimatske-ciljeve\\\/\"},\"wordCount\":732,\"commentCount\":0,\"publisher\":{\"@id\":\"https:\\\/\\\/www.evropskakuca.me\\\/me\\\/#organization\"},\"image\":{\"@id\":\"https:\\\/\\\/www.evropskakuca.me\\\/me\\\/eu-spremna-da-pomogne-crnoj-gori-da-postigne-svoje-klimatske-ciljeve\\\/#primaryimage\"},\"thumbnailUrl\":\"https:\\\/\\\/www.evropskakuca.me\\\/wp-content\\\/uploads\\\/2017\\\/06\\\/panel-CG-i-Pariski-sporazum-01-26062017.jpg\",\"inLanguage\":\"me-ME\",\"potentialAction\":[{\"@type\":\"CommentAction\",\"name\":\"Comment\",\"target\":[\"https:\\\/\\\/www.evropskakuca.me\\\/me\\\/eu-spremna-da-pomogne-crnoj-gori-da-postigne-svoje-klimatske-ciljeve\\\/#respond\"]}]},{\"@type\":\"WebPage\",\"@id\":\"https:\\\/\\\/www.evropskakuca.me\\\/me\\\/eu-spremna-da-pomogne-crnoj-gori-da-postigne-svoje-klimatske-ciljeve\\\/\",\"url\":\"https:\\\/\\\/www.evropskakuca.me\\\/me\\\/eu-spremna-da-pomogne-crnoj-gori-da-postigne-svoje-klimatske-ciljeve\\\/\",\"name\":\"EU spremna da pomogne Crnoj Gori da postigne svoje klimatske ciljeve - Europe House\",\"isPartOf\":{\"@id\":\"https:\\\/\\\/www.evropskakuca.me\\\/me\\\/#website\"},\"primaryImageOfPage\":{\"@id\":\"https:\\\/\\\/www.evropskakuca.me\\\/me\\\/eu-spremna-da-pomogne-crnoj-gori-da-postigne-svoje-klimatske-ciljeve\\\/#primaryimage\"},\"image\":{\"@id\":\"https:\\\/\\\/www.evropskakuca.me\\\/me\\\/eu-spremna-da-pomogne-crnoj-gori-da-postigne-svoje-klimatske-ciljeve\\\/#primaryimage\"},\"thumbnailUrl\":\"https:\\\/\\\/www.evropskakuca.me\\\/wp-content\\\/uploads\\\/2017\\\/06\\\/panel-CG-i-Pariski-sporazum-01-26062017.jpg\",\"datePublished\":\"2017-06-26T14:33:54+00:00\",\"breadcrumb\":{\"@id\":\"https:\\\/\\\/www.evropskakuca.me\\\/me\\\/eu-spremna-da-pomogne-crnoj-gori-da-postigne-svoje-klimatske-ciljeve\\\/#breadcrumb\"},\"inLanguage\":\"me-ME\",\"potentialAction\":[{\"@type\":\"ReadAction\",\"target\":[\"https:\\\/\\\/www.evropskakuca.me\\\/me\\\/eu-spremna-da-pomogne-crnoj-gori-da-postigne-svoje-klimatske-ciljeve\\\/\"]}]},{\"@type\":\"ImageObject\",\"inLanguage\":\"me-ME\",\"@id\":\"https:\\\/\\\/www.evropskakuca.me\\\/me\\\/eu-spremna-da-pomogne-crnoj-gori-da-postigne-svoje-klimatske-ciljeve\\\/#primaryimage\",\"url\":\"https:\\\/\\\/www.evropskakuca.me\\\/wp-content\\\/uploads\\\/2017\\\/06\\\/panel-CG-i-Pariski-sporazum-01-26062017.jpg\",\"contentUrl\":\"https:\\\/\\\/www.evropskakuca.me\\\/wp-content\\\/uploads\\\/2017\\\/06\\\/panel-CG-i-Pariski-sporazum-01-26062017.jpg\",\"width\":2024,\"height\":1349},{\"@type\":\"BreadcrumbList\",\"@id\":\"https:\\\/\\\/www.evropskakuca.me\\\/me\\\/eu-spremna-da-pomogne-crnoj-gori-da-postigne-svoje-klimatske-ciljeve\\\/#breadcrumb\",\"itemListElement\":[{\"@type\":\"ListItem\",\"position\":1,\"name\":\"Home\",\"item\":\"https:\\\/\\\/www.evropskakuca.me\\\/me\\\/\"},{\"@type\":\"ListItem\",\"position\":2,\"name\":\"EU spremna da pomogne Crnoj Gori da postigne svoje klimatske ciljeve\"}]},{\"@type\":\"WebSite\",\"@id\":\"https:\\\/\\\/www.evropskakuca.me\\\/me\\\/#website\",\"url\":\"https:\\\/\\\/www.evropskakuca.me\\\/me\\\/\",\"name\":\"Evropean house\",\"description\":\"\",\"publisher\":{\"@id\":\"https:\\\/\\\/www.evropskakuca.me\\\/me\\\/#organization\"},\"potentialAction\":[{\"@type\":\"SearchAction\",\"target\":{\"@type\":\"EntryPoint\",\"urlTemplate\":\"https:\\\/\\\/www.evropskakuca.me\\\/me\\\/?s={search_term_string}\"},\"query-input\":{\"@type\":\"PropertyValueSpecification\",\"valueRequired\":true,\"valueName\":\"search_term_string\"}}],\"inLanguage\":\"me-ME\"},{\"@type\":\"Organization\",\"@id\":\"https:\\\/\\\/www.evropskakuca.me\\\/me\\\/#organization\",\"name\":\"Evropean house\",\"url\":\"https:\\\/\\\/www.evropskakuca.me\\\/me\\\/\",\"logo\":{\"@type\":\"ImageObject\",\"inLanguage\":\"me-ME\",\"@id\":\"https:\\\/\\\/www.evropskakuca.me\\\/me\\\/#\\\/schema\\\/logo\\\/image\\\/\",\"url\":\"https:\\\/\\\/www.evropskakuca.me\\\/wp-content\\\/uploads\\\/2025\\\/01\\\/evropska-kuca-logo-1.png\",\"contentUrl\":\"https:\\\/\\\/www.evropskakuca.me\\\/wp-content\\\/uploads\\\/2025\\\/01\\\/evropska-kuca-logo-1.png\",\"width\":425,\"height\":312,\"caption\":\"Evropean house\"},\"image\":{\"@id\":\"https:\\\/\\\/www.evropskakuca.me\\\/me\\\/#\\\/schema\\\/logo\\\/image\\\/\"},\"sameAs\":[\"https:\\\/\\\/www.facebook.com\\\/evropska.kuca\",\"https:\\\/\\\/x.com\\\/evropska_kuca\",\"https:\\\/\\\/www.instagram.com\\\/evropska_kuca\"]},{\"@type\":\"Person\",\"@id\":\"https:\\\/\\\/www.evropskakuca.me\\\/me\\\/#\\\/schema\\\/person\\\/a1d0dcdaefe4a1cd1d60d200ea137ba4\",\"name\":\"mkajic\",\"image\":{\"@type\":\"ImageObject\",\"inLanguage\":\"me-ME\",\"@id\":\"https:\\\/\\\/secure.gravatar.com\\\/avatar\\\/731fa035cefab7316e6bafd1f25a93fb731a07de14e2d9923f8db4422628eabc?s=96&d=mm&r=g\",\"url\":\"https:\\\/\\\/secure.gravatar.com\\\/avatar\\\/731fa035cefab7316e6bafd1f25a93fb731a07de14e2d9923f8db4422628eabc?s=96&d=mm&r=g\",\"contentUrl\":\"https:\\\/\\\/secure.gravatar.com\\\/avatar\\\/731fa035cefab7316e6bafd1f25a93fb731a07de14e2d9923f8db4422628eabc?s=96&d=mm&r=g\",\"caption\":\"mkajic\"},\"sameAs\":[\"https:\\\/\\\/evropskakuca.me\"],\"url\":\"https:\\\/\\\/www.evropskakuca.me\\\/me\\\/author\\\/mkajic\\\/\"}]}<\/script>\n<!-- \/ Yoast SEO plugin. -->","yoast_head_json":{"title":"EU spremna da pomogne Crnoj Gori da postigne svoje klimatske ciljeve - Europe House","robots":{"index":"index","follow":"follow","max-snippet":"max-snippet:-1","max-image-preview":"max-image-preview:large","max-video-preview":"max-video-preview:-1"},"canonical":"https:\/\/www.evropskakuca.me\/me\/eu-spremna-da-pomogne-crnoj-gori-da-postigne-svoje-klimatske-ciljeve\/","og_locale":"en_US","og_type":"article","og_title":"EU spremna da pomogne Crnoj Gori da postigne svoje klimatske ciljeve - Europe House","og_description":"U susret crnogorskoj ratifikaciji Pari\u0161kog sporazuma","og_url":"https:\/\/www.evropskakuca.me\/me\/eu-spremna-da-pomogne-crnoj-gori-da-postigne-svoje-klimatske-ciljeve\/","og_site_name":"Europe House","article_publisher":"https:\/\/www.facebook.com\/evropska.kuca","article_published_time":"2017-06-26T14:33:54+00:00","og_image":[{"width":2024,"height":1349,"url":"https:\/\/www.evropskakuca.me\/wp-content\/uploads\/2017\/06\/panel-CG-i-Pariski-sporazum-01-26062017.jpg","type":"image\/jpeg"}],"author":"mkajic","twitter_card":"summary_large_image","twitter_creator":"@evropska_kuca","twitter_site":"@evropska_kuca","twitter_misc":{"Written by":"mkajic","Est. reading time":"4 minutes"},"schema":{"@context":"https:\/\/schema.org","@graph":[{"@type":"Article","@id":"https:\/\/www.evropskakuca.me\/me\/eu-spremna-da-pomogne-crnoj-gori-da-postigne-svoje-klimatske-ciljeve\/#article","isPartOf":{"@id":"https:\/\/www.evropskakuca.me\/me\/eu-spremna-da-pomogne-crnoj-gori-da-postigne-svoje-klimatske-ciljeve\/"},"author":{"name":"mkajic","@id":"https:\/\/www.evropskakuca.me\/me\/#\/schema\/person\/a1d0dcdaefe4a1cd1d60d200ea137ba4"},"headline":"EU spremna da pomogne Crnoj Gori da postigne svoje klimatske ciljeve","datePublished":"2017-06-26T14:33:54+00:00","mainEntityOfPage":{"@id":"https:\/\/www.evropskakuca.me\/me\/eu-spremna-da-pomogne-crnoj-gori-da-postigne-svoje-klimatske-ciljeve\/"},"wordCount":732,"commentCount":0,"publisher":{"@id":"https:\/\/www.evropskakuca.me\/me\/#organization"},"image":{"@id":"https:\/\/www.evropskakuca.me\/me\/eu-spremna-da-pomogne-crnoj-gori-da-postigne-svoje-klimatske-ciljeve\/#primaryimage"},"thumbnailUrl":"https:\/\/www.evropskakuca.me\/wp-content\/uploads\/2017\/06\/panel-CG-i-Pariski-sporazum-01-26062017.jpg","inLanguage":"me-ME","potentialAction":[{"@type":"CommentAction","name":"Comment","target":["https:\/\/www.evropskakuca.me\/me\/eu-spremna-da-pomogne-crnoj-gori-da-postigne-svoje-klimatske-ciljeve\/#respond"]}]},{"@type":"WebPage","@id":"https:\/\/www.evropskakuca.me\/me\/eu-spremna-da-pomogne-crnoj-gori-da-postigne-svoje-klimatske-ciljeve\/","url":"https:\/\/www.evropskakuca.me\/me\/eu-spremna-da-pomogne-crnoj-gori-da-postigne-svoje-klimatske-ciljeve\/","name":"EU spremna da pomogne Crnoj Gori da postigne svoje klimatske ciljeve - Europe House","isPartOf":{"@id":"https:\/\/www.evropskakuca.me\/me\/#website"},"primaryImageOfPage":{"@id":"https:\/\/www.evropskakuca.me\/me\/eu-spremna-da-pomogne-crnoj-gori-da-postigne-svoje-klimatske-ciljeve\/#primaryimage"},"image":{"@id":"https:\/\/www.evropskakuca.me\/me\/eu-spremna-da-pomogne-crnoj-gori-da-postigne-svoje-klimatske-ciljeve\/#primaryimage"},"thumbnailUrl":"https:\/\/www.evropskakuca.me\/wp-content\/uploads\/2017\/06\/panel-CG-i-Pariski-sporazum-01-26062017.jpg","datePublished":"2017-06-26T14:33:54+00:00","breadcrumb":{"@id":"https:\/\/www.evropskakuca.me\/me\/eu-spremna-da-pomogne-crnoj-gori-da-postigne-svoje-klimatske-ciljeve\/#breadcrumb"},"inLanguage":"me-ME","potentialAction":[{"@type":"ReadAction","target":["https:\/\/www.evropskakuca.me\/me\/eu-spremna-da-pomogne-crnoj-gori-da-postigne-svoje-klimatske-ciljeve\/"]}]},{"@type":"ImageObject","inLanguage":"me-ME","@id":"https:\/\/www.evropskakuca.me\/me\/eu-spremna-da-pomogne-crnoj-gori-da-postigne-svoje-klimatske-ciljeve\/#primaryimage","url":"https:\/\/www.evropskakuca.me\/wp-content\/uploads\/2017\/06\/panel-CG-i-Pariski-sporazum-01-26062017.jpg","contentUrl":"https:\/\/www.evropskakuca.me\/wp-content\/uploads\/2017\/06\/panel-CG-i-Pariski-sporazum-01-26062017.jpg","width":2024,"height":1349},{"@type":"BreadcrumbList","@id":"https:\/\/www.evropskakuca.me\/me\/eu-spremna-da-pomogne-crnoj-gori-da-postigne-svoje-klimatske-ciljeve\/#breadcrumb","itemListElement":[{"@type":"ListItem","position":1,"name":"Home","item":"https:\/\/www.evropskakuca.me\/me\/"},{"@type":"ListItem","position":2,"name":"EU spremna da pomogne Crnoj Gori da postigne svoje klimatske ciljeve"}]},{"@type":"WebSite","@id":"https:\/\/www.evropskakuca.me\/me\/#website","url":"https:\/\/www.evropskakuca.me\/me\/","name":"Evropean house","description":"","publisher":{"@id":"https:\/\/www.evropskakuca.me\/me\/#organization"},"potentialAction":[{"@type":"SearchAction","target":{"@type":"EntryPoint","urlTemplate":"https:\/\/www.evropskakuca.me\/me\/?s={search_term_string}"},"query-input":{"@type":"PropertyValueSpecification","valueRequired":true,"valueName":"search_term_string"}}],"inLanguage":"me-ME"},{"@type":"Organization","@id":"https:\/\/www.evropskakuca.me\/me\/#organization","name":"Evropean house","url":"https:\/\/www.evropskakuca.me\/me\/","logo":{"@type":"ImageObject","inLanguage":"me-ME","@id":"https:\/\/www.evropskakuca.me\/me\/#\/schema\/logo\/image\/","url":"https:\/\/www.evropskakuca.me\/wp-content\/uploads\/2025\/01\/evropska-kuca-logo-1.png","contentUrl":"https:\/\/www.evropskakuca.me\/wp-content\/uploads\/2025\/01\/evropska-kuca-logo-1.png","width":425,"height":312,"caption":"Evropean house"},"image":{"@id":"https:\/\/www.evropskakuca.me\/me\/#\/schema\/logo\/image\/"},"sameAs":["https:\/\/www.facebook.com\/evropska.kuca","https:\/\/x.com\/evropska_kuca","https:\/\/www.instagram.com\/evropska_kuca"]},{"@type":"Person","@id":"https:\/\/www.evropskakuca.me\/me\/#\/schema\/person\/a1d0dcdaefe4a1cd1d60d200ea137ba4","name":"mkajic","image":{"@type":"ImageObject","inLanguage":"me-ME","@id":"https:\/\/secure.gravatar.com\/avatar\/731fa035cefab7316e6bafd1f25a93fb731a07de14e2d9923f8db4422628eabc?s=96&d=mm&r=g","url":"https:\/\/secure.gravatar.com\/avatar\/731fa035cefab7316e6bafd1f25a93fb731a07de14e2d9923f8db4422628eabc?s=96&d=mm&r=g","contentUrl":"https:\/\/secure.gravatar.com\/avatar\/731fa035cefab7316e6bafd1f25a93fb731a07de14e2d9923f8db4422628eabc?s=96&d=mm&r=g","caption":"mkajic"},"sameAs":["https:\/\/evropskakuca.me"],"url":"https:\/\/www.evropskakuca.me\/me\/author\/mkajic\/"}]}},"_links":{"self":[{"href":"https:\/\/www.evropskakuca.me\/me\/wp-json\/wp\/v2\/posts\/3510","targetHints":{"allow":["GET"]}}],"collection":[{"href":"https:\/\/www.evropskakuca.me\/me\/wp-json\/wp\/v2\/posts"}],"about":[{"href":"https:\/\/www.evropskakuca.me\/me\/wp-json\/wp\/v2\/types\/post"}],"author":[{"embeddable":true,"href":"https:\/\/www.evropskakuca.me\/me\/wp-json\/wp\/v2\/users\/1"}],"replies":[{"embeddable":true,"href":"https:\/\/www.evropskakuca.me\/me\/wp-json\/wp\/v2\/comments?post=3510"}],"version-history":[{"count":0,"href":"https:\/\/www.evropskakuca.me\/me\/wp-json\/wp\/v2\/posts\/3510\/revisions"}],"wp:featuredmedia":[{"embeddable":true,"href":"https:\/\/www.evropskakuca.me\/me\/wp-json\/wp\/v2\/media\/32726"}],"wp:attachment":[{"href":"https:\/\/www.evropskakuca.me\/me\/wp-json\/wp\/v2\/media?parent=3510"}],"wp:term":[{"taxonomy":"category","embeddable":true,"href":"https:\/\/www.evropskakuca.me\/me\/wp-json\/wp\/v2\/categories?post=3510"},{"taxonomy":"post_tag","embeddable":true,"href":"https:\/\/www.evropskakuca.me\/me\/wp-json\/wp\/v2\/tags?post=3510"}],"curies":[{"name":"wp","href":"https:\/\/api.w.org\/{rel}","templated":true}]}}