{"id":3440,"date":"2017-06-12T14:23:45","date_gmt":"2017-06-12T14:23:45","guid":{"rendered":"http:\/\/www.evropskakuca.me\/me\/?p=3440"},"modified":"2017-06-12T14:23:45","modified_gmt":"2017-06-12T14:23:45","slug":"jacanje-medijske-samoregulacije","status":"publish","type":"post","link":"https:\/\/www.evropskakuca.me\/me\/jacanje-medijske-samoregulacije\/","title":{"rendered":"Ja\u010danje medijske samoregulacije"},"content":{"rendered":"<p>PODGORICA, 12.jun 2017. \u2013 Akcija za ljudska prava predstavila je u EU Info centru izvje\u0161taj \u201eJa\u010danje medijske samoregulacije i regulacije u promociji slobode izra\u017eavanja i prava na privatnost u Crnoj Gori\u201d.<\/p>\n<p>\u201e Smatramo da je samoregulacija veoma va\u017ean pokazatelj zrelosti medija u jednom dru\u0161tvu da sami pristupe ispitivanju spostvenih gre\u0161aka i da uti\u010du na blagovremenu za\u0161titu prava svoje publike, kako prava na slobodu izra\u017eavanja tako i na za\u0161titu prava na privatnost, posebno u ovom dijelu za\u0161tite od klevete i uvrede,\u201c kazala je direktorka Akcije za ljudska prava Tea Gorjanc Prelevi\u0107.<\/p>\n<p>Projekat finansira ambasada Australije.<\/p>\n<p>\u201eSmatramo da ima mnogo toga \u0161to mo\u017ee da se u\u010dini na pobolj\u0161anju medijskog okru\u017eenja.\u201c istakla je Irena Milojkovi\u0107 iz ambasade Australije.<\/p>\n<p>Autor istra\u017eivanja Du\u0161ko Vukovi\u0107 objasnio je da Nacrt izvje\u0161taja analizira praksu kao i odluke samoregulatora.<img fetchpriority=\"high\" decoding=\"async\" class=\"wp-image-3437  alignright\" src=\"http:\/\/www.evropskakuca.me\/wp-content\/uploads\/2017\/06\/dusko-1024x682.jpg\" alt=\"dusko\" width=\"489\" height=\"326\" \/><\/p>\n<p>\u201eOno \u0161to je glavni moj nalaz je da se Medijski savjet za samoregulaciju i dalje bavi \u017ealbama koje koji se odnosi na rad medija koji ve\u0107 imaju samoregulatorna tijela, u ovom slu\u010daju ombudsmane. \u0160to je, po mom dubokom uvjerenju, ne\u0161to \u0161to je suprotno duhu i su\u0161tini samoregulacijie. Izvje\u0161taj \u00a0sadr\u017ei zaklju\u010dke i preporuke da se ta praksa napusti,\u201c naglasio je Du\u0161ko Vukovi\u0107 autor istra\u017eivanja.<\/p>\n<p>Izvje\u0161taj pokazuje i da je u 2016. godini pove\u0107an broj \u017ealbi na TV Pink, te da je Agencija za elektronske medije doniejla nekoliko odluka koje su upozorenje.<\/p>\n<p>\u201eMoj nalaz je da argumentacija, kada se odbijaju prigovori na sadr\u017eaje Tv Pink, nije dosljedno izvedena i da se neke stvari predvi\u0111aju\u201c, objasnio je Vukovi\u0107.<\/p>\n<p>Iz Agencija za elektroneske medije objasnili su da se svaki pojedina\u010dni slu\u010daj se posmatra individualno, te da je va\u017ean kontekst kao i da se precizno odmjere sve \u010dinjenice, sadr\u017eaj, izvori i uticaj na jednu i na drugu stranu.<\/p>\n<p>\u201eNesporno je da Agencija ima pravo da izrekne upozorenje, privremenu mjeru oruzimanja odobrenja i trajno oduzimanje odobrenja. Agencija ne mo\u017ee da izreke nov\u010danu kaznu to mo\u017ee sada samo sud i to za odre\u0111ene vrste prekr\u0161aja koja su definisana zakonom. Od 2002 do 2010 Agencija je imala to pravo i mogu da priznam da nam je to bila najefikasija mjera,\u201c objasnila je Jadranka Vojvodi\u0107 iz Agencije za elektronske medije<\/p>\n<p>Na drugoj strani u Savjetu za medisjku samoregulaciju objasnili su kako ta organizacija funkcioni\u0161e.<\/p>\n<p>\u201e Mi nemamo mogu\u0107nost ka\u017enjavanja nikoga, nemamo na\u010din da izreknemo sankcije bilo kome, na\u0161a mislija je prije svega damediji treba da prihvate da i njih neko mo\u017ee da kritikuje, da nisu samo oni ti koji mogu da kritikuju. Ja u tome vidim cilj na\u0161e organizacije. I evo poslije pet godina s mogu da ka\u017eem da je danas puno bolja samoregulacija u medijima nego 2012. kada smo po\u010deli da radimo taj posao.\u201c rekao je Branko Vujovi\u0107 iz Medijskog savjeta za samoregulaciju.<\/p>\n<p>\u010clan Savjeta Javnog servisa koji razmatra \u017ealbe \u010dital\u010daca i slu\u0161alaca saglasan je sa zaklju\u010dkom autora istra\u017eivanja da treba unaprijetiti sajt Javnog servisa.<\/p>\n<p>\u201eOno sam \u010dim sam saglasan da nema odgovaraju\u0107e strukture koja je pregledna dovoljno za sve one koji posje\u0107uju portal Javnog servisa, da sve informacije mogu biti na jednom mjestu. Do svih tih informacija se mo\u017ee do\u0107i , sve je to na sajtu samo nije objedinjeno na jednom mjestu za sve one koji su zainteresovani za rad Komisije,\u201c rekao je Goran \u0110urovi\u0107 \u010dlan Savjeta RTCG.<\/p>\n<p>Nacrt izvje\u0161taj mo\u017eete pro\u010ditati ovdje.<\/p>\n","protected":false},"excerpt":{"rendered":"<p>Samoregulacija je veoma va\u017ean pokazatelj zrelosti medija<\/p>\n","protected":false},"author":1,"featured_media":32692,"comment_status":"open","ping_status":"open","sticky":false,"template":"","format":"standard","meta":{"_acf_changed":false,"footnotes":""},"categories":[],"tags":[],"class_list":["post-3440","post","type-post","status-publish","format-standard","has-post-thumbnail","hentry"],"acf":[],"yoast_head":"<!-- This site is optimized with the Yoast SEO plugin v27.3 - https:\/\/yoast.com\/product\/yoast-seo-wordpress\/ -->\n<title>Ja\u010danje medijske samoregulacije - Europe House<\/title>\n<meta name=\"robots\" content=\"index, follow, max-snippet:-1, max-image-preview:large, max-video-preview:-1\" \/>\n<link rel=\"canonical\" href=\"https:\/\/www.evropskakuca.me\/me\/jacanje-medijske-samoregulacije\/\" \/>\n<meta property=\"og:locale\" content=\"en_US\" \/>\n<meta property=\"og:type\" content=\"article\" \/>\n<meta property=\"og:title\" content=\"Ja\u010danje medijske samoregulacije - Europe House\" \/>\n<meta property=\"og:description\" content=\"Samoregulacija je veoma va\u017ean pokazatelj zrelosti medija\" \/>\n<meta property=\"og:url\" content=\"https:\/\/www.evropskakuca.me\/me\/jacanje-medijske-samoregulacije\/\" \/>\n<meta property=\"og:site_name\" content=\"Europe House\" \/>\n<meta property=\"article:publisher\" content=\"https:\/\/www.facebook.com\/evropska.kuca\" \/>\n<meta property=\"article:published_time\" content=\"2017-06-12T14:23:45+00:00\" \/>\n<meta property=\"og:image\" content=\"https:\/\/www.evropskakuca.me\/wp-content\/uploads\/2017\/06\/IMG_8493.jpg\" \/>\n\t<meta property=\"og:image:width\" content=\"2024\" \/>\n\t<meta property=\"og:image:height\" content=\"1349\" \/>\n\t<meta property=\"og:image:type\" content=\"image\/jpeg\" \/>\n<meta name=\"author\" content=\"mkajic\" \/>\n<meta name=\"twitter:card\" content=\"summary_large_image\" \/>\n<meta name=\"twitter:creator\" content=\"@evropska_kuca\" \/>\n<meta name=\"twitter:site\" content=\"@evropska_kuca\" \/>\n<meta name=\"twitter:label1\" content=\"Written by\" \/>\n\t<meta name=\"twitter:data1\" content=\"mkajic\" \/>\n\t<meta name=\"twitter:label2\" content=\"Est. reading time\" \/>\n\t<meta name=\"twitter:data2\" content=\"3 minutes\" \/>\n<script type=\"application\/ld+json\" class=\"yoast-schema-graph\">{\"@context\":\"https:\\\/\\\/schema.org\",\"@graph\":[{\"@type\":\"Article\",\"@id\":\"https:\\\/\\\/www.evropskakuca.me\\\/me\\\/jacanje-medijske-samoregulacije\\\/#article\",\"isPartOf\":{\"@id\":\"https:\\\/\\\/www.evropskakuca.me\\\/me\\\/jacanje-medijske-samoregulacije\\\/\"},\"author\":{\"name\":\"mkajic\",\"@id\":\"https:\\\/\\\/www.evropskakuca.me\\\/me\\\/#\\\/schema\\\/person\\\/a1d0dcdaefe4a1cd1d60d200ea137ba4\"},\"headline\":\"Ja\u010danje medijske samoregulacije\",\"datePublished\":\"2017-06-12T14:23:45+00:00\",\"mainEntityOfPage\":{\"@id\":\"https:\\\/\\\/www.evropskakuca.me\\\/me\\\/jacanje-medijske-samoregulacije\\\/\"},\"wordCount\":590,\"commentCount\":0,\"publisher\":{\"@id\":\"https:\\\/\\\/www.evropskakuca.me\\\/me\\\/#organization\"},\"image\":{\"@id\":\"https:\\\/\\\/www.evropskakuca.me\\\/me\\\/jacanje-medijske-samoregulacije\\\/#primaryimage\"},\"thumbnailUrl\":\"https:\\\/\\\/www.evropskakuca.me\\\/wp-content\\\/uploads\\\/2017\\\/06\\\/IMG_8493.jpg\",\"inLanguage\":\"me-ME\",\"potentialAction\":[{\"@type\":\"CommentAction\",\"name\":\"Comment\",\"target\":[\"https:\\\/\\\/www.evropskakuca.me\\\/me\\\/jacanje-medijske-samoregulacije\\\/#respond\"]}]},{\"@type\":\"WebPage\",\"@id\":\"https:\\\/\\\/www.evropskakuca.me\\\/me\\\/jacanje-medijske-samoregulacije\\\/\",\"url\":\"https:\\\/\\\/www.evropskakuca.me\\\/me\\\/jacanje-medijske-samoregulacije\\\/\",\"name\":\"Ja\u010danje medijske samoregulacije - Europe House\",\"isPartOf\":{\"@id\":\"https:\\\/\\\/www.evropskakuca.me\\\/me\\\/#website\"},\"primaryImageOfPage\":{\"@id\":\"https:\\\/\\\/www.evropskakuca.me\\\/me\\\/jacanje-medijske-samoregulacije\\\/#primaryimage\"},\"image\":{\"@id\":\"https:\\\/\\\/www.evropskakuca.me\\\/me\\\/jacanje-medijske-samoregulacije\\\/#primaryimage\"},\"thumbnailUrl\":\"https:\\\/\\\/www.evropskakuca.me\\\/wp-content\\\/uploads\\\/2017\\\/06\\\/IMG_8493.jpg\",\"datePublished\":\"2017-06-12T14:23:45+00:00\",\"breadcrumb\":{\"@id\":\"https:\\\/\\\/www.evropskakuca.me\\\/me\\\/jacanje-medijske-samoregulacije\\\/#breadcrumb\"},\"inLanguage\":\"me-ME\",\"potentialAction\":[{\"@type\":\"ReadAction\",\"target\":[\"https:\\\/\\\/www.evropskakuca.me\\\/me\\\/jacanje-medijske-samoregulacije\\\/\"]}]},{\"@type\":\"ImageObject\",\"inLanguage\":\"me-ME\",\"@id\":\"https:\\\/\\\/www.evropskakuca.me\\\/me\\\/jacanje-medijske-samoregulacije\\\/#primaryimage\",\"url\":\"https:\\\/\\\/www.evropskakuca.me\\\/wp-content\\\/uploads\\\/2017\\\/06\\\/IMG_8493.jpg\",\"contentUrl\":\"https:\\\/\\\/www.evropskakuca.me\\\/wp-content\\\/uploads\\\/2017\\\/06\\\/IMG_8493.jpg\",\"width\":2024,\"height\":1349},{\"@type\":\"BreadcrumbList\",\"@id\":\"https:\\\/\\\/www.evropskakuca.me\\\/me\\\/jacanje-medijske-samoregulacije\\\/#breadcrumb\",\"itemListElement\":[{\"@type\":\"ListItem\",\"position\":1,\"name\":\"Home\",\"item\":\"https:\\\/\\\/www.evropskakuca.me\\\/me\\\/\"},{\"@type\":\"ListItem\",\"position\":2,\"name\":\"Ja\u010danje medijske samoregulacije\"}]},{\"@type\":\"WebSite\",\"@id\":\"https:\\\/\\\/www.evropskakuca.me\\\/me\\\/#website\",\"url\":\"https:\\\/\\\/www.evropskakuca.me\\\/me\\\/\",\"name\":\"Evropean house\",\"description\":\"\",\"publisher\":{\"@id\":\"https:\\\/\\\/www.evropskakuca.me\\\/me\\\/#organization\"},\"potentialAction\":[{\"@type\":\"SearchAction\",\"target\":{\"@type\":\"EntryPoint\",\"urlTemplate\":\"https:\\\/\\\/www.evropskakuca.me\\\/me\\\/?s={search_term_string}\"},\"query-input\":{\"@type\":\"PropertyValueSpecification\",\"valueRequired\":true,\"valueName\":\"search_term_string\"}}],\"inLanguage\":\"me-ME\"},{\"@type\":\"Organization\",\"@id\":\"https:\\\/\\\/www.evropskakuca.me\\\/me\\\/#organization\",\"name\":\"Evropean house\",\"url\":\"https:\\\/\\\/www.evropskakuca.me\\\/me\\\/\",\"logo\":{\"@type\":\"ImageObject\",\"inLanguage\":\"me-ME\",\"@id\":\"https:\\\/\\\/www.evropskakuca.me\\\/me\\\/#\\\/schema\\\/logo\\\/image\\\/\",\"url\":\"https:\\\/\\\/www.evropskakuca.me\\\/wp-content\\\/uploads\\\/2025\\\/01\\\/evropska-kuca-logo-1.png\",\"contentUrl\":\"https:\\\/\\\/www.evropskakuca.me\\\/wp-content\\\/uploads\\\/2025\\\/01\\\/evropska-kuca-logo-1.png\",\"width\":425,\"height\":312,\"caption\":\"Evropean house\"},\"image\":{\"@id\":\"https:\\\/\\\/www.evropskakuca.me\\\/me\\\/#\\\/schema\\\/logo\\\/image\\\/\"},\"sameAs\":[\"https:\\\/\\\/www.facebook.com\\\/evropska.kuca\",\"https:\\\/\\\/x.com\\\/evropska_kuca\",\"https:\\\/\\\/www.instagram.com\\\/evropska_kuca\"]},{\"@type\":\"Person\",\"@id\":\"https:\\\/\\\/www.evropskakuca.me\\\/me\\\/#\\\/schema\\\/person\\\/a1d0dcdaefe4a1cd1d60d200ea137ba4\",\"name\":\"mkajic\",\"image\":{\"@type\":\"ImageObject\",\"inLanguage\":\"me-ME\",\"@id\":\"https:\\\/\\\/secure.gravatar.com\\\/avatar\\\/731fa035cefab7316e6bafd1f25a93fb731a07de14e2d9923f8db4422628eabc?s=96&d=mm&r=g\",\"url\":\"https:\\\/\\\/secure.gravatar.com\\\/avatar\\\/731fa035cefab7316e6bafd1f25a93fb731a07de14e2d9923f8db4422628eabc?s=96&d=mm&r=g\",\"contentUrl\":\"https:\\\/\\\/secure.gravatar.com\\\/avatar\\\/731fa035cefab7316e6bafd1f25a93fb731a07de14e2d9923f8db4422628eabc?s=96&d=mm&r=g\",\"caption\":\"mkajic\"},\"sameAs\":[\"https:\\\/\\\/evropskakuca.me\"],\"url\":\"https:\\\/\\\/www.evropskakuca.me\\\/me\\\/author\\\/mkajic\\\/\"}]}<\/script>\n<!-- \/ Yoast SEO plugin. -->","yoast_head_json":{"title":"Ja\u010danje medijske samoregulacije - Europe House","robots":{"index":"index","follow":"follow","max-snippet":"max-snippet:-1","max-image-preview":"max-image-preview:large","max-video-preview":"max-video-preview:-1"},"canonical":"https:\/\/www.evropskakuca.me\/me\/jacanje-medijske-samoregulacije\/","og_locale":"en_US","og_type":"article","og_title":"Ja\u010danje medijske samoregulacije - Europe House","og_description":"Samoregulacija je veoma va\u017ean pokazatelj zrelosti medija","og_url":"https:\/\/www.evropskakuca.me\/me\/jacanje-medijske-samoregulacije\/","og_site_name":"Europe House","article_publisher":"https:\/\/www.facebook.com\/evropska.kuca","article_published_time":"2017-06-12T14:23:45+00:00","og_image":[{"width":2024,"height":1349,"url":"https:\/\/www.evropskakuca.me\/wp-content\/uploads\/2017\/06\/IMG_8493.jpg","type":"image\/jpeg"}],"author":"mkajic","twitter_card":"summary_large_image","twitter_creator":"@evropska_kuca","twitter_site":"@evropska_kuca","twitter_misc":{"Written by":"mkajic","Est. reading time":"3 minutes"},"schema":{"@context":"https:\/\/schema.org","@graph":[{"@type":"Article","@id":"https:\/\/www.evropskakuca.me\/me\/jacanje-medijske-samoregulacije\/#article","isPartOf":{"@id":"https:\/\/www.evropskakuca.me\/me\/jacanje-medijske-samoregulacije\/"},"author":{"name":"mkajic","@id":"https:\/\/www.evropskakuca.me\/me\/#\/schema\/person\/a1d0dcdaefe4a1cd1d60d200ea137ba4"},"headline":"Ja\u010danje medijske samoregulacije","datePublished":"2017-06-12T14:23:45+00:00","mainEntityOfPage":{"@id":"https:\/\/www.evropskakuca.me\/me\/jacanje-medijske-samoregulacije\/"},"wordCount":590,"commentCount":0,"publisher":{"@id":"https:\/\/www.evropskakuca.me\/me\/#organization"},"image":{"@id":"https:\/\/www.evropskakuca.me\/me\/jacanje-medijske-samoregulacije\/#primaryimage"},"thumbnailUrl":"https:\/\/www.evropskakuca.me\/wp-content\/uploads\/2017\/06\/IMG_8493.jpg","inLanguage":"me-ME","potentialAction":[{"@type":"CommentAction","name":"Comment","target":["https:\/\/www.evropskakuca.me\/me\/jacanje-medijske-samoregulacije\/#respond"]}]},{"@type":"WebPage","@id":"https:\/\/www.evropskakuca.me\/me\/jacanje-medijske-samoregulacije\/","url":"https:\/\/www.evropskakuca.me\/me\/jacanje-medijske-samoregulacije\/","name":"Ja\u010danje medijske samoregulacije - Europe House","isPartOf":{"@id":"https:\/\/www.evropskakuca.me\/me\/#website"},"primaryImageOfPage":{"@id":"https:\/\/www.evropskakuca.me\/me\/jacanje-medijske-samoregulacije\/#primaryimage"},"image":{"@id":"https:\/\/www.evropskakuca.me\/me\/jacanje-medijske-samoregulacije\/#primaryimage"},"thumbnailUrl":"https:\/\/www.evropskakuca.me\/wp-content\/uploads\/2017\/06\/IMG_8493.jpg","datePublished":"2017-06-12T14:23:45+00:00","breadcrumb":{"@id":"https:\/\/www.evropskakuca.me\/me\/jacanje-medijske-samoregulacije\/#breadcrumb"},"inLanguage":"me-ME","potentialAction":[{"@type":"ReadAction","target":["https:\/\/www.evropskakuca.me\/me\/jacanje-medijske-samoregulacije\/"]}]},{"@type":"ImageObject","inLanguage":"me-ME","@id":"https:\/\/www.evropskakuca.me\/me\/jacanje-medijske-samoregulacije\/#primaryimage","url":"https:\/\/www.evropskakuca.me\/wp-content\/uploads\/2017\/06\/IMG_8493.jpg","contentUrl":"https:\/\/www.evropskakuca.me\/wp-content\/uploads\/2017\/06\/IMG_8493.jpg","width":2024,"height":1349},{"@type":"BreadcrumbList","@id":"https:\/\/www.evropskakuca.me\/me\/jacanje-medijske-samoregulacije\/#breadcrumb","itemListElement":[{"@type":"ListItem","position":1,"name":"Home","item":"https:\/\/www.evropskakuca.me\/me\/"},{"@type":"ListItem","position":2,"name":"Ja\u010danje medijske samoregulacije"}]},{"@type":"WebSite","@id":"https:\/\/www.evropskakuca.me\/me\/#website","url":"https:\/\/www.evropskakuca.me\/me\/","name":"Evropean house","description":"","publisher":{"@id":"https:\/\/www.evropskakuca.me\/me\/#organization"},"potentialAction":[{"@type":"SearchAction","target":{"@type":"EntryPoint","urlTemplate":"https:\/\/www.evropskakuca.me\/me\/?s={search_term_string}"},"query-input":{"@type":"PropertyValueSpecification","valueRequired":true,"valueName":"search_term_string"}}],"inLanguage":"me-ME"},{"@type":"Organization","@id":"https:\/\/www.evropskakuca.me\/me\/#organization","name":"Evropean house","url":"https:\/\/www.evropskakuca.me\/me\/","logo":{"@type":"ImageObject","inLanguage":"me-ME","@id":"https:\/\/www.evropskakuca.me\/me\/#\/schema\/logo\/image\/","url":"https:\/\/www.evropskakuca.me\/wp-content\/uploads\/2025\/01\/evropska-kuca-logo-1.png","contentUrl":"https:\/\/www.evropskakuca.me\/wp-content\/uploads\/2025\/01\/evropska-kuca-logo-1.png","width":425,"height":312,"caption":"Evropean house"},"image":{"@id":"https:\/\/www.evropskakuca.me\/me\/#\/schema\/logo\/image\/"},"sameAs":["https:\/\/www.facebook.com\/evropska.kuca","https:\/\/x.com\/evropska_kuca","https:\/\/www.instagram.com\/evropska_kuca"]},{"@type":"Person","@id":"https:\/\/www.evropskakuca.me\/me\/#\/schema\/person\/a1d0dcdaefe4a1cd1d60d200ea137ba4","name":"mkajic","image":{"@type":"ImageObject","inLanguage":"me-ME","@id":"https:\/\/secure.gravatar.com\/avatar\/731fa035cefab7316e6bafd1f25a93fb731a07de14e2d9923f8db4422628eabc?s=96&d=mm&r=g","url":"https:\/\/secure.gravatar.com\/avatar\/731fa035cefab7316e6bafd1f25a93fb731a07de14e2d9923f8db4422628eabc?s=96&d=mm&r=g","contentUrl":"https:\/\/secure.gravatar.com\/avatar\/731fa035cefab7316e6bafd1f25a93fb731a07de14e2d9923f8db4422628eabc?s=96&d=mm&r=g","caption":"mkajic"},"sameAs":["https:\/\/evropskakuca.me"],"url":"https:\/\/www.evropskakuca.me\/me\/author\/mkajic\/"}]}},"_links":{"self":[{"href":"https:\/\/www.evropskakuca.me\/me\/wp-json\/wp\/v2\/posts\/3440","targetHints":{"allow":["GET"]}}],"collection":[{"href":"https:\/\/www.evropskakuca.me\/me\/wp-json\/wp\/v2\/posts"}],"about":[{"href":"https:\/\/www.evropskakuca.me\/me\/wp-json\/wp\/v2\/types\/post"}],"author":[{"embeddable":true,"href":"https:\/\/www.evropskakuca.me\/me\/wp-json\/wp\/v2\/users\/1"}],"replies":[{"embeddable":true,"href":"https:\/\/www.evropskakuca.me\/me\/wp-json\/wp\/v2\/comments?post=3440"}],"version-history":[{"count":0,"href":"https:\/\/www.evropskakuca.me\/me\/wp-json\/wp\/v2\/posts\/3440\/revisions"}],"wp:featuredmedia":[{"embeddable":true,"href":"https:\/\/www.evropskakuca.me\/me\/wp-json\/wp\/v2\/media\/32692"}],"wp:attachment":[{"href":"https:\/\/www.evropskakuca.me\/me\/wp-json\/wp\/v2\/media?parent=3440"}],"wp:term":[{"taxonomy":"category","embeddable":true,"href":"https:\/\/www.evropskakuca.me\/me\/wp-json\/wp\/v2\/categories?post=3440"},{"taxonomy":"post_tag","embeddable":true,"href":"https:\/\/www.evropskakuca.me\/me\/wp-json\/wp\/v2\/tags?post=3440"}],"curies":[{"name":"wp","href":"https:\/\/api.w.org\/{rel}","templated":true}]}}