{"id":3428,"date":"2017-06-09T11:06:35","date_gmt":"2017-06-09T11:06:35","guid":{"rendered":"http:\/\/www.evropskakuca.me\/me\/?p=3428"},"modified":"2017-06-09T11:06:35","modified_gmt":"2017-06-09T11:06:35","slug":"3428","status":"publish","type":"post","link":"https:\/\/www.evropskakuca.me\/me\/3428\/","title":{"rendered":"Evropski komesar Johanes Han posjetio Crnu Goru"},"content":{"rendered":"<p>Podgorica, 9. jun 2017 \u2013 Evropski komesar za politiku susjedstva i pregovore o pro\u0161irenju, Johanes Han, posjetio je Crnu Goru, gdje se susreo sa crnogorskim zvani\u010dnicima i posjetio lokaciju jednog od klju\u010dnih projekata u oblasti energetskog povezivanja.<\/p>\n<p>U izjavi nakon posjete trafostanici Lastva u okviru Transbalkanskog elektro-energetskog koridora \u2013 jednom od klju\u010dnih projekata na Agendi povezivanja koji \u0107e pomo\u0107i da se elektro-energetski pove\u017eu Rumunija, Srbija, Crna Gora, Bosna i Hercegovina i Italija \u2013 komesar Han je podvukao da je ovaj projekat &#8220;vitalni dio procesa stvaranja regionalnog tr\u017ei\u0161ta elektri\u010dne energije,&#8221; kao i &#8220;otjelotvorenje strate\u0161ke investicije od regionalnog i pan-evropskog zna\u010daja.&#8221;<\/p>\n<p>Komesar Han je rekao da je trafostanica Lastva strate\u0161ka investicija u energetsku mre\u017eu i sigurnost isporuke elektri\u010dne energije za Crnu Goru, zapadni Balkan i Evropsku uniju. Naglasio je da je EU donirala 25 miliona eura za ovaj projekat, \u0161to je omogu\u0107ilo ukupnu investiciju od 127 miliona eura i zahvalio je projektnim partnerima i Crnoj Gori na njihovom doprinosu. Komesar Han je istakao uvjerenje da \u0107e Samit zemalja zapadnog Balkana u Trstu sredinom jula oja\u010dati Agendu povezivanja i donijeti dodatne opipljive rezultate.<img fetchpriority=\"high\" decoding=\"async\" class=\"alignright wp-image-3425 \" src=\"http:\/\/www.evropskakuca.me\/wp-content\/uploads\/2017\/06\/han-2-300x200.jpg\" alt=\"han 2\" width=\"296\" height=\"197\" \/><\/p>\n<p style=\"text-align: left;\">Nakon sastanka sa predsjednikom Vlade Crne Gore Du\u0161kom Markovi\u0107em, komesar Han je rekao da je Crna Gora najnaprednija zemlja na putu evropskih integracija, te pohvalio stabilan napredak ostvaren u proteklim godinama. Podvukao je va\u017enost odr\u017eavanja momentuma, uklju\u010duju\u0107i na poljima unapre\u0111ivanja vladavine prava, ostvarivanja fiskalne konsolidacije, i doprinosu daljoj regionalnoj ekonomskoj integraciji.<\/p>\n<p>Na sastanku sa predsjednikom Skup\u0161tine Crne Gore Ivanom Brajovi\u0107em, komesar Han je istakao da je politi\u010dki dijalog od krucijalne va\u017enosti za transformaciju Crne Gore, nagla\u0161avaju\u0107i da bojkot parlamenta nije evropski na\u010din rje\u0161avanja nesporazuma.<\/p>\n<p>&nbsp;<\/p>\n<p>Detaljnije mo\u017eete pro\u010ditati <a href=\"http:\/\/www.delmne.ec.europa.eu\/code\/navigate.php?Id=3887\">ovdje.<\/a><\/p>\n","protected":false},"excerpt":{"rendered":"<p> Trafostanica Lastva je strate\u0161ka investicija u energetsku mre\u017eu<\/p>\n","protected":false},"author":1,"featured_media":32720,"comment_status":"open","ping_status":"open","sticky":false,"template":"","format":"standard","meta":{"_acf_changed":false,"footnotes":""},"categories":[],"tags":[],"class_list":["post-3428","post","type-post","status-publish","format-standard","has-post-thumbnail","hentry"],"acf":[],"yoast_head":"<!-- This site is optimized with the Yoast SEO plugin v27.3 - https:\/\/yoast.com\/product\/yoast-seo-wordpress\/ -->\n<title>Evropski komesar Johanes Han posjetio Crnu Goru - Europe House<\/title>\n<meta name=\"robots\" content=\"index, follow, max-snippet:-1, max-image-preview:large, max-video-preview:-1\" \/>\n<link rel=\"canonical\" href=\"https:\/\/www.evropskakuca.me\/me\/3428\/\" \/>\n<meta property=\"og:locale\" content=\"en_US\" \/>\n<meta property=\"og:type\" content=\"article\" \/>\n<meta property=\"og:title\" content=\"Evropski komesar Johanes Han posjetio Crnu Goru - Europe House\" \/>\n<meta property=\"og:description\" content=\"Trafostanica Lastva je strate\u0161ka investicija u energetsku mre\u017eu\" \/>\n<meta property=\"og:url\" content=\"https:\/\/www.evropskakuca.me\/me\/3428\/\" \/>\n<meta property=\"og:site_name\" content=\"Europe House\" \/>\n<meta property=\"article:publisher\" content=\"https:\/\/www.facebook.com\/evropska.kuca\" \/>\n<meta property=\"article:published_time\" content=\"2017-06-09T11:06:35+00:00\" \/>\n<meta property=\"og:image\" content=\"https:\/\/www.evropskakuca.me\/wp-content\/uploads\/2017\/06\/han-1.jpg\" \/>\n\t<meta property=\"og:image:width\" content=\"1173\" \/>\n\t<meta property=\"og:image:height\" content=\"782\" \/>\n\t<meta property=\"og:image:type\" content=\"image\/jpeg\" \/>\n<meta name=\"author\" content=\"mkajic\" \/>\n<meta name=\"twitter:card\" content=\"summary_large_image\" \/>\n<meta name=\"twitter:creator\" content=\"@evropska_kuca\" \/>\n<meta name=\"twitter:site\" content=\"@evropska_kuca\" \/>\n<meta name=\"twitter:label1\" content=\"Written by\" \/>\n\t<meta name=\"twitter:data1\" content=\"mkajic\" \/>\n\t<meta name=\"twitter:label2\" content=\"Est. reading time\" \/>\n\t<meta name=\"twitter:data2\" content=\"1 minute\" \/>\n<script type=\"application\/ld+json\" class=\"yoast-schema-graph\">{\"@context\":\"https:\\\/\\\/schema.org\",\"@graph\":[{\"@type\":\"Article\",\"@id\":\"https:\\\/\\\/www.evropskakuca.me\\\/me\\\/3428\\\/#article\",\"isPartOf\":{\"@id\":\"https:\\\/\\\/www.evropskakuca.me\\\/me\\\/3428\\\/\"},\"author\":{\"name\":\"mkajic\",\"@id\":\"https:\\\/\\\/www.evropskakuca.me\\\/me\\\/#\\\/schema\\\/person\\\/a1d0dcdaefe4a1cd1d60d200ea137ba4\"},\"headline\":\"Evropski komesar Johanes Han posjetio Crnu Goru\",\"datePublished\":\"2017-06-09T11:06:35+00:00\",\"mainEntityOfPage\":{\"@id\":\"https:\\\/\\\/www.evropskakuca.me\\\/me\\\/3428\\\/\"},\"wordCount\":302,\"commentCount\":0,\"publisher\":{\"@id\":\"https:\\\/\\\/www.evropskakuca.me\\\/me\\\/#organization\"},\"image\":{\"@id\":\"https:\\\/\\\/www.evropskakuca.me\\\/me\\\/3428\\\/#primaryimage\"},\"thumbnailUrl\":\"https:\\\/\\\/www.evropskakuca.me\\\/wp-content\\\/uploads\\\/2017\\\/06\\\/han-1.jpg\",\"inLanguage\":\"me-ME\",\"potentialAction\":[{\"@type\":\"CommentAction\",\"name\":\"Comment\",\"target\":[\"https:\\\/\\\/www.evropskakuca.me\\\/me\\\/3428\\\/#respond\"]}]},{\"@type\":\"WebPage\",\"@id\":\"https:\\\/\\\/www.evropskakuca.me\\\/me\\\/3428\\\/\",\"url\":\"https:\\\/\\\/www.evropskakuca.me\\\/me\\\/3428\\\/\",\"name\":\"Evropski komesar Johanes Han posjetio Crnu Goru - Europe House\",\"isPartOf\":{\"@id\":\"https:\\\/\\\/www.evropskakuca.me\\\/me\\\/#website\"},\"primaryImageOfPage\":{\"@id\":\"https:\\\/\\\/www.evropskakuca.me\\\/me\\\/3428\\\/#primaryimage\"},\"image\":{\"@id\":\"https:\\\/\\\/www.evropskakuca.me\\\/me\\\/3428\\\/#primaryimage\"},\"thumbnailUrl\":\"https:\\\/\\\/www.evropskakuca.me\\\/wp-content\\\/uploads\\\/2017\\\/06\\\/han-1.jpg\",\"datePublished\":\"2017-06-09T11:06:35+00:00\",\"breadcrumb\":{\"@id\":\"https:\\\/\\\/www.evropskakuca.me\\\/me\\\/3428\\\/#breadcrumb\"},\"inLanguage\":\"me-ME\",\"potentialAction\":[{\"@type\":\"ReadAction\",\"target\":[\"https:\\\/\\\/www.evropskakuca.me\\\/me\\\/3428\\\/\"]}]},{\"@type\":\"ImageObject\",\"inLanguage\":\"me-ME\",\"@id\":\"https:\\\/\\\/www.evropskakuca.me\\\/me\\\/3428\\\/#primaryimage\",\"url\":\"https:\\\/\\\/www.evropskakuca.me\\\/wp-content\\\/uploads\\\/2017\\\/06\\\/han-1.jpg\",\"contentUrl\":\"https:\\\/\\\/www.evropskakuca.me\\\/wp-content\\\/uploads\\\/2017\\\/06\\\/han-1.jpg\",\"width\":1173,\"height\":782},{\"@type\":\"BreadcrumbList\",\"@id\":\"https:\\\/\\\/www.evropskakuca.me\\\/me\\\/3428\\\/#breadcrumb\",\"itemListElement\":[{\"@type\":\"ListItem\",\"position\":1,\"name\":\"Home\",\"item\":\"https:\\\/\\\/www.evropskakuca.me\\\/me\\\/\"},{\"@type\":\"ListItem\",\"position\":2,\"name\":\"Evropski komesar Johanes Han posjetio Crnu Goru\"}]},{\"@type\":\"WebSite\",\"@id\":\"https:\\\/\\\/www.evropskakuca.me\\\/me\\\/#website\",\"url\":\"https:\\\/\\\/www.evropskakuca.me\\\/me\\\/\",\"name\":\"Evropean house\",\"description\":\"\",\"publisher\":{\"@id\":\"https:\\\/\\\/www.evropskakuca.me\\\/me\\\/#organization\"},\"potentialAction\":[{\"@type\":\"SearchAction\",\"target\":{\"@type\":\"EntryPoint\",\"urlTemplate\":\"https:\\\/\\\/www.evropskakuca.me\\\/me\\\/?s={search_term_string}\"},\"query-input\":{\"@type\":\"PropertyValueSpecification\",\"valueRequired\":true,\"valueName\":\"search_term_string\"}}],\"inLanguage\":\"me-ME\"},{\"@type\":\"Organization\",\"@id\":\"https:\\\/\\\/www.evropskakuca.me\\\/me\\\/#organization\",\"name\":\"Evropean house\",\"url\":\"https:\\\/\\\/www.evropskakuca.me\\\/me\\\/\",\"logo\":{\"@type\":\"ImageObject\",\"inLanguage\":\"me-ME\",\"@id\":\"https:\\\/\\\/www.evropskakuca.me\\\/me\\\/#\\\/schema\\\/logo\\\/image\\\/\",\"url\":\"https:\\\/\\\/www.evropskakuca.me\\\/wp-content\\\/uploads\\\/2025\\\/01\\\/evropska-kuca-logo-1.png\",\"contentUrl\":\"https:\\\/\\\/www.evropskakuca.me\\\/wp-content\\\/uploads\\\/2025\\\/01\\\/evropska-kuca-logo-1.png\",\"width\":425,\"height\":312,\"caption\":\"Evropean house\"},\"image\":{\"@id\":\"https:\\\/\\\/www.evropskakuca.me\\\/me\\\/#\\\/schema\\\/logo\\\/image\\\/\"},\"sameAs\":[\"https:\\\/\\\/www.facebook.com\\\/evropska.kuca\",\"https:\\\/\\\/x.com\\\/evropska_kuca\",\"https:\\\/\\\/www.instagram.com\\\/evropska_kuca\"]},{\"@type\":\"Person\",\"@id\":\"https:\\\/\\\/www.evropskakuca.me\\\/me\\\/#\\\/schema\\\/person\\\/a1d0dcdaefe4a1cd1d60d200ea137ba4\",\"name\":\"mkajic\",\"image\":{\"@type\":\"ImageObject\",\"inLanguage\":\"me-ME\",\"@id\":\"https:\\\/\\\/secure.gravatar.com\\\/avatar\\\/731fa035cefab7316e6bafd1f25a93fb731a07de14e2d9923f8db4422628eabc?s=96&d=mm&r=g\",\"url\":\"https:\\\/\\\/secure.gravatar.com\\\/avatar\\\/731fa035cefab7316e6bafd1f25a93fb731a07de14e2d9923f8db4422628eabc?s=96&d=mm&r=g\",\"contentUrl\":\"https:\\\/\\\/secure.gravatar.com\\\/avatar\\\/731fa035cefab7316e6bafd1f25a93fb731a07de14e2d9923f8db4422628eabc?s=96&d=mm&r=g\",\"caption\":\"mkajic\"},\"sameAs\":[\"https:\\\/\\\/evropskakuca.me\"],\"url\":\"https:\\\/\\\/www.evropskakuca.me\\\/me\\\/author\\\/mkajic\\\/\"}]}<\/script>\n<!-- \/ Yoast SEO plugin. -->","yoast_head_json":{"title":"Evropski komesar Johanes Han posjetio Crnu Goru - Europe House","robots":{"index":"index","follow":"follow","max-snippet":"max-snippet:-1","max-image-preview":"max-image-preview:large","max-video-preview":"max-video-preview:-1"},"canonical":"https:\/\/www.evropskakuca.me\/me\/3428\/","og_locale":"en_US","og_type":"article","og_title":"Evropski komesar Johanes Han posjetio Crnu Goru - Europe House","og_description":"Trafostanica Lastva je strate\u0161ka investicija u energetsku mre\u017eu","og_url":"https:\/\/www.evropskakuca.me\/me\/3428\/","og_site_name":"Europe House","article_publisher":"https:\/\/www.facebook.com\/evropska.kuca","article_published_time":"2017-06-09T11:06:35+00:00","og_image":[{"width":1173,"height":782,"url":"https:\/\/www.evropskakuca.me\/wp-content\/uploads\/2017\/06\/han-1.jpg","type":"image\/jpeg"}],"author":"mkajic","twitter_card":"summary_large_image","twitter_creator":"@evropska_kuca","twitter_site":"@evropska_kuca","twitter_misc":{"Written by":"mkajic","Est. reading time":"1 minute"},"schema":{"@context":"https:\/\/schema.org","@graph":[{"@type":"Article","@id":"https:\/\/www.evropskakuca.me\/me\/3428\/#article","isPartOf":{"@id":"https:\/\/www.evropskakuca.me\/me\/3428\/"},"author":{"name":"mkajic","@id":"https:\/\/www.evropskakuca.me\/me\/#\/schema\/person\/a1d0dcdaefe4a1cd1d60d200ea137ba4"},"headline":"Evropski komesar Johanes Han posjetio Crnu Goru","datePublished":"2017-06-09T11:06:35+00:00","mainEntityOfPage":{"@id":"https:\/\/www.evropskakuca.me\/me\/3428\/"},"wordCount":302,"commentCount":0,"publisher":{"@id":"https:\/\/www.evropskakuca.me\/me\/#organization"},"image":{"@id":"https:\/\/www.evropskakuca.me\/me\/3428\/#primaryimage"},"thumbnailUrl":"https:\/\/www.evropskakuca.me\/wp-content\/uploads\/2017\/06\/han-1.jpg","inLanguage":"me-ME","potentialAction":[{"@type":"CommentAction","name":"Comment","target":["https:\/\/www.evropskakuca.me\/me\/3428\/#respond"]}]},{"@type":"WebPage","@id":"https:\/\/www.evropskakuca.me\/me\/3428\/","url":"https:\/\/www.evropskakuca.me\/me\/3428\/","name":"Evropski komesar Johanes Han posjetio Crnu Goru - Europe House","isPartOf":{"@id":"https:\/\/www.evropskakuca.me\/me\/#website"},"primaryImageOfPage":{"@id":"https:\/\/www.evropskakuca.me\/me\/3428\/#primaryimage"},"image":{"@id":"https:\/\/www.evropskakuca.me\/me\/3428\/#primaryimage"},"thumbnailUrl":"https:\/\/www.evropskakuca.me\/wp-content\/uploads\/2017\/06\/han-1.jpg","datePublished":"2017-06-09T11:06:35+00:00","breadcrumb":{"@id":"https:\/\/www.evropskakuca.me\/me\/3428\/#breadcrumb"},"inLanguage":"me-ME","potentialAction":[{"@type":"ReadAction","target":["https:\/\/www.evropskakuca.me\/me\/3428\/"]}]},{"@type":"ImageObject","inLanguage":"me-ME","@id":"https:\/\/www.evropskakuca.me\/me\/3428\/#primaryimage","url":"https:\/\/www.evropskakuca.me\/wp-content\/uploads\/2017\/06\/han-1.jpg","contentUrl":"https:\/\/www.evropskakuca.me\/wp-content\/uploads\/2017\/06\/han-1.jpg","width":1173,"height":782},{"@type":"BreadcrumbList","@id":"https:\/\/www.evropskakuca.me\/me\/3428\/#breadcrumb","itemListElement":[{"@type":"ListItem","position":1,"name":"Home","item":"https:\/\/www.evropskakuca.me\/me\/"},{"@type":"ListItem","position":2,"name":"Evropski komesar Johanes Han posjetio Crnu Goru"}]},{"@type":"WebSite","@id":"https:\/\/www.evropskakuca.me\/me\/#website","url":"https:\/\/www.evropskakuca.me\/me\/","name":"Evropean house","description":"","publisher":{"@id":"https:\/\/www.evropskakuca.me\/me\/#organization"},"potentialAction":[{"@type":"SearchAction","target":{"@type":"EntryPoint","urlTemplate":"https:\/\/www.evropskakuca.me\/me\/?s={search_term_string}"},"query-input":{"@type":"PropertyValueSpecification","valueRequired":true,"valueName":"search_term_string"}}],"inLanguage":"me-ME"},{"@type":"Organization","@id":"https:\/\/www.evropskakuca.me\/me\/#organization","name":"Evropean house","url":"https:\/\/www.evropskakuca.me\/me\/","logo":{"@type":"ImageObject","inLanguage":"me-ME","@id":"https:\/\/www.evropskakuca.me\/me\/#\/schema\/logo\/image\/","url":"https:\/\/www.evropskakuca.me\/wp-content\/uploads\/2025\/01\/evropska-kuca-logo-1.png","contentUrl":"https:\/\/www.evropskakuca.me\/wp-content\/uploads\/2025\/01\/evropska-kuca-logo-1.png","width":425,"height":312,"caption":"Evropean house"},"image":{"@id":"https:\/\/www.evropskakuca.me\/me\/#\/schema\/logo\/image\/"},"sameAs":["https:\/\/www.facebook.com\/evropska.kuca","https:\/\/x.com\/evropska_kuca","https:\/\/www.instagram.com\/evropska_kuca"]},{"@type":"Person","@id":"https:\/\/www.evropskakuca.me\/me\/#\/schema\/person\/a1d0dcdaefe4a1cd1d60d200ea137ba4","name":"mkajic","image":{"@type":"ImageObject","inLanguage":"me-ME","@id":"https:\/\/secure.gravatar.com\/avatar\/731fa035cefab7316e6bafd1f25a93fb731a07de14e2d9923f8db4422628eabc?s=96&d=mm&r=g","url":"https:\/\/secure.gravatar.com\/avatar\/731fa035cefab7316e6bafd1f25a93fb731a07de14e2d9923f8db4422628eabc?s=96&d=mm&r=g","contentUrl":"https:\/\/secure.gravatar.com\/avatar\/731fa035cefab7316e6bafd1f25a93fb731a07de14e2d9923f8db4422628eabc?s=96&d=mm&r=g","caption":"mkajic"},"sameAs":["https:\/\/evropskakuca.me"],"url":"https:\/\/www.evropskakuca.me\/me\/author\/mkajic\/"}]}},"_links":{"self":[{"href":"https:\/\/www.evropskakuca.me\/me\/wp-json\/wp\/v2\/posts\/3428","targetHints":{"allow":["GET"]}}],"collection":[{"href":"https:\/\/www.evropskakuca.me\/me\/wp-json\/wp\/v2\/posts"}],"about":[{"href":"https:\/\/www.evropskakuca.me\/me\/wp-json\/wp\/v2\/types\/post"}],"author":[{"embeddable":true,"href":"https:\/\/www.evropskakuca.me\/me\/wp-json\/wp\/v2\/users\/1"}],"replies":[{"embeddable":true,"href":"https:\/\/www.evropskakuca.me\/me\/wp-json\/wp\/v2\/comments?post=3428"}],"version-history":[{"count":0,"href":"https:\/\/www.evropskakuca.me\/me\/wp-json\/wp\/v2\/posts\/3428\/revisions"}],"wp:featuredmedia":[{"embeddable":true,"href":"https:\/\/www.evropskakuca.me\/me\/wp-json\/wp\/v2\/media\/32720"}],"wp:attachment":[{"href":"https:\/\/www.evropskakuca.me\/me\/wp-json\/wp\/v2\/media?parent=3428"}],"wp:term":[{"taxonomy":"category","embeddable":true,"href":"https:\/\/www.evropskakuca.me\/me\/wp-json\/wp\/v2\/categories?post=3428"},{"taxonomy":"post_tag","embeddable":true,"href":"https:\/\/www.evropskakuca.me\/me\/wp-json\/wp\/v2\/tags?post=3428"}],"curies":[{"name":"wp","href":"https:\/\/api.w.org\/{rel}","templated":true}]}}