{"id":3390,"date":"2017-05-29T11:43:14","date_gmt":"2017-05-29T11:43:14","guid":{"rendered":"http:\/\/www.evropskakuca.me\/me\/?p=3390"},"modified":"2025-01-21T12:31:05","modified_gmt":"2025-01-21T12:31:05","slug":"esej-jakse-vukovica-osvojio-putovanje-u-brisel","status":"publish","type":"post","link":"https:\/\/www.evropskakuca.me\/me\/esej-jakse-vukovica-osvojio-putovanje-u-brisel\/","title":{"rendered":"Uru\u010dene nagrade za najbolji esej na temu \u201eCrna Gora i EU 60 godina od danas\u201d"},"content":{"rendered":"<p>PODGORICA, 29. maj 2017. \u2013 Student Pravnog fakulteta Univerziteta Crne Gore Jak\u0161a Vukovi\u0107 putova\u0107e u Brisel kao pobjednik konkursa za najbolji esej na temu \u201eCG i EU 60 godina od danas\u201d. Nagrade najboljima uru\u010dene su danas u EU Info centru koji je i organizator nagradnog puta.<\/p>\n<p>Drugu nagradu osvojio je Nikola Martinovi\u0107, student Ekonomskog fakulteta Univerziteta Crne Gore, a tre\u0107u njegova koleginica Ivana To\u0161kovi\u0107. Oni su nagra\u0111eni tablet ure\u0111ajem.<\/p>\n<p><img fetchpriority=\"high\" decoding=\"async\" class=\"alignnone wp-image-3399 size-large\" src=\"http:\/\/www.evropskakuca.me\/wp-content\/uploads\/2017\/05\/image7-1024x684.jpg\" alt=\"image7\" width=\"1024\" height=\"684\" \/><\/p>\n<p>&nbsp;<\/p>\n<p>Nagrade su uru\u010dili predstavnik Delegacije Evropske unije u Crnoj Gori Patrik \u0160melcer, ambasador Republike Bugarske u Crnoj Gori, Mladen \u010cervenjakov i Mom\u010dilo Radulovi\u0107, predsjednik Evropskog pokreta u Crnoj Gori.<\/p>\n<p>Konkurs je sproveo Evropski pokret u Crnoj Gori u okviru obilje\u017eavanja <em>Mjeseca Evrope<\/em>. Studenti svih crnogorskih fakulteta mogli su slati svoje radove do 10. maja 2017.<\/p>\n<p><img decoding=\"async\" class=\"wp-image-3397 size-medium alignleft\" src=\"http:\/\/www.evropskakuca.me\/wp-content\/uploads\/2017\/05\/image2-300x200.jpg\" alt=\"image2\" width=\"300\" height=\"200\" \/><\/p>\n<p>Nakon uru\u010denja nagrada odr\u017eana je panel diskusija na temu \u201eBudu\u0107i odnosi Crne Gore i EU\u201d tokom koje su studenti imali priliku da dobiju odgovore na pitanja kao \u0161to su: kada bi se Crna Gora mogla pridru\u017eiti EU i da li \u0107e EU \u010dekati na ostale zemlje kandidate da ispune uslove prijema kako bi se pro\u0161irenje desilo \u201eu paketu\u201c, ali i na konkretna pitanja koja su se odnosila na ispunjenost evropskih kriterijuma u pojedinim segmentima dru\u0161tva, poput ekologije i za\u0161tite \u017eivotne sredine.<\/p>\n","protected":false},"excerpt":{"rendered":"<p>Esej Jak\u0161e Vukovi\u0107a osvojio putovanje u Brisel<\/p>\n","protected":false},"author":1,"featured_media":32626,"comment_status":"closed","ping_status":"closed","sticky":false,"template":"","format":"standard","meta":{"_acf_changed":false,"footnotes":""},"categories":[285,283],"tags":[],"class_list":["post-3390","post","type-post","status-publish","format-standard","has-post-thumbnail","hentry","category-kampanje-i-eventi","category-novosti-me"],"acf":[],"yoast_head":"<!-- This site is optimized with the Yoast SEO plugin v27.3 - https:\/\/yoast.com\/product\/yoast-seo-wordpress\/ -->\n<title>Uru\u010dene nagrade za najbolji esej na temu \u201eCrna Gora i EU 60 godina od danas\u201d - Europe House<\/title>\n<meta name=\"robots\" content=\"index, follow, max-snippet:-1, max-image-preview:large, max-video-preview:-1\" \/>\n<link rel=\"canonical\" href=\"https:\/\/www.evropskakuca.me\/me\/esej-jakse-vukovica-osvojio-putovanje-u-brisel\/\" \/>\n<meta property=\"og:locale\" content=\"en_US\" \/>\n<meta property=\"og:type\" content=\"article\" \/>\n<meta property=\"og:title\" content=\"Uru\u010dene nagrade za najbolji esej na temu \u201eCrna Gora i EU 60 godina od danas\u201d - Europe House\" \/>\n<meta property=\"og:description\" content=\"Esej Jak\u0161e Vukovi\u0107a osvojio putovanje u Brisel\" \/>\n<meta property=\"og:url\" content=\"https:\/\/www.evropskakuca.me\/me\/esej-jakse-vukovica-osvojio-putovanje-u-brisel\/\" \/>\n<meta property=\"og:site_name\" content=\"Europe House\" \/>\n<meta property=\"article:publisher\" content=\"https:\/\/www.facebook.com\/evropska.kuca\" \/>\n<meta property=\"article:published_time\" content=\"2017-05-29T11:43:14+00:00\" \/>\n<meta property=\"article:modified_time\" content=\"2025-01-21T12:31:05+00:00\" \/>\n<meta property=\"og:image\" content=\"https:\/\/www.evropskakuca.me\/wp-content\/uploads\/2017\/05\/esej-nagrada.jpg\" \/>\n\t<meta property=\"og:image:width\" content=\"1550\" \/>\n\t<meta property=\"og:image:height\" content=\"1019\" \/>\n\t<meta property=\"og:image:type\" content=\"image\/jpeg\" \/>\n<meta name=\"author\" content=\"mkajic\" \/>\n<meta name=\"twitter:card\" content=\"summary_large_image\" \/>\n<meta name=\"twitter:creator\" content=\"@evropska_kuca\" \/>\n<meta name=\"twitter:site\" content=\"@evropska_kuca\" \/>\n<meta name=\"twitter:label1\" content=\"Written by\" \/>\n\t<meta name=\"twitter:data1\" content=\"mkajic\" \/>\n\t<meta name=\"twitter:label2\" content=\"Est. reading time\" \/>\n\t<meta name=\"twitter:data2\" content=\"2 minutes\" \/>\n<script type=\"application\/ld+json\" class=\"yoast-schema-graph\">{\"@context\":\"https:\\\/\\\/schema.org\",\"@graph\":[{\"@type\":\"Article\",\"@id\":\"https:\\\/\\\/www.evropskakuca.me\\\/me\\\/esej-jakse-vukovica-osvojio-putovanje-u-brisel\\\/#article\",\"isPartOf\":{\"@id\":\"https:\\\/\\\/www.evropskakuca.me\\\/me\\\/esej-jakse-vukovica-osvojio-putovanje-u-brisel\\\/\"},\"author\":{\"name\":\"mkajic\",\"@id\":\"https:\\\/\\\/www.evropskakuca.me\\\/me\\\/#\\\/schema\\\/person\\\/a1d0dcdaefe4a1cd1d60d200ea137ba4\"},\"headline\":\"Uru\u010dene nagrade za najbolji esej na temu \u201eCrna Gora i EU 60 godina od danas\u201d\",\"datePublished\":\"2017-05-29T11:43:14+00:00\",\"dateModified\":\"2025-01-21T12:31:05+00:00\",\"mainEntityOfPage\":{\"@id\":\"https:\\\/\\\/www.evropskakuca.me\\\/me\\\/esej-jakse-vukovica-osvojio-putovanje-u-brisel\\\/\"},\"wordCount\":232,\"publisher\":{\"@id\":\"https:\\\/\\\/www.evropskakuca.me\\\/me\\\/#organization\"},\"image\":{\"@id\":\"https:\\\/\\\/www.evropskakuca.me\\\/me\\\/esej-jakse-vukovica-osvojio-putovanje-u-brisel\\\/#primaryimage\"},\"thumbnailUrl\":\"https:\\\/\\\/www.evropskakuca.me\\\/wp-content\\\/uploads\\\/2017\\\/05\\\/esej-nagrada.jpg\",\"articleSection\":[\"Kampanje i eventi\",\"Novosti\"],\"inLanguage\":\"me-ME\"},{\"@type\":\"WebPage\",\"@id\":\"https:\\\/\\\/www.evropskakuca.me\\\/me\\\/esej-jakse-vukovica-osvojio-putovanje-u-brisel\\\/\",\"url\":\"https:\\\/\\\/www.evropskakuca.me\\\/me\\\/esej-jakse-vukovica-osvojio-putovanje-u-brisel\\\/\",\"name\":\"Uru\u010dene nagrade za najbolji esej na temu \u201eCrna Gora i EU 60 godina od danas\u201d - Europe House\",\"isPartOf\":{\"@id\":\"https:\\\/\\\/www.evropskakuca.me\\\/me\\\/#website\"},\"primaryImageOfPage\":{\"@id\":\"https:\\\/\\\/www.evropskakuca.me\\\/me\\\/esej-jakse-vukovica-osvojio-putovanje-u-brisel\\\/#primaryimage\"},\"image\":{\"@id\":\"https:\\\/\\\/www.evropskakuca.me\\\/me\\\/esej-jakse-vukovica-osvojio-putovanje-u-brisel\\\/#primaryimage\"},\"thumbnailUrl\":\"https:\\\/\\\/www.evropskakuca.me\\\/wp-content\\\/uploads\\\/2017\\\/05\\\/esej-nagrada.jpg\",\"datePublished\":\"2017-05-29T11:43:14+00:00\",\"dateModified\":\"2025-01-21T12:31:05+00:00\",\"breadcrumb\":{\"@id\":\"https:\\\/\\\/www.evropskakuca.me\\\/me\\\/esej-jakse-vukovica-osvojio-putovanje-u-brisel\\\/#breadcrumb\"},\"inLanguage\":\"me-ME\",\"potentialAction\":[{\"@type\":\"ReadAction\",\"target\":[\"https:\\\/\\\/www.evropskakuca.me\\\/me\\\/esej-jakse-vukovica-osvojio-putovanje-u-brisel\\\/\"]}]},{\"@type\":\"ImageObject\",\"inLanguage\":\"me-ME\",\"@id\":\"https:\\\/\\\/www.evropskakuca.me\\\/me\\\/esej-jakse-vukovica-osvojio-putovanje-u-brisel\\\/#primaryimage\",\"url\":\"https:\\\/\\\/www.evropskakuca.me\\\/wp-content\\\/uploads\\\/2017\\\/05\\\/esej-nagrada.jpg\",\"contentUrl\":\"https:\\\/\\\/www.evropskakuca.me\\\/wp-content\\\/uploads\\\/2017\\\/05\\\/esej-nagrada.jpg\",\"width\":1550,\"height\":1019},{\"@type\":\"BreadcrumbList\",\"@id\":\"https:\\\/\\\/www.evropskakuca.me\\\/me\\\/esej-jakse-vukovica-osvojio-putovanje-u-brisel\\\/#breadcrumb\",\"itemListElement\":[{\"@type\":\"ListItem\",\"position\":1,\"name\":\"Home\",\"item\":\"https:\\\/\\\/www.evropskakuca.me\\\/me\\\/\"},{\"@type\":\"ListItem\",\"position\":2,\"name\":\"Uru\u010dene nagrade za najbolji esej na temu \u201eCrna Gora i EU 60 godina od danas\u201d\"}]},{\"@type\":\"WebSite\",\"@id\":\"https:\\\/\\\/www.evropskakuca.me\\\/me\\\/#website\",\"url\":\"https:\\\/\\\/www.evropskakuca.me\\\/me\\\/\",\"name\":\"Evropean house\",\"description\":\"\",\"publisher\":{\"@id\":\"https:\\\/\\\/www.evropskakuca.me\\\/me\\\/#organization\"},\"potentialAction\":[{\"@type\":\"SearchAction\",\"target\":{\"@type\":\"EntryPoint\",\"urlTemplate\":\"https:\\\/\\\/www.evropskakuca.me\\\/me\\\/?s={search_term_string}\"},\"query-input\":{\"@type\":\"PropertyValueSpecification\",\"valueRequired\":true,\"valueName\":\"search_term_string\"}}],\"inLanguage\":\"me-ME\"},{\"@type\":\"Organization\",\"@id\":\"https:\\\/\\\/www.evropskakuca.me\\\/me\\\/#organization\",\"name\":\"Evropean house\",\"url\":\"https:\\\/\\\/www.evropskakuca.me\\\/me\\\/\",\"logo\":{\"@type\":\"ImageObject\",\"inLanguage\":\"me-ME\",\"@id\":\"https:\\\/\\\/www.evropskakuca.me\\\/me\\\/#\\\/schema\\\/logo\\\/image\\\/\",\"url\":\"https:\\\/\\\/www.evropskakuca.me\\\/wp-content\\\/uploads\\\/2025\\\/01\\\/evropska-kuca-logo-1.png\",\"contentUrl\":\"https:\\\/\\\/www.evropskakuca.me\\\/wp-content\\\/uploads\\\/2025\\\/01\\\/evropska-kuca-logo-1.png\",\"width\":425,\"height\":312,\"caption\":\"Evropean house\"},\"image\":{\"@id\":\"https:\\\/\\\/www.evropskakuca.me\\\/me\\\/#\\\/schema\\\/logo\\\/image\\\/\"},\"sameAs\":[\"https:\\\/\\\/www.facebook.com\\\/evropska.kuca\",\"https:\\\/\\\/x.com\\\/evropska_kuca\",\"https:\\\/\\\/www.instagram.com\\\/evropska_kuca\"]},{\"@type\":\"Person\",\"@id\":\"https:\\\/\\\/www.evropskakuca.me\\\/me\\\/#\\\/schema\\\/person\\\/a1d0dcdaefe4a1cd1d60d200ea137ba4\",\"name\":\"mkajic\",\"image\":{\"@type\":\"ImageObject\",\"inLanguage\":\"me-ME\",\"@id\":\"https:\\\/\\\/secure.gravatar.com\\\/avatar\\\/731fa035cefab7316e6bafd1f25a93fb731a07de14e2d9923f8db4422628eabc?s=96&d=mm&r=g\",\"url\":\"https:\\\/\\\/secure.gravatar.com\\\/avatar\\\/731fa035cefab7316e6bafd1f25a93fb731a07de14e2d9923f8db4422628eabc?s=96&d=mm&r=g\",\"contentUrl\":\"https:\\\/\\\/secure.gravatar.com\\\/avatar\\\/731fa035cefab7316e6bafd1f25a93fb731a07de14e2d9923f8db4422628eabc?s=96&d=mm&r=g\",\"caption\":\"mkajic\"},\"sameAs\":[\"https:\\\/\\\/evropskakuca.me\"],\"url\":\"https:\\\/\\\/www.evropskakuca.me\\\/me\\\/author\\\/mkajic\\\/\"}]}<\/script>\n<!-- \/ Yoast SEO plugin. -->","yoast_head_json":{"title":"Uru\u010dene nagrade za najbolji esej na temu \u201eCrna Gora i EU 60 godina od danas\u201d - Europe House","robots":{"index":"index","follow":"follow","max-snippet":"max-snippet:-1","max-image-preview":"max-image-preview:large","max-video-preview":"max-video-preview:-1"},"canonical":"https:\/\/www.evropskakuca.me\/me\/esej-jakse-vukovica-osvojio-putovanje-u-brisel\/","og_locale":"en_US","og_type":"article","og_title":"Uru\u010dene nagrade za najbolji esej na temu \u201eCrna Gora i EU 60 godina od danas\u201d - Europe House","og_description":"Esej Jak\u0161e Vukovi\u0107a osvojio putovanje u Brisel","og_url":"https:\/\/www.evropskakuca.me\/me\/esej-jakse-vukovica-osvojio-putovanje-u-brisel\/","og_site_name":"Europe House","article_publisher":"https:\/\/www.facebook.com\/evropska.kuca","article_published_time":"2017-05-29T11:43:14+00:00","article_modified_time":"2025-01-21T12:31:05+00:00","og_image":[{"width":1550,"height":1019,"url":"https:\/\/www.evropskakuca.me\/wp-content\/uploads\/2017\/05\/esej-nagrada.jpg","type":"image\/jpeg"}],"author":"mkajic","twitter_card":"summary_large_image","twitter_creator":"@evropska_kuca","twitter_site":"@evropska_kuca","twitter_misc":{"Written by":"mkajic","Est. reading time":"2 minutes"},"schema":{"@context":"https:\/\/schema.org","@graph":[{"@type":"Article","@id":"https:\/\/www.evropskakuca.me\/me\/esej-jakse-vukovica-osvojio-putovanje-u-brisel\/#article","isPartOf":{"@id":"https:\/\/www.evropskakuca.me\/me\/esej-jakse-vukovica-osvojio-putovanje-u-brisel\/"},"author":{"name":"mkajic","@id":"https:\/\/www.evropskakuca.me\/me\/#\/schema\/person\/a1d0dcdaefe4a1cd1d60d200ea137ba4"},"headline":"Uru\u010dene nagrade za najbolji esej na temu \u201eCrna Gora i EU 60 godina od danas\u201d","datePublished":"2017-05-29T11:43:14+00:00","dateModified":"2025-01-21T12:31:05+00:00","mainEntityOfPage":{"@id":"https:\/\/www.evropskakuca.me\/me\/esej-jakse-vukovica-osvojio-putovanje-u-brisel\/"},"wordCount":232,"publisher":{"@id":"https:\/\/www.evropskakuca.me\/me\/#organization"},"image":{"@id":"https:\/\/www.evropskakuca.me\/me\/esej-jakse-vukovica-osvojio-putovanje-u-brisel\/#primaryimage"},"thumbnailUrl":"https:\/\/www.evropskakuca.me\/wp-content\/uploads\/2017\/05\/esej-nagrada.jpg","articleSection":["Kampanje i eventi","Novosti"],"inLanguage":"me-ME"},{"@type":"WebPage","@id":"https:\/\/www.evropskakuca.me\/me\/esej-jakse-vukovica-osvojio-putovanje-u-brisel\/","url":"https:\/\/www.evropskakuca.me\/me\/esej-jakse-vukovica-osvojio-putovanje-u-brisel\/","name":"Uru\u010dene nagrade za najbolji esej na temu \u201eCrna Gora i EU 60 godina od danas\u201d - Europe House","isPartOf":{"@id":"https:\/\/www.evropskakuca.me\/me\/#website"},"primaryImageOfPage":{"@id":"https:\/\/www.evropskakuca.me\/me\/esej-jakse-vukovica-osvojio-putovanje-u-brisel\/#primaryimage"},"image":{"@id":"https:\/\/www.evropskakuca.me\/me\/esej-jakse-vukovica-osvojio-putovanje-u-brisel\/#primaryimage"},"thumbnailUrl":"https:\/\/www.evropskakuca.me\/wp-content\/uploads\/2017\/05\/esej-nagrada.jpg","datePublished":"2017-05-29T11:43:14+00:00","dateModified":"2025-01-21T12:31:05+00:00","breadcrumb":{"@id":"https:\/\/www.evropskakuca.me\/me\/esej-jakse-vukovica-osvojio-putovanje-u-brisel\/#breadcrumb"},"inLanguage":"me-ME","potentialAction":[{"@type":"ReadAction","target":["https:\/\/www.evropskakuca.me\/me\/esej-jakse-vukovica-osvojio-putovanje-u-brisel\/"]}]},{"@type":"ImageObject","inLanguage":"me-ME","@id":"https:\/\/www.evropskakuca.me\/me\/esej-jakse-vukovica-osvojio-putovanje-u-brisel\/#primaryimage","url":"https:\/\/www.evropskakuca.me\/wp-content\/uploads\/2017\/05\/esej-nagrada.jpg","contentUrl":"https:\/\/www.evropskakuca.me\/wp-content\/uploads\/2017\/05\/esej-nagrada.jpg","width":1550,"height":1019},{"@type":"BreadcrumbList","@id":"https:\/\/www.evropskakuca.me\/me\/esej-jakse-vukovica-osvojio-putovanje-u-brisel\/#breadcrumb","itemListElement":[{"@type":"ListItem","position":1,"name":"Home","item":"https:\/\/www.evropskakuca.me\/me\/"},{"@type":"ListItem","position":2,"name":"Uru\u010dene nagrade za najbolji esej na temu \u201eCrna Gora i EU 60 godina od danas\u201d"}]},{"@type":"WebSite","@id":"https:\/\/www.evropskakuca.me\/me\/#website","url":"https:\/\/www.evropskakuca.me\/me\/","name":"Evropean house","description":"","publisher":{"@id":"https:\/\/www.evropskakuca.me\/me\/#organization"},"potentialAction":[{"@type":"SearchAction","target":{"@type":"EntryPoint","urlTemplate":"https:\/\/www.evropskakuca.me\/me\/?s={search_term_string}"},"query-input":{"@type":"PropertyValueSpecification","valueRequired":true,"valueName":"search_term_string"}}],"inLanguage":"me-ME"},{"@type":"Organization","@id":"https:\/\/www.evropskakuca.me\/me\/#organization","name":"Evropean house","url":"https:\/\/www.evropskakuca.me\/me\/","logo":{"@type":"ImageObject","inLanguage":"me-ME","@id":"https:\/\/www.evropskakuca.me\/me\/#\/schema\/logo\/image\/","url":"https:\/\/www.evropskakuca.me\/wp-content\/uploads\/2025\/01\/evropska-kuca-logo-1.png","contentUrl":"https:\/\/www.evropskakuca.me\/wp-content\/uploads\/2025\/01\/evropska-kuca-logo-1.png","width":425,"height":312,"caption":"Evropean house"},"image":{"@id":"https:\/\/www.evropskakuca.me\/me\/#\/schema\/logo\/image\/"},"sameAs":["https:\/\/www.facebook.com\/evropska.kuca","https:\/\/x.com\/evropska_kuca","https:\/\/www.instagram.com\/evropska_kuca"]},{"@type":"Person","@id":"https:\/\/www.evropskakuca.me\/me\/#\/schema\/person\/a1d0dcdaefe4a1cd1d60d200ea137ba4","name":"mkajic","image":{"@type":"ImageObject","inLanguage":"me-ME","@id":"https:\/\/secure.gravatar.com\/avatar\/731fa035cefab7316e6bafd1f25a93fb731a07de14e2d9923f8db4422628eabc?s=96&d=mm&r=g","url":"https:\/\/secure.gravatar.com\/avatar\/731fa035cefab7316e6bafd1f25a93fb731a07de14e2d9923f8db4422628eabc?s=96&d=mm&r=g","contentUrl":"https:\/\/secure.gravatar.com\/avatar\/731fa035cefab7316e6bafd1f25a93fb731a07de14e2d9923f8db4422628eabc?s=96&d=mm&r=g","caption":"mkajic"},"sameAs":["https:\/\/evropskakuca.me"],"url":"https:\/\/www.evropskakuca.me\/me\/author\/mkajic\/"}]}},"_links":{"self":[{"href":"https:\/\/www.evropskakuca.me\/me\/wp-json\/wp\/v2\/posts\/3390","targetHints":{"allow":["GET"]}}],"collection":[{"href":"https:\/\/www.evropskakuca.me\/me\/wp-json\/wp\/v2\/posts"}],"about":[{"href":"https:\/\/www.evropskakuca.me\/me\/wp-json\/wp\/v2\/types\/post"}],"author":[{"embeddable":true,"href":"https:\/\/www.evropskakuca.me\/me\/wp-json\/wp\/v2\/users\/1"}],"replies":[{"embeddable":true,"href":"https:\/\/www.evropskakuca.me\/me\/wp-json\/wp\/v2\/comments?post=3390"}],"version-history":[{"count":1,"href":"https:\/\/www.evropskakuca.me\/me\/wp-json\/wp\/v2\/posts\/3390\/revisions"}],"predecessor-version":[{"id":42508,"href":"https:\/\/www.evropskakuca.me\/me\/wp-json\/wp\/v2\/posts\/3390\/revisions\/42508"}],"wp:featuredmedia":[{"embeddable":true,"href":"https:\/\/www.evropskakuca.me\/me\/wp-json\/wp\/v2\/media\/32626"}],"wp:attachment":[{"href":"https:\/\/www.evropskakuca.me\/me\/wp-json\/wp\/v2\/media?parent=3390"}],"wp:term":[{"taxonomy":"category","embeddable":true,"href":"https:\/\/www.evropskakuca.me\/me\/wp-json\/wp\/v2\/categories?post=3390"},{"taxonomy":"post_tag","embeddable":true,"href":"https:\/\/www.evropskakuca.me\/me\/wp-json\/wp\/v2\/tags?post=3390"}],"curies":[{"name":"wp","href":"https:\/\/api.w.org\/{rel}","templated":true}]}}