{"id":3373,"date":"2017-05-26T13:06:30","date_gmt":"2017-05-26T13:06:30","guid":{"rendered":"http:\/\/www.evropskakuca.me\/me\/?p=3373"},"modified":"2017-05-26T13:06:30","modified_gmt":"2017-05-26T13:06:30","slug":"znas-li-sta-je-social-impact-hub","status":"publish","type":"post","link":"https:\/\/www.evropskakuca.me\/me\/znas-li-sta-je-social-impact-hub\/","title":{"rendered":"Zna\u0161 li \u0161ta je social impact hub?"},"content":{"rendered":"<p>PODGORICA, 26. maj 2017. \u2013 Prema posljednjim podacima Zavoda za zapo\u0161ljavanje Crne Gore oko 17 hiljada mladih, izme\u0111u 15 i 30 godina, je nezaposleno, \u0161to je 1\/3 ukupno prijavljenih. Statistika pokazuje da mladi u Crnoj Gori, nakon formalnog obrazovanja, prvi posao dobiju poslije 21 mjeseca \u010dekanja. Da bi popravio tu statistiku ADP-Zid sprovodi regionalni projekat \u201eRegionalna platforma organizacija civilnog dru\u0161tva za zagovaranje socijalnih inovacija u oblasti zapo\u0161ljavanja mladih koji su u riziku od socijalnog isklju\u010denja\u201c. Dio projekta je i prezentacija \u201eZna\u0161 li \u0161ta je Social impact hub\u201c odr\u017eana u EU Info centru.<\/p>\n<p>\u201e To je u stvari sredi\u0161te kreiranja dru\u0161tvenog impakta, da ga tako nazovem. To je magi\u010dno mjesto , ne zbog zidova , opreme koju nudi, ve\u0107 zbog ljudi koji sjede u njima. To su ljudi koji ne smatraju da ideja mo\u017ee da se ukrade, ve\u0107 da ideja treba da se realizuje, koji vjeruju da, razmi\u0161ljaju\u0107i o zajedni\u010dkom djelovanju, mogu da do\u0111u i donesu promjene,\u201c objasnila je Sanda Rako\u010devi\u0107 iz ADP Zid.<\/p>\n<p>U okviru projekta ADP Zid \u0107e uraditi niz istra\u017eivanja, monitoringa politike zapo\u0161ljavanja mladih i dati preporuke za unapre\u0111enje tih politika. Organizova\u0107e i okljupljanja ljudi koji kreiraju dru\u0161tvene inovacije koji su primjer dobre prakse zapo\u0161ljavanja mladih.<\/p>\n<p>\u201e Formirana je YOUSEE platforma za dru\u0161tvene inovacije u zapo\u0161ljavanju mladih, u partnerstvu sa jo\u0161 6 organizacija civilnog dru\u0161tva iz Srbije, Bosne i Hercegovine, Biv\u0161e Jugoslovenske Republike Makedonije, Kosova*, Albanije i Turske,\u201c rekla je Ksenija Martinovi\u0107 iz ADP-Zid.<\/p>\n<p><img fetchpriority=\"high\" decoding=\"async\" class=\"alignleft wp-image-3376 \" src=\"http:\/\/www.evropskakuca.me\/wp-content\/uploads\/2017\/05\/image7-002-300x200.jpg\" width=\"333\" height=\"223\" \/>Cilj je da se mladi ljudi pripreme i ohrabre za tr\u017ei\u0161te rada, promjene umre\u017eeno mi\u0161ljenje o stalnom zaposlenju i klasi\u010dnom zapo\u0161ljavanju kao i podstaknu na razmi\u0161ljanje o samozapo\u0161ljenju.<\/p>\n<p>&#8220;Socijalna inovacija je i dalje nejasan koncept za mnoge ljude, pa da se podsjetimo kako je EU defini\u0161e:<\/p>\n<p>Dru\u0161tvena inovacija zna\u010di pronala\u017eenje i primjenu inovativne ideje i koncepta koji je dru\u0161tven, kako u svojim sredstvima, tako i u svojim rezultatima. Dakle, mo\u017ee se rec\u0301i da je to nov na\u010din rada i to onoliko koliko je nov i cilj koji se nastoji posti\u0107i, i ima pozitivan dru\u0161tveni uticaj. Tako\u0111e se podrazumijeva da ove inovacije nisu dobre samo za dru\u0161tvo vec\u0301 da unapre\u0111uju i kapacitete pojedinca koji djeluje &#8220;, rekao je Roman Botard, program mena\u0111\u017eer u Delegaciji Evropske unije u Podgorici.<\/p>\n<p>Od 1.juna ADP Zid \u0107e organizovati konkurs za polaznike prvog Social impact huba. Konkurs \u0107e trajati do po\u010detka jula kada \u0107e biti odabrani polaznici.<\/p>\n<p>*<em>Ovaj naziv je bez prejudiciranja stavova o statusu i u skladu je sa Rezolucijom SB UN 1244\/99 i mi\u0161ljenjem Me\u0111unarodnog suda pravde o progla\u0161enju nezavisnosti Kosova.<\/em><\/p>\n","protected":false},"excerpt":{"rendered":"<p>Regionalna platforma organizacija civilnog dru\u0161tva u oblasti zapo\u0161ljavanja mladih<\/p>\n","protected":false},"author":1,"featured_media":32632,"comment_status":"open","ping_status":"open","sticky":false,"template":"","format":"standard","meta":{"_acf_changed":false,"footnotes":""},"categories":[],"tags":[],"class_list":["post-3373","post","type-post","status-publish","format-standard","has-post-thumbnail","hentry"],"acf":[],"yoast_head":"<!-- This site is optimized with the Yoast SEO plugin v27.3 - https:\/\/yoast.com\/product\/yoast-seo-wordpress\/ -->\n<title>Zna\u0161 li \u0161ta je social impact hub? - Europe House<\/title>\n<meta name=\"robots\" content=\"index, follow, max-snippet:-1, max-image-preview:large, max-video-preview:-1\" \/>\n<link rel=\"canonical\" href=\"https:\/\/www.evropskakuca.me\/me\/znas-li-sta-je-social-impact-hub\/\" \/>\n<meta property=\"og:locale\" content=\"en_US\" \/>\n<meta property=\"og:type\" content=\"article\" \/>\n<meta property=\"og:title\" content=\"Zna\u0161 li \u0161ta je social impact hub? - Europe House\" \/>\n<meta property=\"og:description\" content=\"Regionalna platforma organizacija civilnog dru\u0161tva u oblasti zapo\u0161ljavanja mladih\" \/>\n<meta property=\"og:url\" content=\"https:\/\/www.evropskakuca.me\/me\/znas-li-sta-je-social-impact-hub\/\" \/>\n<meta property=\"og:site_name\" content=\"Europe House\" \/>\n<meta property=\"article:publisher\" content=\"https:\/\/www.facebook.com\/evropska.kuca\" \/>\n<meta property=\"article:published_time\" content=\"2017-05-26T13:06:30+00:00\" \/>\n<meta property=\"og:image\" content=\"https:\/\/www.evropskakuca.me\/wp-content\/uploads\/2017\/05\/image5.jpg\" \/>\n\t<meta property=\"og:image:width\" content=\"1616\" \/>\n\t<meta property=\"og:image:height\" content=\"1080\" \/>\n\t<meta property=\"og:image:type\" content=\"image\/jpeg\" \/>\n<meta name=\"author\" content=\"mkajic\" \/>\n<meta name=\"twitter:card\" content=\"summary_large_image\" \/>\n<meta name=\"twitter:creator\" content=\"@evropska_kuca\" \/>\n<meta name=\"twitter:site\" content=\"@evropska_kuca\" \/>\n<meta name=\"twitter:label1\" content=\"Written by\" \/>\n\t<meta name=\"twitter:data1\" content=\"mkajic\" \/>\n\t<meta name=\"twitter:label2\" content=\"Est. reading time\" \/>\n\t<meta name=\"twitter:data2\" content=\"2 minutes\" \/>\n<script type=\"application\/ld+json\" class=\"yoast-schema-graph\">{\"@context\":\"https:\\\/\\\/schema.org\",\"@graph\":[{\"@type\":\"Article\",\"@id\":\"https:\\\/\\\/www.evropskakuca.me\\\/me\\\/znas-li-sta-je-social-impact-hub\\\/#article\",\"isPartOf\":{\"@id\":\"https:\\\/\\\/www.evropskakuca.me\\\/me\\\/znas-li-sta-je-social-impact-hub\\\/\"},\"author\":{\"name\":\"mkajic\",\"@id\":\"https:\\\/\\\/www.evropskakuca.me\\\/me\\\/#\\\/schema\\\/person\\\/a1d0dcdaefe4a1cd1d60d200ea137ba4\"},\"headline\":\"Zna\u0161 li \u0161ta je social impact hub?\",\"datePublished\":\"2017-05-26T13:06:30+00:00\",\"mainEntityOfPage\":{\"@id\":\"https:\\\/\\\/www.evropskakuca.me\\\/me\\\/znas-li-sta-je-social-impact-hub\\\/\"},\"wordCount\":456,\"commentCount\":0,\"publisher\":{\"@id\":\"https:\\\/\\\/www.evropskakuca.me\\\/me\\\/#organization\"},\"image\":{\"@id\":\"https:\\\/\\\/www.evropskakuca.me\\\/me\\\/znas-li-sta-je-social-impact-hub\\\/#primaryimage\"},\"thumbnailUrl\":\"https:\\\/\\\/www.evropskakuca.me\\\/wp-content\\\/uploads\\\/2017\\\/05\\\/image5.jpg\",\"inLanguage\":\"me-ME\",\"potentialAction\":[{\"@type\":\"CommentAction\",\"name\":\"Comment\",\"target\":[\"https:\\\/\\\/www.evropskakuca.me\\\/me\\\/znas-li-sta-je-social-impact-hub\\\/#respond\"]}]},{\"@type\":\"WebPage\",\"@id\":\"https:\\\/\\\/www.evropskakuca.me\\\/me\\\/znas-li-sta-je-social-impact-hub\\\/\",\"url\":\"https:\\\/\\\/www.evropskakuca.me\\\/me\\\/znas-li-sta-je-social-impact-hub\\\/\",\"name\":\"Zna\u0161 li \u0161ta je social impact hub? - Europe House\",\"isPartOf\":{\"@id\":\"https:\\\/\\\/www.evropskakuca.me\\\/me\\\/#website\"},\"primaryImageOfPage\":{\"@id\":\"https:\\\/\\\/www.evropskakuca.me\\\/me\\\/znas-li-sta-je-social-impact-hub\\\/#primaryimage\"},\"image\":{\"@id\":\"https:\\\/\\\/www.evropskakuca.me\\\/me\\\/znas-li-sta-je-social-impact-hub\\\/#primaryimage\"},\"thumbnailUrl\":\"https:\\\/\\\/www.evropskakuca.me\\\/wp-content\\\/uploads\\\/2017\\\/05\\\/image5.jpg\",\"datePublished\":\"2017-05-26T13:06:30+00:00\",\"breadcrumb\":{\"@id\":\"https:\\\/\\\/www.evropskakuca.me\\\/me\\\/znas-li-sta-je-social-impact-hub\\\/#breadcrumb\"},\"inLanguage\":\"me-ME\",\"potentialAction\":[{\"@type\":\"ReadAction\",\"target\":[\"https:\\\/\\\/www.evropskakuca.me\\\/me\\\/znas-li-sta-je-social-impact-hub\\\/\"]}]},{\"@type\":\"ImageObject\",\"inLanguage\":\"me-ME\",\"@id\":\"https:\\\/\\\/www.evropskakuca.me\\\/me\\\/znas-li-sta-je-social-impact-hub\\\/#primaryimage\",\"url\":\"https:\\\/\\\/www.evropskakuca.me\\\/wp-content\\\/uploads\\\/2017\\\/05\\\/image5.jpg\",\"contentUrl\":\"https:\\\/\\\/www.evropskakuca.me\\\/wp-content\\\/uploads\\\/2017\\\/05\\\/image5.jpg\",\"width\":1616,\"height\":1080},{\"@type\":\"BreadcrumbList\",\"@id\":\"https:\\\/\\\/www.evropskakuca.me\\\/me\\\/znas-li-sta-je-social-impact-hub\\\/#breadcrumb\",\"itemListElement\":[{\"@type\":\"ListItem\",\"position\":1,\"name\":\"Home\",\"item\":\"https:\\\/\\\/www.evropskakuca.me\\\/me\\\/\"},{\"@type\":\"ListItem\",\"position\":2,\"name\":\"Zna\u0161 li \u0161ta je social impact hub?\"}]},{\"@type\":\"WebSite\",\"@id\":\"https:\\\/\\\/www.evropskakuca.me\\\/me\\\/#website\",\"url\":\"https:\\\/\\\/www.evropskakuca.me\\\/me\\\/\",\"name\":\"Evropean house\",\"description\":\"\",\"publisher\":{\"@id\":\"https:\\\/\\\/www.evropskakuca.me\\\/me\\\/#organization\"},\"potentialAction\":[{\"@type\":\"SearchAction\",\"target\":{\"@type\":\"EntryPoint\",\"urlTemplate\":\"https:\\\/\\\/www.evropskakuca.me\\\/me\\\/?s={search_term_string}\"},\"query-input\":{\"@type\":\"PropertyValueSpecification\",\"valueRequired\":true,\"valueName\":\"search_term_string\"}}],\"inLanguage\":\"me-ME\"},{\"@type\":\"Organization\",\"@id\":\"https:\\\/\\\/www.evropskakuca.me\\\/me\\\/#organization\",\"name\":\"Evropean house\",\"url\":\"https:\\\/\\\/www.evropskakuca.me\\\/me\\\/\",\"logo\":{\"@type\":\"ImageObject\",\"inLanguage\":\"me-ME\",\"@id\":\"https:\\\/\\\/www.evropskakuca.me\\\/me\\\/#\\\/schema\\\/logo\\\/image\\\/\",\"url\":\"https:\\\/\\\/www.evropskakuca.me\\\/wp-content\\\/uploads\\\/2025\\\/01\\\/evropska-kuca-logo-1.png\",\"contentUrl\":\"https:\\\/\\\/www.evropskakuca.me\\\/wp-content\\\/uploads\\\/2025\\\/01\\\/evropska-kuca-logo-1.png\",\"width\":425,\"height\":312,\"caption\":\"Evropean house\"},\"image\":{\"@id\":\"https:\\\/\\\/www.evropskakuca.me\\\/me\\\/#\\\/schema\\\/logo\\\/image\\\/\"},\"sameAs\":[\"https:\\\/\\\/www.facebook.com\\\/evropska.kuca\",\"https:\\\/\\\/x.com\\\/evropska_kuca\",\"https:\\\/\\\/www.instagram.com\\\/evropska_kuca\"]},{\"@type\":\"Person\",\"@id\":\"https:\\\/\\\/www.evropskakuca.me\\\/me\\\/#\\\/schema\\\/person\\\/a1d0dcdaefe4a1cd1d60d200ea137ba4\",\"name\":\"mkajic\",\"image\":{\"@type\":\"ImageObject\",\"inLanguage\":\"me-ME\",\"@id\":\"https:\\\/\\\/secure.gravatar.com\\\/avatar\\\/731fa035cefab7316e6bafd1f25a93fb731a07de14e2d9923f8db4422628eabc?s=96&d=mm&r=g\",\"url\":\"https:\\\/\\\/secure.gravatar.com\\\/avatar\\\/731fa035cefab7316e6bafd1f25a93fb731a07de14e2d9923f8db4422628eabc?s=96&d=mm&r=g\",\"contentUrl\":\"https:\\\/\\\/secure.gravatar.com\\\/avatar\\\/731fa035cefab7316e6bafd1f25a93fb731a07de14e2d9923f8db4422628eabc?s=96&d=mm&r=g\",\"caption\":\"mkajic\"},\"sameAs\":[\"https:\\\/\\\/evropskakuca.me\"],\"url\":\"https:\\\/\\\/www.evropskakuca.me\\\/me\\\/author\\\/mkajic\\\/\"}]}<\/script>\n<!-- \/ Yoast SEO plugin. -->","yoast_head_json":{"title":"Zna\u0161 li \u0161ta je social impact hub? - Europe House","robots":{"index":"index","follow":"follow","max-snippet":"max-snippet:-1","max-image-preview":"max-image-preview:large","max-video-preview":"max-video-preview:-1"},"canonical":"https:\/\/www.evropskakuca.me\/me\/znas-li-sta-je-social-impact-hub\/","og_locale":"en_US","og_type":"article","og_title":"Zna\u0161 li \u0161ta je social impact hub? - Europe House","og_description":"Regionalna platforma organizacija civilnog dru\u0161tva u oblasti zapo\u0161ljavanja mladih","og_url":"https:\/\/www.evropskakuca.me\/me\/znas-li-sta-je-social-impact-hub\/","og_site_name":"Europe House","article_publisher":"https:\/\/www.facebook.com\/evropska.kuca","article_published_time":"2017-05-26T13:06:30+00:00","og_image":[{"width":1616,"height":1080,"url":"https:\/\/www.evropskakuca.me\/wp-content\/uploads\/2017\/05\/image5.jpg","type":"image\/jpeg"}],"author":"mkajic","twitter_card":"summary_large_image","twitter_creator":"@evropska_kuca","twitter_site":"@evropska_kuca","twitter_misc":{"Written by":"mkajic","Est. reading time":"2 minutes"},"schema":{"@context":"https:\/\/schema.org","@graph":[{"@type":"Article","@id":"https:\/\/www.evropskakuca.me\/me\/znas-li-sta-je-social-impact-hub\/#article","isPartOf":{"@id":"https:\/\/www.evropskakuca.me\/me\/znas-li-sta-je-social-impact-hub\/"},"author":{"name":"mkajic","@id":"https:\/\/www.evropskakuca.me\/me\/#\/schema\/person\/a1d0dcdaefe4a1cd1d60d200ea137ba4"},"headline":"Zna\u0161 li \u0161ta je social impact hub?","datePublished":"2017-05-26T13:06:30+00:00","mainEntityOfPage":{"@id":"https:\/\/www.evropskakuca.me\/me\/znas-li-sta-je-social-impact-hub\/"},"wordCount":456,"commentCount":0,"publisher":{"@id":"https:\/\/www.evropskakuca.me\/me\/#organization"},"image":{"@id":"https:\/\/www.evropskakuca.me\/me\/znas-li-sta-je-social-impact-hub\/#primaryimage"},"thumbnailUrl":"https:\/\/www.evropskakuca.me\/wp-content\/uploads\/2017\/05\/image5.jpg","inLanguage":"me-ME","potentialAction":[{"@type":"CommentAction","name":"Comment","target":["https:\/\/www.evropskakuca.me\/me\/znas-li-sta-je-social-impact-hub\/#respond"]}]},{"@type":"WebPage","@id":"https:\/\/www.evropskakuca.me\/me\/znas-li-sta-je-social-impact-hub\/","url":"https:\/\/www.evropskakuca.me\/me\/znas-li-sta-je-social-impact-hub\/","name":"Zna\u0161 li \u0161ta je social impact hub? - Europe House","isPartOf":{"@id":"https:\/\/www.evropskakuca.me\/me\/#website"},"primaryImageOfPage":{"@id":"https:\/\/www.evropskakuca.me\/me\/znas-li-sta-je-social-impact-hub\/#primaryimage"},"image":{"@id":"https:\/\/www.evropskakuca.me\/me\/znas-li-sta-je-social-impact-hub\/#primaryimage"},"thumbnailUrl":"https:\/\/www.evropskakuca.me\/wp-content\/uploads\/2017\/05\/image5.jpg","datePublished":"2017-05-26T13:06:30+00:00","breadcrumb":{"@id":"https:\/\/www.evropskakuca.me\/me\/znas-li-sta-je-social-impact-hub\/#breadcrumb"},"inLanguage":"me-ME","potentialAction":[{"@type":"ReadAction","target":["https:\/\/www.evropskakuca.me\/me\/znas-li-sta-je-social-impact-hub\/"]}]},{"@type":"ImageObject","inLanguage":"me-ME","@id":"https:\/\/www.evropskakuca.me\/me\/znas-li-sta-je-social-impact-hub\/#primaryimage","url":"https:\/\/www.evropskakuca.me\/wp-content\/uploads\/2017\/05\/image5.jpg","contentUrl":"https:\/\/www.evropskakuca.me\/wp-content\/uploads\/2017\/05\/image5.jpg","width":1616,"height":1080},{"@type":"BreadcrumbList","@id":"https:\/\/www.evropskakuca.me\/me\/znas-li-sta-je-social-impact-hub\/#breadcrumb","itemListElement":[{"@type":"ListItem","position":1,"name":"Home","item":"https:\/\/www.evropskakuca.me\/me\/"},{"@type":"ListItem","position":2,"name":"Zna\u0161 li \u0161ta je social impact hub?"}]},{"@type":"WebSite","@id":"https:\/\/www.evropskakuca.me\/me\/#website","url":"https:\/\/www.evropskakuca.me\/me\/","name":"Evropean house","description":"","publisher":{"@id":"https:\/\/www.evropskakuca.me\/me\/#organization"},"potentialAction":[{"@type":"SearchAction","target":{"@type":"EntryPoint","urlTemplate":"https:\/\/www.evropskakuca.me\/me\/?s={search_term_string}"},"query-input":{"@type":"PropertyValueSpecification","valueRequired":true,"valueName":"search_term_string"}}],"inLanguage":"me-ME"},{"@type":"Organization","@id":"https:\/\/www.evropskakuca.me\/me\/#organization","name":"Evropean house","url":"https:\/\/www.evropskakuca.me\/me\/","logo":{"@type":"ImageObject","inLanguage":"me-ME","@id":"https:\/\/www.evropskakuca.me\/me\/#\/schema\/logo\/image\/","url":"https:\/\/www.evropskakuca.me\/wp-content\/uploads\/2025\/01\/evropska-kuca-logo-1.png","contentUrl":"https:\/\/www.evropskakuca.me\/wp-content\/uploads\/2025\/01\/evropska-kuca-logo-1.png","width":425,"height":312,"caption":"Evropean house"},"image":{"@id":"https:\/\/www.evropskakuca.me\/me\/#\/schema\/logo\/image\/"},"sameAs":["https:\/\/www.facebook.com\/evropska.kuca","https:\/\/x.com\/evropska_kuca","https:\/\/www.instagram.com\/evropska_kuca"]},{"@type":"Person","@id":"https:\/\/www.evropskakuca.me\/me\/#\/schema\/person\/a1d0dcdaefe4a1cd1d60d200ea137ba4","name":"mkajic","image":{"@type":"ImageObject","inLanguage":"me-ME","@id":"https:\/\/secure.gravatar.com\/avatar\/731fa035cefab7316e6bafd1f25a93fb731a07de14e2d9923f8db4422628eabc?s=96&d=mm&r=g","url":"https:\/\/secure.gravatar.com\/avatar\/731fa035cefab7316e6bafd1f25a93fb731a07de14e2d9923f8db4422628eabc?s=96&d=mm&r=g","contentUrl":"https:\/\/secure.gravatar.com\/avatar\/731fa035cefab7316e6bafd1f25a93fb731a07de14e2d9923f8db4422628eabc?s=96&d=mm&r=g","caption":"mkajic"},"sameAs":["https:\/\/evropskakuca.me"],"url":"https:\/\/www.evropskakuca.me\/me\/author\/mkajic\/"}]}},"_links":{"self":[{"href":"https:\/\/www.evropskakuca.me\/me\/wp-json\/wp\/v2\/posts\/3373","targetHints":{"allow":["GET"]}}],"collection":[{"href":"https:\/\/www.evropskakuca.me\/me\/wp-json\/wp\/v2\/posts"}],"about":[{"href":"https:\/\/www.evropskakuca.me\/me\/wp-json\/wp\/v2\/types\/post"}],"author":[{"embeddable":true,"href":"https:\/\/www.evropskakuca.me\/me\/wp-json\/wp\/v2\/users\/1"}],"replies":[{"embeddable":true,"href":"https:\/\/www.evropskakuca.me\/me\/wp-json\/wp\/v2\/comments?post=3373"}],"version-history":[{"count":0,"href":"https:\/\/www.evropskakuca.me\/me\/wp-json\/wp\/v2\/posts\/3373\/revisions"}],"wp:featuredmedia":[{"embeddable":true,"href":"https:\/\/www.evropskakuca.me\/me\/wp-json\/wp\/v2\/media\/32632"}],"wp:attachment":[{"href":"https:\/\/www.evropskakuca.me\/me\/wp-json\/wp\/v2\/media?parent=3373"}],"wp:term":[{"taxonomy":"category","embeddable":true,"href":"https:\/\/www.evropskakuca.me\/me\/wp-json\/wp\/v2\/categories?post=3373"},{"taxonomy":"post_tag","embeddable":true,"href":"https:\/\/www.evropskakuca.me\/me\/wp-json\/wp\/v2\/tags?post=3373"}],"curies":[{"name":"wp","href":"https:\/\/api.w.org\/{rel}","templated":true}]}}