{"id":3334,"date":"2017-05-15T13:31:14","date_gmt":"2017-05-15T13:31:14","guid":{"rendered":"http:\/\/www.evropskakuca.me\/me\/?p=3334"},"modified":"2025-01-21T12:32:19","modified_gmt":"2025-01-21T12:32:19","slug":"video-konkurs-moje-putovanje-u-evropu","status":"publish","type":"post","link":"https:\/\/www.evropskakuca.me\/me\/video-konkurs-moje-putovanje-u-evropu\/","title":{"rendered":"Video konkurs \u201eMoje putovanje u Evropu\u201c"},"content":{"rendered":"<p>Delegacija Evropske unije u Crnoj Gori i EU Info centar raspisuju konkurs za najbolji video zapis pod nazivom \u201eMoje putovanje u Evropu\u201c.<\/p>\n<p>Konkurs se organizuje povodom obilje\u017eavanja 30. godi\u0161njice EU programa Erasmus, najstarijeg programa u oblasti obrazovanja, kroz koji EU podr\u017eava razvoj obrazovanja i obuke i kreira programe za mlade. Kroz ovaj program je od njegovog osnivanja 4,4 miliona studenata dobilo priliku da studira na nekom od evropskih univerziteta, a sve je vi\u0161e i crnogorskih studenata koji u njemu u\u010destvuju.<\/p>\n<p><strong><u>Pravila konkursa:<\/u><\/strong><\/p>\n<p>Takmi\u010denje je otvoreno za u\u010denike svih srednjih \u0161kola iz Crne Gore, pri \u010demu jedan u\u010denik ne mo\u017ee poslati vi\u0161e od tri video zapisa.<\/p>\n<p>U\u010denici koji \u017eele da u\u010destvuju na konkursu, potrebno je da objave video na svom FB profilu pod ha\u0161tagom #MojeEUPutovanje, a link za video radove treba da proslijede do \u010detvrtka, 15. juna, na e-mail: <a href=\"mailto:media@evropskakuca.me\">media@evropskakuca.me<\/a>, sa naznakom \u201eMoje putovanje u Evropu\u201c i navedu sljede\u0107e podatke: ime i prezime, naziv \u0161kole i broj telefona.<\/p>\n<p>Video radove je tako\u0111e potrebno uploadovati na <a href=\"http:\/\/www.wetransfer.com\">www.wetransfer.com<\/a> i linkove za preuzimanje fajla navesti u e-mailu kojim se prijavljuje na konkurs. Maksimalna veli\u010dina fajla mo\u017ee biti 2GB, trajanje do 180 sekundi, format MPEG4 (.MP4).<\/p>\n<p>Prijavom na takmi\u010denje u\u010desnici garantuju:<\/p>\n<ol>\n<li>da je prijavljeni rad njihovo orginalno djelo,<\/li>\n<li>da su svi li\u010dni podaci ta\u010dni.<\/li>\n<\/ol>\n<p>O pristiglim radovima odlu\u010diva\u0107e stru\u010dni \u017eiri na osnovu tehni\u010dke i estetske vrijednosti rada, originalnosti i kreativnosti autora, kao i usagla\u0161enosti sa temom \u201eMoje putovanje u Evropu\u201c, s ciljem osvrta na proces integracije Crne Gore u EU.<\/p>\n<p>Video radovi koji pro\u0111u predselekciju stru\u010dnog \u017eirija bi\u0107e dostupni od 15. juna, na Facebook stranici EU Info centra, kao i na drugim dru\u0161tvenim medijima.<\/p>\n<p>Kona\u010dni rezultati konkursa bi\u0107e objavljeni 30. juna 2017.<\/p>\n<p>Pobjednik konkursa bi\u0107e nagra\u0111en studijskom posjetom Briselu.<\/p>\n","protected":false},"excerpt":{"rendered":"<p>Najbolji video zapis osvaja put u Brisel<\/p>\n","protected":false},"author":1,"featured_media":32648,"comment_status":"closed","ping_status":"closed","sticky":false,"template":"","format":"standard","meta":{"_acf_changed":false,"footnotes":""},"categories":[285,283],"tags":[],"class_list":["post-3334","post","type-post","status-publish","format-standard","has-post-thumbnail","hentry","category-kampanje-i-eventi","category-novosti-me"],"acf":[],"yoast_head":"<!-- This site is optimized with the Yoast SEO plugin v27.3 - https:\/\/yoast.com\/product\/yoast-seo-wordpress\/ -->\n<title>Video konkurs \u201eMoje putovanje u Evropu\u201c - Europe House<\/title>\n<meta name=\"robots\" content=\"index, follow, max-snippet:-1, max-image-preview:large, max-video-preview:-1\" \/>\n<link rel=\"canonical\" href=\"https:\/\/www.evropskakuca.me\/me\/video-konkurs-moje-putovanje-u-evropu\/\" \/>\n<meta property=\"og:locale\" content=\"en_US\" \/>\n<meta property=\"og:type\" content=\"article\" \/>\n<meta property=\"og:title\" content=\"Video konkurs \u201eMoje putovanje u Evropu\u201c - Europe House\" \/>\n<meta property=\"og:description\" content=\"Najbolji video zapis osvaja put u Brisel\" \/>\n<meta property=\"og:url\" content=\"https:\/\/www.evropskakuca.me\/me\/video-konkurs-moje-putovanje-u-evropu\/\" \/>\n<meta property=\"og:site_name\" content=\"Europe House\" \/>\n<meta property=\"article:publisher\" content=\"https:\/\/www.facebook.com\/evropska.kuca\" \/>\n<meta property=\"article:published_time\" content=\"2017-05-15T13:31:14+00:00\" \/>\n<meta property=\"article:modified_time\" content=\"2025-01-21T12:32:19+00:00\" \/>\n<meta property=\"og:image\" content=\"https:\/\/www.evropskakuca.me\/wp-content\/uploads\/2017\/05\/rev-vizual-conc.jpg\" \/>\n\t<meta property=\"og:image:width\" content=\"960\" \/>\n\t<meta property=\"og:image:height\" content=\"540\" \/>\n\t<meta property=\"og:image:type\" content=\"image\/jpeg\" \/>\n<meta name=\"author\" content=\"mkajic\" \/>\n<meta name=\"twitter:card\" content=\"summary_large_image\" \/>\n<meta name=\"twitter:creator\" content=\"@evropska_kuca\" \/>\n<meta name=\"twitter:site\" content=\"@evropska_kuca\" \/>\n<meta name=\"twitter:label1\" content=\"Written by\" \/>\n\t<meta name=\"twitter:data1\" content=\"mkajic\" \/>\n\t<meta name=\"twitter:label2\" content=\"Est. reading time\" \/>\n\t<meta name=\"twitter:data2\" content=\"2 minutes\" \/>\n<script type=\"application\/ld+json\" class=\"yoast-schema-graph\">{\"@context\":\"https:\\\/\\\/schema.org\",\"@graph\":[{\"@type\":\"Article\",\"@id\":\"https:\\\/\\\/www.evropskakuca.me\\\/me\\\/video-konkurs-moje-putovanje-u-evropu\\\/#article\",\"isPartOf\":{\"@id\":\"https:\\\/\\\/www.evropskakuca.me\\\/me\\\/video-konkurs-moje-putovanje-u-evropu\\\/\"},\"author\":{\"name\":\"mkajic\",\"@id\":\"https:\\\/\\\/www.evropskakuca.me\\\/me\\\/#\\\/schema\\\/person\\\/a1d0dcdaefe4a1cd1d60d200ea137ba4\"},\"headline\":\"Video konkurs \u201eMoje putovanje u Evropu\u201c\",\"datePublished\":\"2017-05-15T13:31:14+00:00\",\"dateModified\":\"2025-01-21T12:32:19+00:00\",\"mainEntityOfPage\":{\"@id\":\"https:\\\/\\\/www.evropskakuca.me\\\/me\\\/video-konkurs-moje-putovanje-u-evropu\\\/\"},\"wordCount\":321,\"publisher\":{\"@id\":\"https:\\\/\\\/www.evropskakuca.me\\\/me\\\/#organization\"},\"image\":{\"@id\":\"https:\\\/\\\/www.evropskakuca.me\\\/me\\\/video-konkurs-moje-putovanje-u-evropu\\\/#primaryimage\"},\"thumbnailUrl\":\"https:\\\/\\\/www.evropskakuca.me\\\/wp-content\\\/uploads\\\/2017\\\/05\\\/rev-vizual-conc.jpg\",\"articleSection\":[\"Kampanje i eventi\",\"Novosti\"],\"inLanguage\":\"me-ME\"},{\"@type\":\"WebPage\",\"@id\":\"https:\\\/\\\/www.evropskakuca.me\\\/me\\\/video-konkurs-moje-putovanje-u-evropu\\\/\",\"url\":\"https:\\\/\\\/www.evropskakuca.me\\\/me\\\/video-konkurs-moje-putovanje-u-evropu\\\/\",\"name\":\"Video konkurs \u201eMoje putovanje u Evropu\u201c - Europe House\",\"isPartOf\":{\"@id\":\"https:\\\/\\\/www.evropskakuca.me\\\/me\\\/#website\"},\"primaryImageOfPage\":{\"@id\":\"https:\\\/\\\/www.evropskakuca.me\\\/me\\\/video-konkurs-moje-putovanje-u-evropu\\\/#primaryimage\"},\"image\":{\"@id\":\"https:\\\/\\\/www.evropskakuca.me\\\/me\\\/video-konkurs-moje-putovanje-u-evropu\\\/#primaryimage\"},\"thumbnailUrl\":\"https:\\\/\\\/www.evropskakuca.me\\\/wp-content\\\/uploads\\\/2017\\\/05\\\/rev-vizual-conc.jpg\",\"datePublished\":\"2017-05-15T13:31:14+00:00\",\"dateModified\":\"2025-01-21T12:32:19+00:00\",\"breadcrumb\":{\"@id\":\"https:\\\/\\\/www.evropskakuca.me\\\/me\\\/video-konkurs-moje-putovanje-u-evropu\\\/#breadcrumb\"},\"inLanguage\":\"me-ME\",\"potentialAction\":[{\"@type\":\"ReadAction\",\"target\":[\"https:\\\/\\\/www.evropskakuca.me\\\/me\\\/video-konkurs-moje-putovanje-u-evropu\\\/\"]}]},{\"@type\":\"ImageObject\",\"inLanguage\":\"me-ME\",\"@id\":\"https:\\\/\\\/www.evropskakuca.me\\\/me\\\/video-konkurs-moje-putovanje-u-evropu\\\/#primaryimage\",\"url\":\"https:\\\/\\\/www.evropskakuca.me\\\/wp-content\\\/uploads\\\/2017\\\/05\\\/rev-vizual-conc.jpg\",\"contentUrl\":\"https:\\\/\\\/www.evropskakuca.me\\\/wp-content\\\/uploads\\\/2017\\\/05\\\/rev-vizual-conc.jpg\",\"width\":960,\"height\":540},{\"@type\":\"BreadcrumbList\",\"@id\":\"https:\\\/\\\/www.evropskakuca.me\\\/me\\\/video-konkurs-moje-putovanje-u-evropu\\\/#breadcrumb\",\"itemListElement\":[{\"@type\":\"ListItem\",\"position\":1,\"name\":\"Home\",\"item\":\"https:\\\/\\\/www.evropskakuca.me\\\/me\\\/\"},{\"@type\":\"ListItem\",\"position\":2,\"name\":\"Video konkurs \u201eMoje putovanje u Evropu\u201c\"}]},{\"@type\":\"WebSite\",\"@id\":\"https:\\\/\\\/www.evropskakuca.me\\\/me\\\/#website\",\"url\":\"https:\\\/\\\/www.evropskakuca.me\\\/me\\\/\",\"name\":\"Evropean house\",\"description\":\"\",\"publisher\":{\"@id\":\"https:\\\/\\\/www.evropskakuca.me\\\/me\\\/#organization\"},\"potentialAction\":[{\"@type\":\"SearchAction\",\"target\":{\"@type\":\"EntryPoint\",\"urlTemplate\":\"https:\\\/\\\/www.evropskakuca.me\\\/me\\\/?s={search_term_string}\"},\"query-input\":{\"@type\":\"PropertyValueSpecification\",\"valueRequired\":true,\"valueName\":\"search_term_string\"}}],\"inLanguage\":\"me-ME\"},{\"@type\":\"Organization\",\"@id\":\"https:\\\/\\\/www.evropskakuca.me\\\/me\\\/#organization\",\"name\":\"Evropean house\",\"url\":\"https:\\\/\\\/www.evropskakuca.me\\\/me\\\/\",\"logo\":{\"@type\":\"ImageObject\",\"inLanguage\":\"me-ME\",\"@id\":\"https:\\\/\\\/www.evropskakuca.me\\\/me\\\/#\\\/schema\\\/logo\\\/image\\\/\",\"url\":\"https:\\\/\\\/www.evropskakuca.me\\\/wp-content\\\/uploads\\\/2025\\\/01\\\/evropska-kuca-logo-1.png\",\"contentUrl\":\"https:\\\/\\\/www.evropskakuca.me\\\/wp-content\\\/uploads\\\/2025\\\/01\\\/evropska-kuca-logo-1.png\",\"width\":425,\"height\":312,\"caption\":\"Evropean house\"},\"image\":{\"@id\":\"https:\\\/\\\/www.evropskakuca.me\\\/me\\\/#\\\/schema\\\/logo\\\/image\\\/\"},\"sameAs\":[\"https:\\\/\\\/www.facebook.com\\\/evropska.kuca\",\"https:\\\/\\\/x.com\\\/evropska_kuca\",\"https:\\\/\\\/www.instagram.com\\\/evropska_kuca\"]},{\"@type\":\"Person\",\"@id\":\"https:\\\/\\\/www.evropskakuca.me\\\/me\\\/#\\\/schema\\\/person\\\/a1d0dcdaefe4a1cd1d60d200ea137ba4\",\"name\":\"mkajic\",\"image\":{\"@type\":\"ImageObject\",\"inLanguage\":\"me-ME\",\"@id\":\"https:\\\/\\\/secure.gravatar.com\\\/avatar\\\/731fa035cefab7316e6bafd1f25a93fb731a07de14e2d9923f8db4422628eabc?s=96&d=mm&r=g\",\"url\":\"https:\\\/\\\/secure.gravatar.com\\\/avatar\\\/731fa035cefab7316e6bafd1f25a93fb731a07de14e2d9923f8db4422628eabc?s=96&d=mm&r=g\",\"contentUrl\":\"https:\\\/\\\/secure.gravatar.com\\\/avatar\\\/731fa035cefab7316e6bafd1f25a93fb731a07de14e2d9923f8db4422628eabc?s=96&d=mm&r=g\",\"caption\":\"mkajic\"},\"sameAs\":[\"https:\\\/\\\/evropskakuca.me\"],\"url\":\"https:\\\/\\\/www.evropskakuca.me\\\/me\\\/author\\\/mkajic\\\/\"}]}<\/script>\n<!-- \/ Yoast SEO plugin. -->","yoast_head_json":{"title":"Video konkurs \u201eMoje putovanje u Evropu\u201c - Europe House","robots":{"index":"index","follow":"follow","max-snippet":"max-snippet:-1","max-image-preview":"max-image-preview:large","max-video-preview":"max-video-preview:-1"},"canonical":"https:\/\/www.evropskakuca.me\/me\/video-konkurs-moje-putovanje-u-evropu\/","og_locale":"en_US","og_type":"article","og_title":"Video konkurs \u201eMoje putovanje u Evropu\u201c - Europe House","og_description":"Najbolji video zapis osvaja put u Brisel","og_url":"https:\/\/www.evropskakuca.me\/me\/video-konkurs-moje-putovanje-u-evropu\/","og_site_name":"Europe House","article_publisher":"https:\/\/www.facebook.com\/evropska.kuca","article_published_time":"2017-05-15T13:31:14+00:00","article_modified_time":"2025-01-21T12:32:19+00:00","og_image":[{"width":960,"height":540,"url":"https:\/\/www.evropskakuca.me\/wp-content\/uploads\/2017\/05\/rev-vizual-conc.jpg","type":"image\/jpeg"}],"author":"mkajic","twitter_card":"summary_large_image","twitter_creator":"@evropska_kuca","twitter_site":"@evropska_kuca","twitter_misc":{"Written by":"mkajic","Est. reading time":"2 minutes"},"schema":{"@context":"https:\/\/schema.org","@graph":[{"@type":"Article","@id":"https:\/\/www.evropskakuca.me\/me\/video-konkurs-moje-putovanje-u-evropu\/#article","isPartOf":{"@id":"https:\/\/www.evropskakuca.me\/me\/video-konkurs-moje-putovanje-u-evropu\/"},"author":{"name":"mkajic","@id":"https:\/\/www.evropskakuca.me\/me\/#\/schema\/person\/a1d0dcdaefe4a1cd1d60d200ea137ba4"},"headline":"Video konkurs \u201eMoje putovanje u Evropu\u201c","datePublished":"2017-05-15T13:31:14+00:00","dateModified":"2025-01-21T12:32:19+00:00","mainEntityOfPage":{"@id":"https:\/\/www.evropskakuca.me\/me\/video-konkurs-moje-putovanje-u-evropu\/"},"wordCount":321,"publisher":{"@id":"https:\/\/www.evropskakuca.me\/me\/#organization"},"image":{"@id":"https:\/\/www.evropskakuca.me\/me\/video-konkurs-moje-putovanje-u-evropu\/#primaryimage"},"thumbnailUrl":"https:\/\/www.evropskakuca.me\/wp-content\/uploads\/2017\/05\/rev-vizual-conc.jpg","articleSection":["Kampanje i eventi","Novosti"],"inLanguage":"me-ME"},{"@type":"WebPage","@id":"https:\/\/www.evropskakuca.me\/me\/video-konkurs-moje-putovanje-u-evropu\/","url":"https:\/\/www.evropskakuca.me\/me\/video-konkurs-moje-putovanje-u-evropu\/","name":"Video konkurs \u201eMoje putovanje u Evropu\u201c - Europe House","isPartOf":{"@id":"https:\/\/www.evropskakuca.me\/me\/#website"},"primaryImageOfPage":{"@id":"https:\/\/www.evropskakuca.me\/me\/video-konkurs-moje-putovanje-u-evropu\/#primaryimage"},"image":{"@id":"https:\/\/www.evropskakuca.me\/me\/video-konkurs-moje-putovanje-u-evropu\/#primaryimage"},"thumbnailUrl":"https:\/\/www.evropskakuca.me\/wp-content\/uploads\/2017\/05\/rev-vizual-conc.jpg","datePublished":"2017-05-15T13:31:14+00:00","dateModified":"2025-01-21T12:32:19+00:00","breadcrumb":{"@id":"https:\/\/www.evropskakuca.me\/me\/video-konkurs-moje-putovanje-u-evropu\/#breadcrumb"},"inLanguage":"me-ME","potentialAction":[{"@type":"ReadAction","target":["https:\/\/www.evropskakuca.me\/me\/video-konkurs-moje-putovanje-u-evropu\/"]}]},{"@type":"ImageObject","inLanguage":"me-ME","@id":"https:\/\/www.evropskakuca.me\/me\/video-konkurs-moje-putovanje-u-evropu\/#primaryimage","url":"https:\/\/www.evropskakuca.me\/wp-content\/uploads\/2017\/05\/rev-vizual-conc.jpg","contentUrl":"https:\/\/www.evropskakuca.me\/wp-content\/uploads\/2017\/05\/rev-vizual-conc.jpg","width":960,"height":540},{"@type":"BreadcrumbList","@id":"https:\/\/www.evropskakuca.me\/me\/video-konkurs-moje-putovanje-u-evropu\/#breadcrumb","itemListElement":[{"@type":"ListItem","position":1,"name":"Home","item":"https:\/\/www.evropskakuca.me\/me\/"},{"@type":"ListItem","position":2,"name":"Video konkurs \u201eMoje putovanje u Evropu\u201c"}]},{"@type":"WebSite","@id":"https:\/\/www.evropskakuca.me\/me\/#website","url":"https:\/\/www.evropskakuca.me\/me\/","name":"Evropean house","description":"","publisher":{"@id":"https:\/\/www.evropskakuca.me\/me\/#organization"},"potentialAction":[{"@type":"SearchAction","target":{"@type":"EntryPoint","urlTemplate":"https:\/\/www.evropskakuca.me\/me\/?s={search_term_string}"},"query-input":{"@type":"PropertyValueSpecification","valueRequired":true,"valueName":"search_term_string"}}],"inLanguage":"me-ME"},{"@type":"Organization","@id":"https:\/\/www.evropskakuca.me\/me\/#organization","name":"Evropean house","url":"https:\/\/www.evropskakuca.me\/me\/","logo":{"@type":"ImageObject","inLanguage":"me-ME","@id":"https:\/\/www.evropskakuca.me\/me\/#\/schema\/logo\/image\/","url":"https:\/\/www.evropskakuca.me\/wp-content\/uploads\/2025\/01\/evropska-kuca-logo-1.png","contentUrl":"https:\/\/www.evropskakuca.me\/wp-content\/uploads\/2025\/01\/evropska-kuca-logo-1.png","width":425,"height":312,"caption":"Evropean house"},"image":{"@id":"https:\/\/www.evropskakuca.me\/me\/#\/schema\/logo\/image\/"},"sameAs":["https:\/\/www.facebook.com\/evropska.kuca","https:\/\/x.com\/evropska_kuca","https:\/\/www.instagram.com\/evropska_kuca"]},{"@type":"Person","@id":"https:\/\/www.evropskakuca.me\/me\/#\/schema\/person\/a1d0dcdaefe4a1cd1d60d200ea137ba4","name":"mkajic","image":{"@type":"ImageObject","inLanguage":"me-ME","@id":"https:\/\/secure.gravatar.com\/avatar\/731fa035cefab7316e6bafd1f25a93fb731a07de14e2d9923f8db4422628eabc?s=96&d=mm&r=g","url":"https:\/\/secure.gravatar.com\/avatar\/731fa035cefab7316e6bafd1f25a93fb731a07de14e2d9923f8db4422628eabc?s=96&d=mm&r=g","contentUrl":"https:\/\/secure.gravatar.com\/avatar\/731fa035cefab7316e6bafd1f25a93fb731a07de14e2d9923f8db4422628eabc?s=96&d=mm&r=g","caption":"mkajic"},"sameAs":["https:\/\/evropskakuca.me"],"url":"https:\/\/www.evropskakuca.me\/me\/author\/mkajic\/"}]}},"_links":{"self":[{"href":"https:\/\/www.evropskakuca.me\/me\/wp-json\/wp\/v2\/posts\/3334","targetHints":{"allow":["GET"]}}],"collection":[{"href":"https:\/\/www.evropskakuca.me\/me\/wp-json\/wp\/v2\/posts"}],"about":[{"href":"https:\/\/www.evropskakuca.me\/me\/wp-json\/wp\/v2\/types\/post"}],"author":[{"embeddable":true,"href":"https:\/\/www.evropskakuca.me\/me\/wp-json\/wp\/v2\/users\/1"}],"replies":[{"embeddable":true,"href":"https:\/\/www.evropskakuca.me\/me\/wp-json\/wp\/v2\/comments?post=3334"}],"version-history":[{"count":1,"href":"https:\/\/www.evropskakuca.me\/me\/wp-json\/wp\/v2\/posts\/3334\/revisions"}],"predecessor-version":[{"id":42510,"href":"https:\/\/www.evropskakuca.me\/me\/wp-json\/wp\/v2\/posts\/3334\/revisions\/42510"}],"wp:featuredmedia":[{"embeddable":true,"href":"https:\/\/www.evropskakuca.me\/me\/wp-json\/wp\/v2\/media\/32648"}],"wp:attachment":[{"href":"https:\/\/www.evropskakuca.me\/me\/wp-json\/wp\/v2\/media?parent=3334"}],"wp:term":[{"taxonomy":"category","embeddable":true,"href":"https:\/\/www.evropskakuca.me\/me\/wp-json\/wp\/v2\/categories?post=3334"},{"taxonomy":"post_tag","embeddable":true,"href":"https:\/\/www.evropskakuca.me\/me\/wp-json\/wp\/v2\/tags?post=3334"}],"curies":[{"name":"wp","href":"https:\/\/api.w.org\/{rel}","templated":true}]}}