{"id":3179,"date":"2017-05-09T14:00:54","date_gmt":"2017-05-09T14:00:54","guid":{"rendered":"http:\/\/www.evropskakuca.me\/me\/?p=3179"},"modified":"2025-01-21T12:33:20","modified_gmt":"2025-01-21T12:33:20","slug":"crnoj-gori-je-mjesto-u-evropskoj-uniji","status":"publish","type":"post","link":"https:\/\/www.evropskakuca.me\/me\/crnoj-gori-je-mjesto-u-evropskoj-uniji\/","title":{"rendered":"Crnoj Gori je mjesto u Evropskoj uniji"},"content":{"rendered":"<p>PODGORICA, 9. maj 2017. \u2013 Delegacija Evropske unije u Crnoj Gori obilje\u017eila je Dan Evrope na centralnoj proslavi organizovanoj u EU Info centru. U svom uvodnom obra\u0107anju ambasador Evropske unije u Crnoj Gori, Aivo Orav, podsjetio je na koristi koje Crnoj Gori donosi integracija u EU, ali i sami proces pristupanja.<\/p>\n<p><img fetchpriority=\"high\" decoding=\"async\" class=\"aligncenter wp-image-3182 \" src=\"http:\/\/www.evropskakuca.me\/wp-content\/uploads\/2017\/05\/Dan-Evrope-2.jpg\" alt=\"Dan Evrope 2\" width=\"564\" height=\"375\" \/><\/p>\n<p>\u201eIntegracija u EU nije ne\u0161to o \u010demu samo govore politi\u010dari i birokrate &#8211; to je ne\u0161to \u0161to gra\u0111ani Crne Gore vec\u0301 mogu da osjete i vide. Imate na\u0161u podr\u0161ku da nastavite dalje na putu ka punopravnom \u010dlanstvu. Crna Gora pripada Evropskoj uniji i Evropska unija pripada Crnoj Gori\u201d, rekao je Orav.<\/p>\n<p><img decoding=\"async\" class=\"aligncenter wp-image-3184 \" src=\"http:\/\/www.evropskakuca.me\/wp-content\/uploads\/2017\/05\/Dan-Evrope-3.jpg\" alt=\"Dan Evrope 3\" width=\"612\" height=\"408\" \/><\/p>\n<p>Govore\u0107i o rezultatima u procesu pregovaranja Miodrag Radovi\u0107, sekretar Ministarstva evropskih poslova, rekao je da Crna Gora ima pravo da slavi Dan Evrope.<\/p>\n<p>\u201eDanas je Crna Gora lider regiona u procesu pristupanja i sa zadovoljstvom pozdravljamo integraciju svojih susjeda. Uspjesi ostvareni u dosada\u0161njem periodu nedvosmisleno govore da je na\u0161a dr\u017eava na pravom putu, putu demokratskih reformi, ekonomske stabilnosti i evropske budu\u0107nosti.\u201c, rekao je Radovi\u0107.<\/p>\n<p><img decoding=\"async\" class=\"aligncenter wp-image-3186 \" src=\"http:\/\/www.evropskakuca.me\/wp-content\/uploads\/2017\/05\/Dan-evrope-4.jpg\" alt=\"Dan evrope 4\" width=\"726\" height=\"484\" \/><\/p>\n<p>Gradona\u010delnik Podgorice, Slavoljub Stijepovi\u0107 je kazao da Podgorica njeguje mir i stabilnost.<\/p>\n<p>\u201ePodgorica je primjer evropskog grada koji zastupa evropske vrijednosti, multinacionalnost i multietni\u010dnost. Na nama je da ostvarimo ideju predaka i da to potomcima prenosimo. Sudbina nam je dodijelila prolje\u0107e za najzna\u010dajnije doga\u0111aje. Stvaramo, napredujemo i usvajamo evropske standarde. Ne postoji segment gradske uprave, koji nije duboko posve\u0107en ovom cilju\u201d, dodao je Stijepovi\u0107.<\/p>\n<p><img loading=\"lazy\" decoding=\"async\" class=\"aligncenter wp-image-3188 \" src=\"http:\/\/www.evropskakuca.me\/wp-content\/uploads\/2017\/05\/Dan-Evrope-djeca-6.jpg\" alt=\"Dan Evrope djeca 6\" width=\"737\" height=\"492\" \/><\/p>\n<p>U okviru bogatog programa za djecu u\u010denici deset podgori\u010dkih osnovnih \u0161kola, odmjerili su snage u \u201eIgrama bez granica\u201c. Skoro 200 djece, svih uzrasta, zajedno sa roditeljima i nastavnicima, imalo je priliku da na sajmu ambasada dr\u017eava \u010dlanica EU (\u0160vedske, Rumunije, Poljske, Slova\u010dke, \u010ce\u0161ke, Ma\u0111arske, Austrije, Njema\u010dke, Slovenije, Hrvatske, Gr\u010dke, Bugarske) proba tradicionalna jela koja su pripremili predstavnici ambasada zemalja EU. Sve informacije o tome gdje je Crna Gora na evropskom putu prisutnima su dali predstavnici Ministarstva evropskih poslova, a o turisti\u010dkoj ponudi Crne Gore posjetioci su mogli da saznaju na \u0161tandu Nacionalne turisti\u010dke organizacije.<\/p>\n<p>Simfonijski orkestar Umjetni\u010dke \u0161kole za muziku i balet \u201eVasa Pavi\u0107\u201c je, pored intoniranja himni Crne Gore i Evropske unije, izveo Mocartovu \u201eMalu no\u0107nu muziku\u201d.<\/p>\n<p><img loading=\"lazy\" decoding=\"async\" class=\"aligncenter wp-image-3190 \" src=\"http:\/\/www.evropskakuca.me\/wp-content\/uploads\/2017\/05\/Dan-Evrope-5.jpg\" alt=\"Dan Evrope 5\" width=\"753\" height=\"502\" \/><\/p>\n<p>Dan Evrope je i ove godine tradicionalno obilje\u017een muzi\u010dkim koncertima i nizom aktivnosti koje su realizovane u saradnji sa ambasadama dr\u017eava \u010dlanica, EU Info centrom i lokalnim partnerima.<\/p>\n<p><img loading=\"lazy\" decoding=\"async\" class=\"aligncenter wp-image-3192 \" src=\"http:\/\/www.evropskakuca.me\/wp-content\/uploads\/2017\/05\/Q29A4962.jpg\" alt=\"Q29A4962\" width=\"757\" height=\"504\" \/><\/p>\n<p>Centralnoj proslavi su prethodila dva koncerta: 5. maja u Nik\u0161i\u0107u, u saradnji sa Bedem festom, organizovana je DJ \u017eurka povodom trideset godina postojanja EU programa Erasmus, a dan kasnije, 6. maja, Dan Evrope je proslavila i podgori\u010dka publika, uz hor Viva Vox.<\/p>\n<p>&nbsp;<\/p>\n<h4>Prate\u0107i tekstovi:<\/h4>\n<p><a href=\"http:\/\/www.evropskakuca.me\/me\/ngradeni-pobjednici-konkursa-evropa-smo-mi\/\">Nagra\u0111eni pobjednici konkursa \u201cEvropa \u2013 to smo mi\u201d<\/a><\/p>\n<p><a href=\"http:\/\/www.evropskakuca.me\/me\/dan-evrope-uz-viva-vox\/\">Dan Evrope uz Viva Vox<\/a><\/p>\n<p><a href=\"http:\/\/www.evropskakuca.me\/me\/proslavimo-dan-evrope-zajedno\/\">Proslavimo Dan Evrope zajedno!<\/a><\/p>\n<p><a href=\"http:\/\/www.evropskakuca.me\/me\/evropa-smo-mi\/\">\u201eEvropa \u2013 to smo mi\u201c<\/a><\/p>\n","protected":false},"excerpt":{"rendered":"<p>Delegacija Evropske unije u Crnoj Gori obilje\u017eila je Dan Evrope<\/p>\n","protected":false},"author":1,"featured_media":32584,"comment_status":"closed","ping_status":"closed","sticky":false,"template":"","format":"standard","meta":{"_acf_changed":false,"footnotes":""},"categories":[285,283],"tags":[],"class_list":["post-3179","post","type-post","status-publish","format-standard","has-post-thumbnail","hentry","category-kampanje-i-eventi","category-novosti-me"],"acf":[],"yoast_head":"<!-- This site is optimized with the Yoast SEO plugin v27.3 - https:\/\/yoast.com\/product\/yoast-seo-wordpress\/ -->\n<title>Crnoj Gori je mjesto u Evropskoj uniji - Europe House<\/title>\n<meta name=\"robots\" content=\"index, follow, max-snippet:-1, max-image-preview:large, max-video-preview:-1\" \/>\n<link rel=\"canonical\" href=\"https:\/\/www.evropskakuca.me\/me\/crnoj-gori-je-mjesto-u-evropskoj-uniji\/\" \/>\n<meta property=\"og:locale\" content=\"en_US\" \/>\n<meta property=\"og:type\" content=\"article\" \/>\n<meta property=\"og:title\" content=\"Crnoj Gori je mjesto u Evropskoj uniji - Europe House\" \/>\n<meta property=\"og:description\" content=\"Delegacija Evropske unije u Crnoj Gori obilje\u017eila je Dan Evrope\" \/>\n<meta property=\"og:url\" content=\"https:\/\/www.evropskakuca.me\/me\/crnoj-gori-je-mjesto-u-evropskoj-uniji\/\" \/>\n<meta property=\"og:site_name\" content=\"Europe House\" \/>\n<meta property=\"article:publisher\" content=\"https:\/\/www.facebook.com\/evropska.kuca\" \/>\n<meta property=\"article:published_time\" content=\"2017-05-09T14:00:54+00:00\" \/>\n<meta property=\"article:modified_time\" content=\"2025-01-21T12:33:20+00:00\" \/>\n<meta property=\"og:image\" content=\"https:\/\/www.evropskakuca.me\/wp-content\/uploads\/2017\/05\/Dan-Evrope-1.jpg\" \/>\n\t<meta property=\"og:image:width\" content=\"2028\" \/>\n\t<meta property=\"og:image:height\" content=\"1352\" \/>\n\t<meta property=\"og:image:type\" content=\"image\/jpeg\" \/>\n<meta name=\"author\" content=\"mkajic\" \/>\n<meta name=\"twitter:card\" content=\"summary_large_image\" \/>\n<meta name=\"twitter:creator\" content=\"@evropska_kuca\" \/>\n<meta name=\"twitter:site\" content=\"@evropska_kuca\" \/>\n<meta name=\"twitter:label1\" content=\"Written by\" \/>\n\t<meta name=\"twitter:data1\" content=\"mkajic\" \/>\n\t<meta name=\"twitter:label2\" content=\"Est. reading time\" \/>\n\t<meta name=\"twitter:data2\" content=\"4 minutes\" \/>\n<script type=\"application\/ld+json\" class=\"yoast-schema-graph\">{\"@context\":\"https:\\\/\\\/schema.org\",\"@graph\":[{\"@type\":\"Article\",\"@id\":\"https:\\\/\\\/www.evropskakuca.me\\\/me\\\/crnoj-gori-je-mjesto-u-evropskoj-uniji\\\/#article\",\"isPartOf\":{\"@id\":\"https:\\\/\\\/www.evropskakuca.me\\\/me\\\/crnoj-gori-je-mjesto-u-evropskoj-uniji\\\/\"},\"author\":{\"name\":\"mkajic\",\"@id\":\"https:\\\/\\\/www.evropskakuca.me\\\/me\\\/#\\\/schema\\\/person\\\/a1d0dcdaefe4a1cd1d60d200ea137ba4\"},\"headline\":\"Crnoj Gori je mjesto u Evropskoj uniji\",\"datePublished\":\"2017-05-09T14:00:54+00:00\",\"dateModified\":\"2025-01-21T12:33:20+00:00\",\"mainEntityOfPage\":{\"@id\":\"https:\\\/\\\/www.evropskakuca.me\\\/me\\\/crnoj-gori-je-mjesto-u-evropskoj-uniji\\\/\"},\"wordCount\":481,\"publisher\":{\"@id\":\"https:\\\/\\\/www.evropskakuca.me\\\/me\\\/#organization\"},\"image\":{\"@id\":\"https:\\\/\\\/www.evropskakuca.me\\\/me\\\/crnoj-gori-je-mjesto-u-evropskoj-uniji\\\/#primaryimage\"},\"thumbnailUrl\":\"https:\\\/\\\/www.evropskakuca.me\\\/wp-content\\\/uploads\\\/2017\\\/05\\\/Dan-Evrope-1.jpg\",\"articleSection\":[\"Kampanje i eventi\",\"Novosti\"],\"inLanguage\":\"me-ME\"},{\"@type\":\"WebPage\",\"@id\":\"https:\\\/\\\/www.evropskakuca.me\\\/me\\\/crnoj-gori-je-mjesto-u-evropskoj-uniji\\\/\",\"url\":\"https:\\\/\\\/www.evropskakuca.me\\\/me\\\/crnoj-gori-je-mjesto-u-evropskoj-uniji\\\/\",\"name\":\"Crnoj Gori je mjesto u Evropskoj uniji - Europe House\",\"isPartOf\":{\"@id\":\"https:\\\/\\\/www.evropskakuca.me\\\/me\\\/#website\"},\"primaryImageOfPage\":{\"@id\":\"https:\\\/\\\/www.evropskakuca.me\\\/me\\\/crnoj-gori-je-mjesto-u-evropskoj-uniji\\\/#primaryimage\"},\"image\":{\"@id\":\"https:\\\/\\\/www.evropskakuca.me\\\/me\\\/crnoj-gori-je-mjesto-u-evropskoj-uniji\\\/#primaryimage\"},\"thumbnailUrl\":\"https:\\\/\\\/www.evropskakuca.me\\\/wp-content\\\/uploads\\\/2017\\\/05\\\/Dan-Evrope-1.jpg\",\"datePublished\":\"2017-05-09T14:00:54+00:00\",\"dateModified\":\"2025-01-21T12:33:20+00:00\",\"breadcrumb\":{\"@id\":\"https:\\\/\\\/www.evropskakuca.me\\\/me\\\/crnoj-gori-je-mjesto-u-evropskoj-uniji\\\/#breadcrumb\"},\"inLanguage\":\"me-ME\",\"potentialAction\":[{\"@type\":\"ReadAction\",\"target\":[\"https:\\\/\\\/www.evropskakuca.me\\\/me\\\/crnoj-gori-je-mjesto-u-evropskoj-uniji\\\/\"]}]},{\"@type\":\"ImageObject\",\"inLanguage\":\"me-ME\",\"@id\":\"https:\\\/\\\/www.evropskakuca.me\\\/me\\\/crnoj-gori-je-mjesto-u-evropskoj-uniji\\\/#primaryimage\",\"url\":\"https:\\\/\\\/www.evropskakuca.me\\\/wp-content\\\/uploads\\\/2017\\\/05\\\/Dan-Evrope-1.jpg\",\"contentUrl\":\"https:\\\/\\\/www.evropskakuca.me\\\/wp-content\\\/uploads\\\/2017\\\/05\\\/Dan-Evrope-1.jpg\",\"width\":2028,\"height\":1352},{\"@type\":\"BreadcrumbList\",\"@id\":\"https:\\\/\\\/www.evropskakuca.me\\\/me\\\/crnoj-gori-je-mjesto-u-evropskoj-uniji\\\/#breadcrumb\",\"itemListElement\":[{\"@type\":\"ListItem\",\"position\":1,\"name\":\"Home\",\"item\":\"https:\\\/\\\/www.evropskakuca.me\\\/me\\\/\"},{\"@type\":\"ListItem\",\"position\":2,\"name\":\"Crnoj Gori je mjesto u Evropskoj uniji\"}]},{\"@type\":\"WebSite\",\"@id\":\"https:\\\/\\\/www.evropskakuca.me\\\/me\\\/#website\",\"url\":\"https:\\\/\\\/www.evropskakuca.me\\\/me\\\/\",\"name\":\"Evropean house\",\"description\":\"\",\"publisher\":{\"@id\":\"https:\\\/\\\/www.evropskakuca.me\\\/me\\\/#organization\"},\"potentialAction\":[{\"@type\":\"SearchAction\",\"target\":{\"@type\":\"EntryPoint\",\"urlTemplate\":\"https:\\\/\\\/www.evropskakuca.me\\\/me\\\/?s={search_term_string}\"},\"query-input\":{\"@type\":\"PropertyValueSpecification\",\"valueRequired\":true,\"valueName\":\"search_term_string\"}}],\"inLanguage\":\"me-ME\"},{\"@type\":\"Organization\",\"@id\":\"https:\\\/\\\/www.evropskakuca.me\\\/me\\\/#organization\",\"name\":\"Evropean house\",\"url\":\"https:\\\/\\\/www.evropskakuca.me\\\/me\\\/\",\"logo\":{\"@type\":\"ImageObject\",\"inLanguage\":\"me-ME\",\"@id\":\"https:\\\/\\\/www.evropskakuca.me\\\/me\\\/#\\\/schema\\\/logo\\\/image\\\/\",\"url\":\"https:\\\/\\\/www.evropskakuca.me\\\/wp-content\\\/uploads\\\/2025\\\/01\\\/evropska-kuca-logo-1.png\",\"contentUrl\":\"https:\\\/\\\/www.evropskakuca.me\\\/wp-content\\\/uploads\\\/2025\\\/01\\\/evropska-kuca-logo-1.png\",\"width\":425,\"height\":312,\"caption\":\"Evropean house\"},\"image\":{\"@id\":\"https:\\\/\\\/www.evropskakuca.me\\\/me\\\/#\\\/schema\\\/logo\\\/image\\\/\"},\"sameAs\":[\"https:\\\/\\\/www.facebook.com\\\/evropska.kuca\",\"https:\\\/\\\/x.com\\\/evropska_kuca\",\"https:\\\/\\\/www.instagram.com\\\/evropska_kuca\"]},{\"@type\":\"Person\",\"@id\":\"https:\\\/\\\/www.evropskakuca.me\\\/me\\\/#\\\/schema\\\/person\\\/a1d0dcdaefe4a1cd1d60d200ea137ba4\",\"name\":\"mkajic\",\"image\":{\"@type\":\"ImageObject\",\"inLanguage\":\"me-ME\",\"@id\":\"https:\\\/\\\/secure.gravatar.com\\\/avatar\\\/731fa035cefab7316e6bafd1f25a93fb731a07de14e2d9923f8db4422628eabc?s=96&d=mm&r=g\",\"url\":\"https:\\\/\\\/secure.gravatar.com\\\/avatar\\\/731fa035cefab7316e6bafd1f25a93fb731a07de14e2d9923f8db4422628eabc?s=96&d=mm&r=g\",\"contentUrl\":\"https:\\\/\\\/secure.gravatar.com\\\/avatar\\\/731fa035cefab7316e6bafd1f25a93fb731a07de14e2d9923f8db4422628eabc?s=96&d=mm&r=g\",\"caption\":\"mkajic\"},\"sameAs\":[\"https:\\\/\\\/evropskakuca.me\"],\"url\":\"https:\\\/\\\/www.evropskakuca.me\\\/me\\\/author\\\/mkajic\\\/\"}]}<\/script>\n<!-- \/ Yoast SEO plugin. -->","yoast_head_json":{"title":"Crnoj Gori je mjesto u Evropskoj uniji - Europe House","robots":{"index":"index","follow":"follow","max-snippet":"max-snippet:-1","max-image-preview":"max-image-preview:large","max-video-preview":"max-video-preview:-1"},"canonical":"https:\/\/www.evropskakuca.me\/me\/crnoj-gori-je-mjesto-u-evropskoj-uniji\/","og_locale":"en_US","og_type":"article","og_title":"Crnoj Gori je mjesto u Evropskoj uniji - Europe House","og_description":"Delegacija Evropske unije u Crnoj Gori obilje\u017eila je Dan Evrope","og_url":"https:\/\/www.evropskakuca.me\/me\/crnoj-gori-je-mjesto-u-evropskoj-uniji\/","og_site_name":"Europe House","article_publisher":"https:\/\/www.facebook.com\/evropska.kuca","article_published_time":"2017-05-09T14:00:54+00:00","article_modified_time":"2025-01-21T12:33:20+00:00","og_image":[{"width":2028,"height":1352,"url":"https:\/\/www.evropskakuca.me\/wp-content\/uploads\/2017\/05\/Dan-Evrope-1.jpg","type":"image\/jpeg"}],"author":"mkajic","twitter_card":"summary_large_image","twitter_creator":"@evropska_kuca","twitter_site":"@evropska_kuca","twitter_misc":{"Written by":"mkajic","Est. reading time":"4 minutes"},"schema":{"@context":"https:\/\/schema.org","@graph":[{"@type":"Article","@id":"https:\/\/www.evropskakuca.me\/me\/crnoj-gori-je-mjesto-u-evropskoj-uniji\/#article","isPartOf":{"@id":"https:\/\/www.evropskakuca.me\/me\/crnoj-gori-je-mjesto-u-evropskoj-uniji\/"},"author":{"name":"mkajic","@id":"https:\/\/www.evropskakuca.me\/me\/#\/schema\/person\/a1d0dcdaefe4a1cd1d60d200ea137ba4"},"headline":"Crnoj Gori je mjesto u Evropskoj uniji","datePublished":"2017-05-09T14:00:54+00:00","dateModified":"2025-01-21T12:33:20+00:00","mainEntityOfPage":{"@id":"https:\/\/www.evropskakuca.me\/me\/crnoj-gori-je-mjesto-u-evropskoj-uniji\/"},"wordCount":481,"publisher":{"@id":"https:\/\/www.evropskakuca.me\/me\/#organization"},"image":{"@id":"https:\/\/www.evropskakuca.me\/me\/crnoj-gori-je-mjesto-u-evropskoj-uniji\/#primaryimage"},"thumbnailUrl":"https:\/\/www.evropskakuca.me\/wp-content\/uploads\/2017\/05\/Dan-Evrope-1.jpg","articleSection":["Kampanje i eventi","Novosti"],"inLanguage":"me-ME"},{"@type":"WebPage","@id":"https:\/\/www.evropskakuca.me\/me\/crnoj-gori-je-mjesto-u-evropskoj-uniji\/","url":"https:\/\/www.evropskakuca.me\/me\/crnoj-gori-je-mjesto-u-evropskoj-uniji\/","name":"Crnoj Gori je mjesto u Evropskoj uniji - Europe House","isPartOf":{"@id":"https:\/\/www.evropskakuca.me\/me\/#website"},"primaryImageOfPage":{"@id":"https:\/\/www.evropskakuca.me\/me\/crnoj-gori-je-mjesto-u-evropskoj-uniji\/#primaryimage"},"image":{"@id":"https:\/\/www.evropskakuca.me\/me\/crnoj-gori-je-mjesto-u-evropskoj-uniji\/#primaryimage"},"thumbnailUrl":"https:\/\/www.evropskakuca.me\/wp-content\/uploads\/2017\/05\/Dan-Evrope-1.jpg","datePublished":"2017-05-09T14:00:54+00:00","dateModified":"2025-01-21T12:33:20+00:00","breadcrumb":{"@id":"https:\/\/www.evropskakuca.me\/me\/crnoj-gori-je-mjesto-u-evropskoj-uniji\/#breadcrumb"},"inLanguage":"me-ME","potentialAction":[{"@type":"ReadAction","target":["https:\/\/www.evropskakuca.me\/me\/crnoj-gori-je-mjesto-u-evropskoj-uniji\/"]}]},{"@type":"ImageObject","inLanguage":"me-ME","@id":"https:\/\/www.evropskakuca.me\/me\/crnoj-gori-je-mjesto-u-evropskoj-uniji\/#primaryimage","url":"https:\/\/www.evropskakuca.me\/wp-content\/uploads\/2017\/05\/Dan-Evrope-1.jpg","contentUrl":"https:\/\/www.evropskakuca.me\/wp-content\/uploads\/2017\/05\/Dan-Evrope-1.jpg","width":2028,"height":1352},{"@type":"BreadcrumbList","@id":"https:\/\/www.evropskakuca.me\/me\/crnoj-gori-je-mjesto-u-evropskoj-uniji\/#breadcrumb","itemListElement":[{"@type":"ListItem","position":1,"name":"Home","item":"https:\/\/www.evropskakuca.me\/me\/"},{"@type":"ListItem","position":2,"name":"Crnoj Gori je mjesto u Evropskoj uniji"}]},{"@type":"WebSite","@id":"https:\/\/www.evropskakuca.me\/me\/#website","url":"https:\/\/www.evropskakuca.me\/me\/","name":"Evropean house","description":"","publisher":{"@id":"https:\/\/www.evropskakuca.me\/me\/#organization"},"potentialAction":[{"@type":"SearchAction","target":{"@type":"EntryPoint","urlTemplate":"https:\/\/www.evropskakuca.me\/me\/?s={search_term_string}"},"query-input":{"@type":"PropertyValueSpecification","valueRequired":true,"valueName":"search_term_string"}}],"inLanguage":"me-ME"},{"@type":"Organization","@id":"https:\/\/www.evropskakuca.me\/me\/#organization","name":"Evropean house","url":"https:\/\/www.evropskakuca.me\/me\/","logo":{"@type":"ImageObject","inLanguage":"me-ME","@id":"https:\/\/www.evropskakuca.me\/me\/#\/schema\/logo\/image\/","url":"https:\/\/www.evropskakuca.me\/wp-content\/uploads\/2025\/01\/evropska-kuca-logo-1.png","contentUrl":"https:\/\/www.evropskakuca.me\/wp-content\/uploads\/2025\/01\/evropska-kuca-logo-1.png","width":425,"height":312,"caption":"Evropean house"},"image":{"@id":"https:\/\/www.evropskakuca.me\/me\/#\/schema\/logo\/image\/"},"sameAs":["https:\/\/www.facebook.com\/evropska.kuca","https:\/\/x.com\/evropska_kuca","https:\/\/www.instagram.com\/evropska_kuca"]},{"@type":"Person","@id":"https:\/\/www.evropskakuca.me\/me\/#\/schema\/person\/a1d0dcdaefe4a1cd1d60d200ea137ba4","name":"mkajic","image":{"@type":"ImageObject","inLanguage":"me-ME","@id":"https:\/\/secure.gravatar.com\/avatar\/731fa035cefab7316e6bafd1f25a93fb731a07de14e2d9923f8db4422628eabc?s=96&d=mm&r=g","url":"https:\/\/secure.gravatar.com\/avatar\/731fa035cefab7316e6bafd1f25a93fb731a07de14e2d9923f8db4422628eabc?s=96&d=mm&r=g","contentUrl":"https:\/\/secure.gravatar.com\/avatar\/731fa035cefab7316e6bafd1f25a93fb731a07de14e2d9923f8db4422628eabc?s=96&d=mm&r=g","caption":"mkajic"},"sameAs":["https:\/\/evropskakuca.me"],"url":"https:\/\/www.evropskakuca.me\/me\/author\/mkajic\/"}]}},"_links":{"self":[{"href":"https:\/\/www.evropskakuca.me\/me\/wp-json\/wp\/v2\/posts\/3179","targetHints":{"allow":["GET"]}}],"collection":[{"href":"https:\/\/www.evropskakuca.me\/me\/wp-json\/wp\/v2\/posts"}],"about":[{"href":"https:\/\/www.evropskakuca.me\/me\/wp-json\/wp\/v2\/types\/post"}],"author":[{"embeddable":true,"href":"https:\/\/www.evropskakuca.me\/me\/wp-json\/wp\/v2\/users\/1"}],"replies":[{"embeddable":true,"href":"https:\/\/www.evropskakuca.me\/me\/wp-json\/wp\/v2\/comments?post=3179"}],"version-history":[{"count":1,"href":"https:\/\/www.evropskakuca.me\/me\/wp-json\/wp\/v2\/posts\/3179\/revisions"}],"predecessor-version":[{"id":42512,"href":"https:\/\/www.evropskakuca.me\/me\/wp-json\/wp\/v2\/posts\/3179\/revisions\/42512"}],"wp:featuredmedia":[{"embeddable":true,"href":"https:\/\/www.evropskakuca.me\/me\/wp-json\/wp\/v2\/media\/32584"}],"wp:attachment":[{"href":"https:\/\/www.evropskakuca.me\/me\/wp-json\/wp\/v2\/media?parent=3179"}],"wp:term":[{"taxonomy":"category","embeddable":true,"href":"https:\/\/www.evropskakuca.me\/me\/wp-json\/wp\/v2\/categories?post=3179"},{"taxonomy":"post_tag","embeddable":true,"href":"https:\/\/www.evropskakuca.me\/me\/wp-json\/wp\/v2\/tags?post=3179"}],"curies":[{"name":"wp","href":"https:\/\/api.w.org\/{rel}","templated":true}]}}