{"id":3126,"date":"2017-04-28T14:30:41","date_gmt":"2017-04-28T14:30:41","guid":{"rendered":"http:\/\/www.evropskakuca.me\/me\/?p=3126"},"modified":"2017-04-28T14:30:41","modified_gmt":"2017-04-28T14:30:41","slug":"proslavimo-dan-evrope-zajedno","status":"publish","type":"post","link":"https:\/\/www.evropskakuca.me\/me\/proslavimo-dan-evrope-zajedno\/","title":{"rendered":"Proslavimo Dan Evrope zajedno!"},"content":{"rendered":"<div>\n<p>PODGORICA, 27. april 2016. \u2013 Delegacija Evropske unije u Crnoj Gori, uz podr\u0161ku EU Info centra, tradicionalno \u0107e obilje\u017eiti 9. maj, Dan Evrope. Ove godine obilje\u017eava se 60 godina od potpisivanja Rimskih ugovora i 30 godina postojanja programa Erasmus, najstarijeg programa Evropske unije u oblasti obrazovanja.<\/p>\n<p>U okviru trodnevne proslave, u petak 5. maja, na nik\u0161i\u0107koj tvr\u0111avi Bedem, u saradnji sa Bedem festom, organizujemo DJ \u017eurku posve\u0107enu proslavi tridesetogodi\u0161njice programa Erasmus. Prisutne \u0107e zabavljati crnogorski did\u017eejevi DJ Iron, Petrumatik i Proximus, a zvijezda ve\u010deri je Lea Dobri\u010di\u0107.<\/p>\n<p><img fetchpriority=\"high\" decoding=\"async\" class=\"alignleft wp-image-3136 size-medium\" src=\"http:\/\/www.evropskakuca.me\/wp-content\/uploads\/2017\/04\/Lea-instagram-256x300.jpg\" alt=\"Lea 8\" width=\"256\" height=\"300\" \/><\/p>\n<p>\u201eOva \u017eurka je poklon Evropske unije studentima i mladim ljudima u Crnoj Gori povodom 30 godina postojanja Erasmus programa, jednog od najuspje\u0161nijih programa Evropske unije ikada. U okviru Erasmusa mladi ljudi imaju priliku da putuju u zemlje Evrope i studiraju na tamo\u0161njim univerzitetima, a od skora imaju i priliku za sticanje radnog iskustva u zemljama Evropske unije, \u201c rekao je Stafan Vukoti\u0107 savjetnik za medije i informisanje u Delegaciji Evropske unije u Podgorici.<\/p>\n<p>Zabava u Nik\u0161i\u0107u po\u010dinje u 21 \u010das.<\/p>\n<p>\u201eLijepo je po\u010deti u Nik\u0161i\u0107u, Nik\u0161i\u0107 je tim \u010dinom pozicioniran kao mjesto koje \u0107e imati to zadovoljstvo da svojim sugra\u0111anima i svim gostima i posjetiocima, zahvaljuju\u0107i Delegaciji Evropske unije i EU Info centru, ponudi sjajan program, \u201c rekao je Petar \u0160undi\u0107 iz Bedem festa.<\/p>\n<p><img decoding=\"async\" class=\"alignright wp-image-3139 size-medium\" src=\"http:\/\/www.evropskakuca.me\/wp-content\/uploads\/2017\/04\/vox-instagram-249x300.jpg\" alt=\"vox instagram\" width=\"249\" height=\"300\" \/><\/p>\n<p>Drugog dana proslave, 6. maja, na Trgu Nezavisnosti nastupi\u0107e hor Viva Vox sa po\u010detkom u 21h. Na oba koncerta <b>ulaz je slobodan<\/b>.<\/p>\n<p>U utorak 9. maja 2017, na platou ispred prostorija EU Info centra, u ul. 19. decembra 8, u blizini Gradskog stadiona, sa po\u010detkom u 10 \u010dasova, bi\u0107e uprili\u010den tro\u010dasovni program razli\u010ditih sadr\u017eaja. U okviru dje\u010djeg programa, nastupi\u0107e simfonijski orkestar Muzi\u010dke \u0161kole \u201eVasa Pavi\u0107, \u201c a svoja umije\u0107a predstavi\u0107e mali\u0161ani iz podgori\u010dkih vrti\u0107a i u\u010denici osnovnih \u0161kola. Za najmla\u0111e je pripremljen bogat zabavni program uz u\u010de\u0161\u0107e animatora. Tokom ceremonije proslave bi\u0107e uru\u010dene nagrade u\u010desnicima likovnog konkusa \u201eEvropa \u2013 to smo mi,\u201c u kojem su u\u010destvovale 43 \u0161kole iz 18 op\u0161tina.<\/p>\n<p>Istovremeno na platou ispred EU Info centra, bi\u0107e odr\u017ean Sajam ambasada dr\u017eava-\u010dlanica Evropske unije. Tom prilikom svi posjetioci mo\u0107i \u0107e da se upoznaju sa razli\u010ditostima Unije, osjete duh evropskih kultura, ali i da probaju jela nacionalnih kuhinja dr\u017eava \u010dlanica EU.<\/p>\n<p>U okviru proslave Dana Evrope, Udru\u017eenje likovnih umjetnika Crne Gore \u0107e, pod pokroviteljstvom ambasade Italije u Crnoj Gori, organizovati izlo\u017ebu fotografija poznate umjetnice Tine Modoti. Radovi \u0107e biti izlo\u017eeni u Umjetni\u010dkom paviljonu u Podgorici od 5. do 13. maja 2017. godine, a od 15. do 30. maja fotofrafije \u0107e biti postavljene u Tivtu, u Muzeju pomorskog nasljedja u Porto Montenegru.<\/p>\n<p>Ministarstvo evropskih poslova sa Delegacijom Evropske unije, uz podr\u0161ku EU Info centra,obilje\u017ei\u0107e Dan Evrope u Ulcinju na centralnom gradskom trgu sa po\u010detkom u 12 \u010dasova.<\/p>\n<p>Srda\u010dno pozivamo sve gra\u0111ane da zajedno proslavimo Dan Evrope!<\/p>\n<p><b>O Danu Evrope<\/b><\/p>\n<p><i>Dan Evrope se proslavlja svake godine 9. maja u \u010dast \u0160umanove Deklaracije od 9. maja 1950. godine, u kojoj je tada\u0161nji francuski ministar spoljnih poslova, Robert \u0160uman, predstavio svoju ideju za novi oblik politi\u010dke saradnje u Evropi, koji bi rat me\u0111u narodima Evrope u\u010dinio nezamislivim. Njegova vizija je bila da stvori evropsku instituciju koja bi udru\u017eila i upravljala proizvodnjom uglja i \u010delika. Ugovor koji je udario temelje takvom tijelu potpisan je nepunu godinu kasnije. <\/i><i>\u0160umanov predlog se smatra po\u010detkom onoga \u0161to je danas Evropska unija.<\/i><\/p>\n<\/div>\n","protected":false},"excerpt":{"rendered":"<p>Proslava Dana Evrope 5. 6. i 9. maja u Crnoj Gori<\/p>\n","protected":false},"author":1,"featured_media":32480,"comment_status":"open","ping_status":"open","sticky":false,"template":"","format":"standard","meta":{"_acf_changed":false,"footnotes":""},"categories":[],"tags":[],"class_list":["post-3126","post","type-post","status-publish","format-standard","has-post-thumbnail","hentry"],"acf":[],"yoast_head":"<!-- This site is optimized with the Yoast SEO plugin v27.3 - https:\/\/yoast.com\/product\/yoast-seo-wordpress\/ -->\n<title>Proslavimo Dan Evrope zajedno! - Europe House<\/title>\n<meta name=\"robots\" content=\"index, follow, max-snippet:-1, max-image-preview:large, max-video-preview:-1\" \/>\n<link rel=\"canonical\" href=\"https:\/\/www.evropskakuca.me\/me\/proslavimo-dan-evrope-zajedno\/\" \/>\n<meta property=\"og:locale\" content=\"en_US\" \/>\n<meta property=\"og:type\" content=\"article\" \/>\n<meta property=\"og:title\" content=\"Proslavimo Dan Evrope zajedno! - Europe House\" \/>\n<meta property=\"og:description\" content=\"Proslava Dana Evrope 5. 6. i 9. maja u Crnoj Gori\" \/>\n<meta property=\"og:url\" content=\"https:\/\/www.evropskakuca.me\/me\/proslavimo-dan-evrope-zajedno\/\" \/>\n<meta property=\"og:site_name\" content=\"Europe House\" \/>\n<meta property=\"article:publisher\" content=\"https:\/\/www.facebook.com\/evropska.kuca\" \/>\n<meta property=\"article:published_time\" content=\"2017-04-28T14:30:41+00:00\" \/>\n<meta property=\"og:image\" content=\"https:\/\/www.evropskakuca.me\/wp-content\/uploads\/2017\/04\/FB-Cover-EU-day-Program.jpg\" \/>\n\t<meta property=\"og:image:width\" content=\"2560\" \/>\n\t<meta property=\"og:image:height\" content=\"961\" \/>\n\t<meta property=\"og:image:type\" content=\"image\/jpeg\" \/>\n<meta name=\"author\" content=\"mkajic\" \/>\n<meta name=\"twitter:card\" content=\"summary_large_image\" \/>\n<meta name=\"twitter:creator\" content=\"@evropska_kuca\" \/>\n<meta name=\"twitter:site\" content=\"@evropska_kuca\" \/>\n<meta name=\"twitter:label1\" content=\"Written by\" \/>\n\t<meta name=\"twitter:data1\" content=\"mkajic\" \/>\n\t<meta name=\"twitter:label2\" content=\"Est. reading time\" \/>\n\t<meta name=\"twitter:data2\" content=\"3 minutes\" \/>\n<script type=\"application\/ld+json\" class=\"yoast-schema-graph\">{\"@context\":\"https:\\\/\\\/schema.org\",\"@graph\":[{\"@type\":\"Article\",\"@id\":\"https:\\\/\\\/www.evropskakuca.me\\\/me\\\/proslavimo-dan-evrope-zajedno\\\/#article\",\"isPartOf\":{\"@id\":\"https:\\\/\\\/www.evropskakuca.me\\\/me\\\/proslavimo-dan-evrope-zajedno\\\/\"},\"author\":{\"name\":\"mkajic\",\"@id\":\"https:\\\/\\\/www.evropskakuca.me\\\/me\\\/#\\\/schema\\\/person\\\/a1d0dcdaefe4a1cd1d60d200ea137ba4\"},\"headline\":\"Proslavimo Dan Evrope zajedno!\",\"datePublished\":\"2017-04-28T14:30:41+00:00\",\"mainEntityOfPage\":{\"@id\":\"https:\\\/\\\/www.evropskakuca.me\\\/me\\\/proslavimo-dan-evrope-zajedno\\\/\"},\"wordCount\":589,\"commentCount\":0,\"publisher\":{\"@id\":\"https:\\\/\\\/www.evropskakuca.me\\\/me\\\/#organization\"},\"image\":{\"@id\":\"https:\\\/\\\/www.evropskakuca.me\\\/me\\\/proslavimo-dan-evrope-zajedno\\\/#primaryimage\"},\"thumbnailUrl\":\"https:\\\/\\\/www.evropskakuca.me\\\/wp-content\\\/uploads\\\/2017\\\/04\\\/FB-Cover-EU-day-Program.jpg\",\"inLanguage\":\"me-ME\",\"potentialAction\":[{\"@type\":\"CommentAction\",\"name\":\"Comment\",\"target\":[\"https:\\\/\\\/www.evropskakuca.me\\\/me\\\/proslavimo-dan-evrope-zajedno\\\/#respond\"]}]},{\"@type\":\"WebPage\",\"@id\":\"https:\\\/\\\/www.evropskakuca.me\\\/me\\\/proslavimo-dan-evrope-zajedno\\\/\",\"url\":\"https:\\\/\\\/www.evropskakuca.me\\\/me\\\/proslavimo-dan-evrope-zajedno\\\/\",\"name\":\"Proslavimo Dan Evrope zajedno! - Europe House\",\"isPartOf\":{\"@id\":\"https:\\\/\\\/www.evropskakuca.me\\\/me\\\/#website\"},\"primaryImageOfPage\":{\"@id\":\"https:\\\/\\\/www.evropskakuca.me\\\/me\\\/proslavimo-dan-evrope-zajedno\\\/#primaryimage\"},\"image\":{\"@id\":\"https:\\\/\\\/www.evropskakuca.me\\\/me\\\/proslavimo-dan-evrope-zajedno\\\/#primaryimage\"},\"thumbnailUrl\":\"https:\\\/\\\/www.evropskakuca.me\\\/wp-content\\\/uploads\\\/2017\\\/04\\\/FB-Cover-EU-day-Program.jpg\",\"datePublished\":\"2017-04-28T14:30:41+00:00\",\"breadcrumb\":{\"@id\":\"https:\\\/\\\/www.evropskakuca.me\\\/me\\\/proslavimo-dan-evrope-zajedno\\\/#breadcrumb\"},\"inLanguage\":\"me-ME\",\"potentialAction\":[{\"@type\":\"ReadAction\",\"target\":[\"https:\\\/\\\/www.evropskakuca.me\\\/me\\\/proslavimo-dan-evrope-zajedno\\\/\"]}]},{\"@type\":\"ImageObject\",\"inLanguage\":\"me-ME\",\"@id\":\"https:\\\/\\\/www.evropskakuca.me\\\/me\\\/proslavimo-dan-evrope-zajedno\\\/#primaryimage\",\"url\":\"https:\\\/\\\/www.evropskakuca.me\\\/wp-content\\\/uploads\\\/2017\\\/04\\\/FB-Cover-EU-day-Program.jpg\",\"contentUrl\":\"https:\\\/\\\/www.evropskakuca.me\\\/wp-content\\\/uploads\\\/2017\\\/04\\\/FB-Cover-EU-day-Program.jpg\",\"width\":2560,\"height\":961},{\"@type\":\"BreadcrumbList\",\"@id\":\"https:\\\/\\\/www.evropskakuca.me\\\/me\\\/proslavimo-dan-evrope-zajedno\\\/#breadcrumb\",\"itemListElement\":[{\"@type\":\"ListItem\",\"position\":1,\"name\":\"Home\",\"item\":\"https:\\\/\\\/www.evropskakuca.me\\\/me\\\/\"},{\"@type\":\"ListItem\",\"position\":2,\"name\":\"Proslavimo Dan Evrope zajedno!\"}]},{\"@type\":\"WebSite\",\"@id\":\"https:\\\/\\\/www.evropskakuca.me\\\/me\\\/#website\",\"url\":\"https:\\\/\\\/www.evropskakuca.me\\\/me\\\/\",\"name\":\"Evropean house\",\"description\":\"\",\"publisher\":{\"@id\":\"https:\\\/\\\/www.evropskakuca.me\\\/me\\\/#organization\"},\"potentialAction\":[{\"@type\":\"SearchAction\",\"target\":{\"@type\":\"EntryPoint\",\"urlTemplate\":\"https:\\\/\\\/www.evropskakuca.me\\\/me\\\/?s={search_term_string}\"},\"query-input\":{\"@type\":\"PropertyValueSpecification\",\"valueRequired\":true,\"valueName\":\"search_term_string\"}}],\"inLanguage\":\"me-ME\"},{\"@type\":\"Organization\",\"@id\":\"https:\\\/\\\/www.evropskakuca.me\\\/me\\\/#organization\",\"name\":\"Evropean house\",\"url\":\"https:\\\/\\\/www.evropskakuca.me\\\/me\\\/\",\"logo\":{\"@type\":\"ImageObject\",\"inLanguage\":\"me-ME\",\"@id\":\"https:\\\/\\\/www.evropskakuca.me\\\/me\\\/#\\\/schema\\\/logo\\\/image\\\/\",\"url\":\"https:\\\/\\\/www.evropskakuca.me\\\/wp-content\\\/uploads\\\/2025\\\/01\\\/evropska-kuca-logo-1.png\",\"contentUrl\":\"https:\\\/\\\/www.evropskakuca.me\\\/wp-content\\\/uploads\\\/2025\\\/01\\\/evropska-kuca-logo-1.png\",\"width\":425,\"height\":312,\"caption\":\"Evropean house\"},\"image\":{\"@id\":\"https:\\\/\\\/www.evropskakuca.me\\\/me\\\/#\\\/schema\\\/logo\\\/image\\\/\"},\"sameAs\":[\"https:\\\/\\\/www.facebook.com\\\/evropska.kuca\",\"https:\\\/\\\/x.com\\\/evropska_kuca\",\"https:\\\/\\\/www.instagram.com\\\/evropska_kuca\"]},{\"@type\":\"Person\",\"@id\":\"https:\\\/\\\/www.evropskakuca.me\\\/me\\\/#\\\/schema\\\/person\\\/a1d0dcdaefe4a1cd1d60d200ea137ba4\",\"name\":\"mkajic\",\"image\":{\"@type\":\"ImageObject\",\"inLanguage\":\"me-ME\",\"@id\":\"https:\\\/\\\/secure.gravatar.com\\\/avatar\\\/731fa035cefab7316e6bafd1f25a93fb731a07de14e2d9923f8db4422628eabc?s=96&d=mm&r=g\",\"url\":\"https:\\\/\\\/secure.gravatar.com\\\/avatar\\\/731fa035cefab7316e6bafd1f25a93fb731a07de14e2d9923f8db4422628eabc?s=96&d=mm&r=g\",\"contentUrl\":\"https:\\\/\\\/secure.gravatar.com\\\/avatar\\\/731fa035cefab7316e6bafd1f25a93fb731a07de14e2d9923f8db4422628eabc?s=96&d=mm&r=g\",\"caption\":\"mkajic\"},\"sameAs\":[\"https:\\\/\\\/evropskakuca.me\"],\"url\":\"https:\\\/\\\/www.evropskakuca.me\\\/me\\\/author\\\/mkajic\\\/\"}]}<\/script>\n<!-- \/ Yoast SEO plugin. -->","yoast_head_json":{"title":"Proslavimo Dan Evrope zajedno! - Europe House","robots":{"index":"index","follow":"follow","max-snippet":"max-snippet:-1","max-image-preview":"max-image-preview:large","max-video-preview":"max-video-preview:-1"},"canonical":"https:\/\/www.evropskakuca.me\/me\/proslavimo-dan-evrope-zajedno\/","og_locale":"en_US","og_type":"article","og_title":"Proslavimo Dan Evrope zajedno! - Europe House","og_description":"Proslava Dana Evrope 5. 6. i 9. maja u Crnoj Gori","og_url":"https:\/\/www.evropskakuca.me\/me\/proslavimo-dan-evrope-zajedno\/","og_site_name":"Europe House","article_publisher":"https:\/\/www.facebook.com\/evropska.kuca","article_published_time":"2017-04-28T14:30:41+00:00","og_image":[{"width":2560,"height":961,"url":"https:\/\/www.evropskakuca.me\/wp-content\/uploads\/2017\/04\/FB-Cover-EU-day-Program.jpg","type":"image\/jpeg"}],"author":"mkajic","twitter_card":"summary_large_image","twitter_creator":"@evropska_kuca","twitter_site":"@evropska_kuca","twitter_misc":{"Written by":"mkajic","Est. reading time":"3 minutes"},"schema":{"@context":"https:\/\/schema.org","@graph":[{"@type":"Article","@id":"https:\/\/www.evropskakuca.me\/me\/proslavimo-dan-evrope-zajedno\/#article","isPartOf":{"@id":"https:\/\/www.evropskakuca.me\/me\/proslavimo-dan-evrope-zajedno\/"},"author":{"name":"mkajic","@id":"https:\/\/www.evropskakuca.me\/me\/#\/schema\/person\/a1d0dcdaefe4a1cd1d60d200ea137ba4"},"headline":"Proslavimo Dan Evrope zajedno!","datePublished":"2017-04-28T14:30:41+00:00","mainEntityOfPage":{"@id":"https:\/\/www.evropskakuca.me\/me\/proslavimo-dan-evrope-zajedno\/"},"wordCount":589,"commentCount":0,"publisher":{"@id":"https:\/\/www.evropskakuca.me\/me\/#organization"},"image":{"@id":"https:\/\/www.evropskakuca.me\/me\/proslavimo-dan-evrope-zajedno\/#primaryimage"},"thumbnailUrl":"https:\/\/www.evropskakuca.me\/wp-content\/uploads\/2017\/04\/FB-Cover-EU-day-Program.jpg","inLanguage":"me-ME","potentialAction":[{"@type":"CommentAction","name":"Comment","target":["https:\/\/www.evropskakuca.me\/me\/proslavimo-dan-evrope-zajedno\/#respond"]}]},{"@type":"WebPage","@id":"https:\/\/www.evropskakuca.me\/me\/proslavimo-dan-evrope-zajedno\/","url":"https:\/\/www.evropskakuca.me\/me\/proslavimo-dan-evrope-zajedno\/","name":"Proslavimo Dan Evrope zajedno! - Europe House","isPartOf":{"@id":"https:\/\/www.evropskakuca.me\/me\/#website"},"primaryImageOfPage":{"@id":"https:\/\/www.evropskakuca.me\/me\/proslavimo-dan-evrope-zajedno\/#primaryimage"},"image":{"@id":"https:\/\/www.evropskakuca.me\/me\/proslavimo-dan-evrope-zajedno\/#primaryimage"},"thumbnailUrl":"https:\/\/www.evropskakuca.me\/wp-content\/uploads\/2017\/04\/FB-Cover-EU-day-Program.jpg","datePublished":"2017-04-28T14:30:41+00:00","breadcrumb":{"@id":"https:\/\/www.evropskakuca.me\/me\/proslavimo-dan-evrope-zajedno\/#breadcrumb"},"inLanguage":"me-ME","potentialAction":[{"@type":"ReadAction","target":["https:\/\/www.evropskakuca.me\/me\/proslavimo-dan-evrope-zajedno\/"]}]},{"@type":"ImageObject","inLanguage":"me-ME","@id":"https:\/\/www.evropskakuca.me\/me\/proslavimo-dan-evrope-zajedno\/#primaryimage","url":"https:\/\/www.evropskakuca.me\/wp-content\/uploads\/2017\/04\/FB-Cover-EU-day-Program.jpg","contentUrl":"https:\/\/www.evropskakuca.me\/wp-content\/uploads\/2017\/04\/FB-Cover-EU-day-Program.jpg","width":2560,"height":961},{"@type":"BreadcrumbList","@id":"https:\/\/www.evropskakuca.me\/me\/proslavimo-dan-evrope-zajedno\/#breadcrumb","itemListElement":[{"@type":"ListItem","position":1,"name":"Home","item":"https:\/\/www.evropskakuca.me\/me\/"},{"@type":"ListItem","position":2,"name":"Proslavimo Dan Evrope zajedno!"}]},{"@type":"WebSite","@id":"https:\/\/www.evropskakuca.me\/me\/#website","url":"https:\/\/www.evropskakuca.me\/me\/","name":"Evropean house","description":"","publisher":{"@id":"https:\/\/www.evropskakuca.me\/me\/#organization"},"potentialAction":[{"@type":"SearchAction","target":{"@type":"EntryPoint","urlTemplate":"https:\/\/www.evropskakuca.me\/me\/?s={search_term_string}"},"query-input":{"@type":"PropertyValueSpecification","valueRequired":true,"valueName":"search_term_string"}}],"inLanguage":"me-ME"},{"@type":"Organization","@id":"https:\/\/www.evropskakuca.me\/me\/#organization","name":"Evropean house","url":"https:\/\/www.evropskakuca.me\/me\/","logo":{"@type":"ImageObject","inLanguage":"me-ME","@id":"https:\/\/www.evropskakuca.me\/me\/#\/schema\/logo\/image\/","url":"https:\/\/www.evropskakuca.me\/wp-content\/uploads\/2025\/01\/evropska-kuca-logo-1.png","contentUrl":"https:\/\/www.evropskakuca.me\/wp-content\/uploads\/2025\/01\/evropska-kuca-logo-1.png","width":425,"height":312,"caption":"Evropean house"},"image":{"@id":"https:\/\/www.evropskakuca.me\/me\/#\/schema\/logo\/image\/"},"sameAs":["https:\/\/www.facebook.com\/evropska.kuca","https:\/\/x.com\/evropska_kuca","https:\/\/www.instagram.com\/evropska_kuca"]},{"@type":"Person","@id":"https:\/\/www.evropskakuca.me\/me\/#\/schema\/person\/a1d0dcdaefe4a1cd1d60d200ea137ba4","name":"mkajic","image":{"@type":"ImageObject","inLanguage":"me-ME","@id":"https:\/\/secure.gravatar.com\/avatar\/731fa035cefab7316e6bafd1f25a93fb731a07de14e2d9923f8db4422628eabc?s=96&d=mm&r=g","url":"https:\/\/secure.gravatar.com\/avatar\/731fa035cefab7316e6bafd1f25a93fb731a07de14e2d9923f8db4422628eabc?s=96&d=mm&r=g","contentUrl":"https:\/\/secure.gravatar.com\/avatar\/731fa035cefab7316e6bafd1f25a93fb731a07de14e2d9923f8db4422628eabc?s=96&d=mm&r=g","caption":"mkajic"},"sameAs":["https:\/\/evropskakuca.me"],"url":"https:\/\/www.evropskakuca.me\/me\/author\/mkajic\/"}]}},"_links":{"self":[{"href":"https:\/\/www.evropskakuca.me\/me\/wp-json\/wp\/v2\/posts\/3126","targetHints":{"allow":["GET"]}}],"collection":[{"href":"https:\/\/www.evropskakuca.me\/me\/wp-json\/wp\/v2\/posts"}],"about":[{"href":"https:\/\/www.evropskakuca.me\/me\/wp-json\/wp\/v2\/types\/post"}],"author":[{"embeddable":true,"href":"https:\/\/www.evropskakuca.me\/me\/wp-json\/wp\/v2\/users\/1"}],"replies":[{"embeddable":true,"href":"https:\/\/www.evropskakuca.me\/me\/wp-json\/wp\/v2\/comments?post=3126"}],"version-history":[{"count":0,"href":"https:\/\/www.evropskakuca.me\/me\/wp-json\/wp\/v2\/posts\/3126\/revisions"}],"wp:featuredmedia":[{"embeddable":true,"href":"https:\/\/www.evropskakuca.me\/me\/wp-json\/wp\/v2\/media\/32480"}],"wp:attachment":[{"href":"https:\/\/www.evropskakuca.me\/me\/wp-json\/wp\/v2\/media?parent=3126"}],"wp:term":[{"taxonomy":"category","embeddable":true,"href":"https:\/\/www.evropskakuca.me\/me\/wp-json\/wp\/v2\/categories?post=3126"},{"taxonomy":"post_tag","embeddable":true,"href":"https:\/\/www.evropskakuca.me\/me\/wp-json\/wp\/v2\/tags?post=3126"}],"curies":[{"name":"wp","href":"https:\/\/api.w.org\/{rel}","templated":true}]}}