{"id":3122,"date":"2017-04-26T19:44:54","date_gmt":"2017-04-26T19:44:54","guid":{"rendered":"http:\/\/www.evropskakuca.me\/me\/?p=3122"},"modified":"2017-04-26T19:44:54","modified_gmt":"2017-04-26T19:44:54","slug":"eu-integracija-crne-gore-prica-o-pozitivnim-rezultatima-za-gradane","status":"publish","type":"post","link":"https:\/\/www.evropskakuca.me\/me\/eu-integracija-crne-gore-prica-o-pozitivnim-rezultatima-za-gradane\/","title":{"rendered":"EU integracija Crne Gore &#8211; pri\u010da o pozitivnim rezultatima za gra\u0111ane"},"content":{"rendered":"<p>PODGORICA, 26. april 2016. &#8211; Govore\u0107i na javnoj debati o integraciji Crne Gore u Evropsku uniju, pod nazivom \u201eIzazovi i dalji koraci\u201c, ambasador EU u Crnoj Gori, Aivo Orav, poru\u010dio je brojnoj publici okupljenoj u EU Info centru, da je najbolje fokusirati se ne na sami proces integracije zemlje, koji je za mnoge apstraktan, ve\u0107 na njegove rezultate, koji su ve\u0107 prisutni u Crnoj Gori.<\/p>\n<p>\u201eZahvaljuju\u0107i pravilima EU koja su primijenjena ovdje u Crnoj Gori, hrana je postala bezbjednija, ali i igra\u010dke za djecu. Osnivanjem Agencije za borbu protiv korupcije, Crnogorci su dobili adresu za prijavu korupcije, dok bolja oprema za poljoprivrednike poma\u017ee da se pove\u0107a poljoprivredna proizvodnja\u201c, rekao je ambasador Orav.<\/p>\n<p>On je istakao da smo u zadnje vrijeme \u010duli previ\u0161e pesimizma o EU, ali da \u201etreba da budemo pozitivniji u na\u0161em pristupu i trebamo biti ponosni na ono \u0161to smo zajedni\u010dki uradili\u201c.<\/p>\n<p>Ministar evropskih poslova Aleksandar Andrija Pejovi\u0107 predstavio je klju\u010dna Vladina dostignu\u0107a u procesu integracije Crne Gore u EU i planirane budu\u0107e korake. On je rekao da Crna Gora ove godine planira da otvori 7 preostalih pregovara\u010dka poglavlja, ali i da u\u0111e u fazu zatvaranja poglavlja \u0161to \u0107e omogu\u0107iti i da se sagleda kraj \u010ditavog procesa.<\/p>\n<p>Govore\u0107i o jednoj od najva\u017enijih oblasti reformi &#8211; vladavini prava, ministar Pejovi\u0107 je kazao da je u prethodnom periodu Crna Gora zaokru\u017eila cjelokupno zakonodavstvo i osnovala relevantne institucije u toj oblasti, i da to sada proizvodi rezultate. \u201eRad dr\u017eavnog tu\u017eila\u0161tva pokazuje kako sistem koji smo kreirali sa EU daje rezultate. Nakon perioda u kojem se nismo mogli pohvaliti rezultate u borbi protiv korupcije i organizovanog kriminala, danas imamo sve vi\u0161e optu\u017enica i sudskih postupaka\u201c, rekao je ministar Pejovi\u0107.<\/p>\n<p>Doma\u0107in doga\u0111aja bila je profesorica Gordana \u0110urovi\u0107, vode\u0107a akademska ekspertkinja za pitanja integracije u EU i autorka knjige \u201e<a href=\"http:\/\/www.evropskakuca.me\/eu-publications\/\">Evropska unija i Crna Gora\u201c<\/a> . Knjiga je proizvedena u saradnji s EU Info centrom, i daje pregled integracije EU, makrosistema EU, njenih temeljnih vrijednosti, njene politike pro\u0161irenja u odnosu na Crnu Goru, te procjene napretka, ali i analizu u\u010dinaka i tro\u0161kova pristupanja Crne Gore. Ona tu zaklju\u010duje da su \u201eop\u0161te koristi od integracija mnogo ve\u0107e nego tro\u0161kovi, odnosno investicije. O\u010dekivanja gra\u0111ana krajnje su pozitivna u tom kontekstu i evropska integracija ostaje stabilan prioritet, tako da su akteri procesa i politi\u010dki lideri \u201eprozvani\u201c da nastave ovaj proces\u201c, rekla je prof. \u0110urovi\u0107.<\/p>\n<p>U\u010desnik debate bio je i Adrijan Vuksanovi\u0107, Predsjednik Odbora za evropske integracije u Skup\u0161tini Crne Gore, koji je govorio o evropskim vrijednostima i tome \u0161ta one zna\u010de za crnogorske gra\u0111ane.<\/p>\n","protected":false},"excerpt":{"rendered":"<p>\u201eTreba da budemo pozitivniji u na\u0161em pristupu i trebamo biti ponosni na ono \u0161to smo zajedni\u010dki uradili\u201c, EU ambasador Aivo Orav<\/p>\n","protected":false},"author":1,"featured_media":32476,"comment_status":"open","ping_status":"open","sticky":false,"template":"","format":"standard","meta":{"_acf_changed":false,"footnotes":""},"categories":[],"tags":[],"class_list":["post-3122","post","type-post","status-publish","format-standard","has-post-thumbnail","hentry"],"acf":[],"yoast_head":"<!-- This site is optimized with the Yoast SEO plugin v27.3 - https:\/\/yoast.com\/product\/yoast-seo-wordpress\/ -->\n<title>EU integracija Crne Gore - pri\u010da o pozitivnim rezultatima za gra\u0111ane - Europe House<\/title>\n<meta name=\"robots\" content=\"index, follow, max-snippet:-1, max-image-preview:large, max-video-preview:-1\" \/>\n<link rel=\"canonical\" href=\"https:\/\/www.evropskakuca.me\/me\/eu-integracija-crne-gore-prica-o-pozitivnim-rezultatima-za-gradane\/\" \/>\n<meta property=\"og:locale\" content=\"en_US\" \/>\n<meta property=\"og:type\" content=\"article\" \/>\n<meta property=\"og:title\" content=\"EU integracija Crne Gore - pri\u010da o pozitivnim rezultatima za gra\u0111ane - Europe House\" \/>\n<meta property=\"og:description\" content=\"\u201eTreba da budemo pozitivniji u na\u0161em pristupu i trebamo biti ponosni na ono \u0161to smo zajedni\u010dki uradili\u201c, EU ambasador Aivo Orav\" \/>\n<meta property=\"og:url\" content=\"https:\/\/www.evropskakuca.me\/me\/eu-integracija-crne-gore-prica-o-pozitivnim-rezultatima-za-gradane\/\" \/>\n<meta property=\"og:site_name\" content=\"Europe House\" \/>\n<meta property=\"article:publisher\" content=\"https:\/\/www.facebook.com\/evropska.kuca\" \/>\n<meta property=\"article:published_time\" content=\"2017-04-26T19:44:54+00:00\" \/>\n<meta property=\"og:image\" content=\"https:\/\/www.evropskakuca.me\/wp-content\/uploads\/2017\/04\/2017_04_26_Djurovic_knjiga-7.jpg\" \/>\n\t<meta property=\"og:image:width\" content=\"2028\" \/>\n\t<meta property=\"og:image:height\" content=\"1352\" \/>\n\t<meta property=\"og:image:type\" content=\"image\/jpeg\" \/>\n<meta name=\"author\" content=\"mkajic\" \/>\n<meta name=\"twitter:card\" content=\"summary_large_image\" \/>\n<meta name=\"twitter:creator\" content=\"@evropska_kuca\" \/>\n<meta name=\"twitter:site\" content=\"@evropska_kuca\" \/>\n<meta name=\"twitter:label1\" content=\"Written by\" \/>\n\t<meta name=\"twitter:data1\" content=\"mkajic\" \/>\n\t<meta name=\"twitter:label2\" content=\"Est. reading time\" \/>\n\t<meta name=\"twitter:data2\" content=\"2 minutes\" \/>\n<script type=\"application\/ld+json\" class=\"yoast-schema-graph\">{\"@context\":\"https:\\\/\\\/schema.org\",\"@graph\":[{\"@type\":\"Article\",\"@id\":\"https:\\\/\\\/www.evropskakuca.me\\\/me\\\/eu-integracija-crne-gore-prica-o-pozitivnim-rezultatima-za-gradane\\\/#article\",\"isPartOf\":{\"@id\":\"https:\\\/\\\/www.evropskakuca.me\\\/me\\\/eu-integracija-crne-gore-prica-o-pozitivnim-rezultatima-za-gradane\\\/\"},\"author\":{\"name\":\"mkajic\",\"@id\":\"https:\\\/\\\/www.evropskakuca.me\\\/me\\\/#\\\/schema\\\/person\\\/a1d0dcdaefe4a1cd1d60d200ea137ba4\"},\"headline\":\"EU integracija Crne Gore &#8211; pri\u010da o pozitivnim rezultatima za gra\u0111ane\",\"datePublished\":\"2017-04-26T19:44:54+00:00\",\"mainEntityOfPage\":{\"@id\":\"https:\\\/\\\/www.evropskakuca.me\\\/me\\\/eu-integracija-crne-gore-prica-o-pozitivnim-rezultatima-za-gradane\\\/\"},\"wordCount\":465,\"commentCount\":0,\"publisher\":{\"@id\":\"https:\\\/\\\/www.evropskakuca.me\\\/me\\\/#organization\"},\"image\":{\"@id\":\"https:\\\/\\\/www.evropskakuca.me\\\/me\\\/eu-integracija-crne-gore-prica-o-pozitivnim-rezultatima-za-gradane\\\/#primaryimage\"},\"thumbnailUrl\":\"https:\\\/\\\/www.evropskakuca.me\\\/wp-content\\\/uploads\\\/2017\\\/04\\\/2017_04_26_Djurovic_knjiga-7.jpg\",\"inLanguage\":\"me-ME\",\"potentialAction\":[{\"@type\":\"CommentAction\",\"name\":\"Comment\",\"target\":[\"https:\\\/\\\/www.evropskakuca.me\\\/me\\\/eu-integracija-crne-gore-prica-o-pozitivnim-rezultatima-za-gradane\\\/#respond\"]}]},{\"@type\":\"WebPage\",\"@id\":\"https:\\\/\\\/www.evropskakuca.me\\\/me\\\/eu-integracija-crne-gore-prica-o-pozitivnim-rezultatima-za-gradane\\\/\",\"url\":\"https:\\\/\\\/www.evropskakuca.me\\\/me\\\/eu-integracija-crne-gore-prica-o-pozitivnim-rezultatima-za-gradane\\\/\",\"name\":\"EU integracija Crne Gore - pri\u010da o pozitivnim rezultatima za gra\u0111ane - Europe House\",\"isPartOf\":{\"@id\":\"https:\\\/\\\/www.evropskakuca.me\\\/me\\\/#website\"},\"primaryImageOfPage\":{\"@id\":\"https:\\\/\\\/www.evropskakuca.me\\\/me\\\/eu-integracija-crne-gore-prica-o-pozitivnim-rezultatima-za-gradane\\\/#primaryimage\"},\"image\":{\"@id\":\"https:\\\/\\\/www.evropskakuca.me\\\/me\\\/eu-integracija-crne-gore-prica-o-pozitivnim-rezultatima-za-gradane\\\/#primaryimage\"},\"thumbnailUrl\":\"https:\\\/\\\/www.evropskakuca.me\\\/wp-content\\\/uploads\\\/2017\\\/04\\\/2017_04_26_Djurovic_knjiga-7.jpg\",\"datePublished\":\"2017-04-26T19:44:54+00:00\",\"breadcrumb\":{\"@id\":\"https:\\\/\\\/www.evropskakuca.me\\\/me\\\/eu-integracija-crne-gore-prica-o-pozitivnim-rezultatima-za-gradane\\\/#breadcrumb\"},\"inLanguage\":\"me-ME\",\"potentialAction\":[{\"@type\":\"ReadAction\",\"target\":[\"https:\\\/\\\/www.evropskakuca.me\\\/me\\\/eu-integracija-crne-gore-prica-o-pozitivnim-rezultatima-za-gradane\\\/\"]}]},{\"@type\":\"ImageObject\",\"inLanguage\":\"me-ME\",\"@id\":\"https:\\\/\\\/www.evropskakuca.me\\\/me\\\/eu-integracija-crne-gore-prica-o-pozitivnim-rezultatima-za-gradane\\\/#primaryimage\",\"url\":\"https:\\\/\\\/www.evropskakuca.me\\\/wp-content\\\/uploads\\\/2017\\\/04\\\/2017_04_26_Djurovic_knjiga-7.jpg\",\"contentUrl\":\"https:\\\/\\\/www.evropskakuca.me\\\/wp-content\\\/uploads\\\/2017\\\/04\\\/2017_04_26_Djurovic_knjiga-7.jpg\",\"width\":2028,\"height\":1352},{\"@type\":\"BreadcrumbList\",\"@id\":\"https:\\\/\\\/www.evropskakuca.me\\\/me\\\/eu-integracija-crne-gore-prica-o-pozitivnim-rezultatima-za-gradane\\\/#breadcrumb\",\"itemListElement\":[{\"@type\":\"ListItem\",\"position\":1,\"name\":\"Home\",\"item\":\"https:\\\/\\\/www.evropskakuca.me\\\/me\\\/\"},{\"@type\":\"ListItem\",\"position\":2,\"name\":\"EU integracija Crne Gore &#8211; pri\u010da o pozitivnim rezultatima za gra\u0111ane\"}]},{\"@type\":\"WebSite\",\"@id\":\"https:\\\/\\\/www.evropskakuca.me\\\/me\\\/#website\",\"url\":\"https:\\\/\\\/www.evropskakuca.me\\\/me\\\/\",\"name\":\"Evropean house\",\"description\":\"\",\"publisher\":{\"@id\":\"https:\\\/\\\/www.evropskakuca.me\\\/me\\\/#organization\"},\"potentialAction\":[{\"@type\":\"SearchAction\",\"target\":{\"@type\":\"EntryPoint\",\"urlTemplate\":\"https:\\\/\\\/www.evropskakuca.me\\\/me\\\/?s={search_term_string}\"},\"query-input\":{\"@type\":\"PropertyValueSpecification\",\"valueRequired\":true,\"valueName\":\"search_term_string\"}}],\"inLanguage\":\"me-ME\"},{\"@type\":\"Organization\",\"@id\":\"https:\\\/\\\/www.evropskakuca.me\\\/me\\\/#organization\",\"name\":\"Evropean house\",\"url\":\"https:\\\/\\\/www.evropskakuca.me\\\/me\\\/\",\"logo\":{\"@type\":\"ImageObject\",\"inLanguage\":\"me-ME\",\"@id\":\"https:\\\/\\\/www.evropskakuca.me\\\/me\\\/#\\\/schema\\\/logo\\\/image\\\/\",\"url\":\"https:\\\/\\\/www.evropskakuca.me\\\/wp-content\\\/uploads\\\/2025\\\/01\\\/evropska-kuca-logo-1.png\",\"contentUrl\":\"https:\\\/\\\/www.evropskakuca.me\\\/wp-content\\\/uploads\\\/2025\\\/01\\\/evropska-kuca-logo-1.png\",\"width\":425,\"height\":312,\"caption\":\"Evropean house\"},\"image\":{\"@id\":\"https:\\\/\\\/www.evropskakuca.me\\\/me\\\/#\\\/schema\\\/logo\\\/image\\\/\"},\"sameAs\":[\"https:\\\/\\\/www.facebook.com\\\/evropska.kuca\",\"https:\\\/\\\/x.com\\\/evropska_kuca\",\"https:\\\/\\\/www.instagram.com\\\/evropska_kuca\"]},{\"@type\":\"Person\",\"@id\":\"https:\\\/\\\/www.evropskakuca.me\\\/me\\\/#\\\/schema\\\/person\\\/a1d0dcdaefe4a1cd1d60d200ea137ba4\",\"name\":\"mkajic\",\"image\":{\"@type\":\"ImageObject\",\"inLanguage\":\"me-ME\",\"@id\":\"https:\\\/\\\/secure.gravatar.com\\\/avatar\\\/731fa035cefab7316e6bafd1f25a93fb731a07de14e2d9923f8db4422628eabc?s=96&d=mm&r=g\",\"url\":\"https:\\\/\\\/secure.gravatar.com\\\/avatar\\\/731fa035cefab7316e6bafd1f25a93fb731a07de14e2d9923f8db4422628eabc?s=96&d=mm&r=g\",\"contentUrl\":\"https:\\\/\\\/secure.gravatar.com\\\/avatar\\\/731fa035cefab7316e6bafd1f25a93fb731a07de14e2d9923f8db4422628eabc?s=96&d=mm&r=g\",\"caption\":\"mkajic\"},\"sameAs\":[\"https:\\\/\\\/evropskakuca.me\"],\"url\":\"https:\\\/\\\/www.evropskakuca.me\\\/me\\\/author\\\/mkajic\\\/\"}]}<\/script>\n<!-- \/ Yoast SEO plugin. -->","yoast_head_json":{"title":"EU integracija Crne Gore - pri\u010da o pozitivnim rezultatima za gra\u0111ane - Europe House","robots":{"index":"index","follow":"follow","max-snippet":"max-snippet:-1","max-image-preview":"max-image-preview:large","max-video-preview":"max-video-preview:-1"},"canonical":"https:\/\/www.evropskakuca.me\/me\/eu-integracija-crne-gore-prica-o-pozitivnim-rezultatima-za-gradane\/","og_locale":"en_US","og_type":"article","og_title":"EU integracija Crne Gore - pri\u010da o pozitivnim rezultatima za gra\u0111ane - Europe House","og_description":"\u201eTreba da budemo pozitivniji u na\u0161em pristupu i trebamo biti ponosni na ono \u0161to smo zajedni\u010dki uradili\u201c, EU ambasador Aivo Orav","og_url":"https:\/\/www.evropskakuca.me\/me\/eu-integracija-crne-gore-prica-o-pozitivnim-rezultatima-za-gradane\/","og_site_name":"Europe House","article_publisher":"https:\/\/www.facebook.com\/evropska.kuca","article_published_time":"2017-04-26T19:44:54+00:00","og_image":[{"width":2028,"height":1352,"url":"https:\/\/www.evropskakuca.me\/wp-content\/uploads\/2017\/04\/2017_04_26_Djurovic_knjiga-7.jpg","type":"image\/jpeg"}],"author":"mkajic","twitter_card":"summary_large_image","twitter_creator":"@evropska_kuca","twitter_site":"@evropska_kuca","twitter_misc":{"Written by":"mkajic","Est. reading time":"2 minutes"},"schema":{"@context":"https:\/\/schema.org","@graph":[{"@type":"Article","@id":"https:\/\/www.evropskakuca.me\/me\/eu-integracija-crne-gore-prica-o-pozitivnim-rezultatima-za-gradane\/#article","isPartOf":{"@id":"https:\/\/www.evropskakuca.me\/me\/eu-integracija-crne-gore-prica-o-pozitivnim-rezultatima-za-gradane\/"},"author":{"name":"mkajic","@id":"https:\/\/www.evropskakuca.me\/me\/#\/schema\/person\/a1d0dcdaefe4a1cd1d60d200ea137ba4"},"headline":"EU integracija Crne Gore &#8211; pri\u010da o pozitivnim rezultatima za gra\u0111ane","datePublished":"2017-04-26T19:44:54+00:00","mainEntityOfPage":{"@id":"https:\/\/www.evropskakuca.me\/me\/eu-integracija-crne-gore-prica-o-pozitivnim-rezultatima-za-gradane\/"},"wordCount":465,"commentCount":0,"publisher":{"@id":"https:\/\/www.evropskakuca.me\/me\/#organization"},"image":{"@id":"https:\/\/www.evropskakuca.me\/me\/eu-integracija-crne-gore-prica-o-pozitivnim-rezultatima-za-gradane\/#primaryimage"},"thumbnailUrl":"https:\/\/www.evropskakuca.me\/wp-content\/uploads\/2017\/04\/2017_04_26_Djurovic_knjiga-7.jpg","inLanguage":"me-ME","potentialAction":[{"@type":"CommentAction","name":"Comment","target":["https:\/\/www.evropskakuca.me\/me\/eu-integracija-crne-gore-prica-o-pozitivnim-rezultatima-za-gradane\/#respond"]}]},{"@type":"WebPage","@id":"https:\/\/www.evropskakuca.me\/me\/eu-integracija-crne-gore-prica-o-pozitivnim-rezultatima-za-gradane\/","url":"https:\/\/www.evropskakuca.me\/me\/eu-integracija-crne-gore-prica-o-pozitivnim-rezultatima-za-gradane\/","name":"EU integracija Crne Gore - pri\u010da o pozitivnim rezultatima za gra\u0111ane - Europe House","isPartOf":{"@id":"https:\/\/www.evropskakuca.me\/me\/#website"},"primaryImageOfPage":{"@id":"https:\/\/www.evropskakuca.me\/me\/eu-integracija-crne-gore-prica-o-pozitivnim-rezultatima-za-gradane\/#primaryimage"},"image":{"@id":"https:\/\/www.evropskakuca.me\/me\/eu-integracija-crne-gore-prica-o-pozitivnim-rezultatima-za-gradane\/#primaryimage"},"thumbnailUrl":"https:\/\/www.evropskakuca.me\/wp-content\/uploads\/2017\/04\/2017_04_26_Djurovic_knjiga-7.jpg","datePublished":"2017-04-26T19:44:54+00:00","breadcrumb":{"@id":"https:\/\/www.evropskakuca.me\/me\/eu-integracija-crne-gore-prica-o-pozitivnim-rezultatima-za-gradane\/#breadcrumb"},"inLanguage":"me-ME","potentialAction":[{"@type":"ReadAction","target":["https:\/\/www.evropskakuca.me\/me\/eu-integracija-crne-gore-prica-o-pozitivnim-rezultatima-za-gradane\/"]}]},{"@type":"ImageObject","inLanguage":"me-ME","@id":"https:\/\/www.evropskakuca.me\/me\/eu-integracija-crne-gore-prica-o-pozitivnim-rezultatima-za-gradane\/#primaryimage","url":"https:\/\/www.evropskakuca.me\/wp-content\/uploads\/2017\/04\/2017_04_26_Djurovic_knjiga-7.jpg","contentUrl":"https:\/\/www.evropskakuca.me\/wp-content\/uploads\/2017\/04\/2017_04_26_Djurovic_knjiga-7.jpg","width":2028,"height":1352},{"@type":"BreadcrumbList","@id":"https:\/\/www.evropskakuca.me\/me\/eu-integracija-crne-gore-prica-o-pozitivnim-rezultatima-za-gradane\/#breadcrumb","itemListElement":[{"@type":"ListItem","position":1,"name":"Home","item":"https:\/\/www.evropskakuca.me\/me\/"},{"@type":"ListItem","position":2,"name":"EU integracija Crne Gore &#8211; pri\u010da o pozitivnim rezultatima za gra\u0111ane"}]},{"@type":"WebSite","@id":"https:\/\/www.evropskakuca.me\/me\/#website","url":"https:\/\/www.evropskakuca.me\/me\/","name":"Evropean house","description":"","publisher":{"@id":"https:\/\/www.evropskakuca.me\/me\/#organization"},"potentialAction":[{"@type":"SearchAction","target":{"@type":"EntryPoint","urlTemplate":"https:\/\/www.evropskakuca.me\/me\/?s={search_term_string}"},"query-input":{"@type":"PropertyValueSpecification","valueRequired":true,"valueName":"search_term_string"}}],"inLanguage":"me-ME"},{"@type":"Organization","@id":"https:\/\/www.evropskakuca.me\/me\/#organization","name":"Evropean house","url":"https:\/\/www.evropskakuca.me\/me\/","logo":{"@type":"ImageObject","inLanguage":"me-ME","@id":"https:\/\/www.evropskakuca.me\/me\/#\/schema\/logo\/image\/","url":"https:\/\/www.evropskakuca.me\/wp-content\/uploads\/2025\/01\/evropska-kuca-logo-1.png","contentUrl":"https:\/\/www.evropskakuca.me\/wp-content\/uploads\/2025\/01\/evropska-kuca-logo-1.png","width":425,"height":312,"caption":"Evropean house"},"image":{"@id":"https:\/\/www.evropskakuca.me\/me\/#\/schema\/logo\/image\/"},"sameAs":["https:\/\/www.facebook.com\/evropska.kuca","https:\/\/x.com\/evropska_kuca","https:\/\/www.instagram.com\/evropska_kuca"]},{"@type":"Person","@id":"https:\/\/www.evropskakuca.me\/me\/#\/schema\/person\/a1d0dcdaefe4a1cd1d60d200ea137ba4","name":"mkajic","image":{"@type":"ImageObject","inLanguage":"me-ME","@id":"https:\/\/secure.gravatar.com\/avatar\/731fa035cefab7316e6bafd1f25a93fb731a07de14e2d9923f8db4422628eabc?s=96&d=mm&r=g","url":"https:\/\/secure.gravatar.com\/avatar\/731fa035cefab7316e6bafd1f25a93fb731a07de14e2d9923f8db4422628eabc?s=96&d=mm&r=g","contentUrl":"https:\/\/secure.gravatar.com\/avatar\/731fa035cefab7316e6bafd1f25a93fb731a07de14e2d9923f8db4422628eabc?s=96&d=mm&r=g","caption":"mkajic"},"sameAs":["https:\/\/evropskakuca.me"],"url":"https:\/\/www.evropskakuca.me\/me\/author\/mkajic\/"}]}},"_links":{"self":[{"href":"https:\/\/www.evropskakuca.me\/me\/wp-json\/wp\/v2\/posts\/3122","targetHints":{"allow":["GET"]}}],"collection":[{"href":"https:\/\/www.evropskakuca.me\/me\/wp-json\/wp\/v2\/posts"}],"about":[{"href":"https:\/\/www.evropskakuca.me\/me\/wp-json\/wp\/v2\/types\/post"}],"author":[{"embeddable":true,"href":"https:\/\/www.evropskakuca.me\/me\/wp-json\/wp\/v2\/users\/1"}],"replies":[{"embeddable":true,"href":"https:\/\/www.evropskakuca.me\/me\/wp-json\/wp\/v2\/comments?post=3122"}],"version-history":[{"count":0,"href":"https:\/\/www.evropskakuca.me\/me\/wp-json\/wp\/v2\/posts\/3122\/revisions"}],"wp:featuredmedia":[{"embeddable":true,"href":"https:\/\/www.evropskakuca.me\/me\/wp-json\/wp\/v2\/media\/32476"}],"wp:attachment":[{"href":"https:\/\/www.evropskakuca.me\/me\/wp-json\/wp\/v2\/media?parent=3122"}],"wp:term":[{"taxonomy":"category","embeddable":true,"href":"https:\/\/www.evropskakuca.me\/me\/wp-json\/wp\/v2\/categories?post=3122"},{"taxonomy":"post_tag","embeddable":true,"href":"https:\/\/www.evropskakuca.me\/me\/wp-json\/wp\/v2\/tags?post=3122"}],"curies":[{"name":"wp","href":"https:\/\/api.w.org\/{rel}","templated":true}]}}