{"id":3034,"date":"2017-04-05T08:08:41","date_gmt":"2017-04-05T08:08:41","guid":{"rendered":"http:\/\/www.evropskakuca.me\/me\/?p=3034"},"modified":"2017-04-05T08:08:41","modified_gmt":"2017-04-05T08:08:41","slug":"kako-hrvatska-pomaze-crnoj-gori","status":"publish","type":"post","link":"https:\/\/www.evropskakuca.me\/me\/kako-hrvatska-pomaze-crnoj-gori\/","title":{"rendered":"Kako Hrvatska poma\u017ee Crnoj Gori"},"content":{"rendered":"<p>Podgorica, 5. April 2017. \u2013 Kako nam Hrvatska poma\u017ee u procesu pregovaranja sa Evropskom unijom, kakva su iskustva najmla\u0111e dr\u017eave \u010dlanice EU tokom pregovora i nakon pristupanja Uniji, kao i \u0161ta nas jo\u0161 o\u010dekuje na evropskom putu govorili u EU info centru ministar evropskih poslova Crne Gore Aleksandar Pejovi\u0107, Jo\u0161ko Klisovi\u0107, \u010dlan Odbora za evropske poslove i zamjenik predsjednika Odbora za vanjsku politiku Hrvatskog sabora i Veselko Grubi\u0161i\u0107, ambasador Republike Hrvatske u Crnoj Gori.<\/p>\n<p>Hrvatski pregovori po\u010deli su 3. oktobra 2005. Godine, a zatvoreni su 30. juna 2011. Ministar evropskih poslova, Aleksandar Pejovi\u0107 je, prave\u0107i paralelu sa pregovorima u Hrvatskoj, kazao da se ona u po\u010detku mogla praviti ali da se u ovom periodu uo\u010davaju razlike.<\/p>\n<p><img fetchpriority=\"high\" decoding=\"async\" class=\"aligncenter wp-image-3037 \" src=\"http:\/\/www.evropskakuca.me\/wp-content\/uploads\/2017\/04\/20170405_eu_cro_mne-3.jpg\" alt=\"20170405_eu_cro_mne 3\" width=\"686\" height=\"457\" \/><\/p>\n<p>\u201eHrvatska je ve\u0107 u petoj godini zavr\u0161ila sva poglavlja pregovara\u010dkog procesa. Po pitanju otvaranja smo na istom nivou ali u dijelu zatvaranja je razlika jer su na\u0161a mjerila druga\u010dija od onih u Hrvatskoj\u201c, kazao je Pejovi\u0107.<\/p>\n<p>Dinamika i politika pro\u0161irenja je, smatra Pejovi\u0107, danas zna\u010dajno druga\u010dija nego prije deset godina.<\/p>\n<p>\u201eNajve\u0107a razlika je vladavina prava. Nama su poglavlja 23 i 24 postavljena kao prioritetna, centar pregovara\u010dkog procesa. Mi imamo jo\u0161 dio poglavlja 8 da ispunimo. U ostalim smo ispunili sve \u0161to treba za otvaranje\u201c, naveo je Pejovi\u0107.<\/p>\n<p>Kako je najavio, ubrzo kre\u0107e i zatvaranje poglavlja.<\/p>\n<p>\u201eVidje\u0107emo koliko \u0107e trajati proces. Nemogu\u0107e je paralele praviti, a zasigurno \u0107e potrajati nekoliko godina dok ne ispunimo sve \u0161to su postavljena o\u010dekivanja\u201c, rekao je Pejovi\u0107.<\/p>\n<p>\u010clan Odbora za evropske poslove i zamjenik predsjednika Odbora za vanjsku politiku Hrvatskog sabora, Josko Klisovi\u0107, ocijenio je da procese pregovaranja ne bi trebalo mehani\u010dki upore\u0111ivati.<\/p>\n<p>\u201eTo je kao maraton od 42 kilometra koje je Hrvatska pretr\u010dala, a danas ga tr\u010di Crna Gora ali su njoj postavljene prepone. Dakle, malo je te\u017ee i ne mo\u017ee vrijeme biti isto. Imate dobro prolazno vrijeme, s obzirom na sve okolnosti\u201c, poru\u010dio je Klisovi\u0107.<\/p>\n<p><img decoding=\"async\" class=\"aligncenter wp-image-3039 \" src=\"http:\/\/www.evropskakuca.me\/wp-content\/uploads\/2017\/04\/20170405_eu_cro_mne.jpg\" alt=\"20170405_eu_cro_mne\" width=\"697\" height=\"465\" \/><\/p>\n<p>\u010clanstvo u Evropskoj uniji ima blagotvorno djelovanje ali ni\u0161ta ne dolazi po automatizmu, ve\u0107 mnogo zavisi od spretnosti Vlade i privrednih subjekata da se dobro pripreme na tom putu,<\/p>\n<p>\u201eLjude iz EU morate impresionirati djelima dokazanim u praksi, odnosno u reformama. Reforme su u na\u0161im glavama. Ako reformirate sebe, na\u010din razmi\u0161ljanja, tada \u0107e bez problema sti\u0107i i reforma dru\u0161tva\u201c, kazao je Klisovi\u0107.<\/p>\n<p>Klisovi\u0107 je objasnio da je hrvatski Sabor od prvog trenutka bio uklju\u010den u proces u dijelu uskla\u0111ivanja zakonodavstva, a drugi dio je bio nadgledanje pregovora.<\/p>\n<p>Ambasador Hrvatske u Crnoj Gori, Veselko Grubi\u0161i\u0107, govorio je o tome kako se \u010dlanstvo odrazilo na gra\u0111ane.\u00a0Prema njegovim rije\u010dima, nema nikakvih automatizama i sam ulazak u EU ne mo\u017ee rije\u0161iti sve probleme.\u00a0Ipak, kako je rekao, brojne stvari su se znatno pobolj\u0161ale.<\/p>\n<p>\u201eKada je u pitanju turizam, mi smo imali pro\u0161le godine 14 miliona stranih turista od kojih smo zaradili osam milijardi EUR. Kada je izvoz u pitanju, izvezli smo 70 odsto u dr\u017eave EU i tako\u0111e, po\u010deli smo smanjivati strani dug\u201c, poru\u010dio je Grubi\u0161i\u0107 I dodao\u201d postoji i onaj drugi posredni efekt, evo Sporazum Evropske unije sa Kanadom o slobodnoj trgovini sada \u0107e hrvatska roba biti znatno konkuretnija.<\/p>\n<p>On je dodao da je blagotvorno djelovanje ali mnogo zavisi i od spretnosti Vlade i provrednih subjekata da se dobro pripreme, da nemaju zaka\u0161njelu reakciju i da unaprijed pripreme da iskoriste blagodeti koje pru\u017ea \u010dlanstvo u EU.<\/p>\n<p>&nbsp;<\/p>\n","protected":false},"excerpt":{"rendered":"<p>Dinamika i politika pro\u0161irenja je danas zna\u010dajno druga\u010dija nego prije deset godina.<\/p>\n","protected":false},"author":1,"featured_media":32450,"comment_status":"open","ping_status":"open","sticky":false,"template":"","format":"standard","meta":{"_acf_changed":false,"footnotes":""},"categories":[],"tags":[],"class_list":["post-3034","post","type-post","status-publish","format-standard","has-post-thumbnail","hentry"],"acf":[],"yoast_head":"<!-- This site is optimized with the Yoast SEO plugin v27.3 - https:\/\/yoast.com\/product\/yoast-seo-wordpress\/ -->\n<title>Kako Hrvatska poma\u017ee Crnoj Gori - Europe House<\/title>\n<meta name=\"robots\" content=\"index, follow, max-snippet:-1, max-image-preview:large, max-video-preview:-1\" \/>\n<link rel=\"canonical\" href=\"https:\/\/www.evropskakuca.me\/me\/kako-hrvatska-pomaze-crnoj-gori\/\" \/>\n<meta property=\"og:locale\" content=\"en_US\" \/>\n<meta property=\"og:type\" content=\"article\" \/>\n<meta property=\"og:title\" content=\"Kako Hrvatska poma\u017ee Crnoj Gori - Europe House\" \/>\n<meta property=\"og:description\" content=\"Dinamika i politika pro\u0161irenja je danas zna\u010dajno druga\u010dija nego prije deset godina.\" \/>\n<meta property=\"og:url\" content=\"https:\/\/www.evropskakuca.me\/me\/kako-hrvatska-pomaze-crnoj-gori\/\" \/>\n<meta property=\"og:site_name\" content=\"Europe House\" \/>\n<meta property=\"article:publisher\" content=\"https:\/\/www.facebook.com\/evropska.kuca\" \/>\n<meta property=\"article:published_time\" content=\"2017-04-05T08:08:41+00:00\" \/>\n<meta property=\"og:image\" content=\"https:\/\/www.evropskakuca.me\/wp-content\/uploads\/2017\/04\/20170405_eu_cro_mne-1-1024x683.jpg\" \/>\n\t<meta property=\"og:image:width\" content=\"1024\" \/>\n\t<meta property=\"og:image:height\" content=\"683\" \/>\n\t<meta property=\"og:image:type\" content=\"image\/jpeg\" \/>\n<meta name=\"author\" content=\"mkajic\" \/>\n<meta name=\"twitter:card\" content=\"summary_large_image\" \/>\n<meta name=\"twitter:creator\" content=\"@evropska_kuca\" \/>\n<meta name=\"twitter:site\" content=\"@evropska_kuca\" \/>\n<meta name=\"twitter:label1\" content=\"Written by\" \/>\n\t<meta name=\"twitter:data1\" content=\"mkajic\" \/>\n\t<meta name=\"twitter:label2\" content=\"Est. reading time\" \/>\n\t<meta name=\"twitter:data2\" content=\"3 minutes\" \/>\n<script type=\"application\/ld+json\" class=\"yoast-schema-graph\">{\"@context\":\"https:\\\/\\\/schema.org\",\"@graph\":[{\"@type\":\"Article\",\"@id\":\"https:\\\/\\\/www.evropskakuca.me\\\/me\\\/kako-hrvatska-pomaze-crnoj-gori\\\/#article\",\"isPartOf\":{\"@id\":\"https:\\\/\\\/www.evropskakuca.me\\\/me\\\/kako-hrvatska-pomaze-crnoj-gori\\\/\"},\"author\":{\"name\":\"mkajic\",\"@id\":\"https:\\\/\\\/www.evropskakuca.me\\\/me\\\/#\\\/schema\\\/person\\\/a1d0dcdaefe4a1cd1d60d200ea137ba4\"},\"headline\":\"Kako Hrvatska poma\u017ee Crnoj Gori\",\"datePublished\":\"2017-04-05T08:08:41+00:00\",\"mainEntityOfPage\":{\"@id\":\"https:\\\/\\\/www.evropskakuca.me\\\/me\\\/kako-hrvatska-pomaze-crnoj-gori\\\/\"},\"wordCount\":587,\"commentCount\":0,\"publisher\":{\"@id\":\"https:\\\/\\\/www.evropskakuca.me\\\/me\\\/#organization\"},\"image\":{\"@id\":\"https:\\\/\\\/www.evropskakuca.me\\\/me\\\/kako-hrvatska-pomaze-crnoj-gori\\\/#primaryimage\"},\"thumbnailUrl\":\"https:\\\/\\\/www.evropskakuca.me\\\/wp-content\\\/uploads\\\/2017\\\/04\\\/20170405_eu_cro_mne-1.jpg\",\"inLanguage\":\"me-ME\",\"potentialAction\":[{\"@type\":\"CommentAction\",\"name\":\"Comment\",\"target\":[\"https:\\\/\\\/www.evropskakuca.me\\\/me\\\/kako-hrvatska-pomaze-crnoj-gori\\\/#respond\"]}]},{\"@type\":\"WebPage\",\"@id\":\"https:\\\/\\\/www.evropskakuca.me\\\/me\\\/kako-hrvatska-pomaze-crnoj-gori\\\/\",\"url\":\"https:\\\/\\\/www.evropskakuca.me\\\/me\\\/kako-hrvatska-pomaze-crnoj-gori\\\/\",\"name\":\"Kako Hrvatska poma\u017ee Crnoj Gori - Europe House\",\"isPartOf\":{\"@id\":\"https:\\\/\\\/www.evropskakuca.me\\\/me\\\/#website\"},\"primaryImageOfPage\":{\"@id\":\"https:\\\/\\\/www.evropskakuca.me\\\/me\\\/kako-hrvatska-pomaze-crnoj-gori\\\/#primaryimage\"},\"image\":{\"@id\":\"https:\\\/\\\/www.evropskakuca.me\\\/me\\\/kako-hrvatska-pomaze-crnoj-gori\\\/#primaryimage\"},\"thumbnailUrl\":\"https:\\\/\\\/www.evropskakuca.me\\\/wp-content\\\/uploads\\\/2017\\\/04\\\/20170405_eu_cro_mne-1.jpg\",\"datePublished\":\"2017-04-05T08:08:41+00:00\",\"breadcrumb\":{\"@id\":\"https:\\\/\\\/www.evropskakuca.me\\\/me\\\/kako-hrvatska-pomaze-crnoj-gori\\\/#breadcrumb\"},\"inLanguage\":\"me-ME\",\"potentialAction\":[{\"@type\":\"ReadAction\",\"target\":[\"https:\\\/\\\/www.evropskakuca.me\\\/me\\\/kako-hrvatska-pomaze-crnoj-gori\\\/\"]}]},{\"@type\":\"ImageObject\",\"inLanguage\":\"me-ME\",\"@id\":\"https:\\\/\\\/www.evropskakuca.me\\\/me\\\/kako-hrvatska-pomaze-crnoj-gori\\\/#primaryimage\",\"url\":\"https:\\\/\\\/www.evropskakuca.me\\\/wp-content\\\/uploads\\\/2017\\\/04\\\/20170405_eu_cro_mne-1.jpg\",\"contentUrl\":\"https:\\\/\\\/www.evropskakuca.me\\\/wp-content\\\/uploads\\\/2017\\\/04\\\/20170405_eu_cro_mne-1.jpg\",\"width\":2028,\"height\":1352},{\"@type\":\"BreadcrumbList\",\"@id\":\"https:\\\/\\\/www.evropskakuca.me\\\/me\\\/kako-hrvatska-pomaze-crnoj-gori\\\/#breadcrumb\",\"itemListElement\":[{\"@type\":\"ListItem\",\"position\":1,\"name\":\"Home\",\"item\":\"https:\\\/\\\/www.evropskakuca.me\\\/me\\\/\"},{\"@type\":\"ListItem\",\"position\":2,\"name\":\"Kako Hrvatska poma\u017ee Crnoj Gori\"}]},{\"@type\":\"WebSite\",\"@id\":\"https:\\\/\\\/www.evropskakuca.me\\\/me\\\/#website\",\"url\":\"https:\\\/\\\/www.evropskakuca.me\\\/me\\\/\",\"name\":\"Evropean house\",\"description\":\"\",\"publisher\":{\"@id\":\"https:\\\/\\\/www.evropskakuca.me\\\/me\\\/#organization\"},\"potentialAction\":[{\"@type\":\"SearchAction\",\"target\":{\"@type\":\"EntryPoint\",\"urlTemplate\":\"https:\\\/\\\/www.evropskakuca.me\\\/me\\\/?s={search_term_string}\"},\"query-input\":{\"@type\":\"PropertyValueSpecification\",\"valueRequired\":true,\"valueName\":\"search_term_string\"}}],\"inLanguage\":\"me-ME\"},{\"@type\":\"Organization\",\"@id\":\"https:\\\/\\\/www.evropskakuca.me\\\/me\\\/#organization\",\"name\":\"Evropean house\",\"url\":\"https:\\\/\\\/www.evropskakuca.me\\\/me\\\/\",\"logo\":{\"@type\":\"ImageObject\",\"inLanguage\":\"me-ME\",\"@id\":\"https:\\\/\\\/www.evropskakuca.me\\\/me\\\/#\\\/schema\\\/logo\\\/image\\\/\",\"url\":\"https:\\\/\\\/www.evropskakuca.me\\\/wp-content\\\/uploads\\\/2025\\\/01\\\/evropska-kuca-logo-1.png\",\"contentUrl\":\"https:\\\/\\\/www.evropskakuca.me\\\/wp-content\\\/uploads\\\/2025\\\/01\\\/evropska-kuca-logo-1.png\",\"width\":425,\"height\":312,\"caption\":\"Evropean house\"},\"image\":{\"@id\":\"https:\\\/\\\/www.evropskakuca.me\\\/me\\\/#\\\/schema\\\/logo\\\/image\\\/\"},\"sameAs\":[\"https:\\\/\\\/www.facebook.com\\\/evropska.kuca\",\"https:\\\/\\\/x.com\\\/evropska_kuca\",\"https:\\\/\\\/www.instagram.com\\\/evropska_kuca\"]},{\"@type\":\"Person\",\"@id\":\"https:\\\/\\\/www.evropskakuca.me\\\/me\\\/#\\\/schema\\\/person\\\/a1d0dcdaefe4a1cd1d60d200ea137ba4\",\"name\":\"mkajic\",\"image\":{\"@type\":\"ImageObject\",\"inLanguage\":\"me-ME\",\"@id\":\"https:\\\/\\\/secure.gravatar.com\\\/avatar\\\/731fa035cefab7316e6bafd1f25a93fb731a07de14e2d9923f8db4422628eabc?s=96&d=mm&r=g\",\"url\":\"https:\\\/\\\/secure.gravatar.com\\\/avatar\\\/731fa035cefab7316e6bafd1f25a93fb731a07de14e2d9923f8db4422628eabc?s=96&d=mm&r=g\",\"contentUrl\":\"https:\\\/\\\/secure.gravatar.com\\\/avatar\\\/731fa035cefab7316e6bafd1f25a93fb731a07de14e2d9923f8db4422628eabc?s=96&d=mm&r=g\",\"caption\":\"mkajic\"},\"sameAs\":[\"https:\\\/\\\/evropskakuca.me\"],\"url\":\"https:\\\/\\\/www.evropskakuca.me\\\/me\\\/author\\\/mkajic\\\/\"}]}<\/script>\n<!-- \/ Yoast SEO plugin. -->","yoast_head_json":{"title":"Kako Hrvatska poma\u017ee Crnoj Gori - Europe House","robots":{"index":"index","follow":"follow","max-snippet":"max-snippet:-1","max-image-preview":"max-image-preview:large","max-video-preview":"max-video-preview:-1"},"canonical":"https:\/\/www.evropskakuca.me\/me\/kako-hrvatska-pomaze-crnoj-gori\/","og_locale":"en_US","og_type":"article","og_title":"Kako Hrvatska poma\u017ee Crnoj Gori - Europe House","og_description":"Dinamika i politika pro\u0161irenja je danas zna\u010dajno druga\u010dija nego prije deset godina.","og_url":"https:\/\/www.evropskakuca.me\/me\/kako-hrvatska-pomaze-crnoj-gori\/","og_site_name":"Europe House","article_publisher":"https:\/\/www.facebook.com\/evropska.kuca","article_published_time":"2017-04-05T08:08:41+00:00","og_image":[{"width":1024,"height":683,"url":"https:\/\/www.evropskakuca.me\/wp-content\/uploads\/2017\/04\/20170405_eu_cro_mne-1-1024x683.jpg","type":"image\/jpeg"}],"author":"mkajic","twitter_card":"summary_large_image","twitter_creator":"@evropska_kuca","twitter_site":"@evropska_kuca","twitter_misc":{"Written by":"mkajic","Est. reading time":"3 minutes"},"schema":{"@context":"https:\/\/schema.org","@graph":[{"@type":"Article","@id":"https:\/\/www.evropskakuca.me\/me\/kako-hrvatska-pomaze-crnoj-gori\/#article","isPartOf":{"@id":"https:\/\/www.evropskakuca.me\/me\/kako-hrvatska-pomaze-crnoj-gori\/"},"author":{"name":"mkajic","@id":"https:\/\/www.evropskakuca.me\/me\/#\/schema\/person\/a1d0dcdaefe4a1cd1d60d200ea137ba4"},"headline":"Kako Hrvatska poma\u017ee Crnoj Gori","datePublished":"2017-04-05T08:08:41+00:00","mainEntityOfPage":{"@id":"https:\/\/www.evropskakuca.me\/me\/kako-hrvatska-pomaze-crnoj-gori\/"},"wordCount":587,"commentCount":0,"publisher":{"@id":"https:\/\/www.evropskakuca.me\/me\/#organization"},"image":{"@id":"https:\/\/www.evropskakuca.me\/me\/kako-hrvatska-pomaze-crnoj-gori\/#primaryimage"},"thumbnailUrl":"https:\/\/www.evropskakuca.me\/wp-content\/uploads\/2017\/04\/20170405_eu_cro_mne-1.jpg","inLanguage":"me-ME","potentialAction":[{"@type":"CommentAction","name":"Comment","target":["https:\/\/www.evropskakuca.me\/me\/kako-hrvatska-pomaze-crnoj-gori\/#respond"]}]},{"@type":"WebPage","@id":"https:\/\/www.evropskakuca.me\/me\/kako-hrvatska-pomaze-crnoj-gori\/","url":"https:\/\/www.evropskakuca.me\/me\/kako-hrvatska-pomaze-crnoj-gori\/","name":"Kako Hrvatska poma\u017ee Crnoj Gori - Europe House","isPartOf":{"@id":"https:\/\/www.evropskakuca.me\/me\/#website"},"primaryImageOfPage":{"@id":"https:\/\/www.evropskakuca.me\/me\/kako-hrvatska-pomaze-crnoj-gori\/#primaryimage"},"image":{"@id":"https:\/\/www.evropskakuca.me\/me\/kako-hrvatska-pomaze-crnoj-gori\/#primaryimage"},"thumbnailUrl":"https:\/\/www.evropskakuca.me\/wp-content\/uploads\/2017\/04\/20170405_eu_cro_mne-1.jpg","datePublished":"2017-04-05T08:08:41+00:00","breadcrumb":{"@id":"https:\/\/www.evropskakuca.me\/me\/kako-hrvatska-pomaze-crnoj-gori\/#breadcrumb"},"inLanguage":"me-ME","potentialAction":[{"@type":"ReadAction","target":["https:\/\/www.evropskakuca.me\/me\/kako-hrvatska-pomaze-crnoj-gori\/"]}]},{"@type":"ImageObject","inLanguage":"me-ME","@id":"https:\/\/www.evropskakuca.me\/me\/kako-hrvatska-pomaze-crnoj-gori\/#primaryimage","url":"https:\/\/www.evropskakuca.me\/wp-content\/uploads\/2017\/04\/20170405_eu_cro_mne-1.jpg","contentUrl":"https:\/\/www.evropskakuca.me\/wp-content\/uploads\/2017\/04\/20170405_eu_cro_mne-1.jpg","width":2028,"height":1352},{"@type":"BreadcrumbList","@id":"https:\/\/www.evropskakuca.me\/me\/kako-hrvatska-pomaze-crnoj-gori\/#breadcrumb","itemListElement":[{"@type":"ListItem","position":1,"name":"Home","item":"https:\/\/www.evropskakuca.me\/me\/"},{"@type":"ListItem","position":2,"name":"Kako Hrvatska poma\u017ee Crnoj Gori"}]},{"@type":"WebSite","@id":"https:\/\/www.evropskakuca.me\/me\/#website","url":"https:\/\/www.evropskakuca.me\/me\/","name":"Evropean house","description":"","publisher":{"@id":"https:\/\/www.evropskakuca.me\/me\/#organization"},"potentialAction":[{"@type":"SearchAction","target":{"@type":"EntryPoint","urlTemplate":"https:\/\/www.evropskakuca.me\/me\/?s={search_term_string}"},"query-input":{"@type":"PropertyValueSpecification","valueRequired":true,"valueName":"search_term_string"}}],"inLanguage":"me-ME"},{"@type":"Organization","@id":"https:\/\/www.evropskakuca.me\/me\/#organization","name":"Evropean house","url":"https:\/\/www.evropskakuca.me\/me\/","logo":{"@type":"ImageObject","inLanguage":"me-ME","@id":"https:\/\/www.evropskakuca.me\/me\/#\/schema\/logo\/image\/","url":"https:\/\/www.evropskakuca.me\/wp-content\/uploads\/2025\/01\/evropska-kuca-logo-1.png","contentUrl":"https:\/\/www.evropskakuca.me\/wp-content\/uploads\/2025\/01\/evropska-kuca-logo-1.png","width":425,"height":312,"caption":"Evropean house"},"image":{"@id":"https:\/\/www.evropskakuca.me\/me\/#\/schema\/logo\/image\/"},"sameAs":["https:\/\/www.facebook.com\/evropska.kuca","https:\/\/x.com\/evropska_kuca","https:\/\/www.instagram.com\/evropska_kuca"]},{"@type":"Person","@id":"https:\/\/www.evropskakuca.me\/me\/#\/schema\/person\/a1d0dcdaefe4a1cd1d60d200ea137ba4","name":"mkajic","image":{"@type":"ImageObject","inLanguage":"me-ME","@id":"https:\/\/secure.gravatar.com\/avatar\/731fa035cefab7316e6bafd1f25a93fb731a07de14e2d9923f8db4422628eabc?s=96&d=mm&r=g","url":"https:\/\/secure.gravatar.com\/avatar\/731fa035cefab7316e6bafd1f25a93fb731a07de14e2d9923f8db4422628eabc?s=96&d=mm&r=g","contentUrl":"https:\/\/secure.gravatar.com\/avatar\/731fa035cefab7316e6bafd1f25a93fb731a07de14e2d9923f8db4422628eabc?s=96&d=mm&r=g","caption":"mkajic"},"sameAs":["https:\/\/evropskakuca.me"],"url":"https:\/\/www.evropskakuca.me\/me\/author\/mkajic\/"}]}},"_links":{"self":[{"href":"https:\/\/www.evropskakuca.me\/me\/wp-json\/wp\/v2\/posts\/3034","targetHints":{"allow":["GET"]}}],"collection":[{"href":"https:\/\/www.evropskakuca.me\/me\/wp-json\/wp\/v2\/posts"}],"about":[{"href":"https:\/\/www.evropskakuca.me\/me\/wp-json\/wp\/v2\/types\/post"}],"author":[{"embeddable":true,"href":"https:\/\/www.evropskakuca.me\/me\/wp-json\/wp\/v2\/users\/1"}],"replies":[{"embeddable":true,"href":"https:\/\/www.evropskakuca.me\/me\/wp-json\/wp\/v2\/comments?post=3034"}],"version-history":[{"count":0,"href":"https:\/\/www.evropskakuca.me\/me\/wp-json\/wp\/v2\/posts\/3034\/revisions"}],"wp:featuredmedia":[{"embeddable":true,"href":"https:\/\/www.evropskakuca.me\/me\/wp-json\/wp\/v2\/media\/32450"}],"wp:attachment":[{"href":"https:\/\/www.evropskakuca.me\/me\/wp-json\/wp\/v2\/media?parent=3034"}],"wp:term":[{"taxonomy":"category","embeddable":true,"href":"https:\/\/www.evropskakuca.me\/me\/wp-json\/wp\/v2\/categories?post=3034"},{"taxonomy":"post_tag","embeddable":true,"href":"https:\/\/www.evropskakuca.me\/me\/wp-json\/wp\/v2\/tags?post=3034"}],"curies":[{"name":"wp","href":"https:\/\/api.w.org\/{rel}","templated":true}]}}