{"id":3019,"date":"2017-03-21T14:56:53","date_gmt":"2017-03-21T14:56:53","guid":{"rendered":"http:\/\/www.evropskakuca.me\/?p=3019"},"modified":"2017-03-21T14:56:53","modified_gmt":"2017-03-21T14:56:53","slug":"info-dan-u-okviru-interreg-dunavskog-programa-saradnje","status":"publish","type":"post","link":"https:\/\/www.evropskakuca.me\/me\/info-dan-u-okviru-interreg-dunavskog-programa-saradnje\/","title":{"rendered":"Info dan u okviru Interreg Dunavskog programa saradnje"},"content":{"rendered":"<p>Podgorica, 21. mart 2017. &#8211; U maju \u0107e biti otvoren drugi poziv u okviru Interreg Dunavskog programa saradnje 2014- 2020, u kojem \u0107e biti opredijeljeno 60 miliona eura za projekte koji imaju za cilj ja\u010danje transnacionalne saradnje izme\u0111u regiona i zemalja u\u010desnica, prije svega u oblastima inovativnog i dru\u0161tveno odgovornog djelovanja, ekolo\u0161kog i kulturnog djelovanja i bolje povezanog i energetski odgovornog regiona. Svi zainteresovani za u\u010de\u0161\u0107e u programu detalje su mogli \u010duti na prezentaciji Programa u Eu info centru.<\/p>\n<p>\u201cDunavski transnacionalni program podr\u017eava transnacionalnu saradnju partnera iz dr\u017eava, odnosno regiona EU i dr\u017eava korisnica Ipe, u cilju ja\u010danja konkurentnosti Dunavskog regiona, na kojem danas \u017eivi 114 miliona stanovnika. U programu u\u010destvuje devet zemalja \u010dlanica Evropske unije i tri zemlje korisnice Ipe, me\u0111u kojima su Crna Gora, Srbija i Bosna i Hercegovina, kao i dvije zemlje korisnice instrumenta Evropskog susjedstva, Ukrajina i Moldavija.\u201d rekao je ministar evropskih poslova Andrija Pejovi\u0107.<\/p>\n<p>Ukupan bud\u017eet Programa iznosi 263 miliona eura, od \u010dega 202 miliona eura iz Evropskog fonda za regionalni razvoj, 19.8 miliona eura iz Instrumenta za pretpristupnu podr\u0161ku, dok je preostali iznos obezbije\u0111en kroz nacionalno sufinansiranje. Krajnji cilj ovog programa jeste doprisnos dugoro\u010dnom razvoju Dunavskog regiona i ja\u010danje transnacionalne saradnje izme\u0111u regiona i zemalja u\u010desnica.<\/p>\n<p>\u201cOsim finansijske podr\u0161ke koja je obezbije\u0111ena kroz ovaj program, gra\u0111ani \u0107e osjetiti i brojne druge dobrobiti, imaju\u0107i u vidu da su projektne inicijative usmjerene ka rje\u0161avanju zajedni\u010dkih problema regiona, kao i da one doprinose dru\u0161tvenom i ekonomskom razvoju, podsti\u010du zapo\u0161ljavanje i omogu\u0107avaju nesmaten protok i razmjenu informacija, koje polaze od dr\u017eava Unije ka dr\u017eavama u procesu pristupanja\u201d, objasnio je Pejovi\u0107<\/p>\n<p>Ministar je, tako\u0111e, predstavio osam projekata iz prvog Poziva u kojima u\u010destvuju crnogorski partneri. Istakao je da je, od ukupne vrijednosti projekata koja je iznosila 15 miliona eura, za sedam crnogorskih partnera opredijeljeno 725 hiljada eura, za projekte kroz crnogorske institucije i njihovi evropski partneri zajedni\u010dki doprinose dugoro\u010dnom razvoju Dunavskog regiona kroz prioritetne tematske oblasti kao \u0161to su inovativno i dru\u0161tveno odgovorno djelovanje, ekolo\u0161ko i kulturno odgovorno djelovanje, dobro upravljanje Dunavskim regionom i njegova povezanost. Na\u010delnica Odsjeka za primjenjenu meteorologiju u Zavodu za hidrometeorologiju i seizmologiju, Mirjana Ivanov, govorila je o iskustvima te institucije u okviru prvog Poziva.<\/p>\n","protected":false},"excerpt":{"rendered":"<p>Obezbije\u0111eno 60 miliona eura<\/p>\n","protected":false},"author":1,"featured_media":32418,"comment_status":"open","ping_status":"open","sticky":false,"template":"","format":"standard","meta":{"_acf_changed":false,"footnotes":""},"categories":[],"tags":[],"class_list":["post-3019","post","type-post","status-publish","format-standard","has-post-thumbnail","hentry"],"acf":[],"yoast_head":"<!-- This site is optimized with the Yoast SEO plugin v27.3 - https:\/\/yoast.com\/product\/yoast-seo-wordpress\/ -->\n<title>Info dan u okviru Interreg Dunavskog programa saradnje - Europe House<\/title>\n<meta name=\"robots\" content=\"index, follow, max-snippet:-1, max-image-preview:large, max-video-preview:-1\" \/>\n<link rel=\"canonical\" href=\"https:\/\/www.evropskakuca.me\/me\/info-dan-u-okviru-interreg-dunavskog-programa-saradnje\/\" \/>\n<meta property=\"og:locale\" content=\"en_US\" \/>\n<meta property=\"og:type\" content=\"article\" \/>\n<meta property=\"og:title\" content=\"Info dan u okviru Interreg Dunavskog programa saradnje - Europe House\" \/>\n<meta property=\"og:description\" content=\"Obezbije\u0111eno 60 miliona eura\" \/>\n<meta property=\"og:url\" content=\"https:\/\/www.evropskakuca.me\/me\/info-dan-u-okviru-interreg-dunavskog-programa-saradnje\/\" \/>\n<meta property=\"og:site_name\" content=\"Europe House\" \/>\n<meta property=\"article:publisher\" content=\"https:\/\/www.facebook.com\/evropska.kuca\" \/>\n<meta property=\"article:published_time\" content=\"2017-03-21T14:56:53+00:00\" \/>\n<meta property=\"og:image\" content=\"https:\/\/www.evropskakuca.me\/wp-content\/uploads\/2017\/03\/170321-d-t-program-6-of-7.jpg\" \/>\n\t<meta property=\"og:image:width\" content=\"2028\" \/>\n\t<meta property=\"og:image:height\" content=\"1352\" \/>\n\t<meta property=\"og:image:type\" content=\"image\/jpeg\" \/>\n<meta name=\"author\" content=\"mkajic\" \/>\n<meta name=\"twitter:card\" content=\"summary_large_image\" \/>\n<meta name=\"twitter:creator\" content=\"@evropska_kuca\" \/>\n<meta name=\"twitter:site\" content=\"@evropska_kuca\" \/>\n<meta name=\"twitter:label1\" content=\"Written by\" \/>\n\t<meta name=\"twitter:data1\" content=\"mkajic\" \/>\n\t<meta name=\"twitter:label2\" content=\"Est. reading time\" \/>\n\t<meta name=\"twitter:data2\" content=\"2 minutes\" \/>\n<script type=\"application\/ld+json\" class=\"yoast-schema-graph\">{\"@context\":\"https:\\\/\\\/schema.org\",\"@graph\":[{\"@type\":\"Article\",\"@id\":\"https:\\\/\\\/www.evropskakuca.me\\\/me\\\/info-dan-u-okviru-interreg-dunavskog-programa-saradnje\\\/#article\",\"isPartOf\":{\"@id\":\"https:\\\/\\\/www.evropskakuca.me\\\/me\\\/info-dan-u-okviru-interreg-dunavskog-programa-saradnje\\\/\"},\"author\":{\"name\":\"mkajic\",\"@id\":\"https:\\\/\\\/www.evropskakuca.me\\\/me\\\/#\\\/schema\\\/person\\\/a1d0dcdaefe4a1cd1d60d200ea137ba4\"},\"headline\":\"Info dan u okviru Interreg Dunavskog programa saradnje\",\"datePublished\":\"2017-03-21T14:56:53+00:00\",\"mainEntityOfPage\":{\"@id\":\"https:\\\/\\\/www.evropskakuca.me\\\/me\\\/info-dan-u-okviru-interreg-dunavskog-programa-saradnje\\\/\"},\"wordCount\":397,\"commentCount\":0,\"publisher\":{\"@id\":\"https:\\\/\\\/www.evropskakuca.me\\\/me\\\/#organization\"},\"image\":{\"@id\":\"https:\\\/\\\/www.evropskakuca.me\\\/me\\\/info-dan-u-okviru-interreg-dunavskog-programa-saradnje\\\/#primaryimage\"},\"thumbnailUrl\":\"https:\\\/\\\/www.evropskakuca.me\\\/wp-content\\\/uploads\\\/2017\\\/03\\\/170321-d-t-program-6-of-7.jpg\",\"inLanguage\":\"me-ME\",\"potentialAction\":[{\"@type\":\"CommentAction\",\"name\":\"Comment\",\"target\":[\"https:\\\/\\\/www.evropskakuca.me\\\/me\\\/info-dan-u-okviru-interreg-dunavskog-programa-saradnje\\\/#respond\"]}]},{\"@type\":\"WebPage\",\"@id\":\"https:\\\/\\\/www.evropskakuca.me\\\/me\\\/info-dan-u-okviru-interreg-dunavskog-programa-saradnje\\\/\",\"url\":\"https:\\\/\\\/www.evropskakuca.me\\\/me\\\/info-dan-u-okviru-interreg-dunavskog-programa-saradnje\\\/\",\"name\":\"Info dan u okviru Interreg Dunavskog programa saradnje - Europe House\",\"isPartOf\":{\"@id\":\"https:\\\/\\\/www.evropskakuca.me\\\/me\\\/#website\"},\"primaryImageOfPage\":{\"@id\":\"https:\\\/\\\/www.evropskakuca.me\\\/me\\\/info-dan-u-okviru-interreg-dunavskog-programa-saradnje\\\/#primaryimage\"},\"image\":{\"@id\":\"https:\\\/\\\/www.evropskakuca.me\\\/me\\\/info-dan-u-okviru-interreg-dunavskog-programa-saradnje\\\/#primaryimage\"},\"thumbnailUrl\":\"https:\\\/\\\/www.evropskakuca.me\\\/wp-content\\\/uploads\\\/2017\\\/03\\\/170321-d-t-program-6-of-7.jpg\",\"datePublished\":\"2017-03-21T14:56:53+00:00\",\"breadcrumb\":{\"@id\":\"https:\\\/\\\/www.evropskakuca.me\\\/me\\\/info-dan-u-okviru-interreg-dunavskog-programa-saradnje\\\/#breadcrumb\"},\"inLanguage\":\"me-ME\",\"potentialAction\":[{\"@type\":\"ReadAction\",\"target\":[\"https:\\\/\\\/www.evropskakuca.me\\\/me\\\/info-dan-u-okviru-interreg-dunavskog-programa-saradnje\\\/\"]}]},{\"@type\":\"ImageObject\",\"inLanguage\":\"me-ME\",\"@id\":\"https:\\\/\\\/www.evropskakuca.me\\\/me\\\/info-dan-u-okviru-interreg-dunavskog-programa-saradnje\\\/#primaryimage\",\"url\":\"https:\\\/\\\/www.evropskakuca.me\\\/wp-content\\\/uploads\\\/2017\\\/03\\\/170321-d-t-program-6-of-7.jpg\",\"contentUrl\":\"https:\\\/\\\/www.evropskakuca.me\\\/wp-content\\\/uploads\\\/2017\\\/03\\\/170321-d-t-program-6-of-7.jpg\",\"width\":2028,\"height\":1352},{\"@type\":\"BreadcrumbList\",\"@id\":\"https:\\\/\\\/www.evropskakuca.me\\\/me\\\/info-dan-u-okviru-interreg-dunavskog-programa-saradnje\\\/#breadcrumb\",\"itemListElement\":[{\"@type\":\"ListItem\",\"position\":1,\"name\":\"Home\",\"item\":\"https:\\\/\\\/www.evropskakuca.me\\\/me\\\/\"},{\"@type\":\"ListItem\",\"position\":2,\"name\":\"Info dan u okviru Interreg Dunavskog programa saradnje\"}]},{\"@type\":\"WebSite\",\"@id\":\"https:\\\/\\\/www.evropskakuca.me\\\/me\\\/#website\",\"url\":\"https:\\\/\\\/www.evropskakuca.me\\\/me\\\/\",\"name\":\"Evropean house\",\"description\":\"\",\"publisher\":{\"@id\":\"https:\\\/\\\/www.evropskakuca.me\\\/me\\\/#organization\"},\"potentialAction\":[{\"@type\":\"SearchAction\",\"target\":{\"@type\":\"EntryPoint\",\"urlTemplate\":\"https:\\\/\\\/www.evropskakuca.me\\\/me\\\/?s={search_term_string}\"},\"query-input\":{\"@type\":\"PropertyValueSpecification\",\"valueRequired\":true,\"valueName\":\"search_term_string\"}}],\"inLanguage\":\"me-ME\"},{\"@type\":\"Organization\",\"@id\":\"https:\\\/\\\/www.evropskakuca.me\\\/me\\\/#organization\",\"name\":\"Evropean house\",\"url\":\"https:\\\/\\\/www.evropskakuca.me\\\/me\\\/\",\"logo\":{\"@type\":\"ImageObject\",\"inLanguage\":\"me-ME\",\"@id\":\"https:\\\/\\\/www.evropskakuca.me\\\/me\\\/#\\\/schema\\\/logo\\\/image\\\/\",\"url\":\"https:\\\/\\\/www.evropskakuca.me\\\/wp-content\\\/uploads\\\/2025\\\/01\\\/evropska-kuca-logo-1.png\",\"contentUrl\":\"https:\\\/\\\/www.evropskakuca.me\\\/wp-content\\\/uploads\\\/2025\\\/01\\\/evropska-kuca-logo-1.png\",\"width\":425,\"height\":312,\"caption\":\"Evropean house\"},\"image\":{\"@id\":\"https:\\\/\\\/www.evropskakuca.me\\\/me\\\/#\\\/schema\\\/logo\\\/image\\\/\"},\"sameAs\":[\"https:\\\/\\\/www.facebook.com\\\/evropska.kuca\",\"https:\\\/\\\/x.com\\\/evropska_kuca\",\"https:\\\/\\\/www.instagram.com\\\/evropska_kuca\"]},{\"@type\":\"Person\",\"@id\":\"https:\\\/\\\/www.evropskakuca.me\\\/me\\\/#\\\/schema\\\/person\\\/a1d0dcdaefe4a1cd1d60d200ea137ba4\",\"name\":\"mkajic\",\"image\":{\"@type\":\"ImageObject\",\"inLanguage\":\"me-ME\",\"@id\":\"https:\\\/\\\/secure.gravatar.com\\\/avatar\\\/731fa035cefab7316e6bafd1f25a93fb731a07de14e2d9923f8db4422628eabc?s=96&d=mm&r=g\",\"url\":\"https:\\\/\\\/secure.gravatar.com\\\/avatar\\\/731fa035cefab7316e6bafd1f25a93fb731a07de14e2d9923f8db4422628eabc?s=96&d=mm&r=g\",\"contentUrl\":\"https:\\\/\\\/secure.gravatar.com\\\/avatar\\\/731fa035cefab7316e6bafd1f25a93fb731a07de14e2d9923f8db4422628eabc?s=96&d=mm&r=g\",\"caption\":\"mkajic\"},\"sameAs\":[\"https:\\\/\\\/evropskakuca.me\"],\"url\":\"https:\\\/\\\/www.evropskakuca.me\\\/me\\\/author\\\/mkajic\\\/\"}]}<\/script>\n<!-- \/ Yoast SEO plugin. -->","yoast_head_json":{"title":"Info dan u okviru Interreg Dunavskog programa saradnje - Europe House","robots":{"index":"index","follow":"follow","max-snippet":"max-snippet:-1","max-image-preview":"max-image-preview:large","max-video-preview":"max-video-preview:-1"},"canonical":"https:\/\/www.evropskakuca.me\/me\/info-dan-u-okviru-interreg-dunavskog-programa-saradnje\/","og_locale":"en_US","og_type":"article","og_title":"Info dan u okviru Interreg Dunavskog programa saradnje - Europe House","og_description":"Obezbije\u0111eno 60 miliona eura","og_url":"https:\/\/www.evropskakuca.me\/me\/info-dan-u-okviru-interreg-dunavskog-programa-saradnje\/","og_site_name":"Europe House","article_publisher":"https:\/\/www.facebook.com\/evropska.kuca","article_published_time":"2017-03-21T14:56:53+00:00","og_image":[{"width":2028,"height":1352,"url":"https:\/\/www.evropskakuca.me\/wp-content\/uploads\/2017\/03\/170321-d-t-program-6-of-7.jpg","type":"image\/jpeg"}],"author":"mkajic","twitter_card":"summary_large_image","twitter_creator":"@evropska_kuca","twitter_site":"@evropska_kuca","twitter_misc":{"Written by":"mkajic","Est. reading time":"2 minutes"},"schema":{"@context":"https:\/\/schema.org","@graph":[{"@type":"Article","@id":"https:\/\/www.evropskakuca.me\/me\/info-dan-u-okviru-interreg-dunavskog-programa-saradnje\/#article","isPartOf":{"@id":"https:\/\/www.evropskakuca.me\/me\/info-dan-u-okviru-interreg-dunavskog-programa-saradnje\/"},"author":{"name":"mkajic","@id":"https:\/\/www.evropskakuca.me\/me\/#\/schema\/person\/a1d0dcdaefe4a1cd1d60d200ea137ba4"},"headline":"Info dan u okviru Interreg Dunavskog programa saradnje","datePublished":"2017-03-21T14:56:53+00:00","mainEntityOfPage":{"@id":"https:\/\/www.evropskakuca.me\/me\/info-dan-u-okviru-interreg-dunavskog-programa-saradnje\/"},"wordCount":397,"commentCount":0,"publisher":{"@id":"https:\/\/www.evropskakuca.me\/me\/#organization"},"image":{"@id":"https:\/\/www.evropskakuca.me\/me\/info-dan-u-okviru-interreg-dunavskog-programa-saradnje\/#primaryimage"},"thumbnailUrl":"https:\/\/www.evropskakuca.me\/wp-content\/uploads\/2017\/03\/170321-d-t-program-6-of-7.jpg","inLanguage":"me-ME","potentialAction":[{"@type":"CommentAction","name":"Comment","target":["https:\/\/www.evropskakuca.me\/me\/info-dan-u-okviru-interreg-dunavskog-programa-saradnje\/#respond"]}]},{"@type":"WebPage","@id":"https:\/\/www.evropskakuca.me\/me\/info-dan-u-okviru-interreg-dunavskog-programa-saradnje\/","url":"https:\/\/www.evropskakuca.me\/me\/info-dan-u-okviru-interreg-dunavskog-programa-saradnje\/","name":"Info dan u okviru Interreg Dunavskog programa saradnje - Europe House","isPartOf":{"@id":"https:\/\/www.evropskakuca.me\/me\/#website"},"primaryImageOfPage":{"@id":"https:\/\/www.evropskakuca.me\/me\/info-dan-u-okviru-interreg-dunavskog-programa-saradnje\/#primaryimage"},"image":{"@id":"https:\/\/www.evropskakuca.me\/me\/info-dan-u-okviru-interreg-dunavskog-programa-saradnje\/#primaryimage"},"thumbnailUrl":"https:\/\/www.evropskakuca.me\/wp-content\/uploads\/2017\/03\/170321-d-t-program-6-of-7.jpg","datePublished":"2017-03-21T14:56:53+00:00","breadcrumb":{"@id":"https:\/\/www.evropskakuca.me\/me\/info-dan-u-okviru-interreg-dunavskog-programa-saradnje\/#breadcrumb"},"inLanguage":"me-ME","potentialAction":[{"@type":"ReadAction","target":["https:\/\/www.evropskakuca.me\/me\/info-dan-u-okviru-interreg-dunavskog-programa-saradnje\/"]}]},{"@type":"ImageObject","inLanguage":"me-ME","@id":"https:\/\/www.evropskakuca.me\/me\/info-dan-u-okviru-interreg-dunavskog-programa-saradnje\/#primaryimage","url":"https:\/\/www.evropskakuca.me\/wp-content\/uploads\/2017\/03\/170321-d-t-program-6-of-7.jpg","contentUrl":"https:\/\/www.evropskakuca.me\/wp-content\/uploads\/2017\/03\/170321-d-t-program-6-of-7.jpg","width":2028,"height":1352},{"@type":"BreadcrumbList","@id":"https:\/\/www.evropskakuca.me\/me\/info-dan-u-okviru-interreg-dunavskog-programa-saradnje\/#breadcrumb","itemListElement":[{"@type":"ListItem","position":1,"name":"Home","item":"https:\/\/www.evropskakuca.me\/me\/"},{"@type":"ListItem","position":2,"name":"Info dan u okviru Interreg Dunavskog programa saradnje"}]},{"@type":"WebSite","@id":"https:\/\/www.evropskakuca.me\/me\/#website","url":"https:\/\/www.evropskakuca.me\/me\/","name":"Evropean house","description":"","publisher":{"@id":"https:\/\/www.evropskakuca.me\/me\/#organization"},"potentialAction":[{"@type":"SearchAction","target":{"@type":"EntryPoint","urlTemplate":"https:\/\/www.evropskakuca.me\/me\/?s={search_term_string}"},"query-input":{"@type":"PropertyValueSpecification","valueRequired":true,"valueName":"search_term_string"}}],"inLanguage":"me-ME"},{"@type":"Organization","@id":"https:\/\/www.evropskakuca.me\/me\/#organization","name":"Evropean house","url":"https:\/\/www.evropskakuca.me\/me\/","logo":{"@type":"ImageObject","inLanguage":"me-ME","@id":"https:\/\/www.evropskakuca.me\/me\/#\/schema\/logo\/image\/","url":"https:\/\/www.evropskakuca.me\/wp-content\/uploads\/2025\/01\/evropska-kuca-logo-1.png","contentUrl":"https:\/\/www.evropskakuca.me\/wp-content\/uploads\/2025\/01\/evropska-kuca-logo-1.png","width":425,"height":312,"caption":"Evropean house"},"image":{"@id":"https:\/\/www.evropskakuca.me\/me\/#\/schema\/logo\/image\/"},"sameAs":["https:\/\/www.facebook.com\/evropska.kuca","https:\/\/x.com\/evropska_kuca","https:\/\/www.instagram.com\/evropska_kuca"]},{"@type":"Person","@id":"https:\/\/www.evropskakuca.me\/me\/#\/schema\/person\/a1d0dcdaefe4a1cd1d60d200ea137ba4","name":"mkajic","image":{"@type":"ImageObject","inLanguage":"me-ME","@id":"https:\/\/secure.gravatar.com\/avatar\/731fa035cefab7316e6bafd1f25a93fb731a07de14e2d9923f8db4422628eabc?s=96&d=mm&r=g","url":"https:\/\/secure.gravatar.com\/avatar\/731fa035cefab7316e6bafd1f25a93fb731a07de14e2d9923f8db4422628eabc?s=96&d=mm&r=g","contentUrl":"https:\/\/secure.gravatar.com\/avatar\/731fa035cefab7316e6bafd1f25a93fb731a07de14e2d9923f8db4422628eabc?s=96&d=mm&r=g","caption":"mkajic"},"sameAs":["https:\/\/evropskakuca.me"],"url":"https:\/\/www.evropskakuca.me\/me\/author\/mkajic\/"}]}},"_links":{"self":[{"href":"https:\/\/www.evropskakuca.me\/me\/wp-json\/wp\/v2\/posts\/3019","targetHints":{"allow":["GET"]}}],"collection":[{"href":"https:\/\/www.evropskakuca.me\/me\/wp-json\/wp\/v2\/posts"}],"about":[{"href":"https:\/\/www.evropskakuca.me\/me\/wp-json\/wp\/v2\/types\/post"}],"author":[{"embeddable":true,"href":"https:\/\/www.evropskakuca.me\/me\/wp-json\/wp\/v2\/users\/1"}],"replies":[{"embeddable":true,"href":"https:\/\/www.evropskakuca.me\/me\/wp-json\/wp\/v2\/comments?post=3019"}],"version-history":[{"count":0,"href":"https:\/\/www.evropskakuca.me\/me\/wp-json\/wp\/v2\/posts\/3019\/revisions"}],"wp:featuredmedia":[{"embeddable":true,"href":"https:\/\/www.evropskakuca.me\/me\/wp-json\/wp\/v2\/media\/32418"}],"wp:attachment":[{"href":"https:\/\/www.evropskakuca.me\/me\/wp-json\/wp\/v2\/media?parent=3019"}],"wp:term":[{"taxonomy":"category","embeddable":true,"href":"https:\/\/www.evropskakuca.me\/me\/wp-json\/wp\/v2\/categories?post=3019"},{"taxonomy":"post_tag","embeddable":true,"href":"https:\/\/www.evropskakuca.me\/me\/wp-json\/wp\/v2\/tags?post=3019"}],"curies":[{"name":"wp","href":"https:\/\/api.w.org\/{rel}","templated":true}]}}