{"id":30110,"date":"2024-07-01T12:21:35","date_gmt":"2024-07-01T12:21:35","guid":{"rendered":"https:\/\/evropskakuca.me\/?p=30110"},"modified":"2024-07-01T12:21:35","modified_gmt":"2024-07-01T12:21:35","slug":"ceska-heroina-janina-hrebickova","status":"publish","type":"post","link":"https:\/\/www.evropskakuca.me\/me\/ceska-heroina-janina-hrebickova\/","title":{"rendered":"\u010ce\u0161ka heroina, Janina Hrebi\u010dkova"},"content":{"rendered":"<p style=\"text-align: center;\"><strong>Kafa sa ambasadorkom \u010ce\u0161ke Republike<\/strong><\/p>\n<p>Ambasadorka \u010ce\u0161ke Republike, <strong>Janina Hrebi\u010dkova<\/strong> je prava \u010de\u0161ka heroina.<\/p>\n<p>Karijerni put zapo\u010dela je sa 25 godina kada je \u0161etaju\u0107i ulicama Praga zajedno sa pola miliona ljudi davala sve od sebe da sru\u0161i komunizam i autoritarni sistem.<\/p>\n<p>\u201eImate 25 i imate nadu da \u0107e se sve uskoro zavr\u0161iti. Nije vas strah, ne razmi\u0161ljate o tome, jer ste gladni slobode i ta glad je tako velika i se\u017ee toliko duboko da uop\u0161te ne razmi\u0161ljate kako \u0107e vojska, policija ili tajna policija, reagovati. Tokom tih mjeseci 1989. svi mi koji smo bili tamo znali smo da je ipak novi \u017eivot ispred nas\u201c, prisje\u0107a se ambasadorka \u010ce\u0161ke Republike.<\/p>\n<p><img fetchpriority=\"high\" decoding=\"async\" class=\"aligncenter size-large wp-image-30119\" src=\"https:\/\/evropskakuca.me\/wp-content\/uploads\/2024\/07\/1719835541926076-1024x576.jpg\" alt=\"\" width=\"1024\" height=\"576\" \/><\/p>\n<p>O svom karijernom putu, iskustvu koje je stekla rade\u0107i u diplomatiji, kao i u brojnim me\u0111unarodnim organizacijama i institucijama poput Ujedinjenih nacija, USAID i UNESCO, Hrebi\u010dkova je govorila tokom doga\u0111aja \u201eKafa sa ambasadorkom \u010ce\u0161ke Republike\u201c koji je odr\u017ean Evropskoj ku\u0107i.<\/p>\n<p>Radno mjesto za nju je bilo i 5 ratnih podru\u010dja na tri kontinenta tokom kojih je mnogo toga nau\u010dila: \u201eNau\u010dila sam da je ljubav univerzalna ali je i zlo univerzalno. Za mene se ljudi dijele na dobre i zle, i tvrdim da ne postoje druge razlike me\u0111u nama. To je toliko jednostavno, i nije bitno da li se nalazite na Dalekom ili Bliskom Istoku, u Africi, Aziji, Ju\u017enoj i Sjevernoj Americi ili Evropi, ljudi su svuda isti i imaju ili dobre ili lo\u0161e namjere\u201c<\/p>\n\n<p>Ambasadorka Hrebi\u010dkova bila je svjedok te\u0161kog perioda 90-ih na Balkanu. Govore\u0107i o promjenama koje su u toku godina nastupile kao i o Zapadnom Balkanu danas, ambasadorka je kazala:<\/p>\n<p>\u201ePosle Kosova sam po\u0161la u Crnu Goru, iz Crne Gore u Srbiju. Od tog vremena do danas desila se ogromna promjena \u00a0u odnosu na ono \u010demu sam tada svjedo\u010dila. Danas se suo\u010davamo sa druga\u010dijim problemima i izazovima ali lagala bih kada bi kazala da se stanje pogor\u0161alo. Po mom skromnom mi\u0161ljenju, situacija je mnogo bolja, posebno kada je u pitanju svijest ljudi koja je otvorenija za kriti\u010dko mi\u0161ljenje, za borbu za \u017eenska prava, prava starijih i prava LGBTIQ+ osoba\u201c.<\/p>\n<p>U budu\u0107nosti Zapadnog Balkana ambasadorka bi voljela da vidi da studenti i mlade generacije \u017eele da ostanu ovdje, da imaju razloga da ostanu.<\/p>\n<p>\u201e\u017deljela bih da se mladima daju ve\u0107e i bolje \u0161anse kako bi nama pripadnicima starije generacije pokazali da stvari mogu da se urade i na druga\u010diji na\u010din\u201c, zaklju\u010dila je Hrebi\u010dkova.<\/p>\n<p><img decoding=\"async\" class=\"aligncenter size-large wp-image-30125\" src=\"https:\/\/evropskakuca.me\/wp-content\/uploads\/2024\/07\/1719835547111475-2-1024x576.jpg\" alt=\"\" width=\"1024\" height=\"576\" \/><\/p>\n<p>U okviru \u201eKafe sa ambasadorkom \u010ce\u0161ke Republike\u201c otvorena je i izlo\u017eba portreta <em><strong>\u010ce\u0161ke heroine<\/strong><\/em> koju mo\u017eete posjetiti do<strong> 15. juna<\/strong> u Evropskoj ku\u0107i.<\/p>\n\n<p>&nbsp;<\/p>\n","protected":false},"excerpt":{"rendered":"<p>Kafa sa ambasadorkom \u010ce\u0161ke Republike Ambasadorka \u010ce\u0161ke Republike, Janina Hrebi\u010dkova je prava \u010de\u0161ka heroina. Karijerni put zapo\u010dela je sa 25 godina kada je \u0161etaju\u0107i ulicama Praga zajedno sa pola miliona ljudi davala sve od sebe da sru\u0161i komunizam i autoritarni sistem. \u201eImate 25 i imate nadu da \u0107e se sve uskoro zavr\u0161iti. Nije vas strah, [&hellip;]<\/p>\n","protected":false},"author":1,"featured_media":41173,"comment_status":"closed","ping_status":"closed","sticky":false,"template":"","format":"standard","meta":{"_acf_changed":false,"footnotes":""},"categories":[],"tags":[],"class_list":["post-30110","post","type-post","status-publish","format-standard","has-post-thumbnail","hentry"],"acf":[],"yoast_head":"<!-- This site is optimized with the Yoast SEO plugin v27.3 - https:\/\/yoast.com\/product\/yoast-seo-wordpress\/ -->\n<title>\u010ce\u0161ka heroina, Janina Hrebi\u010dkova - Europe House<\/title>\n<meta name=\"robots\" content=\"index, follow, max-snippet:-1, max-image-preview:large, max-video-preview:-1\" \/>\n<link rel=\"canonical\" href=\"https:\/\/www.evropskakuca.me\/me\/ceska-heroina-janina-hrebickova\/\" \/>\n<meta property=\"og:locale\" content=\"en_US\" \/>\n<meta property=\"og:type\" content=\"article\" \/>\n<meta property=\"og:title\" content=\"\u010ce\u0161ka heroina, Janina Hrebi\u010dkova - Europe House\" \/>\n<meta property=\"og:description\" content=\"Kafa sa ambasadorkom \u010ce\u0161ke Republike Ambasadorka \u010ce\u0161ke Republike, Janina Hrebi\u010dkova je prava \u010de\u0161ka heroina. Karijerni put zapo\u010dela je sa 25 godina kada je \u0161etaju\u0107i ulicama Praga zajedno sa pola miliona ljudi davala sve od sebe da sru\u0161i komunizam i autoritarni sistem. \u201eImate 25 i imate nadu da \u0107e se sve uskoro zavr\u0161iti. Nije vas strah, [&hellip;]\" \/>\n<meta property=\"og:url\" content=\"https:\/\/www.evropskakuca.me\/me\/ceska-heroina-janina-hrebickova\/\" \/>\n<meta property=\"og:site_name\" content=\"Europe House\" \/>\n<meta property=\"article:publisher\" content=\"https:\/\/www.facebook.com\/evropska.kuca\" \/>\n<meta property=\"article:published_time\" content=\"2024-07-01T12:21:35+00:00\" \/>\n<meta property=\"og:image\" content=\"https:\/\/www.evropskakuca.me\/wp-content\/uploads\/2024\/07\/1719835544208871.jpg\" \/>\n\t<meta property=\"og:image:width\" content=\"2560\" \/>\n\t<meta property=\"og:image:height\" content=\"1436\" \/>\n\t<meta property=\"og:image:type\" content=\"image\/jpeg\" \/>\n<meta name=\"author\" content=\"mkajic\" \/>\n<meta name=\"twitter:card\" content=\"summary_large_image\" \/>\n<meta name=\"twitter:creator\" content=\"@evropska_kuca\" \/>\n<meta name=\"twitter:site\" content=\"@evropska_kuca\" \/>\n<meta name=\"twitter:label1\" content=\"Written by\" \/>\n\t<meta name=\"twitter:data1\" content=\"mkajic\" \/>\n\t<meta name=\"twitter:label2\" content=\"Est. reading time\" \/>\n\t<meta name=\"twitter:data2\" content=\"3 minutes\" \/>\n<script type=\"application\/ld+json\" class=\"yoast-schema-graph\">{\"@context\":\"https:\\\/\\\/schema.org\",\"@graph\":[{\"@type\":\"Article\",\"@id\":\"https:\\\/\\\/www.evropskakuca.me\\\/me\\\/ceska-heroina-janina-hrebickova\\\/#article\",\"isPartOf\":{\"@id\":\"https:\\\/\\\/www.evropskakuca.me\\\/me\\\/ceska-heroina-janina-hrebickova\\\/\"},\"author\":{\"name\":\"mkajic\",\"@id\":\"https:\\\/\\\/www.evropskakuca.me\\\/me\\\/#\\\/schema\\\/person\\\/a1d0dcdaefe4a1cd1d60d200ea137ba4\"},\"headline\":\"\u010ce\u0161ka heroina, Janina Hrebi\u010dkova\",\"datePublished\":\"2024-07-01T12:21:35+00:00\",\"mainEntityOfPage\":{\"@id\":\"https:\\\/\\\/www.evropskakuca.me\\\/me\\\/ceska-heroina-janina-hrebickova\\\/\"},\"wordCount\":477,\"publisher\":{\"@id\":\"https:\\\/\\\/www.evropskakuca.me\\\/me\\\/#organization\"},\"image\":{\"@id\":\"https:\\\/\\\/www.evropskakuca.me\\\/me\\\/ceska-heroina-janina-hrebickova\\\/#primaryimage\"},\"thumbnailUrl\":\"https:\\\/\\\/www.evropskakuca.me\\\/wp-content\\\/uploads\\\/2024\\\/07\\\/1719835544208871.jpg\",\"inLanguage\":\"me-ME\"},{\"@type\":\"WebPage\",\"@id\":\"https:\\\/\\\/www.evropskakuca.me\\\/me\\\/ceska-heroina-janina-hrebickova\\\/\",\"url\":\"https:\\\/\\\/www.evropskakuca.me\\\/me\\\/ceska-heroina-janina-hrebickova\\\/\",\"name\":\"\u010ce\u0161ka heroina, Janina Hrebi\u010dkova - Europe House\",\"isPartOf\":{\"@id\":\"https:\\\/\\\/www.evropskakuca.me\\\/me\\\/#website\"},\"primaryImageOfPage\":{\"@id\":\"https:\\\/\\\/www.evropskakuca.me\\\/me\\\/ceska-heroina-janina-hrebickova\\\/#primaryimage\"},\"image\":{\"@id\":\"https:\\\/\\\/www.evropskakuca.me\\\/me\\\/ceska-heroina-janina-hrebickova\\\/#primaryimage\"},\"thumbnailUrl\":\"https:\\\/\\\/www.evropskakuca.me\\\/wp-content\\\/uploads\\\/2024\\\/07\\\/1719835544208871.jpg\",\"datePublished\":\"2024-07-01T12:21:35+00:00\",\"breadcrumb\":{\"@id\":\"https:\\\/\\\/www.evropskakuca.me\\\/me\\\/ceska-heroina-janina-hrebickova\\\/#breadcrumb\"},\"inLanguage\":\"me-ME\",\"potentialAction\":[{\"@type\":\"ReadAction\",\"target\":[\"https:\\\/\\\/www.evropskakuca.me\\\/me\\\/ceska-heroina-janina-hrebickova\\\/\"]}]},{\"@type\":\"ImageObject\",\"inLanguage\":\"me-ME\",\"@id\":\"https:\\\/\\\/www.evropskakuca.me\\\/me\\\/ceska-heroina-janina-hrebickova\\\/#primaryimage\",\"url\":\"https:\\\/\\\/www.evropskakuca.me\\\/wp-content\\\/uploads\\\/2024\\\/07\\\/1719835544208871.jpg\",\"contentUrl\":\"https:\\\/\\\/www.evropskakuca.me\\\/wp-content\\\/uploads\\\/2024\\\/07\\\/1719835544208871.jpg\",\"width\":2560,\"height\":1436},{\"@type\":\"BreadcrumbList\",\"@id\":\"https:\\\/\\\/www.evropskakuca.me\\\/me\\\/ceska-heroina-janina-hrebickova\\\/#breadcrumb\",\"itemListElement\":[{\"@type\":\"ListItem\",\"position\":1,\"name\":\"Home\",\"item\":\"https:\\\/\\\/www.evropskakuca.me\\\/me\\\/\"},{\"@type\":\"ListItem\",\"position\":2,\"name\":\"\u010ce\u0161ka heroina, Janina Hrebi\u010dkova\"}]},{\"@type\":\"WebSite\",\"@id\":\"https:\\\/\\\/www.evropskakuca.me\\\/me\\\/#website\",\"url\":\"https:\\\/\\\/www.evropskakuca.me\\\/me\\\/\",\"name\":\"Evropean house\",\"description\":\"\",\"publisher\":{\"@id\":\"https:\\\/\\\/www.evropskakuca.me\\\/me\\\/#organization\"},\"potentialAction\":[{\"@type\":\"SearchAction\",\"target\":{\"@type\":\"EntryPoint\",\"urlTemplate\":\"https:\\\/\\\/www.evropskakuca.me\\\/me\\\/?s={search_term_string}\"},\"query-input\":{\"@type\":\"PropertyValueSpecification\",\"valueRequired\":true,\"valueName\":\"search_term_string\"}}],\"inLanguage\":\"me-ME\"},{\"@type\":\"Organization\",\"@id\":\"https:\\\/\\\/www.evropskakuca.me\\\/me\\\/#organization\",\"name\":\"Evropean house\",\"url\":\"https:\\\/\\\/www.evropskakuca.me\\\/me\\\/\",\"logo\":{\"@type\":\"ImageObject\",\"inLanguage\":\"me-ME\",\"@id\":\"https:\\\/\\\/www.evropskakuca.me\\\/me\\\/#\\\/schema\\\/logo\\\/image\\\/\",\"url\":\"https:\\\/\\\/www.evropskakuca.me\\\/wp-content\\\/uploads\\\/2025\\\/01\\\/evropska-kuca-logo-1.png\",\"contentUrl\":\"https:\\\/\\\/www.evropskakuca.me\\\/wp-content\\\/uploads\\\/2025\\\/01\\\/evropska-kuca-logo-1.png\",\"width\":425,\"height\":312,\"caption\":\"Evropean house\"},\"image\":{\"@id\":\"https:\\\/\\\/www.evropskakuca.me\\\/me\\\/#\\\/schema\\\/logo\\\/image\\\/\"},\"sameAs\":[\"https:\\\/\\\/www.facebook.com\\\/evropska.kuca\",\"https:\\\/\\\/x.com\\\/evropska_kuca\",\"https:\\\/\\\/www.instagram.com\\\/evropska_kuca\"]},{\"@type\":\"Person\",\"@id\":\"https:\\\/\\\/www.evropskakuca.me\\\/me\\\/#\\\/schema\\\/person\\\/a1d0dcdaefe4a1cd1d60d200ea137ba4\",\"name\":\"mkajic\",\"image\":{\"@type\":\"ImageObject\",\"inLanguage\":\"me-ME\",\"@id\":\"https:\\\/\\\/secure.gravatar.com\\\/avatar\\\/731fa035cefab7316e6bafd1f25a93fb731a07de14e2d9923f8db4422628eabc?s=96&d=mm&r=g\",\"url\":\"https:\\\/\\\/secure.gravatar.com\\\/avatar\\\/731fa035cefab7316e6bafd1f25a93fb731a07de14e2d9923f8db4422628eabc?s=96&d=mm&r=g\",\"contentUrl\":\"https:\\\/\\\/secure.gravatar.com\\\/avatar\\\/731fa035cefab7316e6bafd1f25a93fb731a07de14e2d9923f8db4422628eabc?s=96&d=mm&r=g\",\"caption\":\"mkajic\"},\"sameAs\":[\"https:\\\/\\\/evropskakuca.me\"],\"url\":\"https:\\\/\\\/www.evropskakuca.me\\\/me\\\/author\\\/mkajic\\\/\"}]}<\/script>\n<!-- \/ Yoast SEO plugin. -->","yoast_head_json":{"title":"\u010ce\u0161ka heroina, Janina Hrebi\u010dkova - Europe House","robots":{"index":"index","follow":"follow","max-snippet":"max-snippet:-1","max-image-preview":"max-image-preview:large","max-video-preview":"max-video-preview:-1"},"canonical":"https:\/\/www.evropskakuca.me\/me\/ceska-heroina-janina-hrebickova\/","og_locale":"en_US","og_type":"article","og_title":"\u010ce\u0161ka heroina, Janina Hrebi\u010dkova - Europe House","og_description":"Kafa sa ambasadorkom \u010ce\u0161ke Republike Ambasadorka \u010ce\u0161ke Republike, Janina Hrebi\u010dkova je prava \u010de\u0161ka heroina. Karijerni put zapo\u010dela je sa 25 godina kada je \u0161etaju\u0107i ulicama Praga zajedno sa pola miliona ljudi davala sve od sebe da sru\u0161i komunizam i autoritarni sistem. \u201eImate 25 i imate nadu da \u0107e se sve uskoro zavr\u0161iti. Nije vas strah, [&hellip;]","og_url":"https:\/\/www.evropskakuca.me\/me\/ceska-heroina-janina-hrebickova\/","og_site_name":"Europe House","article_publisher":"https:\/\/www.facebook.com\/evropska.kuca","article_published_time":"2024-07-01T12:21:35+00:00","og_image":[{"width":2560,"height":1436,"url":"https:\/\/www.evropskakuca.me\/wp-content\/uploads\/2024\/07\/1719835544208871.jpg","type":"image\/jpeg"}],"author":"mkajic","twitter_card":"summary_large_image","twitter_creator":"@evropska_kuca","twitter_site":"@evropska_kuca","twitter_misc":{"Written by":"mkajic","Est. reading time":"3 minutes"},"schema":{"@context":"https:\/\/schema.org","@graph":[{"@type":"Article","@id":"https:\/\/www.evropskakuca.me\/me\/ceska-heroina-janina-hrebickova\/#article","isPartOf":{"@id":"https:\/\/www.evropskakuca.me\/me\/ceska-heroina-janina-hrebickova\/"},"author":{"name":"mkajic","@id":"https:\/\/www.evropskakuca.me\/me\/#\/schema\/person\/a1d0dcdaefe4a1cd1d60d200ea137ba4"},"headline":"\u010ce\u0161ka heroina, Janina Hrebi\u010dkova","datePublished":"2024-07-01T12:21:35+00:00","mainEntityOfPage":{"@id":"https:\/\/www.evropskakuca.me\/me\/ceska-heroina-janina-hrebickova\/"},"wordCount":477,"publisher":{"@id":"https:\/\/www.evropskakuca.me\/me\/#organization"},"image":{"@id":"https:\/\/www.evropskakuca.me\/me\/ceska-heroina-janina-hrebickova\/#primaryimage"},"thumbnailUrl":"https:\/\/www.evropskakuca.me\/wp-content\/uploads\/2024\/07\/1719835544208871.jpg","inLanguage":"me-ME"},{"@type":"WebPage","@id":"https:\/\/www.evropskakuca.me\/me\/ceska-heroina-janina-hrebickova\/","url":"https:\/\/www.evropskakuca.me\/me\/ceska-heroina-janina-hrebickova\/","name":"\u010ce\u0161ka heroina, Janina Hrebi\u010dkova - Europe House","isPartOf":{"@id":"https:\/\/www.evropskakuca.me\/me\/#website"},"primaryImageOfPage":{"@id":"https:\/\/www.evropskakuca.me\/me\/ceska-heroina-janina-hrebickova\/#primaryimage"},"image":{"@id":"https:\/\/www.evropskakuca.me\/me\/ceska-heroina-janina-hrebickova\/#primaryimage"},"thumbnailUrl":"https:\/\/www.evropskakuca.me\/wp-content\/uploads\/2024\/07\/1719835544208871.jpg","datePublished":"2024-07-01T12:21:35+00:00","breadcrumb":{"@id":"https:\/\/www.evropskakuca.me\/me\/ceska-heroina-janina-hrebickova\/#breadcrumb"},"inLanguage":"me-ME","potentialAction":[{"@type":"ReadAction","target":["https:\/\/www.evropskakuca.me\/me\/ceska-heroina-janina-hrebickova\/"]}]},{"@type":"ImageObject","inLanguage":"me-ME","@id":"https:\/\/www.evropskakuca.me\/me\/ceska-heroina-janina-hrebickova\/#primaryimage","url":"https:\/\/www.evropskakuca.me\/wp-content\/uploads\/2024\/07\/1719835544208871.jpg","contentUrl":"https:\/\/www.evropskakuca.me\/wp-content\/uploads\/2024\/07\/1719835544208871.jpg","width":2560,"height":1436},{"@type":"BreadcrumbList","@id":"https:\/\/www.evropskakuca.me\/me\/ceska-heroina-janina-hrebickova\/#breadcrumb","itemListElement":[{"@type":"ListItem","position":1,"name":"Home","item":"https:\/\/www.evropskakuca.me\/me\/"},{"@type":"ListItem","position":2,"name":"\u010ce\u0161ka heroina, Janina Hrebi\u010dkova"}]},{"@type":"WebSite","@id":"https:\/\/www.evropskakuca.me\/me\/#website","url":"https:\/\/www.evropskakuca.me\/me\/","name":"Evropean house","description":"","publisher":{"@id":"https:\/\/www.evropskakuca.me\/me\/#organization"},"potentialAction":[{"@type":"SearchAction","target":{"@type":"EntryPoint","urlTemplate":"https:\/\/www.evropskakuca.me\/me\/?s={search_term_string}"},"query-input":{"@type":"PropertyValueSpecification","valueRequired":true,"valueName":"search_term_string"}}],"inLanguage":"me-ME"},{"@type":"Organization","@id":"https:\/\/www.evropskakuca.me\/me\/#organization","name":"Evropean house","url":"https:\/\/www.evropskakuca.me\/me\/","logo":{"@type":"ImageObject","inLanguage":"me-ME","@id":"https:\/\/www.evropskakuca.me\/me\/#\/schema\/logo\/image\/","url":"https:\/\/www.evropskakuca.me\/wp-content\/uploads\/2025\/01\/evropska-kuca-logo-1.png","contentUrl":"https:\/\/www.evropskakuca.me\/wp-content\/uploads\/2025\/01\/evropska-kuca-logo-1.png","width":425,"height":312,"caption":"Evropean house"},"image":{"@id":"https:\/\/www.evropskakuca.me\/me\/#\/schema\/logo\/image\/"},"sameAs":["https:\/\/www.facebook.com\/evropska.kuca","https:\/\/x.com\/evropska_kuca","https:\/\/www.instagram.com\/evropska_kuca"]},{"@type":"Person","@id":"https:\/\/www.evropskakuca.me\/me\/#\/schema\/person\/a1d0dcdaefe4a1cd1d60d200ea137ba4","name":"mkajic","image":{"@type":"ImageObject","inLanguage":"me-ME","@id":"https:\/\/secure.gravatar.com\/avatar\/731fa035cefab7316e6bafd1f25a93fb731a07de14e2d9923f8db4422628eabc?s=96&d=mm&r=g","url":"https:\/\/secure.gravatar.com\/avatar\/731fa035cefab7316e6bafd1f25a93fb731a07de14e2d9923f8db4422628eabc?s=96&d=mm&r=g","contentUrl":"https:\/\/secure.gravatar.com\/avatar\/731fa035cefab7316e6bafd1f25a93fb731a07de14e2d9923f8db4422628eabc?s=96&d=mm&r=g","caption":"mkajic"},"sameAs":["https:\/\/evropskakuca.me"],"url":"https:\/\/www.evropskakuca.me\/me\/author\/mkajic\/"}]}},"_links":{"self":[{"href":"https:\/\/www.evropskakuca.me\/me\/wp-json\/wp\/v2\/posts\/30110","targetHints":{"allow":["GET"]}}],"collection":[{"href":"https:\/\/www.evropskakuca.me\/me\/wp-json\/wp\/v2\/posts"}],"about":[{"href":"https:\/\/www.evropskakuca.me\/me\/wp-json\/wp\/v2\/types\/post"}],"author":[{"embeddable":true,"href":"https:\/\/www.evropskakuca.me\/me\/wp-json\/wp\/v2\/users\/1"}],"replies":[{"embeddable":true,"href":"https:\/\/www.evropskakuca.me\/me\/wp-json\/wp\/v2\/comments?post=30110"}],"version-history":[{"count":0,"href":"https:\/\/www.evropskakuca.me\/me\/wp-json\/wp\/v2\/posts\/30110\/revisions"}],"wp:featuredmedia":[{"embeddable":true,"href":"https:\/\/www.evropskakuca.me\/me\/wp-json\/wp\/v2\/media\/41173"}],"wp:attachment":[{"href":"https:\/\/www.evropskakuca.me\/me\/wp-json\/wp\/v2\/media?parent=30110"}],"wp:term":[{"taxonomy":"category","embeddable":true,"href":"https:\/\/www.evropskakuca.me\/me\/wp-json\/wp\/v2\/categories?post=30110"},{"taxonomy":"post_tag","embeddable":true,"href":"https:\/\/www.evropskakuca.me\/me\/wp-json\/wp\/v2\/tags?post=30110"}],"curies":[{"name":"wp","href":"https:\/\/api.w.org\/{rel}","templated":true}]}}