{"id":30077,"date":"2024-06-19T15:24:50","date_gmt":"2024-06-19T15:24:50","guid":{"rendered":"https:\/\/evropskakuca.me\/?p=30077"},"modified":"2025-01-20T12:58:36","modified_gmt":"2025-01-20T12:58:36","slug":"ceska-na-dlanu","status":"publish","type":"post","link":"https:\/\/www.evropskakuca.me\/me\/ceska-na-dlanu\/","title":{"rendered":"\u010ce\u0161ka na dlanu"},"content":{"rendered":"<p>U ti\u0161ini svog vodenog puta Vltava proti\u010de ispod Karlovog mosta u Pragu i pri\u010da pri\u010du o \u010ce\u0161koj.<\/p>\n<p>Smje\u0161tena u samom srcu Evrope, \u010ce\u0161ka je poznata po svojim slikovitim gradovima, bogatoj istoriji i o\u010daravaju\u0107im krajolicima.<\/p>\n<p>Prvi stanovnici \u010ce\u0161ke bila su keltska plemena koja su naseljavala ovo podru\u010dje jo\u0161 tokom antike. U prvom vijeku prije nove ere, Kelte su zamijenila germanska plemena, a zatim su se u 6. vijeku nove ere na ovo podru\u010dje naselili Slaveni.<\/p>\n<p><img fetchpriority=\"high\" decoding=\"async\" class=\"aligncenter size-large wp-image-30080\" src=\"https:\/\/evropskakuca.me\/wp-content\/uploads\/2024\/06\/pexels-julius-silver-240301-753337-1024x609.jpg\" alt=\"\" width=\"1024\" height=\"609\" \/><\/p>\n<p>Legenda ka\u017ee da je na stjenovitim liticama visoko iznad Vltave, mitska kraljica i proro\u010dica Libu\u0161e prorekla podizanje grada Praga rije\u010dima:<\/p>\n<p>\u201cVidim veliki grad \u010dija \u0107e slava dota\u0107i zvijezde.&#8221;<\/p>\n<p style=\"text-align: center;\"><strong><em>Prag, Zlatni grad.<\/em><\/strong><\/p>\n<p>Pored toga \u0161to \u010duva Vltavin tok, Prag je centar \u010de\u0161kog kulturnog naslje\u0111a, umjetnosti i arhitekture.<\/p>\n<p>Jedan od najpoznatijih simbola grada je Astronomski sat (Orloj), tre\u0107i najstariji na svijetu. Ovaj sat ne prestaje da fascinira posjetitelje svojim slo\u017eenim mehanizmom. Neizostavni djelovi pra\u0161ke arhitektonske ba\u0161tine su i Zlatna ulica i Katedrala Svetog Vida. Ova katedrala, izgra\u0111ena u me\u0161avini vi\u0161e stilova: goti\u010dkom, renesansnom, baroknom i neogoti\u010dkom, je jedna od najve\u0107ih u Evropi, a njen toranj se vidi iz \u010ditavog Praga.<\/p>\n\n<p><strong>Karlov most<\/strong><\/p>\n<p>Ovo je najstariji a ujedno i najpoznatiji pra\u0161ki most. Povezuje Stari grad sa drugom obalom Vltave, Malom Stranom. Most je podigao kralj Karlo IV, 1357.godine.<\/p>\n<p>Ka\u017eu da je kralj Karlo IV po predlogu numerologa postavio kamen temeljac 9. jula 1357. godine u 5:31h.<\/p>\n<p><img decoding=\"async\" class=\"aligncenter size-large wp-image-30088\" src=\"https:\/\/evropskakuca.me\/wp-content\/uploads\/2024\/06\/pexels-felixmittermeier-1269805-1024x419.jpg\" alt=\"\" width=\"1024\" height=\"419\" \/><\/p>\n<p>Ovaj datum i vreme gradnje su davali simetri\u010dni broj 135797531.<\/p>\n<p>Karlov most je duga\u010dak 621 metar a \u0161irok gotovo 10 metara. Ima 16 lukova i za\u0161ti\u0107en je kulama sa obije strane. Most ukra\u0161ava 30 uglavnom baroknih statua. Me\u0111u njima najzna\u010dajnija je statua sv. Jovana (Jana) iz Nepomuka, nacionalnog sveca \u010ce\u0161ke i za\u0161titnika rijeka, mostova, mornara, ribara i rudara.<\/p>\n<p><img decoding=\"async\" class=\"aligncenter size-large wp-image-30090\" src=\"https:\/\/evropskakuca.me\/wp-content\/uploads\/2024\/06\/pexels-rejcl-262062332-12677355-1024x683.jpg\" alt=\"\" width=\"1024\" height=\"683\" \/><\/p>\n<p>\u010ce\u0161ka je zemlja umjetnosti koja je svijetu darivala slikara Franti\u0161ek Kupku, reditelja Milo\u0161a Formana, pisce Franca Kafku i Milana Kunderu<\/p>\n<p>Pored autora \u010duvene simfonije &#8220;Vltava&#8221; Bed\u017eih Smetane, glavni grad \u010ce\u0161ke je bio dom mnogih velikih kompozitora poput Anton\u00edna Dvo\u0159\u00e1ka i Leo\u0161a Jana\u010deka, \u010dija su djela i danas dio svjetskog muzi\u010dkog naslje\u0111a.<\/p>\n<p><iframe title=\"Dvo\u0159\u00e1k: 9. Sinfonie (\u00bbAus der Neuen Welt\u00ab) \u2219 hr-Sinfonieorchester \u2219 Andr\u00e9s Orozco-Estrada\" width=\"800\" height=\"450\" src=\"https:\/\/www.youtube.com\/embed\/jOofzffyDSA?start=778&#038;feature=oembed\" frameborder=\"0\" allow=\"accelerometer; autoplay; clipboard-write; encrypted-media; gyroscope; picture-in-picture; web-share\" referrerpolicy=\"strict-origin-when-cross-origin\" allowfullscreen><\/iframe><\/p>\n<p>\u010cesi gaje duboko po\u0161tovanje svom kulturnom naslje\u0111u, prema hokeju na ledu i kafi, koju piju jo\u0161 od 17. vijeka.<\/p>\n<p>Prvi kafi\u0107i po\u010deli su se otvarati u Pragu po\u010detkom 18. vijeka, a &#8220;Caf\u00e9 Slavia&#8221;, jedan od najpoznatijih pra\u0161kih kafi\u0107a, otvoren je 1884. godine. Kultura ispijanja kafe duboko je ukorijenjena u \u010de\u0161kom dru\u0161tvu, te su kafi\u0107i centralna mjesta za dru\u0161tvena okupljanja, intelektualne rasprave i umjetni\u010dku inspiraciju.<\/p>\n<p><img loading=\"lazy\" decoding=\"async\" class=\"aligncenter size-large wp-image-30095\" src=\"https:\/\/evropskakuca.me\/wp-content\/uploads\/2024\/06\/Kafa-s-ambasadorkom-CESKA-04-1024x576.png\" alt=\"\" width=\"1024\" height=\"576\" \/><\/p>\n<p>Inspiraciju koja nam je darivala i izlo\u017ebu portreta \u010de\u0161kih heroina koja \u0107e biti otvorena u Evropskoj ku\u0107i 28. juna u 10 sati u sklopu doga\u0111aja \u201c<strong>Kafa sa ambasadorom \u010ce\u0161ke<\/strong>\u201d. Do\u0111ite da zajedno sa ambasadorkom \u010ce\u0161ke u Crnoj Gori, Janinom Hrebi\u010dkovom razgovaramo o njenoj prelijepoj zemlji i njenim divnim ljudima.<\/p>\n","protected":false},"excerpt":{"rendered":"<p>U ti\u0161ini svog vodenog puta Vltava proti\u010de ispod Karlovog mosta u Pragu i pri\u010da pri\u010du o \u010ce\u0161koj. Smje\u0161tena u samom srcu Evrope, \u010ce\u0161ka je poznata po svojim slikovitim gradovima, bogatoj istoriji i o\u010daravaju\u0107im krajolicima. Prvi stanovnici \u010ce\u0161ke bila su keltska plemena koja su naseljavala ovo podru\u010dje jo\u0161 tokom antike. U prvom vijeku prije nove ere, [&hellip;]<\/p>\n","protected":false},"author":1,"featured_media":41143,"comment_status":"closed","ping_status":"closed","sticky":false,"template":"","format":"standard","meta":{"_acf_changed":false,"footnotes":""},"categories":[2],"tags":[],"class_list":["post-30077","post","type-post","status-publish","format-standard","has-post-thumbnail","hentry","category-uncategorized-me"],"acf":[],"yoast_head":"<!-- This site is optimized with the Yoast SEO plugin v27.3 - https:\/\/yoast.com\/product\/yoast-seo-wordpress\/ -->\n<title>\u010ce\u0161ka na dlanu - Europe House<\/title>\n<meta name=\"robots\" content=\"index, follow, max-snippet:-1, max-image-preview:large, max-video-preview:-1\" \/>\n<link rel=\"canonical\" href=\"https:\/\/www.evropskakuca.me\/me\/ceska-na-dlanu\/\" \/>\n<meta property=\"og:locale\" content=\"en_US\" \/>\n<meta property=\"og:type\" content=\"article\" \/>\n<meta property=\"og:title\" content=\"\u010ce\u0161ka na dlanu - Europe House\" \/>\n<meta property=\"og:description\" content=\"U ti\u0161ini svog vodenog puta Vltava proti\u010de ispod Karlovog mosta u Pragu i pri\u010da pri\u010du o \u010ce\u0161koj. Smje\u0161tena u samom srcu Evrope, \u010ce\u0161ka je poznata po svojim slikovitim gradovima, bogatoj istoriji i o\u010daravaju\u0107im krajolicima. Prvi stanovnici \u010ce\u0161ke bila su keltska plemena koja su naseljavala ovo podru\u010dje jo\u0161 tokom antike. U prvom vijeku prije nove ere, [&hellip;]\" \/>\n<meta property=\"og:url\" content=\"https:\/\/www.evropskakuca.me\/me\/ceska-na-dlanu\/\" \/>\n<meta property=\"og:site_name\" content=\"Europe House\" \/>\n<meta property=\"article:publisher\" content=\"https:\/\/www.facebook.com\/evropska.kuca\" \/>\n<meta property=\"article:published_time\" content=\"2024-06-19T15:24:50+00:00\" \/>\n<meta property=\"article:modified_time\" content=\"2025-01-20T12:58:36+00:00\" \/>\n<meta property=\"og:image\" content=\"https:\/\/www.evropskakuca.me\/wp-content\/uploads\/2024\/06\/international-2691004_1280.jpg\" \/>\n\t<meta property=\"og:image:width\" content=\"1280\" \/>\n\t<meta property=\"og:image:height\" content=\"960\" \/>\n\t<meta property=\"og:image:type\" content=\"image\/jpeg\" \/>\n<meta name=\"author\" content=\"mkajic\" \/>\n<meta name=\"twitter:card\" content=\"summary_large_image\" \/>\n<meta name=\"twitter:creator\" content=\"@evropska_kuca\" \/>\n<meta name=\"twitter:site\" content=\"@evropska_kuca\" \/>\n<meta name=\"twitter:label1\" content=\"Written by\" \/>\n\t<meta name=\"twitter:data1\" content=\"mkajic\" \/>\n\t<meta name=\"twitter:label2\" content=\"Est. reading time\" \/>\n\t<meta name=\"twitter:data2\" content=\"3 minutes\" \/>\n<script type=\"application\/ld+json\" class=\"yoast-schema-graph\">{\"@context\":\"https:\\\/\\\/schema.org\",\"@graph\":[{\"@type\":\"Article\",\"@id\":\"https:\\\/\\\/www.evropskakuca.me\\\/me\\\/ceska-na-dlanu\\\/#article\",\"isPartOf\":{\"@id\":\"https:\\\/\\\/www.evropskakuca.me\\\/me\\\/ceska-na-dlanu\\\/\"},\"author\":{\"name\":\"mkajic\",\"@id\":\"https:\\\/\\\/www.evropskakuca.me\\\/me\\\/#\\\/schema\\\/person\\\/a1d0dcdaefe4a1cd1d60d200ea137ba4\"},\"headline\":\"\u010ce\u0161ka na dlanu\",\"datePublished\":\"2024-06-19T15:24:50+00:00\",\"dateModified\":\"2025-01-20T12:58:36+00:00\",\"mainEntityOfPage\":{\"@id\":\"https:\\\/\\\/www.evropskakuca.me\\\/me\\\/ceska-na-dlanu\\\/\"},\"wordCount\":526,\"publisher\":{\"@id\":\"https:\\\/\\\/www.evropskakuca.me\\\/me\\\/#organization\"},\"image\":{\"@id\":\"https:\\\/\\\/www.evropskakuca.me\\\/me\\\/ceska-na-dlanu\\\/#primaryimage\"},\"thumbnailUrl\":\"https:\\\/\\\/www.evropskakuca.me\\\/wp-content\\\/uploads\\\/2024\\\/06\\\/international-2691004_1280.jpg\",\"articleSection\":[\"Uncategorized @me\"],\"inLanguage\":\"me-ME\"},{\"@type\":\"WebPage\",\"@id\":\"https:\\\/\\\/www.evropskakuca.me\\\/me\\\/ceska-na-dlanu\\\/\",\"url\":\"https:\\\/\\\/www.evropskakuca.me\\\/me\\\/ceska-na-dlanu\\\/\",\"name\":\"\u010ce\u0161ka na dlanu - Europe House\",\"isPartOf\":{\"@id\":\"https:\\\/\\\/www.evropskakuca.me\\\/me\\\/#website\"},\"primaryImageOfPage\":{\"@id\":\"https:\\\/\\\/www.evropskakuca.me\\\/me\\\/ceska-na-dlanu\\\/#primaryimage\"},\"image\":{\"@id\":\"https:\\\/\\\/www.evropskakuca.me\\\/me\\\/ceska-na-dlanu\\\/#primaryimage\"},\"thumbnailUrl\":\"https:\\\/\\\/www.evropskakuca.me\\\/wp-content\\\/uploads\\\/2024\\\/06\\\/international-2691004_1280.jpg\",\"datePublished\":\"2024-06-19T15:24:50+00:00\",\"dateModified\":\"2025-01-20T12:58:36+00:00\",\"breadcrumb\":{\"@id\":\"https:\\\/\\\/www.evropskakuca.me\\\/me\\\/ceska-na-dlanu\\\/#breadcrumb\"},\"inLanguage\":\"me-ME\",\"potentialAction\":[{\"@type\":\"ReadAction\",\"target\":[\"https:\\\/\\\/www.evropskakuca.me\\\/me\\\/ceska-na-dlanu\\\/\"]}]},{\"@type\":\"ImageObject\",\"inLanguage\":\"me-ME\",\"@id\":\"https:\\\/\\\/www.evropskakuca.me\\\/me\\\/ceska-na-dlanu\\\/#primaryimage\",\"url\":\"https:\\\/\\\/www.evropskakuca.me\\\/wp-content\\\/uploads\\\/2024\\\/06\\\/international-2691004_1280.jpg\",\"contentUrl\":\"https:\\\/\\\/www.evropskakuca.me\\\/wp-content\\\/uploads\\\/2024\\\/06\\\/international-2691004_1280.jpg\",\"width\":1280,\"height\":960},{\"@type\":\"BreadcrumbList\",\"@id\":\"https:\\\/\\\/www.evropskakuca.me\\\/me\\\/ceska-na-dlanu\\\/#breadcrumb\",\"itemListElement\":[{\"@type\":\"ListItem\",\"position\":1,\"name\":\"Home\",\"item\":\"https:\\\/\\\/www.evropskakuca.me\\\/me\\\/\"},{\"@type\":\"ListItem\",\"position\":2,\"name\":\"\u010ce\u0161ka na dlanu\"}]},{\"@type\":\"WebSite\",\"@id\":\"https:\\\/\\\/www.evropskakuca.me\\\/me\\\/#website\",\"url\":\"https:\\\/\\\/www.evropskakuca.me\\\/me\\\/\",\"name\":\"Evropean house\",\"description\":\"\",\"publisher\":{\"@id\":\"https:\\\/\\\/www.evropskakuca.me\\\/me\\\/#organization\"},\"potentialAction\":[{\"@type\":\"SearchAction\",\"target\":{\"@type\":\"EntryPoint\",\"urlTemplate\":\"https:\\\/\\\/www.evropskakuca.me\\\/me\\\/?s={search_term_string}\"},\"query-input\":{\"@type\":\"PropertyValueSpecification\",\"valueRequired\":true,\"valueName\":\"search_term_string\"}}],\"inLanguage\":\"me-ME\"},{\"@type\":\"Organization\",\"@id\":\"https:\\\/\\\/www.evropskakuca.me\\\/me\\\/#organization\",\"name\":\"Evropean house\",\"url\":\"https:\\\/\\\/www.evropskakuca.me\\\/me\\\/\",\"logo\":{\"@type\":\"ImageObject\",\"inLanguage\":\"me-ME\",\"@id\":\"https:\\\/\\\/www.evropskakuca.me\\\/me\\\/#\\\/schema\\\/logo\\\/image\\\/\",\"url\":\"https:\\\/\\\/www.evropskakuca.me\\\/wp-content\\\/uploads\\\/2025\\\/01\\\/evropska-kuca-logo-1.png\",\"contentUrl\":\"https:\\\/\\\/www.evropskakuca.me\\\/wp-content\\\/uploads\\\/2025\\\/01\\\/evropska-kuca-logo-1.png\",\"width\":425,\"height\":312,\"caption\":\"Evropean house\"},\"image\":{\"@id\":\"https:\\\/\\\/www.evropskakuca.me\\\/me\\\/#\\\/schema\\\/logo\\\/image\\\/\"},\"sameAs\":[\"https:\\\/\\\/www.facebook.com\\\/evropska.kuca\",\"https:\\\/\\\/x.com\\\/evropska_kuca\",\"https:\\\/\\\/www.instagram.com\\\/evropska_kuca\"]},{\"@type\":\"Person\",\"@id\":\"https:\\\/\\\/www.evropskakuca.me\\\/me\\\/#\\\/schema\\\/person\\\/a1d0dcdaefe4a1cd1d60d200ea137ba4\",\"name\":\"mkajic\",\"image\":{\"@type\":\"ImageObject\",\"inLanguage\":\"me-ME\",\"@id\":\"https:\\\/\\\/secure.gravatar.com\\\/avatar\\\/731fa035cefab7316e6bafd1f25a93fb731a07de14e2d9923f8db4422628eabc?s=96&d=mm&r=g\",\"url\":\"https:\\\/\\\/secure.gravatar.com\\\/avatar\\\/731fa035cefab7316e6bafd1f25a93fb731a07de14e2d9923f8db4422628eabc?s=96&d=mm&r=g\",\"contentUrl\":\"https:\\\/\\\/secure.gravatar.com\\\/avatar\\\/731fa035cefab7316e6bafd1f25a93fb731a07de14e2d9923f8db4422628eabc?s=96&d=mm&r=g\",\"caption\":\"mkajic\"},\"sameAs\":[\"https:\\\/\\\/evropskakuca.me\"],\"url\":\"https:\\\/\\\/www.evropskakuca.me\\\/me\\\/author\\\/mkajic\\\/\"}]}<\/script>\n<!-- \/ Yoast SEO plugin. -->","yoast_head_json":{"title":"\u010ce\u0161ka na dlanu - Europe House","robots":{"index":"index","follow":"follow","max-snippet":"max-snippet:-1","max-image-preview":"max-image-preview:large","max-video-preview":"max-video-preview:-1"},"canonical":"https:\/\/www.evropskakuca.me\/me\/ceska-na-dlanu\/","og_locale":"en_US","og_type":"article","og_title":"\u010ce\u0161ka na dlanu - Europe House","og_description":"U ti\u0161ini svog vodenog puta Vltava proti\u010de ispod Karlovog mosta u Pragu i pri\u010da pri\u010du o \u010ce\u0161koj. Smje\u0161tena u samom srcu Evrope, \u010ce\u0161ka je poznata po svojim slikovitim gradovima, bogatoj istoriji i o\u010daravaju\u0107im krajolicima. Prvi stanovnici \u010ce\u0161ke bila su keltska plemena koja su naseljavala ovo podru\u010dje jo\u0161 tokom antike. U prvom vijeku prije nove ere, [&hellip;]","og_url":"https:\/\/www.evropskakuca.me\/me\/ceska-na-dlanu\/","og_site_name":"Europe House","article_publisher":"https:\/\/www.facebook.com\/evropska.kuca","article_published_time":"2024-06-19T15:24:50+00:00","article_modified_time":"2025-01-20T12:58:36+00:00","og_image":[{"width":1280,"height":960,"url":"https:\/\/www.evropskakuca.me\/wp-content\/uploads\/2024\/06\/international-2691004_1280.jpg","type":"image\/jpeg"}],"author":"mkajic","twitter_card":"summary_large_image","twitter_creator":"@evropska_kuca","twitter_site":"@evropska_kuca","twitter_misc":{"Written by":"mkajic","Est. reading time":"3 minutes"},"schema":{"@context":"https:\/\/schema.org","@graph":[{"@type":"Article","@id":"https:\/\/www.evropskakuca.me\/me\/ceska-na-dlanu\/#article","isPartOf":{"@id":"https:\/\/www.evropskakuca.me\/me\/ceska-na-dlanu\/"},"author":{"name":"mkajic","@id":"https:\/\/www.evropskakuca.me\/me\/#\/schema\/person\/a1d0dcdaefe4a1cd1d60d200ea137ba4"},"headline":"\u010ce\u0161ka na dlanu","datePublished":"2024-06-19T15:24:50+00:00","dateModified":"2025-01-20T12:58:36+00:00","mainEntityOfPage":{"@id":"https:\/\/www.evropskakuca.me\/me\/ceska-na-dlanu\/"},"wordCount":526,"publisher":{"@id":"https:\/\/www.evropskakuca.me\/me\/#organization"},"image":{"@id":"https:\/\/www.evropskakuca.me\/me\/ceska-na-dlanu\/#primaryimage"},"thumbnailUrl":"https:\/\/www.evropskakuca.me\/wp-content\/uploads\/2024\/06\/international-2691004_1280.jpg","articleSection":["Uncategorized @me"],"inLanguage":"me-ME"},{"@type":"WebPage","@id":"https:\/\/www.evropskakuca.me\/me\/ceska-na-dlanu\/","url":"https:\/\/www.evropskakuca.me\/me\/ceska-na-dlanu\/","name":"\u010ce\u0161ka na dlanu - Europe House","isPartOf":{"@id":"https:\/\/www.evropskakuca.me\/me\/#website"},"primaryImageOfPage":{"@id":"https:\/\/www.evropskakuca.me\/me\/ceska-na-dlanu\/#primaryimage"},"image":{"@id":"https:\/\/www.evropskakuca.me\/me\/ceska-na-dlanu\/#primaryimage"},"thumbnailUrl":"https:\/\/www.evropskakuca.me\/wp-content\/uploads\/2024\/06\/international-2691004_1280.jpg","datePublished":"2024-06-19T15:24:50+00:00","dateModified":"2025-01-20T12:58:36+00:00","breadcrumb":{"@id":"https:\/\/www.evropskakuca.me\/me\/ceska-na-dlanu\/#breadcrumb"},"inLanguage":"me-ME","potentialAction":[{"@type":"ReadAction","target":["https:\/\/www.evropskakuca.me\/me\/ceska-na-dlanu\/"]}]},{"@type":"ImageObject","inLanguage":"me-ME","@id":"https:\/\/www.evropskakuca.me\/me\/ceska-na-dlanu\/#primaryimage","url":"https:\/\/www.evropskakuca.me\/wp-content\/uploads\/2024\/06\/international-2691004_1280.jpg","contentUrl":"https:\/\/www.evropskakuca.me\/wp-content\/uploads\/2024\/06\/international-2691004_1280.jpg","width":1280,"height":960},{"@type":"BreadcrumbList","@id":"https:\/\/www.evropskakuca.me\/me\/ceska-na-dlanu\/#breadcrumb","itemListElement":[{"@type":"ListItem","position":1,"name":"Home","item":"https:\/\/www.evropskakuca.me\/me\/"},{"@type":"ListItem","position":2,"name":"\u010ce\u0161ka na dlanu"}]},{"@type":"WebSite","@id":"https:\/\/www.evropskakuca.me\/me\/#website","url":"https:\/\/www.evropskakuca.me\/me\/","name":"Evropean house","description":"","publisher":{"@id":"https:\/\/www.evropskakuca.me\/me\/#organization"},"potentialAction":[{"@type":"SearchAction","target":{"@type":"EntryPoint","urlTemplate":"https:\/\/www.evropskakuca.me\/me\/?s={search_term_string}"},"query-input":{"@type":"PropertyValueSpecification","valueRequired":true,"valueName":"search_term_string"}}],"inLanguage":"me-ME"},{"@type":"Organization","@id":"https:\/\/www.evropskakuca.me\/me\/#organization","name":"Evropean house","url":"https:\/\/www.evropskakuca.me\/me\/","logo":{"@type":"ImageObject","inLanguage":"me-ME","@id":"https:\/\/www.evropskakuca.me\/me\/#\/schema\/logo\/image\/","url":"https:\/\/www.evropskakuca.me\/wp-content\/uploads\/2025\/01\/evropska-kuca-logo-1.png","contentUrl":"https:\/\/www.evropskakuca.me\/wp-content\/uploads\/2025\/01\/evropska-kuca-logo-1.png","width":425,"height":312,"caption":"Evropean house"},"image":{"@id":"https:\/\/www.evropskakuca.me\/me\/#\/schema\/logo\/image\/"},"sameAs":["https:\/\/www.facebook.com\/evropska.kuca","https:\/\/x.com\/evropska_kuca","https:\/\/www.instagram.com\/evropska_kuca"]},{"@type":"Person","@id":"https:\/\/www.evropskakuca.me\/me\/#\/schema\/person\/a1d0dcdaefe4a1cd1d60d200ea137ba4","name":"mkajic","image":{"@type":"ImageObject","inLanguage":"me-ME","@id":"https:\/\/secure.gravatar.com\/avatar\/731fa035cefab7316e6bafd1f25a93fb731a07de14e2d9923f8db4422628eabc?s=96&d=mm&r=g","url":"https:\/\/secure.gravatar.com\/avatar\/731fa035cefab7316e6bafd1f25a93fb731a07de14e2d9923f8db4422628eabc?s=96&d=mm&r=g","contentUrl":"https:\/\/secure.gravatar.com\/avatar\/731fa035cefab7316e6bafd1f25a93fb731a07de14e2d9923f8db4422628eabc?s=96&d=mm&r=g","caption":"mkajic"},"sameAs":["https:\/\/evropskakuca.me"],"url":"https:\/\/www.evropskakuca.me\/me\/author\/mkajic\/"}]}},"_links":{"self":[{"href":"https:\/\/www.evropskakuca.me\/me\/wp-json\/wp\/v2\/posts\/30077","targetHints":{"allow":["GET"]}}],"collection":[{"href":"https:\/\/www.evropskakuca.me\/me\/wp-json\/wp\/v2\/posts"}],"about":[{"href":"https:\/\/www.evropskakuca.me\/me\/wp-json\/wp\/v2\/types\/post"}],"author":[{"embeddable":true,"href":"https:\/\/www.evropskakuca.me\/me\/wp-json\/wp\/v2\/users\/1"}],"replies":[{"embeddable":true,"href":"https:\/\/www.evropskakuca.me\/me\/wp-json\/wp\/v2\/comments?post=30077"}],"version-history":[{"count":1,"href":"https:\/\/www.evropskakuca.me\/me\/wp-json\/wp\/v2\/posts\/30077\/revisions"}],"predecessor-version":[{"id":42401,"href":"https:\/\/www.evropskakuca.me\/me\/wp-json\/wp\/v2\/posts\/30077\/revisions\/42401"}],"wp:featuredmedia":[{"embeddable":true,"href":"https:\/\/www.evropskakuca.me\/me\/wp-json\/wp\/v2\/media\/41143"}],"wp:attachment":[{"href":"https:\/\/www.evropskakuca.me\/me\/wp-json\/wp\/v2\/media?parent=30077"}],"wp:term":[{"taxonomy":"category","embeddable":true,"href":"https:\/\/www.evropskakuca.me\/me\/wp-json\/wp\/v2\/categories?post=30077"},{"taxonomy":"post_tag","embeddable":true,"href":"https:\/\/www.evropskakuca.me\/me\/wp-json\/wp\/v2\/tags?post=30077"}],"curies":[{"name":"wp","href":"https:\/\/api.w.org\/{rel}","templated":true}]}}