{"id":30045,"date":"2024-05-28T10:27:25","date_gmt":"2024-05-28T10:27:25","guid":{"rendered":"https:\/\/evropskakuca.me\/?p=30045"},"modified":"2025-01-20T13:56:43","modified_gmt":"2025-01-20T13:56:43","slug":"pridruzite-se-eu-izbornoj-noci-2024","status":"publish","type":"post","link":"https:\/\/www.evropskakuca.me\/me\/pridruzite-se-eu-izbornoj-noci-2024\/","title":{"rendered":"EU Izborna No\u0107 2024"},"content":{"rendered":"\t\t<div data-elementor-type=\"wp-post\" data-elementor-id=\"30045\" class=\"elementor elementor-30045\" data-elementor-post-type=\"post\">\n\t\t\t\t<div class=\"elementor-element elementor-element-3c1c3cdf e-flex e-con-boxed e-con e-parent\" data-id=\"3c1c3cdf\" data-element_type=\"container\" data-e-type=\"container\">\n\t\t\t\t\t<div class=\"e-con-inner\">\n\t\t\t\t<div class=\"elementor-element elementor-element-3a6b1168 elementor-widget elementor-widget-text-editor\" data-id=\"3a6b1168\" data-element_type=\"widget\" data-e-type=\"widget\" data-widget_type=\"text-editor.default\">\n\t\t\t\t<div class=\"elementor-widget-container\">\n\t\t\t\t\t\t\t\t\t<p>2024. godina predstavlja zna\u010dajan politi\u010dki trenutak za Evropsku uniju i njenih 27 dr\u017eava \u010dlanica.<\/p><p>U period od 6. do 9. juna 2024. godine, preko 370 miliona ljudi iz 27 dr\u017eava \u010dlanica \u0107e glasati na evropskim izborima. Ovi izbori predstavljaju jedan od najva\u017enijih demokratskih doga\u0111aja na globalnom nivou i jedini su multinacionalni izbori na svijetu.<\/p><p>Na\u0161 cilj je da prenesemo duh EU izbora u Crnu Goru i razgovaramo o njihovom potencijalnom uticaju na proces integracija, zato nam se pridru\u017eite u \u010detvrtak, 6. juna, u Evropskoj ku\u0107i, sa po\u010detkom u 19 h.<\/p><p><img fetchpriority=\"high\" decoding=\"async\" class=\"aligncenter size-large wp-image-30046\" src=\"https:\/\/evropskakuca.me\/wp-content\/uploads\/2024\/05\/european-elections-2024-1024x262.png\" alt=\"\" width=\"1024\" height=\"262\" \/><\/p><p style=\"text-align: center;\"><strong>Politi\u010dke grupe u Evropskom parlamentu<\/strong><\/p><p>Poslanici Evropskog parlamenta dio su politi\u010dkih grupa (koalicija) \u2013 nisu organizovani po nacionalnosti, ve\u0107 po politi\u010dkoj pripadnosti. Trenutno postoji 7 politi\u010dkih grupa u Evropskom parlamentu.<\/p><p>Za formiranje politi\u010dke grupe potrebno je 23 poslanika, a najmanje jedna \u010detvrtina dr\u017eava \u010dlanica mora biti zastupljena unutar grupe. Evropski poslanici ne mogu pripadati vi\u0161e od jednoj politi\u010dkoj grupi.<\/p><p>Neki \u010dlanovi parlamenta ne pripadaju nijednoj politi\u010dkoj grupi i poznati su kao nezavisni \u010dlanovi.<\/p><p>Vi\u0161e informacija na: <a href=\"https:\/\/www.europarl.europa.eu\/about-parliament\/en\/organisation-and-rules\/organisation\/political-groups\">https:\/\/www.europarl.europa.eu\/about-parliament\/en\/organisation-and-rules\/organisation\/political-groups<\/a><\/p><p style=\"text-align: center;\"><a href=\"https:\/\/www.eppgroup.eu\/\">Evropska narodna partija (EPP)<\/a><\/p><p>Evropska narodna partija (EPP) je politi\u010dka grupa desnog centra u Evropskom parlamentu, koja se fokusira na proevropsku integraciju, konzervativne ekonomske politike i socijalnu tr\u017ei\u0161nu ekonomiju. Zala\u017ee se za sna\u017enu, ujedinjenu Evropu sa robusnim unutra\u0161njim tr\u017ei\u0161tem i odr\u017eivim rastom. EPP nagla\u0161ava va\u017enost socijalne kohezije, ekolo\u0161ke odr\u017eivosti i digitalnih inovacija. Njeni \u010dlanovi uglavnom uklju\u010duju hri\u0161\u0107anske demokrate, konzervativce i druge desne i stranke desnog centra \u0161irom EU.<\/p><p>EPP je najve\u0107a partija u Evropskom parlamentu od 1999. godine i u Evropskom savjetu od 2002. godine. Tako\u0111e je najve\u0107a partija u trenutnoj Evropskoj komisiji. Predsjednica Evropske komisije Ursula fon der Lajen i predsjednica Evropskog parlamenta Roberta Metsola dolaze iz EPP-a. Prema njihovoj veb stranici, EPP je &#8220;porodica politi\u010dkog centra-desnice, \u010diji korijeni duboko se\u017eu u istoriju i civilizaciju evropskog kontinenta i koja je pionir evropskog projekta od njegovog po\u010detka&#8221;.<\/p><p>Zna\u010dajne nacionalne stranke unutar EPP-a uklju\u010duju njema\u010dku Hri\u0161\u0107ansko-demokratsku uniju (CDU), koju predstavlja Manfred Veber, koji je predsjednik EPP. Narodna stranka (PP) iz \u0160panije, Gra\u0111anska platforma (PO) iz Poljske, Austrijska narodna partija, Finska nacionalna koalicija i Hrvatska demokratska zajednica su neki od \u010dlanova EPP-a.<\/p><p style=\"text-align: center;\"><a href=\"https:\/\/www.socialistsanddemocrats.eu\/\">Progresivni savez socijalista i demokrata (S&amp;D)<\/a><\/p><p>Progresivni savez socijalista i demokrata (S&amp;D) je politi\u010dka grupa lijvog centra posve\u0107ena promociji socijalne pravde, radni\u010dkih prava i odr\u017eivog razvoja. Podr\u017eava politike usmjerene na smanjenje nejednakosti, unaprje\u0111enje socijalne za\u0161tite i za\u0161titu \u017eivotne sredine. S&amp;D se zala\u017ee za inkluzivniju i pravi\u010dniju Evropsku uniju, nagla\u0161avaju\u0107i va\u017enost solidarnosti i saradnje me\u0111u dr\u017eavama \u010dlanicama.<\/p><p>S&amp;D je zvani\u010dno osnovan 1953. godine, \u0161to ga \u010dini drugom najstarijom politi\u010dkom grupom u Evropskom parlamentu. Do izbora za Evropski parlament 1999. godine, bili su najve\u0107a grupa u parlamentu, ali od tada su uvijek drugi po veli\u010dini. Prema njihovoj veb stranici, S&amp;D se zala\u017ee za \u201crodnu ravnopravnost i prava \u017eena, pristupa\u010dno i pristojno stanovanje za sve, Zeleni dogovor, socijalna i radna prava za sve gra\u0111ane EU, inkluzivnu digitalnu Evropu, ja\u010danje globalne pozicije Evrope, stavljanje ljudi i planete na prvo mjesto sa odgovornim poslovnim pona\u0161anjem, i borbu protiv fa\u0161izma i ekstremne desnice&#8221;.<\/p><p>Klju\u010dne nacionalne stranke unutar S&amp;D-a uklju\u010duju njema\u010dku Socijaldemokratsku partiju (SPD), sa istaknutim \u010dlanovima poput je Martina \u0160ulca, biv\u0161eg predsjednika Evropskog parlamenta i trenutnnog njema\u010dkog kancelara. \u0160panska Socijalisti\u010dka radni\u010dka partija (PSOE) je jo\u0161 jedan zna\u010dajan \u010dlan, koju predstavljaju osobe poput Iratxe Garc\u00eda P\u00e9rez, trenutne liderke grupe S&amp;D u EP, kao i Italijanska Demokratska partija (PD) sa Dejvidom Sasolijem, biv\u0161im predsjednikom Evropskog parlamenta, Socijaldemokratska partija Hrvatske (SDP), \u0161vedska i rumunska Socialdemokrtska partija i druge.<\/p><p style=\"text-align: center;\"><a href=\"https:\/\/www.reneweuropegroup.eu\/\">Obnovi Evropu (Renew Europe\u00a0 &#8211; RE)<\/a><\/p><p>Obnovi Evropu je centristi\u010dka i liberalna politi\u010dka grupa u Evropskom parlamentu, koja se fokusira na promociju dinami\u010dnije, inovativnije i integrisanije Evrope. Zala\u017ee se za ekonomski liberalizam, socijalni napredak i ekolo\u0161ku odr\u017eivost. RE ima za cilj da podstakne konkurentno jedinstveno tr\u017ei\u0161te, unaprijedi digitalnu transformaciju i podr\u017ei vladavinu prava i osnovna prava \u0161irom EU.<\/p><p>RE veruje da \u201eza Evropsku uniju da bude jaka, mora biti i projekat evropskog ujedinjenja nakon Hladnog rata, kao i mirovni projekat posle Drugog svetskog rata. Ponovno ujedinjenje Evrope kroz istinski i dubok proces integracije svih evropskih zemalja, od istoka do zapada i od sjevera do juga, mora ostati klju\u010dni element Evrope budu\u0107nosti.\u201d<\/p><p>Istaknute nacionalne stranke unutar RE uklju\u010duju francusku Renesansu (biv\u0161i La R\u00e9publique En Marche!), politi\u010dku stranku francuskog predsjednika Emanuela Makrona, holandske Demokrate 66 (D66) sa uticajnim \u010dlanovima poput Sofi in &#8216;t Veld. Iz Rumunije, Savez za spas Rumunije (USR) je bitan \u010dlan, sa zna\u010dajnim politi\u010darima poput Da\u010dana \u010colo\u0161a, koji je bio lider grupe RE i biv\u0161i premijer Rumunije.<\/p><p style=\"text-align: center;\"><a href=\"https:\/\/www.greens-efa.eu\/en\/\">Zeleni\/Evropski slobodni savez (Zeleni\/EFA)<\/a><\/p><p>Zeleni\/Evropski slobodni savez (Zeleni\/EFA) je politi\u010dka grupa koja kombinuje zelenu politiku sa regionalisti\u010dkim i manjinskim interesima. Zala\u017ee se za ekolo\u0161ku odr\u017eivost, klimatske akcije, ljudska prava i socijalnu pravdu. Zeleni\/EFA nagla\u0161avaju va\u017enost prelaska na odr\u017eivu ekonomiju, za\u0161titu biodiverziteta i osiguranje socijalne jednakosti.<\/p><p>Prema njihovoj veb stranici, \u201cZeleni su pravili razliku i borili se da Evropa postane globalni lider u pogledu za\u0161tite klime i \u017eivotne sredine, mira i socijalne pravde, fer globalizacije i u borbi za ljudska prava i samoopredeljenje.\u201d Sa 72 \u010dlana (35 \u017eena i 37 mu\u0161karaca) iz cijele Evrope, to je \u010detvrta najve\u0107a grupa u Evropskom parlamentu i jedina koja je uvek imala rodno izbalansirano kopredsjedni\u0161tvo.<\/p><p>Zna\u010dajne nacionalne stranke unutar Zelenih\/EFA uklju\u010duju njema\u010dku stranku Savez 90\/Zeleni, sa istaknutim \u010dlanovima kao \u0161to je Ska Keler, kopredsjednica grupe. Francuska stranka Evropa Ekologija \u2013 Zeleni (EELV), \u010ce\u0161ka Piratska stranka, \u0160vedska Zelena stranka i Austrijska stranka Zeleni \u2013 Zelena alternativa su neki od bitnih \u010dlanova.<\/p><p style=\"text-align: center;\"><a href=\"https:\/\/www.idgroup.eu\/\">Identitet i demokratija (ID)<\/a><\/p><p>Identitet i demokratija (ID) je politi\u010dka grupa desnice i krajnje desnice u Evropskom parlamentu, fokusirana na nacionalizam, euroskepticizam i strogu kontrolu imigracije. Protivi se daljoj evropskoj integraciji, zala\u017eu\u0107i se umjesto toga za suverenitet dr\u017eava \u010dlanica i smanjenje ovla\u0161\u0107enja EU institucija. ID grupa promovi\u0161e politike usmjerene na o\u010duvanje nacionalnih identiteta i kultura.<\/p><p>Grupa navodi da su njeni osnovni prioriteti za\u0161tita evropskog kulturnog naslje\u0111a i suvereniteta evropskih nacija, stvaranje radnih mjesta i rasta, pove\u0107anje bezbjednosti, zaustavljanje ilegalne imigracije, regulisanje legalne imigracije, borba protiv birokratije EU i spre\u010davanje onoga \u0161to opisuje kao potencijalnu islamizaciju Evrope. ID se tako\u0111e protivi mogu\u0107em pristupanju Turske Evropskoj uniji. Grupa se zala\u017ee za Evropu zasnovanu na saradnji i daljim reformama EU kroz &#8220;vi\u0161e transparentnosti i odgovornosti&#8221; u Briselu, ali odbacuje dalju evoluciju ka \u201eevropskoj superdr\u017eavi\u201c.<\/p><p>Zna\u010dajne nacionalne stranke unutar ID uklju\u010duju italijansku Ligu (Lega), koju predstavljaju li\u010dnosti poput Matea Salvinija, francuski Nacionalni skup (RN), sa Marine Le Pen kao istaknutom figurom, i druge stranke kao \u0161to je Slobodarska partija Austrije. U maju 2024. godine, njema\u010dka Alternativa za Njema\u010dku (AfD) je izba\u010dena iz ID.<\/p><p style=\"text-align: center;\"><a href=\"https:\/\/ecrgroup.eu\/\">Evropski konzervativci i reformisti (ECR)<\/a><\/p><p>Evropski konzervativci i reformisti (ECR) je politi\u010dka grupa desnice koja promovi\u0161e euroskepticizam, nacionalni suverenitet i konzervativne vrijednosti. Zala\u017ee se za ekonomski liberalizam, reformisanu EU koja po\u0161tuje autonomiju dr\u017eava \u010dlanica i tradicionalne socijalne politike. ECR nastoji da ograni\u010di intervenciju EU u nacionalne poslove i prioritizuje nacionalne interese.<\/p><p>Prema njihovoj veb stranici, \u201cECR je politi\u010dka grupa desnog centra u Evropskom parlamentu, osnovana 2009. godine sa zajedni\u010dkim ciljem da reformi\u0161e EU zasnovanu na eurorealizmu, po\u0161tuju\u0107i suverenitet nacija i fokusiraju\u0107i se na ekonomski oporavak, rast i konkurentnost. ECR fokusira svoje napore na decentralizaciju, povezivanje ljudi i biznisa, promociju fer i slobodne trgovine i stvaranje sigurne i bezbjedne Evrope.\u201d<\/p><p>Klju\u010dne nacionalne stranke unutar ECR-a uklju\u010duju Bra\u0107u Italije, sa italijanskom premijerkom i predsjednicom ECR-a \u0110or\u0111om Meloni, poljsku stranku Pravo i pravda (PiS), sa zna\u010dajnim \u010dlanovima kao \u0161to je Ri\u0161ard Legutko, kopredsjednik grupe, \u010de\u0161ku Gra\u0111ansku demokratsku stranku (ODS), \u0161pansku stranku Vox i \u0161vedske Demokrate.<\/p><p style=\"text-align: center;\"><a href=\"https:\/\/left.eu\/\">Ljevica u Evropskom parlamentu \u2013 GUE\/NGL<\/a><\/p><p>Ljevica u Evropskom parlamentu \u2013 GUE\/NGL je politi\u010dka grupa ljevice koja se zala\u017ee za antikapitalizam, socijalnu jednakost i ekolo\u0161ku odr\u017eivost. Podr\u017eava politike usmjerene na smanjenje socijalnih i ekonomskih nejednakosti, ja\u010danje javnih usluga i promociju mira i solidarnosti. Grupa je posve\u0107ena progresivnoj i transformativnoj evropskoj agendi.<\/p><p>Prema njihovoj veb stranici, \u201cLjevica se zala\u017ee za radnike, \u017eivotnu sredinu, feminizam, mir i ljudska prava.\u201c \u201eRadikalno tr\u017ei\u0161no orijentisana logika konkurencije unutar EU i prema ostatku svijeta zna\u010di da je trenutni projekat namijenjen elitama, a ne ljudima. Posve\u0107eni smo da to promijenimo, probijamo briselski mjehur i donosimo glas ulica u Evropski parlament\u201d, ka\u017eu na svojoj internet prezentaciji.<\/p><p>Istaknute nacionalne stranke unutar GUE\/NGL uklju\u010duju gr\u010dku Koaliciju radikalne ljevice (SYRIZA), \u0161panski Unidas Podemos, njema\u010dku stranku Ljevica (Die Linke) i francusku stranku Nepokorena Francuska.<\/p>\t\t\t\t\t\t\t\t<\/div>\n\t\t\t\t<\/div>\n\t\t\t\t\t<\/div>\n\t\t\t\t<\/div>\n\t\t<div class=\"elementor-element elementor-element-a3ac397 e-grid e-con-boxed e-con e-parent\" data-id=\"a3ac397\" data-element_type=\"container\" data-e-type=\"container\">\n\t\t\t\t\t<div class=\"e-con-inner\">\n\t\t\t\t\t<\/div>\n\t\t\t\t<\/div>\n\t\t\t\t<\/div>\n\t\t","protected":false},"excerpt":{"rendered":"<p>2024. godina predstavlja zna\u010dajan politi\u010dki trenutak za Evropsku uniju i njenih 27 dr\u017eava \u010dlanica. U period od 6. do 9. juna 2024. godine, preko 370 miliona ljudi iz 27 dr\u017eava \u010dlanica \u0107e glasati na evropskim izborima. Ovi izbori predstavljaju jedan od najva\u017enijih demokratskih doga\u0111aja na globalnom nivou i jedini su multinacionalni izbori na svijetu. Na\u0161 [&hellip;]<\/p>\n","protected":false},"author":1,"featured_media":41122,"comment_status":"closed","ping_status":"closed","sticky":false,"template":"","format":"standard","meta":{"_acf_changed":false,"footnotes":""},"categories":[283],"tags":[],"class_list":["post-30045","post","type-post","status-publish","format-standard","has-post-thumbnail","hentry","category-novosti-me"],"acf":[],"yoast_head":"<!-- This site is optimized with the Yoast SEO plugin v27.3 - https:\/\/yoast.com\/product\/yoast-seo-wordpress\/ -->\n<title>EU Izborna No\u0107 2024 - Europe House<\/title>\n<meta name=\"robots\" content=\"index, follow, max-snippet:-1, max-image-preview:large, max-video-preview:-1\" \/>\n<link rel=\"canonical\" href=\"https:\/\/www.evropskakuca.me\/me\/pridruzite-se-eu-izbornoj-noci-2024\/\" \/>\n<meta property=\"og:locale\" content=\"en_US\" \/>\n<meta property=\"og:type\" content=\"article\" \/>\n<meta property=\"og:title\" content=\"EU Izborna No\u0107 2024 - Europe House\" \/>\n<meta property=\"og:description\" content=\"2024. godina predstavlja zna\u010dajan politi\u010dki trenutak za Evropsku uniju i njenih 27 dr\u017eava \u010dlanica. U period od 6. do 9. juna 2024. godine, preko 370 miliona ljudi iz 27 dr\u017eava \u010dlanica \u0107e glasati na evropskim izborima. Ovi izbori predstavljaju jedan od najva\u017enijih demokratskih doga\u0111aja na globalnom nivou i jedini su multinacionalni izbori na svijetu. Na\u0161 [&hellip;]\" \/>\n<meta property=\"og:url\" content=\"https:\/\/www.evropskakuca.me\/me\/pridruzite-se-eu-izbornoj-noci-2024\/\" \/>\n<meta property=\"og:site_name\" content=\"Europe House\" \/>\n<meta property=\"article:publisher\" content=\"https:\/\/www.facebook.com\/evropska.kuca\" \/>\n<meta property=\"article:published_time\" content=\"2024-05-28T10:27:25+00:00\" \/>\n<meta property=\"article:modified_time\" content=\"2025-01-20T13:56:43+00:00\" \/>\n<meta property=\"og:image\" content=\"https:\/\/www.evropskakuca.me\/wp-content\/uploads\/2024\/05\/european-elections-2024.png\" \/>\n\t<meta property=\"og:image:width\" content=\"2560\" \/>\n\t<meta property=\"og:image:height\" content=\"654\" \/>\n\t<meta property=\"og:image:type\" content=\"image\/png\" \/>\n<meta name=\"author\" content=\"mkajic\" \/>\n<meta name=\"twitter:card\" content=\"summary_large_image\" \/>\n<meta name=\"twitter:creator\" content=\"@evropska_kuca\" \/>\n<meta name=\"twitter:site\" content=\"@evropska_kuca\" \/>\n<meta name=\"twitter:label1\" content=\"Written by\" \/>\n\t<meta name=\"twitter:data1\" content=\"mkajic\" \/>\n\t<meta name=\"twitter:label2\" content=\"Est. reading time\" \/>\n\t<meta name=\"twitter:data2\" content=\"8 minutes\" \/>\n<script type=\"application\/ld+json\" class=\"yoast-schema-graph\">{\"@context\":\"https:\\\/\\\/schema.org\",\"@graph\":[{\"@type\":\"Article\",\"@id\":\"https:\\\/\\\/www.evropskakuca.me\\\/me\\\/pridruzite-se-eu-izbornoj-noci-2024\\\/#article\",\"isPartOf\":{\"@id\":\"https:\\\/\\\/www.evropskakuca.me\\\/me\\\/pridruzite-se-eu-izbornoj-noci-2024\\\/\"},\"author\":{\"name\":\"mkajic\",\"@id\":\"https:\\\/\\\/www.evropskakuca.me\\\/me\\\/#\\\/schema\\\/person\\\/a1d0dcdaefe4a1cd1d60d200ea137ba4\"},\"headline\":\"EU Izborna No\u0107 2024\",\"datePublished\":\"2024-05-28T10:27:25+00:00\",\"dateModified\":\"2025-01-20T13:56:43+00:00\",\"mainEntityOfPage\":{\"@id\":\"https:\\\/\\\/www.evropskakuca.me\\\/me\\\/pridruzite-se-eu-izbornoj-noci-2024\\\/\"},\"wordCount\":1537,\"publisher\":{\"@id\":\"https:\\\/\\\/www.evropskakuca.me\\\/me\\\/#organization\"},\"image\":{\"@id\":\"https:\\\/\\\/www.evropskakuca.me\\\/me\\\/pridruzite-se-eu-izbornoj-noci-2024\\\/#primaryimage\"},\"thumbnailUrl\":\"https:\\\/\\\/www.evropskakuca.me\\\/wp-content\\\/uploads\\\/2024\\\/05\\\/european-elections-2024.png\",\"articleSection\":[\"Novosti\"],\"inLanguage\":\"me-ME\"},{\"@type\":\"WebPage\",\"@id\":\"https:\\\/\\\/www.evropskakuca.me\\\/me\\\/pridruzite-se-eu-izbornoj-noci-2024\\\/\",\"url\":\"https:\\\/\\\/www.evropskakuca.me\\\/me\\\/pridruzite-se-eu-izbornoj-noci-2024\\\/\",\"name\":\"EU Izborna No\u0107 2024 - Europe House\",\"isPartOf\":{\"@id\":\"https:\\\/\\\/www.evropskakuca.me\\\/me\\\/#website\"},\"primaryImageOfPage\":{\"@id\":\"https:\\\/\\\/www.evropskakuca.me\\\/me\\\/pridruzite-se-eu-izbornoj-noci-2024\\\/#primaryimage\"},\"image\":{\"@id\":\"https:\\\/\\\/www.evropskakuca.me\\\/me\\\/pridruzite-se-eu-izbornoj-noci-2024\\\/#primaryimage\"},\"thumbnailUrl\":\"https:\\\/\\\/www.evropskakuca.me\\\/wp-content\\\/uploads\\\/2024\\\/05\\\/european-elections-2024.png\",\"datePublished\":\"2024-05-28T10:27:25+00:00\",\"dateModified\":\"2025-01-20T13:56:43+00:00\",\"breadcrumb\":{\"@id\":\"https:\\\/\\\/www.evropskakuca.me\\\/me\\\/pridruzite-se-eu-izbornoj-noci-2024\\\/#breadcrumb\"},\"inLanguage\":\"me-ME\",\"potentialAction\":[{\"@type\":\"ReadAction\",\"target\":[\"https:\\\/\\\/www.evropskakuca.me\\\/me\\\/pridruzite-se-eu-izbornoj-noci-2024\\\/\"]}]},{\"@type\":\"ImageObject\",\"inLanguage\":\"me-ME\",\"@id\":\"https:\\\/\\\/www.evropskakuca.me\\\/me\\\/pridruzite-se-eu-izbornoj-noci-2024\\\/#primaryimage\",\"url\":\"https:\\\/\\\/www.evropskakuca.me\\\/wp-content\\\/uploads\\\/2024\\\/05\\\/european-elections-2024.png\",\"contentUrl\":\"https:\\\/\\\/www.evropskakuca.me\\\/wp-content\\\/uploads\\\/2024\\\/05\\\/european-elections-2024.png\",\"width\":2560,\"height\":654},{\"@type\":\"BreadcrumbList\",\"@id\":\"https:\\\/\\\/www.evropskakuca.me\\\/me\\\/pridruzite-se-eu-izbornoj-noci-2024\\\/#breadcrumb\",\"itemListElement\":[{\"@type\":\"ListItem\",\"position\":1,\"name\":\"Home\",\"item\":\"https:\\\/\\\/www.evropskakuca.me\\\/me\\\/\"},{\"@type\":\"ListItem\",\"position\":2,\"name\":\"EU Izborna No\u0107 2024\"}]},{\"@type\":\"WebSite\",\"@id\":\"https:\\\/\\\/www.evropskakuca.me\\\/me\\\/#website\",\"url\":\"https:\\\/\\\/www.evropskakuca.me\\\/me\\\/\",\"name\":\"Evropean house\",\"description\":\"\",\"publisher\":{\"@id\":\"https:\\\/\\\/www.evropskakuca.me\\\/me\\\/#organization\"},\"potentialAction\":[{\"@type\":\"SearchAction\",\"target\":{\"@type\":\"EntryPoint\",\"urlTemplate\":\"https:\\\/\\\/www.evropskakuca.me\\\/me\\\/?s={search_term_string}\"},\"query-input\":{\"@type\":\"PropertyValueSpecification\",\"valueRequired\":true,\"valueName\":\"search_term_string\"}}],\"inLanguage\":\"me-ME\"},{\"@type\":\"Organization\",\"@id\":\"https:\\\/\\\/www.evropskakuca.me\\\/me\\\/#organization\",\"name\":\"Evropean house\",\"url\":\"https:\\\/\\\/www.evropskakuca.me\\\/me\\\/\",\"logo\":{\"@type\":\"ImageObject\",\"inLanguage\":\"me-ME\",\"@id\":\"https:\\\/\\\/www.evropskakuca.me\\\/me\\\/#\\\/schema\\\/logo\\\/image\\\/\",\"url\":\"https:\\\/\\\/www.evropskakuca.me\\\/wp-content\\\/uploads\\\/2025\\\/01\\\/evropska-kuca-logo-1.png\",\"contentUrl\":\"https:\\\/\\\/www.evropskakuca.me\\\/wp-content\\\/uploads\\\/2025\\\/01\\\/evropska-kuca-logo-1.png\",\"width\":425,\"height\":312,\"caption\":\"Evropean house\"},\"image\":{\"@id\":\"https:\\\/\\\/www.evropskakuca.me\\\/me\\\/#\\\/schema\\\/logo\\\/image\\\/\"},\"sameAs\":[\"https:\\\/\\\/www.facebook.com\\\/evropska.kuca\",\"https:\\\/\\\/x.com\\\/evropska_kuca\",\"https:\\\/\\\/www.instagram.com\\\/evropska_kuca\"]},{\"@type\":\"Person\",\"@id\":\"https:\\\/\\\/www.evropskakuca.me\\\/me\\\/#\\\/schema\\\/person\\\/a1d0dcdaefe4a1cd1d60d200ea137ba4\",\"name\":\"mkajic\",\"image\":{\"@type\":\"ImageObject\",\"inLanguage\":\"me-ME\",\"@id\":\"https:\\\/\\\/secure.gravatar.com\\\/avatar\\\/731fa035cefab7316e6bafd1f25a93fb731a07de14e2d9923f8db4422628eabc?s=96&d=mm&r=g\",\"url\":\"https:\\\/\\\/secure.gravatar.com\\\/avatar\\\/731fa035cefab7316e6bafd1f25a93fb731a07de14e2d9923f8db4422628eabc?s=96&d=mm&r=g\",\"contentUrl\":\"https:\\\/\\\/secure.gravatar.com\\\/avatar\\\/731fa035cefab7316e6bafd1f25a93fb731a07de14e2d9923f8db4422628eabc?s=96&d=mm&r=g\",\"caption\":\"mkajic\"},\"sameAs\":[\"https:\\\/\\\/evropskakuca.me\"],\"url\":\"https:\\\/\\\/www.evropskakuca.me\\\/me\\\/author\\\/mkajic\\\/\"}]}<\/script>\n<!-- \/ Yoast SEO plugin. -->","yoast_head_json":{"title":"EU Izborna No\u0107 2024 - Europe House","robots":{"index":"index","follow":"follow","max-snippet":"max-snippet:-1","max-image-preview":"max-image-preview:large","max-video-preview":"max-video-preview:-1"},"canonical":"https:\/\/www.evropskakuca.me\/me\/pridruzite-se-eu-izbornoj-noci-2024\/","og_locale":"en_US","og_type":"article","og_title":"EU Izborna No\u0107 2024 - Europe House","og_description":"2024. godina predstavlja zna\u010dajan politi\u010dki trenutak za Evropsku uniju i njenih 27 dr\u017eava \u010dlanica. U period od 6. do 9. juna 2024. godine, preko 370 miliona ljudi iz 27 dr\u017eava \u010dlanica \u0107e glasati na evropskim izborima. Ovi izbori predstavljaju jedan od najva\u017enijih demokratskih doga\u0111aja na globalnom nivou i jedini su multinacionalni izbori na svijetu. Na\u0161 [&hellip;]","og_url":"https:\/\/www.evropskakuca.me\/me\/pridruzite-se-eu-izbornoj-noci-2024\/","og_site_name":"Europe House","article_publisher":"https:\/\/www.facebook.com\/evropska.kuca","article_published_time":"2024-05-28T10:27:25+00:00","article_modified_time":"2025-01-20T13:56:43+00:00","og_image":[{"width":2560,"height":654,"url":"https:\/\/www.evropskakuca.me\/wp-content\/uploads\/2024\/05\/european-elections-2024.png","type":"image\/png"}],"author":"mkajic","twitter_card":"summary_large_image","twitter_creator":"@evropska_kuca","twitter_site":"@evropska_kuca","twitter_misc":{"Written by":"mkajic","Est. reading time":"8 minutes"},"schema":{"@context":"https:\/\/schema.org","@graph":[{"@type":"Article","@id":"https:\/\/www.evropskakuca.me\/me\/pridruzite-se-eu-izbornoj-noci-2024\/#article","isPartOf":{"@id":"https:\/\/www.evropskakuca.me\/me\/pridruzite-se-eu-izbornoj-noci-2024\/"},"author":{"name":"mkajic","@id":"https:\/\/www.evropskakuca.me\/me\/#\/schema\/person\/a1d0dcdaefe4a1cd1d60d200ea137ba4"},"headline":"EU Izborna No\u0107 2024","datePublished":"2024-05-28T10:27:25+00:00","dateModified":"2025-01-20T13:56:43+00:00","mainEntityOfPage":{"@id":"https:\/\/www.evropskakuca.me\/me\/pridruzite-se-eu-izbornoj-noci-2024\/"},"wordCount":1537,"publisher":{"@id":"https:\/\/www.evropskakuca.me\/me\/#organization"},"image":{"@id":"https:\/\/www.evropskakuca.me\/me\/pridruzite-se-eu-izbornoj-noci-2024\/#primaryimage"},"thumbnailUrl":"https:\/\/www.evropskakuca.me\/wp-content\/uploads\/2024\/05\/european-elections-2024.png","articleSection":["Novosti"],"inLanguage":"me-ME"},{"@type":"WebPage","@id":"https:\/\/www.evropskakuca.me\/me\/pridruzite-se-eu-izbornoj-noci-2024\/","url":"https:\/\/www.evropskakuca.me\/me\/pridruzite-se-eu-izbornoj-noci-2024\/","name":"EU Izborna No\u0107 2024 - Europe House","isPartOf":{"@id":"https:\/\/www.evropskakuca.me\/me\/#website"},"primaryImageOfPage":{"@id":"https:\/\/www.evropskakuca.me\/me\/pridruzite-se-eu-izbornoj-noci-2024\/#primaryimage"},"image":{"@id":"https:\/\/www.evropskakuca.me\/me\/pridruzite-se-eu-izbornoj-noci-2024\/#primaryimage"},"thumbnailUrl":"https:\/\/www.evropskakuca.me\/wp-content\/uploads\/2024\/05\/european-elections-2024.png","datePublished":"2024-05-28T10:27:25+00:00","dateModified":"2025-01-20T13:56:43+00:00","breadcrumb":{"@id":"https:\/\/www.evropskakuca.me\/me\/pridruzite-se-eu-izbornoj-noci-2024\/#breadcrumb"},"inLanguage":"me-ME","potentialAction":[{"@type":"ReadAction","target":["https:\/\/www.evropskakuca.me\/me\/pridruzite-se-eu-izbornoj-noci-2024\/"]}]},{"@type":"ImageObject","inLanguage":"me-ME","@id":"https:\/\/www.evropskakuca.me\/me\/pridruzite-se-eu-izbornoj-noci-2024\/#primaryimage","url":"https:\/\/www.evropskakuca.me\/wp-content\/uploads\/2024\/05\/european-elections-2024.png","contentUrl":"https:\/\/www.evropskakuca.me\/wp-content\/uploads\/2024\/05\/european-elections-2024.png","width":2560,"height":654},{"@type":"BreadcrumbList","@id":"https:\/\/www.evropskakuca.me\/me\/pridruzite-se-eu-izbornoj-noci-2024\/#breadcrumb","itemListElement":[{"@type":"ListItem","position":1,"name":"Home","item":"https:\/\/www.evropskakuca.me\/me\/"},{"@type":"ListItem","position":2,"name":"EU Izborna No\u0107 2024"}]},{"@type":"WebSite","@id":"https:\/\/www.evropskakuca.me\/me\/#website","url":"https:\/\/www.evropskakuca.me\/me\/","name":"Evropean house","description":"","publisher":{"@id":"https:\/\/www.evropskakuca.me\/me\/#organization"},"potentialAction":[{"@type":"SearchAction","target":{"@type":"EntryPoint","urlTemplate":"https:\/\/www.evropskakuca.me\/me\/?s={search_term_string}"},"query-input":{"@type":"PropertyValueSpecification","valueRequired":true,"valueName":"search_term_string"}}],"inLanguage":"me-ME"},{"@type":"Organization","@id":"https:\/\/www.evropskakuca.me\/me\/#organization","name":"Evropean house","url":"https:\/\/www.evropskakuca.me\/me\/","logo":{"@type":"ImageObject","inLanguage":"me-ME","@id":"https:\/\/www.evropskakuca.me\/me\/#\/schema\/logo\/image\/","url":"https:\/\/www.evropskakuca.me\/wp-content\/uploads\/2025\/01\/evropska-kuca-logo-1.png","contentUrl":"https:\/\/www.evropskakuca.me\/wp-content\/uploads\/2025\/01\/evropska-kuca-logo-1.png","width":425,"height":312,"caption":"Evropean house"},"image":{"@id":"https:\/\/www.evropskakuca.me\/me\/#\/schema\/logo\/image\/"},"sameAs":["https:\/\/www.facebook.com\/evropska.kuca","https:\/\/x.com\/evropska_kuca","https:\/\/www.instagram.com\/evropska_kuca"]},{"@type":"Person","@id":"https:\/\/www.evropskakuca.me\/me\/#\/schema\/person\/a1d0dcdaefe4a1cd1d60d200ea137ba4","name":"mkajic","image":{"@type":"ImageObject","inLanguage":"me-ME","@id":"https:\/\/secure.gravatar.com\/avatar\/731fa035cefab7316e6bafd1f25a93fb731a07de14e2d9923f8db4422628eabc?s=96&d=mm&r=g","url":"https:\/\/secure.gravatar.com\/avatar\/731fa035cefab7316e6bafd1f25a93fb731a07de14e2d9923f8db4422628eabc?s=96&d=mm&r=g","contentUrl":"https:\/\/secure.gravatar.com\/avatar\/731fa035cefab7316e6bafd1f25a93fb731a07de14e2d9923f8db4422628eabc?s=96&d=mm&r=g","caption":"mkajic"},"sameAs":["https:\/\/evropskakuca.me"],"url":"https:\/\/www.evropskakuca.me\/me\/author\/mkajic\/"}]}},"_links":{"self":[{"href":"https:\/\/www.evropskakuca.me\/me\/wp-json\/wp\/v2\/posts\/30045","targetHints":{"allow":["GET"]}}],"collection":[{"href":"https:\/\/www.evropskakuca.me\/me\/wp-json\/wp\/v2\/posts"}],"about":[{"href":"https:\/\/www.evropskakuca.me\/me\/wp-json\/wp\/v2\/types\/post"}],"author":[{"embeddable":true,"href":"https:\/\/www.evropskakuca.me\/me\/wp-json\/wp\/v2\/users\/1"}],"replies":[{"embeddable":true,"href":"https:\/\/www.evropskakuca.me\/me\/wp-json\/wp\/v2\/comments?post=30045"}],"version-history":[{"count":4,"href":"https:\/\/www.evropskakuca.me\/me\/wp-json\/wp\/v2\/posts\/30045\/revisions"}],"predecessor-version":[{"id":42427,"href":"https:\/\/www.evropskakuca.me\/me\/wp-json\/wp\/v2\/posts\/30045\/revisions\/42427"}],"wp:featuredmedia":[{"embeddable":true,"href":"https:\/\/www.evropskakuca.me\/me\/wp-json\/wp\/v2\/media\/41122"}],"wp:attachment":[{"href":"https:\/\/www.evropskakuca.me\/me\/wp-json\/wp\/v2\/media?parent=30045"}],"wp:term":[{"taxonomy":"category","embeddable":true,"href":"https:\/\/www.evropskakuca.me\/me\/wp-json\/wp\/v2\/categories?post=30045"},{"taxonomy":"post_tag","embeddable":true,"href":"https:\/\/www.evropskakuca.me\/me\/wp-json\/wp\/v2\/tags?post=30045"}],"curies":[{"name":"wp","href":"https:\/\/api.w.org\/{rel}","templated":true}]}}