{"id":29972,"date":"2024-05-20T11:26:15","date_gmt":"2024-05-20T11:26:15","guid":{"rendered":"https:\/\/evropskakuca.me\/?p=29972"},"modified":"2025-01-20T11:12:58","modified_gmt":"2025-01-20T11:12:58","slug":"evropski-dir-u-pljevljima-svi-da-doprinesemo-da-crna-gora-postane-sljedeca-clanica-evropske-unije","status":"publish","type":"post","link":"https:\/\/www.evropskakuca.me\/me\/evropski-dir-u-pljevljima-svi-da-doprinesemo-da-crna-gora-postane-sljedeca-clanica-evropske-unije\/","title":{"rendered":"Evropski \u0111ir u Pljevljima"},"content":{"rendered":"<p>\u201cDanas kada slavimo Dan Evrope, podsje\u0107amo se da i su na\u0161i ciljevi mnogo ve\u0107i od samog \u010dlanstva. Iskreno te\u017eimo stvaranju dru\u0161tva u kojem mo\u017eemo da \u017eivimo dostojanstveno, da se ose\u0107amo sigurnim i imamo jednake prilike za napredak i razvoj\u201d, poru\u010dila je ministarka evropskih poslova\u00a0<strong>Maida Gor\u010devi\u0107<\/strong>\u00a0 na manifestaciji \u201cEvropski \u0111ir\u201d koja je odr\u017eana u Pljevljima.<\/p>\n<p><img fetchpriority=\"high\" decoding=\"async\" class=\"aligncenter size-full wp-image-29975\" src=\"https:\/\/evropskakuca.me\/wp-content\/uploads\/2024\/05\/20240517_112955-888x500-1.jpg\" alt=\"\" width=\"888\" height=\"500\" \/><\/p>\n<p>Ministarka je kazala da je doga\u0111aj u Pljevljima prilika da se prisjetimo vrijednosti koje nas povezuju, da slavimo na\u0161u zajedni\u010dku budu\u0107nost i osna\u017eimo posve\u0107enost evropskim ciljevima.<\/p>\n<p>\u201cPonosna sam \u0161to \u0107e Dan Evrope u najljep\u0161em svjetlu danas predstaviti djeca, koja \u0107e kroz pjesmu i ples prenijeti vrijednosti Evropske unije, kao \u0161to su jedinstvo, solidarnost i mir, vrijednosti koje Crna Gora, a posebno Pljevlja, odavno ba\u0161tine\u201d, poru\u010dila je Gor\u010devi\u0107.<\/p>\n<p>Ona je kazala da je su na odr\u017eanom Samitu lidera regiona u Kotoru, na visokom nivou razgovarali o Planu rasta, novoj vrsti pomo\u0107i i podr\u0161ke koju nam pru\u017ea Evropska unija.<\/p>\n<p>\u201cTo napominjem jer \u017eelim da vas uvjerim da proces evropske integracije ne pripada samo \u2013 politi\u010darima, ve\u0107 svima vama, koji podjednako mo\u017eete da doprinesete da Crna Gora postane sljede\u0107a \u010dlanica Evropske unije\u201d, istakla je Gor\u010devi\u0107.<\/p>\n<p><img decoding=\"async\" class=\"aligncenter size-full wp-image-29977\" src=\"https:\/\/evropskakuca.me\/wp-content\/uploads\/2024\/05\/20240517_112152-888x500-1.jpg\" alt=\"\" width=\"888\" height=\"500\" \/><\/p>\n<p>Predsjednik op\u0161tine\u00a0<strong>Dario Vrane\u0161<\/strong>\u00a0je istakao da, kada ka\u017eemo rije\u010d Evropa odmah pomislimo na slobodu, po\u0161tovanje osnovnih ljudskih prava ali se zamislimo i kakva je bila na\u0161a pro\u0161lost i kakva \u0107e biti na\u0161a budu\u0107nost. On je podsjetio na istorijski i kulturni razvoj Op\u0161tine, od srednjeg vijeka do danas i ukazao neke od najva\u017enijih dostignu\u0107a u izgradnji\u00a0 evropskog duha Pljevalja.<\/p>\n<p>\u201c\u0160ta mi ho\u0107emo danas? Ho\u0107emo slobodu, jednakost, pravdu, jednaka prava prema svima.To je jasan cilj koji je sebi postavila sada\u0161nja lokalna uprava: jednaka prava za sve. Ne smatramo da su evropske vrijednosti samo evropski fondovi i evropski novac. Ho\u0107emo duhovni, kulturni i ekonomski preporod jer jedno bez drugog ne ide. Vjerujemo da su to vrijednosti koje ba\u0161tini Evropska unija i da \u0107emo se vrlo brzo na\u0107i u punom smislu u porodici evropskih naroda\u201d, poru\u010dio je Vrane\u0161.<\/p>\n<p><img decoding=\"async\" class=\"aligncenter size-full wp-image-29979\" src=\"https:\/\/evropskakuca.me\/wp-content\/uploads\/2024\/05\/20240517_112639-888x500-1.jpg\" alt=\"\" width=\"888\" height=\"500\" \/><\/p>\n<p>Menad\u017eerka op\u0161tine Pljevlja\u00a0<strong>Ljiljana \u0110ondovi\u0107<\/strong>\u00a0je kazala da prihvatanjem postulata Evropske unije gradimo put ka boljoj budu\u0107nosti. Kako je istaka, to je korak ka unapre\u0111enju kvaliteta \u017eivota svih gra\u0111ana i stvaranju okru\u017eenja koje podsti\u010de ekonomski rast, socijalnu inkluziju i pristup boljim uslugama.<\/p>\n<p>\u201cPljevlja su multinacionalna sredina koja se ponosi bogatstvom svoje raznolikosti, razli\u010ditim kulturnim identitetima i tradicijom \u0161to predstavlja temelj na\u0161e snage i kreativnosti. Razli\u010ditost nas oboga\u0107uje na mnogo na\u010dina \u2013 doprinosi na\u0161em umjetni\u010dkom izrazu, podsti\u010de razumijevanje me\u0111u ljudima i stvara otvoreno i inkluzivno dru\u0161tvo. U\u010dimo kako da cijenimo i slavimo ono \u0161to nas razlikuje, jer je upravo u toj raznolikosti snaga koja nas povezuje\u201d, poru\u010dila je \u0110ondovi\u0107.<\/p>\n<p><img loading=\"lazy\" decoding=\"async\" class=\"aligncenter size-full wp-image-29981\" src=\"https:\/\/evropskakuca.me\/wp-content\/uploads\/2024\/05\/20240517_113330-888x500-1.jpg\" alt=\"\" width=\"888\" height=\"500\" \/><\/p>\n<p>Zamjenica \u0161efa Sektora za saradnju u Delegaciji Evropske unije\u00a0<strong>Liselote Isakson<\/strong>\u00a0je izrazila zadovoljstvo \u0161to se op\u0161tina Pljevlja pridru\u017eila obilje\u017eavanju Dana Evrope organizovanjem lijepih aktivnosti koje se bave muzikom, kulturom i kulturnom ba\u0161tinom Pljevalja i poru\u010dila da danas Pljevlja predstavljaju najbolje iz Evrope.<\/p>\n<p>\u201cVidim da su djeca, studenti i umjetnici vec\u0301 spremni da kroz igru, muziku i umjetnost slave EU i na\u0161e zajedni\u010dke evropske vrijednosti. Ovo jasno pokazuje da dijelimo zajedni\u010dku viziju da Crna Gora postane dio porodice EU u vrlo bliskoj buduc\u0301nosti\u201d, poru\u010dila je Isakson.<\/p>\n<p><img loading=\"lazy\" decoding=\"async\" class=\"aligncenter size-full wp-image-29983\" src=\"https:\/\/evropskakuca.me\/wp-content\/uploads\/2024\/05\/20240517_120004-888x500-1.jpg\" alt=\"\" width=\"888\" height=\"500\" \/><\/p>\n<p>Ona je kazala da, kako Crna Gora ubrzava svoj put ka EU, op\u0161tine \u0161irom zemlje moraju postati jo\u0161 aktivnije i biti vi\u0161e uklju\u010dene u proces evropskih integracija.<\/p>\n<p>\u201cTo \u0107e omoguc\u0301iti gra\u0111anima da se upoznaju sa EU u svjetlu mnogih moguc\u0301nosti koje nudi proces evropskih integracija, \u010dak i prije pristupanja, s ciljem pobolj\u0161anja kvaliteta \u017eivota kroz razli\u010dite modele podr\u0161ke, projekte i programe\u201d, kazala je Isakson.<\/p>\n<p><img loading=\"lazy\" decoding=\"async\" class=\"aligncenter size-full wp-image-29985\" src=\"https:\/\/evropskakuca.me\/wp-content\/uploads\/2024\/05\/20240517_115224-888x500-1.jpg\" alt=\"\" width=\"888\" height=\"500\" \/><\/p>\n<p>Bogatim programom, na Trgu \u201e13. jul\u201c,\u00a0 predstavljeno je\u00a0 bogatstvo pljevaljske kulture i umjetnosti kroz u\u010de\u0161\u0107e lokalnih kulturno \u2013 umjetni\u010dkih dru\u0161tava \u201eVolo\u0111a\u201c i \u201ePljevlja\u201c, Gradskog tambura\u0161kog orkestra, plesnog kluba \u201eSonrisa\u201c, kao i djece i omladine sa te\u0161ko\u0107ama u razvoju \u2013 korisnika usluga JU \u201eDnevni centar\u201c i NVO \u201eZra\u010dak nade\u201c.<\/p>\n<p><img loading=\"lazy\" decoding=\"async\" class=\"aligncenter size-full wp-image-29987\" src=\"https:\/\/evropskakuca.me\/wp-content\/uploads\/2024\/05\/20240517_120034-888x500-1.jpg\" alt=\"\" width=\"888\" height=\"500\" \/><\/p>\n<p>Proslavom u Pljevljima, zavr\u0161ena je manifestacija Evropski \u0111ir\u201d, koju su organizovale lokalne samouprave u saradnji sa Ministarstvom evropskih poslova Crne Gore, a uz podr\u0161ku Delegacije Evropske unije u Crnoj Gori u okviru programa EU4ME.<\/p>\n<p><img loading=\"lazy\" decoding=\"async\" class=\"aligncenter size-full wp-image-29989\" src=\"https:\/\/evropskakuca.me\/wp-content\/uploads\/2024\/05\/20240517_120524-888x500-1.jpg\" alt=\"\" width=\"888\" height=\"500\" \/><\/p>\n<p>Naziv \u201cEvropski \u0111ir\u201d simbolizuje dinamiku i energiju sa kojom Crna Gora pristupa procesu evropskih integracija, te nagla\u0161ava va\u017enost pokreta, napretka i zajedni\u0161tva. Pod tim simboli\u010dnim sloganom je kroz seriju raznovrsnih doga\u0111aja u nekoliko crnogorskih op\u0161tina \u2013 Bar, Nik\u0161i\u0107, Mojkovac, Berane, \u017dabljak, Petnjica i Pljevlja tokom maja mjeseca\u00a0 obilje\u017een Dan Evrope, sve sa ciljem ja\u010danja evropskog duha i identiteta i proslave evropske budu\u0107nosti Crne Gore.<\/p>\n<p>&nbsp;<\/p>\n","protected":false},"excerpt":{"rendered":"<p>\u201cDanas kada slavimo Dan Evrope, podsje\u0107amo se da i su na\u0161i ciljevi mnogo ve\u0107i od samog \u010dlanstva. Iskreno te\u017eimo stvaranju dru\u0161tva u kojem mo\u017eemo da \u017eivimo dostojanstveno, da se ose\u0107amo sigurnim i imamo jednake prilike za napredak i razvoj\u201d, poru\u010dila je ministarka evropskih poslova\u00a0Maida Gor\u010devi\u0107\u00a0 na manifestaciji \u201cEvropski \u0111ir\u201d koja je odr\u017eana u Pljevljima. Ministarka [&hellip;]<\/p>\n","protected":false},"author":1,"featured_media":42361,"comment_status":"closed","ping_status":"closed","sticky":false,"template":"","format":"standard","meta":{"_acf_changed":false,"footnotes":""},"categories":[2],"tags":[],"class_list":["post-29972","post","type-post","status-publish","format-standard","has-post-thumbnail","hentry","category-uncategorized-me"],"acf":[],"yoast_head":"<!-- This site is optimized with the Yoast SEO plugin v27.3 - https:\/\/yoast.com\/product\/yoast-seo-wordpress\/ -->\n<title>Evropski \u0111ir u Pljevljima - Europe House<\/title>\n<meta name=\"robots\" content=\"index, follow, max-snippet:-1, max-image-preview:large, max-video-preview:-1\" \/>\n<link rel=\"canonical\" href=\"https:\/\/www.evropskakuca.me\/me\/evropski-dir-u-pljevljima-svi-da-doprinesemo-da-crna-gora-postane-sljedeca-clanica-evropske-unije\/\" \/>\n<meta property=\"og:locale\" content=\"en_US\" \/>\n<meta property=\"og:type\" content=\"article\" \/>\n<meta property=\"og:title\" content=\"Evropski \u0111ir u Pljevljima - Europe House\" \/>\n<meta property=\"og:description\" content=\"\u201cDanas kada slavimo Dan Evrope, podsje\u0107amo se da i su na\u0161i ciljevi mnogo ve\u0107i od samog \u010dlanstva. Iskreno te\u017eimo stvaranju dru\u0161tva u kojem mo\u017eemo da \u017eivimo dostojanstveno, da se ose\u0107amo sigurnim i imamo jednake prilike za napredak i razvoj\u201d, poru\u010dila je ministarka evropskih poslova\u00a0Maida Gor\u010devi\u0107\u00a0 na manifestaciji \u201cEvropski \u0111ir\u201d koja je odr\u017eana u Pljevljima. Ministarka [&hellip;]\" \/>\n<meta property=\"og:url\" content=\"https:\/\/www.evropskakuca.me\/me\/evropski-dir-u-pljevljima-svi-da-doprinesemo-da-crna-gora-postane-sljedeca-clanica-evropske-unije\/\" \/>\n<meta property=\"og:site_name\" content=\"Europe House\" \/>\n<meta property=\"article:publisher\" content=\"https:\/\/www.facebook.com\/evropska.kuca\" \/>\n<meta property=\"article:published_time\" content=\"2024-05-20T11:26:15+00:00\" \/>\n<meta property=\"article:modified_time\" content=\"2025-01-20T11:12:58+00:00\" \/>\n<meta property=\"og:image\" content=\"https:\/\/www.evropskakuca.me\/wp-content\/uploads\/2024\/05\/20240517_120524-888x500-2.jpg\" \/>\n\t<meta property=\"og:image:width\" content=\"888\" \/>\n\t<meta property=\"og:image:height\" content=\"500\" \/>\n\t<meta property=\"og:image:type\" content=\"image\/jpeg\" \/>\n<meta name=\"author\" content=\"mkajic\" \/>\n<meta name=\"twitter:card\" content=\"summary_large_image\" \/>\n<meta name=\"twitter:creator\" content=\"@evropska_kuca\" \/>\n<meta name=\"twitter:site\" content=\"@evropska_kuca\" \/>\n<meta name=\"twitter:label1\" content=\"Written by\" \/>\n\t<meta name=\"twitter:data1\" content=\"mkajic\" \/>\n\t<meta name=\"twitter:label2\" content=\"Est. reading time\" \/>\n\t<meta name=\"twitter:data2\" content=\"5 minutes\" \/>\n<script type=\"application\/ld+json\" class=\"yoast-schema-graph\">{\"@context\":\"https:\\\/\\\/schema.org\",\"@graph\":[{\"@type\":\"Article\",\"@id\":\"https:\\\/\\\/www.evropskakuca.me\\\/me\\\/evropski-dir-u-pljevljima-svi-da-doprinesemo-da-crna-gora-postane-sljedeca-clanica-evropske-unije\\\/#article\",\"isPartOf\":{\"@id\":\"https:\\\/\\\/www.evropskakuca.me\\\/me\\\/evropski-dir-u-pljevljima-svi-da-doprinesemo-da-crna-gora-postane-sljedeca-clanica-evropske-unije\\\/\"},\"author\":{\"name\":\"mkajic\",\"@id\":\"https:\\\/\\\/www.evropskakuca.me\\\/me\\\/#\\\/schema\\\/person\\\/a1d0dcdaefe4a1cd1d60d200ea137ba4\"},\"headline\":\"Evropski \u0111ir u Pljevljima\",\"datePublished\":\"2024-05-20T11:26:15+00:00\",\"dateModified\":\"2025-01-20T11:12:58+00:00\",\"mainEntityOfPage\":{\"@id\":\"https:\\\/\\\/www.evropskakuca.me\\\/me\\\/evropski-dir-u-pljevljima-svi-da-doprinesemo-da-crna-gora-postane-sljedeca-clanica-evropske-unije\\\/\"},\"wordCount\":831,\"publisher\":{\"@id\":\"https:\\\/\\\/www.evropskakuca.me\\\/me\\\/#organization\"},\"image\":{\"@id\":\"https:\\\/\\\/www.evropskakuca.me\\\/me\\\/evropski-dir-u-pljevljima-svi-da-doprinesemo-da-crna-gora-postane-sljedeca-clanica-evropske-unije\\\/#primaryimage\"},\"thumbnailUrl\":\"https:\\\/\\\/www.evropskakuca.me\\\/wp-content\\\/uploads\\\/2024\\\/05\\\/20240517_120524-888x500-2.jpg\",\"articleSection\":[\"Uncategorized @me\"],\"inLanguage\":\"me-ME\"},{\"@type\":\"WebPage\",\"@id\":\"https:\\\/\\\/www.evropskakuca.me\\\/me\\\/evropski-dir-u-pljevljima-svi-da-doprinesemo-da-crna-gora-postane-sljedeca-clanica-evropske-unije\\\/\",\"url\":\"https:\\\/\\\/www.evropskakuca.me\\\/me\\\/evropski-dir-u-pljevljima-svi-da-doprinesemo-da-crna-gora-postane-sljedeca-clanica-evropske-unije\\\/\",\"name\":\"Evropski \u0111ir u Pljevljima - Europe House\",\"isPartOf\":{\"@id\":\"https:\\\/\\\/www.evropskakuca.me\\\/me\\\/#website\"},\"primaryImageOfPage\":{\"@id\":\"https:\\\/\\\/www.evropskakuca.me\\\/me\\\/evropski-dir-u-pljevljima-svi-da-doprinesemo-da-crna-gora-postane-sljedeca-clanica-evropske-unije\\\/#primaryimage\"},\"image\":{\"@id\":\"https:\\\/\\\/www.evropskakuca.me\\\/me\\\/evropski-dir-u-pljevljima-svi-da-doprinesemo-da-crna-gora-postane-sljedeca-clanica-evropske-unije\\\/#primaryimage\"},\"thumbnailUrl\":\"https:\\\/\\\/www.evropskakuca.me\\\/wp-content\\\/uploads\\\/2024\\\/05\\\/20240517_120524-888x500-2.jpg\",\"datePublished\":\"2024-05-20T11:26:15+00:00\",\"dateModified\":\"2025-01-20T11:12:58+00:00\",\"breadcrumb\":{\"@id\":\"https:\\\/\\\/www.evropskakuca.me\\\/me\\\/evropski-dir-u-pljevljima-svi-da-doprinesemo-da-crna-gora-postane-sljedeca-clanica-evropske-unije\\\/#breadcrumb\"},\"inLanguage\":\"me-ME\",\"potentialAction\":[{\"@type\":\"ReadAction\",\"target\":[\"https:\\\/\\\/www.evropskakuca.me\\\/me\\\/evropski-dir-u-pljevljima-svi-da-doprinesemo-da-crna-gora-postane-sljedeca-clanica-evropske-unije\\\/\"]}]},{\"@type\":\"ImageObject\",\"inLanguage\":\"me-ME\",\"@id\":\"https:\\\/\\\/www.evropskakuca.me\\\/me\\\/evropski-dir-u-pljevljima-svi-da-doprinesemo-da-crna-gora-postane-sljedeca-clanica-evropske-unije\\\/#primaryimage\",\"url\":\"https:\\\/\\\/www.evropskakuca.me\\\/wp-content\\\/uploads\\\/2024\\\/05\\\/20240517_120524-888x500-2.jpg\",\"contentUrl\":\"https:\\\/\\\/www.evropskakuca.me\\\/wp-content\\\/uploads\\\/2024\\\/05\\\/20240517_120524-888x500-2.jpg\",\"width\":888,\"height\":500},{\"@type\":\"BreadcrumbList\",\"@id\":\"https:\\\/\\\/www.evropskakuca.me\\\/me\\\/evropski-dir-u-pljevljima-svi-da-doprinesemo-da-crna-gora-postane-sljedeca-clanica-evropske-unije\\\/#breadcrumb\",\"itemListElement\":[{\"@type\":\"ListItem\",\"position\":1,\"name\":\"Home\",\"item\":\"https:\\\/\\\/www.evropskakuca.me\\\/me\\\/\"},{\"@type\":\"ListItem\",\"position\":2,\"name\":\"Evropski \u0111ir u Pljevljima\"}]},{\"@type\":\"WebSite\",\"@id\":\"https:\\\/\\\/www.evropskakuca.me\\\/me\\\/#website\",\"url\":\"https:\\\/\\\/www.evropskakuca.me\\\/me\\\/\",\"name\":\"Evropean house\",\"description\":\"\",\"publisher\":{\"@id\":\"https:\\\/\\\/www.evropskakuca.me\\\/me\\\/#organization\"},\"potentialAction\":[{\"@type\":\"SearchAction\",\"target\":{\"@type\":\"EntryPoint\",\"urlTemplate\":\"https:\\\/\\\/www.evropskakuca.me\\\/me\\\/?s={search_term_string}\"},\"query-input\":{\"@type\":\"PropertyValueSpecification\",\"valueRequired\":true,\"valueName\":\"search_term_string\"}}],\"inLanguage\":\"me-ME\"},{\"@type\":\"Organization\",\"@id\":\"https:\\\/\\\/www.evropskakuca.me\\\/me\\\/#organization\",\"name\":\"Evropean house\",\"url\":\"https:\\\/\\\/www.evropskakuca.me\\\/me\\\/\",\"logo\":{\"@type\":\"ImageObject\",\"inLanguage\":\"me-ME\",\"@id\":\"https:\\\/\\\/www.evropskakuca.me\\\/me\\\/#\\\/schema\\\/logo\\\/image\\\/\",\"url\":\"https:\\\/\\\/www.evropskakuca.me\\\/wp-content\\\/uploads\\\/2025\\\/01\\\/evropska-kuca-logo-1.png\",\"contentUrl\":\"https:\\\/\\\/www.evropskakuca.me\\\/wp-content\\\/uploads\\\/2025\\\/01\\\/evropska-kuca-logo-1.png\",\"width\":425,\"height\":312,\"caption\":\"Evropean house\"},\"image\":{\"@id\":\"https:\\\/\\\/www.evropskakuca.me\\\/me\\\/#\\\/schema\\\/logo\\\/image\\\/\"},\"sameAs\":[\"https:\\\/\\\/www.facebook.com\\\/evropska.kuca\",\"https:\\\/\\\/x.com\\\/evropska_kuca\",\"https:\\\/\\\/www.instagram.com\\\/evropska_kuca\"]},{\"@type\":\"Person\",\"@id\":\"https:\\\/\\\/www.evropskakuca.me\\\/me\\\/#\\\/schema\\\/person\\\/a1d0dcdaefe4a1cd1d60d200ea137ba4\",\"name\":\"mkajic\",\"image\":{\"@type\":\"ImageObject\",\"inLanguage\":\"me-ME\",\"@id\":\"https:\\\/\\\/secure.gravatar.com\\\/avatar\\\/731fa035cefab7316e6bafd1f25a93fb731a07de14e2d9923f8db4422628eabc?s=96&d=mm&r=g\",\"url\":\"https:\\\/\\\/secure.gravatar.com\\\/avatar\\\/731fa035cefab7316e6bafd1f25a93fb731a07de14e2d9923f8db4422628eabc?s=96&d=mm&r=g\",\"contentUrl\":\"https:\\\/\\\/secure.gravatar.com\\\/avatar\\\/731fa035cefab7316e6bafd1f25a93fb731a07de14e2d9923f8db4422628eabc?s=96&d=mm&r=g\",\"caption\":\"mkajic\"},\"sameAs\":[\"https:\\\/\\\/evropskakuca.me\"],\"url\":\"https:\\\/\\\/www.evropskakuca.me\\\/me\\\/author\\\/mkajic\\\/\"}]}<\/script>\n<!-- \/ Yoast SEO plugin. -->","yoast_head_json":{"title":"Evropski \u0111ir u Pljevljima - Europe House","robots":{"index":"index","follow":"follow","max-snippet":"max-snippet:-1","max-image-preview":"max-image-preview:large","max-video-preview":"max-video-preview:-1"},"canonical":"https:\/\/www.evropskakuca.me\/me\/evropski-dir-u-pljevljima-svi-da-doprinesemo-da-crna-gora-postane-sljedeca-clanica-evropske-unije\/","og_locale":"en_US","og_type":"article","og_title":"Evropski \u0111ir u Pljevljima - Europe House","og_description":"\u201cDanas kada slavimo Dan Evrope, podsje\u0107amo se da i su na\u0161i ciljevi mnogo ve\u0107i od samog \u010dlanstva. Iskreno te\u017eimo stvaranju dru\u0161tva u kojem mo\u017eemo da \u017eivimo dostojanstveno, da se ose\u0107amo sigurnim i imamo jednake prilike za napredak i razvoj\u201d, poru\u010dila je ministarka evropskih poslova\u00a0Maida Gor\u010devi\u0107\u00a0 na manifestaciji \u201cEvropski \u0111ir\u201d koja je odr\u017eana u Pljevljima. Ministarka [&hellip;]","og_url":"https:\/\/www.evropskakuca.me\/me\/evropski-dir-u-pljevljima-svi-da-doprinesemo-da-crna-gora-postane-sljedeca-clanica-evropske-unije\/","og_site_name":"Europe House","article_publisher":"https:\/\/www.facebook.com\/evropska.kuca","article_published_time":"2024-05-20T11:26:15+00:00","article_modified_time":"2025-01-20T11:12:58+00:00","og_image":[{"width":888,"height":500,"url":"https:\/\/www.evropskakuca.me\/wp-content\/uploads\/2024\/05\/20240517_120524-888x500-2.jpg","type":"image\/jpeg"}],"author":"mkajic","twitter_card":"summary_large_image","twitter_creator":"@evropska_kuca","twitter_site":"@evropska_kuca","twitter_misc":{"Written by":"mkajic","Est. reading time":"5 minutes"},"schema":{"@context":"https:\/\/schema.org","@graph":[{"@type":"Article","@id":"https:\/\/www.evropskakuca.me\/me\/evropski-dir-u-pljevljima-svi-da-doprinesemo-da-crna-gora-postane-sljedeca-clanica-evropske-unije\/#article","isPartOf":{"@id":"https:\/\/www.evropskakuca.me\/me\/evropski-dir-u-pljevljima-svi-da-doprinesemo-da-crna-gora-postane-sljedeca-clanica-evropske-unije\/"},"author":{"name":"mkajic","@id":"https:\/\/www.evropskakuca.me\/me\/#\/schema\/person\/a1d0dcdaefe4a1cd1d60d200ea137ba4"},"headline":"Evropski \u0111ir u Pljevljima","datePublished":"2024-05-20T11:26:15+00:00","dateModified":"2025-01-20T11:12:58+00:00","mainEntityOfPage":{"@id":"https:\/\/www.evropskakuca.me\/me\/evropski-dir-u-pljevljima-svi-da-doprinesemo-da-crna-gora-postane-sljedeca-clanica-evropske-unije\/"},"wordCount":831,"publisher":{"@id":"https:\/\/www.evropskakuca.me\/me\/#organization"},"image":{"@id":"https:\/\/www.evropskakuca.me\/me\/evropski-dir-u-pljevljima-svi-da-doprinesemo-da-crna-gora-postane-sljedeca-clanica-evropske-unije\/#primaryimage"},"thumbnailUrl":"https:\/\/www.evropskakuca.me\/wp-content\/uploads\/2024\/05\/20240517_120524-888x500-2.jpg","articleSection":["Uncategorized @me"],"inLanguage":"me-ME"},{"@type":"WebPage","@id":"https:\/\/www.evropskakuca.me\/me\/evropski-dir-u-pljevljima-svi-da-doprinesemo-da-crna-gora-postane-sljedeca-clanica-evropske-unije\/","url":"https:\/\/www.evropskakuca.me\/me\/evropski-dir-u-pljevljima-svi-da-doprinesemo-da-crna-gora-postane-sljedeca-clanica-evropske-unije\/","name":"Evropski \u0111ir u Pljevljima - Europe House","isPartOf":{"@id":"https:\/\/www.evropskakuca.me\/me\/#website"},"primaryImageOfPage":{"@id":"https:\/\/www.evropskakuca.me\/me\/evropski-dir-u-pljevljima-svi-da-doprinesemo-da-crna-gora-postane-sljedeca-clanica-evropske-unije\/#primaryimage"},"image":{"@id":"https:\/\/www.evropskakuca.me\/me\/evropski-dir-u-pljevljima-svi-da-doprinesemo-da-crna-gora-postane-sljedeca-clanica-evropske-unije\/#primaryimage"},"thumbnailUrl":"https:\/\/www.evropskakuca.me\/wp-content\/uploads\/2024\/05\/20240517_120524-888x500-2.jpg","datePublished":"2024-05-20T11:26:15+00:00","dateModified":"2025-01-20T11:12:58+00:00","breadcrumb":{"@id":"https:\/\/www.evropskakuca.me\/me\/evropski-dir-u-pljevljima-svi-da-doprinesemo-da-crna-gora-postane-sljedeca-clanica-evropske-unije\/#breadcrumb"},"inLanguage":"me-ME","potentialAction":[{"@type":"ReadAction","target":["https:\/\/www.evropskakuca.me\/me\/evropski-dir-u-pljevljima-svi-da-doprinesemo-da-crna-gora-postane-sljedeca-clanica-evropske-unije\/"]}]},{"@type":"ImageObject","inLanguage":"me-ME","@id":"https:\/\/www.evropskakuca.me\/me\/evropski-dir-u-pljevljima-svi-da-doprinesemo-da-crna-gora-postane-sljedeca-clanica-evropske-unije\/#primaryimage","url":"https:\/\/www.evropskakuca.me\/wp-content\/uploads\/2024\/05\/20240517_120524-888x500-2.jpg","contentUrl":"https:\/\/www.evropskakuca.me\/wp-content\/uploads\/2024\/05\/20240517_120524-888x500-2.jpg","width":888,"height":500},{"@type":"BreadcrumbList","@id":"https:\/\/www.evropskakuca.me\/me\/evropski-dir-u-pljevljima-svi-da-doprinesemo-da-crna-gora-postane-sljedeca-clanica-evropske-unije\/#breadcrumb","itemListElement":[{"@type":"ListItem","position":1,"name":"Home","item":"https:\/\/www.evropskakuca.me\/me\/"},{"@type":"ListItem","position":2,"name":"Evropski \u0111ir u Pljevljima"}]},{"@type":"WebSite","@id":"https:\/\/www.evropskakuca.me\/me\/#website","url":"https:\/\/www.evropskakuca.me\/me\/","name":"Evropean house","description":"","publisher":{"@id":"https:\/\/www.evropskakuca.me\/me\/#organization"},"potentialAction":[{"@type":"SearchAction","target":{"@type":"EntryPoint","urlTemplate":"https:\/\/www.evropskakuca.me\/me\/?s={search_term_string}"},"query-input":{"@type":"PropertyValueSpecification","valueRequired":true,"valueName":"search_term_string"}}],"inLanguage":"me-ME"},{"@type":"Organization","@id":"https:\/\/www.evropskakuca.me\/me\/#organization","name":"Evropean house","url":"https:\/\/www.evropskakuca.me\/me\/","logo":{"@type":"ImageObject","inLanguage":"me-ME","@id":"https:\/\/www.evropskakuca.me\/me\/#\/schema\/logo\/image\/","url":"https:\/\/www.evropskakuca.me\/wp-content\/uploads\/2025\/01\/evropska-kuca-logo-1.png","contentUrl":"https:\/\/www.evropskakuca.me\/wp-content\/uploads\/2025\/01\/evropska-kuca-logo-1.png","width":425,"height":312,"caption":"Evropean house"},"image":{"@id":"https:\/\/www.evropskakuca.me\/me\/#\/schema\/logo\/image\/"},"sameAs":["https:\/\/www.facebook.com\/evropska.kuca","https:\/\/x.com\/evropska_kuca","https:\/\/www.instagram.com\/evropska_kuca"]},{"@type":"Person","@id":"https:\/\/www.evropskakuca.me\/me\/#\/schema\/person\/a1d0dcdaefe4a1cd1d60d200ea137ba4","name":"mkajic","image":{"@type":"ImageObject","inLanguage":"me-ME","@id":"https:\/\/secure.gravatar.com\/avatar\/731fa035cefab7316e6bafd1f25a93fb731a07de14e2d9923f8db4422628eabc?s=96&d=mm&r=g","url":"https:\/\/secure.gravatar.com\/avatar\/731fa035cefab7316e6bafd1f25a93fb731a07de14e2d9923f8db4422628eabc?s=96&d=mm&r=g","contentUrl":"https:\/\/secure.gravatar.com\/avatar\/731fa035cefab7316e6bafd1f25a93fb731a07de14e2d9923f8db4422628eabc?s=96&d=mm&r=g","caption":"mkajic"},"sameAs":["https:\/\/evropskakuca.me"],"url":"https:\/\/www.evropskakuca.me\/me\/author\/mkajic\/"}]}},"_links":{"self":[{"href":"https:\/\/www.evropskakuca.me\/me\/wp-json\/wp\/v2\/posts\/29972","targetHints":{"allow":["GET"]}}],"collection":[{"href":"https:\/\/www.evropskakuca.me\/me\/wp-json\/wp\/v2\/posts"}],"about":[{"href":"https:\/\/www.evropskakuca.me\/me\/wp-json\/wp\/v2\/types\/post"}],"author":[{"embeddable":true,"href":"https:\/\/www.evropskakuca.me\/me\/wp-json\/wp\/v2\/users\/1"}],"replies":[{"embeddable":true,"href":"https:\/\/www.evropskakuca.me\/me\/wp-json\/wp\/v2\/comments?post=29972"}],"version-history":[{"count":2,"href":"https:\/\/www.evropskakuca.me\/me\/wp-json\/wp\/v2\/posts\/29972\/revisions"}],"predecessor-version":[{"id":42365,"href":"https:\/\/www.evropskakuca.me\/me\/wp-json\/wp\/v2\/posts\/29972\/revisions\/42365"}],"wp:featuredmedia":[{"embeddable":true,"href":"https:\/\/www.evropskakuca.me\/me\/wp-json\/wp\/v2\/media\/42361"}],"wp:attachment":[{"href":"https:\/\/www.evropskakuca.me\/me\/wp-json\/wp\/v2\/media?parent=29972"}],"wp:term":[{"taxonomy":"category","embeddable":true,"href":"https:\/\/www.evropskakuca.me\/me\/wp-json\/wp\/v2\/categories?post=29972"},{"taxonomy":"post_tag","embeddable":true,"href":"https:\/\/www.evropskakuca.me\/me\/wp-json\/wp\/v2\/tags?post=29972"}],"curies":[{"name":"wp","href":"https:\/\/api.w.org\/{rel}","templated":true}]}}