{"id":29946,"date":"2024-05-20T09:44:26","date_gmt":"2024-05-20T09:44:26","guid":{"rendered":"https:\/\/evropskakuca.me\/?p=29946"},"modified":"2024-05-20T09:44:26","modified_gmt":"2024-05-20T09:44:26","slug":"nasi-mali-scenografi","status":"publish","type":"post","link":"https:\/\/www.evropskakuca.me\/me\/nasi-mali-scenografi\/","title":{"rendered":"Na\u0161i mali scenografi"},"content":{"rendered":"<p>U susret ro\u0111endanu <strong>Evropske ku\u0107e<\/strong> i nastavku stripa <strong>Super Zvjezdana<\/strong> podgori\u010dki mali\u0161ani\u00a0 i \u010dlanovi \u0161kole <em><strong>Moj Imaginarijum<\/strong><\/em>\u00a0postali su pravi mali scenografi.<\/p>\n<p>Tokom likovne radionice odr\u017eane u Evropskoj ku\u0107i, zajedno sa umjetnicom <strong>Ivom Ivanovi\u0107<\/strong> djeca su slikala motive po kojima su prepoznatljive dr\u017eave \u010dlanice Evropske unije.<\/p>\n\n<p>\u201eDana\u0161nja tema bile su znamenitosti dr\u017eava \u010dlanica Evropske unije. Svaka dr\u017eava ima neki svoj za\u0161titni znak, neki simbol po kojem je prepoznatljiva\u201c, kazala je Ivanovi\u0107.<\/p>\n<p>Balerina, Karlov most i ma\u0111arska torta&#8230;<\/p>\n<p><img fetchpriority=\"high\" decoding=\"async\" class=\"aligncenter size-large wp-image-29955\" src=\"https:\/\/evropskakuca.me\/wp-content\/uploads\/2024\/05\/FRO_2011-1024x728.jpg\" alt=\"\" width=\"1024\" height=\"728\" \/><\/p>\n<p>\u201eMotive koje smo danas crtali, preuzeli \u00a0smo iz stripa Super Zvjezdana otkriva zemlje EU\u201c kazala je Ivanovi\u0107.<\/p>\n<p>Najbolji dje\u010diji crte\u017ei, kako isti\u010de Ivanovi\u0107, bi\u0107e kori\u0161teni kao scenografija i rekviziti za predstavu Super Zvjezdana kojom \u0107e Evropska ku\u0107a obilje\u017eiti svoj drugi ro\u0111endan. Ona je dodala da \u0107e i svi ostali radovi biti izlo\u017eeni.<\/p>\n\n<p>\u201eIzlo\u017eba svih crte\u017ea koje djeca nacrtaju bi\u0107e organizovana tokom proslave drugog ro\u0111endana Evropske ku\u0107e\u201c, zaklju\u010dila je Ivanovi\u0107.<\/p>\n<p><strong>Milo\u0161evi\u0107 Novak<\/strong> je nacrtao Balerinu i Karlov most, a njegova ma\u0111arska torta je odabrana da se na\u0111e u predstavi.<\/p>\n<p><img decoding=\"async\" class=\"aligncenter size-large wp-image-29961\" src=\"https:\/\/evropskakuca.me\/wp-content\/uploads\/2024\/05\/FRO_1966-1024x683.jpg\" alt=\"\" width=\"1024\" height=\"683\" \/><\/p>\n<p>Novak je pravi mali umjetnik i scenograf.<\/p>\n<p><strong>Andrea Lubarda<\/strong> je crtala Ajfelov toranj. Ka\u017ee da je bilo zabavno crtati i da je bilo sjajno dru\u017eiti se sa ostalim mali\u0161anima.<\/p>\n<p><img decoding=\"async\" class=\"aligncenter size-large wp-image-29963\" src=\"https:\/\/evropskakuca.me\/wp-content\/uploads\/2024\/05\/FRO_2004-1024x683.jpg\" alt=\"\" width=\"1024\" height=\"683\" \/><\/p>\n<p>Super Zvjezdana otkriva zemlje EU je nastavak stripa Super Zvjezdana u kojem se na\u0161a heroina upoznaje\u00a0 sa \u010dlanicama EU i otkriva njihove znamenitosti i razli\u010ditosti koje nas ujedinjuju.<\/p>\n","protected":false},"excerpt":{"rendered":"<p>U susret ro\u0111endanu Evropske ku\u0107e i nastavku stripa Super Zvjezdana podgori\u010dki mali\u0161ani\u00a0 i \u010dlanovi \u0161kole Moj Imaginarijum\u00a0postali su pravi mali scenografi. Tokom likovne radionice odr\u017eane u Evropskoj ku\u0107i, zajedno sa umjetnicom Ivom Ivanovi\u0107 djeca su slikala motive po kojima su prepoznatljive dr\u017eave \u010dlanice Evropske unije. \u201eDana\u0161nja tema bile su znamenitosti dr\u017eava \u010dlanica Evropske unije. Svaka [&hellip;]<\/p>\n","protected":false},"author":1,"featured_media":41075,"comment_status":"closed","ping_status":"closed","sticky":false,"template":"","format":"standard","meta":{"_acf_changed":false,"footnotes":""},"categories":[],"tags":[],"class_list":["post-29946","post","type-post","status-publish","format-standard","has-post-thumbnail","hentry"],"acf":[],"yoast_head":"<!-- This site is optimized with the Yoast SEO plugin v27.3 - https:\/\/yoast.com\/product\/yoast-seo-wordpress\/ -->\n<title>Na\u0161i mali scenografi - Europe House<\/title>\n<meta name=\"robots\" content=\"index, follow, max-snippet:-1, max-image-preview:large, max-video-preview:-1\" \/>\n<link rel=\"canonical\" href=\"https:\/\/www.evropskakuca.me\/me\/nasi-mali-scenografi\/\" \/>\n<meta property=\"og:locale\" content=\"en_US\" \/>\n<meta property=\"og:type\" content=\"article\" \/>\n<meta property=\"og:title\" content=\"Na\u0161i mali scenografi - Europe House\" \/>\n<meta property=\"og:description\" content=\"U susret ro\u0111endanu Evropske ku\u0107e i nastavku stripa Super Zvjezdana podgori\u010dki mali\u0161ani\u00a0 i \u010dlanovi \u0161kole Moj Imaginarijum\u00a0postali su pravi mali scenografi. Tokom likovne radionice odr\u017eane u Evropskoj ku\u0107i, zajedno sa umjetnicom Ivom Ivanovi\u0107 djeca su slikala motive po kojima su prepoznatljive dr\u017eave \u010dlanice Evropske unije. \u201eDana\u0161nja tema bile su znamenitosti dr\u017eava \u010dlanica Evropske unije. Svaka [&hellip;]\" \/>\n<meta property=\"og:url\" content=\"https:\/\/www.evropskakuca.me\/me\/nasi-mali-scenografi\/\" \/>\n<meta property=\"og:site_name\" content=\"Europe House\" \/>\n<meta property=\"article:publisher\" content=\"https:\/\/www.facebook.com\/evropska.kuca\" \/>\n<meta property=\"article:published_time\" content=\"2024-05-20T09:44:26+00:00\" \/>\n<meta property=\"og:image\" content=\"https:\/\/www.evropskakuca.me\/wp-content\/uploads\/2024\/05\/FRO_2281-scaled.jpg\" \/>\n\t<meta property=\"og:image:width\" content=\"2560\" \/>\n\t<meta property=\"og:image:height\" content=\"1949\" \/>\n\t<meta property=\"og:image:type\" content=\"image\/jpeg\" \/>\n<meta name=\"author\" content=\"mkajic\" \/>\n<meta name=\"twitter:card\" content=\"summary_large_image\" \/>\n<meta name=\"twitter:creator\" content=\"@evropska_kuca\" \/>\n<meta name=\"twitter:site\" content=\"@evropska_kuca\" \/>\n<meta name=\"twitter:label1\" content=\"Written by\" \/>\n\t<meta name=\"twitter:data1\" content=\"mkajic\" \/>\n\t<meta name=\"twitter:label2\" content=\"Est. reading time\" \/>\n\t<meta name=\"twitter:data2\" content=\"1 minute\" \/>\n<script type=\"application\/ld+json\" class=\"yoast-schema-graph\">{\"@context\":\"https:\\\/\\\/schema.org\",\"@graph\":[{\"@type\":\"Article\",\"@id\":\"https:\\\/\\\/www.evropskakuca.me\\\/me\\\/nasi-mali-scenografi\\\/#article\",\"isPartOf\":{\"@id\":\"https:\\\/\\\/www.evropskakuca.me\\\/me\\\/nasi-mali-scenografi\\\/\"},\"author\":{\"name\":\"mkajic\",\"@id\":\"https:\\\/\\\/www.evropskakuca.me\\\/me\\\/#\\\/schema\\\/person\\\/a1d0dcdaefe4a1cd1d60d200ea137ba4\"},\"headline\":\"Na\u0161i mali scenografi\",\"datePublished\":\"2024-05-20T09:44:26+00:00\",\"mainEntityOfPage\":{\"@id\":\"https:\\\/\\\/www.evropskakuca.me\\\/me\\\/nasi-mali-scenografi\\\/\"},\"wordCount\":270,\"publisher\":{\"@id\":\"https:\\\/\\\/www.evropskakuca.me\\\/me\\\/#organization\"},\"image\":{\"@id\":\"https:\\\/\\\/www.evropskakuca.me\\\/me\\\/nasi-mali-scenografi\\\/#primaryimage\"},\"thumbnailUrl\":\"https:\\\/\\\/www.evropskakuca.me\\\/wp-content\\\/uploads\\\/2024\\\/05\\\/FRO_2281-scaled.jpg\",\"inLanguage\":\"me-ME\"},{\"@type\":\"WebPage\",\"@id\":\"https:\\\/\\\/www.evropskakuca.me\\\/me\\\/nasi-mali-scenografi\\\/\",\"url\":\"https:\\\/\\\/www.evropskakuca.me\\\/me\\\/nasi-mali-scenografi\\\/\",\"name\":\"Na\u0161i mali scenografi - Europe House\",\"isPartOf\":{\"@id\":\"https:\\\/\\\/www.evropskakuca.me\\\/me\\\/#website\"},\"primaryImageOfPage\":{\"@id\":\"https:\\\/\\\/www.evropskakuca.me\\\/me\\\/nasi-mali-scenografi\\\/#primaryimage\"},\"image\":{\"@id\":\"https:\\\/\\\/www.evropskakuca.me\\\/me\\\/nasi-mali-scenografi\\\/#primaryimage\"},\"thumbnailUrl\":\"https:\\\/\\\/www.evropskakuca.me\\\/wp-content\\\/uploads\\\/2024\\\/05\\\/FRO_2281-scaled.jpg\",\"datePublished\":\"2024-05-20T09:44:26+00:00\",\"breadcrumb\":{\"@id\":\"https:\\\/\\\/www.evropskakuca.me\\\/me\\\/nasi-mali-scenografi\\\/#breadcrumb\"},\"inLanguage\":\"me-ME\",\"potentialAction\":[{\"@type\":\"ReadAction\",\"target\":[\"https:\\\/\\\/www.evropskakuca.me\\\/me\\\/nasi-mali-scenografi\\\/\"]}]},{\"@type\":\"ImageObject\",\"inLanguage\":\"me-ME\",\"@id\":\"https:\\\/\\\/www.evropskakuca.me\\\/me\\\/nasi-mali-scenografi\\\/#primaryimage\",\"url\":\"https:\\\/\\\/www.evropskakuca.me\\\/wp-content\\\/uploads\\\/2024\\\/05\\\/FRO_2281-scaled.jpg\",\"contentUrl\":\"https:\\\/\\\/www.evropskakuca.me\\\/wp-content\\\/uploads\\\/2024\\\/05\\\/FRO_2281-scaled.jpg\",\"width\":2560,\"height\":1949},{\"@type\":\"BreadcrumbList\",\"@id\":\"https:\\\/\\\/www.evropskakuca.me\\\/me\\\/nasi-mali-scenografi\\\/#breadcrumb\",\"itemListElement\":[{\"@type\":\"ListItem\",\"position\":1,\"name\":\"Home\",\"item\":\"https:\\\/\\\/www.evropskakuca.me\\\/me\\\/\"},{\"@type\":\"ListItem\",\"position\":2,\"name\":\"Na\u0161i mali scenografi\"}]},{\"@type\":\"WebSite\",\"@id\":\"https:\\\/\\\/www.evropskakuca.me\\\/me\\\/#website\",\"url\":\"https:\\\/\\\/www.evropskakuca.me\\\/me\\\/\",\"name\":\"Evropean house\",\"description\":\"\",\"publisher\":{\"@id\":\"https:\\\/\\\/www.evropskakuca.me\\\/me\\\/#organization\"},\"potentialAction\":[{\"@type\":\"SearchAction\",\"target\":{\"@type\":\"EntryPoint\",\"urlTemplate\":\"https:\\\/\\\/www.evropskakuca.me\\\/me\\\/?s={search_term_string}\"},\"query-input\":{\"@type\":\"PropertyValueSpecification\",\"valueRequired\":true,\"valueName\":\"search_term_string\"}}],\"inLanguage\":\"me-ME\"},{\"@type\":\"Organization\",\"@id\":\"https:\\\/\\\/www.evropskakuca.me\\\/me\\\/#organization\",\"name\":\"Evropean house\",\"url\":\"https:\\\/\\\/www.evropskakuca.me\\\/me\\\/\",\"logo\":{\"@type\":\"ImageObject\",\"inLanguage\":\"me-ME\",\"@id\":\"https:\\\/\\\/www.evropskakuca.me\\\/me\\\/#\\\/schema\\\/logo\\\/image\\\/\",\"url\":\"https:\\\/\\\/www.evropskakuca.me\\\/wp-content\\\/uploads\\\/2025\\\/01\\\/evropska-kuca-logo-1.png\",\"contentUrl\":\"https:\\\/\\\/www.evropskakuca.me\\\/wp-content\\\/uploads\\\/2025\\\/01\\\/evropska-kuca-logo-1.png\",\"width\":425,\"height\":312,\"caption\":\"Evropean house\"},\"image\":{\"@id\":\"https:\\\/\\\/www.evropskakuca.me\\\/me\\\/#\\\/schema\\\/logo\\\/image\\\/\"},\"sameAs\":[\"https:\\\/\\\/www.facebook.com\\\/evropska.kuca\",\"https:\\\/\\\/x.com\\\/evropska_kuca\",\"https:\\\/\\\/www.instagram.com\\\/evropska_kuca\"]},{\"@type\":\"Person\",\"@id\":\"https:\\\/\\\/www.evropskakuca.me\\\/me\\\/#\\\/schema\\\/person\\\/a1d0dcdaefe4a1cd1d60d200ea137ba4\",\"name\":\"mkajic\",\"image\":{\"@type\":\"ImageObject\",\"inLanguage\":\"me-ME\",\"@id\":\"https:\\\/\\\/secure.gravatar.com\\\/avatar\\\/731fa035cefab7316e6bafd1f25a93fb731a07de14e2d9923f8db4422628eabc?s=96&d=mm&r=g\",\"url\":\"https:\\\/\\\/secure.gravatar.com\\\/avatar\\\/731fa035cefab7316e6bafd1f25a93fb731a07de14e2d9923f8db4422628eabc?s=96&d=mm&r=g\",\"contentUrl\":\"https:\\\/\\\/secure.gravatar.com\\\/avatar\\\/731fa035cefab7316e6bafd1f25a93fb731a07de14e2d9923f8db4422628eabc?s=96&d=mm&r=g\",\"caption\":\"mkajic\"},\"sameAs\":[\"https:\\\/\\\/evropskakuca.me\"],\"url\":\"https:\\\/\\\/www.evropskakuca.me\\\/me\\\/author\\\/mkajic\\\/\"}]}<\/script>\n<!-- \/ Yoast SEO plugin. -->","yoast_head_json":{"title":"Na\u0161i mali scenografi - Europe House","robots":{"index":"index","follow":"follow","max-snippet":"max-snippet:-1","max-image-preview":"max-image-preview:large","max-video-preview":"max-video-preview:-1"},"canonical":"https:\/\/www.evropskakuca.me\/me\/nasi-mali-scenografi\/","og_locale":"en_US","og_type":"article","og_title":"Na\u0161i mali scenografi - Europe House","og_description":"U susret ro\u0111endanu Evropske ku\u0107e i nastavku stripa Super Zvjezdana podgori\u010dki mali\u0161ani\u00a0 i \u010dlanovi \u0161kole Moj Imaginarijum\u00a0postali su pravi mali scenografi. Tokom likovne radionice odr\u017eane u Evropskoj ku\u0107i, zajedno sa umjetnicom Ivom Ivanovi\u0107 djeca su slikala motive po kojima su prepoznatljive dr\u017eave \u010dlanice Evropske unije. \u201eDana\u0161nja tema bile su znamenitosti dr\u017eava \u010dlanica Evropske unije. Svaka [&hellip;]","og_url":"https:\/\/www.evropskakuca.me\/me\/nasi-mali-scenografi\/","og_site_name":"Europe House","article_publisher":"https:\/\/www.facebook.com\/evropska.kuca","article_published_time":"2024-05-20T09:44:26+00:00","og_image":[{"width":2560,"height":1949,"url":"https:\/\/www.evropskakuca.me\/wp-content\/uploads\/2024\/05\/FRO_2281-scaled.jpg","type":"image\/jpeg"}],"author":"mkajic","twitter_card":"summary_large_image","twitter_creator":"@evropska_kuca","twitter_site":"@evropska_kuca","twitter_misc":{"Written by":"mkajic","Est. reading time":"1 minute"},"schema":{"@context":"https:\/\/schema.org","@graph":[{"@type":"Article","@id":"https:\/\/www.evropskakuca.me\/me\/nasi-mali-scenografi\/#article","isPartOf":{"@id":"https:\/\/www.evropskakuca.me\/me\/nasi-mali-scenografi\/"},"author":{"name":"mkajic","@id":"https:\/\/www.evropskakuca.me\/me\/#\/schema\/person\/a1d0dcdaefe4a1cd1d60d200ea137ba4"},"headline":"Na\u0161i mali scenografi","datePublished":"2024-05-20T09:44:26+00:00","mainEntityOfPage":{"@id":"https:\/\/www.evropskakuca.me\/me\/nasi-mali-scenografi\/"},"wordCount":270,"publisher":{"@id":"https:\/\/www.evropskakuca.me\/me\/#organization"},"image":{"@id":"https:\/\/www.evropskakuca.me\/me\/nasi-mali-scenografi\/#primaryimage"},"thumbnailUrl":"https:\/\/www.evropskakuca.me\/wp-content\/uploads\/2024\/05\/FRO_2281-scaled.jpg","inLanguage":"me-ME"},{"@type":"WebPage","@id":"https:\/\/www.evropskakuca.me\/me\/nasi-mali-scenografi\/","url":"https:\/\/www.evropskakuca.me\/me\/nasi-mali-scenografi\/","name":"Na\u0161i mali scenografi - Europe House","isPartOf":{"@id":"https:\/\/www.evropskakuca.me\/me\/#website"},"primaryImageOfPage":{"@id":"https:\/\/www.evropskakuca.me\/me\/nasi-mali-scenografi\/#primaryimage"},"image":{"@id":"https:\/\/www.evropskakuca.me\/me\/nasi-mali-scenografi\/#primaryimage"},"thumbnailUrl":"https:\/\/www.evropskakuca.me\/wp-content\/uploads\/2024\/05\/FRO_2281-scaled.jpg","datePublished":"2024-05-20T09:44:26+00:00","breadcrumb":{"@id":"https:\/\/www.evropskakuca.me\/me\/nasi-mali-scenografi\/#breadcrumb"},"inLanguage":"me-ME","potentialAction":[{"@type":"ReadAction","target":["https:\/\/www.evropskakuca.me\/me\/nasi-mali-scenografi\/"]}]},{"@type":"ImageObject","inLanguage":"me-ME","@id":"https:\/\/www.evropskakuca.me\/me\/nasi-mali-scenografi\/#primaryimage","url":"https:\/\/www.evropskakuca.me\/wp-content\/uploads\/2024\/05\/FRO_2281-scaled.jpg","contentUrl":"https:\/\/www.evropskakuca.me\/wp-content\/uploads\/2024\/05\/FRO_2281-scaled.jpg","width":2560,"height":1949},{"@type":"BreadcrumbList","@id":"https:\/\/www.evropskakuca.me\/me\/nasi-mali-scenografi\/#breadcrumb","itemListElement":[{"@type":"ListItem","position":1,"name":"Home","item":"https:\/\/www.evropskakuca.me\/me\/"},{"@type":"ListItem","position":2,"name":"Na\u0161i mali scenografi"}]},{"@type":"WebSite","@id":"https:\/\/www.evropskakuca.me\/me\/#website","url":"https:\/\/www.evropskakuca.me\/me\/","name":"Evropean house","description":"","publisher":{"@id":"https:\/\/www.evropskakuca.me\/me\/#organization"},"potentialAction":[{"@type":"SearchAction","target":{"@type":"EntryPoint","urlTemplate":"https:\/\/www.evropskakuca.me\/me\/?s={search_term_string}"},"query-input":{"@type":"PropertyValueSpecification","valueRequired":true,"valueName":"search_term_string"}}],"inLanguage":"me-ME"},{"@type":"Organization","@id":"https:\/\/www.evropskakuca.me\/me\/#organization","name":"Evropean house","url":"https:\/\/www.evropskakuca.me\/me\/","logo":{"@type":"ImageObject","inLanguage":"me-ME","@id":"https:\/\/www.evropskakuca.me\/me\/#\/schema\/logo\/image\/","url":"https:\/\/www.evropskakuca.me\/wp-content\/uploads\/2025\/01\/evropska-kuca-logo-1.png","contentUrl":"https:\/\/www.evropskakuca.me\/wp-content\/uploads\/2025\/01\/evropska-kuca-logo-1.png","width":425,"height":312,"caption":"Evropean house"},"image":{"@id":"https:\/\/www.evropskakuca.me\/me\/#\/schema\/logo\/image\/"},"sameAs":["https:\/\/www.facebook.com\/evropska.kuca","https:\/\/x.com\/evropska_kuca","https:\/\/www.instagram.com\/evropska_kuca"]},{"@type":"Person","@id":"https:\/\/www.evropskakuca.me\/me\/#\/schema\/person\/a1d0dcdaefe4a1cd1d60d200ea137ba4","name":"mkajic","image":{"@type":"ImageObject","inLanguage":"me-ME","@id":"https:\/\/secure.gravatar.com\/avatar\/731fa035cefab7316e6bafd1f25a93fb731a07de14e2d9923f8db4422628eabc?s=96&d=mm&r=g","url":"https:\/\/secure.gravatar.com\/avatar\/731fa035cefab7316e6bafd1f25a93fb731a07de14e2d9923f8db4422628eabc?s=96&d=mm&r=g","contentUrl":"https:\/\/secure.gravatar.com\/avatar\/731fa035cefab7316e6bafd1f25a93fb731a07de14e2d9923f8db4422628eabc?s=96&d=mm&r=g","caption":"mkajic"},"sameAs":["https:\/\/evropskakuca.me"],"url":"https:\/\/www.evropskakuca.me\/me\/author\/mkajic\/"}]}},"_links":{"self":[{"href":"https:\/\/www.evropskakuca.me\/me\/wp-json\/wp\/v2\/posts\/29946","targetHints":{"allow":["GET"]}}],"collection":[{"href":"https:\/\/www.evropskakuca.me\/me\/wp-json\/wp\/v2\/posts"}],"about":[{"href":"https:\/\/www.evropskakuca.me\/me\/wp-json\/wp\/v2\/types\/post"}],"author":[{"embeddable":true,"href":"https:\/\/www.evropskakuca.me\/me\/wp-json\/wp\/v2\/users\/1"}],"replies":[{"embeddable":true,"href":"https:\/\/www.evropskakuca.me\/me\/wp-json\/wp\/v2\/comments?post=29946"}],"version-history":[{"count":0,"href":"https:\/\/www.evropskakuca.me\/me\/wp-json\/wp\/v2\/posts\/29946\/revisions"}],"wp:featuredmedia":[{"embeddable":true,"href":"https:\/\/www.evropskakuca.me\/me\/wp-json\/wp\/v2\/media\/41075"}],"wp:attachment":[{"href":"https:\/\/www.evropskakuca.me\/me\/wp-json\/wp\/v2\/media?parent=29946"}],"wp:term":[{"taxonomy":"category","embeddable":true,"href":"https:\/\/www.evropskakuca.me\/me\/wp-json\/wp\/v2\/categories?post=29946"},{"taxonomy":"post_tag","embeddable":true,"href":"https:\/\/www.evropskakuca.me\/me\/wp-json\/wp\/v2\/tags?post=29946"}],"curies":[{"name":"wp","href":"https:\/\/api.w.org\/{rel}","templated":true}]}}