{"id":29886,"date":"2024-05-16T09:30:07","date_gmt":"2024-05-16T09:30:07","guid":{"rendered":"https:\/\/evropskakuca.me\/?p=29886"},"modified":"2025-02-10T09:47:30","modified_gmt":"2025-02-10T09:47:30","slug":"evropski-dir-na-zabljaku-crna-gora-njeguje-evropske-vrijednosti","status":"publish","type":"post","link":"https:\/\/www.evropskakuca.me\/me\/evropski-dir-na-zabljaku-crna-gora-njeguje-evropske-vrijednosti\/","title":{"rendered":"Evropski \u0111ir je posjetion \u017dabljak"},"content":{"rendered":"<p>Evropski \u0111ir na \u017dabljaku potvrdio je da ovaj kraj njeguje evropske vrijednosti, ali i ukazao na va\u017enost da Evropa mora da do\u0111e do svakog grada u Crnoj Gori, poruka je sa manifestacije obilje\u017eavanja Dana Evrope u \u017dabljaku.<\/p>\n<p>\u201eDosada\u0161nja saradnja sa Evropskom unijom donijela je brojne benefite poljoprivrednim proizvo\u0111a\u010dima i gra\u0111anima Crne Gore. Kroz fondove EU, podr\u017eali smo projekte koji su doprinijeli razvoju ruralnih podru\u010dja, unapre\u0111enju infrastrukture, modernizaciji poljoprivrede i ja\u010danju konkurentnosti na\u0161ih poljoprivrednika\u201c, kazao je ministar poljoprivrede, \u0161umarstva i vodoprivrede\u00a0<strong>Vladimir Jokovi\u0107<\/strong>\u00a0na \u017dabljaku.<\/p>\n<p><img fetchpriority=\"high\" decoding=\"async\" class=\"aligncenter size-full wp-image-29889\" src=\"https:\/\/evropskakuca.me\/wp-content\/uploads\/2024\/05\/Zabljak-2-768x520-1.jpg\" alt=\"\" width=\"768\" height=\"520\" \/><\/p>\n<p>On je, zajedno sa glavnim pregovara\u010dem Crne Gore sa EU <strong>Predragom Zenovi\u0107em<\/strong>, predsjednikom op\u0161tine \u017dabljak\u00a0<strong>Rado\u0161em \u017dugi\u0107em<\/strong>\u00a0i predstavnikom Delegacije EU u Crnoj Gori\u00a0<strong>Orlandom Fuskom<\/strong>\u00a0u\u010destvovao u manifestaciji \u201eEvropski \u0111ir\u201c, kojom se obilje\u017eava Dan Evrope i promovi\u0161u evropske vrijednosti u Crnoj Gori.<\/p>\n<p>Jokovi\u0107 je istakao da je Crna Gora sprovela zna\u010dajne reforme u oblastima poljoprivrede i ruralnog razvoja, ribarstva i bezbjednosti hrane kako bi se uskladili sa standardima Evropske unije, te da je proces evropskih integracija prioritetni strate\u0161ki cilj za crnogorsku dr\u017eavnu politiku. Ministar je, tako\u0111e, istakao va\u017enost IPARD programa.<\/p>\n<p>\u201eOd 2019. godine do sada ispla\u0107eno je 414 projekata ukupne vrijednosti investicija preko 60,2 mil. EUR, gdje ispla\u0107ena EU podr\u0161ka iznosi vi\u0161e od 23 mil. EUR.\u00a0 Od ove godine po\u010deli smo i sa implementacijom IPARD III programa, kroz \u010dije je sprovo\u0111enje crnogorskoj poljoprivredi dostupno blizu 82 miliona eura, od \u010dega EU sredstva \u010dine 63 miliona eura (62% vi\u0161e u odnosu na prethodni IPARD II program)\u201c, istakao je Jokovi\u0107.<\/p>\n<p><img decoding=\"async\" class=\"aligncenter size-full wp-image-29891\" src=\"https:\/\/evropskakuca.me\/wp-content\/uploads\/2024\/05\/Zabljak-1-768x511-1.jpg\" alt=\"\" width=\"768\" height=\"511\" \/><\/p>\n<p>Glavni pregovara\u010d sa EU\u00a0<strong>Predrag Zenovi\u0107<\/strong>\u00a0je istakao da mu je zadovoljstvo da, zajedno sa gra\u0111anima \u017dabljaka, proslavlja Dan Evrope.<\/p>\n<p>\u201ePuno mi je srce da budem danas ovdje da zajedno slavimo Dan Evrope, da slavimo velike evropske vrijednosti ovdje u \u017dabljaku, koji te vrijednosti istorijski ba\u0161tini idanas ih \u017eivi. I zaista je veliko zadovoljstvo vidjeti da svi ovi mladi ljudi na ovaj na\u010din proslavljaju ovaj veliki dan\u201c, poru\u010dio je\u00a0 glavni pregovara\u010d, Predrag Zenovi\u0107.<\/p>\n<p>On je kazao da se evropske vrijednosti koje \u017dabljak dijeli baziraju na onome \u0161to su njegove prodne ljepote, po \u010demu je zaista jedinstven u cijeloj Evropi, po kulturi koju ovaj kraj njeguje, tradiciji, istoriji koju ima ali i\u00a0 po ljudima koji u njemu \u017eive i koji bi trebalo da se vra\u0107aju u ovaj kraj i da u njemu \u017eive i stvaraju.<\/p>\n<p>\u201eEvropske ideje koje \u017dabljak nosi u sebi odnose se i na to \u0161to je on na\u0161a evropska ekolo\u0161ka prijestonica, \u0161to su ideje ekolo\u0161ke dr\u017eave Crne Gore potekle upravo iz ovoga kraja i \u0161to postoji cijeli jedan arsenal stvari koje mogu da budu za ponos \u017dabljaku i \u017dablja\u010danima, koje se odnose na odr\u017eivi turizam, na organsku hranu, na jednu druga\u010diju viziju \u017eivota koja je zapravo evropska i koju ovaj kraj i te kako poznaje\u201c, istakao je Zenovi\u0107.<\/p>\n<p><img decoding=\"async\" class=\"aligncenter size-full wp-image-29893\" src=\"https:\/\/evropskakuca.me\/wp-content\/uploads\/2024\/05\/Zabljak-5-768x518-1.jpg\" alt=\"\" width=\"768\" height=\"518\" \/><\/p>\n<p>Predsjednik op\u0161tine \u017dabljak\u00a0<strong>Rado\u0161 \u017dugi\u0107<\/strong> je kazao da manifestacija i program imaju za cilj da poka\u017eu da Evropska unija i Evropa moraju da do\u0111u do svakoga grada u Crnoj Gori.<\/p>\n<p>\u201eDana\u0161nja manifestacija ima za cilj da poka\u017ee da lokalno rukovodstvo i op\u0161tina \u017dabljak stoji \u010dvrsto na onim stanovi\u0161tima i polazi\u0161tima \u0161to je zvani\u010dna politika na\u0161e dr\u017eave, a to je da \u010dlanstvo u EU i dru\u0161tvo u kojem se nalaze prosvijetljene dr\u017eave i prosvijetljeni evropski narodi, nema alternativu i da je Crnoj Gori mjesto upravo na tom putu\u201c, kazao je \u017dugi\u0107.<\/p>\n<p>Istakao je da je op\u0161tina \u017dabljak zastupljena u brojnim evropskim organima i evropskim tijelima i da intenzivno rade na kandidovanju brojnih evropskih projekata.<\/p>\n<p>\u201e\u017delimo da na svom primjeru potvrdimo da doslijedno stojimo na evropskom putu\u201c, poru\u010dio je \u017dugi\u0107.<\/p>\n<p>Predstavnik Delegacoke EU u Crnoj Gori\u00a0<strong>Orlando Fusko<\/strong> je kazao da su \u017dabljak i Crna Gora oduvijek dio Evrope, te da proslava na \u017dabljaku pokazuje da dijelimo zajedni\u010dku viziju da Crna Gora ubrzo postane dio porodice Evropske unije.<\/p>\n<p>\u201eOve godine posebno, radujemo se i ponosni smo da ljudi Crne Gore \u0161alju jasan i sna\u017ean signal, kroz proslave u devet op\u0161tina, da se \u010ditava zemlja, od sjevera do juga, od istoka do zapada, pridru\u017euje evropskim vrijednostima i jasno iskazuje pripadnost Crne Gore evropskoj porodici\u201c, kazao je Fusko.<\/p>\n<p><img loading=\"lazy\" decoding=\"async\" class=\"aligncenter size-full wp-image-29895\" src=\"https:\/\/evropskakuca.me\/wp-content\/uploads\/2024\/05\/Zabljak-6-768x511-1.jpg\" alt=\"\" width=\"768\" height=\"511\" \/><\/p>\n<p>On je zahvalio Ministarstvu evropskih poslova i Op\u0161tini Zabljak \u0161to su organizovali ove sve\u010danosti koje su apsolutno u evropskom duhu.<\/p>\n<p>\u201eVo\u017enjom bicikla simbolizujemo zelenu tranziciju i odr\u017eivi saobra\u0107aj. Karnevalom i pjesmama slavimo na\u0161e razli\u010ditosti. Jelima predstavljamo kulinarsko bogastvo Evrope. Izlo\u017ebom ru\u010dnih radova podr\u017eavamo lokalne zanatlije. Danas je \u017dabljak najbolja slika Evrope!\u201c, poru\u010dio je Fusko.<\/p>\n<p>U okviru obilje\u017eavanja Dana Evrope, na \u017dabljaku je organizovana biciklisti\u010dka tura \u201eIdemo u EU\u201c od Crnog jezera do Trga durmitorskih ratnika, kao promocija \u00a0ekolo\u0161ki prihvatljivijeg na\u010din prevoza.<\/p>\n<p>Tako\u0111e, na gradskom trgu su organzovani \u201eEU karneval\u201c\u00a0 u kojem su u\u010destvovala\u00a0 djeca u kostimima velikih evropskih umjetnika i istorijskih li\u010dnosti; zajedni\u010dko izvo\u0111enje himne EU i himne Crne Gore, te muzi\u010dke izvedbe popularnih Eurosong hitova pod nazovom \u201eDjeca pjevaju EU\u201c, izlo\u017eba projekata finansiranih od EU, i prezentacija tradicionalnih jela iz zemalja \u010dlanica EU pripremljenih od strane u\u010denika \u201eEU za nas\u201c, kao i izlo\u017eba tradicionalnih ru\u010dnih radova sa radionicom pletenja \u2013 Demonstracija vje\u0161tina i umije\u0107a pletenja suvenira.<\/p>\n","protected":false},"excerpt":{"rendered":"<p>Evropski \u0111ir na \u017dabljaku potvrdio je da ovaj kraj njeguje evropske vrijednosti, ali i ukazao na va\u017enost da Evropa mora da do\u0111e do svakog grada u Crnoj Gori, poruka je sa manifestacije obilje\u017eavanja Dana Evrope u \u017dabljaku. \u201eDosada\u0161nja saradnja sa Evropskom unijom donijela je brojne benefite poljoprivrednim proizvo\u0111a\u010dima i gra\u0111anima Crne Gore. Kroz fondove EU, [&hellip;]<\/p>\n","protected":false},"author":1,"featured_media":42373,"comment_status":"closed","ping_status":"closed","sticky":false,"template":"","format":"standard","meta":{"_acf_changed":false,"footnotes":""},"categories":[2],"tags":[],"class_list":["post-29886","post","type-post","status-publish","format-standard","has-post-thumbnail","hentry","category-uncategorized-me"],"acf":[],"yoast_head":"<!-- This site is optimized with the Yoast SEO plugin v27.3 - https:\/\/yoast.com\/product\/yoast-seo-wordpress\/ -->\n<title>Evropski \u0111ir je posjetion \u017dabljak - Europe House<\/title>\n<meta name=\"robots\" content=\"index, follow, max-snippet:-1, max-image-preview:large, max-video-preview:-1\" \/>\n<link rel=\"canonical\" href=\"https:\/\/www.evropskakuca.me\/me\/evropski-dir-na-zabljaku-crna-gora-njeguje-evropske-vrijednosti\/\" \/>\n<meta property=\"og:locale\" content=\"en_US\" \/>\n<meta property=\"og:type\" content=\"article\" \/>\n<meta property=\"og:title\" content=\"Evropski \u0111ir je posjetion \u017dabljak - Europe House\" \/>\n<meta property=\"og:description\" content=\"Evropski \u0111ir na \u017dabljaku potvrdio je da ovaj kraj njeguje evropske vrijednosti, ali i ukazao na va\u017enost da Evropa mora da do\u0111e do svakog grada u Crnoj Gori, poruka je sa manifestacije obilje\u017eavanja Dana Evrope u \u017dabljaku. \u201eDosada\u0161nja saradnja sa Evropskom unijom donijela je brojne benefite poljoprivrednim proizvo\u0111a\u010dima i gra\u0111anima Crne Gore. Kroz fondove EU, [&hellip;]\" \/>\n<meta property=\"og:url\" content=\"https:\/\/www.evropskakuca.me\/me\/evropski-dir-na-zabljaku-crna-gora-njeguje-evropske-vrijednosti\/\" \/>\n<meta property=\"og:site_name\" content=\"Europe House\" \/>\n<meta property=\"article:publisher\" content=\"https:\/\/www.facebook.com\/evropska.kuca\" \/>\n<meta property=\"article:published_time\" content=\"2024-05-16T09:30:07+00:00\" \/>\n<meta property=\"article:modified_time\" content=\"2025-02-10T09:47:30+00:00\" \/>\n<meta property=\"og:image\" content=\"https:\/\/www.evropskakuca.me\/wp-content\/uploads\/2024\/05\/Zabljak-4-768x511-1-1.jpg\" \/>\n\t<meta property=\"og:image:width\" content=\"768\" \/>\n\t<meta property=\"og:image:height\" content=\"511\" \/>\n\t<meta property=\"og:image:type\" content=\"image\/jpeg\" \/>\n<meta name=\"author\" content=\"mkajic\" \/>\n<meta name=\"twitter:card\" content=\"summary_large_image\" \/>\n<meta name=\"twitter:creator\" content=\"@evropska_kuca\" \/>\n<meta name=\"twitter:site\" content=\"@evropska_kuca\" \/>\n<meta name=\"twitter:label1\" content=\"Written by\" \/>\n\t<meta name=\"twitter:data1\" content=\"mkajic\" \/>\n\t<meta name=\"twitter:label2\" content=\"Est. reading time\" \/>\n\t<meta name=\"twitter:data2\" content=\"5 minutes\" \/>\n<script type=\"application\/ld+json\" class=\"yoast-schema-graph\">{\"@context\":\"https:\\\/\\\/schema.org\",\"@graph\":[{\"@type\":\"Article\",\"@id\":\"https:\\\/\\\/www.evropskakuca.me\\\/me\\\/evropski-dir-na-zabljaku-crna-gora-njeguje-evropske-vrijednosti\\\/#article\",\"isPartOf\":{\"@id\":\"https:\\\/\\\/www.evropskakuca.me\\\/me\\\/evropski-dir-na-zabljaku-crna-gora-njeguje-evropske-vrijednosti\\\/\"},\"author\":{\"name\":\"mkajic\",\"@id\":\"https:\\\/\\\/www.evropskakuca.me\\\/me\\\/#\\\/schema\\\/person\\\/a1d0dcdaefe4a1cd1d60d200ea137ba4\"},\"headline\":\"Evropski \u0111ir je posjetion \u017dabljak\",\"datePublished\":\"2024-05-16T09:30:07+00:00\",\"dateModified\":\"2025-02-10T09:47:30+00:00\",\"mainEntityOfPage\":{\"@id\":\"https:\\\/\\\/www.evropskakuca.me\\\/me\\\/evropski-dir-na-zabljaku-crna-gora-njeguje-evropske-vrijednosti\\\/\"},\"wordCount\":911,\"publisher\":{\"@id\":\"https:\\\/\\\/www.evropskakuca.me\\\/me\\\/#organization\"},\"image\":{\"@id\":\"https:\\\/\\\/www.evropskakuca.me\\\/me\\\/evropski-dir-na-zabljaku-crna-gora-njeguje-evropske-vrijednosti\\\/#primaryimage\"},\"thumbnailUrl\":\"https:\\\/\\\/www.evropskakuca.me\\\/wp-content\\\/uploads\\\/2024\\\/05\\\/Zabljak-4-768x511-1-1.jpg\",\"articleSection\":[\"Uncategorized @me\"],\"inLanguage\":\"me-ME\"},{\"@type\":\"WebPage\",\"@id\":\"https:\\\/\\\/www.evropskakuca.me\\\/me\\\/evropski-dir-na-zabljaku-crna-gora-njeguje-evropske-vrijednosti\\\/\",\"url\":\"https:\\\/\\\/www.evropskakuca.me\\\/me\\\/evropski-dir-na-zabljaku-crna-gora-njeguje-evropske-vrijednosti\\\/\",\"name\":\"Evropski \u0111ir je posjetion \u017dabljak - Europe House\",\"isPartOf\":{\"@id\":\"https:\\\/\\\/www.evropskakuca.me\\\/me\\\/#website\"},\"primaryImageOfPage\":{\"@id\":\"https:\\\/\\\/www.evropskakuca.me\\\/me\\\/evropski-dir-na-zabljaku-crna-gora-njeguje-evropske-vrijednosti\\\/#primaryimage\"},\"image\":{\"@id\":\"https:\\\/\\\/www.evropskakuca.me\\\/me\\\/evropski-dir-na-zabljaku-crna-gora-njeguje-evropske-vrijednosti\\\/#primaryimage\"},\"thumbnailUrl\":\"https:\\\/\\\/www.evropskakuca.me\\\/wp-content\\\/uploads\\\/2024\\\/05\\\/Zabljak-4-768x511-1-1.jpg\",\"datePublished\":\"2024-05-16T09:30:07+00:00\",\"dateModified\":\"2025-02-10T09:47:30+00:00\",\"breadcrumb\":{\"@id\":\"https:\\\/\\\/www.evropskakuca.me\\\/me\\\/evropski-dir-na-zabljaku-crna-gora-njeguje-evropske-vrijednosti\\\/#breadcrumb\"},\"inLanguage\":\"me-ME\",\"potentialAction\":[{\"@type\":\"ReadAction\",\"target\":[\"https:\\\/\\\/www.evropskakuca.me\\\/me\\\/evropski-dir-na-zabljaku-crna-gora-njeguje-evropske-vrijednosti\\\/\"]}]},{\"@type\":\"ImageObject\",\"inLanguage\":\"me-ME\",\"@id\":\"https:\\\/\\\/www.evropskakuca.me\\\/me\\\/evropski-dir-na-zabljaku-crna-gora-njeguje-evropske-vrijednosti\\\/#primaryimage\",\"url\":\"https:\\\/\\\/www.evropskakuca.me\\\/wp-content\\\/uploads\\\/2024\\\/05\\\/Zabljak-4-768x511-1-1.jpg\",\"contentUrl\":\"https:\\\/\\\/www.evropskakuca.me\\\/wp-content\\\/uploads\\\/2024\\\/05\\\/Zabljak-4-768x511-1-1.jpg\",\"width\":768,\"height\":511},{\"@type\":\"BreadcrumbList\",\"@id\":\"https:\\\/\\\/www.evropskakuca.me\\\/me\\\/evropski-dir-na-zabljaku-crna-gora-njeguje-evropske-vrijednosti\\\/#breadcrumb\",\"itemListElement\":[{\"@type\":\"ListItem\",\"position\":1,\"name\":\"Home\",\"item\":\"https:\\\/\\\/www.evropskakuca.me\\\/me\\\/\"},{\"@type\":\"ListItem\",\"position\":2,\"name\":\"Evropski \u0111ir je posjetion \u017dabljak\"}]},{\"@type\":\"WebSite\",\"@id\":\"https:\\\/\\\/www.evropskakuca.me\\\/me\\\/#website\",\"url\":\"https:\\\/\\\/www.evropskakuca.me\\\/me\\\/\",\"name\":\"Evropean house\",\"description\":\"\",\"publisher\":{\"@id\":\"https:\\\/\\\/www.evropskakuca.me\\\/me\\\/#organization\"},\"potentialAction\":[{\"@type\":\"SearchAction\",\"target\":{\"@type\":\"EntryPoint\",\"urlTemplate\":\"https:\\\/\\\/www.evropskakuca.me\\\/me\\\/?s={search_term_string}\"},\"query-input\":{\"@type\":\"PropertyValueSpecification\",\"valueRequired\":true,\"valueName\":\"search_term_string\"}}],\"inLanguage\":\"me-ME\"},{\"@type\":\"Organization\",\"@id\":\"https:\\\/\\\/www.evropskakuca.me\\\/me\\\/#organization\",\"name\":\"Evropean house\",\"url\":\"https:\\\/\\\/www.evropskakuca.me\\\/me\\\/\",\"logo\":{\"@type\":\"ImageObject\",\"inLanguage\":\"me-ME\",\"@id\":\"https:\\\/\\\/www.evropskakuca.me\\\/me\\\/#\\\/schema\\\/logo\\\/image\\\/\",\"url\":\"https:\\\/\\\/www.evropskakuca.me\\\/wp-content\\\/uploads\\\/2025\\\/01\\\/evropska-kuca-logo-1.png\",\"contentUrl\":\"https:\\\/\\\/www.evropskakuca.me\\\/wp-content\\\/uploads\\\/2025\\\/01\\\/evropska-kuca-logo-1.png\",\"width\":425,\"height\":312,\"caption\":\"Evropean house\"},\"image\":{\"@id\":\"https:\\\/\\\/www.evropskakuca.me\\\/me\\\/#\\\/schema\\\/logo\\\/image\\\/\"},\"sameAs\":[\"https:\\\/\\\/www.facebook.com\\\/evropska.kuca\",\"https:\\\/\\\/x.com\\\/evropska_kuca\",\"https:\\\/\\\/www.instagram.com\\\/evropska_kuca\"]},{\"@type\":\"Person\",\"@id\":\"https:\\\/\\\/www.evropskakuca.me\\\/me\\\/#\\\/schema\\\/person\\\/a1d0dcdaefe4a1cd1d60d200ea137ba4\",\"name\":\"mkajic\",\"image\":{\"@type\":\"ImageObject\",\"inLanguage\":\"me-ME\",\"@id\":\"https:\\\/\\\/secure.gravatar.com\\\/avatar\\\/731fa035cefab7316e6bafd1f25a93fb731a07de14e2d9923f8db4422628eabc?s=96&d=mm&r=g\",\"url\":\"https:\\\/\\\/secure.gravatar.com\\\/avatar\\\/731fa035cefab7316e6bafd1f25a93fb731a07de14e2d9923f8db4422628eabc?s=96&d=mm&r=g\",\"contentUrl\":\"https:\\\/\\\/secure.gravatar.com\\\/avatar\\\/731fa035cefab7316e6bafd1f25a93fb731a07de14e2d9923f8db4422628eabc?s=96&d=mm&r=g\",\"caption\":\"mkajic\"},\"sameAs\":[\"https:\\\/\\\/evropskakuca.me\"],\"url\":\"https:\\\/\\\/www.evropskakuca.me\\\/me\\\/author\\\/mkajic\\\/\"}]}<\/script>\n<!-- \/ Yoast SEO plugin. -->","yoast_head_json":{"title":"Evropski \u0111ir je posjetion \u017dabljak - Europe House","robots":{"index":"index","follow":"follow","max-snippet":"max-snippet:-1","max-image-preview":"max-image-preview:large","max-video-preview":"max-video-preview:-1"},"canonical":"https:\/\/www.evropskakuca.me\/me\/evropski-dir-na-zabljaku-crna-gora-njeguje-evropske-vrijednosti\/","og_locale":"en_US","og_type":"article","og_title":"Evropski \u0111ir je posjetion \u017dabljak - Europe House","og_description":"Evropski \u0111ir na \u017dabljaku potvrdio je da ovaj kraj njeguje evropske vrijednosti, ali i ukazao na va\u017enost da Evropa mora da do\u0111e do svakog grada u Crnoj Gori, poruka je sa manifestacije obilje\u017eavanja Dana Evrope u \u017dabljaku. \u201eDosada\u0161nja saradnja sa Evropskom unijom donijela je brojne benefite poljoprivrednim proizvo\u0111a\u010dima i gra\u0111anima Crne Gore. Kroz fondove EU, [&hellip;]","og_url":"https:\/\/www.evropskakuca.me\/me\/evropski-dir-na-zabljaku-crna-gora-njeguje-evropske-vrijednosti\/","og_site_name":"Europe House","article_publisher":"https:\/\/www.facebook.com\/evropska.kuca","article_published_time":"2024-05-16T09:30:07+00:00","article_modified_time":"2025-02-10T09:47:30+00:00","og_image":[{"width":768,"height":511,"url":"https:\/\/www.evropskakuca.me\/wp-content\/uploads\/2024\/05\/Zabljak-4-768x511-1-1.jpg","type":"image\/jpeg"}],"author":"mkajic","twitter_card":"summary_large_image","twitter_creator":"@evropska_kuca","twitter_site":"@evropska_kuca","twitter_misc":{"Written by":"mkajic","Est. reading time":"5 minutes"},"schema":{"@context":"https:\/\/schema.org","@graph":[{"@type":"Article","@id":"https:\/\/www.evropskakuca.me\/me\/evropski-dir-na-zabljaku-crna-gora-njeguje-evropske-vrijednosti\/#article","isPartOf":{"@id":"https:\/\/www.evropskakuca.me\/me\/evropski-dir-na-zabljaku-crna-gora-njeguje-evropske-vrijednosti\/"},"author":{"name":"mkajic","@id":"https:\/\/www.evropskakuca.me\/me\/#\/schema\/person\/a1d0dcdaefe4a1cd1d60d200ea137ba4"},"headline":"Evropski \u0111ir je posjetion \u017dabljak","datePublished":"2024-05-16T09:30:07+00:00","dateModified":"2025-02-10T09:47:30+00:00","mainEntityOfPage":{"@id":"https:\/\/www.evropskakuca.me\/me\/evropski-dir-na-zabljaku-crna-gora-njeguje-evropske-vrijednosti\/"},"wordCount":911,"publisher":{"@id":"https:\/\/www.evropskakuca.me\/me\/#organization"},"image":{"@id":"https:\/\/www.evropskakuca.me\/me\/evropski-dir-na-zabljaku-crna-gora-njeguje-evropske-vrijednosti\/#primaryimage"},"thumbnailUrl":"https:\/\/www.evropskakuca.me\/wp-content\/uploads\/2024\/05\/Zabljak-4-768x511-1-1.jpg","articleSection":["Uncategorized @me"],"inLanguage":"me-ME"},{"@type":"WebPage","@id":"https:\/\/www.evropskakuca.me\/me\/evropski-dir-na-zabljaku-crna-gora-njeguje-evropske-vrijednosti\/","url":"https:\/\/www.evropskakuca.me\/me\/evropski-dir-na-zabljaku-crna-gora-njeguje-evropske-vrijednosti\/","name":"Evropski \u0111ir je posjetion \u017dabljak - Europe House","isPartOf":{"@id":"https:\/\/www.evropskakuca.me\/me\/#website"},"primaryImageOfPage":{"@id":"https:\/\/www.evropskakuca.me\/me\/evropski-dir-na-zabljaku-crna-gora-njeguje-evropske-vrijednosti\/#primaryimage"},"image":{"@id":"https:\/\/www.evropskakuca.me\/me\/evropski-dir-na-zabljaku-crna-gora-njeguje-evropske-vrijednosti\/#primaryimage"},"thumbnailUrl":"https:\/\/www.evropskakuca.me\/wp-content\/uploads\/2024\/05\/Zabljak-4-768x511-1-1.jpg","datePublished":"2024-05-16T09:30:07+00:00","dateModified":"2025-02-10T09:47:30+00:00","breadcrumb":{"@id":"https:\/\/www.evropskakuca.me\/me\/evropski-dir-na-zabljaku-crna-gora-njeguje-evropske-vrijednosti\/#breadcrumb"},"inLanguage":"me-ME","potentialAction":[{"@type":"ReadAction","target":["https:\/\/www.evropskakuca.me\/me\/evropski-dir-na-zabljaku-crna-gora-njeguje-evropske-vrijednosti\/"]}]},{"@type":"ImageObject","inLanguage":"me-ME","@id":"https:\/\/www.evropskakuca.me\/me\/evropski-dir-na-zabljaku-crna-gora-njeguje-evropske-vrijednosti\/#primaryimage","url":"https:\/\/www.evropskakuca.me\/wp-content\/uploads\/2024\/05\/Zabljak-4-768x511-1-1.jpg","contentUrl":"https:\/\/www.evropskakuca.me\/wp-content\/uploads\/2024\/05\/Zabljak-4-768x511-1-1.jpg","width":768,"height":511},{"@type":"BreadcrumbList","@id":"https:\/\/www.evropskakuca.me\/me\/evropski-dir-na-zabljaku-crna-gora-njeguje-evropske-vrijednosti\/#breadcrumb","itemListElement":[{"@type":"ListItem","position":1,"name":"Home","item":"https:\/\/www.evropskakuca.me\/me\/"},{"@type":"ListItem","position":2,"name":"Evropski \u0111ir je posjetion \u017dabljak"}]},{"@type":"WebSite","@id":"https:\/\/www.evropskakuca.me\/me\/#website","url":"https:\/\/www.evropskakuca.me\/me\/","name":"Evropean house","description":"","publisher":{"@id":"https:\/\/www.evropskakuca.me\/me\/#organization"},"potentialAction":[{"@type":"SearchAction","target":{"@type":"EntryPoint","urlTemplate":"https:\/\/www.evropskakuca.me\/me\/?s={search_term_string}"},"query-input":{"@type":"PropertyValueSpecification","valueRequired":true,"valueName":"search_term_string"}}],"inLanguage":"me-ME"},{"@type":"Organization","@id":"https:\/\/www.evropskakuca.me\/me\/#organization","name":"Evropean house","url":"https:\/\/www.evropskakuca.me\/me\/","logo":{"@type":"ImageObject","inLanguage":"me-ME","@id":"https:\/\/www.evropskakuca.me\/me\/#\/schema\/logo\/image\/","url":"https:\/\/www.evropskakuca.me\/wp-content\/uploads\/2025\/01\/evropska-kuca-logo-1.png","contentUrl":"https:\/\/www.evropskakuca.me\/wp-content\/uploads\/2025\/01\/evropska-kuca-logo-1.png","width":425,"height":312,"caption":"Evropean house"},"image":{"@id":"https:\/\/www.evropskakuca.me\/me\/#\/schema\/logo\/image\/"},"sameAs":["https:\/\/www.facebook.com\/evropska.kuca","https:\/\/x.com\/evropska_kuca","https:\/\/www.instagram.com\/evropska_kuca"]},{"@type":"Person","@id":"https:\/\/www.evropskakuca.me\/me\/#\/schema\/person\/a1d0dcdaefe4a1cd1d60d200ea137ba4","name":"mkajic","image":{"@type":"ImageObject","inLanguage":"me-ME","@id":"https:\/\/secure.gravatar.com\/avatar\/731fa035cefab7316e6bafd1f25a93fb731a07de14e2d9923f8db4422628eabc?s=96&d=mm&r=g","url":"https:\/\/secure.gravatar.com\/avatar\/731fa035cefab7316e6bafd1f25a93fb731a07de14e2d9923f8db4422628eabc?s=96&d=mm&r=g","contentUrl":"https:\/\/secure.gravatar.com\/avatar\/731fa035cefab7316e6bafd1f25a93fb731a07de14e2d9923f8db4422628eabc?s=96&d=mm&r=g","caption":"mkajic"},"sameAs":["https:\/\/evropskakuca.me"],"url":"https:\/\/www.evropskakuca.me\/me\/author\/mkajic\/"}]}},"_links":{"self":[{"href":"https:\/\/www.evropskakuca.me\/me\/wp-json\/wp\/v2\/posts\/29886","targetHints":{"allow":["GET"]}}],"collection":[{"href":"https:\/\/www.evropskakuca.me\/me\/wp-json\/wp\/v2\/posts"}],"about":[{"href":"https:\/\/www.evropskakuca.me\/me\/wp-json\/wp\/v2\/types\/post"}],"author":[{"embeddable":true,"href":"https:\/\/www.evropskakuca.me\/me\/wp-json\/wp\/v2\/users\/1"}],"replies":[{"embeddable":true,"href":"https:\/\/www.evropskakuca.me\/me\/wp-json\/wp\/v2\/comments?post=29886"}],"version-history":[{"count":2,"href":"https:\/\/www.evropskakuca.me\/me\/wp-json\/wp\/v2\/posts\/29886\/revisions"}],"predecessor-version":[{"id":42919,"href":"https:\/\/www.evropskakuca.me\/me\/wp-json\/wp\/v2\/posts\/29886\/revisions\/42919"}],"wp:featuredmedia":[{"embeddable":true,"href":"https:\/\/www.evropskakuca.me\/me\/wp-json\/wp\/v2\/media\/42373"}],"wp:attachment":[{"href":"https:\/\/www.evropskakuca.me\/me\/wp-json\/wp\/v2\/media?parent=29886"}],"wp:term":[{"taxonomy":"category","embeddable":true,"href":"https:\/\/www.evropskakuca.me\/me\/wp-json\/wp\/v2\/categories?post=29886"},{"taxonomy":"post_tag","embeddable":true,"href":"https:\/\/www.evropskakuca.me\/me\/wp-json\/wp\/v2\/tags?post=29886"}],"curies":[{"name":"wp","href":"https:\/\/api.w.org\/{rel}","templated":true}]}}