{"id":29839,"date":"2024-05-14T11:05:01","date_gmt":"2024-05-14T11:05:01","guid":{"rendered":"https:\/\/evropskakuca.me\/?p=29839"},"modified":"2025-01-20T13:01:43","modified_gmt":"2025-01-20T13:01:43","slug":"u-baru-i-niksicu-obiljezen-dan-evrope","status":"publish","type":"post","link":"https:\/\/www.evropskakuca.me\/me\/u-baru-i-niksicu-obiljezen-dan-evrope\/","title":{"rendered":"Dan Evrope obilje\u017een u Baru i Nik\u0161i\u0107u"},"content":{"rendered":"<p>Crna Gora odlu\u010dno kora\u010da ka Evropskoj uniji, dijele\u0107i sa njom temeljne vrijednosti mira, saradnje i solidarnosti, a istovremeno doprinose\u0107i svojom jedinstvenom kulturnom raznoliko\u0161\u0107u. Ova posve\u0107enost integraciji bila je jasno vidljiva, kroz niz kulturnih i edukativnih aktivnosti u Baru i Nik\u0161i\u0107u, koje su privukle vi\u0161e stotina gra\u0111ana, uklju\u010duju\u0107i i veliki broj djece. Doga\u0111aji, organizovani u okviru \u201cEvropskog \u0111ira\u201d, simbolizovali su zajedni\u010dki put ka boljoj budu\u0107nosti u evropskoj porodici.<\/p>\n<p>U Baru je, tim povodom organizovana planinarska turu sa edukacionom lekcijom \u201eHajde da pri\u010damo o Evropi\u201c, obilazak spomenika na Tu\u0111emilima, kao i radionica za djecu i kviz \u201eSimboli Evrope\u201c.<\/p>\n<p><img fetchpriority=\"high\" decoding=\"async\" class=\"aligncenter size-full wp-image-29840\" src=\"https:\/\/evropskakuca.me\/wp-content\/uploads\/2024\/05\/Bar-1-768x512-1.jpg\" alt=\"\" width=\"768\" height=\"512\" \/><\/p>\n<p>Tim povodom, v.d. direktora Direktorata za Evropsku teritorijalnu saradnju u Ministarstvu evropskih poslova\u00a0<strong>Milo\u0161 Markovi\u0107<\/strong>\u00a0je kazao da slave\u0107i Dan Evrope, odajemo po\u010dast ideji zajedni\u0161tva, saradnje i mira koja je oblikovala na\u0161 kontinent.<\/p>\n<p>\u201eKroz izazove i trijumfe, Evropa je izgradila mostove preko razli\u010ditosti, grade\u0107i put ka boljoj budu\u0107nosti. Neka ovaj dan bude podsjetnik na na\u0161e zajedni\u010dke vrijednosti i obavezu da ih njegujemo svakog dana. Ujedinjeni, mo\u017eemo prevazi\u0107i bilo koji izazov i ostvariti na\u0161e zajedni\u010dke ciljeve\u201c, kazao je Markovi\u0107.<\/p>\n<p>On je izrazio zadovoljstvo \u0161to su proslavi prisustvovali osnovci iz Bara koji su u\u010de\u0161\u0107em u kreativnim radionicama pokazali impresivno znanje o Evropskoj uniji i, kako je kazao, uvjerili nas da Crna Gora ima mladost na koju mo\u017ee da ra\u010duna.<\/p>\n<p><img decoding=\"async\" class=\"aligncenter size-full wp-image-29842\" src=\"https:\/\/evropskakuca.me\/wp-content\/uploads\/2024\/05\/Niksic-2-786x500-1.jpg\" alt=\"\" width=\"786\" height=\"500\" \/><\/p>\n<p>\u0160efica odeljenja za ugovore, finansije i reviziju u Delegaciji Evropske unije\u00a0<strong>Agata Stasiak<\/strong> je kazala da je 9 maj dan kada slavimo principe mira, jedinstva i solidarnosti u Evropi koji defini\u0161u Evropsku uniju.<\/p>\n<p>\u201eBar je jedinstven i raznolik grad, koji spaja razli\u010dite kulture i okuplja zajednice, ba\u0161 kao i EU\u201c, kazala je Stasiak.<\/p>\n<p>Ona je poru\u010dila da \u00a0op\u0161tine \u0161irom zemlje moraju da postanu jo\u0161 aktivnije i uklju\u010denije u proces evropske integracije, kako se Crna Gora pribli\u017eava \u010dlanstvu u EU.<\/p>\n<p>\u201eDana\u0161nje proslave u Baru dokaz su zajedni\u010dke posvec\u0301enosti i Vlade i lokalnih vlasti, koju podr\u017eava EU. Zajedno dijelimo viziju da Crna Gora u bliskoj buduc\u0301nosti postane dio porodice EU\u201c, poru\u010dila je Stasiak.<\/p>\n<p><img decoding=\"async\" class=\"aligncenter size-full wp-image-29844\" src=\"https:\/\/evropskakuca.me\/wp-content\/uploads\/2024\/05\/Niksic-3-768x506-1.jpg\" alt=\"\" width=\"768\" height=\"506\" \/><\/p>\n<p>U Nik\u0161i\u0107u je Dan Evrope obilje\u017een konferencijom\u00a0<em>\u00a0\u201eInicijativa Nik\u0161i\u0107 Evropska prestonica kulture 2030 \u2013 benefiti za zajednicu i mlade<\/em>\u201c, izlo\u017ebom radova polaznika \u0161kole slikanja \u201eTibor\u201c i \u201eUmjetni\u010dki centar\u201c na platou Doma revolucije i sadnjom drveta pored zgrade Op\u0161tine, \u010dime se poslala poruka o zna\u010daju \u0161uma i drve\u0107a za zeleniju i ljep\u0161u Evropu.<\/p>\n<p>Na konferenciji, koja je odr\u017eana u Tehnopolisu, predsjednik Op\u0161tine Marko Kova\u010devi\u0107 je ukazao na va\u017enost 9. maja.<\/p>\n<p>\u201eMi se kao lokalna samouprava u Nik\u0161i\u0107u trudimo da se pona\u0161amo, u onim oblastima u kojima to mo\u017eemo, kao da je Crna Gora ve\u0107 \u010dlanica EU. Mislim da smo zaista u nekom prethodnom periodu, kroz niz projekata koje smo implementirali, uspjeli da tu poruku po\u0161aljemo i pomognemo kao lokalna samouprava na\u0161oj dr\u017eavi na putu ka EU. Nadam se da \u0107emo vrlo brzo ovaj dan obilje\u017eavati i kao \u010dlanica EU, ne zaboravljaju\u0107i, naravno, sve one \u017ertve koje su podnijeli na\u0161i preci u borbi protiv nacizma i fa\u0161izma, koja se zavr\u0161ila 9. maja 1945. godine\u201c, poru\u010dio je Kova\u010devi\u0107.<\/p>\n<p>V.d. generalnog direktora za koordinaciju finansijske podr\u0161ke EU u Ministarstvu evropskih poslova\u00a0<strong>Bojan Vujovi\u0107<\/strong>\u00a0 je kazao da proces pristupanja EU ne treba da nas dovede samo do formalnog \u010dlanstva nego i do toga da postepeno usvojimo evropske vrijednosti.<\/p>\n<p>\u201eSvakodnevno, kroz sav na\u0161 posao, i u Ministarstvu evropskih poslova i u Vladi, isto kao i na lokalnom nivou, ne radimo samo na kreiranju novih zakona i usvajanju evropskih propisa ve\u0107 i na usvajanju evropskih vrijednosti u svim oblastima, da bismo postali jedno bolje, pravednije i vi\u0161e evropsko dru\u0161tvo\u201c, zaklju\u010dio je Vujovi\u0107.<\/p>\n<p>Predstavnica Delegacije EU u Crnoj Gori\u00a0<strong>Liselot Isakson<\/strong>\u00a0pohvalila je Op\u0161tinu Nik\u0161i\u0107 i njenu kulturnu scenu za kandidaturu za Evropsku prestonicu kulture, dodaju\u0107i da ta inicijativa predstavlja odli\u010dnu priliku za podsticanje kreativnosti, dijaloga i kulturne razmjene, kao i za podsticanje turizma, investicija i ekonomskog rasta u gradu.<\/p>\n<p>\u201ePosebno sam impresionirana time \u0161to su u tome anga\u017eovani mladi i osobe sa invaliditetom. Ulaganje u kulturni razvoj i obrazovanje mladih ljudi ne samo da pro\u0161iruje njihove vidike ve\u0107 \u0107e im, nadamo se, pru\u017eiti priliku da u\u0111u u kreativne industrije, koje zauzvrat mogu stvoriti nova radna mjesta. To je sektor koji zaslu\u017euje da mu se u Crnoj Gori posveti mnogo vi\u0161e pa\u017enje\u201c, ocijenila je Isakson i dodala da je proslava u Nik\u0161i\u0107u dokaz zajedni\u010dke posve\u0107enosti procesu evropskih integracija kako Vlade, tako i lokalnih vlasti.<\/p>\n<p>Kako bi proslavile Dan Evrope, aktivnosti u okviru Evropskog \u0111ira organizovale su op\u0161tine Bar i Nik\u0161i\u0107 i Ministarstvo evropskih poslova uz podrsku Delegacije EU, a u sklopu EU4ME programa. Evropski \u0111ir nastavlja svoje \u201cputovanje\u201d kroz Crnu Goru pa \u0107e sjutra biti biciklisti\u010dka trka u Nik\u0161i\u0107u, a naredne nedjelje brojne aktivnosti \u0107e biti organizovane u Mojkovcu, Beranama, \u017dabljaku, Petnjici i u Pljevljima.<\/p>\n","protected":false},"excerpt":{"rendered":"<p>Crna Gora odlu\u010dno kora\u010da ka Evropskoj uniji, dijele\u0107i sa njom temeljne vrijednosti mira, saradnje i solidarnosti, a istovremeno doprinose\u0107i svojom jedinstvenom kulturnom raznoliko\u0161\u0107u. Ova posve\u0107enost integraciji bila je jasno vidljiva, kroz niz kulturnih i edukativnih aktivnosti u Baru i Nik\u0161i\u0107u, koje su privukle vi\u0161e stotina gra\u0111ana, uklju\u010duju\u0107i i veliki broj djece. Doga\u0111aji, organizovani u okviru [&hellip;]<\/p>\n","protected":false},"author":1,"featured_media":42378,"comment_status":"closed","ping_status":"closed","sticky":false,"template":"","format":"standard","meta":{"_acf_changed":false,"footnotes":""},"categories":[2],"tags":[],"class_list":["post-29839","post","type-post","status-publish","format-standard","has-post-thumbnail","hentry","category-uncategorized-me"],"acf":[],"yoast_head":"<!-- This site is optimized with the Yoast SEO plugin v27.3 - https:\/\/yoast.com\/product\/yoast-seo-wordpress\/ -->\n<title>Dan Evrope obilje\u017een u Baru i Nik\u0161i\u0107u - Europe House<\/title>\n<meta name=\"robots\" content=\"index, follow, max-snippet:-1, max-image-preview:large, max-video-preview:-1\" \/>\n<link rel=\"canonical\" href=\"https:\/\/www.evropskakuca.me\/me\/u-baru-i-niksicu-obiljezen-dan-evrope\/\" \/>\n<meta property=\"og:locale\" content=\"en_US\" \/>\n<meta property=\"og:type\" content=\"article\" \/>\n<meta property=\"og:title\" content=\"Dan Evrope obilje\u017een u Baru i Nik\u0161i\u0107u - Europe House\" \/>\n<meta property=\"og:description\" content=\"Crna Gora odlu\u010dno kora\u010da ka Evropskoj uniji, dijele\u0107i sa njom temeljne vrijednosti mira, saradnje i solidarnosti, a istovremeno doprinose\u0107i svojom jedinstvenom kulturnom raznoliko\u0161\u0107u. Ova posve\u0107enost integraciji bila je jasno vidljiva, kroz niz kulturnih i edukativnih aktivnosti u Baru i Nik\u0161i\u0107u, koje su privukle vi\u0161e stotina gra\u0111ana, uklju\u010duju\u0107i i veliki broj djece. Doga\u0111aji, organizovani u okviru [&hellip;]\" \/>\n<meta property=\"og:url\" content=\"https:\/\/www.evropskakuca.me\/me\/u-baru-i-niksicu-obiljezen-dan-evrope\/\" \/>\n<meta property=\"og:site_name\" content=\"Europe House\" \/>\n<meta property=\"article:publisher\" content=\"https:\/\/www.facebook.com\/evropska.kuca\" \/>\n<meta property=\"article:published_time\" content=\"2024-05-14T11:05:01+00:00\" \/>\n<meta property=\"article:modified_time\" content=\"2025-01-20T13:01:43+00:00\" \/>\n<meta property=\"og:image\" content=\"https:\/\/www.evropskakuca.me\/wp-content\/uploads\/2024\/05\/Bar-1-768x512-2.jpg\" \/>\n\t<meta property=\"og:image:width\" content=\"768\" \/>\n\t<meta property=\"og:image:height\" content=\"512\" \/>\n\t<meta property=\"og:image:type\" content=\"image\/jpeg\" \/>\n<meta name=\"author\" content=\"mkajic\" \/>\n<meta name=\"twitter:card\" content=\"summary_large_image\" \/>\n<meta name=\"twitter:creator\" content=\"@evropska_kuca\" \/>\n<meta name=\"twitter:site\" content=\"@evropska_kuca\" \/>\n<meta name=\"twitter:label1\" content=\"Written by\" \/>\n\t<meta name=\"twitter:data1\" content=\"mkajic\" \/>\n\t<meta name=\"twitter:label2\" content=\"Est. reading time\" \/>\n\t<meta name=\"twitter:data2\" content=\"5 minutes\" \/>\n<script type=\"application\/ld+json\" class=\"yoast-schema-graph\">{\"@context\":\"https:\\\/\\\/schema.org\",\"@graph\":[{\"@type\":\"Article\",\"@id\":\"https:\\\/\\\/www.evropskakuca.me\\\/me\\\/u-baru-i-niksicu-obiljezen-dan-evrope\\\/#article\",\"isPartOf\":{\"@id\":\"https:\\\/\\\/www.evropskakuca.me\\\/me\\\/u-baru-i-niksicu-obiljezen-dan-evrope\\\/\"},\"author\":{\"name\":\"mkajic\",\"@id\":\"https:\\\/\\\/www.evropskakuca.me\\\/me\\\/#\\\/schema\\\/person\\\/a1d0dcdaefe4a1cd1d60d200ea137ba4\"},\"headline\":\"Dan Evrope obilje\u017een u Baru i Nik\u0161i\u0107u\",\"datePublished\":\"2024-05-14T11:05:01+00:00\",\"dateModified\":\"2025-01-20T13:01:43+00:00\",\"mainEntityOfPage\":{\"@id\":\"https:\\\/\\\/www.evropskakuca.me\\\/me\\\/u-baru-i-niksicu-obiljezen-dan-evrope\\\/\"},\"wordCount\":875,\"publisher\":{\"@id\":\"https:\\\/\\\/www.evropskakuca.me\\\/me\\\/#organization\"},\"image\":{\"@id\":\"https:\\\/\\\/www.evropskakuca.me\\\/me\\\/u-baru-i-niksicu-obiljezen-dan-evrope\\\/#primaryimage\"},\"thumbnailUrl\":\"https:\\\/\\\/www.evropskakuca.me\\\/wp-content\\\/uploads\\\/2024\\\/05\\\/Bar-1-768x512-2.jpg\",\"articleSection\":[\"Uncategorized @me\"],\"inLanguage\":\"me-ME\"},{\"@type\":\"WebPage\",\"@id\":\"https:\\\/\\\/www.evropskakuca.me\\\/me\\\/u-baru-i-niksicu-obiljezen-dan-evrope\\\/\",\"url\":\"https:\\\/\\\/www.evropskakuca.me\\\/me\\\/u-baru-i-niksicu-obiljezen-dan-evrope\\\/\",\"name\":\"Dan Evrope obilje\u017een u Baru i Nik\u0161i\u0107u - Europe House\",\"isPartOf\":{\"@id\":\"https:\\\/\\\/www.evropskakuca.me\\\/me\\\/#website\"},\"primaryImageOfPage\":{\"@id\":\"https:\\\/\\\/www.evropskakuca.me\\\/me\\\/u-baru-i-niksicu-obiljezen-dan-evrope\\\/#primaryimage\"},\"image\":{\"@id\":\"https:\\\/\\\/www.evropskakuca.me\\\/me\\\/u-baru-i-niksicu-obiljezen-dan-evrope\\\/#primaryimage\"},\"thumbnailUrl\":\"https:\\\/\\\/www.evropskakuca.me\\\/wp-content\\\/uploads\\\/2024\\\/05\\\/Bar-1-768x512-2.jpg\",\"datePublished\":\"2024-05-14T11:05:01+00:00\",\"dateModified\":\"2025-01-20T13:01:43+00:00\",\"breadcrumb\":{\"@id\":\"https:\\\/\\\/www.evropskakuca.me\\\/me\\\/u-baru-i-niksicu-obiljezen-dan-evrope\\\/#breadcrumb\"},\"inLanguage\":\"me-ME\",\"potentialAction\":[{\"@type\":\"ReadAction\",\"target\":[\"https:\\\/\\\/www.evropskakuca.me\\\/me\\\/u-baru-i-niksicu-obiljezen-dan-evrope\\\/\"]}]},{\"@type\":\"ImageObject\",\"inLanguage\":\"me-ME\",\"@id\":\"https:\\\/\\\/www.evropskakuca.me\\\/me\\\/u-baru-i-niksicu-obiljezen-dan-evrope\\\/#primaryimage\",\"url\":\"https:\\\/\\\/www.evropskakuca.me\\\/wp-content\\\/uploads\\\/2024\\\/05\\\/Bar-1-768x512-2.jpg\",\"contentUrl\":\"https:\\\/\\\/www.evropskakuca.me\\\/wp-content\\\/uploads\\\/2024\\\/05\\\/Bar-1-768x512-2.jpg\",\"width\":768,\"height\":512},{\"@type\":\"BreadcrumbList\",\"@id\":\"https:\\\/\\\/www.evropskakuca.me\\\/me\\\/u-baru-i-niksicu-obiljezen-dan-evrope\\\/#breadcrumb\",\"itemListElement\":[{\"@type\":\"ListItem\",\"position\":1,\"name\":\"Home\",\"item\":\"https:\\\/\\\/www.evropskakuca.me\\\/me\\\/\"},{\"@type\":\"ListItem\",\"position\":2,\"name\":\"Dan Evrope obilje\u017een u Baru i Nik\u0161i\u0107u\"}]},{\"@type\":\"WebSite\",\"@id\":\"https:\\\/\\\/www.evropskakuca.me\\\/me\\\/#website\",\"url\":\"https:\\\/\\\/www.evropskakuca.me\\\/me\\\/\",\"name\":\"Evropean house\",\"description\":\"\",\"publisher\":{\"@id\":\"https:\\\/\\\/www.evropskakuca.me\\\/me\\\/#organization\"},\"potentialAction\":[{\"@type\":\"SearchAction\",\"target\":{\"@type\":\"EntryPoint\",\"urlTemplate\":\"https:\\\/\\\/www.evropskakuca.me\\\/me\\\/?s={search_term_string}\"},\"query-input\":{\"@type\":\"PropertyValueSpecification\",\"valueRequired\":true,\"valueName\":\"search_term_string\"}}],\"inLanguage\":\"me-ME\"},{\"@type\":\"Organization\",\"@id\":\"https:\\\/\\\/www.evropskakuca.me\\\/me\\\/#organization\",\"name\":\"Evropean house\",\"url\":\"https:\\\/\\\/www.evropskakuca.me\\\/me\\\/\",\"logo\":{\"@type\":\"ImageObject\",\"inLanguage\":\"me-ME\",\"@id\":\"https:\\\/\\\/www.evropskakuca.me\\\/me\\\/#\\\/schema\\\/logo\\\/image\\\/\",\"url\":\"https:\\\/\\\/www.evropskakuca.me\\\/wp-content\\\/uploads\\\/2025\\\/01\\\/evropska-kuca-logo-1.png\",\"contentUrl\":\"https:\\\/\\\/www.evropskakuca.me\\\/wp-content\\\/uploads\\\/2025\\\/01\\\/evropska-kuca-logo-1.png\",\"width\":425,\"height\":312,\"caption\":\"Evropean house\"},\"image\":{\"@id\":\"https:\\\/\\\/www.evropskakuca.me\\\/me\\\/#\\\/schema\\\/logo\\\/image\\\/\"},\"sameAs\":[\"https:\\\/\\\/www.facebook.com\\\/evropska.kuca\",\"https:\\\/\\\/x.com\\\/evropska_kuca\",\"https:\\\/\\\/www.instagram.com\\\/evropska_kuca\"]},{\"@type\":\"Person\",\"@id\":\"https:\\\/\\\/www.evropskakuca.me\\\/me\\\/#\\\/schema\\\/person\\\/a1d0dcdaefe4a1cd1d60d200ea137ba4\",\"name\":\"mkajic\",\"image\":{\"@type\":\"ImageObject\",\"inLanguage\":\"me-ME\",\"@id\":\"https:\\\/\\\/secure.gravatar.com\\\/avatar\\\/731fa035cefab7316e6bafd1f25a93fb731a07de14e2d9923f8db4422628eabc?s=96&d=mm&r=g\",\"url\":\"https:\\\/\\\/secure.gravatar.com\\\/avatar\\\/731fa035cefab7316e6bafd1f25a93fb731a07de14e2d9923f8db4422628eabc?s=96&d=mm&r=g\",\"contentUrl\":\"https:\\\/\\\/secure.gravatar.com\\\/avatar\\\/731fa035cefab7316e6bafd1f25a93fb731a07de14e2d9923f8db4422628eabc?s=96&d=mm&r=g\",\"caption\":\"mkajic\"},\"sameAs\":[\"https:\\\/\\\/evropskakuca.me\"],\"url\":\"https:\\\/\\\/www.evropskakuca.me\\\/me\\\/author\\\/mkajic\\\/\"}]}<\/script>\n<!-- \/ Yoast SEO plugin. -->","yoast_head_json":{"title":"Dan Evrope obilje\u017een u Baru i Nik\u0161i\u0107u - Europe House","robots":{"index":"index","follow":"follow","max-snippet":"max-snippet:-1","max-image-preview":"max-image-preview:large","max-video-preview":"max-video-preview:-1"},"canonical":"https:\/\/www.evropskakuca.me\/me\/u-baru-i-niksicu-obiljezen-dan-evrope\/","og_locale":"en_US","og_type":"article","og_title":"Dan Evrope obilje\u017een u Baru i Nik\u0161i\u0107u - Europe House","og_description":"Crna Gora odlu\u010dno kora\u010da ka Evropskoj uniji, dijele\u0107i sa njom temeljne vrijednosti mira, saradnje i solidarnosti, a istovremeno doprinose\u0107i svojom jedinstvenom kulturnom raznoliko\u0161\u0107u. Ova posve\u0107enost integraciji bila je jasno vidljiva, kroz niz kulturnih i edukativnih aktivnosti u Baru i Nik\u0161i\u0107u, koje su privukle vi\u0161e stotina gra\u0111ana, uklju\u010duju\u0107i i veliki broj djece. Doga\u0111aji, organizovani u okviru [&hellip;]","og_url":"https:\/\/www.evropskakuca.me\/me\/u-baru-i-niksicu-obiljezen-dan-evrope\/","og_site_name":"Europe House","article_publisher":"https:\/\/www.facebook.com\/evropska.kuca","article_published_time":"2024-05-14T11:05:01+00:00","article_modified_time":"2025-01-20T13:01:43+00:00","og_image":[{"width":768,"height":512,"url":"https:\/\/www.evropskakuca.me\/wp-content\/uploads\/2024\/05\/Bar-1-768x512-2.jpg","type":"image\/jpeg"}],"author":"mkajic","twitter_card":"summary_large_image","twitter_creator":"@evropska_kuca","twitter_site":"@evropska_kuca","twitter_misc":{"Written by":"mkajic","Est. reading time":"5 minutes"},"schema":{"@context":"https:\/\/schema.org","@graph":[{"@type":"Article","@id":"https:\/\/www.evropskakuca.me\/me\/u-baru-i-niksicu-obiljezen-dan-evrope\/#article","isPartOf":{"@id":"https:\/\/www.evropskakuca.me\/me\/u-baru-i-niksicu-obiljezen-dan-evrope\/"},"author":{"name":"mkajic","@id":"https:\/\/www.evropskakuca.me\/me\/#\/schema\/person\/a1d0dcdaefe4a1cd1d60d200ea137ba4"},"headline":"Dan Evrope obilje\u017een u Baru i Nik\u0161i\u0107u","datePublished":"2024-05-14T11:05:01+00:00","dateModified":"2025-01-20T13:01:43+00:00","mainEntityOfPage":{"@id":"https:\/\/www.evropskakuca.me\/me\/u-baru-i-niksicu-obiljezen-dan-evrope\/"},"wordCount":875,"publisher":{"@id":"https:\/\/www.evropskakuca.me\/me\/#organization"},"image":{"@id":"https:\/\/www.evropskakuca.me\/me\/u-baru-i-niksicu-obiljezen-dan-evrope\/#primaryimage"},"thumbnailUrl":"https:\/\/www.evropskakuca.me\/wp-content\/uploads\/2024\/05\/Bar-1-768x512-2.jpg","articleSection":["Uncategorized @me"],"inLanguage":"me-ME"},{"@type":"WebPage","@id":"https:\/\/www.evropskakuca.me\/me\/u-baru-i-niksicu-obiljezen-dan-evrope\/","url":"https:\/\/www.evropskakuca.me\/me\/u-baru-i-niksicu-obiljezen-dan-evrope\/","name":"Dan Evrope obilje\u017een u Baru i Nik\u0161i\u0107u - Europe House","isPartOf":{"@id":"https:\/\/www.evropskakuca.me\/me\/#website"},"primaryImageOfPage":{"@id":"https:\/\/www.evropskakuca.me\/me\/u-baru-i-niksicu-obiljezen-dan-evrope\/#primaryimage"},"image":{"@id":"https:\/\/www.evropskakuca.me\/me\/u-baru-i-niksicu-obiljezen-dan-evrope\/#primaryimage"},"thumbnailUrl":"https:\/\/www.evropskakuca.me\/wp-content\/uploads\/2024\/05\/Bar-1-768x512-2.jpg","datePublished":"2024-05-14T11:05:01+00:00","dateModified":"2025-01-20T13:01:43+00:00","breadcrumb":{"@id":"https:\/\/www.evropskakuca.me\/me\/u-baru-i-niksicu-obiljezen-dan-evrope\/#breadcrumb"},"inLanguage":"me-ME","potentialAction":[{"@type":"ReadAction","target":["https:\/\/www.evropskakuca.me\/me\/u-baru-i-niksicu-obiljezen-dan-evrope\/"]}]},{"@type":"ImageObject","inLanguage":"me-ME","@id":"https:\/\/www.evropskakuca.me\/me\/u-baru-i-niksicu-obiljezen-dan-evrope\/#primaryimage","url":"https:\/\/www.evropskakuca.me\/wp-content\/uploads\/2024\/05\/Bar-1-768x512-2.jpg","contentUrl":"https:\/\/www.evropskakuca.me\/wp-content\/uploads\/2024\/05\/Bar-1-768x512-2.jpg","width":768,"height":512},{"@type":"BreadcrumbList","@id":"https:\/\/www.evropskakuca.me\/me\/u-baru-i-niksicu-obiljezen-dan-evrope\/#breadcrumb","itemListElement":[{"@type":"ListItem","position":1,"name":"Home","item":"https:\/\/www.evropskakuca.me\/me\/"},{"@type":"ListItem","position":2,"name":"Dan Evrope obilje\u017een u Baru i Nik\u0161i\u0107u"}]},{"@type":"WebSite","@id":"https:\/\/www.evropskakuca.me\/me\/#website","url":"https:\/\/www.evropskakuca.me\/me\/","name":"Evropean house","description":"","publisher":{"@id":"https:\/\/www.evropskakuca.me\/me\/#organization"},"potentialAction":[{"@type":"SearchAction","target":{"@type":"EntryPoint","urlTemplate":"https:\/\/www.evropskakuca.me\/me\/?s={search_term_string}"},"query-input":{"@type":"PropertyValueSpecification","valueRequired":true,"valueName":"search_term_string"}}],"inLanguage":"me-ME"},{"@type":"Organization","@id":"https:\/\/www.evropskakuca.me\/me\/#organization","name":"Evropean house","url":"https:\/\/www.evropskakuca.me\/me\/","logo":{"@type":"ImageObject","inLanguage":"me-ME","@id":"https:\/\/www.evropskakuca.me\/me\/#\/schema\/logo\/image\/","url":"https:\/\/www.evropskakuca.me\/wp-content\/uploads\/2025\/01\/evropska-kuca-logo-1.png","contentUrl":"https:\/\/www.evropskakuca.me\/wp-content\/uploads\/2025\/01\/evropska-kuca-logo-1.png","width":425,"height":312,"caption":"Evropean house"},"image":{"@id":"https:\/\/www.evropskakuca.me\/me\/#\/schema\/logo\/image\/"},"sameAs":["https:\/\/www.facebook.com\/evropska.kuca","https:\/\/x.com\/evropska_kuca","https:\/\/www.instagram.com\/evropska_kuca"]},{"@type":"Person","@id":"https:\/\/www.evropskakuca.me\/me\/#\/schema\/person\/a1d0dcdaefe4a1cd1d60d200ea137ba4","name":"mkajic","image":{"@type":"ImageObject","inLanguage":"me-ME","@id":"https:\/\/secure.gravatar.com\/avatar\/731fa035cefab7316e6bafd1f25a93fb731a07de14e2d9923f8db4422628eabc?s=96&d=mm&r=g","url":"https:\/\/secure.gravatar.com\/avatar\/731fa035cefab7316e6bafd1f25a93fb731a07de14e2d9923f8db4422628eabc?s=96&d=mm&r=g","contentUrl":"https:\/\/secure.gravatar.com\/avatar\/731fa035cefab7316e6bafd1f25a93fb731a07de14e2d9923f8db4422628eabc?s=96&d=mm&r=g","caption":"mkajic"},"sameAs":["https:\/\/evropskakuca.me"],"url":"https:\/\/www.evropskakuca.me\/me\/author\/mkajic\/"}]}},"_links":{"self":[{"href":"https:\/\/www.evropskakuca.me\/me\/wp-json\/wp\/v2\/posts\/29839","targetHints":{"allow":["GET"]}}],"collection":[{"href":"https:\/\/www.evropskakuca.me\/me\/wp-json\/wp\/v2\/posts"}],"about":[{"href":"https:\/\/www.evropskakuca.me\/me\/wp-json\/wp\/v2\/types\/post"}],"author":[{"embeddable":true,"href":"https:\/\/www.evropskakuca.me\/me\/wp-json\/wp\/v2\/users\/1"}],"replies":[{"embeddable":true,"href":"https:\/\/www.evropskakuca.me\/me\/wp-json\/wp\/v2\/comments?post=29839"}],"version-history":[{"count":2,"href":"https:\/\/www.evropskakuca.me\/me\/wp-json\/wp\/v2\/posts\/29839\/revisions"}],"predecessor-version":[{"id":42403,"href":"https:\/\/www.evropskakuca.me\/me\/wp-json\/wp\/v2\/posts\/29839\/revisions\/42403"}],"wp:featuredmedia":[{"embeddable":true,"href":"https:\/\/www.evropskakuca.me\/me\/wp-json\/wp\/v2\/media\/42378"}],"wp:attachment":[{"href":"https:\/\/www.evropskakuca.me\/me\/wp-json\/wp\/v2\/media?parent=29839"}],"wp:term":[{"taxonomy":"category","embeddable":true,"href":"https:\/\/www.evropskakuca.me\/me\/wp-json\/wp\/v2\/categories?post=29839"},{"taxonomy":"post_tag","embeddable":true,"href":"https:\/\/www.evropskakuca.me\/me\/wp-json\/wp\/v2\/tags?post=29839"}],"curies":[{"name":"wp","href":"https:\/\/api.w.org\/{rel}","templated":true}]}}