{"id":29829,"date":"2024-05-14T10:52:52","date_gmt":"2024-05-14T10:52:52","guid":{"rendered":"https:\/\/evropskakuca.me\/?p=29829"},"modified":"2025-01-20T13:00:23","modified_gmt":"2025-01-20T13:00:23","slug":"biciklistickom-voznjom-niksickim-ulicama-proslavljen-dan-evrope","status":"publish","type":"post","link":"https:\/\/www.evropskakuca.me\/me\/biciklistickom-voznjom-niksickim-ulicama-proslavljen-dan-evrope\/","title":{"rendered":"Nik\u0161i\u0107: Biciklisti\u010dkom vo\u017enjom proslavljen Dan Evrope"},"content":{"rendered":"<p>Biciklisti\u010dkom vo\u017enjom ulicama Nik\u0161i\u0107a, u okviru Evropskog \u0111ira, proslavljen je Dan Evrope. Doga\u0111aj su organizovali Op\u0161tina Nik\u0161i\u0107, Ministarstvo evropskih poslova i NVO Biciklo.me, uz podrsku Delegacije EU, a u sklopu EU4ME programa.<\/p>\n<p>Oko 100 ljudi svih uzrasta i mogu\u0107nosti napravilo je krug ulicama grada pod Trebjesom u cilju promocije odr\u017eivih i ekolo\u0161kih vidova prevoza.<\/p>\n<p><img fetchpriority=\"high\" decoding=\"async\" class=\"aligncenter size-full wp-image-29832\" src=\"https:\/\/evropskakuca.me\/wp-content\/uploads\/2024\/05\/NK-3-768x514-1.jpg\" alt=\"\" width=\"768\" height=\"514\" \/><\/p>\n<p>Predstavnik NVO Biciklo. me Stefan Bulatovi\u0107 je kazao da \u0107e vo\u017enja ulicama Nik\u0161i\u0107a biti duga 5 kilometara i da je to na\u010din na koji taj grad i Crna Gora pokazuju privr\u017eenost evropskim vrijednostima i standardima, posebno u oblasti ekologije i odr\u017eivosti.<\/p>\n<p>\u201eNadam se da \u0107e gra\u0111ani Nik\u0161i\u0107a u\u017eivati u ulicama koje su druga\u010dije nego ina\u010de. Navikli smo na ulice prepune automobila, a sada \u0107e biti prepune bicikala. \u017delimo da poka\u017eemo Nik\u0161i\u0107anima i cijeloj Crnoj Gori da biciko jeste prevozno sredstvo i da na\u0161i gra\u0111ani treba da budu prilago\u0111eni za upotrebu bicikla za sve uzraste, bez obzira na godine, mogu\u0107nosti i sli\u010dno. Biciklo je odr\u017eivo i ekolo\u0161ko prevozno sredtsvo\u00a0 i upravo je to ono \u0161to \u010dini evropske vrijednosti\u201c, kazao je Bulatovi\u0107.<\/p>\n<p><img decoding=\"async\" class=\"aligncenter size-full wp-image-29834\" src=\"https:\/\/evropskakuca.me\/wp-content\/uploads\/2024\/05\/NK-2-768x514-1.jpg\" alt=\"\" width=\"768\" height=\"514\" \/><\/p>\n<p>Savjetnik predsjednika Op\u0161tine Vojin Strikovi\u0107 ukazao na va\u017enost razvoja, promovisanja i upra\u017enjavanja zdravih stilova \u017eivota na putu ka \u010dlanstvu u EU.\u00a0 Istakao je da Op\u0161tina Nik\u0161i\u0107, u saradnji sa partnerima iz Vlade, prvenstveno, Ministarstvom evropskih poslova i Delegacijom EU, koja je izme\u0111u ostalog i sponzor ovakvih aktivnosti, promovi\u0161e one momente i elemente koje nazivamo evropskim vrijednostima.<\/p>\n<p><img decoding=\"async\" class=\"aligncenter size-full wp-image-29836\" src=\"https:\/\/evropskakuca.me\/wp-content\/uploads\/2024\/05\/NK-1-768x514-1.jpg\" alt=\"\" width=\"768\" height=\"514\" \/><\/p>\n<p>\u201eMo\u017eda i najzna\u010dajnija evropska vrijednost o kojoj bismo trebali da razmi\u0161ljamo i da anga\u017eujemo sve svoje snage da ih na pravi na\u010din promovi\u0161emo jesteono \u0161to nazivamo zelenom agendom. To je bavljenje svim onim aktivnostima koje \u0107e doprinositi da na\u0161a okolina i na\u0161a sredina u kojoj \u017eivimo bude \u010distija da ona zapravo dobija onaj izgled i one obrise koje mi pri\u017eeljkujemo ako \u017eelimo da ostavimo zadravu sredinu budu\u0107im generacijama\u201c, poru\u010dio je Stirkovi\u0107.<\/p>\n","protected":false},"excerpt":{"rendered":"<p>Biciklisti\u010dkom vo\u017enjom ulicama Nik\u0161i\u0107a, u okviru Evropskog \u0111ira, proslavljen je Dan Evrope. Doga\u0111aj su organizovali Op\u0161tina Nik\u0161i\u0107, Ministarstvo evropskih poslova i NVO Biciklo.me, uz podrsku Delegacije EU, a u sklopu EU4ME programa. Oko 100 ljudi svih uzrasta i mogu\u0107nosti napravilo je krug ulicama grada pod Trebjesom u cilju promocije odr\u017eivih i ekolo\u0161kih vidova prevoza. Predstavnik [&hellip;]<\/p>\n","protected":false},"author":1,"featured_media":42385,"comment_status":"closed","ping_status":"closed","sticky":false,"template":"","format":"standard","meta":{"_acf_changed":false,"footnotes":""},"categories":[2],"tags":[],"class_list":["post-29829","post","type-post","status-publish","format-standard","has-post-thumbnail","hentry","category-uncategorized-me"],"acf":[],"yoast_head":"<!-- This site is optimized with the Yoast SEO plugin v27.3 - https:\/\/yoast.com\/product\/yoast-seo-wordpress\/ -->\n<title>Nik\u0161i\u0107: Biciklisti\u010dkom vo\u017enjom proslavljen Dan Evrope - Europe House<\/title>\n<meta name=\"robots\" content=\"index, follow, max-snippet:-1, max-image-preview:large, max-video-preview:-1\" \/>\n<link rel=\"canonical\" href=\"https:\/\/www.evropskakuca.me\/me\/biciklistickom-voznjom-niksickim-ulicama-proslavljen-dan-evrope\/\" \/>\n<meta property=\"og:locale\" content=\"en_US\" \/>\n<meta property=\"og:type\" content=\"article\" \/>\n<meta property=\"og:title\" content=\"Nik\u0161i\u0107: Biciklisti\u010dkom vo\u017enjom proslavljen Dan Evrope - Europe House\" \/>\n<meta property=\"og:description\" content=\"Biciklisti\u010dkom vo\u017enjom ulicama Nik\u0161i\u0107a, u okviru Evropskog \u0111ira, proslavljen je Dan Evrope. Doga\u0111aj su organizovali Op\u0161tina Nik\u0161i\u0107, Ministarstvo evropskih poslova i NVO Biciklo.me, uz podrsku Delegacije EU, a u sklopu EU4ME programa. Oko 100 ljudi svih uzrasta i mogu\u0107nosti napravilo je krug ulicama grada pod Trebjesom u cilju promocije odr\u017eivih i ekolo\u0161kih vidova prevoza. Predstavnik [&hellip;]\" \/>\n<meta property=\"og:url\" content=\"https:\/\/www.evropskakuca.me\/me\/biciklistickom-voznjom-niksickim-ulicama-proslavljen-dan-evrope\/\" \/>\n<meta property=\"og:site_name\" content=\"Europe House\" \/>\n<meta property=\"article:publisher\" content=\"https:\/\/www.facebook.com\/evropska.kuca\" \/>\n<meta property=\"article:published_time\" content=\"2024-05-14T10:52:52+00:00\" \/>\n<meta property=\"article:modified_time\" content=\"2025-01-20T13:00:23+00:00\" \/>\n<meta property=\"og:image\" content=\"https:\/\/www.evropskakuca.me\/wp-content\/uploads\/2024\/05\/NK-2-768x514-2.jpg\" \/>\n\t<meta property=\"og:image:width\" content=\"768\" \/>\n\t<meta property=\"og:image:height\" content=\"514\" \/>\n\t<meta property=\"og:image:type\" content=\"image\/jpeg\" \/>\n<meta name=\"author\" content=\"mkajic\" \/>\n<meta name=\"twitter:card\" content=\"summary_large_image\" \/>\n<meta name=\"twitter:creator\" content=\"@evropska_kuca\" \/>\n<meta name=\"twitter:site\" content=\"@evropska_kuca\" \/>\n<meta name=\"twitter:label1\" content=\"Written by\" \/>\n\t<meta name=\"twitter:data1\" content=\"mkajic\" \/>\n\t<meta name=\"twitter:label2\" content=\"Est. reading time\" \/>\n\t<meta name=\"twitter:data2\" content=\"3 minutes\" \/>\n<script type=\"application\/ld+json\" class=\"yoast-schema-graph\">{\"@context\":\"https:\\\/\\\/schema.org\",\"@graph\":[{\"@type\":\"Article\",\"@id\":\"https:\\\/\\\/www.evropskakuca.me\\\/me\\\/biciklistickom-voznjom-niksickim-ulicama-proslavljen-dan-evrope\\\/#article\",\"isPartOf\":{\"@id\":\"https:\\\/\\\/www.evropskakuca.me\\\/me\\\/biciklistickom-voznjom-niksickim-ulicama-proslavljen-dan-evrope\\\/\"},\"author\":{\"name\":\"mkajic\",\"@id\":\"https:\\\/\\\/www.evropskakuca.me\\\/me\\\/#\\\/schema\\\/person\\\/a1d0dcdaefe4a1cd1d60d200ea137ba4\"},\"headline\":\"Nik\u0161i\u0107: Biciklisti\u010dkom vo\u017enjom proslavljen Dan Evrope\",\"datePublished\":\"2024-05-14T10:52:52+00:00\",\"dateModified\":\"2025-01-20T13:00:23+00:00\",\"mainEntityOfPage\":{\"@id\":\"https:\\\/\\\/www.evropskakuca.me\\\/me\\\/biciklistickom-voznjom-niksickim-ulicama-proslavljen-dan-evrope\\\/\"},\"wordCount\":360,\"publisher\":{\"@id\":\"https:\\\/\\\/www.evropskakuca.me\\\/me\\\/#organization\"},\"image\":{\"@id\":\"https:\\\/\\\/www.evropskakuca.me\\\/me\\\/biciklistickom-voznjom-niksickim-ulicama-proslavljen-dan-evrope\\\/#primaryimage\"},\"thumbnailUrl\":\"https:\\\/\\\/www.evropskakuca.me\\\/wp-content\\\/uploads\\\/2024\\\/05\\\/NK-2-768x514-2.jpg\",\"articleSection\":[\"Uncategorized @me\"],\"inLanguage\":\"me-ME\"},{\"@type\":\"WebPage\",\"@id\":\"https:\\\/\\\/www.evropskakuca.me\\\/me\\\/biciklistickom-voznjom-niksickim-ulicama-proslavljen-dan-evrope\\\/\",\"url\":\"https:\\\/\\\/www.evropskakuca.me\\\/me\\\/biciklistickom-voznjom-niksickim-ulicama-proslavljen-dan-evrope\\\/\",\"name\":\"Nik\u0161i\u0107: Biciklisti\u010dkom vo\u017enjom proslavljen Dan Evrope - Europe House\",\"isPartOf\":{\"@id\":\"https:\\\/\\\/www.evropskakuca.me\\\/me\\\/#website\"},\"primaryImageOfPage\":{\"@id\":\"https:\\\/\\\/www.evropskakuca.me\\\/me\\\/biciklistickom-voznjom-niksickim-ulicama-proslavljen-dan-evrope\\\/#primaryimage\"},\"image\":{\"@id\":\"https:\\\/\\\/www.evropskakuca.me\\\/me\\\/biciklistickom-voznjom-niksickim-ulicama-proslavljen-dan-evrope\\\/#primaryimage\"},\"thumbnailUrl\":\"https:\\\/\\\/www.evropskakuca.me\\\/wp-content\\\/uploads\\\/2024\\\/05\\\/NK-2-768x514-2.jpg\",\"datePublished\":\"2024-05-14T10:52:52+00:00\",\"dateModified\":\"2025-01-20T13:00:23+00:00\",\"breadcrumb\":{\"@id\":\"https:\\\/\\\/www.evropskakuca.me\\\/me\\\/biciklistickom-voznjom-niksickim-ulicama-proslavljen-dan-evrope\\\/#breadcrumb\"},\"inLanguage\":\"me-ME\",\"potentialAction\":[{\"@type\":\"ReadAction\",\"target\":[\"https:\\\/\\\/www.evropskakuca.me\\\/me\\\/biciklistickom-voznjom-niksickim-ulicama-proslavljen-dan-evrope\\\/\"]}]},{\"@type\":\"ImageObject\",\"inLanguage\":\"me-ME\",\"@id\":\"https:\\\/\\\/www.evropskakuca.me\\\/me\\\/biciklistickom-voznjom-niksickim-ulicama-proslavljen-dan-evrope\\\/#primaryimage\",\"url\":\"https:\\\/\\\/www.evropskakuca.me\\\/wp-content\\\/uploads\\\/2024\\\/05\\\/NK-2-768x514-2.jpg\",\"contentUrl\":\"https:\\\/\\\/www.evropskakuca.me\\\/wp-content\\\/uploads\\\/2024\\\/05\\\/NK-2-768x514-2.jpg\",\"width\":768,\"height\":514},{\"@type\":\"BreadcrumbList\",\"@id\":\"https:\\\/\\\/www.evropskakuca.me\\\/me\\\/biciklistickom-voznjom-niksickim-ulicama-proslavljen-dan-evrope\\\/#breadcrumb\",\"itemListElement\":[{\"@type\":\"ListItem\",\"position\":1,\"name\":\"Home\",\"item\":\"https:\\\/\\\/www.evropskakuca.me\\\/me\\\/\"},{\"@type\":\"ListItem\",\"position\":2,\"name\":\"Nik\u0161i\u0107: Biciklisti\u010dkom vo\u017enjom proslavljen Dan Evrope\"}]},{\"@type\":\"WebSite\",\"@id\":\"https:\\\/\\\/www.evropskakuca.me\\\/me\\\/#website\",\"url\":\"https:\\\/\\\/www.evropskakuca.me\\\/me\\\/\",\"name\":\"Evropean house\",\"description\":\"\",\"publisher\":{\"@id\":\"https:\\\/\\\/www.evropskakuca.me\\\/me\\\/#organization\"},\"potentialAction\":[{\"@type\":\"SearchAction\",\"target\":{\"@type\":\"EntryPoint\",\"urlTemplate\":\"https:\\\/\\\/www.evropskakuca.me\\\/me\\\/?s={search_term_string}\"},\"query-input\":{\"@type\":\"PropertyValueSpecification\",\"valueRequired\":true,\"valueName\":\"search_term_string\"}}],\"inLanguage\":\"me-ME\"},{\"@type\":\"Organization\",\"@id\":\"https:\\\/\\\/www.evropskakuca.me\\\/me\\\/#organization\",\"name\":\"Evropean house\",\"url\":\"https:\\\/\\\/www.evropskakuca.me\\\/me\\\/\",\"logo\":{\"@type\":\"ImageObject\",\"inLanguage\":\"me-ME\",\"@id\":\"https:\\\/\\\/www.evropskakuca.me\\\/me\\\/#\\\/schema\\\/logo\\\/image\\\/\",\"url\":\"https:\\\/\\\/www.evropskakuca.me\\\/wp-content\\\/uploads\\\/2025\\\/01\\\/evropska-kuca-logo-1.png\",\"contentUrl\":\"https:\\\/\\\/www.evropskakuca.me\\\/wp-content\\\/uploads\\\/2025\\\/01\\\/evropska-kuca-logo-1.png\",\"width\":425,\"height\":312,\"caption\":\"Evropean house\"},\"image\":{\"@id\":\"https:\\\/\\\/www.evropskakuca.me\\\/me\\\/#\\\/schema\\\/logo\\\/image\\\/\"},\"sameAs\":[\"https:\\\/\\\/www.facebook.com\\\/evropska.kuca\",\"https:\\\/\\\/x.com\\\/evropska_kuca\",\"https:\\\/\\\/www.instagram.com\\\/evropska_kuca\"]},{\"@type\":\"Person\",\"@id\":\"https:\\\/\\\/www.evropskakuca.me\\\/me\\\/#\\\/schema\\\/person\\\/a1d0dcdaefe4a1cd1d60d200ea137ba4\",\"name\":\"mkajic\",\"image\":{\"@type\":\"ImageObject\",\"inLanguage\":\"me-ME\",\"@id\":\"https:\\\/\\\/secure.gravatar.com\\\/avatar\\\/731fa035cefab7316e6bafd1f25a93fb731a07de14e2d9923f8db4422628eabc?s=96&d=mm&r=g\",\"url\":\"https:\\\/\\\/secure.gravatar.com\\\/avatar\\\/731fa035cefab7316e6bafd1f25a93fb731a07de14e2d9923f8db4422628eabc?s=96&d=mm&r=g\",\"contentUrl\":\"https:\\\/\\\/secure.gravatar.com\\\/avatar\\\/731fa035cefab7316e6bafd1f25a93fb731a07de14e2d9923f8db4422628eabc?s=96&d=mm&r=g\",\"caption\":\"mkajic\"},\"sameAs\":[\"https:\\\/\\\/evropskakuca.me\"],\"url\":\"https:\\\/\\\/www.evropskakuca.me\\\/me\\\/author\\\/mkajic\\\/\"}]}<\/script>\n<!-- \/ Yoast SEO plugin. -->","yoast_head_json":{"title":"Nik\u0161i\u0107: Biciklisti\u010dkom vo\u017enjom proslavljen Dan Evrope - Europe House","robots":{"index":"index","follow":"follow","max-snippet":"max-snippet:-1","max-image-preview":"max-image-preview:large","max-video-preview":"max-video-preview:-1"},"canonical":"https:\/\/www.evropskakuca.me\/me\/biciklistickom-voznjom-niksickim-ulicama-proslavljen-dan-evrope\/","og_locale":"en_US","og_type":"article","og_title":"Nik\u0161i\u0107: Biciklisti\u010dkom vo\u017enjom proslavljen Dan Evrope - Europe House","og_description":"Biciklisti\u010dkom vo\u017enjom ulicama Nik\u0161i\u0107a, u okviru Evropskog \u0111ira, proslavljen je Dan Evrope. Doga\u0111aj su organizovali Op\u0161tina Nik\u0161i\u0107, Ministarstvo evropskih poslova i NVO Biciklo.me, uz podrsku Delegacije EU, a u sklopu EU4ME programa. Oko 100 ljudi svih uzrasta i mogu\u0107nosti napravilo je krug ulicama grada pod Trebjesom u cilju promocije odr\u017eivih i ekolo\u0161kih vidova prevoza. Predstavnik [&hellip;]","og_url":"https:\/\/www.evropskakuca.me\/me\/biciklistickom-voznjom-niksickim-ulicama-proslavljen-dan-evrope\/","og_site_name":"Europe House","article_publisher":"https:\/\/www.facebook.com\/evropska.kuca","article_published_time":"2024-05-14T10:52:52+00:00","article_modified_time":"2025-01-20T13:00:23+00:00","og_image":[{"width":768,"height":514,"url":"https:\/\/www.evropskakuca.me\/wp-content\/uploads\/2024\/05\/NK-2-768x514-2.jpg","type":"image\/jpeg"}],"author":"mkajic","twitter_card":"summary_large_image","twitter_creator":"@evropska_kuca","twitter_site":"@evropska_kuca","twitter_misc":{"Written by":"mkajic","Est. reading time":"3 minutes"},"schema":{"@context":"https:\/\/schema.org","@graph":[{"@type":"Article","@id":"https:\/\/www.evropskakuca.me\/me\/biciklistickom-voznjom-niksickim-ulicama-proslavljen-dan-evrope\/#article","isPartOf":{"@id":"https:\/\/www.evropskakuca.me\/me\/biciklistickom-voznjom-niksickim-ulicama-proslavljen-dan-evrope\/"},"author":{"name":"mkajic","@id":"https:\/\/www.evropskakuca.me\/me\/#\/schema\/person\/a1d0dcdaefe4a1cd1d60d200ea137ba4"},"headline":"Nik\u0161i\u0107: Biciklisti\u010dkom vo\u017enjom proslavljen Dan Evrope","datePublished":"2024-05-14T10:52:52+00:00","dateModified":"2025-01-20T13:00:23+00:00","mainEntityOfPage":{"@id":"https:\/\/www.evropskakuca.me\/me\/biciklistickom-voznjom-niksickim-ulicama-proslavljen-dan-evrope\/"},"wordCount":360,"publisher":{"@id":"https:\/\/www.evropskakuca.me\/me\/#organization"},"image":{"@id":"https:\/\/www.evropskakuca.me\/me\/biciklistickom-voznjom-niksickim-ulicama-proslavljen-dan-evrope\/#primaryimage"},"thumbnailUrl":"https:\/\/www.evropskakuca.me\/wp-content\/uploads\/2024\/05\/NK-2-768x514-2.jpg","articleSection":["Uncategorized @me"],"inLanguage":"me-ME"},{"@type":"WebPage","@id":"https:\/\/www.evropskakuca.me\/me\/biciklistickom-voznjom-niksickim-ulicama-proslavljen-dan-evrope\/","url":"https:\/\/www.evropskakuca.me\/me\/biciklistickom-voznjom-niksickim-ulicama-proslavljen-dan-evrope\/","name":"Nik\u0161i\u0107: Biciklisti\u010dkom vo\u017enjom proslavljen Dan Evrope - Europe House","isPartOf":{"@id":"https:\/\/www.evropskakuca.me\/me\/#website"},"primaryImageOfPage":{"@id":"https:\/\/www.evropskakuca.me\/me\/biciklistickom-voznjom-niksickim-ulicama-proslavljen-dan-evrope\/#primaryimage"},"image":{"@id":"https:\/\/www.evropskakuca.me\/me\/biciklistickom-voznjom-niksickim-ulicama-proslavljen-dan-evrope\/#primaryimage"},"thumbnailUrl":"https:\/\/www.evropskakuca.me\/wp-content\/uploads\/2024\/05\/NK-2-768x514-2.jpg","datePublished":"2024-05-14T10:52:52+00:00","dateModified":"2025-01-20T13:00:23+00:00","breadcrumb":{"@id":"https:\/\/www.evropskakuca.me\/me\/biciklistickom-voznjom-niksickim-ulicama-proslavljen-dan-evrope\/#breadcrumb"},"inLanguage":"me-ME","potentialAction":[{"@type":"ReadAction","target":["https:\/\/www.evropskakuca.me\/me\/biciklistickom-voznjom-niksickim-ulicama-proslavljen-dan-evrope\/"]}]},{"@type":"ImageObject","inLanguage":"me-ME","@id":"https:\/\/www.evropskakuca.me\/me\/biciklistickom-voznjom-niksickim-ulicama-proslavljen-dan-evrope\/#primaryimage","url":"https:\/\/www.evropskakuca.me\/wp-content\/uploads\/2024\/05\/NK-2-768x514-2.jpg","contentUrl":"https:\/\/www.evropskakuca.me\/wp-content\/uploads\/2024\/05\/NK-2-768x514-2.jpg","width":768,"height":514},{"@type":"BreadcrumbList","@id":"https:\/\/www.evropskakuca.me\/me\/biciklistickom-voznjom-niksickim-ulicama-proslavljen-dan-evrope\/#breadcrumb","itemListElement":[{"@type":"ListItem","position":1,"name":"Home","item":"https:\/\/www.evropskakuca.me\/me\/"},{"@type":"ListItem","position":2,"name":"Nik\u0161i\u0107: Biciklisti\u010dkom vo\u017enjom proslavljen Dan Evrope"}]},{"@type":"WebSite","@id":"https:\/\/www.evropskakuca.me\/me\/#website","url":"https:\/\/www.evropskakuca.me\/me\/","name":"Evropean house","description":"","publisher":{"@id":"https:\/\/www.evropskakuca.me\/me\/#organization"},"potentialAction":[{"@type":"SearchAction","target":{"@type":"EntryPoint","urlTemplate":"https:\/\/www.evropskakuca.me\/me\/?s={search_term_string}"},"query-input":{"@type":"PropertyValueSpecification","valueRequired":true,"valueName":"search_term_string"}}],"inLanguage":"me-ME"},{"@type":"Organization","@id":"https:\/\/www.evropskakuca.me\/me\/#organization","name":"Evropean house","url":"https:\/\/www.evropskakuca.me\/me\/","logo":{"@type":"ImageObject","inLanguage":"me-ME","@id":"https:\/\/www.evropskakuca.me\/me\/#\/schema\/logo\/image\/","url":"https:\/\/www.evropskakuca.me\/wp-content\/uploads\/2025\/01\/evropska-kuca-logo-1.png","contentUrl":"https:\/\/www.evropskakuca.me\/wp-content\/uploads\/2025\/01\/evropska-kuca-logo-1.png","width":425,"height":312,"caption":"Evropean house"},"image":{"@id":"https:\/\/www.evropskakuca.me\/me\/#\/schema\/logo\/image\/"},"sameAs":["https:\/\/www.facebook.com\/evropska.kuca","https:\/\/x.com\/evropska_kuca","https:\/\/www.instagram.com\/evropska_kuca"]},{"@type":"Person","@id":"https:\/\/www.evropskakuca.me\/me\/#\/schema\/person\/a1d0dcdaefe4a1cd1d60d200ea137ba4","name":"mkajic","image":{"@type":"ImageObject","inLanguage":"me-ME","@id":"https:\/\/secure.gravatar.com\/avatar\/731fa035cefab7316e6bafd1f25a93fb731a07de14e2d9923f8db4422628eabc?s=96&d=mm&r=g","url":"https:\/\/secure.gravatar.com\/avatar\/731fa035cefab7316e6bafd1f25a93fb731a07de14e2d9923f8db4422628eabc?s=96&d=mm&r=g","contentUrl":"https:\/\/secure.gravatar.com\/avatar\/731fa035cefab7316e6bafd1f25a93fb731a07de14e2d9923f8db4422628eabc?s=96&d=mm&r=g","caption":"mkajic"},"sameAs":["https:\/\/evropskakuca.me"],"url":"https:\/\/www.evropskakuca.me\/me\/author\/mkajic\/"}]}},"_links":{"self":[{"href":"https:\/\/www.evropskakuca.me\/me\/wp-json\/wp\/v2\/posts\/29829","targetHints":{"allow":["GET"]}}],"collection":[{"href":"https:\/\/www.evropskakuca.me\/me\/wp-json\/wp\/v2\/posts"}],"about":[{"href":"https:\/\/www.evropskakuca.me\/me\/wp-json\/wp\/v2\/types\/post"}],"author":[{"embeddable":true,"href":"https:\/\/www.evropskakuca.me\/me\/wp-json\/wp\/v2\/users\/1"}],"replies":[{"embeddable":true,"href":"https:\/\/www.evropskakuca.me\/me\/wp-json\/wp\/v2\/comments?post=29829"}],"version-history":[{"count":1,"href":"https:\/\/www.evropskakuca.me\/me\/wp-json\/wp\/v2\/posts\/29829\/revisions"}],"predecessor-version":[{"id":42402,"href":"https:\/\/www.evropskakuca.me\/me\/wp-json\/wp\/v2\/posts\/29829\/revisions\/42402"}],"wp:featuredmedia":[{"embeddable":true,"href":"https:\/\/www.evropskakuca.me\/me\/wp-json\/wp\/v2\/media\/42385"}],"wp:attachment":[{"href":"https:\/\/www.evropskakuca.me\/me\/wp-json\/wp\/v2\/media?parent=29829"}],"wp:term":[{"taxonomy":"category","embeddable":true,"href":"https:\/\/www.evropskakuca.me\/me\/wp-json\/wp\/v2\/categories?post=29829"},{"taxonomy":"post_tag","embeddable":true,"href":"https:\/\/www.evropskakuca.me\/me\/wp-json\/wp\/v2\/tags?post=29829"}],"curies":[{"name":"wp","href":"https:\/\/api.w.org\/{rel}","templated":true}]}}