{"id":29815,"date":"2024-05-14T10:45:24","date_gmt":"2024-05-14T10:45:24","guid":{"rendered":"https:\/\/evropskakuca.me\/?p=29815"},"modified":"2025-01-20T12:33:30","modified_gmt":"2025-01-20T12:33:30","slug":"bozovic-u-kolasinu-mladi-bitni-za-proces-eu-integracije","status":"publish","type":"post","link":"https:\/\/www.evropskakuca.me\/me\/bozovic-u-kolasinu-mladi-bitni-za-proces-eu-integracije\/","title":{"rendered":"Mladi su klju\u010dni za proces EU integracije"},"content":{"rendered":"<p>\u201eMladi ljudi su izuzetno bitni za proces evropske integracije. U Crnoj Gori nam nedostaje znanja o EU i pregovara\u010dkom procesu i bitno je da svi, svakog dana aktivno u\u010dimo i znamo \u0161to vi\u0161e o zna\u010daju ulaska na\u0161e dr\u017eave u EU\u201c, poru\u010dio je dr\u017eavni sekretar u Ministarstvu evropskih poslova\u00a0<strong>Bojan Bo\u017eovi\u0107.<\/strong><\/p>\n<p><img fetchpriority=\"high\" decoding=\"async\" class=\"aligncenter size-full wp-image-29818\" src=\"https:\/\/evropskakuca.me\/wp-content\/uploads\/2024\/05\/FRO_4199-768x512-1.jpg\" alt=\"\" width=\"768\" height=\"512\" \/><\/p>\n<p>On je u\u010destvovao na panel debati \u201eEvropska unija u o\u010dima mladih\u201c, koju je u Kola\u0161inu organizovala NVO Multimedijal Montenegro, u slopu obilje\u017eavanja Dana Evrope, a uz podr\u0161ku Delegacije EU u Crnoj Gori i Ministarstva evropskih poslova.<\/p>\n<p>Na panelu su, osim Bo\u017eovi\u0107a, govorili zamjenik \u0161efice delegacije EU u Crnoj Gori Rikardo Seri i zamjenik ambasadora Njema\u010dke u Crnoj Gori, Ralf Roj\u0161. Tako\u0111e, na panelu je u\u010destvovao i predsjednik Op\u0161tine Kola\u0161in Petko Baki\u0107.<\/p>\n<p><img decoding=\"async\" class=\"aligncenter size-full wp-image-29820\" src=\"https:\/\/evropskakuca.me\/wp-content\/uploads\/2024\/05\/FRO_4167-768x512-2.jpg\" alt=\"\" width=\"768\" height=\"512\" \/><\/p>\n<p>Dravni sekretar Bo\u017eovi\u0107 je kazao da je ovaj vid dijaloga sa mladima neophodan za razmjenu iskustava, znanja i rje\u0161enja. Istako je da je aktivna uklju\u010denost civilnog sektora u proces EU integracije neophodan i jedinstven resurs da se do\u0111e do briljantnih ideja za unapre\u0111enje svih procesa.<\/p>\n<p><img decoding=\"async\" class=\"aligncenter size-full wp-image-29822\" src=\"https:\/\/evropskakuca.me\/wp-content\/uploads\/2024\/05\/FRO_4010-768x512-1.jpg\" alt=\"\" width=\"768\" height=\"512\" \/><\/p>\n<p>\u201eNemamo vremena za gubljenje, moramo da shvatimo da ulazak u EU zna\u010di i pobolj\u0161anje kvaliteta \u017eivota i pove\u0107anje standarda svih gra\u0111ana Crne Gore\u201c, zaklju\u010dio je Bo\u017eovi\u0107.<\/p>\n<p>Na doga\u0111aju su u\u010destvovali mladi ljudi iz Kola\u0161ina, Bijelog Polja, Mojkovca i Berana koji su sa panelistima razmijenili mi\u0161ljenje u vezi sa ulogom mladih u procesu pristupanja EU, koristima za mlade od procesa pristupanja i budu\u0107eg \u010dlanstva, kao i na\u010dina na koji mladi vide pristupanje Crne Gore EU.<\/p>\n\n<p>Nakon panela, na gradskom trgu je organizovana izlo\u017eba fotografija na otvorenom, promotivni informativni pultovi i nagradna igra \u201eEvropa na dlanu\u201c.<\/p>\n","protected":false},"excerpt":{"rendered":"<p>\u201eMladi ljudi su izuzetno bitni za proces evropske integracije. U Crnoj Gori nam nedostaje znanja o EU i pregovara\u010dkom procesu i bitno je da svi, svakog dana aktivno u\u010dimo i znamo \u0161to vi\u0161e o zna\u010daju ulaska na\u0161e dr\u017eave u EU\u201c, poru\u010dio je dr\u017eavni sekretar u Ministarstvu evropskih poslova\u00a0Bojan Bo\u017eovi\u0107. On je u\u010destvovao na panel debati [&hellip;]<\/p>\n","protected":false},"author":1,"featured_media":42387,"comment_status":"closed","ping_status":"closed","sticky":false,"template":"","format":"standard","meta":{"_acf_changed":false,"footnotes":""},"categories":[2],"tags":[],"class_list":["post-29815","post","type-post","status-publish","format-standard","has-post-thumbnail","hentry","category-uncategorized-me"],"acf":[],"yoast_head":"<!-- This site is optimized with the Yoast SEO plugin v27.3 - https:\/\/yoast.com\/product\/yoast-seo-wordpress\/ -->\n<title>Mladi su klju\u010dni za proces EU integracije - Europe House<\/title>\n<meta name=\"robots\" content=\"index, follow, max-snippet:-1, max-image-preview:large, max-video-preview:-1\" \/>\n<link rel=\"canonical\" href=\"https:\/\/www.evropskakuca.me\/me\/bozovic-u-kolasinu-mladi-bitni-za-proces-eu-integracije\/\" \/>\n<meta property=\"og:locale\" content=\"en_US\" \/>\n<meta property=\"og:type\" content=\"article\" \/>\n<meta property=\"og:title\" content=\"Mladi su klju\u010dni za proces EU integracije - Europe House\" \/>\n<meta property=\"og:description\" content=\"\u201eMladi ljudi su izuzetno bitni za proces evropske integracije. U Crnoj Gori nam nedostaje znanja o EU i pregovara\u010dkom procesu i bitno je da svi, svakog dana aktivno u\u010dimo i znamo \u0161to vi\u0161e o zna\u010daju ulaska na\u0161e dr\u017eave u EU\u201c, poru\u010dio je dr\u017eavni sekretar u Ministarstvu evropskih poslova\u00a0Bojan Bo\u017eovi\u0107. On je u\u010destvovao na panel debati [&hellip;]\" \/>\n<meta property=\"og:url\" content=\"https:\/\/www.evropskakuca.me\/me\/bozovic-u-kolasinu-mladi-bitni-za-proces-eu-integracije\/\" \/>\n<meta property=\"og:site_name\" content=\"Europe House\" \/>\n<meta property=\"article:publisher\" content=\"https:\/\/www.facebook.com\/evropska.kuca\" \/>\n<meta property=\"article:published_time\" content=\"2024-05-14T10:45:24+00:00\" \/>\n<meta property=\"article:modified_time\" content=\"2025-01-20T12:33:30+00:00\" \/>\n<meta property=\"og:image\" content=\"https:\/\/www.evropskakuca.me\/wp-content\/uploads\/2024\/05\/FRO_4199-768x512-2.jpg\" \/>\n\t<meta property=\"og:image:width\" content=\"768\" \/>\n\t<meta property=\"og:image:height\" content=\"512\" \/>\n\t<meta property=\"og:image:type\" content=\"image\/jpeg\" \/>\n<meta name=\"author\" content=\"mkajic\" \/>\n<meta name=\"twitter:card\" content=\"summary_large_image\" \/>\n<meta name=\"twitter:creator\" content=\"@evropska_kuca\" \/>\n<meta name=\"twitter:site\" content=\"@evropska_kuca\" \/>\n<meta name=\"twitter:label1\" content=\"Written by\" \/>\n\t<meta name=\"twitter:data1\" content=\"mkajic\" \/>\n\t<meta name=\"twitter:label2\" content=\"Est. reading time\" \/>\n\t<meta name=\"twitter:data2\" content=\"2 minutes\" \/>\n<script type=\"application\/ld+json\" class=\"yoast-schema-graph\">{\"@context\":\"https:\\\/\\\/schema.org\",\"@graph\":[{\"@type\":\"Article\",\"@id\":\"https:\\\/\\\/www.evropskakuca.me\\\/me\\\/bozovic-u-kolasinu-mladi-bitni-za-proces-eu-integracije\\\/#article\",\"isPartOf\":{\"@id\":\"https:\\\/\\\/www.evropskakuca.me\\\/me\\\/bozovic-u-kolasinu-mladi-bitni-za-proces-eu-integracije\\\/\"},\"author\":{\"name\":\"mkajic\",\"@id\":\"https:\\\/\\\/www.evropskakuca.me\\\/me\\\/#\\\/schema\\\/person\\\/a1d0dcdaefe4a1cd1d60d200ea137ba4\"},\"headline\":\"Mladi su klju\u010dni za proces EU integracije\",\"datePublished\":\"2024-05-14T10:45:24+00:00\",\"dateModified\":\"2025-01-20T12:33:30+00:00\",\"mainEntityOfPage\":{\"@id\":\"https:\\\/\\\/www.evropskakuca.me\\\/me\\\/bozovic-u-kolasinu-mladi-bitni-za-proces-eu-integracije\\\/\"},\"wordCount\":312,\"publisher\":{\"@id\":\"https:\\\/\\\/www.evropskakuca.me\\\/me\\\/#organization\"},\"image\":{\"@id\":\"https:\\\/\\\/www.evropskakuca.me\\\/me\\\/bozovic-u-kolasinu-mladi-bitni-za-proces-eu-integracije\\\/#primaryimage\"},\"thumbnailUrl\":\"https:\\\/\\\/www.evropskakuca.me\\\/wp-content\\\/uploads\\\/2024\\\/05\\\/FRO_4199-768x512-2.jpg\",\"articleSection\":[\"Uncategorized @me\"],\"inLanguage\":\"me-ME\"},{\"@type\":\"WebPage\",\"@id\":\"https:\\\/\\\/www.evropskakuca.me\\\/me\\\/bozovic-u-kolasinu-mladi-bitni-za-proces-eu-integracije\\\/\",\"url\":\"https:\\\/\\\/www.evropskakuca.me\\\/me\\\/bozovic-u-kolasinu-mladi-bitni-za-proces-eu-integracije\\\/\",\"name\":\"Mladi su klju\u010dni za proces EU integracije - Europe House\",\"isPartOf\":{\"@id\":\"https:\\\/\\\/www.evropskakuca.me\\\/me\\\/#website\"},\"primaryImageOfPage\":{\"@id\":\"https:\\\/\\\/www.evropskakuca.me\\\/me\\\/bozovic-u-kolasinu-mladi-bitni-za-proces-eu-integracije\\\/#primaryimage\"},\"image\":{\"@id\":\"https:\\\/\\\/www.evropskakuca.me\\\/me\\\/bozovic-u-kolasinu-mladi-bitni-za-proces-eu-integracije\\\/#primaryimage\"},\"thumbnailUrl\":\"https:\\\/\\\/www.evropskakuca.me\\\/wp-content\\\/uploads\\\/2024\\\/05\\\/FRO_4199-768x512-2.jpg\",\"datePublished\":\"2024-05-14T10:45:24+00:00\",\"dateModified\":\"2025-01-20T12:33:30+00:00\",\"breadcrumb\":{\"@id\":\"https:\\\/\\\/www.evropskakuca.me\\\/me\\\/bozovic-u-kolasinu-mladi-bitni-za-proces-eu-integracije\\\/#breadcrumb\"},\"inLanguage\":\"me-ME\",\"potentialAction\":[{\"@type\":\"ReadAction\",\"target\":[\"https:\\\/\\\/www.evropskakuca.me\\\/me\\\/bozovic-u-kolasinu-mladi-bitni-za-proces-eu-integracije\\\/\"]}]},{\"@type\":\"ImageObject\",\"inLanguage\":\"me-ME\",\"@id\":\"https:\\\/\\\/www.evropskakuca.me\\\/me\\\/bozovic-u-kolasinu-mladi-bitni-za-proces-eu-integracije\\\/#primaryimage\",\"url\":\"https:\\\/\\\/www.evropskakuca.me\\\/wp-content\\\/uploads\\\/2024\\\/05\\\/FRO_4199-768x512-2.jpg\",\"contentUrl\":\"https:\\\/\\\/www.evropskakuca.me\\\/wp-content\\\/uploads\\\/2024\\\/05\\\/FRO_4199-768x512-2.jpg\",\"width\":768,\"height\":512},{\"@type\":\"BreadcrumbList\",\"@id\":\"https:\\\/\\\/www.evropskakuca.me\\\/me\\\/bozovic-u-kolasinu-mladi-bitni-za-proces-eu-integracije\\\/#breadcrumb\",\"itemListElement\":[{\"@type\":\"ListItem\",\"position\":1,\"name\":\"Home\",\"item\":\"https:\\\/\\\/www.evropskakuca.me\\\/me\\\/\"},{\"@type\":\"ListItem\",\"position\":2,\"name\":\"Mladi su klju\u010dni za proces EU integracije\"}]},{\"@type\":\"WebSite\",\"@id\":\"https:\\\/\\\/www.evropskakuca.me\\\/me\\\/#website\",\"url\":\"https:\\\/\\\/www.evropskakuca.me\\\/me\\\/\",\"name\":\"Evropean house\",\"description\":\"\",\"publisher\":{\"@id\":\"https:\\\/\\\/www.evropskakuca.me\\\/me\\\/#organization\"},\"potentialAction\":[{\"@type\":\"SearchAction\",\"target\":{\"@type\":\"EntryPoint\",\"urlTemplate\":\"https:\\\/\\\/www.evropskakuca.me\\\/me\\\/?s={search_term_string}\"},\"query-input\":{\"@type\":\"PropertyValueSpecification\",\"valueRequired\":true,\"valueName\":\"search_term_string\"}}],\"inLanguage\":\"me-ME\"},{\"@type\":\"Organization\",\"@id\":\"https:\\\/\\\/www.evropskakuca.me\\\/me\\\/#organization\",\"name\":\"Evropean house\",\"url\":\"https:\\\/\\\/www.evropskakuca.me\\\/me\\\/\",\"logo\":{\"@type\":\"ImageObject\",\"inLanguage\":\"me-ME\",\"@id\":\"https:\\\/\\\/www.evropskakuca.me\\\/me\\\/#\\\/schema\\\/logo\\\/image\\\/\",\"url\":\"https:\\\/\\\/www.evropskakuca.me\\\/wp-content\\\/uploads\\\/2025\\\/01\\\/evropska-kuca-logo-1.png\",\"contentUrl\":\"https:\\\/\\\/www.evropskakuca.me\\\/wp-content\\\/uploads\\\/2025\\\/01\\\/evropska-kuca-logo-1.png\",\"width\":425,\"height\":312,\"caption\":\"Evropean house\"},\"image\":{\"@id\":\"https:\\\/\\\/www.evropskakuca.me\\\/me\\\/#\\\/schema\\\/logo\\\/image\\\/\"},\"sameAs\":[\"https:\\\/\\\/www.facebook.com\\\/evropska.kuca\",\"https:\\\/\\\/x.com\\\/evropska_kuca\",\"https:\\\/\\\/www.instagram.com\\\/evropska_kuca\"]},{\"@type\":\"Person\",\"@id\":\"https:\\\/\\\/www.evropskakuca.me\\\/me\\\/#\\\/schema\\\/person\\\/a1d0dcdaefe4a1cd1d60d200ea137ba4\",\"name\":\"mkajic\",\"image\":{\"@type\":\"ImageObject\",\"inLanguage\":\"me-ME\",\"@id\":\"https:\\\/\\\/secure.gravatar.com\\\/avatar\\\/731fa035cefab7316e6bafd1f25a93fb731a07de14e2d9923f8db4422628eabc?s=96&d=mm&r=g\",\"url\":\"https:\\\/\\\/secure.gravatar.com\\\/avatar\\\/731fa035cefab7316e6bafd1f25a93fb731a07de14e2d9923f8db4422628eabc?s=96&d=mm&r=g\",\"contentUrl\":\"https:\\\/\\\/secure.gravatar.com\\\/avatar\\\/731fa035cefab7316e6bafd1f25a93fb731a07de14e2d9923f8db4422628eabc?s=96&d=mm&r=g\",\"caption\":\"mkajic\"},\"sameAs\":[\"https:\\\/\\\/evropskakuca.me\"],\"url\":\"https:\\\/\\\/www.evropskakuca.me\\\/me\\\/author\\\/mkajic\\\/\"}]}<\/script>\n<!-- \/ Yoast SEO plugin. -->","yoast_head_json":{"title":"Mladi su klju\u010dni za proces EU integracije - Europe House","robots":{"index":"index","follow":"follow","max-snippet":"max-snippet:-1","max-image-preview":"max-image-preview:large","max-video-preview":"max-video-preview:-1"},"canonical":"https:\/\/www.evropskakuca.me\/me\/bozovic-u-kolasinu-mladi-bitni-za-proces-eu-integracije\/","og_locale":"en_US","og_type":"article","og_title":"Mladi su klju\u010dni za proces EU integracije - Europe House","og_description":"\u201eMladi ljudi su izuzetno bitni za proces evropske integracije. U Crnoj Gori nam nedostaje znanja o EU i pregovara\u010dkom procesu i bitno je da svi, svakog dana aktivno u\u010dimo i znamo \u0161to vi\u0161e o zna\u010daju ulaska na\u0161e dr\u017eave u EU\u201c, poru\u010dio je dr\u017eavni sekretar u Ministarstvu evropskih poslova\u00a0Bojan Bo\u017eovi\u0107. On je u\u010destvovao na panel debati [&hellip;]","og_url":"https:\/\/www.evropskakuca.me\/me\/bozovic-u-kolasinu-mladi-bitni-za-proces-eu-integracije\/","og_site_name":"Europe House","article_publisher":"https:\/\/www.facebook.com\/evropska.kuca","article_published_time":"2024-05-14T10:45:24+00:00","article_modified_time":"2025-01-20T12:33:30+00:00","og_image":[{"width":768,"height":512,"url":"https:\/\/www.evropskakuca.me\/wp-content\/uploads\/2024\/05\/FRO_4199-768x512-2.jpg","type":"image\/jpeg"}],"author":"mkajic","twitter_card":"summary_large_image","twitter_creator":"@evropska_kuca","twitter_site":"@evropska_kuca","twitter_misc":{"Written by":"mkajic","Est. reading time":"2 minutes"},"schema":{"@context":"https:\/\/schema.org","@graph":[{"@type":"Article","@id":"https:\/\/www.evropskakuca.me\/me\/bozovic-u-kolasinu-mladi-bitni-za-proces-eu-integracije\/#article","isPartOf":{"@id":"https:\/\/www.evropskakuca.me\/me\/bozovic-u-kolasinu-mladi-bitni-za-proces-eu-integracije\/"},"author":{"name":"mkajic","@id":"https:\/\/www.evropskakuca.me\/me\/#\/schema\/person\/a1d0dcdaefe4a1cd1d60d200ea137ba4"},"headline":"Mladi su klju\u010dni za proces EU integracije","datePublished":"2024-05-14T10:45:24+00:00","dateModified":"2025-01-20T12:33:30+00:00","mainEntityOfPage":{"@id":"https:\/\/www.evropskakuca.me\/me\/bozovic-u-kolasinu-mladi-bitni-za-proces-eu-integracije\/"},"wordCount":312,"publisher":{"@id":"https:\/\/www.evropskakuca.me\/me\/#organization"},"image":{"@id":"https:\/\/www.evropskakuca.me\/me\/bozovic-u-kolasinu-mladi-bitni-za-proces-eu-integracije\/#primaryimage"},"thumbnailUrl":"https:\/\/www.evropskakuca.me\/wp-content\/uploads\/2024\/05\/FRO_4199-768x512-2.jpg","articleSection":["Uncategorized @me"],"inLanguage":"me-ME"},{"@type":"WebPage","@id":"https:\/\/www.evropskakuca.me\/me\/bozovic-u-kolasinu-mladi-bitni-za-proces-eu-integracije\/","url":"https:\/\/www.evropskakuca.me\/me\/bozovic-u-kolasinu-mladi-bitni-za-proces-eu-integracije\/","name":"Mladi su klju\u010dni za proces EU integracije - Europe House","isPartOf":{"@id":"https:\/\/www.evropskakuca.me\/me\/#website"},"primaryImageOfPage":{"@id":"https:\/\/www.evropskakuca.me\/me\/bozovic-u-kolasinu-mladi-bitni-za-proces-eu-integracije\/#primaryimage"},"image":{"@id":"https:\/\/www.evropskakuca.me\/me\/bozovic-u-kolasinu-mladi-bitni-za-proces-eu-integracije\/#primaryimage"},"thumbnailUrl":"https:\/\/www.evropskakuca.me\/wp-content\/uploads\/2024\/05\/FRO_4199-768x512-2.jpg","datePublished":"2024-05-14T10:45:24+00:00","dateModified":"2025-01-20T12:33:30+00:00","breadcrumb":{"@id":"https:\/\/www.evropskakuca.me\/me\/bozovic-u-kolasinu-mladi-bitni-za-proces-eu-integracije\/#breadcrumb"},"inLanguage":"me-ME","potentialAction":[{"@type":"ReadAction","target":["https:\/\/www.evropskakuca.me\/me\/bozovic-u-kolasinu-mladi-bitni-za-proces-eu-integracije\/"]}]},{"@type":"ImageObject","inLanguage":"me-ME","@id":"https:\/\/www.evropskakuca.me\/me\/bozovic-u-kolasinu-mladi-bitni-za-proces-eu-integracije\/#primaryimage","url":"https:\/\/www.evropskakuca.me\/wp-content\/uploads\/2024\/05\/FRO_4199-768x512-2.jpg","contentUrl":"https:\/\/www.evropskakuca.me\/wp-content\/uploads\/2024\/05\/FRO_4199-768x512-2.jpg","width":768,"height":512},{"@type":"BreadcrumbList","@id":"https:\/\/www.evropskakuca.me\/me\/bozovic-u-kolasinu-mladi-bitni-za-proces-eu-integracije\/#breadcrumb","itemListElement":[{"@type":"ListItem","position":1,"name":"Home","item":"https:\/\/www.evropskakuca.me\/me\/"},{"@type":"ListItem","position":2,"name":"Mladi su klju\u010dni za proces EU integracije"}]},{"@type":"WebSite","@id":"https:\/\/www.evropskakuca.me\/me\/#website","url":"https:\/\/www.evropskakuca.me\/me\/","name":"Evropean house","description":"","publisher":{"@id":"https:\/\/www.evropskakuca.me\/me\/#organization"},"potentialAction":[{"@type":"SearchAction","target":{"@type":"EntryPoint","urlTemplate":"https:\/\/www.evropskakuca.me\/me\/?s={search_term_string}"},"query-input":{"@type":"PropertyValueSpecification","valueRequired":true,"valueName":"search_term_string"}}],"inLanguage":"me-ME"},{"@type":"Organization","@id":"https:\/\/www.evropskakuca.me\/me\/#organization","name":"Evropean house","url":"https:\/\/www.evropskakuca.me\/me\/","logo":{"@type":"ImageObject","inLanguage":"me-ME","@id":"https:\/\/www.evropskakuca.me\/me\/#\/schema\/logo\/image\/","url":"https:\/\/www.evropskakuca.me\/wp-content\/uploads\/2025\/01\/evropska-kuca-logo-1.png","contentUrl":"https:\/\/www.evropskakuca.me\/wp-content\/uploads\/2025\/01\/evropska-kuca-logo-1.png","width":425,"height":312,"caption":"Evropean house"},"image":{"@id":"https:\/\/www.evropskakuca.me\/me\/#\/schema\/logo\/image\/"},"sameAs":["https:\/\/www.facebook.com\/evropska.kuca","https:\/\/x.com\/evropska_kuca","https:\/\/www.instagram.com\/evropska_kuca"]},{"@type":"Person","@id":"https:\/\/www.evropskakuca.me\/me\/#\/schema\/person\/a1d0dcdaefe4a1cd1d60d200ea137ba4","name":"mkajic","image":{"@type":"ImageObject","inLanguage":"me-ME","@id":"https:\/\/secure.gravatar.com\/avatar\/731fa035cefab7316e6bafd1f25a93fb731a07de14e2d9923f8db4422628eabc?s=96&d=mm&r=g","url":"https:\/\/secure.gravatar.com\/avatar\/731fa035cefab7316e6bafd1f25a93fb731a07de14e2d9923f8db4422628eabc?s=96&d=mm&r=g","contentUrl":"https:\/\/secure.gravatar.com\/avatar\/731fa035cefab7316e6bafd1f25a93fb731a07de14e2d9923f8db4422628eabc?s=96&d=mm&r=g","caption":"mkajic"},"sameAs":["https:\/\/evropskakuca.me"],"url":"https:\/\/www.evropskakuca.me\/me\/author\/mkajic\/"}]}},"_links":{"self":[{"href":"https:\/\/www.evropskakuca.me\/me\/wp-json\/wp\/v2\/posts\/29815","targetHints":{"allow":["GET"]}}],"collection":[{"href":"https:\/\/www.evropskakuca.me\/me\/wp-json\/wp\/v2\/posts"}],"about":[{"href":"https:\/\/www.evropskakuca.me\/me\/wp-json\/wp\/v2\/types\/post"}],"author":[{"embeddable":true,"href":"https:\/\/www.evropskakuca.me\/me\/wp-json\/wp\/v2\/users\/1"}],"replies":[{"embeddable":true,"href":"https:\/\/www.evropskakuca.me\/me\/wp-json\/wp\/v2\/comments?post=29815"}],"version-history":[{"count":1,"href":"https:\/\/www.evropskakuca.me\/me\/wp-json\/wp\/v2\/posts\/29815\/revisions"}],"predecessor-version":[{"id":42390,"href":"https:\/\/www.evropskakuca.me\/me\/wp-json\/wp\/v2\/posts\/29815\/revisions\/42390"}],"wp:featuredmedia":[{"embeddable":true,"href":"https:\/\/www.evropskakuca.me\/me\/wp-json\/wp\/v2\/media\/42387"}],"wp:attachment":[{"href":"https:\/\/www.evropskakuca.me\/me\/wp-json\/wp\/v2\/media?parent=29815"}],"wp:term":[{"taxonomy":"category","embeddable":true,"href":"https:\/\/www.evropskakuca.me\/me\/wp-json\/wp\/v2\/categories?post=29815"},{"taxonomy":"post_tag","embeddable":true,"href":"https:\/\/www.evropskakuca.me\/me\/wp-json\/wp\/v2\/tags?post=29815"}],"curies":[{"name":"wp","href":"https:\/\/api.w.org\/{rel}","templated":true}]}}